{"id":38283,"date":"2024-04-14T13:48:51","date_gmt":"2024-04-14T13:48:51","guid":{"rendered":"https:\/\/kibrisdakik.com\/index.php\/2024\/04\/14\/yesilcamin-ayseciki-zeynep-degirmencioglunun-son-halini-gorenler-sasirdi\/"},"modified":"2024-04-14T13:48:51","modified_gmt":"2024-04-14T13:48:51","slug":"yesilcamin-ayseciki-zeynep-degirmencioglunun-son-halini-gorenler-sasirdi","status":"publish","type":"post","link":"https:\/\/kibrisdakik.com\/?p=38283","title":{"rendered":"Ye\u015fil\u00e7am\u2019\u0131n &#039;Ay\u015fecik\u2019i Zeynep De\u011firmencio\u011flu&#039;nun son halini g\u00f6renler \u015fa\u015f\u0131rd\u0131"},"content":{"rendered":"<p><\/p>\n<p>Zeynep De\u011firmencio\u011flu, Ye\u015fil\u00e7am&#8217;da bir d\u00f6neme damga vuran Ay\u015fecik karakterine hayat veren isim olmu\u015ftu. De\u011firmencio\u011flu, hen\u00fcz 2 ya\u015f\u0131nda ekranlarda yer almaya ba\u015flam\u0131\u015ft\u0131. \u00dcnl\u00fc isim 20 ya\u015f\u0131na dek pek \u00e7ok farkl\u0131 yap\u0131mda rol ald\u0131. T\u00fcrk sinemas\u0131nda \u00e7ocuk y\u0131ld\u0131zlar\u0131n \u00f6n\u00fcn\u00fc a\u00e7an &#8216;Ay\u015fecik&#8217; karakteri ile g\u00f6n\u00fclleri fetheden Zeynep De\u011fi\u015fmencio\u011flu zirvedeyken b\u0131rakt\u0131\u011f\u0131 oyunculu\u011fa bir daha hi\u00e7 d\u00f6nmedi.<\/p>\n<p><img decoding=\"async\" alt=\"Ye\u015fil\u00e7am\u2019\u0131n 'Ay\u015fecik\u2019i Zeynep De\u011firmencio\u011flu'nu g\u00f6renler tan\u0131yamad\u0131 - Resim: 2\" src=\"https:\/\/img.odatv.com\/rcman\/Cw752h428q95gm\/storage\/files\/images\/2024\/03\/22\/dfxvx-lbvb.jpg\" style=\"height:428px;width:752px\" \/><\/p>\n<p>At\u0131f Y\u0131lmaz&#8217;\u0131n y\u00f6netti\u011fi, Zeynep De\u011firmencio\u011flu&#8217;nun ba\u015frol\u00fcnde yer ald\u0131\u011f\u0131 &#8216;Ay\u015fecik&#8217;, izleyiciden g\u00f6rd\u00fc\u011f\u00fc ilgi \u00fczerine \u00e7ekilen devam filmleriyle 11 y\u0131lda 15 filmlik seri haline getirildi.<\/p>\n<p><img decoding=\"async\" alt=\"Ye\u015fil\u00e7am\u2019\u0131n 'Ay\u015fecik\u2019i Zeynep De\u011firmencio\u011flu'nu g\u00f6renler tan\u0131yamad\u0131 - Resim: 3\" src=\"https:\/\/img.odatv.com\/rcman\/Cw513h624q95gm\/storage\/files\/images\/2024\/03\/22\/gfdsx-rgwx.jpg\" style=\"height:624px;width:513px\" \/><\/p>\n<p>Filmin senaristi Hamdi De\u011firmencio\u011flu&#8217;nun k\u0131z\u0131 olan 1954 do\u011fumlu Zeynep De\u011firmencio\u011flu, d\u00f6nemin \u00fcnl\u00fc futbolcusu Fenerbah\u00e7eli Serkan Acar ile evlendikten sonra kendine bamba\u015fka bir yol \u00e7izdi.<\/p>\n<p><img decoding=\"async\" alt=\"Ye\u015fil\u00e7am\u2019\u0131n 'Ay\u015fecik\u2019i Zeynep De\u011firmencio\u011flu'nu g\u00f6renler tan\u0131yamad\u0131 - Resim: 4\" src=\"https:\/\/img.odatv.com\/rcman\/Cw535h629q95gm\/storage\/files\/images\/2024\/03\/22\/uyfghdc-dpl6.jpg\" style=\"height:629px;width:535px\" \/><\/p>\n<p>\u015eimdilerde \u0130stanbul&#8217;da emlak\u00e7\u0131l\u0131k yapan Zeynep De\u011firmencio\u011flu son hali ile merak konusu oldu.<\/p>\n<p><img decoding=\"async\" alt=\"Ye\u015fil\u00e7am\u2019\u0131n 'Ay\u015fecik\u2019i Zeynep De\u011firmencio\u011flu'nu g\u00f6renler tan\u0131yamad\u0131 - Resim: 5\" src=\"https:\/\/img.odatv.com\/rcman\/Cw429h600q95gm\/storage\/files\/images\/2024\/03\/22\/cfcb-f-knse.jpg\" style=\"height:600px;width:429px\" \/><\/p>\n<p>Zeynep De\u011firmencio\u011flu Ece Saruhan&#8217;a verdi\u011fi bir r\u00f6portajda merak edilenleri yan\u0131tlam\u0131\u015ft\u0131&#8230;<\/p>\n<p><em><strong>-\u00c7ok uzun zamand\u0131r oyunculuk yapm\u0131yorsunuz. Hi\u00e7 \u00f6zlediniz mi setleri, sinemay\u0131?<\/strong><\/em><\/p>\n<p>&#8220;Hi\u00e7 \u00f6zlemedim. Zaten 1.5 ya\u015f\u0131mdan 20&#8217;me kadar setlerdeydim. Oyunculu\u011fa benim b\u0131rakt\u0131\u011f\u0131m ya\u015fta ba\u015flayanlar var&#8230;&#8221;<\/p>\n<p><img decoding=\"async\" alt=\"Ye\u015fil\u00e7am\u2019\u0131n 'Ay\u015fecik\u2019i Zeynep De\u011firmencio\u011flu'nu g\u00f6renler tan\u0131yamad\u0131 - Resim: 6\" src=\"https:\/\/img.odatv.com\/rcman\/Cw752h508q95gm\/storage\/files\/images\/2024\/03\/22\/fgdsxzc-whor.jpg\" style=\"height:508px;width:752px\" \/><\/p>\n<p>&#8220;\u00c7ocuklu\u011fu, gen\u00e7 k\u0131zl\u0131\u011f\u0131 setlerde ge\u00e7mi\u015f biri olarak evlilik hayat\u0131, ev han\u0131ml\u0131\u011f\u0131 ve \u00e7ocuklar \u00e7ok daha cazip geldi zaman\u0131nda bana.&#8221;<\/p>\n<p><img decoding=\"async\" alt=\"Ye\u015fil\u00e7am\u2019\u0131n 'Ay\u015fecik\u2019i Zeynep De\u011firmencio\u011flu'nu g\u00f6renler tan\u0131yamad\u0131 - Resim: 7\" src=\"https:\/\/img.odatv.com\/rcman\/Cw570h569q95gm\/storage\/files\/images\/2024\/03\/22\/ftcbv-daoq.jpg\" style=\"height:569px;width:570px\" \/><\/p>\n<p>&#8220;Sinemay\u0131 b\u0131rakt\u0131\u011f\u0131ma hi\u00e7 pi\u015fman olmad\u0131m. Hi\u00e7 \u00f6zlem duymad\u0131m&#8230;&#8221;<\/p>\n<p><img decoding=\"async\" alt=\"Ye\u015fil\u00e7am\u2019\u0131n 'Ay\u015fecik\u2019i Zeynep De\u011firmencio\u011flu'nu g\u00f6renler tan\u0131yamad\u0131 - Resim: 8\" src=\"https:\/\/img.odatv.com\/rcman\/Cw499h318q95gm\/storage\/files\/images\/2024\/03\/22\/iuyftgd-u3dj.jpg\" style=\"height:318px;width:499px\" \/><\/p>\n<p>&#8220;\u00c7ok iyi i\u015fler yap\u0131ld\u0131\u011f\u0131n\u0131 d\u00fc\u015f\u00fcn\u00fcyorum. \u0130mk\u00e2nlar bizim zaman\u0131m\u0131zdakinden \u00e7ok daha fazla tabii&#8230;&#8221;<\/p>\n<p><img decoding=\"async\" alt=\"Ye\u015fil\u00e7am\u2019\u0131n 'Ay\u015fecik\u2019i Zeynep De\u011firmencio\u011flu'nu g\u00f6renler tan\u0131yamad\u0131 - Resim: 9\" src=\"https:\/\/img.odatv.com\/rcman\/Cw470h626q95gm\/storage\/files\/images\/2024\/03\/22\/tfcvfvc-6lis.jpg\" style=\"height:626px;width:470px\" \/><\/p>\n<p>&#8220;Ama bizim zaman\u0131m\u0131zda da de\u011ferler daha fazla \u00f6n plandayd\u0131. Aile kavram\u0131 \u00f6ndeydi&#8230;&#8221;<\/p>\n<p><img decoding=\"async\" alt=\"Ye\u015fil\u00e7am\u2019\u0131n 'Ay\u015fecik\u2019i Zeynep De\u011firmencio\u011flu'nu g\u00f6renler tan\u0131yamad\u0131 - Resim: 10\" src=\"https:\/\/img.odatv.com\/rcman\/Cw752h414q95gm\/storage\/files\/images\/2024\/03\/22\/iuyyftgfd-osjn.jpg\" style=\"height:414px;width:752px\" \/><\/p>\n<p>&#8220;Toplum olarak baz\u0131 de\u011ferlerimizi kaybediyor gibiyiz. Bu durum beni \u00e7ok \u00fcz\u00fcyor&#8230;&#8221;<\/p>\n<p><img decoding=\"async\" alt=\"Ye\u015fil\u00e7am\u2019\u0131n 'Ay\u015fecik\u2019i Zeynep De\u011firmencio\u011flu'nu g\u00f6renler tan\u0131yamad\u0131 - Resim: 11\" src=\"https:\/\/img.odatv.com\/rcman\/Cw478h631q95gm\/storage\/files\/images\/2024\/03\/22\/ioiuyhg-wqct.jpg\" style=\"height:631px;width:478px\" \/><\/p>\n<p>&#8220;Biz e\u015fimle \u00e7ok b\u00fcy\u00fck bir a\u015fk ya\u015fad\u0131k, ba\u015fl\u0131ca nedeni budur. Bir de insan\u0131n alt yap\u0131s\u0131 \u00e7ok \u00f6nemli. Benim \u00e7ok d\u00fczg\u00fcn bir ailem var. Onlar\u0131n sayesinde sineman\u0131n i\u00e7inde oldu\u011fum d\u00f6nemde bile \u00f6zel hayat\u0131mla d\u0131\u015f\u0131nda durmay\u0131 ba\u015far\u0131yordum. Evlili\u011fim de hep bu d\u00fczende ilerledi&#8230;&#8221;<\/p>\n<p><img decoding=\"async\" alt=\"Ye\u015fil\u00e7am\u2019\u0131n 'Ay\u015fecik\u2019i Zeynep De\u011firmencio\u011flu'nu g\u00f6renler tan\u0131yamad\u0131 - Resim: 12\" src=\"https:\/\/img.odatv.com\/rcman\/Cw550h617q95gm\/storage\/files\/images\/2024\/03\/22\/dghbcfvx-ef8f.jpg\" style=\"height:617px;width:550px\" \/><\/p>\n<p>\u0130\u015fte Ay\u015fecik Zeynep De\u011firmencio\u011flu&#8217;nun son hali&#8230;<\/p>\n<p><img decoding=\"async\" alt=\"Ye\u015fil\u00e7am\u2019\u0131n 'Ay\u015fecik\u2019i Zeynep De\u011firmencio\u011flu'nu g\u00f6renler tan\u0131yamad\u0131 - Resim: 13\" src=\"https:\/\/img.odatv.com\/rcman\/Cw502h460q95gm\/storage\/files\/images\/2024\/03\/22\/oihgjhfd-fsv3.jpg\" style=\"height:460px;width:502px\" \/><\/p>\n<p>\u0130\u015fte Ay\u015fecik Zeynep De\u011firmencio\u011flu&#8217;nun son hali&#8230;<\/p>\n<p><img decoding=\"async\" alt=\"Ye\u015fil\u00e7am\u2019\u0131n 'Ay\u015fecik\u2019i Zeynep De\u011firmencio\u011flu'nu g\u00f6renler tan\u0131yamad\u0131 - Resim: 14\" src=\"https:\/\/img.odatv.com\/rcman\/Cw752h479q95gm\/storage\/files\/images\/2024\/03\/22\/ioiugjyhgfc-wpra.jpg\" style=\"height:479px;width:752px\" \/><\/p>\n<p>\u0130\u015fte Ay\u015fecik Zeynep De\u011firmencio\u011flu&#8217;nun son hali&#8230;<\/p>\n<p><img decoding=\"async\" alt=\"Ye\u015fil\u00e7am\u2019\u0131n 'Ay\u015fecik\u2019i Zeynep De\u011firmencio\u011flu'nu g\u00f6renler tan\u0131yamad\u0131 - Resim: 15\" src=\"https:\/\/img.odatv.com\/rcman\/Cw640h440q95gm\/storage\/files\/images\/2024\/03\/22\/iuyghfgd-avc5.jpg\" style=\"height:440px;width:640px\" \/><\/p>\n","protected":false},"excerpt":{"rendered":"<p>Zeynep De\u011firmencio\u011flu, Ye\u015fil\u00e7am&#8217;da bir d\u00f6neme damga vuran Ay\u015fecik karakterine hayat veren isim olmu\u015ftu. De\u011firmencio\u011flu, hen\u00fcz 2 ya\u015f\u0131nda ekranlarda yer almaya ba\u015flam\u0131\u015ft\u0131. \u00dcnl\u00fc isim 20 ya\u015f\u0131na dek pek \u00e7ok farkl\u0131 yap\u0131mda rol ald\u0131. T\u00fcrk sinemas\u0131nda \u00e7ocuk y\u0131ld\u0131zlar\u0131n \u00f6n\u00fcn\u00fc a\u00e7an &#8216;Ay\u015fecik&#8217; karakteri ile g\u00f6n\u00fclleri fetheden Zeynep De\u011fi\u015fmencio\u011flu zirvedeyken b\u0131rakt\u0131\u011f\u0131 oyunculu\u011fa bir daha hi\u00e7 d\u00f6nmedi. At\u0131f Y\u0131lmaz&#8217;\u0131n y\u00f6netti\u011fi,<\/p>\n","protected":false},"author":1,"featured_media":38284,"comment_status":"open","ping_status":"open","sticky":false,"template":"","format":"standard","meta":{"footnotes":""},"categories":[85],"tags":[],"class_list":["post-38283","post","type-post","status-publish","format-standard","has-post-thumbnail","hentry","category-spor"],"yoast_head":"<!-- This site is optimized with the Yoast SEO plugin v27.4 - https:\/\/yoast.com\/product\/yoast-seo-wordpress\/ -->\n<title>Ye\u015fil\u00e7am\u2019\u0131n &#039;Ay\u015fecik\u2019i Zeynep De\u011firmencio\u011flu&#039;nun son halini g\u00f6renler \u015fa\u015f\u0131rd\u0131 -<\/title>\n<meta name=\"robots\" content=\"index, follow, max-snippet:-1, max-image-preview:large, max-video-preview:-1\" \/>\n<link rel=\"canonical\" href=\"https:\/\/kibrisdakik.com\/?p=38283\" \/>\n<meta property=\"og:locale\" content=\"tr_TR\" \/>\n<meta property=\"og:type\" content=\"article\" \/>\n<meta property=\"og:title\" content=\"Ye\u015fil\u00e7am\u2019\u0131n &#039;Ay\u015fecik\u2019i Zeynep De\u011firmencio\u011flu&#039;nun son halini g\u00f6renler \u015fa\u015f\u0131rd\u0131 -\" \/>\n<meta property=\"og:description\" content=\"Zeynep De\u011firmencio\u011flu, Ye\u015fil\u00e7am&#8217;da bir d\u00f6neme damga vuran Ay\u015fecik karakterine hayat veren isim olmu\u015ftu. De\u011firmencio\u011flu, hen\u00fcz 2 ya\u015f\u0131nda ekranlarda yer almaya ba\u015flam\u0131\u015ft\u0131. \u00dcnl\u00fc isim 20 ya\u015f\u0131na dek pek \u00e7ok farkl\u0131 yap\u0131mda rol ald\u0131. T\u00fcrk sinemas\u0131nda \u00e7ocuk y\u0131ld\u0131zlar\u0131n \u00f6n\u00fcn\u00fc a\u00e7an &#8216;Ay\u015fecik&#8217; karakteri ile g\u00f6n\u00fclleri fetheden Zeynep De\u011fi\u015fmencio\u011flu zirvedeyken b\u0131rakt\u0131\u011f\u0131 oyunculu\u011fa bir daha hi\u00e7 d\u00f6nmedi. At\u0131f Y\u0131lmaz&#8217;\u0131n y\u00f6netti\u011fi,\" \/>\n<meta property=\"og:url\" content=\"https:\/\/kibrisdakik.com\/?p=38283\" \/>\n<meta property=\"article:published_time\" content=\"2024-04-14T13:48:51+00:00\" \/>\n<meta property=\"og:image\" content=\"https:\/\/kibrisdakik.com\/wp-content\/uploads\/2024\/04\/dfxvx-lbvb-740x420.jpg\" \/>\n\t<meta property=\"og:image:width\" content=\"752\" \/>\n\t<meta property=\"og:image:height\" content=\"428\" \/>\n\t<meta property=\"og:image:type\" content=\"image\/jpeg\" \/>\n<meta name=\"author\" content=\"admin\" \/>\n<meta name=\"twitter:card\" content=\"summary_large_image\" \/>\n<meta name=\"twitter:label1\" content=\"Yazan:\" \/>\n\t<meta name=\"twitter:data1\" content=\"admin\" \/>\n\t<meta name=\"twitter:label2\" content=\"Tahmini okuma s\u00fcresi\" \/>\n\t<meta name=\"twitter:data2\" content=\"2 dakika\" \/>\n<script type=\"application\/ld+json\" class=\"yoast-schema-graph\">{\"@context\":\"https:\\\/\\\/schema.org\",\"@graph\":[{\"@type\":\"Article\",\"@id\":\"https:\\\/\\\/kibrisdakik.com\\\/?p=38283#article\",\"isPartOf\":{\"@id\":\"https:\\\/\\\/kibrisdakik.com\\\/?p=38283\"},\"author\":{\"name\":\"admin\",\"@id\":\"https:\\\/\\\/kibrisdakik.com\\\/#\\\/schema\\\/person\\\/9cd9d437bbb44f72b73ba127e06d8e79\"},\"headline\":\"Ye\u015fil\u00e7am\u2019\u0131n &#039;Ay\u015fecik\u2019i Zeynep De\u011firmencio\u011flu&#039;nun son halini g\u00f6renler \u015fa\u015f\u0131rd\u0131\",\"datePublished\":\"2024-04-14T13:48:51+00:00\",\"mainEntityOfPage\":{\"@id\":\"https:\\\/\\\/kibrisdakik.com\\\/?p=38283\"},\"wordCount\":404,\"commentCount\":0,\"image\":{\"@id\":\"https:\\\/\\\/kibrisdakik.com\\\/?p=38283#primaryimage\"},\"thumbnailUrl\":\"https:\\\/\\\/kibrisdakik.com\\\/wp-content\\\/uploads\\\/2024\\\/04\\\/dfxvx-lbvb-740x420.jpg\",\"articleSection\":[\"Spor\"],\"inLanguage\":\"tr\",\"potentialAction\":[{\"@type\":\"CommentAction\",\"name\":\"Comment\",\"target\":[\"https:\\\/\\\/kibrisdakik.com\\\/?p=38283#respond\"]}]},{\"@type\":\"WebPage\",\"@id\":\"https:\\\/\\\/kibrisdakik.com\\\/?p=38283\",\"url\":\"https:\\\/\\\/kibrisdakik.com\\\/?p=38283\",\"name\":\"Ye\u015fil\u00e7am\u2019\u0131n &#039;Ay\u015fecik\u2019i Zeynep De\u011firmencio\u011flu&#039;nun son halini g\u00f6renler \u015fa\u015f\u0131rd\u0131 -\",\"isPartOf\":{\"@id\":\"https:\\\/\\\/kibrisdakik.com\\\/#website\"},\"primaryImageOfPage\":{\"@id\":\"https:\\\/\\\/kibrisdakik.com\\\/?p=38283#primaryimage\"},\"image\":{\"@id\":\"https:\\\/\\\/kibrisdakik.com\\\/?p=38283#primaryimage\"},\"thumbnailUrl\":\"https:\\\/\\\/kibrisdakik.com\\\/wp-content\\\/uploads\\\/2024\\\/04\\\/dfxvx-lbvb-740x420.jpg\",\"datePublished\":\"2024-04-14T13:48:51+00:00\",\"author\":{\"@id\":\"https:\\\/\\\/kibrisdakik.com\\\/#\\\/schema\\\/person\\\/9cd9d437bbb44f72b73ba127e06d8e79\"},\"breadcrumb\":{\"@id\":\"https:\\\/\\\/kibrisdakik.com\\\/?p=38283#breadcrumb\"},\"inLanguage\":\"tr\",\"potentialAction\":[{\"@type\":\"ReadAction\",\"target\":[\"https:\\\/\\\/kibrisdakik.com\\\/?p=38283\"]}]},{\"@type\":\"ImageObject\",\"inLanguage\":\"tr\",\"@id\":\"https:\\\/\\\/kibrisdakik.com\\\/?p=38283#primaryimage\",\"url\":\"https:\\\/\\\/kibrisdakik.com\\\/wp-content\\\/uploads\\\/2024\\\/04\\\/dfxvx-lbvb-740x420.jpg\",\"contentUrl\":\"https:\\\/\\\/kibrisdakik.com\\\/wp-content\\\/uploads\\\/2024\\\/04\\\/dfxvx-lbvb-740x420.jpg\",\"width\":752,\"height\":428},{\"@type\":\"BreadcrumbList\",\"@id\":\"https:\\\/\\\/kibrisdakik.com\\\/?p=38283#breadcrumb\",\"itemListElement\":[{\"@type\":\"ListItem\",\"position\":1,\"name\":\"Home\",\"item\":\"https:\\\/\\\/kibrisdakik.com\\\/\"},{\"@type\":\"ListItem\",\"position\":2,\"name\":\"Ye\u015fil\u00e7am\u2019\u0131n &#039;Ay\u015fecik\u2019i Zeynep De\u011firmencio\u011flu&#039;nun son halini g\u00f6renler \u015fa\u015f\u0131rd\u0131\"}]},{\"@type\":\"WebSite\",\"@id\":\"https:\\\/\\\/kibrisdakik.com\\\/#website\",\"url\":\"https:\\\/\\\/kibrisdakik.com\\\/\",\"name\":\"\",\"description\":\"Tam vaktinde haber\",\"potentialAction\":[{\"@type\":\"SearchAction\",\"target\":{\"@type\":\"EntryPoint\",\"urlTemplate\":\"https:\\\/\\\/kibrisdakik.com\\\/?s={search_term_string}\"},\"query-input\":{\"@type\":\"PropertyValueSpecification\",\"valueRequired\":true,\"valueName\":\"search_term_string\"}}],\"inLanguage\":\"tr\"},{\"@type\":\"Person\",\"@id\":\"https:\\\/\\\/kibrisdakik.com\\\/#\\\/schema\\\/person\\\/9cd9d437bbb44f72b73ba127e06d8e79\",\"name\":\"admin\",\"image\":{\"@type\":\"ImageObject\",\"inLanguage\":\"tr\",\"@id\":\"https:\\\/\\\/secure.gravatar.com\\\/avatar\\\/ccc17943b9d660506c869530f897617f7cb1c21a4bf30023f252596d83e1f007?s=96&d=mm&r=g\",\"url\":\"https:\\\/\\\/secure.gravatar.com\\\/avatar\\\/ccc17943b9d660506c869530f897617f7cb1c21a4bf30023f252596d83e1f007?s=96&d=mm&r=g\",\"contentUrl\":\"https:\\\/\\\/secure.gravatar.com\\\/avatar\\\/ccc17943b9d660506c869530f897617f7cb1c21a4bf30023f252596d83e1f007?s=96&d=mm&r=g\",\"caption\":\"admin\"},\"sameAs\":[\"https:\\\/\\\/kibrisdakik.com\"],\"url\":\"https:\\\/\\\/kibrisdakik.com\\\/?author=1\"}]}<\/script>\n<!-- \/ Yoast SEO plugin. -->","yoast_head_json":{"title":"Ye\u015fil\u00e7am\u2019\u0131n &#039;Ay\u015fecik\u2019i Zeynep De\u011firmencio\u011flu&#039;nun son halini g\u00f6renler \u015fa\u015f\u0131rd\u0131 -","robots":{"index":"index","follow":"follow","max-snippet":"max-snippet:-1","max-image-preview":"max-image-preview:large","max-video-preview":"max-video-preview:-1"},"canonical":"https:\/\/kibrisdakik.com\/?p=38283","og_locale":"tr_TR","og_type":"article","og_title":"Ye\u015fil\u00e7am\u2019\u0131n &#039;Ay\u015fecik\u2019i Zeynep De\u011firmencio\u011flu&#039;nun son halini g\u00f6renler \u015fa\u015f\u0131rd\u0131 -","og_description":"Zeynep De\u011firmencio\u011flu, Ye\u015fil\u00e7am&#8217;da bir d\u00f6neme damga vuran Ay\u015fecik karakterine hayat veren isim olmu\u015ftu. De\u011firmencio\u011flu, hen\u00fcz 2 ya\u015f\u0131nda ekranlarda yer almaya ba\u015flam\u0131\u015ft\u0131. \u00dcnl\u00fc isim 20 ya\u015f\u0131na dek pek \u00e7ok farkl\u0131 yap\u0131mda rol ald\u0131. T\u00fcrk sinemas\u0131nda \u00e7ocuk y\u0131ld\u0131zlar\u0131n \u00f6n\u00fcn\u00fc a\u00e7an &#8216;Ay\u015fecik&#8217; karakteri ile g\u00f6n\u00fclleri fetheden Zeynep De\u011fi\u015fmencio\u011flu zirvedeyken b\u0131rakt\u0131\u011f\u0131 oyunculu\u011fa bir daha hi\u00e7 d\u00f6nmedi. At\u0131f Y\u0131lmaz&#8217;\u0131n y\u00f6netti\u011fi,","og_url":"https:\/\/kibrisdakik.com\/?p=38283","article_published_time":"2024-04-14T13:48:51+00:00","og_image":[{"width":752,"height":428,"url":"https:\/\/kibrisdakik.com\/wp-content\/uploads\/2024\/04\/dfxvx-lbvb-740x420.jpg","type":"image\/jpeg"}],"author":"admin","twitter_card":"summary_large_image","twitter_misc":{"Yazan:":"admin","Tahmini okuma s\u00fcresi":"2 dakika"},"schema":{"@context":"https:\/\/schema.org","@graph":[{"@type":"Article","@id":"https:\/\/kibrisdakik.com\/?p=38283#article","isPartOf":{"@id":"https:\/\/kibrisdakik.com\/?p=38283"},"author":{"name":"admin","@id":"https:\/\/kibrisdakik.com\/#\/schema\/person\/9cd9d437bbb44f72b73ba127e06d8e79"},"headline":"Ye\u015fil\u00e7am\u2019\u0131n &#039;Ay\u015fecik\u2019i Zeynep De\u011firmencio\u011flu&#039;nun son halini g\u00f6renler \u015fa\u015f\u0131rd\u0131","datePublished":"2024-04-14T13:48:51+00:00","mainEntityOfPage":{"@id":"https:\/\/kibrisdakik.com\/?p=38283"},"wordCount":404,"commentCount":0,"image":{"@id":"https:\/\/kibrisdakik.com\/?p=38283#primaryimage"},"thumbnailUrl":"https:\/\/kibrisdakik.com\/wp-content\/uploads\/2024\/04\/dfxvx-lbvb-740x420.jpg","articleSection":["Spor"],"inLanguage":"tr","potentialAction":[{"@type":"CommentAction","name":"Comment","target":["https:\/\/kibrisdakik.com\/?p=38283#respond"]}]},{"@type":"WebPage","@id":"https:\/\/kibrisdakik.com\/?p=38283","url":"https:\/\/kibrisdakik.com\/?p=38283","name":"Ye\u015fil\u00e7am\u2019\u0131n &#039;Ay\u015fecik\u2019i Zeynep De\u011firmencio\u011flu&#039;nun son halini g\u00f6renler \u015fa\u015f\u0131rd\u0131 -","isPartOf":{"@id":"https:\/\/kibrisdakik.com\/#website"},"primaryImageOfPage":{"@id":"https:\/\/kibrisdakik.com\/?p=38283#primaryimage"},"image":{"@id":"https:\/\/kibrisdakik.com\/?p=38283#primaryimage"},"thumbnailUrl":"https:\/\/kibrisdakik.com\/wp-content\/uploads\/2024\/04\/dfxvx-lbvb-740x420.jpg","datePublished":"2024-04-14T13:48:51+00:00","author":{"@id":"https:\/\/kibrisdakik.com\/#\/schema\/person\/9cd9d437bbb44f72b73ba127e06d8e79"},"breadcrumb":{"@id":"https:\/\/kibrisdakik.com\/?p=38283#breadcrumb"},"inLanguage":"tr","potentialAction":[{"@type":"ReadAction","target":["https:\/\/kibrisdakik.com\/?p=38283"]}]},{"@type":"ImageObject","inLanguage":"tr","@id":"https:\/\/kibrisdakik.com\/?p=38283#primaryimage","url":"https:\/\/kibrisdakik.com\/wp-content\/uploads\/2024\/04\/dfxvx-lbvb-740x420.jpg","contentUrl":"https:\/\/kibrisdakik.com\/wp-content\/uploads\/2024\/04\/dfxvx-lbvb-740x420.jpg","width":752,"height":428},{"@type":"BreadcrumbList","@id":"https:\/\/kibrisdakik.com\/?p=38283#breadcrumb","itemListElement":[{"@type":"ListItem","position":1,"name":"Home","item":"https:\/\/kibrisdakik.com\/"},{"@type":"ListItem","position":2,"name":"Ye\u015fil\u00e7am\u2019\u0131n &#039;Ay\u015fecik\u2019i Zeynep De\u011firmencio\u011flu&#039;nun son halini g\u00f6renler \u015fa\u015f\u0131rd\u0131"}]},{"@type":"WebSite","@id":"https:\/\/kibrisdakik.com\/#website","url":"https:\/\/kibrisdakik.com\/","name":"","description":"Tam vaktinde haber","potentialAction":[{"@type":"SearchAction","target":{"@type":"EntryPoint","urlTemplate":"https:\/\/kibrisdakik.com\/?s={search_term_string}"},"query-input":{"@type":"PropertyValueSpecification","valueRequired":true,"valueName":"search_term_string"}}],"inLanguage":"tr"},{"@type":"Person","@id":"https:\/\/kibrisdakik.com\/#\/schema\/person\/9cd9d437bbb44f72b73ba127e06d8e79","name":"admin","image":{"@type":"ImageObject","inLanguage":"tr","@id":"https:\/\/secure.gravatar.com\/avatar\/ccc17943b9d660506c869530f897617f7cb1c21a4bf30023f252596d83e1f007?s=96&d=mm&r=g","url":"https:\/\/secure.gravatar.com\/avatar\/ccc17943b9d660506c869530f897617f7cb1c21a4bf30023f252596d83e1f007?s=96&d=mm&r=g","contentUrl":"https:\/\/secure.gravatar.com\/avatar\/ccc17943b9d660506c869530f897617f7cb1c21a4bf30023f252596d83e1f007?s=96&d=mm&r=g","caption":"admin"},"sameAs":["https:\/\/kibrisdakik.com"],"url":"https:\/\/kibrisdakik.com\/?author=1"}]}},"_links":{"self":[{"href":"https:\/\/kibrisdakik.com\/index.php?rest_route=\/wp\/v2\/posts\/38283","targetHints":{"allow":["GET"]}}],"collection":[{"href":"https:\/\/kibrisdakik.com\/index.php?rest_route=\/wp\/v2\/posts"}],"about":[{"href":"https:\/\/kibrisdakik.com\/index.php?rest_route=\/wp\/v2\/types\/post"}],"author":[{"embeddable":true,"href":"https:\/\/kibrisdakik.com\/index.php?rest_route=\/wp\/v2\/users\/1"}],"replies":[{"embeddable":true,"href":"https:\/\/kibrisdakik.com\/index.php?rest_route=%2Fwp%2Fv2%2Fcomments&post=38283"}],"version-history":[{"count":0,"href":"https:\/\/kibrisdakik.com\/index.php?rest_route=\/wp\/v2\/posts\/38283\/revisions"}],"wp:featuredmedia":[{"embeddable":true,"href":"https:\/\/kibrisdakik.com\/index.php?rest_route=\/wp\/v2\/media\/38284"}],"wp:attachment":[{"href":"https:\/\/kibrisdakik.com\/index.php?rest_route=%2Fwp%2Fv2%2Fmedia&parent=38283"}],"wp:term":[{"taxonomy":"category","embeddable":true,"href":"https:\/\/kibrisdakik.com\/index.php?rest_route=%2Fwp%2Fv2%2Fcategories&post=38283"},{"taxonomy":"post_tag","embeddable":true,"href":"https:\/\/kibrisdakik.com\/index.php?rest_route=%2Fwp%2Fv2%2Ftags&post=38283"}],"curies":[{"name":"wp","href":"https:\/\/api.w.org\/{rel}","templated":true}]}}