{"id":38301,"date":"2024-04-14T14:53:00","date_gmt":"2024-04-14T14:53:00","guid":{"rendered":"https:\/\/kibrisdakik.com\/index.php\/2024\/04\/14\/kulturumuzu-ve-geleneklerimizi-uretken-yapiyla-surdurup-gelecek-kusaklara-aktarmak-gorevimizdir\/"},"modified":"2024-04-14T14:53:00","modified_gmt":"2024-04-14T14:53:00","slug":"kulturumuzu-ve-geleneklerimizi-uretken-yapiyla-surdurup-gelecek-kusaklara-aktarmak-gorevimizdir","status":"publish","type":"post","link":"https:\/\/kibrisdakik.com\/?p=38301","title":{"rendered":"\u201cK\u00fclt\u00fcr\u00fcm\u00fcz\u00fc ve geleneklerimizi, \u00fcretken yap\u0131yla s\u00fcrd\u00fcr\u00fcp gelecek ku\u015faklara aktarmak g\u00f6revimizdir\u201d"},"content":{"rendered":"<p><img decoding=\"async\" src=\"https:\/\/www.kibristurk.com\/images\/haberler\/2024\/04\/kulturumuzu-ve-geleneklerimizi-uretken-yapiyla-surdurup-gelecek-kusaklara-aktarmak-gorevimizdir-1713106494.webp\" \/><\/p>\n<p style=\"text-align:left\"><span style=\"font-size:16px\"><span style=\"font-family:Merriweather,serif !important\"><span style=\"color:#000000\"><span style=\"background-color:#ffffff\">Cumhurba\u015fkan\u0131 Ersin Tatar, etkinlikte yapt\u0131\u011f\u0131 konu\u015fmada, festivalde bulunmaktan duydu\u011fu memnuniyeti ifade ederek, festivali d\u00fczenleyenleri ve katk\u0131 koyanlar\u0131 tebrik etti.<\/span><\/span><\/span><\/span><\/p>\n<p style=\"text-align:left\">&nbsp;<\/p>\n<p style=\"text-align:left\"><span style=\"font-size:16px\"><span style=\"font-family:Merriweather,serif !important\"><span style=\"color:#000000\"><span style=\"background-color:#ffffff\">Cumhurba\u015fkan\u0131 Tatar, kad\u0131n \u00fcreticilerin yapt\u0131\u011f\u0131 \u00e7al\u0131\u015fmalar\u0131n \u00f6nemine dikkat \u00e7ekerek, k\u00fclt\u00fcre ve manevi de\u011ferlere b\u00fcy\u00fck katk\u0131lar\u0131 oldu\u011funa vurgu yapt\u0131.<\/span><\/span><\/span><\/span><\/p>\n<p style=\"text-align:left\">&nbsp;<\/p>\n<p style=\"text-align:left\"><span style=\"font-size:16px\"><span style=\"font-family:Merriweather,serif !important\"><span style=\"color:#000000\"><span style=\"background-color:#ffffff\">\u201cK\u00fclt\u00fcr\u00fcm\u00fcz\u00fc ve geleneklerimizi, \u00fcretken yap\u0131yla s\u00fcrd\u00fcr\u00fcp gelecek ku\u015faklara aktarmak g\u00f6revimizdir\u201d diyen Cumhurba\u015fkan\u0131 Tatar, \u00fcretenlere refah dolu bir gelecek sunmak i\u00e7in \u00e7al\u0131\u015fman\u0131n ve destek olman\u0131n \u00f6nemine i\u015faret etti.<\/span><\/span><\/span><\/span><\/p>\n<p style=\"text-align:left\">&nbsp;<\/p>\n<p style=\"text-align:left\"><span style=\"font-size:16px\"><span style=\"font-family:Merriweather,serif !important\"><span style=\"color:#000000\"><span style=\"background-color:#ffffff\">Cumhurba\u015fkan\u0131 Tatar, yapt\u0131\u011f\u0131 \u00e7al\u0131\u015fmalardan dolay\u0131 \u00fcreticileri ve \u00fcreticilere destek olan devlet kurumlar\u0131n\u0131 da tebrik etti.<\/span><\/span><\/span><\/span><\/p>\n<p style=\"text-align:left\">&nbsp;<\/p>\n<p style=\"text-align:left\"><span style=\"font-size:16px\"><span style=\"font-family:Merriweather,serif !important\"><span style=\"color:#000000\"><span style=\"background-color:#ffffff\">Cumhurba\u015fkanl\u0131\u011f\u0131 a\u00e7\u0131klamas\u0131na g\u00f6re, Cumhurba\u015fkan\u0131 Tatar, turizm faaliyetlerinin geli\u015fmesiyle Kuzey K\u0131br\u0131s T\u00fcrk Cumhuriyeti\u2019nin gelece\u011finin parlak oldu\u011funu ancak b\u00f6lgede ya\u015fananlar\u0131n \u00fclkeyi olumsuz etkiledi\u011fini s\u00f6yledi.<\/span><\/span><\/span><\/span><\/p>\n<p style=\"text-align:left\">&nbsp;<\/p>\n<p style=\"text-align:left\"><span style=\"font-size:16px\"><span style=\"font-family:Merriweather,serif !important\"><span style=\"color:#000000\"><span style=\"background-color:#ffffff\">\u0130ran ile \u0130srail aras\u0131nda ya\u015fananlarla ilgili konu\u015fan Cumhurba\u015fkan\u0131 Tatar, \u00e7at\u0131\u015fmalar\u0131n devam etmemesi i\u00e7in sa\u011fduyu \u00e7a\u011fr\u0131s\u0131 yapt\u0131.<\/span><\/span><\/span><\/span><\/p>\n<p style=\"text-align:left\">&nbsp;<\/p>\n<p style=\"text-align:left\"><span style=\"font-size:16px\"><span style=\"font-family:Merriweather,serif !important\"><span style=\"color:#000000\"><span style=\"background-color:#ffffff\">\u201cGazze\u2019de ya\u015fananlar\u0131n son bulmas\u0131 en b\u00fcy\u00fck temennimiz\u201d diyen Cumhurba\u015fkan\u0131 Tatar, \u00e7at\u0131\u015fmalarda hayatlar\u0131n\u0131 kaybedenlere Allah\u2019tan rahmet, yaral\u0131lara acil \u015fifalar diledi.<\/span><\/span><\/span><\/span><\/p>\n<p style=\"text-align:left\">&nbsp;<\/p>\n<p style=\"text-align:left\"><span style=\"font-size:16px\"><span style=\"font-family:Merriweather,serif !important\"><span style=\"color:#000000\"><span style=\"background-color:#ffffff\">Cumhurba\u015fkan\u0131 Tatar ayr\u0131ca K\u0131br\u0131s\u2019ta bulunan \u0130ngiliz Egemen \u00dcsleri\u2019ne de de\u011finerek, \u201cSava\u015f u\u00e7aklar\u0131n\u0131n inip kalkt\u0131\u011f\u0131 iki egemen \u00fcst kullan\u0131l\u0131yor. K\u0131br\u0131s\u2019\u0131n hedef olmas\u0131n\u0131 istemiyoruz. K\u0131br\u0131s\u2019\u0131n hedef yap\u0131lmamas\u0131 i\u00e7in \u0130ngiltere\u2019yi sa\u011fduyuya \u00e7a\u011f\u0131r\u0131yorum. K\u0131br\u0131s bizim vatan\u0131m\u0131zd\u0131r\u201d dedi.<\/span><\/span><\/span><\/span><\/p>\n","protected":false},"excerpt":{"rendered":"<p>Cumhurba\u015fkan\u0131 Ersin Tatar, etkinlikte yapt\u0131\u011f\u0131 konu\u015fmada, festivalde bulunmaktan duydu\u011fu memnuniyeti ifade ederek, festivali d\u00fczenleyenleri ve katk\u0131 koyanlar\u0131 tebrik etti. &nbsp; Cumhurba\u015fkan\u0131 Tatar, kad\u0131n \u00fcreticilerin yapt\u0131\u011f\u0131 \u00e7al\u0131\u015fmalar\u0131n \u00f6nemine dikkat \u00e7ekerek, k\u00fclt\u00fcre ve manevi de\u011ferlere b\u00fcy\u00fck katk\u0131lar\u0131 oldu\u011funa vurgu yapt\u0131. &nbsp; \u201cK\u00fclt\u00fcr\u00fcm\u00fcz\u00fc ve geleneklerimizi, \u00fcretken yap\u0131yla s\u00fcrd\u00fcr\u00fcp gelecek ku\u015faklara aktarmak g\u00f6revimizdir\u201d diyen Cumhurba\u015fkan\u0131 Tatar, \u00fcretenlere refah dolu<\/p>\n","protected":false},"author":1,"featured_media":38302,"comment_status":"open","ping_status":"open","sticky":false,"template":"","format":"standard","meta":{"footnotes":""},"categories":[1],"tags":[],"class_list":["post-38301","post","type-post","status-publish","format-standard","has-post-thumbnail","hentry","category-gundem"],"yoast_head":"<!-- This site is optimized with the Yoast SEO plugin v27.4 - https:\/\/yoast.com\/product\/yoast-seo-wordpress\/ -->\n<title>\u201cK\u00fclt\u00fcr\u00fcm\u00fcz\u00fc ve geleneklerimizi, \u00fcretken yap\u0131yla s\u00fcrd\u00fcr\u00fcp gelecek ku\u015faklara aktarmak g\u00f6revimizdir\u201d -<\/title>\n<meta name=\"robots\" content=\"index, follow, max-snippet:-1, max-image-preview:large, max-video-preview:-1\" \/>\n<link rel=\"canonical\" href=\"https:\/\/kibrisdakik.com\/?p=38301\" \/>\n<meta property=\"og:locale\" content=\"tr_TR\" \/>\n<meta property=\"og:type\" content=\"article\" \/>\n<meta property=\"og:title\" content=\"\u201cK\u00fclt\u00fcr\u00fcm\u00fcz\u00fc ve geleneklerimizi, \u00fcretken yap\u0131yla s\u00fcrd\u00fcr\u00fcp gelecek ku\u015faklara aktarmak g\u00f6revimizdir\u201d -\" \/>\n<meta property=\"og:description\" content=\"Cumhurba\u015fkan\u0131 Ersin Tatar, etkinlikte yapt\u0131\u011f\u0131 konu\u015fmada, festivalde bulunmaktan duydu\u011fu memnuniyeti ifade ederek, festivali d\u00fczenleyenleri ve katk\u0131 koyanlar\u0131 tebrik etti. &nbsp; Cumhurba\u015fkan\u0131 Tatar, kad\u0131n \u00fcreticilerin yapt\u0131\u011f\u0131 \u00e7al\u0131\u015fmalar\u0131n \u00f6nemine dikkat \u00e7ekerek, k\u00fclt\u00fcre ve manevi de\u011ferlere b\u00fcy\u00fck katk\u0131lar\u0131 oldu\u011funa vurgu yapt\u0131. &nbsp; \u201cK\u00fclt\u00fcr\u00fcm\u00fcz\u00fc ve geleneklerimizi, \u00fcretken yap\u0131yla s\u00fcrd\u00fcr\u00fcp gelecek ku\u015faklara aktarmak g\u00f6revimizdir\u201d diyen Cumhurba\u015fkan\u0131 Tatar, \u00fcretenlere refah dolu\" \/>\n<meta property=\"og:url\" content=\"https:\/\/kibrisdakik.com\/?p=38301\" \/>\n<meta property=\"article:published_time\" content=\"2024-04-14T14:53:00+00:00\" \/>\n<meta property=\"og:image\" content=\"https:\/\/kibrisdakik.com\/wp-content\/uploads\/2024\/04\/kulturumuzu-ve-geleneklerimizi-uretken-yapiyla-surdurup-gelecek-kusaklara-aktarmak-gorevimizdir-1713106494.webp.webp\" \/>\n\t<meta property=\"og:image:width\" content=\"710\" \/>\n\t<meta property=\"og:image:height\" content=\"370\" \/>\n\t<meta property=\"og:image:type\" content=\"image\/webp\" \/>\n<meta name=\"author\" content=\"admin\" \/>\n<meta name=\"twitter:card\" content=\"summary_large_image\" \/>\n<meta name=\"twitter:label1\" content=\"Yazan:\" \/>\n\t<meta name=\"twitter:data1\" content=\"admin\" \/>\n\t<meta name=\"twitter:label2\" content=\"Tahmini okuma s\u00fcresi\" \/>\n\t<meta name=\"twitter:data2\" content=\"1 dakika\" \/>\n<script type=\"application\/ld+json\" class=\"yoast-schema-graph\">{\"@context\":\"https:\\\/\\\/schema.org\",\"@graph\":[{\"@type\":\"Article\",\"@id\":\"https:\\\/\\\/kibrisdakik.com\\\/?p=38301#article\",\"isPartOf\":{\"@id\":\"https:\\\/\\\/kibrisdakik.com\\\/?p=38301\"},\"author\":{\"name\":\"admin\",\"@id\":\"https:\\\/\\\/kibrisdakik.com\\\/#\\\/schema\\\/person\\\/9cd9d437bbb44f72b73ba127e06d8e79\"},\"headline\":\"\u201cK\u00fclt\u00fcr\u00fcm\u00fcz\u00fc ve geleneklerimizi, \u00fcretken yap\u0131yla s\u00fcrd\u00fcr\u00fcp gelecek ku\u015faklara aktarmak g\u00f6revimizdir\u201d\",\"datePublished\":\"2024-04-14T14:53:00+00:00\",\"mainEntityOfPage\":{\"@id\":\"https:\\\/\\\/kibrisdakik.com\\\/?p=38301\"},\"wordCount\":297,\"commentCount\":0,\"image\":{\"@id\":\"https:\\\/\\\/kibrisdakik.com\\\/?p=38301#primaryimage\"},\"thumbnailUrl\":\"https:\\\/\\\/kibrisdakik.com\\\/wp-content\\\/uploads\\\/2024\\\/04\\\/kulturumuzu-ve-geleneklerimizi-uretken-yapiyla-surdurup-gelecek-kusaklara-aktarmak-gorevimizdir-1713106494.webp.webp\",\"articleSection\":[\"G\u00fcndem\"],\"inLanguage\":\"tr\",\"potentialAction\":[{\"@type\":\"CommentAction\",\"name\":\"Comment\",\"target\":[\"https:\\\/\\\/kibrisdakik.com\\\/?p=38301#respond\"]}]},{\"@type\":\"WebPage\",\"@id\":\"https:\\\/\\\/kibrisdakik.com\\\/?p=38301\",\"url\":\"https:\\\/\\\/kibrisdakik.com\\\/?p=38301\",\"name\":\"\u201cK\u00fclt\u00fcr\u00fcm\u00fcz\u00fc ve geleneklerimizi, \u00fcretken yap\u0131yla s\u00fcrd\u00fcr\u00fcp gelecek ku\u015faklara aktarmak g\u00f6revimizdir\u201d -\",\"isPartOf\":{\"@id\":\"https:\\\/\\\/kibrisdakik.com\\\/#website\"},\"primaryImageOfPage\":{\"@id\":\"https:\\\/\\\/kibrisdakik.com\\\/?p=38301#primaryimage\"},\"image\":{\"@id\":\"https:\\\/\\\/kibrisdakik.com\\\/?p=38301#primaryimage\"},\"thumbnailUrl\":\"https:\\\/\\\/kibrisdakik.com\\\/wp-content\\\/uploads\\\/2024\\\/04\\\/kulturumuzu-ve-geleneklerimizi-uretken-yapiyla-surdurup-gelecek-kusaklara-aktarmak-gorevimizdir-1713106494.webp.webp\",\"datePublished\":\"2024-04-14T14:53:00+00:00\",\"author\":{\"@id\":\"https:\\\/\\\/kibrisdakik.com\\\/#\\\/schema\\\/person\\\/9cd9d437bbb44f72b73ba127e06d8e79\"},\"breadcrumb\":{\"@id\":\"https:\\\/\\\/kibrisdakik.com\\\/?p=38301#breadcrumb\"},\"inLanguage\":\"tr\",\"potentialAction\":[{\"@type\":\"ReadAction\",\"target\":[\"https:\\\/\\\/kibrisdakik.com\\\/?p=38301\"]}]},{\"@type\":\"ImageObject\",\"inLanguage\":\"tr\",\"@id\":\"https:\\\/\\\/kibrisdakik.com\\\/?p=38301#primaryimage\",\"url\":\"https:\\\/\\\/kibrisdakik.com\\\/wp-content\\\/uploads\\\/2024\\\/04\\\/kulturumuzu-ve-geleneklerimizi-uretken-yapiyla-surdurup-gelecek-kusaklara-aktarmak-gorevimizdir-1713106494.webp.webp\",\"contentUrl\":\"https:\\\/\\\/kibrisdakik.com\\\/wp-content\\\/uploads\\\/2024\\\/04\\\/kulturumuzu-ve-geleneklerimizi-uretken-yapiyla-surdurup-gelecek-kusaklara-aktarmak-gorevimizdir-1713106494.webp.webp\",\"width\":710,\"height\":370},{\"@type\":\"BreadcrumbList\",\"@id\":\"https:\\\/\\\/kibrisdakik.com\\\/?p=38301#breadcrumb\",\"itemListElement\":[{\"@type\":\"ListItem\",\"position\":1,\"name\":\"Home\",\"item\":\"https:\\\/\\\/kibrisdakik.com\\\/\"},{\"@type\":\"ListItem\",\"position\":2,\"name\":\"\u201cK\u00fclt\u00fcr\u00fcm\u00fcz\u00fc ve geleneklerimizi, \u00fcretken yap\u0131yla s\u00fcrd\u00fcr\u00fcp gelecek ku\u015faklara aktarmak g\u00f6revimizdir\u201d\"}]},{\"@type\":\"WebSite\",\"@id\":\"https:\\\/\\\/kibrisdakik.com\\\/#website\",\"url\":\"https:\\\/\\\/kibrisdakik.com\\\/\",\"name\":\"\",\"description\":\"Tam vaktinde haber\",\"potentialAction\":[{\"@type\":\"SearchAction\",\"target\":{\"@type\":\"EntryPoint\",\"urlTemplate\":\"https:\\\/\\\/kibrisdakik.com\\\/?s={search_term_string}\"},\"query-input\":{\"@type\":\"PropertyValueSpecification\",\"valueRequired\":true,\"valueName\":\"search_term_string\"}}],\"inLanguage\":\"tr\"},{\"@type\":\"Person\",\"@id\":\"https:\\\/\\\/kibrisdakik.com\\\/#\\\/schema\\\/person\\\/9cd9d437bbb44f72b73ba127e06d8e79\",\"name\":\"admin\",\"image\":{\"@type\":\"ImageObject\",\"inLanguage\":\"tr\",\"@id\":\"https:\\\/\\\/secure.gravatar.com\\\/avatar\\\/ccc17943b9d660506c869530f897617f7cb1c21a4bf30023f252596d83e1f007?s=96&d=mm&r=g\",\"url\":\"https:\\\/\\\/secure.gravatar.com\\\/avatar\\\/ccc17943b9d660506c869530f897617f7cb1c21a4bf30023f252596d83e1f007?s=96&d=mm&r=g\",\"contentUrl\":\"https:\\\/\\\/secure.gravatar.com\\\/avatar\\\/ccc17943b9d660506c869530f897617f7cb1c21a4bf30023f252596d83e1f007?s=96&d=mm&r=g\",\"caption\":\"admin\"},\"sameAs\":[\"https:\\\/\\\/kibrisdakik.com\"],\"url\":\"https:\\\/\\\/kibrisdakik.com\\\/?author=1\"}]}<\/script>\n<!-- \/ Yoast SEO plugin. -->","yoast_head_json":{"title":"\u201cK\u00fclt\u00fcr\u00fcm\u00fcz\u00fc ve geleneklerimizi, \u00fcretken yap\u0131yla s\u00fcrd\u00fcr\u00fcp gelecek ku\u015faklara aktarmak g\u00f6revimizdir\u201d -","robots":{"index":"index","follow":"follow","max-snippet":"max-snippet:-1","max-image-preview":"max-image-preview:large","max-video-preview":"max-video-preview:-1"},"canonical":"https:\/\/kibrisdakik.com\/?p=38301","og_locale":"tr_TR","og_type":"article","og_title":"\u201cK\u00fclt\u00fcr\u00fcm\u00fcz\u00fc ve geleneklerimizi, \u00fcretken yap\u0131yla s\u00fcrd\u00fcr\u00fcp gelecek ku\u015faklara aktarmak g\u00f6revimizdir\u201d -","og_description":"Cumhurba\u015fkan\u0131 Ersin Tatar, etkinlikte yapt\u0131\u011f\u0131 konu\u015fmada, festivalde bulunmaktan duydu\u011fu memnuniyeti ifade ederek, festivali d\u00fczenleyenleri ve katk\u0131 koyanlar\u0131 tebrik etti. &nbsp; Cumhurba\u015fkan\u0131 Tatar, kad\u0131n \u00fcreticilerin yapt\u0131\u011f\u0131 \u00e7al\u0131\u015fmalar\u0131n \u00f6nemine dikkat \u00e7ekerek, k\u00fclt\u00fcre ve manevi de\u011ferlere b\u00fcy\u00fck katk\u0131lar\u0131 oldu\u011funa vurgu yapt\u0131. &nbsp; \u201cK\u00fclt\u00fcr\u00fcm\u00fcz\u00fc ve geleneklerimizi, \u00fcretken yap\u0131yla s\u00fcrd\u00fcr\u00fcp gelecek ku\u015faklara aktarmak g\u00f6revimizdir\u201d diyen Cumhurba\u015fkan\u0131 Tatar, \u00fcretenlere refah dolu","og_url":"https:\/\/kibrisdakik.com\/?p=38301","article_published_time":"2024-04-14T14:53:00+00:00","og_image":[{"width":710,"height":370,"url":"https:\/\/kibrisdakik.com\/wp-content\/uploads\/2024\/04\/kulturumuzu-ve-geleneklerimizi-uretken-yapiyla-surdurup-gelecek-kusaklara-aktarmak-gorevimizdir-1713106494.webp.webp","type":"image\/webp"}],"author":"admin","twitter_card":"summary_large_image","twitter_misc":{"Yazan:":"admin","Tahmini okuma s\u00fcresi":"1 dakika"},"schema":{"@context":"https:\/\/schema.org","@graph":[{"@type":"Article","@id":"https:\/\/kibrisdakik.com\/?p=38301#article","isPartOf":{"@id":"https:\/\/kibrisdakik.com\/?p=38301"},"author":{"name":"admin","@id":"https:\/\/kibrisdakik.com\/#\/schema\/person\/9cd9d437bbb44f72b73ba127e06d8e79"},"headline":"\u201cK\u00fclt\u00fcr\u00fcm\u00fcz\u00fc ve geleneklerimizi, \u00fcretken yap\u0131yla s\u00fcrd\u00fcr\u00fcp gelecek ku\u015faklara aktarmak g\u00f6revimizdir\u201d","datePublished":"2024-04-14T14:53:00+00:00","mainEntityOfPage":{"@id":"https:\/\/kibrisdakik.com\/?p=38301"},"wordCount":297,"commentCount":0,"image":{"@id":"https:\/\/kibrisdakik.com\/?p=38301#primaryimage"},"thumbnailUrl":"https:\/\/kibrisdakik.com\/wp-content\/uploads\/2024\/04\/kulturumuzu-ve-geleneklerimizi-uretken-yapiyla-surdurup-gelecek-kusaklara-aktarmak-gorevimizdir-1713106494.webp.webp","articleSection":["G\u00fcndem"],"inLanguage":"tr","potentialAction":[{"@type":"CommentAction","name":"Comment","target":["https:\/\/kibrisdakik.com\/?p=38301#respond"]}]},{"@type":"WebPage","@id":"https:\/\/kibrisdakik.com\/?p=38301","url":"https:\/\/kibrisdakik.com\/?p=38301","name":"\u201cK\u00fclt\u00fcr\u00fcm\u00fcz\u00fc ve geleneklerimizi, \u00fcretken yap\u0131yla s\u00fcrd\u00fcr\u00fcp gelecek ku\u015faklara aktarmak g\u00f6revimizdir\u201d -","isPartOf":{"@id":"https:\/\/kibrisdakik.com\/#website"},"primaryImageOfPage":{"@id":"https:\/\/kibrisdakik.com\/?p=38301#primaryimage"},"image":{"@id":"https:\/\/kibrisdakik.com\/?p=38301#primaryimage"},"thumbnailUrl":"https:\/\/kibrisdakik.com\/wp-content\/uploads\/2024\/04\/kulturumuzu-ve-geleneklerimizi-uretken-yapiyla-surdurup-gelecek-kusaklara-aktarmak-gorevimizdir-1713106494.webp.webp","datePublished":"2024-04-14T14:53:00+00:00","author":{"@id":"https:\/\/kibrisdakik.com\/#\/schema\/person\/9cd9d437bbb44f72b73ba127e06d8e79"},"breadcrumb":{"@id":"https:\/\/kibrisdakik.com\/?p=38301#breadcrumb"},"inLanguage":"tr","potentialAction":[{"@type":"ReadAction","target":["https:\/\/kibrisdakik.com\/?p=38301"]}]},{"@type":"ImageObject","inLanguage":"tr","@id":"https:\/\/kibrisdakik.com\/?p=38301#primaryimage","url":"https:\/\/kibrisdakik.com\/wp-content\/uploads\/2024\/04\/kulturumuzu-ve-geleneklerimizi-uretken-yapiyla-surdurup-gelecek-kusaklara-aktarmak-gorevimizdir-1713106494.webp.webp","contentUrl":"https:\/\/kibrisdakik.com\/wp-content\/uploads\/2024\/04\/kulturumuzu-ve-geleneklerimizi-uretken-yapiyla-surdurup-gelecek-kusaklara-aktarmak-gorevimizdir-1713106494.webp.webp","width":710,"height":370},{"@type":"BreadcrumbList","@id":"https:\/\/kibrisdakik.com\/?p=38301#breadcrumb","itemListElement":[{"@type":"ListItem","position":1,"name":"Home","item":"https:\/\/kibrisdakik.com\/"},{"@type":"ListItem","position":2,"name":"\u201cK\u00fclt\u00fcr\u00fcm\u00fcz\u00fc ve geleneklerimizi, \u00fcretken yap\u0131yla s\u00fcrd\u00fcr\u00fcp gelecek ku\u015faklara aktarmak g\u00f6revimizdir\u201d"}]},{"@type":"WebSite","@id":"https:\/\/kibrisdakik.com\/#website","url":"https:\/\/kibrisdakik.com\/","name":"","description":"Tam vaktinde haber","potentialAction":[{"@type":"SearchAction","target":{"@type":"EntryPoint","urlTemplate":"https:\/\/kibrisdakik.com\/?s={search_term_string}"},"query-input":{"@type":"PropertyValueSpecification","valueRequired":true,"valueName":"search_term_string"}}],"inLanguage":"tr"},{"@type":"Person","@id":"https:\/\/kibrisdakik.com\/#\/schema\/person\/9cd9d437bbb44f72b73ba127e06d8e79","name":"admin","image":{"@type":"ImageObject","inLanguage":"tr","@id":"https:\/\/secure.gravatar.com\/avatar\/ccc17943b9d660506c869530f897617f7cb1c21a4bf30023f252596d83e1f007?s=96&d=mm&r=g","url":"https:\/\/secure.gravatar.com\/avatar\/ccc17943b9d660506c869530f897617f7cb1c21a4bf30023f252596d83e1f007?s=96&d=mm&r=g","contentUrl":"https:\/\/secure.gravatar.com\/avatar\/ccc17943b9d660506c869530f897617f7cb1c21a4bf30023f252596d83e1f007?s=96&d=mm&r=g","caption":"admin"},"sameAs":["https:\/\/kibrisdakik.com"],"url":"https:\/\/kibrisdakik.com\/?author=1"}]}},"_links":{"self":[{"href":"https:\/\/kibrisdakik.com\/index.php?rest_route=\/wp\/v2\/posts\/38301","targetHints":{"allow":["GET"]}}],"collection":[{"href":"https:\/\/kibrisdakik.com\/index.php?rest_route=\/wp\/v2\/posts"}],"about":[{"href":"https:\/\/kibrisdakik.com\/index.php?rest_route=\/wp\/v2\/types\/post"}],"author":[{"embeddable":true,"href":"https:\/\/kibrisdakik.com\/index.php?rest_route=\/wp\/v2\/users\/1"}],"replies":[{"embeddable":true,"href":"https:\/\/kibrisdakik.com\/index.php?rest_route=%2Fwp%2Fv2%2Fcomments&post=38301"}],"version-history":[{"count":0,"href":"https:\/\/kibrisdakik.com\/index.php?rest_route=\/wp\/v2\/posts\/38301\/revisions"}],"wp:featuredmedia":[{"embeddable":true,"href":"https:\/\/kibrisdakik.com\/index.php?rest_route=\/wp\/v2\/media\/38302"}],"wp:attachment":[{"href":"https:\/\/kibrisdakik.com\/index.php?rest_route=%2Fwp%2Fv2%2Fmedia&parent=38301"}],"wp:term":[{"taxonomy":"category","embeddable":true,"href":"https:\/\/kibrisdakik.com\/index.php?rest_route=%2Fwp%2Fv2%2Fcategories&post=38301"},{"taxonomy":"post_tag","embeddable":true,"href":"https:\/\/kibrisdakik.com\/index.php?rest_route=%2Fwp%2Fv2%2Ftags&post=38301"}],"curies":[{"name":"wp","href":"https:\/\/api.w.org\/{rel}","templated":true}]}}