{"id":38340,"date":"2024-04-14T22:52:58","date_gmt":"2024-04-14T22:52:58","guid":{"rendered":"https:\/\/kibrisdakik.com\/index.php\/2024\/04\/14\/guzelyurtta-tarlada-cilek-yetistiriliyor-cilek-meyvesi-rengi-tadi-ve-aromasiyla-ilgi-goruyor\/"},"modified":"2024-04-14T22:52:58","modified_gmt":"2024-04-14T22:52:58","slug":"guzelyurtta-tarlada-cilek-yetistiriliyor-cilek-meyvesi-rengi-tadi-ve-aromasiyla-ilgi-goruyor","status":"publish","type":"post","link":"https:\/\/kibrisdakik.com\/?p=38340","title":{"rendered":"G\u00fczelyurt\u2019ta tarlada \u00e7ilek yeti\u015ftiriliyor. \u201c\u00c7ilek meyvesi rengi, tad\u0131 ve aromas\u0131yla ilgi g\u00f6r\u00fcyor\u201d"},"content":{"rendered":"<p><\/p>\n<div>\n<p>Bat\u0131 b\u00f6lgesinin \u00f6nemli \u00fcretim kayna\u011f\u0131 olan \u00e7ilekte bug\u00fcnlerde hasat zaman\u0131.<\/p>\n<p>Ye\u015fil\u0131rmakla ad\u0131n\u0131 duyuran \u00e7ilek meyvesi art\u0131k G\u00fczelyurt\u2019ta da yeti\u015ftiriliyor.<\/p>\n<p>Bat\u0131  b\u00f6lgesinin \u00f6nemli \u00fcretim kayna\u011f\u0131 olan \u00e7ilekte yo\u011fun hasat zaman\u0131 ba\u015flad\u0131.<\/p>\n<p>G\u00fczelyurt\u2019ta ge\u00e7mi\u015f y\u0131llarda topraks\u0131z k\u00fclt\u00fcrle seralarda yeti\u015ftirilen \u00e7ilek meyvesi,t\u00fcnellerde ve a\u00e7\u0131k tarlada da yeti\u015ftirilmeye ba\u015flad\u0131. <\/p>\n<p>\u00d6zellikle hafta sonlar\u0131 \u00fclkenin her yerinden ziyaret\u00e7iler a\u011f\u0131rlayan G\u00fczelyurt b\u00f6lgesinde  yol kenarlar\u0131nda kurulan standtlarda \u00e7ilek sat\u0131\u015f\u0131 yap\u0131l\u0131rken, tarladan toplamak da m\u00fcmk\u00fcn .<\/p>\n<p>G\u00fczelyurt\u2019ta e\u015fi ile birlikte, 3 y\u0131ld\u0131r \u00e7ilek \u00fcretimiyle u\u011fra\u015fan Abuzer G\u00fcneysu, <a href=\"https:\/\/brtk.net\/\">BRT<\/a> mikrofonuna konu\u015farak, G\u00fczelyurt\u2019ta y\u0131llarca seralarda yeti\u015ftirilen \u00e7ile\u011fin tarlada yeti\u015ftirmeyi denediklerini ve sonucun ba\u015far\u0131l\u0131 oldu\u011funu anlatt\u0131.<\/p>\n<p>G\u00fcneysu, Girdi maliyetlerinin y\u00fckselmesinin \u00fcreticiyi zora soktu\u011funu da ifade etti.<\/p>\n<p>Nesibe G\u00fcneysu da \u00e7ilek meyvesinin rengi, tad\u0131 ve aromas\u0131yla olduk\u00e7a ilgi g\u00f6rd\u00fc\u011f\u00fcn\u00fc s\u00f6yledi.<\/p>\n<p>Nesibe G\u00fcenysu, \u00c7ile\u011fin tamamen ila\u00e7s\u0131z oldu\u011funu ve iri olan meyvelerin b\u00fcy\u00fckl\u00fc\u011f\u00fcn\u00fcn cinsinden kaynakl\u0131 oldu\u011funu kaydetti.<\/p>\n<\/p><\/div>\n<p><script async\n                    defer\n                    crossorigin=\"anonymous\"\n                    src=\"https:\/\/connect.facebook.net\/tr_TR\/sdk.js#xfbml=1&#038;version=v3.3\"\n            ><\/script><\/p>\n","protected":false},"excerpt":{"rendered":"<p>Bat\u0131 b\u00f6lgesinin \u00f6nemli \u00fcretim kayna\u011f\u0131 olan \u00e7ilekte bug\u00fcnlerde hasat zaman\u0131. Ye\u015fil\u0131rmakla ad\u0131n\u0131 duyuran \u00e7ilek meyvesi art\u0131k G\u00fczelyurt\u2019ta da yeti\u015ftiriliyor. Bat\u0131 b\u00f6lgesinin \u00f6nemli \u00fcretim kayna\u011f\u0131 olan \u00e7ilekte yo\u011fun hasat zaman\u0131 ba\u015flad\u0131. G\u00fczelyurt\u2019ta ge\u00e7mi\u015f y\u0131llarda topraks\u0131z k\u00fclt\u00fcrle seralarda yeti\u015ftirilen \u00e7ilek meyvesi,t\u00fcnellerde ve a\u00e7\u0131k tarlada da yeti\u015ftirilmeye ba\u015flad\u0131. \u00d6zellikle hafta sonlar\u0131 \u00fclkenin her yerinden ziyaret\u00e7iler a\u011f\u0131rlayan G\u00fczelyurt b\u00f6lgesinde<\/p>\n","protected":false},"author":1,"featured_media":38341,"comment_status":"open","ping_status":"open","sticky":false,"template":"","format":"standard","meta":{"footnotes":""},"categories":[1],"tags":[],"class_list":["post-38340","post","type-post","status-publish","format-standard","has-post-thumbnail","hentry","category-gundem"],"yoast_head":"<!-- This site is optimized with the Yoast SEO plugin v27.5 - https:\/\/yoast.com\/product\/yoast-seo-wordpress\/ -->\n<title>G\u00fczelyurt\u2019ta tarlada \u00e7ilek yeti\u015ftiriliyor. \u201c\u00c7ilek meyvesi rengi, tad\u0131 ve aromas\u0131yla ilgi g\u00f6r\u00fcyor\u201d -<\/title>\n<meta name=\"robots\" content=\"index, follow, max-snippet:-1, max-image-preview:large, max-video-preview:-1\" \/>\n<link rel=\"canonical\" href=\"https:\/\/kibrisdakik.com\/?p=38340\" \/>\n<meta property=\"og:locale\" content=\"tr_TR\" \/>\n<meta property=\"og:type\" content=\"article\" \/>\n<meta property=\"og:title\" content=\"G\u00fczelyurt\u2019ta tarlada \u00e7ilek yeti\u015ftiriliyor. \u201c\u00c7ilek meyvesi rengi, tad\u0131 ve aromas\u0131yla ilgi g\u00f6r\u00fcyor\u201d -\" \/>\n<meta property=\"og:description\" content=\"Bat\u0131 b\u00f6lgesinin \u00f6nemli \u00fcretim kayna\u011f\u0131 olan \u00e7ilekte bug\u00fcnlerde hasat zaman\u0131. Ye\u015fil\u0131rmakla ad\u0131n\u0131 duyuran \u00e7ilek meyvesi art\u0131k G\u00fczelyurt\u2019ta da yeti\u015ftiriliyor. Bat\u0131 b\u00f6lgesinin \u00f6nemli \u00fcretim kayna\u011f\u0131 olan \u00e7ilekte yo\u011fun hasat zaman\u0131 ba\u015flad\u0131. G\u00fczelyurt\u2019ta ge\u00e7mi\u015f y\u0131llarda topraks\u0131z k\u00fclt\u00fcrle seralarda yeti\u015ftirilen \u00e7ilek meyvesi,t\u00fcnellerde ve a\u00e7\u0131k tarlada da yeti\u015ftirilmeye ba\u015flad\u0131. \u00d6zellikle hafta sonlar\u0131 \u00fclkenin her yerinden ziyaret\u00e7iler a\u011f\u0131rlayan G\u00fczelyurt b\u00f6lgesinde\" \/>\n<meta property=\"og:url\" content=\"https:\/\/kibrisdakik.com\/?p=38340\" \/>\n<meta property=\"article:published_time\" content=\"2024-04-14T22:52:58+00:00\" \/>\n<meta property=\"og:image\" content=\"https:\/\/kibrisdakik.com\/wp-content\/uploads\/2024\/04\/cilek3456-740x420.jpg\" \/>\n\t<meta property=\"og:image:width\" content=\"910\" \/>\n\t<meta property=\"og:image:height\" content=\"430\" \/>\n\t<meta property=\"og:image:type\" content=\"image\/jpeg\" \/>\n<meta name=\"author\" content=\"admin\" \/>\n<meta name=\"twitter:card\" content=\"summary_large_image\" \/>\n<meta name=\"twitter:label1\" content=\"Yazan:\" \/>\n\t<meta name=\"twitter:data1\" content=\"admin\" \/>\n\t<meta name=\"twitter:label2\" content=\"Tahmini okuma s\u00fcresi\" \/>\n\t<meta name=\"twitter:data2\" content=\"1 dakika\" \/>\n<script type=\"application\/ld+json\" class=\"yoast-schema-graph\">{\"@context\":\"https:\\\/\\\/schema.org\",\"@graph\":[{\"@type\":\"Article\",\"@id\":\"https:\\\/\\\/kibrisdakik.com\\\/?p=38340#article\",\"isPartOf\":{\"@id\":\"https:\\\/\\\/kibrisdakik.com\\\/?p=38340\"},\"author\":{\"name\":\"admin\",\"@id\":\"https:\\\/\\\/kibrisdakik.com\\\/#\\\/schema\\\/person\\\/9cd9d437bbb44f72b73ba127e06d8e79\"},\"headline\":\"G\u00fczelyurt\u2019ta tarlada \u00e7ilek yeti\u015ftiriliyor. \u201c\u00c7ilek meyvesi rengi, tad\u0131 ve aromas\u0131yla ilgi g\u00f6r\u00fcyor\u201d\",\"datePublished\":\"2024-04-14T22:52:58+00:00\",\"mainEntityOfPage\":{\"@id\":\"https:\\\/\\\/kibrisdakik.com\\\/?p=38340\"},\"wordCount\":219,\"commentCount\":0,\"image\":{\"@id\":\"https:\\\/\\\/kibrisdakik.com\\\/?p=38340#primaryimage\"},\"thumbnailUrl\":\"https:\\\/\\\/kibrisdakik.com\\\/wp-content\\\/uploads\\\/2024\\\/04\\\/cilek3456-740x420.jpg\",\"articleSection\":[\"G\u00fcndem\"],\"inLanguage\":\"tr\",\"potentialAction\":[{\"@type\":\"CommentAction\",\"name\":\"Comment\",\"target\":[\"https:\\\/\\\/kibrisdakik.com\\\/?p=38340#respond\"]}]},{\"@type\":\"WebPage\",\"@id\":\"https:\\\/\\\/kibrisdakik.com\\\/?p=38340\",\"url\":\"https:\\\/\\\/kibrisdakik.com\\\/?p=38340\",\"name\":\"G\u00fczelyurt\u2019ta tarlada \u00e7ilek yeti\u015ftiriliyor. \u201c\u00c7ilek meyvesi rengi, tad\u0131 ve aromas\u0131yla ilgi g\u00f6r\u00fcyor\u201d -\",\"isPartOf\":{\"@id\":\"https:\\\/\\\/kibrisdakik.com\\\/#website\"},\"primaryImageOfPage\":{\"@id\":\"https:\\\/\\\/kibrisdakik.com\\\/?p=38340#primaryimage\"},\"image\":{\"@id\":\"https:\\\/\\\/kibrisdakik.com\\\/?p=38340#primaryimage\"},\"thumbnailUrl\":\"https:\\\/\\\/kibrisdakik.com\\\/wp-content\\\/uploads\\\/2024\\\/04\\\/cilek3456-740x420.jpg\",\"datePublished\":\"2024-04-14T22:52:58+00:00\",\"author\":{\"@id\":\"https:\\\/\\\/kibrisdakik.com\\\/#\\\/schema\\\/person\\\/9cd9d437bbb44f72b73ba127e06d8e79\"},\"breadcrumb\":{\"@id\":\"https:\\\/\\\/kibrisdakik.com\\\/?p=38340#breadcrumb\"},\"inLanguage\":\"tr\",\"potentialAction\":[{\"@type\":\"ReadAction\",\"target\":[\"https:\\\/\\\/kibrisdakik.com\\\/?p=38340\"]}]},{\"@type\":\"ImageObject\",\"inLanguage\":\"tr\",\"@id\":\"https:\\\/\\\/kibrisdakik.com\\\/?p=38340#primaryimage\",\"url\":\"https:\\\/\\\/kibrisdakik.com\\\/wp-content\\\/uploads\\\/2024\\\/04\\\/cilek3456-740x420.jpg\",\"contentUrl\":\"https:\\\/\\\/kibrisdakik.com\\\/wp-content\\\/uploads\\\/2024\\\/04\\\/cilek3456-740x420.jpg\",\"width\":910,\"height\":430},{\"@type\":\"BreadcrumbList\",\"@id\":\"https:\\\/\\\/kibrisdakik.com\\\/?p=38340#breadcrumb\",\"itemListElement\":[{\"@type\":\"ListItem\",\"position\":1,\"name\":\"Home\",\"item\":\"https:\\\/\\\/kibrisdakik.com\\\/\"},{\"@type\":\"ListItem\",\"position\":2,\"name\":\"G\u00fczelyurt\u2019ta tarlada \u00e7ilek yeti\u015ftiriliyor. \u201c\u00c7ilek meyvesi rengi, tad\u0131 ve aromas\u0131yla ilgi g\u00f6r\u00fcyor\u201d\"}]},{\"@type\":\"WebSite\",\"@id\":\"https:\\\/\\\/kibrisdakik.com\\\/#website\",\"url\":\"https:\\\/\\\/kibrisdakik.com\\\/\",\"name\":\"\",\"description\":\"Tam vaktinde haber\",\"potentialAction\":[{\"@type\":\"SearchAction\",\"target\":{\"@type\":\"EntryPoint\",\"urlTemplate\":\"https:\\\/\\\/kibrisdakik.com\\\/?s={search_term_string}\"},\"query-input\":{\"@type\":\"PropertyValueSpecification\",\"valueRequired\":true,\"valueName\":\"search_term_string\"}}],\"inLanguage\":\"tr\"},{\"@type\":\"Person\",\"@id\":\"https:\\\/\\\/kibrisdakik.com\\\/#\\\/schema\\\/person\\\/9cd9d437bbb44f72b73ba127e06d8e79\",\"name\":\"admin\",\"image\":{\"@type\":\"ImageObject\",\"inLanguage\":\"tr\",\"@id\":\"https:\\\/\\\/secure.gravatar.com\\\/avatar\\\/ccc17943b9d660506c869530f897617f7cb1c21a4bf30023f252596d83e1f007?s=96&d=mm&r=g\",\"url\":\"https:\\\/\\\/secure.gravatar.com\\\/avatar\\\/ccc17943b9d660506c869530f897617f7cb1c21a4bf30023f252596d83e1f007?s=96&d=mm&r=g\",\"contentUrl\":\"https:\\\/\\\/secure.gravatar.com\\\/avatar\\\/ccc17943b9d660506c869530f897617f7cb1c21a4bf30023f252596d83e1f007?s=96&d=mm&r=g\",\"caption\":\"admin\"},\"sameAs\":[\"https:\\\/\\\/kibrisdakik.com\"],\"url\":\"https:\\\/\\\/kibrisdakik.com\\\/?author=1\"}]}<\/script>\n<!-- \/ Yoast SEO plugin. -->","yoast_head_json":{"title":"G\u00fczelyurt\u2019ta tarlada \u00e7ilek yeti\u015ftiriliyor. \u201c\u00c7ilek meyvesi rengi, tad\u0131 ve aromas\u0131yla ilgi g\u00f6r\u00fcyor\u201d -","robots":{"index":"index","follow":"follow","max-snippet":"max-snippet:-1","max-image-preview":"max-image-preview:large","max-video-preview":"max-video-preview:-1"},"canonical":"https:\/\/kibrisdakik.com\/?p=38340","og_locale":"tr_TR","og_type":"article","og_title":"G\u00fczelyurt\u2019ta tarlada \u00e7ilek yeti\u015ftiriliyor. \u201c\u00c7ilek meyvesi rengi, tad\u0131 ve aromas\u0131yla ilgi g\u00f6r\u00fcyor\u201d -","og_description":"Bat\u0131 b\u00f6lgesinin \u00f6nemli \u00fcretim kayna\u011f\u0131 olan \u00e7ilekte bug\u00fcnlerde hasat zaman\u0131. Ye\u015fil\u0131rmakla ad\u0131n\u0131 duyuran \u00e7ilek meyvesi art\u0131k G\u00fczelyurt\u2019ta da yeti\u015ftiriliyor. Bat\u0131 b\u00f6lgesinin \u00f6nemli \u00fcretim kayna\u011f\u0131 olan \u00e7ilekte yo\u011fun hasat zaman\u0131 ba\u015flad\u0131. G\u00fczelyurt\u2019ta ge\u00e7mi\u015f y\u0131llarda topraks\u0131z k\u00fclt\u00fcrle seralarda yeti\u015ftirilen \u00e7ilek meyvesi,t\u00fcnellerde ve a\u00e7\u0131k tarlada da yeti\u015ftirilmeye ba\u015flad\u0131. \u00d6zellikle hafta sonlar\u0131 \u00fclkenin her yerinden ziyaret\u00e7iler a\u011f\u0131rlayan G\u00fczelyurt b\u00f6lgesinde","og_url":"https:\/\/kibrisdakik.com\/?p=38340","article_published_time":"2024-04-14T22:52:58+00:00","og_image":[{"width":910,"height":430,"url":"https:\/\/kibrisdakik.com\/wp-content\/uploads\/2024\/04\/cilek3456-740x420.jpg","type":"image\/jpeg"}],"author":"admin","twitter_card":"summary_large_image","twitter_misc":{"Yazan:":"admin","Tahmini okuma s\u00fcresi":"1 dakika"},"schema":{"@context":"https:\/\/schema.org","@graph":[{"@type":"Article","@id":"https:\/\/kibrisdakik.com\/?p=38340#article","isPartOf":{"@id":"https:\/\/kibrisdakik.com\/?p=38340"},"author":{"name":"admin","@id":"https:\/\/kibrisdakik.com\/#\/schema\/person\/9cd9d437bbb44f72b73ba127e06d8e79"},"headline":"G\u00fczelyurt\u2019ta tarlada \u00e7ilek yeti\u015ftiriliyor. \u201c\u00c7ilek meyvesi rengi, tad\u0131 ve aromas\u0131yla ilgi g\u00f6r\u00fcyor\u201d","datePublished":"2024-04-14T22:52:58+00:00","mainEntityOfPage":{"@id":"https:\/\/kibrisdakik.com\/?p=38340"},"wordCount":219,"commentCount":0,"image":{"@id":"https:\/\/kibrisdakik.com\/?p=38340#primaryimage"},"thumbnailUrl":"https:\/\/kibrisdakik.com\/wp-content\/uploads\/2024\/04\/cilek3456-740x420.jpg","articleSection":["G\u00fcndem"],"inLanguage":"tr","potentialAction":[{"@type":"CommentAction","name":"Comment","target":["https:\/\/kibrisdakik.com\/?p=38340#respond"]}]},{"@type":"WebPage","@id":"https:\/\/kibrisdakik.com\/?p=38340","url":"https:\/\/kibrisdakik.com\/?p=38340","name":"G\u00fczelyurt\u2019ta tarlada \u00e7ilek yeti\u015ftiriliyor. \u201c\u00c7ilek meyvesi rengi, tad\u0131 ve aromas\u0131yla ilgi g\u00f6r\u00fcyor\u201d -","isPartOf":{"@id":"https:\/\/kibrisdakik.com\/#website"},"primaryImageOfPage":{"@id":"https:\/\/kibrisdakik.com\/?p=38340#primaryimage"},"image":{"@id":"https:\/\/kibrisdakik.com\/?p=38340#primaryimage"},"thumbnailUrl":"https:\/\/kibrisdakik.com\/wp-content\/uploads\/2024\/04\/cilek3456-740x420.jpg","datePublished":"2024-04-14T22:52:58+00:00","author":{"@id":"https:\/\/kibrisdakik.com\/#\/schema\/person\/9cd9d437bbb44f72b73ba127e06d8e79"},"breadcrumb":{"@id":"https:\/\/kibrisdakik.com\/?p=38340#breadcrumb"},"inLanguage":"tr","potentialAction":[{"@type":"ReadAction","target":["https:\/\/kibrisdakik.com\/?p=38340"]}]},{"@type":"ImageObject","inLanguage":"tr","@id":"https:\/\/kibrisdakik.com\/?p=38340#primaryimage","url":"https:\/\/kibrisdakik.com\/wp-content\/uploads\/2024\/04\/cilek3456-740x420.jpg","contentUrl":"https:\/\/kibrisdakik.com\/wp-content\/uploads\/2024\/04\/cilek3456-740x420.jpg","width":910,"height":430},{"@type":"BreadcrumbList","@id":"https:\/\/kibrisdakik.com\/?p=38340#breadcrumb","itemListElement":[{"@type":"ListItem","position":1,"name":"Home","item":"https:\/\/kibrisdakik.com\/"},{"@type":"ListItem","position":2,"name":"G\u00fczelyurt\u2019ta tarlada \u00e7ilek yeti\u015ftiriliyor. \u201c\u00c7ilek meyvesi rengi, tad\u0131 ve aromas\u0131yla ilgi g\u00f6r\u00fcyor\u201d"}]},{"@type":"WebSite","@id":"https:\/\/kibrisdakik.com\/#website","url":"https:\/\/kibrisdakik.com\/","name":"","description":"Tam vaktinde haber","potentialAction":[{"@type":"SearchAction","target":{"@type":"EntryPoint","urlTemplate":"https:\/\/kibrisdakik.com\/?s={search_term_string}"},"query-input":{"@type":"PropertyValueSpecification","valueRequired":true,"valueName":"search_term_string"}}],"inLanguage":"tr"},{"@type":"Person","@id":"https:\/\/kibrisdakik.com\/#\/schema\/person\/9cd9d437bbb44f72b73ba127e06d8e79","name":"admin","image":{"@type":"ImageObject","inLanguage":"tr","@id":"https:\/\/secure.gravatar.com\/avatar\/ccc17943b9d660506c869530f897617f7cb1c21a4bf30023f252596d83e1f007?s=96&d=mm&r=g","url":"https:\/\/secure.gravatar.com\/avatar\/ccc17943b9d660506c869530f897617f7cb1c21a4bf30023f252596d83e1f007?s=96&d=mm&r=g","contentUrl":"https:\/\/secure.gravatar.com\/avatar\/ccc17943b9d660506c869530f897617f7cb1c21a4bf30023f252596d83e1f007?s=96&d=mm&r=g","caption":"admin"},"sameAs":["https:\/\/kibrisdakik.com"],"url":"https:\/\/kibrisdakik.com\/?author=1"}]}},"_links":{"self":[{"href":"https:\/\/kibrisdakik.com\/index.php?rest_route=\/wp\/v2\/posts\/38340","targetHints":{"allow":["GET"]}}],"collection":[{"href":"https:\/\/kibrisdakik.com\/index.php?rest_route=\/wp\/v2\/posts"}],"about":[{"href":"https:\/\/kibrisdakik.com\/index.php?rest_route=\/wp\/v2\/types\/post"}],"author":[{"embeddable":true,"href":"https:\/\/kibrisdakik.com\/index.php?rest_route=\/wp\/v2\/users\/1"}],"replies":[{"embeddable":true,"href":"https:\/\/kibrisdakik.com\/index.php?rest_route=%2Fwp%2Fv2%2Fcomments&post=38340"}],"version-history":[{"count":0,"href":"https:\/\/kibrisdakik.com\/index.php?rest_route=\/wp\/v2\/posts\/38340\/revisions"}],"wp:featuredmedia":[{"embeddable":true,"href":"https:\/\/kibrisdakik.com\/index.php?rest_route=\/wp\/v2\/media\/38341"}],"wp:attachment":[{"href":"https:\/\/kibrisdakik.com\/index.php?rest_route=%2Fwp%2Fv2%2Fmedia&parent=38340"}],"wp:term":[{"taxonomy":"category","embeddable":true,"href":"https:\/\/kibrisdakik.com\/index.php?rest_route=%2Fwp%2Fv2%2Fcategories&post=38340"},{"taxonomy":"post_tag","embeddable":true,"href":"https:\/\/kibrisdakik.com\/index.php?rest_route=%2Fwp%2Fv2%2Ftags&post=38340"}],"curies":[{"name":"wp","href":"https:\/\/api.w.org\/{rel}","templated":true}]}}