{"id":38378,"date":"2024-04-15T12:21:41","date_gmt":"2024-04-15T12:21:41","guid":{"rendered":"https:\/\/kibrisdakik.com\/index.php\/2024\/04\/15\/kktc-uyusturucu-ile-mucadele-stratejileri-paneli-basladi\/"},"modified":"2024-04-15T12:21:41","modified_gmt":"2024-04-15T12:21:41","slug":"kktc-uyusturucu-ile-mucadele-stratejileri-paneli-basladi","status":"publish","type":"post","link":"https:\/\/kibrisdakik.com\/?p=38378","title":{"rendered":"\u201cKKTC Uyu\u015fturucu ile M\u00fccadele Stratejileri Paneli\u201d ba\u015flad\u0131"},"content":{"rendered":"<p><img decoding=\"async\" src=\"https:\/\/www.kibristurk.com\/images\/haberler\/2024\/04\/kktc-uyusturucu-ile-mucadele-stratejileri-paneli-basladi-1713183061.webp\" \/><\/p>\n<p><span style=\"font-size:12pt\"><span style=\"font-family:Calibri,sans-serif\">\u00dc\u00e7 g\u00fcn s\u00fcrecek panel, Ankara \u00dcniversitesi Rekt\u00f6r\u00fcn\u00fcn ba\u015fkanl\u0131\u011f\u0131nda, Ba\u015fbakanl\u0131k Uyu\u015fturucu ile M\u00fccadele Komisyonu, Uluslararas\u0131 Bili\u015fsel Davran\u0131\u015f Terapileri Derne\u011fi (International Cognitive and Behavioural Psychotherapies Society) ile G\u00f6nyeli-Alayk\u00f6y Belediyesinin payda\u015f olarak katk\u0131lar\u0131yla Acapulco Hotel\u2019in sponsorlu\u011funda yap\u0131l\u0131yor.<\/span><\/span><\/p>\n<p>&nbsp;<\/p>\n<p><span style=\"font-size:12pt\"><span style=\"font-family:Calibri,sans-serif\">A\u00e7\u0131l\u0131\u015f konu\u015fmalar\u0131yla ba\u015flayan Panel \u00e7er\u00e7evesinde \u00e7ar\u015famba g\u00fcn\u00fc yap\u0131lacak toplant\u0131 sonunda olu\u015fturulacak taslak rapor, Ba\u015fbakanl\u0131\u011fa sunulacak.<\/span><\/span><\/p>\n<p>&nbsp;<\/p>\n<p><span style=\"font-size:12pt\"><span style=\"font-family:Calibri,sans-serif\">A\u00e7\u0131l\u0131\u015f konu\u015fmalar\u0131n\u0131n ard\u0131ndan Uluslararas\u0131 Bili\u015fsel Davran\u0131\u015f Terapileri Derne\u011finin&nbsp; bireylerin ve kurumlar\u0131n uyu\u015fturucuyla m\u00fccadeledeki katk\u0131lar\u0131n\u0131 onurland\u0131rmak ve bu alandaki bilin\u00e7lendirme \u00e7abalar\u0131n\u0131 te\u015fvik etmek amac\u0131yla haz\u0131rlad\u0131\u011f\u0131 \u00f6d\u00fcl t\u00f6reni yer ald\u0131.<\/span><\/span><\/p>\n<p>&nbsp;<\/p>\n<p><span style=\"font-size:12pt\"><span style=\"font-family:Calibri,sans-serif\">-\u00dcstel: \u201cBu zorlu m\u00fccadelede daha bilin\u00e7li ve etkin ad\u0131mlar atmay\u0131 umut ediyoruz\u201d<\/span><\/span><\/p>\n<p>&nbsp;<\/p>\n<p><span style=\"font-size:12pt\"><span style=\"font-family:Calibri,sans-serif\">Ba\u015fbakan \u00dcnal \u00dcstel\u2019in e\u015fi Zerrin \u00dcstel,&nbsp; \u00dcstel, Panele kat\u0131lan herkese te\u015fekk\u00fcr etti\u011fi konu\u015fmas\u0131nda, \u201cBug\u00fcn, uyu\u015fturucu ile m\u00fccadele konusunda ulusal ve uluslararas\u0131 d\u00fczeyde bilgi ve deneyimlerimizi payla\u015faca\u011f\u0131m\u0131z bu platformda bir araday\u0131z.\u201d dedi.<\/span><\/span><\/p>\n<p>&nbsp;<\/p>\n<p><span style=\"font-size:12pt\"><span style=\"font-family:Calibri,sans-serif\">Gen\u00e7ler ve \u00e7ocuklar\u0131n gelece\u011fi ad\u0131na bu s\u00fcre\u00e7te emek veren herkese minnettar oldu\u011funu dile getiren \u00dcstel, gelecek nesiller i\u00e7in umut dolu bir yar\u0131n in\u015fa edebilme temennisinde bulundu.<\/span><\/span><\/p>\n<p>&nbsp;<\/p>\n<p><span style=\"font-size:12pt\"><span style=\"font-family:Calibri,sans-serif\">Yeni stratejiler geli\u015ftirip, yenilik\u00e7i yakla\u015f\u0131mlar\u0131n ele al\u0131naca\u011f\u0131n\u0131 dile getiren \u00dcstel, uzmanlar taraf\u0131ndan sunulacak bilgilerle, bu zorlu m\u00fccadelede daha bilin\u00e7li ve etkin ad\u0131mlar atmay\u0131 umut ettiklerini belirtti.<\/span><\/span><\/p>\n<p>&nbsp;<\/p>\n<p><span style=\"font-size:12pt\"><span style=\"font-family:Calibri,sans-serif\">Panelin, KKTC Ba\u015fbakanl\u0131kUyu\u015fturucu ile M\u00fccadele Komisyonunun &#8220;Avrupa Okullarda Alkol ve Di\u011fer Uyu\u015fturucular\u0131n Kullan\u0131m\u0131 Ara\u015ft\u0131rmas\u0131&#8221; (ESPAD) verileri ba\u011flam\u0131nda son derece \u00f6nemli bir toplant\u0131 oldu\u011funu dile getiren \u00dcstel, 2023&nbsp; verilerine g\u00f6re alkol kullan\u0131m\u0131n\u0131n y\u00fczde 57,4 gibi y\u00fcksek bir oranda oldu\u011funu belirtti.<\/span><\/span><\/p>\n<p>&nbsp;<\/p>\n<p><span style=\"font-size:12pt\"><span style=\"font-family:Calibri,sans-serif\">\u201cBu rakam gen\u00e7lerimizin kar\u015f\u0131 kar\u015f\u0131ya oldu\u011fu risklerin boyutunu ve bu ba\u011f\u0131ml\u0131l\u0131k yap\u0131c\u0131 maddelerin gen\u00e7 n\u00fcfus \u00fczerindeki etkisini a\u00e7\u0131k\u00e7a ortaya koymaktad\u0131r.\u201d diyen \u00dcstel, \u00f6zellikle esrar kullan\u0131m\u0131n\u0131n y\u00fczde 3.8 seviyesinde olmas\u0131n\u0131n gen\u00e7ler aras\u0131nda ne kadar yayg\u0131n oldu\u011funu ve m\u00fccadelenin de acil oldu\u011funu&nbsp; g\u00f6sterdi\u011fini kaydetti.<\/span><\/span><\/p>\n<p>&nbsp;<\/p>\n<p><span style=\"font-size:12pt\"><span style=\"font-family:Calibri,sans-serif\">Panelin amac\u0131n\u0131n verileri temel alarak, gen\u00e7leri&nbsp; zararl\u0131 al\u0131\u015fkanl\u0131klardan koruyacak ve onlar\u0131 sa\u011fl\u0131kl\u0131 bir gelece\u011fe y\u00f6nlendirecek stratejiler geli\u015ftirmek oldu\u011funu dile getiren \u00dcstel, \u201cSizlerin bu konuda verece\u011fi katk\u0131lar, gelecek nesillerimiz i\u00e7in \u00e7ok de\u011ferli ve hayati \u00f6neme sahiptir.\u201d dedi.<\/span><\/span><\/p>\n<p>&nbsp;<\/p>\n<p><span style=\"font-size:12pt\"><span style=\"font-family:Calibri,sans-serif\">\u00dcstel, Panel sonunda KKTC Uyu\u015fturucu ile M\u00fccadele Komisyonu Ba\u015fkan\u0131 Teyfide Tecel Hatipo\u011flu taraf\u0131ndan formalize edilecek taslak raporun kendilerine ula\u015ft\u0131r\u0131lmas\u0131n\u0131 takiben, s\u00fcrecin y\u00fcr\u00fcrl\u00fc\u011fe girmesinin de takip\u00e7isi olaca\u011f\u0131n\u0131 belirtti.<\/span><\/span><\/p>\n<p>&nbsp;<\/p>\n<p><span style=\"font-size:12pt\"><span style=\"font-family:Calibri,sans-serif\">-Amcao\u011flu<\/span><\/span><\/p>\n<p>&nbsp;<\/p>\n<p><span style=\"font-size:12pt\"><span style=\"font-family:Calibri,sans-serif\">G\u00f6nyeli-Alayk\u00f6y Belediye&nbsp; Ba\u015fkan\u0131 H\u00fcseyin Amcao\u011flu, b\u00fcrokrat kimli\u011fiyle uyu\u015fturucu ile m\u00fccadele konusundaki \u00e7al\u0131\u015fmalar\u0131n\u0131 dile getirerek, beleidye ba\u015fkan\u0131 se\u00e7ilmesinin ard\u0131ndan da uyu\u015fturucu ile m\u00fccadele konusunda fark\u0131ndal\u0131k yaratma noktas\u0131nda \u00e7al\u0131\u015fmaya devam ettiklerini belirtti.<\/span><\/span><\/p>\n<p>&nbsp;<\/p>\n<p><span style=\"font-size:12pt\"><span style=\"font-family:Calibri,sans-serif\">KKTC Ba\u015fbakanl\u0131k Uyu\u015fturucu ile M\u00fccadele Komisyonunun 2014 y\u0131l\u0131nda kurulu\u015fuyla kurumsal m\u00fccadele anlam\u0131nda ad\u0131m at\u0131ld\u0131\u011f\u0131n\u0131 s\u00f6yleyen Amcao\u011flu, denetimli serbestlik konusunda e\u011fitim ve test ba\u011flam\u0131ndaki eksikliklerin giderildi\u011fini, \u00f6nemli bir noktaya gelindi\u011fini belirtti.<\/span><\/span><\/p>\n<p>&nbsp;<\/p>\n<p><span style=\"font-size:12pt\"><span style=\"font-family:Calibri,sans-serif\">&nbsp;Uyu\u015fturucu kullananlar\u0131n da ailelerinin de b\u00fcy\u00fck zorluklar ya\u015fad\u0131\u011f\u0131n\u0131 dile getiren Amcao\u011flu, kullan\u0131ma ba\u015flamadan \u00f6nlemenin \u00f6nemine vurgu yapt\u0131.<\/span><\/span><\/p>\n<p>&nbsp;<\/p>\n<p><span style=\"font-size:12pt\"><span style=\"font-family:Calibri,sans-serif\">-Hatipo\u011flu<\/span><\/span><\/p>\n<p>&nbsp;<\/p>\n<p><span style=\"font-size:12pt\"><span style=\"font-family:Calibri,sans-serif\">KKTC Ba\u015fbakanl\u0131k Uyu\u015fturucu \u0130le M\u00fccadele Komisyonu Ba\u015fkan\u0131 Teyfide Tecel Hatipo\u011flu, bug\u00fcnk\u00fc Panelle yeni ve efektif stratejileri belirlemek i\u00e7in bir ad\u0131m at\u0131ld\u0131\u011f\u0131n\u0131, uyu\u015fturucu ile m\u00fccadelede etkili \u00e7\u00f6z\u00fcmler \u00fcretebilmeyi hedeflediklerini kaydetti.<\/span><\/span><\/p>\n<p>&nbsp;<\/p>\n<p><span style=\"font-size:12pt\"><span style=\"font-family:Calibri,sans-serif\">Hatipo\u011flu, toplumun dinmek bilmeyen yaras\u0131na merhem olmak i\u00e7in bir taslak rapor haz\u0131rlanaca\u011f\u0131n\u0131 bu hedef do\u011frultusunda \u00e7al\u0131\u015facaklar\u0131n\u0131 ifade etti.<\/span><\/span><\/p>\n<p>&nbsp;<\/p>\n<p><span style=\"font-size:12pt\"><span style=\"font-family:Calibri,sans-serif\">&#8211; Bekiro\u011fullar\u0131<\/span><\/span><\/p>\n<p>&nbsp;<\/p>\n<p><span style=\"font-size:12pt\"><span style=\"font-family:Calibri,sans-serif\">Uluslararas\u0131 Bili\u015fsel Psikoterapiler Derne\u011fi Ba\u015fkan\u0131 ve KKTC Uyu\u015fturucu ile M\u00fccadele Komisyonu E\u011fitim Dan\u0131\u015fman\u0131&nbsp; Zafer Bekiro\u011fullar\u0131, yap\u0131lan i\u015f birlikleri ve \u00e7al\u0131\u015fmalarla ilgili bilgi verdi\u011fi konu\u015fmas\u0131nda, ekibine ve katk\u0131 koyan herkese te\u015fekk\u00fcr etti.<\/span><\/span><\/p>\n<p>&nbsp;<\/p>\n<p>&nbsp;<\/p>\n<p><span style=\"font-size:12pt\"><span style=\"font-family:Calibri,sans-serif\">-K\u0131rok<\/span><\/span><\/p>\n<p>&nbsp;<\/p>\n<p><span style=\"font-size:12pt\"><span style=\"font-family:Calibri,sans-serif\">Polis Genel M\u00fcd\u00fcrl\u00fc\u011f\u00fcne ba\u011fl\u0131 Narkotik ve Ka\u00e7ak\u00e7\u0131l\u0131\u011f\u0131 \u00d6nleme M\u00fcd\u00fcr\u00fc Turgay K\u0131rok, uyu\u015fturucunun t\u00fcm d\u00fcnayay\u0131 etkileyen global sorun oldu\u011funa i\u015faret ederek, m\u00fccadelenin sadece polisin \u00e7abalar\u0131yla ger\u00e7ekle\u015ftirilemeyece\u011fini payda\u015f say\u0131s\u0131n\u0131n artmas\u0131yla ba\u015far\u0131n\u0131n da artaca\u011f\u0131n\u0131 belirtti.<\/span><\/span><\/p>\n<p>&nbsp;<\/p>\n<p><span style=\"font-size:12pt\"><span style=\"font-family:Calibri,sans-serif\">K\u0131rok, uyu\u015fturucu konusunda fark\u0131ndal\u0131k yaratma noktas\u0131nda medyaya g\u00f6rev d\u00fc\u015ft\u00fc\u011f\u00fcn\u00fc ancak verilen bilgilere dikkat edilmesi yanl\u0131\u015f bilgiler verilmemesi gerekti\u011fini s\u00f6yleyerek, uyu\u015fturucu ya\u015f\u0131n\u0131n 11\u2019e d\u00fc\u015ft\u00fc\u011f\u00fc y\u00f6n\u00fcnde payla\u015f\u0131lan bilgilerin ger\u00e7e\u011fi yans\u0131tmad\u0131\u011f\u0131n\u0131, ba\u015flama ya\u015f\u0131n\u0131n s\u0131kl\u0131kla 15-24 ya\u015f aras\u0131 oldu\u011funu dile getirdi.<\/span><\/span><\/p>\n<p>&nbsp;<\/p>\n<p><span style=\"font-size:12pt\"><span style=\"font-family:Calibri,sans-serif\">-\u00dcn\u00fcvar<\/span><\/span><\/p>\n<p>&nbsp;<\/p>\n<p><span style=\"font-size:12pt\"><span style=\"font-family:Calibri,sans-serif\">Ankara \u00dcniversitesi Rekt\u00f6r\u00fc Prof. Dr. Necdet \u00dcn\u00fcvar ise online projeksiyon \u00fczerinden yapt\u0131\u011f\u0131 konu\u015fmas\u0131nda KKTC\u2019ye her t\u00fcrl\u00fc yard\u0131m\u0131 yapmaya haz\u0131r olduklar\u0131n\u0131 s\u00f6yleyerek, e\u011fitimcilere verilecek e\u011fitimin \u00f6nemine vurgu yapt\u0131.<\/span><\/span><\/p>\n<p>&nbsp;<\/p>\n<p><span style=\"font-size:12pt\"><span style=\"font-family:Calibri,sans-serif\">-\u0130lhan<\/span><\/span><\/p>\n<p>&nbsp;<\/p>\n<p><span style=\"font-size:12pt\"><span style=\"font-family:Calibri,sans-serif\">Gazi \u00dcniversitesi T\u0131p Fak\u00fcltesi Ana Bilim Dal\u0131 Ba\u015fkan\u0131 Prof. Dr. Mustafa Necmi \u0130lhan da i\u015f birli\u011fi i\u00e7inde ilerleyeceklerini, uyu\u015fturucunun sa\u011fl\u0131k, g\u00fcvenlik ve sosyal alanlar\u0131 etkileyen bir sorun oldu\u011funu deneyimlerini payla\u015farak m\u00fccadeleyi iyi bir noktaya ta\u015f\u0131yacaklar\u0131n\u0131 belirtti.<\/span><\/span><\/p>\n<p>&nbsp;<\/p>\n<p><span style=\"font-size:12pt\"><span style=\"font-family:Calibri,sans-serif\">-Da\u011fl\u0131o\u011flu<\/span><\/span><\/p>\n<p>&nbsp;<\/p>\n<p><span style=\"font-size:12pt\"><span style=\"font-family:Calibri,sans-serif\">Ankara \u00dcniversitesini temsilen Ankara \u00dcniversitesi Adli Bilimler Enstit\u00fcs\u00fc Adli Toksikoloji Ana Bilim Dal\u0131 Ba\u015fkan\u0131 Prof. Dr. Nebile Da\u011fl\u0131o\u011flu da uyu\u015fturucu ile m\u00fccadelede sahada \u00e7al\u0131\u015fanlara e\u011fitim verilmesi noktas\u0131n\u0131n \u00f6nemine vurgu yaparak, e\u011fitimcilerin e\u011fitilmesinin \u00f6nemli oldu\u011funu kaydetti.<\/span><\/span><\/p>\n<p>&nbsp;<\/p>\n<p><span style=\"font-size:12pt\"><span style=\"font-family:Calibri,sans-serif\">-Sar\u0131g\u00fczel<\/span><\/span><\/p>\n<p>&nbsp;<\/p>\n<p><span style=\"font-size:12pt\"><span style=\"font-family:Calibri,sans-serif\">TC. Polis Akademisi \u00d6\u011fretim G\u00f6revlisi, 2. S\u0131n\u0131f Emniyet M\u00fcd\u00fcr\u00fc Murat Sar\u0131g\u00fczel de KKTC ile uyu\u015ftucu ile m\u00fccadele alan\u0131nda i\u015f birliklerinin devam etti\u011fini s\u00f6yleyerek, bu Panelde de tecr\u00fcbelerini payla\u015facaklar\u0131n\u0131, buradaki tecr\u00fcbelerden de kazan\u0131m elde edeceklerini belirtti.<\/span><\/span><\/p>\n<p>&nbsp;<\/p>\n<p><span style=\"font-size:12pt\"><span style=\"font-family:Calibri,sans-serif\">-Ko\u00e7<\/span><\/span><\/p>\n<p>&nbsp;<\/p>\n<p><span style=\"font-size:12pt\"><span style=\"font-family:Calibri,sans-serif\">1. S\u0131n\u0131f Emniyet Genel M\u00fcd\u00fcr\u00fc Erdem Ko\u00e7, sahip olduklar\u0131 tecr\u00fcbeyi, payla\u015fmak i\u00e7in Panelin \u00f6nemli bir f\u0131rsat oldu\u011funu dile getirerek, KKTC\u2019ye her t\u00fcrl\u00fc deste\u011fi vermeye haz\u0131r olduklar\u0131n\u0131 s\u00f6yledi.<\/span><\/span><\/p>\n<p>&nbsp;<\/p>\n<p><span style=\"font-size:12pt\"><span style=\"font-family:Calibri,sans-serif\">-Kurto\u011flu<\/span><\/span><\/p>\n<p>&nbsp;<\/p>\n<p><span style=\"font-size:12pt\"><span style=\"font-family:Calibri,sans-serif\">Ka\u00e7ak\u00e7\u0131l\u0131k \u0130stihbarat Harekat Bilgi Toplama Dairesi Ba\u015fkan\u0131 Gazi Levent Kurto\u011flu da son y\u0131llarda geleneksel uyu\u015fturucular\u0131n evrim ge\u00e7irerek kimyasal uyu\u015fturucular\u0131n ortaya \u00e7\u0131kt\u0131\u011f\u0131n\u0131 ve konunun \u00f6nemli bir uluslararas\u0131 sorun haline geldi\u011fini belirtti.<\/span><\/span><\/p>\n<p>&nbsp;<\/p>\n<p><span style=\"font-size:12pt\"><span style=\"font-family:Calibri,sans-serif\">Uluslararas\u0131 i\u015f birliklerinin bu nedenle \u00f6nem kazand\u0131\u011f\u0131n\u0131 s\u00f6yleyen Kurto\u011flu, T\u00fcrkiye\u2019nin m\u00fccadeleye s\u0131f\u0131r tolerans ile devam etti\u011fini, KKTC\u2019ye de her t\u00fcrl\u00fc deste\u011fi vereceklerini kaydetti.<\/span><\/span><\/p>\n<p>&nbsp;<\/p>\n<p><span style=\"font-size:12pt\"><span style=\"font-family:Calibri,sans-serif\">A\u00e7\u0131l\u0131\u015f konu\u015fmalar\u0131n\u0131n ard\u0131ndan Uluslararas\u0131 Bili\u015fsel Davran\u0131\u015f Terapileri Derne\u011finin&nbsp; \u201cToplum Bilin\u00e7lendirme ve Koruma, Medya ve \u0130leti\u015fim, E\u011fitim ve \u00d6\u011fretim, Bilimsel Ara\u015ft\u0131rma ve Katk\u0131, Toplumsal De\u011fi\u015fim ve Kat\u0131l\u0131m, Uyu\u015fturucu Ba\u011f\u0131ml\u0131l\u0131\u011f\u0131yla M\u00fccadele ve Dernek \u0130\u015f Birli\u011fi, \u00d6nc\u00fc Sa\u011fl\u0131k Hizmetleri ve Toplumsal Katk\u0131, Liderlik ve Toplumsal De\u011fi\u015fim\u201d alanlar\u0131nda verdi\u011fi \u00f6d\u00fcller sahiplerine takdim edildi.<\/span><\/span><\/p>\n","protected":false},"excerpt":{"rendered":"<p>\u00dc\u00e7 g\u00fcn s\u00fcrecek panel, Ankara \u00dcniversitesi Rekt\u00f6r\u00fcn\u00fcn ba\u015fkanl\u0131\u011f\u0131nda, Ba\u015fbakanl\u0131k Uyu\u015fturucu ile M\u00fccadele Komisyonu, Uluslararas\u0131 Bili\u015fsel Davran\u0131\u015f Terapileri Derne\u011fi (International Cognitive and Behavioural Psychotherapies Society) ile G\u00f6nyeli-Alayk\u00f6y Belediyesinin payda\u015f olarak katk\u0131lar\u0131yla Acapulco Hotel\u2019in sponsorlu\u011funda yap\u0131l\u0131yor. &nbsp; A\u00e7\u0131l\u0131\u015f konu\u015fmalar\u0131yla ba\u015flayan Panel \u00e7er\u00e7evesinde \u00e7ar\u015famba g\u00fcn\u00fc yap\u0131lacak toplant\u0131 sonunda olu\u015fturulacak taslak rapor, Ba\u015fbakanl\u0131\u011fa sunulacak. &nbsp; A\u00e7\u0131l\u0131\u015f konu\u015fmalar\u0131n\u0131n ard\u0131ndan Uluslararas\u0131<\/p>\n","protected":false},"author":1,"featured_media":38379,"comment_status":"open","ping_status":"open","sticky":false,"template":"","format":"standard","meta":{"footnotes":""},"categories":[79],"tags":[],"class_list":["post-38378","post","type-post","status-publish","format-standard","has-post-thumbnail","hentry","category-ekonomi"],"yoast_head":"<!-- This site is optimized with the Yoast SEO plugin v27.4 - https:\/\/yoast.com\/product\/yoast-seo-wordpress\/ -->\n<title>\u201cKKTC Uyu\u015fturucu ile M\u00fccadele Stratejileri Paneli\u201d ba\u015flad\u0131 -<\/title>\n<meta name=\"robots\" content=\"index, follow, max-snippet:-1, max-image-preview:large, max-video-preview:-1\" \/>\n<link rel=\"canonical\" href=\"https:\/\/kibrisdakik.com\/?p=38378\" \/>\n<meta property=\"og:locale\" content=\"tr_TR\" \/>\n<meta property=\"og:type\" content=\"article\" \/>\n<meta property=\"og:title\" content=\"\u201cKKTC Uyu\u015fturucu ile M\u00fccadele Stratejileri Paneli\u201d ba\u015flad\u0131 -\" \/>\n<meta property=\"og:description\" content=\"\u00dc\u00e7 g\u00fcn s\u00fcrecek panel, Ankara \u00dcniversitesi Rekt\u00f6r\u00fcn\u00fcn ba\u015fkanl\u0131\u011f\u0131nda, Ba\u015fbakanl\u0131k Uyu\u015fturucu ile M\u00fccadele Komisyonu, Uluslararas\u0131 Bili\u015fsel Davran\u0131\u015f Terapileri Derne\u011fi (International Cognitive and Behavioural Psychotherapies Society) ile G\u00f6nyeli-Alayk\u00f6y Belediyesinin payda\u015f olarak katk\u0131lar\u0131yla Acapulco Hotel\u2019in sponsorlu\u011funda yap\u0131l\u0131yor. &nbsp; A\u00e7\u0131l\u0131\u015f konu\u015fmalar\u0131yla ba\u015flayan Panel \u00e7er\u00e7evesinde \u00e7ar\u015famba g\u00fcn\u00fc yap\u0131lacak toplant\u0131 sonunda olu\u015fturulacak taslak rapor, Ba\u015fbakanl\u0131\u011fa sunulacak. &nbsp; A\u00e7\u0131l\u0131\u015f konu\u015fmalar\u0131n\u0131n ard\u0131ndan Uluslararas\u0131\" \/>\n<meta property=\"og:url\" content=\"https:\/\/kibrisdakik.com\/?p=38378\" \/>\n<meta property=\"article:published_time\" content=\"2024-04-15T12:21:41+00:00\" \/>\n<meta property=\"og:image\" content=\"https:\/\/kibrisdakik.com\/wp-content\/uploads\/2024\/04\/kktc-uyusturucu-ile-mucadele-stratejileri-paneli-basladi-1713183061.webp.webp\" \/>\n\t<meta property=\"og:image:width\" content=\"710\" \/>\n\t<meta property=\"og:image:height\" content=\"370\" \/>\n\t<meta property=\"og:image:type\" content=\"image\/webp\" \/>\n<meta name=\"author\" content=\"admin\" \/>\n<meta name=\"twitter:card\" content=\"summary_large_image\" \/>\n<meta name=\"twitter:label1\" content=\"Yazan:\" \/>\n\t<meta name=\"twitter:data1\" content=\"admin\" \/>\n\t<meta name=\"twitter:label2\" content=\"Tahmini okuma s\u00fcresi\" \/>\n\t<meta name=\"twitter:data2\" content=\"6 dakika\" \/>\n<script type=\"application\/ld+json\" class=\"yoast-schema-graph\">{\"@context\":\"https:\\\/\\\/schema.org\",\"@graph\":[{\"@type\":\"Article\",\"@id\":\"https:\\\/\\\/kibrisdakik.com\\\/?p=38378#article\",\"isPartOf\":{\"@id\":\"https:\\\/\\\/kibrisdakik.com\\\/?p=38378\"},\"author\":{\"name\":\"admin\",\"@id\":\"https:\\\/\\\/kibrisdakik.com\\\/#\\\/schema\\\/person\\\/9cd9d437bbb44f72b73ba127e06d8e79\"},\"headline\":\"\u201cKKTC Uyu\u015fturucu ile M\u00fccadele Stratejileri Paneli\u201d ba\u015flad\u0131\",\"datePublished\":\"2024-04-15T12:21:41+00:00\",\"mainEntityOfPage\":{\"@id\":\"https:\\\/\\\/kibrisdakik.com\\\/?p=38378\"},\"wordCount\":1307,\"commentCount\":0,\"image\":{\"@id\":\"https:\\\/\\\/kibrisdakik.com\\\/?p=38378#primaryimage\"},\"thumbnailUrl\":\"https:\\\/\\\/kibrisdakik.com\\\/wp-content\\\/uploads\\\/2024\\\/04\\\/kktc-uyusturucu-ile-mucadele-stratejileri-paneli-basladi-1713183061.webp.webp\",\"articleSection\":[\"Ekonomi\"],\"inLanguage\":\"tr\",\"potentialAction\":[{\"@type\":\"CommentAction\",\"name\":\"Comment\",\"target\":[\"https:\\\/\\\/kibrisdakik.com\\\/?p=38378#respond\"]}]},{\"@type\":\"WebPage\",\"@id\":\"https:\\\/\\\/kibrisdakik.com\\\/?p=38378\",\"url\":\"https:\\\/\\\/kibrisdakik.com\\\/?p=38378\",\"name\":\"\u201cKKTC Uyu\u015fturucu ile M\u00fccadele Stratejileri Paneli\u201d ba\u015flad\u0131 -\",\"isPartOf\":{\"@id\":\"https:\\\/\\\/kibrisdakik.com\\\/#website\"},\"primaryImageOfPage\":{\"@id\":\"https:\\\/\\\/kibrisdakik.com\\\/?p=38378#primaryimage\"},\"image\":{\"@id\":\"https:\\\/\\\/kibrisdakik.com\\\/?p=38378#primaryimage\"},\"thumbnailUrl\":\"https:\\\/\\\/kibrisdakik.com\\\/wp-content\\\/uploads\\\/2024\\\/04\\\/kktc-uyusturucu-ile-mucadele-stratejileri-paneli-basladi-1713183061.webp.webp\",\"datePublished\":\"2024-04-15T12:21:41+00:00\",\"author\":{\"@id\":\"https:\\\/\\\/kibrisdakik.com\\\/#\\\/schema\\\/person\\\/9cd9d437bbb44f72b73ba127e06d8e79\"},\"breadcrumb\":{\"@id\":\"https:\\\/\\\/kibrisdakik.com\\\/?p=38378#breadcrumb\"},\"inLanguage\":\"tr\",\"potentialAction\":[{\"@type\":\"ReadAction\",\"target\":[\"https:\\\/\\\/kibrisdakik.com\\\/?p=38378\"]}]},{\"@type\":\"ImageObject\",\"inLanguage\":\"tr\",\"@id\":\"https:\\\/\\\/kibrisdakik.com\\\/?p=38378#primaryimage\",\"url\":\"https:\\\/\\\/kibrisdakik.com\\\/wp-content\\\/uploads\\\/2024\\\/04\\\/kktc-uyusturucu-ile-mucadele-stratejileri-paneli-basladi-1713183061.webp.webp\",\"contentUrl\":\"https:\\\/\\\/kibrisdakik.com\\\/wp-content\\\/uploads\\\/2024\\\/04\\\/kktc-uyusturucu-ile-mucadele-stratejileri-paneli-basladi-1713183061.webp.webp\",\"width\":710,\"height\":370},{\"@type\":\"BreadcrumbList\",\"@id\":\"https:\\\/\\\/kibrisdakik.com\\\/?p=38378#breadcrumb\",\"itemListElement\":[{\"@type\":\"ListItem\",\"position\":1,\"name\":\"Home\",\"item\":\"https:\\\/\\\/kibrisdakik.com\\\/\"},{\"@type\":\"ListItem\",\"position\":2,\"name\":\"\u201cKKTC Uyu\u015fturucu ile M\u00fccadele Stratejileri Paneli\u201d ba\u015flad\u0131\"}]},{\"@type\":\"WebSite\",\"@id\":\"https:\\\/\\\/kibrisdakik.com\\\/#website\",\"url\":\"https:\\\/\\\/kibrisdakik.com\\\/\",\"name\":\"\",\"description\":\"Tam vaktinde haber\",\"potentialAction\":[{\"@type\":\"SearchAction\",\"target\":{\"@type\":\"EntryPoint\",\"urlTemplate\":\"https:\\\/\\\/kibrisdakik.com\\\/?s={search_term_string}\"},\"query-input\":{\"@type\":\"PropertyValueSpecification\",\"valueRequired\":true,\"valueName\":\"search_term_string\"}}],\"inLanguage\":\"tr\"},{\"@type\":\"Person\",\"@id\":\"https:\\\/\\\/kibrisdakik.com\\\/#\\\/schema\\\/person\\\/9cd9d437bbb44f72b73ba127e06d8e79\",\"name\":\"admin\",\"image\":{\"@type\":\"ImageObject\",\"inLanguage\":\"tr\",\"@id\":\"https:\\\/\\\/secure.gravatar.com\\\/avatar\\\/ccc17943b9d660506c869530f897617f7cb1c21a4bf30023f252596d83e1f007?s=96&d=mm&r=g\",\"url\":\"https:\\\/\\\/secure.gravatar.com\\\/avatar\\\/ccc17943b9d660506c869530f897617f7cb1c21a4bf30023f252596d83e1f007?s=96&d=mm&r=g\",\"contentUrl\":\"https:\\\/\\\/secure.gravatar.com\\\/avatar\\\/ccc17943b9d660506c869530f897617f7cb1c21a4bf30023f252596d83e1f007?s=96&d=mm&r=g\",\"caption\":\"admin\"},\"sameAs\":[\"https:\\\/\\\/kibrisdakik.com\"],\"url\":\"https:\\\/\\\/kibrisdakik.com\\\/?author=1\"}]}<\/script>\n<!-- \/ Yoast SEO plugin. -->","yoast_head_json":{"title":"\u201cKKTC Uyu\u015fturucu ile M\u00fccadele Stratejileri Paneli\u201d ba\u015flad\u0131 -","robots":{"index":"index","follow":"follow","max-snippet":"max-snippet:-1","max-image-preview":"max-image-preview:large","max-video-preview":"max-video-preview:-1"},"canonical":"https:\/\/kibrisdakik.com\/?p=38378","og_locale":"tr_TR","og_type":"article","og_title":"\u201cKKTC Uyu\u015fturucu ile M\u00fccadele Stratejileri Paneli\u201d ba\u015flad\u0131 -","og_description":"\u00dc\u00e7 g\u00fcn s\u00fcrecek panel, Ankara \u00dcniversitesi Rekt\u00f6r\u00fcn\u00fcn ba\u015fkanl\u0131\u011f\u0131nda, Ba\u015fbakanl\u0131k Uyu\u015fturucu ile M\u00fccadele Komisyonu, Uluslararas\u0131 Bili\u015fsel Davran\u0131\u015f Terapileri Derne\u011fi (International Cognitive and Behavioural Psychotherapies Society) ile G\u00f6nyeli-Alayk\u00f6y Belediyesinin payda\u015f olarak katk\u0131lar\u0131yla Acapulco Hotel\u2019in sponsorlu\u011funda yap\u0131l\u0131yor. &nbsp; A\u00e7\u0131l\u0131\u015f konu\u015fmalar\u0131yla ba\u015flayan Panel \u00e7er\u00e7evesinde \u00e7ar\u015famba g\u00fcn\u00fc yap\u0131lacak toplant\u0131 sonunda olu\u015fturulacak taslak rapor, Ba\u015fbakanl\u0131\u011fa sunulacak. &nbsp; A\u00e7\u0131l\u0131\u015f konu\u015fmalar\u0131n\u0131n ard\u0131ndan Uluslararas\u0131","og_url":"https:\/\/kibrisdakik.com\/?p=38378","article_published_time":"2024-04-15T12:21:41+00:00","og_image":[{"width":710,"height":370,"url":"https:\/\/kibrisdakik.com\/wp-content\/uploads\/2024\/04\/kktc-uyusturucu-ile-mucadele-stratejileri-paneli-basladi-1713183061.webp.webp","type":"image\/webp"}],"author":"admin","twitter_card":"summary_large_image","twitter_misc":{"Yazan:":"admin","Tahmini okuma s\u00fcresi":"6 dakika"},"schema":{"@context":"https:\/\/schema.org","@graph":[{"@type":"Article","@id":"https:\/\/kibrisdakik.com\/?p=38378#article","isPartOf":{"@id":"https:\/\/kibrisdakik.com\/?p=38378"},"author":{"name":"admin","@id":"https:\/\/kibrisdakik.com\/#\/schema\/person\/9cd9d437bbb44f72b73ba127e06d8e79"},"headline":"\u201cKKTC Uyu\u015fturucu ile M\u00fccadele Stratejileri Paneli\u201d ba\u015flad\u0131","datePublished":"2024-04-15T12:21:41+00:00","mainEntityOfPage":{"@id":"https:\/\/kibrisdakik.com\/?p=38378"},"wordCount":1307,"commentCount":0,"image":{"@id":"https:\/\/kibrisdakik.com\/?p=38378#primaryimage"},"thumbnailUrl":"https:\/\/kibrisdakik.com\/wp-content\/uploads\/2024\/04\/kktc-uyusturucu-ile-mucadele-stratejileri-paneli-basladi-1713183061.webp.webp","articleSection":["Ekonomi"],"inLanguage":"tr","potentialAction":[{"@type":"CommentAction","name":"Comment","target":["https:\/\/kibrisdakik.com\/?p=38378#respond"]}]},{"@type":"WebPage","@id":"https:\/\/kibrisdakik.com\/?p=38378","url":"https:\/\/kibrisdakik.com\/?p=38378","name":"\u201cKKTC Uyu\u015fturucu ile M\u00fccadele Stratejileri Paneli\u201d ba\u015flad\u0131 -","isPartOf":{"@id":"https:\/\/kibrisdakik.com\/#website"},"primaryImageOfPage":{"@id":"https:\/\/kibrisdakik.com\/?p=38378#primaryimage"},"image":{"@id":"https:\/\/kibrisdakik.com\/?p=38378#primaryimage"},"thumbnailUrl":"https:\/\/kibrisdakik.com\/wp-content\/uploads\/2024\/04\/kktc-uyusturucu-ile-mucadele-stratejileri-paneli-basladi-1713183061.webp.webp","datePublished":"2024-04-15T12:21:41+00:00","author":{"@id":"https:\/\/kibrisdakik.com\/#\/schema\/person\/9cd9d437bbb44f72b73ba127e06d8e79"},"breadcrumb":{"@id":"https:\/\/kibrisdakik.com\/?p=38378#breadcrumb"},"inLanguage":"tr","potentialAction":[{"@type":"ReadAction","target":["https:\/\/kibrisdakik.com\/?p=38378"]}]},{"@type":"ImageObject","inLanguage":"tr","@id":"https:\/\/kibrisdakik.com\/?p=38378#primaryimage","url":"https:\/\/kibrisdakik.com\/wp-content\/uploads\/2024\/04\/kktc-uyusturucu-ile-mucadele-stratejileri-paneli-basladi-1713183061.webp.webp","contentUrl":"https:\/\/kibrisdakik.com\/wp-content\/uploads\/2024\/04\/kktc-uyusturucu-ile-mucadele-stratejileri-paneli-basladi-1713183061.webp.webp","width":710,"height":370},{"@type":"BreadcrumbList","@id":"https:\/\/kibrisdakik.com\/?p=38378#breadcrumb","itemListElement":[{"@type":"ListItem","position":1,"name":"Home","item":"https:\/\/kibrisdakik.com\/"},{"@type":"ListItem","position":2,"name":"\u201cKKTC Uyu\u015fturucu ile M\u00fccadele Stratejileri Paneli\u201d ba\u015flad\u0131"}]},{"@type":"WebSite","@id":"https:\/\/kibrisdakik.com\/#website","url":"https:\/\/kibrisdakik.com\/","name":"","description":"Tam vaktinde haber","potentialAction":[{"@type":"SearchAction","target":{"@type":"EntryPoint","urlTemplate":"https:\/\/kibrisdakik.com\/?s={search_term_string}"},"query-input":{"@type":"PropertyValueSpecification","valueRequired":true,"valueName":"search_term_string"}}],"inLanguage":"tr"},{"@type":"Person","@id":"https:\/\/kibrisdakik.com\/#\/schema\/person\/9cd9d437bbb44f72b73ba127e06d8e79","name":"admin","image":{"@type":"ImageObject","inLanguage":"tr","@id":"https:\/\/secure.gravatar.com\/avatar\/ccc17943b9d660506c869530f897617f7cb1c21a4bf30023f252596d83e1f007?s=96&d=mm&r=g","url":"https:\/\/secure.gravatar.com\/avatar\/ccc17943b9d660506c869530f897617f7cb1c21a4bf30023f252596d83e1f007?s=96&d=mm&r=g","contentUrl":"https:\/\/secure.gravatar.com\/avatar\/ccc17943b9d660506c869530f897617f7cb1c21a4bf30023f252596d83e1f007?s=96&d=mm&r=g","caption":"admin"},"sameAs":["https:\/\/kibrisdakik.com"],"url":"https:\/\/kibrisdakik.com\/?author=1"}]}},"_links":{"self":[{"href":"https:\/\/kibrisdakik.com\/index.php?rest_route=\/wp\/v2\/posts\/38378","targetHints":{"allow":["GET"]}}],"collection":[{"href":"https:\/\/kibrisdakik.com\/index.php?rest_route=\/wp\/v2\/posts"}],"about":[{"href":"https:\/\/kibrisdakik.com\/index.php?rest_route=\/wp\/v2\/types\/post"}],"author":[{"embeddable":true,"href":"https:\/\/kibrisdakik.com\/index.php?rest_route=\/wp\/v2\/users\/1"}],"replies":[{"embeddable":true,"href":"https:\/\/kibrisdakik.com\/index.php?rest_route=%2Fwp%2Fv2%2Fcomments&post=38378"}],"version-history":[{"count":0,"href":"https:\/\/kibrisdakik.com\/index.php?rest_route=\/wp\/v2\/posts\/38378\/revisions"}],"wp:featuredmedia":[{"embeddable":true,"href":"https:\/\/kibrisdakik.com\/index.php?rest_route=\/wp\/v2\/media\/38379"}],"wp:attachment":[{"href":"https:\/\/kibrisdakik.com\/index.php?rest_route=%2Fwp%2Fv2%2Fmedia&parent=38378"}],"wp:term":[{"taxonomy":"category","embeddable":true,"href":"https:\/\/kibrisdakik.com\/index.php?rest_route=%2Fwp%2Fv2%2Fcategories&post=38378"},{"taxonomy":"post_tag","embeddable":true,"href":"https:\/\/kibrisdakik.com\/index.php?rest_route=%2Fwp%2Fv2%2Ftags&post=38378"}],"curies":[{"name":"wp","href":"https:\/\/api.w.org\/{rel}","templated":true}]}}