{"id":38403,"date":"2024-04-15T17:08:39","date_gmt":"2024-04-15T17:08:39","guid":{"rendered":"https:\/\/kibrisdakik.com\/index.php\/2024\/04\/15\/cumhuriyet-meclisi-bugunku-calismalarini-tamamladi-2\/"},"modified":"2024-04-15T17:08:39","modified_gmt":"2024-04-15T17:08:39","slug":"cumhuriyet-meclisi-bugunku-calismalarini-tamamladi-2","status":"publish","type":"post","link":"https:\/\/kibrisdakik.com\/?p=38403","title":{"rendered":"Cumhuriyet Meclisi bug\u00fcnk\u00fc \u00e7al\u0131\u015fmalar\u0131n\u0131 tamamlad\u0131"},"content":{"rendered":"<p><\/p>\n<div>\n<div class=\"mariselle-image-container center\">\n                <img loading=\"lazy\" decoding=\"async\" width=\"1600\" height=\"1066\" class=\"lazy-image\" alt=\"\" sizes=\"auto, (max-width: 1600px) 100vw, 1600px\" src=\"https:\/\/brtk.net\/wp-content\/uploads\/2024\/04\/01\/meclis-genel-kurulu-26-subat-24-1-5.jpeg?ver=dfc55f18d411ec96fd5d27ddceebee18\" srcset=\"https:\/\/brtk.net\/wp-content\/uploads\/2024\/04\/01\/meclis-genel-kurulu-26-subat-24-1-5.jpeg?ver=dfc55f18d411ec96fd5d27ddceebee18 1600w, https:\/\/brtk.net\/wp-content\/uploads\/2024\/04\/01\/meclis-genel-kurulu-26-subat-24-1-5-300x200.jpeg?ver=dfc55f18d411ec96fd5d27ddceebee18 300w, https:\/\/brtk.net\/wp-content\/uploads\/2024\/04\/01\/meclis-genel-kurulu-26-subat-24-1-5-1024x682.jpeg?ver=dfc55f18d411ec96fd5d27ddceebee18 1024w, https:\/\/brtk.net\/wp-content\/uploads\/2024\/04\/01\/meclis-genel-kurulu-26-subat-24-1-5-768x512.jpeg?ver=dfc55f18d411ec96fd5d27ddceebee18 768w, https:\/\/brtk.net\/wp-content\/uploads\/2024\/04\/01\/meclis-genel-kurulu-26-subat-24-1-5-1536x1023.jpeg?ver=648e5d1ff4bb4dd774075e8250bbbed5 1536w\"\/>                            <\/div>\n<p>\nCumhuriyet Meclisi Genel Kurulu bug\u00fcnk\u00fc \u00e7al\u0131\u015fmalar\u0131n\u0131 tamamlad\u0131. Genel Kurul yar\u0131n saat 10.00\u2019da denetim g\u00fcndemiyle toplanacak.<\/p>\n<p>Cumhuriyet Meclisi, 23 Nisan Sal\u0131 g\u00fcn\u00fc Ulusal Egemenlik ve \u00c7ocuk Bayram\u0131 olmas\u0131 nedeniyle, yasama ve denetim g\u00f6revini 22 Nisan Pazartesi g\u00fcn\u00fc yapacak.<\/p>\n<p>Genel kurul bug\u00fcnk\u00fc birle\u015fiminde 2024 Mali Y\u0131l\u0131 (De\u011fi\u015fiklik) Yasa Tasar\u0131s\u0131\u2019n\u0131 da onaylad\u0131.<\/p>\n<p>Tasar\u0131yla ili\u015fkin rapor, Ekonomi, Maliye, B\u00fct\u00e7e ve Plan Komitesi Ba\u015fkan\u0131, <a href=\"https:\/\/brtk.net\/\">UBP<\/a> Milletvekili Resmiye Ero\u011flu taraf\u0131ndan okundu. <\/p>\n<p>Tasar\u0131 \u00fczerine s\u00f6z alan olmamas\u0131 \u00fczerine a\u00e7\u0131k oylamaya ge\u00e7ildi. 2024 Mali Y\u0131l\u0131 (De\u011fi\u015fiklik) Yasa Tasar\u0131s\u0131 26 kabul, 6 ret oyuyla, oy \u00e7oklu\u011fuyla kabul edildi.<\/p>\n<p>Genel Kurulda daha sonra Birle\u015ftirilmi\u015f \u00d6\u011fretmenler (De\u011fi\u015fiklik) Yasa Tasar\u0131s\u0131 ele al\u0131nd\u0131.<\/p>\n<p>Tasar\u0131yla ili\u015fkin raporu Cumhuriyet Meclisi \u0130dari, Kamu ve Sa\u011fl\u0131k \u0130\u015fleri Komitesi Ba\u015fkan\u0131, <a href=\"https:\/\/brtk.net\/\">UBP<\/a> Milletvekili Emrah Ye\u015fil\u0131rmak okudu.<\/p>\n<p>Ye\u015fil\u0131rmak, tasar\u0131da okullardaki \u00f6\u011fretmen say\u0131s\u0131n\u0131n art\u0131r\u0131ld\u0131\u011f\u0131n\u0131, m\u00fcd\u00fcr ve m\u00fcd\u00fcr muavini olma ko\u015fullar\u0131n\u0131n d\u00fczenlendi\u011fini s\u00f6yledi.<\/p>\n<p>-Besim<\/p>\n<p>Tasar\u0131 \u00fczerine s\u00f6z alan <a href=\"https:\/\/brtk.net\/\"\/><a href=\"https:\/\/brtk.net\/\"\/><a href=\"https:\/\/brtk.net\/\"\/><a href=\"https:\/\/brtk.net\/\"\/><a href=\"https:\/\/brtk.net\/\">CTP<\/a> milletvekili Filiz Besim, \u00f6\u011fretmen kadrolar\u0131n\u0131n artmas\u0131 i\u00e7in bu yasaya onay verdiklerini ifade etti.<\/p>\n<p>Besim, \u00f6\u011fretmen, doktor, hem\u015fire ve kamu \u00e7al\u0131\u015fan\u0131 istihdam say\u0131s\u0131n\u0131n her ge\u00e7en g\u00fcn art\u0131r\u0131lmas\u0131n\u0131n sebebinin kontrols\u00fcz n\u00fcfus art\u0131\u015f\u0131 oldu\u011funu kaydederek, \u201cK\u0131br\u0131sl\u0131lar\u0131n, bu \u00fclkede ya\u015fayan insanlar\u0131n n\u00fcfusu artm\u0131yor, aksine her ge\u00e7en g\u00fcn azal\u0131yor, yok oluyor, kayboluyoruz.\u201d dedi.<\/p>\n<p>Besim, hastanelerde, yollarda, okullarda \u201cyetememe\u201d hali oldu\u011funu belirterek, \u201cN\u00fcfus sorununu ciddiyetle ele almazsak \u00e7\u00f6k\u00fc\u015f yak\u0131c\u0131 ve yok edici olacak\u201d diye konu\u015ftu.<\/p>\n<p>\u201cBu \u00fclkede neye ihtiyac\u0131m\u0131z oldu\u011funun hesaplanmas\u0131 gerek\u201d diye konu\u015fan Besim, k\u0131s\u0131tl\u0131 kaynaklar\u0131n planl\u0131 ve verimli \u015fekilde kullan\u0131lmas\u0131 gerekti\u011fini s\u00f6yledi.<\/p>\n<p>Besim, <a href=\"https:\/\/brtk.net\/\"\/><a href=\"https:\/\/brtk.net\/\"\/><a href=\"https:\/\/brtk.net\/\"\/><a href=\"https:\/\/brtk.net\/\"\/><a href=\"https:\/\/brtk.net\/\">CTP<\/a> iktidar\u0131nda n\u00fcfus politikas\u0131n\u0131n \u00f6ncelikli konu olaca\u011f\u0131n\u0131 belirtti.<\/p>\n<p>-\u00c7avu\u015fo\u011flu<\/p>\n<p><a href=\"https:\/\/brtk.net\/\"\/><a href=\"https:\/\/brtk.net\/\"\/><a href=\"https:\/\/brtk.net\/\"\/><a href=\"https:\/\/brtk.net\/\"\/><a href=\"https:\/\/brtk.net\/\">CTP<\/a> Milletvekili Besim\u2019in konu\u015fmas\u0131na yan\u0131t veren Milli E\u011fitim Bakan\u0131 Naz\u0131m \u00c7avu\u015fo\u011flu da, Filiz Besim\u2019in \u00f6\u011fretmen eksikli\u011fi oldu\u011funa y\u00f6nelik ifadesinin do\u011fru olmad\u0131\u011f\u0131n\u0131, tasar\u0131da s\u00f6z konusu de\u011fi\u015fikliklerin muhtemel geli\u015fmelere kar\u015f\u0131 \u00f6\u011fretmen al\u0131m\u0131n\u0131 sa\u011flayabilecek kadrolar\u0131 olu\u015fturabilmek ad\u0131na yap\u0131ld\u0131\u011f\u0131n\u0131 kaydetti.<\/p>\n<p>\u00c7avu\u015fo\u011flu, neredeyse her 2 y\u0131lda bir bu say\u0131lar\u0131n\u0131n art\u0131r\u0131ld\u0131\u011f\u0131n\u0131 belirterek, \u201cSon 5 y\u0131l i\u00e7erisinde 22 okulun temelini att\u0131k, 17\u2019sini e\u011fitime ba\u015flatt\u0131k. Dolay\u0131s\u0131yla, \u00f6\u011fretmen say\u0131s\u0131nda erime oluyor ve kadro say\u0131s\u0131 yetersiz oluyor.\u201d dedi.<\/p>\n<p>Gelecek y\u0131llarda da okullar yap\u0131laca\u011f\u0131n\u0131, bu y\u0131l 2 okulun a\u00e7\u0131laca\u011f\u0131n\u0131 ifade eden Bakan \u00c7avu\u015fo\u011flu, olu\u015fabilecek \u00f6\u011fretmen ihtiyac\u0131na dikkat \u00e7ekti.<\/p>\n<p><a href=\"https:\/\/brtk.net\/\"\/><a href=\"https:\/\/brtk.net\/\"\/><a href=\"https:\/\/brtk.net\/\"\/><a href=\"https:\/\/brtk.net\/\"\/><a href=\"https:\/\/brtk.net\/\">CTP<\/a>\u2019nin iktidara gelmesiyle yapmas\u0131 planland\u0131\u011f\u0131 ifade edilen projelere i\u015faret eden Naz\u0131m \u00c7avu\u015fo\u011flu, \u201c<a href=\"https:\/\/brtk.net\/\"\/><a href=\"https:\/\/brtk.net\/\"\/><a href=\"https:\/\/brtk.net\/\"\/><a href=\"https:\/\/brtk.net\/\"\/><a href=\"https:\/\/brtk.net\/\">CTP<\/a>\u2019nin daha \u00f6nceki iktidar d\u00f6neminde b\u0131rakt\u0131\u011f\u0131 eksiklikleri telafi etmesi\u201d temennisinde bulundu.<\/p>\n<p>-Besim<\/p>\n<p>Bunun \u00fczerine yeniden s\u00f6z alan <a href=\"https:\/\/brtk.net\/\"\/><a href=\"https:\/\/brtk.net\/\"\/><a href=\"https:\/\/brtk.net\/\"\/><a href=\"https:\/\/brtk.net\/\"\/><a href=\"https:\/\/brtk.net\/\">CTP<\/a> Milletvekili Filiz Besim, kadro artt\u0131r\u0131lmas\u0131yla ilgili bir s\u0131k\u0131nt\u0131lar\u0131 bulunmad\u0131\u011f\u0131n\u0131n oybirli\u011finden belli oldu\u011funu kaydederek, esas sorunun \u201ckontrols\u00fcz n\u00fcfus art\u0131\u015f\u0131\u201d oldu\u011funu ve Bakan \u00c7avu\u015fo\u011flu\u2019nun bu konuyu g\u00f6rmezden geldi\u011fini ileri s\u00fcrd\u00fc. <\/p>\n<p>Ard\u0131ndan, tasar\u0131 madde madde g\u00f6r\u00fc\u015f\u00fclerek, oybirli\u011fiyle kabul edildi. Tasar\u0131n\u0131n \u00fc\u00e7\u00fcnc\u00fc g\u00f6r\u00fc\u015fmesi ivedili\u011fi olmad\u0131\u011f\u0131ndan bir sonraki birle\u015fime ertelendi.<\/p>\n<p>Konu\u015fmalar\u0131n ard\u0131ndan Genel Kurul bug\u00fcnk\u00fc \u00e7al\u0131\u015fmalar\u0131n\u0131 tamamlad\u0131.<\/p>\n<p>TAK<\/p>\n<\/p><\/div>\n<p><script async\n                    defer\n                    crossorigin=\"anonymous\"\n                    src=\"https:\/\/connect.facebook.net\/tr_TR\/sdk.js#xfbml=1&#038;version=v3.3\"\n            ><\/script><\/p>\n","protected":false},"excerpt":{"rendered":"<p>Cumhuriyet Meclisi Genel Kurulu bug\u00fcnk\u00fc \u00e7al\u0131\u015fmalar\u0131n\u0131 tamamlad\u0131. Genel Kurul yar\u0131n saat 10.00\u2019da denetim g\u00fcndemiyle toplanacak. Cumhuriyet Meclisi, 23 Nisan Sal\u0131 g\u00fcn\u00fc Ulusal Egemenlik ve \u00c7ocuk Bayram\u0131 olmas\u0131 nedeniyle, yasama ve denetim g\u00f6revini 22 Nisan Pazartesi g\u00fcn\u00fc yapacak. Genel kurul bug\u00fcnk\u00fc birle\u015fiminde 2024 Mali Y\u0131l\u0131 (De\u011fi\u015fiklik) Yasa Tasar\u0131s\u0131\u2019n\u0131 da onaylad\u0131. Tasar\u0131yla ili\u015fkin rapor, Ekonomi, Maliye, B\u00fct\u00e7e<\/p>\n","protected":false},"author":1,"featured_media":35769,"comment_status":"open","ping_status":"open","sticky":false,"template":"","format":"standard","meta":{"footnotes":""},"categories":[1],"tags":[],"class_list":["post-38403","post","type-post","status-publish","format-standard","has-post-thumbnail","hentry","category-gundem"],"yoast_head":"<!-- This site is optimized with the Yoast SEO plugin v27.5 - https:\/\/yoast.com\/product\/yoast-seo-wordpress\/ -->\n<title>Cumhuriyet Meclisi bug\u00fcnk\u00fc \u00e7al\u0131\u015fmalar\u0131n\u0131 tamamlad\u0131 -<\/title>\n<meta name=\"robots\" content=\"index, follow, max-snippet:-1, max-image-preview:large, max-video-preview:-1\" \/>\n<link rel=\"canonical\" href=\"https:\/\/kibrisdakik.com\/?p=38403\" \/>\n<meta property=\"og:locale\" content=\"tr_TR\" \/>\n<meta property=\"og:type\" content=\"article\" \/>\n<meta property=\"og:title\" content=\"Cumhuriyet Meclisi bug\u00fcnk\u00fc \u00e7al\u0131\u015fmalar\u0131n\u0131 tamamlad\u0131 -\" \/>\n<meta property=\"og:description\" content=\"Cumhuriyet Meclisi Genel Kurulu bug\u00fcnk\u00fc \u00e7al\u0131\u015fmalar\u0131n\u0131 tamamlad\u0131. Genel Kurul yar\u0131n saat 10.00\u2019da denetim g\u00fcndemiyle toplanacak. Cumhuriyet Meclisi, 23 Nisan Sal\u0131 g\u00fcn\u00fc Ulusal Egemenlik ve \u00c7ocuk Bayram\u0131 olmas\u0131 nedeniyle, yasama ve denetim g\u00f6revini 22 Nisan Pazartesi g\u00fcn\u00fc yapacak. Genel kurul bug\u00fcnk\u00fc birle\u015fiminde 2024 Mali Y\u0131l\u0131 (De\u011fi\u015fiklik) Yasa Tasar\u0131s\u0131\u2019n\u0131 da onaylad\u0131. Tasar\u0131yla ili\u015fkin rapor, Ekonomi, Maliye, B\u00fct\u00e7e\" \/>\n<meta property=\"og:url\" content=\"https:\/\/kibrisdakik.com\/?p=38403\" \/>\n<meta property=\"article:published_time\" content=\"2024-04-15T17:08:39+00:00\" \/>\n<meta property=\"og:image\" content=\"https:\/\/kibrisdakik.com\/wp-content\/uploads\/2024\/03\/meclis-genel-kurulu84-740x420.jpg\" \/>\n\t<meta property=\"og:image:width\" content=\"1600\" \/>\n\t<meta property=\"og:image:height\" content=\"1066\" \/>\n\t<meta property=\"og:image:type\" content=\"image\/jpeg\" \/>\n<meta name=\"author\" content=\"admin\" \/>\n<meta name=\"twitter:card\" content=\"summary_large_image\" \/>\n<meta name=\"twitter:label1\" content=\"Yazan:\" \/>\n\t<meta name=\"twitter:data1\" content=\"admin\" \/>\n\t<meta name=\"twitter:label2\" content=\"Tahmini okuma s\u00fcresi\" \/>\n\t<meta name=\"twitter:data2\" content=\"3 dakika\" \/>\n<script type=\"application\/ld+json\" class=\"yoast-schema-graph\">{\"@context\":\"https:\\\/\\\/schema.org\",\"@graph\":[{\"@type\":\"Article\",\"@id\":\"https:\\\/\\\/kibrisdakik.com\\\/?p=38403#article\",\"isPartOf\":{\"@id\":\"https:\\\/\\\/kibrisdakik.com\\\/?p=38403\"},\"author\":{\"name\":\"admin\",\"@id\":\"https:\\\/\\\/kibrisdakik.com\\\/#\\\/schema\\\/person\\\/9cd9d437bbb44f72b73ba127e06d8e79\"},\"headline\":\"Cumhuriyet Meclisi bug\u00fcnk\u00fc \u00e7al\u0131\u015fmalar\u0131n\u0131 tamamlad\u0131\",\"datePublished\":\"2024-04-15T17:08:39+00:00\",\"mainEntityOfPage\":{\"@id\":\"https:\\\/\\\/kibrisdakik.com\\\/?p=38403\"},\"wordCount\":616,\"commentCount\":0,\"image\":{\"@id\":\"https:\\\/\\\/kibrisdakik.com\\\/?p=38403#primaryimage\"},\"thumbnailUrl\":\"https:\\\/\\\/kibrisdakik.com\\\/wp-content\\\/uploads\\\/2024\\\/03\\\/meclis-genel-kurulu84-740x420.jpg\",\"articleSection\":[\"G\u00fcndem\"],\"inLanguage\":\"tr\",\"potentialAction\":[{\"@type\":\"CommentAction\",\"name\":\"Comment\",\"target\":[\"https:\\\/\\\/kibrisdakik.com\\\/?p=38403#respond\"]}]},{\"@type\":\"WebPage\",\"@id\":\"https:\\\/\\\/kibrisdakik.com\\\/?p=38403\",\"url\":\"https:\\\/\\\/kibrisdakik.com\\\/?p=38403\",\"name\":\"Cumhuriyet Meclisi bug\u00fcnk\u00fc \u00e7al\u0131\u015fmalar\u0131n\u0131 tamamlad\u0131 -\",\"isPartOf\":{\"@id\":\"https:\\\/\\\/kibrisdakik.com\\\/#website\"},\"primaryImageOfPage\":{\"@id\":\"https:\\\/\\\/kibrisdakik.com\\\/?p=38403#primaryimage\"},\"image\":{\"@id\":\"https:\\\/\\\/kibrisdakik.com\\\/?p=38403#primaryimage\"},\"thumbnailUrl\":\"https:\\\/\\\/kibrisdakik.com\\\/wp-content\\\/uploads\\\/2024\\\/03\\\/meclis-genel-kurulu84-740x420.jpg\",\"datePublished\":\"2024-04-15T17:08:39+00:00\",\"author\":{\"@id\":\"https:\\\/\\\/kibrisdakik.com\\\/#\\\/schema\\\/person\\\/9cd9d437bbb44f72b73ba127e06d8e79\"},\"breadcrumb\":{\"@id\":\"https:\\\/\\\/kibrisdakik.com\\\/?p=38403#breadcrumb\"},\"inLanguage\":\"tr\",\"potentialAction\":[{\"@type\":\"ReadAction\",\"target\":[\"https:\\\/\\\/kibrisdakik.com\\\/?p=38403\"]}]},{\"@type\":\"ImageObject\",\"inLanguage\":\"tr\",\"@id\":\"https:\\\/\\\/kibrisdakik.com\\\/?p=38403#primaryimage\",\"url\":\"https:\\\/\\\/kibrisdakik.com\\\/wp-content\\\/uploads\\\/2024\\\/03\\\/meclis-genel-kurulu84-740x420.jpg\",\"contentUrl\":\"https:\\\/\\\/kibrisdakik.com\\\/wp-content\\\/uploads\\\/2024\\\/03\\\/meclis-genel-kurulu84-740x420.jpg\",\"width\":1600,\"height\":1066},{\"@type\":\"BreadcrumbList\",\"@id\":\"https:\\\/\\\/kibrisdakik.com\\\/?p=38403#breadcrumb\",\"itemListElement\":[{\"@type\":\"ListItem\",\"position\":1,\"name\":\"Home\",\"item\":\"https:\\\/\\\/kibrisdakik.com\\\/\"},{\"@type\":\"ListItem\",\"position\":2,\"name\":\"Cumhuriyet Meclisi bug\u00fcnk\u00fc \u00e7al\u0131\u015fmalar\u0131n\u0131 tamamlad\u0131\"}]},{\"@type\":\"WebSite\",\"@id\":\"https:\\\/\\\/kibrisdakik.com\\\/#website\",\"url\":\"https:\\\/\\\/kibrisdakik.com\\\/\",\"name\":\"\",\"description\":\"Tam vaktinde haber\",\"potentialAction\":[{\"@type\":\"SearchAction\",\"target\":{\"@type\":\"EntryPoint\",\"urlTemplate\":\"https:\\\/\\\/kibrisdakik.com\\\/?s={search_term_string}\"},\"query-input\":{\"@type\":\"PropertyValueSpecification\",\"valueRequired\":true,\"valueName\":\"search_term_string\"}}],\"inLanguage\":\"tr\"},{\"@type\":\"Person\",\"@id\":\"https:\\\/\\\/kibrisdakik.com\\\/#\\\/schema\\\/person\\\/9cd9d437bbb44f72b73ba127e06d8e79\",\"name\":\"admin\",\"image\":{\"@type\":\"ImageObject\",\"inLanguage\":\"tr\",\"@id\":\"https:\\\/\\\/secure.gravatar.com\\\/avatar\\\/ccc17943b9d660506c869530f897617f7cb1c21a4bf30023f252596d83e1f007?s=96&d=mm&r=g\",\"url\":\"https:\\\/\\\/secure.gravatar.com\\\/avatar\\\/ccc17943b9d660506c869530f897617f7cb1c21a4bf30023f252596d83e1f007?s=96&d=mm&r=g\",\"contentUrl\":\"https:\\\/\\\/secure.gravatar.com\\\/avatar\\\/ccc17943b9d660506c869530f897617f7cb1c21a4bf30023f252596d83e1f007?s=96&d=mm&r=g\",\"caption\":\"admin\"},\"sameAs\":[\"https:\\\/\\\/kibrisdakik.com\"],\"url\":\"https:\\\/\\\/kibrisdakik.com\\\/?author=1\"}]}<\/script>\n<!-- \/ Yoast SEO plugin. -->","yoast_head_json":{"title":"Cumhuriyet Meclisi bug\u00fcnk\u00fc \u00e7al\u0131\u015fmalar\u0131n\u0131 tamamlad\u0131 -","robots":{"index":"index","follow":"follow","max-snippet":"max-snippet:-1","max-image-preview":"max-image-preview:large","max-video-preview":"max-video-preview:-1"},"canonical":"https:\/\/kibrisdakik.com\/?p=38403","og_locale":"tr_TR","og_type":"article","og_title":"Cumhuriyet Meclisi bug\u00fcnk\u00fc \u00e7al\u0131\u015fmalar\u0131n\u0131 tamamlad\u0131 -","og_description":"Cumhuriyet Meclisi Genel Kurulu bug\u00fcnk\u00fc \u00e7al\u0131\u015fmalar\u0131n\u0131 tamamlad\u0131. Genel Kurul yar\u0131n saat 10.00\u2019da denetim g\u00fcndemiyle toplanacak. Cumhuriyet Meclisi, 23 Nisan Sal\u0131 g\u00fcn\u00fc Ulusal Egemenlik ve \u00c7ocuk Bayram\u0131 olmas\u0131 nedeniyle, yasama ve denetim g\u00f6revini 22 Nisan Pazartesi g\u00fcn\u00fc yapacak. Genel kurul bug\u00fcnk\u00fc birle\u015fiminde 2024 Mali Y\u0131l\u0131 (De\u011fi\u015fiklik) Yasa Tasar\u0131s\u0131\u2019n\u0131 da onaylad\u0131. Tasar\u0131yla ili\u015fkin rapor, Ekonomi, Maliye, B\u00fct\u00e7e","og_url":"https:\/\/kibrisdakik.com\/?p=38403","article_published_time":"2024-04-15T17:08:39+00:00","og_image":[{"width":1600,"height":1066,"url":"https:\/\/kibrisdakik.com\/wp-content\/uploads\/2024\/03\/meclis-genel-kurulu84-740x420.jpg","type":"image\/jpeg"}],"author":"admin","twitter_card":"summary_large_image","twitter_misc":{"Yazan:":"admin","Tahmini okuma s\u00fcresi":"3 dakika"},"schema":{"@context":"https:\/\/schema.org","@graph":[{"@type":"Article","@id":"https:\/\/kibrisdakik.com\/?p=38403#article","isPartOf":{"@id":"https:\/\/kibrisdakik.com\/?p=38403"},"author":{"name":"admin","@id":"https:\/\/kibrisdakik.com\/#\/schema\/person\/9cd9d437bbb44f72b73ba127e06d8e79"},"headline":"Cumhuriyet Meclisi bug\u00fcnk\u00fc \u00e7al\u0131\u015fmalar\u0131n\u0131 tamamlad\u0131","datePublished":"2024-04-15T17:08:39+00:00","mainEntityOfPage":{"@id":"https:\/\/kibrisdakik.com\/?p=38403"},"wordCount":616,"commentCount":0,"image":{"@id":"https:\/\/kibrisdakik.com\/?p=38403#primaryimage"},"thumbnailUrl":"https:\/\/kibrisdakik.com\/wp-content\/uploads\/2024\/03\/meclis-genel-kurulu84-740x420.jpg","articleSection":["G\u00fcndem"],"inLanguage":"tr","potentialAction":[{"@type":"CommentAction","name":"Comment","target":["https:\/\/kibrisdakik.com\/?p=38403#respond"]}]},{"@type":"WebPage","@id":"https:\/\/kibrisdakik.com\/?p=38403","url":"https:\/\/kibrisdakik.com\/?p=38403","name":"Cumhuriyet Meclisi bug\u00fcnk\u00fc \u00e7al\u0131\u015fmalar\u0131n\u0131 tamamlad\u0131 -","isPartOf":{"@id":"https:\/\/kibrisdakik.com\/#website"},"primaryImageOfPage":{"@id":"https:\/\/kibrisdakik.com\/?p=38403#primaryimage"},"image":{"@id":"https:\/\/kibrisdakik.com\/?p=38403#primaryimage"},"thumbnailUrl":"https:\/\/kibrisdakik.com\/wp-content\/uploads\/2024\/03\/meclis-genel-kurulu84-740x420.jpg","datePublished":"2024-04-15T17:08:39+00:00","author":{"@id":"https:\/\/kibrisdakik.com\/#\/schema\/person\/9cd9d437bbb44f72b73ba127e06d8e79"},"breadcrumb":{"@id":"https:\/\/kibrisdakik.com\/?p=38403#breadcrumb"},"inLanguage":"tr","potentialAction":[{"@type":"ReadAction","target":["https:\/\/kibrisdakik.com\/?p=38403"]}]},{"@type":"ImageObject","inLanguage":"tr","@id":"https:\/\/kibrisdakik.com\/?p=38403#primaryimage","url":"https:\/\/kibrisdakik.com\/wp-content\/uploads\/2024\/03\/meclis-genel-kurulu84-740x420.jpg","contentUrl":"https:\/\/kibrisdakik.com\/wp-content\/uploads\/2024\/03\/meclis-genel-kurulu84-740x420.jpg","width":1600,"height":1066},{"@type":"BreadcrumbList","@id":"https:\/\/kibrisdakik.com\/?p=38403#breadcrumb","itemListElement":[{"@type":"ListItem","position":1,"name":"Home","item":"https:\/\/kibrisdakik.com\/"},{"@type":"ListItem","position":2,"name":"Cumhuriyet Meclisi bug\u00fcnk\u00fc \u00e7al\u0131\u015fmalar\u0131n\u0131 tamamlad\u0131"}]},{"@type":"WebSite","@id":"https:\/\/kibrisdakik.com\/#website","url":"https:\/\/kibrisdakik.com\/","name":"","description":"Tam vaktinde haber","potentialAction":[{"@type":"SearchAction","target":{"@type":"EntryPoint","urlTemplate":"https:\/\/kibrisdakik.com\/?s={search_term_string}"},"query-input":{"@type":"PropertyValueSpecification","valueRequired":true,"valueName":"search_term_string"}}],"inLanguage":"tr"},{"@type":"Person","@id":"https:\/\/kibrisdakik.com\/#\/schema\/person\/9cd9d437bbb44f72b73ba127e06d8e79","name":"admin","image":{"@type":"ImageObject","inLanguage":"tr","@id":"https:\/\/secure.gravatar.com\/avatar\/ccc17943b9d660506c869530f897617f7cb1c21a4bf30023f252596d83e1f007?s=96&d=mm&r=g","url":"https:\/\/secure.gravatar.com\/avatar\/ccc17943b9d660506c869530f897617f7cb1c21a4bf30023f252596d83e1f007?s=96&d=mm&r=g","contentUrl":"https:\/\/secure.gravatar.com\/avatar\/ccc17943b9d660506c869530f897617f7cb1c21a4bf30023f252596d83e1f007?s=96&d=mm&r=g","caption":"admin"},"sameAs":["https:\/\/kibrisdakik.com"],"url":"https:\/\/kibrisdakik.com\/?author=1"}]}},"_links":{"self":[{"href":"https:\/\/kibrisdakik.com\/index.php?rest_route=\/wp\/v2\/posts\/38403","targetHints":{"allow":["GET"]}}],"collection":[{"href":"https:\/\/kibrisdakik.com\/index.php?rest_route=\/wp\/v2\/posts"}],"about":[{"href":"https:\/\/kibrisdakik.com\/index.php?rest_route=\/wp\/v2\/types\/post"}],"author":[{"embeddable":true,"href":"https:\/\/kibrisdakik.com\/index.php?rest_route=\/wp\/v2\/users\/1"}],"replies":[{"embeddable":true,"href":"https:\/\/kibrisdakik.com\/index.php?rest_route=%2Fwp%2Fv2%2Fcomments&post=38403"}],"version-history":[{"count":0,"href":"https:\/\/kibrisdakik.com\/index.php?rest_route=\/wp\/v2\/posts\/38403\/revisions"}],"wp:featuredmedia":[{"embeddable":true,"href":"https:\/\/kibrisdakik.com\/index.php?rest_route=\/wp\/v2\/media\/35769"}],"wp:attachment":[{"href":"https:\/\/kibrisdakik.com\/index.php?rest_route=%2Fwp%2Fv2%2Fmedia&parent=38403"}],"wp:term":[{"taxonomy":"category","embeddable":true,"href":"https:\/\/kibrisdakik.com\/index.php?rest_route=%2Fwp%2Fv2%2Fcategories&post=38403"},{"taxonomy":"post_tag","embeddable":true,"href":"https:\/\/kibrisdakik.com\/index.php?rest_route=%2Fwp%2Fv2%2Ftags&post=38403"}],"curies":[{"name":"wp","href":"https:\/\/api.w.org\/{rel}","templated":true}]}}