{"id":38443,"date":"2024-04-15T23:23:35","date_gmt":"2024-04-15T23:23:35","guid":{"rendered":"https:\/\/kibrisdakik.com\/index.php\/2024\/04\/15\/olympiakos-maci-oncesi-fenerbahce-taraftarina-3-mujde\/"},"modified":"2024-04-15T23:23:35","modified_gmt":"2024-04-15T23:23:35","slug":"olympiakos-maci-oncesi-fenerbahce-taraftarina-3-mujde","status":"publish","type":"post","link":"https:\/\/kibrisdakik.com\/?p=38443","title":{"rendered":"Olympiakos ma\u00e7\u0131 \u00f6ncesi Fenerbah\u00e7e taraftar\u0131na 3 m\u00fcjde"},"content":{"rendered":"<p><\/p>\n<p>UEFA Avrupa Konferans Ligi \u00e7eyrek final turunun ilk kar\u015f\u0131la\u015fmas\u0131nda Yunan ekibi Olympiakos\u2019a konuk olan Fenerbah\u00e7e, sahadan 3-2 ma\u011flup ayr\u0131lm\u0131\u015ft\u0131.<\/p>\n<p>Sar\u0131 lacivertli ekip, 18 Nisan Per\u015fembe g\u00fcn\u00fc sahas\u0131nda turun r\u00f6van\u015f ma\u00e7\u0131na \u00e7\u0131kacak.<\/p>\n<p>Fenerbah\u00e7e, Teknik Direkt\u00f6r \u0130smail Kartal y\u00f6netiminde bug\u00fcn Can Bartu Tesisleri\u2019nde ma\u00e7\u0131n haz\u0131rl\u0131klar\u0131n\u0131 s\u00fcrd\u00fcrd\u00fc.<\/p>\n<p>2-1 kazan\u0131lan VavaCars Fatih Karag\u00fcmr\u00fck ma\u00e7\u0131na ilk 11\u2019de \u00e7\u0131kan oyuncular antrenmanda rejenerasyon program\u0131 uygulad\u0131.<\/p>\n<p>Di\u011fer futbolcular ise \u0131s\u0131nma, \u00e7abukluk ve pas \u00e7al\u0131\u015fmalar\u0131n\u0131n ard\u0131ndan dar alanda \u00e7ift kale ma\u00e7larla antrenman\u0131 tamamlad\u0131.<\/p>\n<p><img decoding=\"async\" alt=\"Olympiakos ma\u00e7\u0131 \u00f6ncesi Fenerbah\u00e7e taraftar\u0131na 3 m\u00fcjde - 1. Resim\" src=\"https:\/\/i.tgrthaber.com.tr\/images\/haberler\/24-04\/15\/olympiakos-maci-oncesi-fenerbahce-taraftarina-3-mujde-171319360487_1.jpg\" title=\"Olympiakos ma\u00e7\u0131 \u00f6ncesi Fenerbah\u00e7e taraftar\u0131na 3 m\u00fcjde\" \/><\/p>\n<h3>SAKAT OYUNCULAR TAKIMLA B\u0130RL\u0130KTE \u00c7ALI\u015eTI<\/h3>\n<p>Fenerbah\u00e7e\u2019ye kritik kar\u015f\u0131la\u015fma \u00f6ncesinde 3 m\u00fcjdeli haber birden geldi. Sakatl\u0131\u011f\u0131 bulunan oyuncular Alexander Djiku, Joshua King ve Cengiz \u00dcnder idman\u0131n tamam\u0131nda tak\u0131mla birlikte \u00e7al\u0131\u015ft\u0131.<\/p>\n","protected":false},"excerpt":{"rendered":"<p>UEFA Avrupa Konferans Ligi \u00e7eyrek final turunun ilk kar\u015f\u0131la\u015fmas\u0131nda Yunan ekibi Olympiakos\u2019a konuk olan Fenerbah\u00e7e, sahadan 3-2 ma\u011flup ayr\u0131lm\u0131\u015ft\u0131. Sar\u0131 lacivertli ekip, 18 Nisan Per\u015fembe g\u00fcn\u00fc sahas\u0131nda turun r\u00f6van\u015f ma\u00e7\u0131na \u00e7\u0131kacak. Fenerbah\u00e7e, Teknik Direkt\u00f6r \u0130smail Kartal y\u00f6netiminde bug\u00fcn Can Bartu Tesisleri\u2019nde ma\u00e7\u0131n haz\u0131rl\u0131klar\u0131n\u0131 s\u00fcrd\u00fcrd\u00fc. 2-1 kazan\u0131lan VavaCars Fatih Karag\u00fcmr\u00fck ma\u00e7\u0131na ilk 11\u2019de \u00e7\u0131kan oyuncular antrenmanda<\/p>\n","protected":false},"author":1,"featured_media":38444,"comment_status":"open","ping_status":"open","sticky":false,"template":"","format":"standard","meta":{"footnotes":""},"categories":[85],"tags":[],"class_list":["post-38443","post","type-post","status-publish","format-standard","has-post-thumbnail","hentry","category-spor"],"yoast_head":"<!-- This site is optimized with the Yoast SEO plugin v27.5 - https:\/\/yoast.com\/product\/yoast-seo-wordpress\/ -->\n<title>Olympiakos ma\u00e7\u0131 \u00f6ncesi Fenerbah\u00e7e taraftar\u0131na 3 m\u00fcjde -<\/title>\n<meta name=\"robots\" content=\"index, follow, max-snippet:-1, max-image-preview:large, max-video-preview:-1\" \/>\n<link rel=\"canonical\" href=\"https:\/\/kibrisdakik.com\/?p=38443\" \/>\n<meta property=\"og:locale\" content=\"tr_TR\" \/>\n<meta property=\"og:type\" content=\"article\" \/>\n<meta property=\"og:title\" content=\"Olympiakos ma\u00e7\u0131 \u00f6ncesi Fenerbah\u00e7e taraftar\u0131na 3 m\u00fcjde -\" \/>\n<meta property=\"og:description\" content=\"UEFA Avrupa Konferans Ligi \u00e7eyrek final turunun ilk kar\u015f\u0131la\u015fmas\u0131nda Yunan ekibi Olympiakos\u2019a konuk olan Fenerbah\u00e7e, sahadan 3-2 ma\u011flup ayr\u0131lm\u0131\u015ft\u0131. Sar\u0131 lacivertli ekip, 18 Nisan Per\u015fembe g\u00fcn\u00fc sahas\u0131nda turun r\u00f6van\u015f ma\u00e7\u0131na \u00e7\u0131kacak. Fenerbah\u00e7e, Teknik Direkt\u00f6r \u0130smail Kartal y\u00f6netiminde bug\u00fcn Can Bartu Tesisleri\u2019nde ma\u00e7\u0131n haz\u0131rl\u0131klar\u0131n\u0131 s\u00fcrd\u00fcrd\u00fc. 2-1 kazan\u0131lan VavaCars Fatih Karag\u00fcmr\u00fck ma\u00e7\u0131na ilk 11\u2019de \u00e7\u0131kan oyuncular antrenmanda\" \/>\n<meta property=\"og:url\" content=\"https:\/\/kibrisdakik.com\/?p=38443\" \/>\n<meta property=\"article:published_time\" content=\"2024-04-15T23:23:35+00:00\" \/>\n<meta property=\"og:image\" content=\"https:\/\/kibrisdakik.com\/wp-content\/uploads\/2024\/04\/olympiakos-maci-oncesi-fenerbahce-taraftarina-3-mujde-171319360487_1-740x420.jpg\" \/>\n\t<meta property=\"og:image:width\" content=\"1280\" \/>\n\t<meta property=\"og:image:height\" content=\"815\" \/>\n\t<meta property=\"og:image:type\" content=\"image\/jpeg\" \/>\n<meta name=\"author\" content=\"admin\" \/>\n<meta name=\"twitter:card\" content=\"summary_large_image\" \/>\n<meta name=\"twitter:label1\" content=\"Yazan:\" \/>\n\t<meta name=\"twitter:data1\" content=\"admin\" \/>\n\t<meta name=\"twitter:label2\" content=\"Tahmini okuma s\u00fcresi\" \/>\n\t<meta name=\"twitter:data2\" content=\"1 dakika\" \/>\n<script type=\"application\/ld+json\" class=\"yoast-schema-graph\">{\"@context\":\"https:\\\/\\\/schema.org\",\"@graph\":[{\"@type\":\"Article\",\"@id\":\"https:\\\/\\\/kibrisdakik.com\\\/?p=38443#article\",\"isPartOf\":{\"@id\":\"https:\\\/\\\/kibrisdakik.com\\\/?p=38443\"},\"author\":{\"name\":\"admin\",\"@id\":\"https:\\\/\\\/kibrisdakik.com\\\/#\\\/schema\\\/person\\\/9cd9d437bbb44f72b73ba127e06d8e79\"},\"headline\":\"Olympiakos ma\u00e7\u0131 \u00f6ncesi Fenerbah\u00e7e taraftar\u0131na 3 m\u00fcjde\",\"datePublished\":\"2024-04-15T23:23:35+00:00\",\"mainEntityOfPage\":{\"@id\":\"https:\\\/\\\/kibrisdakik.com\\\/?p=38443\"},\"wordCount\":157,\"commentCount\":0,\"image\":{\"@id\":\"https:\\\/\\\/kibrisdakik.com\\\/?p=38443#primaryimage\"},\"thumbnailUrl\":\"https:\\\/\\\/kibrisdakik.com\\\/wp-content\\\/uploads\\\/2024\\\/04\\\/olympiakos-maci-oncesi-fenerbahce-taraftarina-3-mujde-171319360487_1-740x420.jpg\",\"articleSection\":[\"Spor\"],\"inLanguage\":\"tr\",\"potentialAction\":[{\"@type\":\"CommentAction\",\"name\":\"Comment\",\"target\":[\"https:\\\/\\\/kibrisdakik.com\\\/?p=38443#respond\"]}]},{\"@type\":\"WebPage\",\"@id\":\"https:\\\/\\\/kibrisdakik.com\\\/?p=38443\",\"url\":\"https:\\\/\\\/kibrisdakik.com\\\/?p=38443\",\"name\":\"Olympiakos ma\u00e7\u0131 \u00f6ncesi Fenerbah\u00e7e taraftar\u0131na 3 m\u00fcjde -\",\"isPartOf\":{\"@id\":\"https:\\\/\\\/kibrisdakik.com\\\/#website\"},\"primaryImageOfPage\":{\"@id\":\"https:\\\/\\\/kibrisdakik.com\\\/?p=38443#primaryimage\"},\"image\":{\"@id\":\"https:\\\/\\\/kibrisdakik.com\\\/?p=38443#primaryimage\"},\"thumbnailUrl\":\"https:\\\/\\\/kibrisdakik.com\\\/wp-content\\\/uploads\\\/2024\\\/04\\\/olympiakos-maci-oncesi-fenerbahce-taraftarina-3-mujde-171319360487_1-740x420.jpg\",\"datePublished\":\"2024-04-15T23:23:35+00:00\",\"author\":{\"@id\":\"https:\\\/\\\/kibrisdakik.com\\\/#\\\/schema\\\/person\\\/9cd9d437bbb44f72b73ba127e06d8e79\"},\"breadcrumb\":{\"@id\":\"https:\\\/\\\/kibrisdakik.com\\\/?p=38443#breadcrumb\"},\"inLanguage\":\"tr\",\"potentialAction\":[{\"@type\":\"ReadAction\",\"target\":[\"https:\\\/\\\/kibrisdakik.com\\\/?p=38443\"]}]},{\"@type\":\"ImageObject\",\"inLanguage\":\"tr\",\"@id\":\"https:\\\/\\\/kibrisdakik.com\\\/?p=38443#primaryimage\",\"url\":\"https:\\\/\\\/kibrisdakik.com\\\/wp-content\\\/uploads\\\/2024\\\/04\\\/olympiakos-maci-oncesi-fenerbahce-taraftarina-3-mujde-171319360487_1-740x420.jpg\",\"contentUrl\":\"https:\\\/\\\/kibrisdakik.com\\\/wp-content\\\/uploads\\\/2024\\\/04\\\/olympiakos-maci-oncesi-fenerbahce-taraftarina-3-mujde-171319360487_1-740x420.jpg\",\"width\":1280,\"height\":815},{\"@type\":\"BreadcrumbList\",\"@id\":\"https:\\\/\\\/kibrisdakik.com\\\/?p=38443#breadcrumb\",\"itemListElement\":[{\"@type\":\"ListItem\",\"position\":1,\"name\":\"Home\",\"item\":\"https:\\\/\\\/kibrisdakik.com\\\/\"},{\"@type\":\"ListItem\",\"position\":2,\"name\":\"Olympiakos ma\u00e7\u0131 \u00f6ncesi Fenerbah\u00e7e taraftar\u0131na 3 m\u00fcjde\"}]},{\"@type\":\"WebSite\",\"@id\":\"https:\\\/\\\/kibrisdakik.com\\\/#website\",\"url\":\"https:\\\/\\\/kibrisdakik.com\\\/\",\"name\":\"\",\"description\":\"Tam vaktinde haber\",\"potentialAction\":[{\"@type\":\"SearchAction\",\"target\":{\"@type\":\"EntryPoint\",\"urlTemplate\":\"https:\\\/\\\/kibrisdakik.com\\\/?s={search_term_string}\"},\"query-input\":{\"@type\":\"PropertyValueSpecification\",\"valueRequired\":true,\"valueName\":\"search_term_string\"}}],\"inLanguage\":\"tr\"},{\"@type\":\"Person\",\"@id\":\"https:\\\/\\\/kibrisdakik.com\\\/#\\\/schema\\\/person\\\/9cd9d437bbb44f72b73ba127e06d8e79\",\"name\":\"admin\",\"image\":{\"@type\":\"ImageObject\",\"inLanguage\":\"tr\",\"@id\":\"https:\\\/\\\/secure.gravatar.com\\\/avatar\\\/ccc17943b9d660506c869530f897617f7cb1c21a4bf30023f252596d83e1f007?s=96&d=mm&r=g\",\"url\":\"https:\\\/\\\/secure.gravatar.com\\\/avatar\\\/ccc17943b9d660506c869530f897617f7cb1c21a4bf30023f252596d83e1f007?s=96&d=mm&r=g\",\"contentUrl\":\"https:\\\/\\\/secure.gravatar.com\\\/avatar\\\/ccc17943b9d660506c869530f897617f7cb1c21a4bf30023f252596d83e1f007?s=96&d=mm&r=g\",\"caption\":\"admin\"},\"sameAs\":[\"https:\\\/\\\/kibrisdakik.com\"],\"url\":\"https:\\\/\\\/kibrisdakik.com\\\/?author=1\"}]}<\/script>\n<!-- \/ Yoast SEO plugin. -->","yoast_head_json":{"title":"Olympiakos ma\u00e7\u0131 \u00f6ncesi Fenerbah\u00e7e taraftar\u0131na 3 m\u00fcjde -","robots":{"index":"index","follow":"follow","max-snippet":"max-snippet:-1","max-image-preview":"max-image-preview:large","max-video-preview":"max-video-preview:-1"},"canonical":"https:\/\/kibrisdakik.com\/?p=38443","og_locale":"tr_TR","og_type":"article","og_title":"Olympiakos ma\u00e7\u0131 \u00f6ncesi Fenerbah\u00e7e taraftar\u0131na 3 m\u00fcjde -","og_description":"UEFA Avrupa Konferans Ligi \u00e7eyrek final turunun ilk kar\u015f\u0131la\u015fmas\u0131nda Yunan ekibi Olympiakos\u2019a konuk olan Fenerbah\u00e7e, sahadan 3-2 ma\u011flup ayr\u0131lm\u0131\u015ft\u0131. Sar\u0131 lacivertli ekip, 18 Nisan Per\u015fembe g\u00fcn\u00fc sahas\u0131nda turun r\u00f6van\u015f ma\u00e7\u0131na \u00e7\u0131kacak. Fenerbah\u00e7e, Teknik Direkt\u00f6r \u0130smail Kartal y\u00f6netiminde bug\u00fcn Can Bartu Tesisleri\u2019nde ma\u00e7\u0131n haz\u0131rl\u0131klar\u0131n\u0131 s\u00fcrd\u00fcrd\u00fc. 2-1 kazan\u0131lan VavaCars Fatih Karag\u00fcmr\u00fck ma\u00e7\u0131na ilk 11\u2019de \u00e7\u0131kan oyuncular antrenmanda","og_url":"https:\/\/kibrisdakik.com\/?p=38443","article_published_time":"2024-04-15T23:23:35+00:00","og_image":[{"width":1280,"height":815,"url":"https:\/\/kibrisdakik.com\/wp-content\/uploads\/2024\/04\/olympiakos-maci-oncesi-fenerbahce-taraftarina-3-mujde-171319360487_1-740x420.jpg","type":"image\/jpeg"}],"author":"admin","twitter_card":"summary_large_image","twitter_misc":{"Yazan:":"admin","Tahmini okuma s\u00fcresi":"1 dakika"},"schema":{"@context":"https:\/\/schema.org","@graph":[{"@type":"Article","@id":"https:\/\/kibrisdakik.com\/?p=38443#article","isPartOf":{"@id":"https:\/\/kibrisdakik.com\/?p=38443"},"author":{"name":"admin","@id":"https:\/\/kibrisdakik.com\/#\/schema\/person\/9cd9d437bbb44f72b73ba127e06d8e79"},"headline":"Olympiakos ma\u00e7\u0131 \u00f6ncesi Fenerbah\u00e7e taraftar\u0131na 3 m\u00fcjde","datePublished":"2024-04-15T23:23:35+00:00","mainEntityOfPage":{"@id":"https:\/\/kibrisdakik.com\/?p=38443"},"wordCount":157,"commentCount":0,"image":{"@id":"https:\/\/kibrisdakik.com\/?p=38443#primaryimage"},"thumbnailUrl":"https:\/\/kibrisdakik.com\/wp-content\/uploads\/2024\/04\/olympiakos-maci-oncesi-fenerbahce-taraftarina-3-mujde-171319360487_1-740x420.jpg","articleSection":["Spor"],"inLanguage":"tr","potentialAction":[{"@type":"CommentAction","name":"Comment","target":["https:\/\/kibrisdakik.com\/?p=38443#respond"]}]},{"@type":"WebPage","@id":"https:\/\/kibrisdakik.com\/?p=38443","url":"https:\/\/kibrisdakik.com\/?p=38443","name":"Olympiakos ma\u00e7\u0131 \u00f6ncesi Fenerbah\u00e7e taraftar\u0131na 3 m\u00fcjde -","isPartOf":{"@id":"https:\/\/kibrisdakik.com\/#website"},"primaryImageOfPage":{"@id":"https:\/\/kibrisdakik.com\/?p=38443#primaryimage"},"image":{"@id":"https:\/\/kibrisdakik.com\/?p=38443#primaryimage"},"thumbnailUrl":"https:\/\/kibrisdakik.com\/wp-content\/uploads\/2024\/04\/olympiakos-maci-oncesi-fenerbahce-taraftarina-3-mujde-171319360487_1-740x420.jpg","datePublished":"2024-04-15T23:23:35+00:00","author":{"@id":"https:\/\/kibrisdakik.com\/#\/schema\/person\/9cd9d437bbb44f72b73ba127e06d8e79"},"breadcrumb":{"@id":"https:\/\/kibrisdakik.com\/?p=38443#breadcrumb"},"inLanguage":"tr","potentialAction":[{"@type":"ReadAction","target":["https:\/\/kibrisdakik.com\/?p=38443"]}]},{"@type":"ImageObject","inLanguage":"tr","@id":"https:\/\/kibrisdakik.com\/?p=38443#primaryimage","url":"https:\/\/kibrisdakik.com\/wp-content\/uploads\/2024\/04\/olympiakos-maci-oncesi-fenerbahce-taraftarina-3-mujde-171319360487_1-740x420.jpg","contentUrl":"https:\/\/kibrisdakik.com\/wp-content\/uploads\/2024\/04\/olympiakos-maci-oncesi-fenerbahce-taraftarina-3-mujde-171319360487_1-740x420.jpg","width":1280,"height":815},{"@type":"BreadcrumbList","@id":"https:\/\/kibrisdakik.com\/?p=38443#breadcrumb","itemListElement":[{"@type":"ListItem","position":1,"name":"Home","item":"https:\/\/kibrisdakik.com\/"},{"@type":"ListItem","position":2,"name":"Olympiakos ma\u00e7\u0131 \u00f6ncesi Fenerbah\u00e7e taraftar\u0131na 3 m\u00fcjde"}]},{"@type":"WebSite","@id":"https:\/\/kibrisdakik.com\/#website","url":"https:\/\/kibrisdakik.com\/","name":"","description":"Tam vaktinde haber","potentialAction":[{"@type":"SearchAction","target":{"@type":"EntryPoint","urlTemplate":"https:\/\/kibrisdakik.com\/?s={search_term_string}"},"query-input":{"@type":"PropertyValueSpecification","valueRequired":true,"valueName":"search_term_string"}}],"inLanguage":"tr"},{"@type":"Person","@id":"https:\/\/kibrisdakik.com\/#\/schema\/person\/9cd9d437bbb44f72b73ba127e06d8e79","name":"admin","image":{"@type":"ImageObject","inLanguage":"tr","@id":"https:\/\/secure.gravatar.com\/avatar\/ccc17943b9d660506c869530f897617f7cb1c21a4bf30023f252596d83e1f007?s=96&d=mm&r=g","url":"https:\/\/secure.gravatar.com\/avatar\/ccc17943b9d660506c869530f897617f7cb1c21a4bf30023f252596d83e1f007?s=96&d=mm&r=g","contentUrl":"https:\/\/secure.gravatar.com\/avatar\/ccc17943b9d660506c869530f897617f7cb1c21a4bf30023f252596d83e1f007?s=96&d=mm&r=g","caption":"admin"},"sameAs":["https:\/\/kibrisdakik.com"],"url":"https:\/\/kibrisdakik.com\/?author=1"}]}},"_links":{"self":[{"href":"https:\/\/kibrisdakik.com\/index.php?rest_route=\/wp\/v2\/posts\/38443","targetHints":{"allow":["GET"]}}],"collection":[{"href":"https:\/\/kibrisdakik.com\/index.php?rest_route=\/wp\/v2\/posts"}],"about":[{"href":"https:\/\/kibrisdakik.com\/index.php?rest_route=\/wp\/v2\/types\/post"}],"author":[{"embeddable":true,"href":"https:\/\/kibrisdakik.com\/index.php?rest_route=\/wp\/v2\/users\/1"}],"replies":[{"embeddable":true,"href":"https:\/\/kibrisdakik.com\/index.php?rest_route=%2Fwp%2Fv2%2Fcomments&post=38443"}],"version-history":[{"count":0,"href":"https:\/\/kibrisdakik.com\/index.php?rest_route=\/wp\/v2\/posts\/38443\/revisions"}],"wp:featuredmedia":[{"embeddable":true,"href":"https:\/\/kibrisdakik.com\/index.php?rest_route=\/wp\/v2\/media\/38444"}],"wp:attachment":[{"href":"https:\/\/kibrisdakik.com\/index.php?rest_route=%2Fwp%2Fv2%2Fmedia&parent=38443"}],"wp:term":[{"taxonomy":"category","embeddable":true,"href":"https:\/\/kibrisdakik.com\/index.php?rest_route=%2Fwp%2Fv2%2Fcategories&post=38443"},{"taxonomy":"post_tag","embeddable":true,"href":"https:\/\/kibrisdakik.com\/index.php?rest_route=%2Fwp%2Fv2%2Ftags&post=38443"}],"curies":[{"name":"wp","href":"https:\/\/api.w.org\/{rel}","templated":true}]}}