{"id":38447,"date":"2024-04-16T00:25:26","date_gmt":"2024-04-16T00:25:26","guid":{"rendered":"https:\/\/kibrisdakik.com\/index.php\/2024\/04\/16\/2-kultur-sanat-ve-uretici-festivali-gerceklesti\/"},"modified":"2024-04-16T00:25:26","modified_gmt":"2024-04-16T00:25:26","slug":"2-kultur-sanat-ve-uretici-festivali-gerceklesti","status":"publish","type":"post","link":"https:\/\/kibrisdakik.com\/?p=38447","title":{"rendered":"2. K\u00fclt\u00fcr, Sanat ve \u00dcretici Festivali ger\u00e7ekle\u015fti"},"content":{"rendered":"<p><img decoding=\"async\" src=\"https:\/\/www.kibristurk.com\/images\/haberler\/2024\/04\/2-kultur-sanat-ve-uretici-festivali-gerceklesti-1713186656.webp\" \/><\/p>\n<p>Ada&#8217;n\u0131n her b\u00f6lgesinden gelen \u00fcreticilerin 90 adet stant olu\u015fturdu\u011fu festivalde k\u00fclt\u00fcrel lezzetler ve el sanatlar\u0131 yo\u011funluktayd\u0131. Kortej y\u00fcr\u00fcy\u00fc\u015f\u00fcyle ba\u015flayan festivalde, KKTC Cumhurba\u015fkan\u0131, Sn. Ersin Tatar ve e\u015fleri Sibel Tatar, KKTC Meclis Ba\u015fkan\u0131, Sn.Zorlu T\u00f6re, &nbsp;CTP Milletvekili, Sn.\u015eifa \u00c7olako\u011flu, KKTC K\u00fclt\u00fcr Dairesi M\u00fcd\u00fcr\u00fc, Sn.\u015eirin Zafery\u0131ld\u0131z\u0131, Gazima\u011fusa Polis M\u00fcd\u00fcr\u00fc, Sn. Nihat Can, Yenibo\u011fazi\u00e7i Belediye Ba\u015fkan\u0131, Sn.Katip Demir, Gazima\u011fusa Belediye Ba\u015fkan\u0131, Sn. S\u00fcleyman Ulu\u00e7ay, LA\u00c7 Belediye Ba\u015fkan\u0131, Sn. F\u0131rat Ataser, Antalya Muratpa\u015fa Belediye Ba\u015fkan Yard\u0131mc\u0131s\u0131, Sn. Oya Kansu, D\u00f6rtyol Polis \u015eube amiri, Sn. Hasip T\u00fct\u00fcnc\u00fc, Muhtarlar Federasyon Ba\u015fkan\u0131, Sn. Mustafa Ye\u015filleme, Yeni\u011fbo\u011fazi\u00e7i meclis \u00fcyeleri, Mormenek\u015fe Muhtar\u0131, Sn. Saim Ayt\u00fcrk, Yenibo\u011fazi\u00e7i muhtar\u0131, Sn. Nazif Onba\u015f\u0131 Yavuz. T\u00fcrkmenk\u00f6y muhtar\u0131,Sn. Ay\u015fe Korol ve her b\u00f6lgeden gelen kalabal\u0131k halk toplulu\u011fu kat\u0131ld\u0131. Mormenek\u015fe \u00c7a\u011fda\u015f Kad\u0131nlar Derne\u011fi ba\u015fkan\u0131, Hayriye Tokyay festivalle ilgili yapm\u0131\u015f oldu\u011fu a\u00e7\u0131klamada, dernek olarak yerli \u00fcretimi ve \u00fcreticiyi &nbsp;desteklemek ad\u0131na bu festivali olu\u015fturduklar\u0131n\u0131 belirtti. Bu yolda katk\u0131 koyan t\u00fcm y\u00f6neticilere, ba\u015fta K\u00fclt\u00fcr Dairesi M\u00fcd\u00fcr\u00fc, Sn. \u015eirin Zafery\u0131ld\u0131z\u0131&#8217;na ve Yenibo\u011fazi\u00e7i Belediye ba\u015fkan ve emek\u00e7ilerine te\u015fekk\u00fcrlerini iletti. Festival g\u00fcn boyu etkinlik, folkl\u00f6r ve m\u00fczik gruplar\u0131n\u0131n g\u00f6sterileriyle ak\u015fam ge\u00e7 saatlere kadar devam ederken, \u00fcreticinin memnuniyeti g\u00f6zlerden ka\u00e7mad\u0131. Festival, program\u0131 g\u00fcn boyu sunan program sunucusu, Togay Menek\u015feli&#8217;nin sunuculukta &nbsp;10. y\u0131l &nbsp;kutlamas\u0131 plaket taktimi ve &nbsp;Mormenek\u015fe \u00c7a\u011fda\u015f Kad\u0131nlar Derne\u011fi&#8217;nin 10. y\u0131l seremonisi, havai fi\u015fek g\u00f6sterisi ve yerli sanat\u00e7\u0131m\u0131z, Ahmet Evan konseriyle ak\u015fam\u0131n ge\u00e7 saatlerinde son buldu.<\/p>\n","protected":false},"excerpt":{"rendered":"<p>Ada&#8217;n\u0131n her b\u00f6lgesinden gelen \u00fcreticilerin 90 adet stant olu\u015fturdu\u011fu festivalde k\u00fclt\u00fcrel lezzetler ve el sanatlar\u0131 yo\u011funluktayd\u0131. Kortej y\u00fcr\u00fcy\u00fc\u015f\u00fcyle ba\u015flayan festivalde, KKTC Cumhurba\u015fkan\u0131, Sn. Ersin Tatar ve e\u015fleri Sibel Tatar, KKTC Meclis Ba\u015fkan\u0131, Sn.Zorlu T\u00f6re, &nbsp;CTP Milletvekili, Sn.\u015eifa \u00c7olako\u011flu, KKTC K\u00fclt\u00fcr Dairesi M\u00fcd\u00fcr\u00fc, Sn.\u015eirin Zafery\u0131ld\u0131z\u0131, Gazima\u011fusa Polis M\u00fcd\u00fcr\u00fc, Sn. Nihat Can, Yenibo\u011fazi\u00e7i Belediye Ba\u015fkan\u0131, Sn.Katip Demir,<\/p>\n","protected":false},"author":1,"featured_media":38448,"comment_status":"open","ping_status":"open","sticky":false,"template":"","format":"standard","meta":{"footnotes":""},"categories":[85],"tags":[],"class_list":["post-38447","post","type-post","status-publish","format-standard","has-post-thumbnail","hentry","category-spor"],"yoast_head":"<!-- This site is optimized with the Yoast SEO plugin v28.4 - https:\/\/yoast.com\/product\/yoast-seo-wordpress\/ -->\n<title>2. K\u00fclt\u00fcr, Sanat ve \u00dcretici Festivali ger\u00e7ekle\u015fti -<\/title>\n<meta name=\"robots\" content=\"index, follow, max-snippet:-1, max-image-preview:large, max-video-preview:-1\" \/>\n<link rel=\"canonical\" href=\"https:\/\/kibrisdakik.com\/?p=38447\" \/>\n<meta property=\"og:locale\" content=\"tr_TR\" \/>\n<meta property=\"og:type\" content=\"article\" \/>\n<meta property=\"og:title\" content=\"2. K\u00fclt\u00fcr, Sanat ve \u00dcretici Festivali ger\u00e7ekle\u015fti -\" \/>\n<meta property=\"og:description\" content=\"Ada&#8217;n\u0131n her b\u00f6lgesinden gelen \u00fcreticilerin 90 adet stant olu\u015fturdu\u011fu festivalde k\u00fclt\u00fcrel lezzetler ve el sanatlar\u0131 yo\u011funluktayd\u0131. Kortej y\u00fcr\u00fcy\u00fc\u015f\u00fcyle ba\u015flayan festivalde, KKTC Cumhurba\u015fkan\u0131, Sn. Ersin Tatar ve e\u015fleri Sibel Tatar, KKTC Meclis Ba\u015fkan\u0131, Sn.Zorlu T\u00f6re, &nbsp;CTP Milletvekili, Sn.\u015eifa \u00c7olako\u011flu, KKTC K\u00fclt\u00fcr Dairesi M\u00fcd\u00fcr\u00fc, Sn.\u015eirin Zafery\u0131ld\u0131z\u0131, Gazima\u011fusa Polis M\u00fcd\u00fcr\u00fc, Sn. Nihat Can, Yenibo\u011fazi\u00e7i Belediye Ba\u015fkan\u0131, Sn.Katip Demir,\" \/>\n<meta property=\"og:url\" content=\"https:\/\/kibrisdakik.com\/?p=38447\" \/>\n<meta property=\"article:published_time\" content=\"2024-04-16T00:25:26+00:00\" \/>\n<meta property=\"og:image\" content=\"https:\/\/kibrisdakik.com\/wp-content\/uploads\/2024\/04\/2-kultur-sanat-ve-uretici-festivali-gerceklesti-1713186656.webp.webp\" \/>\n\t<meta property=\"og:image:width\" content=\"710\" \/>\n\t<meta property=\"og:image:height\" content=\"370\" \/>\n\t<meta property=\"og:image:type\" content=\"image\/webp\" \/>\n<meta name=\"author\" content=\"admin\" \/>\n<meta name=\"twitter:card\" content=\"summary_large_image\" \/>\n<meta name=\"twitter:label1\" content=\"Yazan:\" \/>\n\t<meta name=\"twitter:data1\" content=\"admin\" \/>\n\t<meta name=\"twitter:label2\" content=\"Tahmini okuma s\u00fcresi\" \/>\n\t<meta name=\"twitter:data2\" content=\"2 dakika\" \/>\n<script type=\"application\/ld+json\" class=\"yoast-schema-graph\">{\"@context\":\"https:\\\/\\\/schema.org\",\"@graph\":[{\"@type\":\"Article\",\"@id\":\"https:\\\/\\\/kibrisdakik.com\\\/?p=38447#article\",\"isPartOf\":{\"@id\":\"https:\\\/\\\/kibrisdakik.com\\\/?p=38447\"},\"author\":{\"name\":\"admin\",\"@id\":\"https:\\\/\\\/kibrisdakik.com\\\/#\\\/schema\\\/person\\\/9cd9d437bbb44f72b73ba127e06d8e79\"},\"headline\":\"2. K\u00fclt\u00fcr, Sanat ve \u00dcretici Festivali ger\u00e7ekle\u015fti\",\"datePublished\":\"2024-04-16T00:25:26+00:00\",\"mainEntityOfPage\":{\"@id\":\"https:\\\/\\\/kibrisdakik.com\\\/?p=38447\"},\"wordCount\":341,\"commentCount\":0,\"publisher\":{\"@id\":\"https:\\\/\\\/kibrisdakik.com\\\/#organization\"},\"image\":{\"@id\":\"https:\\\/\\\/kibrisdakik.com\\\/?p=38447#primaryimage\"},\"thumbnailUrl\":\"https:\\\/\\\/kibrisdakik.com\\\/wp-content\\\/uploads\\\/2024\\\/04\\\/2-kultur-sanat-ve-uretici-festivali-gerceklesti-1713186656.webp.webp\",\"articleSection\":[\"Spor\"],\"inLanguage\":\"tr\",\"potentialAction\":[{\"@type\":\"CommentAction\",\"name\":\"Comment\",\"target\":[\"https:\\\/\\\/kibrisdakik.com\\\/?p=38447#respond\"]}]},{\"@type\":\"WebPage\",\"@id\":\"https:\\\/\\\/kibrisdakik.com\\\/?p=38447\",\"url\":\"https:\\\/\\\/kibrisdakik.com\\\/?p=38447\",\"name\":\"2. K\u00fclt\u00fcr, Sanat ve \u00dcretici Festivali ger\u00e7ekle\u015fti -\",\"isPartOf\":{\"@id\":\"https:\\\/\\\/kibrisdakik.com\\\/#website\"},\"primaryImageOfPage\":{\"@id\":\"https:\\\/\\\/kibrisdakik.com\\\/?p=38447#primaryimage\"},\"image\":{\"@id\":\"https:\\\/\\\/kibrisdakik.com\\\/?p=38447#primaryimage\"},\"thumbnailUrl\":\"https:\\\/\\\/kibrisdakik.com\\\/wp-content\\\/uploads\\\/2024\\\/04\\\/2-kultur-sanat-ve-uretici-festivali-gerceklesti-1713186656.webp.webp\",\"datePublished\":\"2024-04-16T00:25:26+00:00\",\"breadcrumb\":{\"@id\":\"https:\\\/\\\/kibrisdakik.com\\\/?p=38447#breadcrumb\"},\"inLanguage\":\"tr\",\"potentialAction\":[{\"@type\":\"ReadAction\",\"target\":[\"https:\\\/\\\/kibrisdakik.com\\\/?p=38447\"]}]},{\"@type\":\"ImageObject\",\"inLanguage\":\"tr\",\"@id\":\"https:\\\/\\\/kibrisdakik.com\\\/?p=38447#primaryimage\",\"url\":\"https:\\\/\\\/kibrisdakik.com\\\/wp-content\\\/uploads\\\/2024\\\/04\\\/2-kultur-sanat-ve-uretici-festivali-gerceklesti-1713186656.webp.webp\",\"contentUrl\":\"https:\\\/\\\/kibrisdakik.com\\\/wp-content\\\/uploads\\\/2024\\\/04\\\/2-kultur-sanat-ve-uretici-festivali-gerceklesti-1713186656.webp.webp\",\"width\":710,\"height\":370},{\"@type\":\"BreadcrumbList\",\"@id\":\"https:\\\/\\\/kibrisdakik.com\\\/?p=38447#breadcrumb\",\"itemListElement\":[{\"@type\":\"ListItem\",\"position\":1,\"name\":\"Home\",\"item\":\"https:\\\/\\\/kibrisdakik.com\\\/\"},{\"@type\":\"ListItem\",\"position\":2,\"name\":\"2. K\u00fclt\u00fcr, Sanat ve \u00dcretici Festivali ger\u00e7ekle\u015fti\"}]},{\"@type\":\"WebSite\",\"@id\":\"https:\\\/\\\/kibrisdakik.com\\\/#website\",\"url\":\"https:\\\/\\\/kibrisdakik.com\\\/\",\"name\":\"K\u0131br\u0131s Dakik\",\"description\":\"Tam vaktinde haber\",\"publisher\":{\"@id\":\"https:\\\/\\\/kibrisdakik.com\\\/#organization\"},\"potentialAction\":[{\"@type\":\"SearchAction\",\"target\":{\"@type\":\"EntryPoint\",\"urlTemplate\":\"https:\\\/\\\/kibrisdakik.com\\\/?s={search_term_string}\"},\"query-input\":{\"@type\":\"PropertyValueSpecification\",\"valueRequired\":true,\"valueName\":\"search_term_string\"}}],\"inLanguage\":\"tr\"},{\"@type\":\"Organization\",\"@id\":\"https:\\\/\\\/kibrisdakik.com\\\/#organization\",\"name\":\"K\u0131br\u0131s Dakik\",\"url\":\"https:\\\/\\\/kibrisdakik.com\\\/\",\"logo\":{\"@type\":\"ImageObject\",\"inLanguage\":\"tr\",\"@id\":\"https:\\\/\\\/kibrisdakik.com\\\/#\\\/schema\\\/logo\\\/image\\\/\",\"url\":\"https:\\\/\\\/kibrisdakik.com\\\/wp-content\\\/uploads\\\/2025\\\/10\\\/cropped-WhatsApp-Image-2025-10-02-at-12.58.31.jpeg\",\"contentUrl\":\"https:\\\/\\\/kibrisdakik.com\\\/wp-content\\\/uploads\\\/2025\\\/10\\\/cropped-WhatsApp-Image-2025-10-02-at-12.58.31.jpeg\",\"width\":1237,\"height\":190,\"caption\":\"K\u0131br\u0131s Dakik\"},\"image\":{\"@id\":\"https:\\\/\\\/kibrisdakik.com\\\/#\\\/schema\\\/logo\\\/image\\\/\"}},{\"@type\":\"Person\",\"@id\":\"https:\\\/\\\/kibrisdakik.com\\\/#\\\/schema\\\/person\\\/9cd9d437bbb44f72b73ba127e06d8e79\",\"name\":\"admin\",\"image\":{\"@type\":\"ImageObject\",\"inLanguage\":\"tr\",\"@id\":\"https:\\\/\\\/secure.gravatar.com\\\/avatar\\\/ccc17943b9d660506c869530f897617f7cb1c21a4bf30023f252596d83e1f007?s=96&d=mm&r=g\",\"url\":\"https:\\\/\\\/secure.gravatar.com\\\/avatar\\\/ccc17943b9d660506c869530f897617f7cb1c21a4bf30023f252596d83e1f007?s=96&d=mm&r=g\",\"contentUrl\":\"https:\\\/\\\/secure.gravatar.com\\\/avatar\\\/ccc17943b9d660506c869530f897617f7cb1c21a4bf30023f252596d83e1f007?s=96&d=mm&r=g\",\"caption\":\"admin\"},\"sameAs\":[\"https:\\\/\\\/kibrisdakik.com\"],\"url\":\"https:\\\/\\\/kibrisdakik.com\\\/?author=1\"}]}<\/script>\n<!-- \/ Yoast SEO plugin. -->","yoast_head_json":{"title":"2. K\u00fclt\u00fcr, Sanat ve \u00dcretici Festivali ger\u00e7ekle\u015fti -","robots":{"index":"index","follow":"follow","max-snippet":"max-snippet:-1","max-image-preview":"max-image-preview:large","max-video-preview":"max-video-preview:-1"},"canonical":"https:\/\/kibrisdakik.com\/?p=38447","og_locale":"tr_TR","og_type":"article","og_title":"2. K\u00fclt\u00fcr, Sanat ve \u00dcretici Festivali ger\u00e7ekle\u015fti -","og_description":"Ada&#8217;n\u0131n her b\u00f6lgesinden gelen \u00fcreticilerin 90 adet stant olu\u015fturdu\u011fu festivalde k\u00fclt\u00fcrel lezzetler ve el sanatlar\u0131 yo\u011funluktayd\u0131. Kortej y\u00fcr\u00fcy\u00fc\u015f\u00fcyle ba\u015flayan festivalde, KKTC Cumhurba\u015fkan\u0131, Sn. Ersin Tatar ve e\u015fleri Sibel Tatar, KKTC Meclis Ba\u015fkan\u0131, Sn.Zorlu T\u00f6re, &nbsp;CTP Milletvekili, Sn.\u015eifa \u00c7olako\u011flu, KKTC K\u00fclt\u00fcr Dairesi M\u00fcd\u00fcr\u00fc, Sn.\u015eirin Zafery\u0131ld\u0131z\u0131, Gazima\u011fusa Polis M\u00fcd\u00fcr\u00fc, Sn. Nihat Can, Yenibo\u011fazi\u00e7i Belediye Ba\u015fkan\u0131, Sn.Katip Demir,","og_url":"https:\/\/kibrisdakik.com\/?p=38447","article_published_time":"2024-04-16T00:25:26+00:00","og_image":[{"width":710,"height":370,"url":"https:\/\/kibrisdakik.com\/wp-content\/uploads\/2024\/04\/2-kultur-sanat-ve-uretici-festivali-gerceklesti-1713186656.webp.webp","type":"image\/webp"}],"author":"admin","twitter_card":"summary_large_image","twitter_misc":{"Yazan:":"admin","Tahmini okuma s\u00fcresi":"2 dakika"},"schema":{"@context":"https:\/\/schema.org","@graph":[{"@type":"Article","@id":"https:\/\/kibrisdakik.com\/?p=38447#article","isPartOf":{"@id":"https:\/\/kibrisdakik.com\/?p=38447"},"author":{"name":"admin","@id":"https:\/\/kibrisdakik.com\/#\/schema\/person\/9cd9d437bbb44f72b73ba127e06d8e79"},"headline":"2. K\u00fclt\u00fcr, Sanat ve \u00dcretici Festivali ger\u00e7ekle\u015fti","datePublished":"2024-04-16T00:25:26+00:00","mainEntityOfPage":{"@id":"https:\/\/kibrisdakik.com\/?p=38447"},"wordCount":341,"commentCount":0,"publisher":{"@id":"https:\/\/kibrisdakik.com\/#organization"},"image":{"@id":"https:\/\/kibrisdakik.com\/?p=38447#primaryimage"},"thumbnailUrl":"https:\/\/kibrisdakik.com\/wp-content\/uploads\/2024\/04\/2-kultur-sanat-ve-uretici-festivali-gerceklesti-1713186656.webp.webp","articleSection":["Spor"],"inLanguage":"tr","potentialAction":[{"@type":"CommentAction","name":"Comment","target":["https:\/\/kibrisdakik.com\/?p=38447#respond"]}]},{"@type":"WebPage","@id":"https:\/\/kibrisdakik.com\/?p=38447","url":"https:\/\/kibrisdakik.com\/?p=38447","name":"2. K\u00fclt\u00fcr, Sanat ve \u00dcretici Festivali ger\u00e7ekle\u015fti -","isPartOf":{"@id":"https:\/\/kibrisdakik.com\/#website"},"primaryImageOfPage":{"@id":"https:\/\/kibrisdakik.com\/?p=38447#primaryimage"},"image":{"@id":"https:\/\/kibrisdakik.com\/?p=38447#primaryimage"},"thumbnailUrl":"https:\/\/kibrisdakik.com\/wp-content\/uploads\/2024\/04\/2-kultur-sanat-ve-uretici-festivali-gerceklesti-1713186656.webp.webp","datePublished":"2024-04-16T00:25:26+00:00","breadcrumb":{"@id":"https:\/\/kibrisdakik.com\/?p=38447#breadcrumb"},"inLanguage":"tr","potentialAction":[{"@type":"ReadAction","target":["https:\/\/kibrisdakik.com\/?p=38447"]}]},{"@type":"ImageObject","inLanguage":"tr","@id":"https:\/\/kibrisdakik.com\/?p=38447#primaryimage","url":"https:\/\/kibrisdakik.com\/wp-content\/uploads\/2024\/04\/2-kultur-sanat-ve-uretici-festivali-gerceklesti-1713186656.webp.webp","contentUrl":"https:\/\/kibrisdakik.com\/wp-content\/uploads\/2024\/04\/2-kultur-sanat-ve-uretici-festivali-gerceklesti-1713186656.webp.webp","width":710,"height":370},{"@type":"BreadcrumbList","@id":"https:\/\/kibrisdakik.com\/?p=38447#breadcrumb","itemListElement":[{"@type":"ListItem","position":1,"name":"Home","item":"https:\/\/kibrisdakik.com\/"},{"@type":"ListItem","position":2,"name":"2. K\u00fclt\u00fcr, Sanat ve \u00dcretici Festivali ger\u00e7ekle\u015fti"}]},{"@type":"WebSite","@id":"https:\/\/kibrisdakik.com\/#website","url":"https:\/\/kibrisdakik.com\/","name":"K\u0131br\u0131s Dakik","description":"Tam vaktinde haber","publisher":{"@id":"https:\/\/kibrisdakik.com\/#organization"},"potentialAction":[{"@type":"SearchAction","target":{"@type":"EntryPoint","urlTemplate":"https:\/\/kibrisdakik.com\/?s={search_term_string}"},"query-input":{"@type":"PropertyValueSpecification","valueRequired":true,"valueName":"search_term_string"}}],"inLanguage":"tr"},{"@type":"Organization","@id":"https:\/\/kibrisdakik.com\/#organization","name":"K\u0131br\u0131s Dakik","url":"https:\/\/kibrisdakik.com\/","logo":{"@type":"ImageObject","inLanguage":"tr","@id":"https:\/\/kibrisdakik.com\/#\/schema\/logo\/image\/","url":"https:\/\/kibrisdakik.com\/wp-content\/uploads\/2025\/10\/cropped-WhatsApp-Image-2025-10-02-at-12.58.31.jpeg","contentUrl":"https:\/\/kibrisdakik.com\/wp-content\/uploads\/2025\/10\/cropped-WhatsApp-Image-2025-10-02-at-12.58.31.jpeg","width":1237,"height":190,"caption":"K\u0131br\u0131s Dakik"},"image":{"@id":"https:\/\/kibrisdakik.com\/#\/schema\/logo\/image\/"}},{"@type":"Person","@id":"https:\/\/kibrisdakik.com\/#\/schema\/person\/9cd9d437bbb44f72b73ba127e06d8e79","name":"admin","image":{"@type":"ImageObject","inLanguage":"tr","@id":"https:\/\/secure.gravatar.com\/avatar\/ccc17943b9d660506c869530f897617f7cb1c21a4bf30023f252596d83e1f007?s=96&d=mm&r=g","url":"https:\/\/secure.gravatar.com\/avatar\/ccc17943b9d660506c869530f897617f7cb1c21a4bf30023f252596d83e1f007?s=96&d=mm&r=g","contentUrl":"https:\/\/secure.gravatar.com\/avatar\/ccc17943b9d660506c869530f897617f7cb1c21a4bf30023f252596d83e1f007?s=96&d=mm&r=g","caption":"admin"},"sameAs":["https:\/\/kibrisdakik.com"],"url":"https:\/\/kibrisdakik.com\/?author=1"}]}},"_links":{"self":[{"href":"https:\/\/kibrisdakik.com\/index.php?rest_route=\/wp\/v2\/posts\/38447","targetHints":{"allow":["GET"]}}],"collection":[{"href":"https:\/\/kibrisdakik.com\/index.php?rest_route=\/wp\/v2\/posts"}],"about":[{"href":"https:\/\/kibrisdakik.com\/index.php?rest_route=\/wp\/v2\/types\/post"}],"author":[{"embeddable":true,"href":"https:\/\/kibrisdakik.com\/index.php?rest_route=\/wp\/v2\/users\/1"}],"replies":[{"embeddable":true,"href":"https:\/\/kibrisdakik.com\/index.php?rest_route=%2Fwp%2Fv2%2Fcomments&post=38447"}],"version-history":[{"count":0,"href":"https:\/\/kibrisdakik.com\/index.php?rest_route=\/wp\/v2\/posts\/38447\/revisions"}],"wp:featuredmedia":[{"embeddable":true,"href":"https:\/\/kibrisdakik.com\/index.php?rest_route=\/wp\/v2\/media\/38448"}],"wp:attachment":[{"href":"https:\/\/kibrisdakik.com\/index.php?rest_route=%2Fwp%2Fv2%2Fmedia&parent=38447"}],"wp:term":[{"taxonomy":"category","embeddable":true,"href":"https:\/\/kibrisdakik.com\/index.php?rest_route=%2Fwp%2Fv2%2Fcategories&post=38447"},{"taxonomy":"post_tag","embeddable":true,"href":"https:\/\/kibrisdakik.com\/index.php?rest_route=%2Fwp%2Fv2%2Ftags&post=38447"}],"curies":[{"name":"wp","href":"https:\/\/api.w.org\/{rel}","templated":true}]}}