{"id":38490,"date":"2024-04-16T10:20:23","date_gmt":"2024-04-16T10:20:23","guid":{"rendered":"https:\/\/kibrisdakik.com\/index.php\/2024\/04\/16\/disisleri-bakani-ertugruloglu-turk-baris-kuvvetleri-gaziler-dernegi-heyetini-kabul-etti\/"},"modified":"2024-04-16T10:20:23","modified_gmt":"2024-04-16T10:20:23","slug":"disisleri-bakani-ertugruloglu-turk-baris-kuvvetleri-gaziler-dernegi-heyetini-kabul-etti","status":"publish","type":"post","link":"https:\/\/kibrisdakik.com\/?p=38490","title":{"rendered":"D\u0131\u015fi\u015fleri Bakan\u0131 Ertu\u011frulo\u011flu T\u00fcrk Bar\u0131\u015f Kuvvetleri Gaziler Derne\u011fi heyetini kabul etti"},"content":{"rendered":"<p><\/p>\n<div>\n<div class=\"mariselle-image-container center\">\n                <img loading=\"lazy\" decoding=\"async\" width=\"2433\" height=\"1430\" class=\"lazy-image\" alt=\"\" sizes=\"auto, (max-width: 2433px) 100vw, 2433px\" src=\"https:\/\/brtk.net\/wp-content\/uploads\/2024\/04\/16\/1.jpg?ver=e9ac7c6c1d1eaf4ce79cae002c1ceeff\" srcset=\"https:\/\/brtk.net\/wp-content\/uploads\/2024\/04\/16\/1.jpg?ver=e9ac7c6c1d1eaf4ce79cae002c1ceeff 2433w, https:\/\/brtk.net\/wp-content\/uploads\/2024\/04\/16\/1-300x176.jpg?ver=661723080efd4fe9c36c53e1c253a98c 300w, https:\/\/brtk.net\/wp-content\/uploads\/2024\/04\/16\/1-1024x602.jpg?ver=6fd649a3918acf87b466f9dc4ad05c4a 1024w, https:\/\/brtk.net\/wp-content\/uploads\/2024\/04\/16\/1-768x451.jpg?ver=6fd649a3918acf87b466f9dc4ad05c4a 768w, https:\/\/brtk.net\/wp-content\/uploads\/2024\/04\/16\/1-1536x903.jpg?ver=2e2ecba64d3bc58721ef44373746e9ac 1536w, https:\/\/brtk.net\/wp-content\/uploads\/2024\/04\/16\/1-2048x1204.jpg?ver=67c67a8b1d3408419e7cb516a85ae68a 2048w, https:\/\/brtk.net\/wp-content\/uploads\/2024\/04\/16\/1-379x222.jpg?ver=718440f2a7d862a068e4da3ab51b7f80 379w\"\/>                            <\/div>\n<p>D\u0131\u015fi\u015fleri Bakan\u0131 Tahsin Ertu\u011frulo\u011flu, T\u00fcrk Bar\u0131\u015f Kuvvetleri Gaziler Derne\u011fi Genel Ba\u015fkan\u0131 Nusrettin Yuca ve beraberindeki heyeti kabul ederek g\u00f6r\u00fc\u015ft\u00fc.<\/p>\n<p>Gazileri D\u0131\u015fi\u015fleri Bakanl\u0131\u011f\u0131\u2019nda a\u011f\u0131rlamaktan memnun oldu\u011funu ifade eden Ertu\u011frulo\u011flu, ya\u015fad\u0131\u011f\u0131m\u0131z topraklar\u0131n vatan yap\u0131lmas\u0131nda \u015fehit ve gazilerin canlar\u0131ndan vazge\u00e7erek en b\u00fcy\u00fck fedakarl\u0131\u011f\u0131 g\u00f6sterdi\u011fini belirtti. <\/p>\n<p>D\u0131\u015fi\u015fleri Bakan\u0131 Ertu\u011frulo\u011fu, gazilerin, can\u0131ndan ge\u00e7meyi g\u00f6ze alan, vatanseverli\u011fin ve kahramanl\u0131\u011f\u0131n ya\u015fayan abideleri oldu\u011funu kaydetti.<\/p>\n<p>T\u00fcrk askerinin K\u0131br\u0131s\u2019a hakl\u0131 m\u00fcdahalesi ile K\u0131br\u0131s T\u00fcrk\u00fc\u2019n\u00fcn soyk\u0131r\u0131mdan kurtuldu\u011funu, Mehmet\u00e7ik ile m\u00fccahidin omuz omuza m\u00fccadele verdi\u011fini ifade eden D\u0131\u015fi\u015fleri Bakan\u0131 Ertu\u011frulo\u011flu, ya\u015fan\u0131lan son olaylarla b\u00f6lgenin yine ate\u015f \u00e7emberi i\u00e7inde oldu\u011funa i\u015faret ederek, K\u0131br\u0131s T\u00fcrk\u00fc\u2019n\u00fcn anavatan T\u00fcrkiye\u2019nin garant\u00f6rl\u00fc\u011f\u00fcnde T\u00fcrk Silahl\u0131 Kuvvetleri\u2019nin g\u00fcvencesi alt\u0131nda huzur ve g\u00fcven i\u00e7inden ya\u015fad\u0131\u011f\u0131n\u0131 vurgulad\u0131.<\/p>\n<\/p><\/div>\n<p><script async\n                    defer\n                    crossorigin=\"anonymous\"\n                    src=\"https:\/\/connect.facebook.net\/tr_TR\/sdk.js#xfbml=1&#038;version=v3.3\"\n            ><\/script><\/p>\n","protected":false},"excerpt":{"rendered":"<p>D\u0131\u015fi\u015fleri Bakan\u0131 Tahsin Ertu\u011frulo\u011flu, T\u00fcrk Bar\u0131\u015f Kuvvetleri Gaziler Derne\u011fi Genel Ba\u015fkan\u0131 Nusrettin Yuca ve beraberindeki heyeti kabul ederek g\u00f6r\u00fc\u015ft\u00fc. Gazileri D\u0131\u015fi\u015fleri Bakanl\u0131\u011f\u0131\u2019nda a\u011f\u0131rlamaktan memnun oldu\u011funu ifade eden Ertu\u011frulo\u011flu, ya\u015fad\u0131\u011f\u0131m\u0131z topraklar\u0131n vatan yap\u0131lmas\u0131nda \u015fehit ve gazilerin canlar\u0131ndan vazge\u00e7erek en b\u00fcy\u00fck fedakarl\u0131\u011f\u0131 g\u00f6sterdi\u011fini belirtti. D\u0131\u015fi\u015fleri Bakan\u0131 Ertu\u011frulo\u011fu, gazilerin, can\u0131ndan ge\u00e7meyi g\u00f6ze alan, vatanseverli\u011fin ve kahramanl\u0131\u011f\u0131n ya\u015fayan abideleri<\/p>\n","protected":false},"author":1,"featured_media":38491,"comment_status":"open","ping_status":"open","sticky":false,"template":"","format":"standard","meta":{"footnotes":""},"categories":[1],"tags":[],"class_list":["post-38490","post","type-post","status-publish","format-standard","has-post-thumbnail","hentry","category-gundem"],"yoast_head":"<!-- This site is optimized with the Yoast SEO plugin v27.5 - https:\/\/yoast.com\/product\/yoast-seo-wordpress\/ -->\n<title>D\u0131\u015fi\u015fleri Bakan\u0131 Ertu\u011frulo\u011flu T\u00fcrk Bar\u0131\u015f Kuvvetleri Gaziler Derne\u011fi heyetini kabul etti -<\/title>\n<meta name=\"robots\" content=\"index, follow, max-snippet:-1, max-image-preview:large, max-video-preview:-1\" \/>\n<link rel=\"canonical\" href=\"https:\/\/kibrisdakik.com\/?p=38490\" \/>\n<meta property=\"og:locale\" content=\"tr_TR\" \/>\n<meta property=\"og:type\" content=\"article\" \/>\n<meta property=\"og:title\" content=\"D\u0131\u015fi\u015fleri Bakan\u0131 Ertu\u011frulo\u011flu T\u00fcrk Bar\u0131\u015f Kuvvetleri Gaziler Derne\u011fi heyetini kabul etti -\" \/>\n<meta property=\"og:description\" content=\"D\u0131\u015fi\u015fleri Bakan\u0131 Tahsin Ertu\u011frulo\u011flu, T\u00fcrk Bar\u0131\u015f Kuvvetleri Gaziler Derne\u011fi Genel Ba\u015fkan\u0131 Nusrettin Yuca ve beraberindeki heyeti kabul ederek g\u00f6r\u00fc\u015ft\u00fc. Gazileri D\u0131\u015fi\u015fleri Bakanl\u0131\u011f\u0131\u2019nda a\u011f\u0131rlamaktan memnun oldu\u011funu ifade eden Ertu\u011frulo\u011flu, ya\u015fad\u0131\u011f\u0131m\u0131z topraklar\u0131n vatan yap\u0131lmas\u0131nda \u015fehit ve gazilerin canlar\u0131ndan vazge\u00e7erek en b\u00fcy\u00fck fedakarl\u0131\u011f\u0131 g\u00f6sterdi\u011fini belirtti. D\u0131\u015fi\u015fleri Bakan\u0131 Ertu\u011frulo\u011fu, gazilerin, can\u0131ndan ge\u00e7meyi g\u00f6ze alan, vatanseverli\u011fin ve kahramanl\u0131\u011f\u0131n ya\u015fayan abideleri\" \/>\n<meta property=\"og:url\" content=\"https:\/\/kibrisdakik.com\/?p=38490\" \/>\n<meta property=\"article:published_time\" content=\"2024-04-16T10:20:23+00:00\" \/>\n<meta property=\"og:image\" content=\"https:\/\/kibrisdakik.com\/wp-content\/uploads\/2024\/04\/1-740x420.jpg\" \/>\n\t<meta property=\"og:image:width\" content=\"2433\" \/>\n\t<meta property=\"og:image:height\" content=\"1430\" \/>\n\t<meta property=\"og:image:type\" content=\"image\/jpeg\" \/>\n<meta name=\"author\" content=\"admin\" \/>\n<meta name=\"twitter:card\" content=\"summary_large_image\" \/>\n<meta name=\"twitter:label1\" content=\"Yazan:\" \/>\n\t<meta name=\"twitter:data1\" content=\"admin\" \/>\n\t<meta name=\"twitter:label2\" content=\"Tahmini okuma s\u00fcresi\" \/>\n\t<meta name=\"twitter:data2\" content=\"1 dakika\" \/>\n<script type=\"application\/ld+json\" class=\"yoast-schema-graph\">{\"@context\":\"https:\\\/\\\/schema.org\",\"@graph\":[{\"@type\":\"Article\",\"@id\":\"https:\\\/\\\/kibrisdakik.com\\\/?p=38490#article\",\"isPartOf\":{\"@id\":\"https:\\\/\\\/kibrisdakik.com\\\/?p=38490\"},\"author\":{\"name\":\"admin\",\"@id\":\"https:\\\/\\\/kibrisdakik.com\\\/#\\\/schema\\\/person\\\/9cd9d437bbb44f72b73ba127e06d8e79\"},\"headline\":\"D\u0131\u015fi\u015fleri Bakan\u0131 Ertu\u011frulo\u011flu T\u00fcrk Bar\u0131\u015f Kuvvetleri Gaziler Derne\u011fi heyetini kabul etti\",\"datePublished\":\"2024-04-16T10:20:23+00:00\",\"mainEntityOfPage\":{\"@id\":\"https:\\\/\\\/kibrisdakik.com\\\/?p=38490\"},\"wordCount\":206,\"commentCount\":0,\"image\":{\"@id\":\"https:\\\/\\\/kibrisdakik.com\\\/?p=38490#primaryimage\"},\"thumbnailUrl\":\"https:\\\/\\\/kibrisdakik.com\\\/wp-content\\\/uploads\\\/2024\\\/04\\\/1-740x420.jpg\",\"articleSection\":[\"G\u00fcndem\"],\"inLanguage\":\"tr\",\"potentialAction\":[{\"@type\":\"CommentAction\",\"name\":\"Comment\",\"target\":[\"https:\\\/\\\/kibrisdakik.com\\\/?p=38490#respond\"]}]},{\"@type\":\"WebPage\",\"@id\":\"https:\\\/\\\/kibrisdakik.com\\\/?p=38490\",\"url\":\"https:\\\/\\\/kibrisdakik.com\\\/?p=38490\",\"name\":\"D\u0131\u015fi\u015fleri Bakan\u0131 Ertu\u011frulo\u011flu T\u00fcrk Bar\u0131\u015f Kuvvetleri Gaziler Derne\u011fi heyetini kabul etti -\",\"isPartOf\":{\"@id\":\"https:\\\/\\\/kibrisdakik.com\\\/#website\"},\"primaryImageOfPage\":{\"@id\":\"https:\\\/\\\/kibrisdakik.com\\\/?p=38490#primaryimage\"},\"image\":{\"@id\":\"https:\\\/\\\/kibrisdakik.com\\\/?p=38490#primaryimage\"},\"thumbnailUrl\":\"https:\\\/\\\/kibrisdakik.com\\\/wp-content\\\/uploads\\\/2024\\\/04\\\/1-740x420.jpg\",\"datePublished\":\"2024-04-16T10:20:23+00:00\",\"author\":{\"@id\":\"https:\\\/\\\/kibrisdakik.com\\\/#\\\/schema\\\/person\\\/9cd9d437bbb44f72b73ba127e06d8e79\"},\"breadcrumb\":{\"@id\":\"https:\\\/\\\/kibrisdakik.com\\\/?p=38490#breadcrumb\"},\"inLanguage\":\"tr\",\"potentialAction\":[{\"@type\":\"ReadAction\",\"target\":[\"https:\\\/\\\/kibrisdakik.com\\\/?p=38490\"]}]},{\"@type\":\"ImageObject\",\"inLanguage\":\"tr\",\"@id\":\"https:\\\/\\\/kibrisdakik.com\\\/?p=38490#primaryimage\",\"url\":\"https:\\\/\\\/kibrisdakik.com\\\/wp-content\\\/uploads\\\/2024\\\/04\\\/1-740x420.jpg\",\"contentUrl\":\"https:\\\/\\\/kibrisdakik.com\\\/wp-content\\\/uploads\\\/2024\\\/04\\\/1-740x420.jpg\",\"width\":2433,\"height\":1430},{\"@type\":\"BreadcrumbList\",\"@id\":\"https:\\\/\\\/kibrisdakik.com\\\/?p=38490#breadcrumb\",\"itemListElement\":[{\"@type\":\"ListItem\",\"position\":1,\"name\":\"Home\",\"item\":\"https:\\\/\\\/kibrisdakik.com\\\/\"},{\"@type\":\"ListItem\",\"position\":2,\"name\":\"D\u0131\u015fi\u015fleri Bakan\u0131 Ertu\u011frulo\u011flu T\u00fcrk Bar\u0131\u015f Kuvvetleri Gaziler Derne\u011fi heyetini kabul etti\"}]},{\"@type\":\"WebSite\",\"@id\":\"https:\\\/\\\/kibrisdakik.com\\\/#website\",\"url\":\"https:\\\/\\\/kibrisdakik.com\\\/\",\"name\":\"\",\"description\":\"Tam vaktinde haber\",\"potentialAction\":[{\"@type\":\"SearchAction\",\"target\":{\"@type\":\"EntryPoint\",\"urlTemplate\":\"https:\\\/\\\/kibrisdakik.com\\\/?s={search_term_string}\"},\"query-input\":{\"@type\":\"PropertyValueSpecification\",\"valueRequired\":true,\"valueName\":\"search_term_string\"}}],\"inLanguage\":\"tr\"},{\"@type\":\"Person\",\"@id\":\"https:\\\/\\\/kibrisdakik.com\\\/#\\\/schema\\\/person\\\/9cd9d437bbb44f72b73ba127e06d8e79\",\"name\":\"admin\",\"image\":{\"@type\":\"ImageObject\",\"inLanguage\":\"tr\",\"@id\":\"https:\\\/\\\/secure.gravatar.com\\\/avatar\\\/ccc17943b9d660506c869530f897617f7cb1c21a4bf30023f252596d83e1f007?s=96&d=mm&r=g\",\"url\":\"https:\\\/\\\/secure.gravatar.com\\\/avatar\\\/ccc17943b9d660506c869530f897617f7cb1c21a4bf30023f252596d83e1f007?s=96&d=mm&r=g\",\"contentUrl\":\"https:\\\/\\\/secure.gravatar.com\\\/avatar\\\/ccc17943b9d660506c869530f897617f7cb1c21a4bf30023f252596d83e1f007?s=96&d=mm&r=g\",\"caption\":\"admin\"},\"sameAs\":[\"https:\\\/\\\/kibrisdakik.com\"],\"url\":\"https:\\\/\\\/kibrisdakik.com\\\/?author=1\"}]}<\/script>\n<!-- \/ Yoast SEO plugin. -->","yoast_head_json":{"title":"D\u0131\u015fi\u015fleri Bakan\u0131 Ertu\u011frulo\u011flu T\u00fcrk Bar\u0131\u015f Kuvvetleri Gaziler Derne\u011fi heyetini kabul etti -","robots":{"index":"index","follow":"follow","max-snippet":"max-snippet:-1","max-image-preview":"max-image-preview:large","max-video-preview":"max-video-preview:-1"},"canonical":"https:\/\/kibrisdakik.com\/?p=38490","og_locale":"tr_TR","og_type":"article","og_title":"D\u0131\u015fi\u015fleri Bakan\u0131 Ertu\u011frulo\u011flu T\u00fcrk Bar\u0131\u015f Kuvvetleri Gaziler Derne\u011fi heyetini kabul etti -","og_description":"D\u0131\u015fi\u015fleri Bakan\u0131 Tahsin Ertu\u011frulo\u011flu, T\u00fcrk Bar\u0131\u015f Kuvvetleri Gaziler Derne\u011fi Genel Ba\u015fkan\u0131 Nusrettin Yuca ve beraberindeki heyeti kabul ederek g\u00f6r\u00fc\u015ft\u00fc. Gazileri D\u0131\u015fi\u015fleri Bakanl\u0131\u011f\u0131\u2019nda a\u011f\u0131rlamaktan memnun oldu\u011funu ifade eden Ertu\u011frulo\u011flu, ya\u015fad\u0131\u011f\u0131m\u0131z topraklar\u0131n vatan yap\u0131lmas\u0131nda \u015fehit ve gazilerin canlar\u0131ndan vazge\u00e7erek en b\u00fcy\u00fck fedakarl\u0131\u011f\u0131 g\u00f6sterdi\u011fini belirtti. D\u0131\u015fi\u015fleri Bakan\u0131 Ertu\u011frulo\u011fu, gazilerin, can\u0131ndan ge\u00e7meyi g\u00f6ze alan, vatanseverli\u011fin ve kahramanl\u0131\u011f\u0131n ya\u015fayan abideleri","og_url":"https:\/\/kibrisdakik.com\/?p=38490","article_published_time":"2024-04-16T10:20:23+00:00","og_image":[{"width":2433,"height":1430,"url":"https:\/\/kibrisdakik.com\/wp-content\/uploads\/2024\/04\/1-740x420.jpg","type":"image\/jpeg"}],"author":"admin","twitter_card":"summary_large_image","twitter_misc":{"Yazan:":"admin","Tahmini okuma s\u00fcresi":"1 dakika"},"schema":{"@context":"https:\/\/schema.org","@graph":[{"@type":"Article","@id":"https:\/\/kibrisdakik.com\/?p=38490#article","isPartOf":{"@id":"https:\/\/kibrisdakik.com\/?p=38490"},"author":{"name":"admin","@id":"https:\/\/kibrisdakik.com\/#\/schema\/person\/9cd9d437bbb44f72b73ba127e06d8e79"},"headline":"D\u0131\u015fi\u015fleri Bakan\u0131 Ertu\u011frulo\u011flu T\u00fcrk Bar\u0131\u015f Kuvvetleri Gaziler Derne\u011fi heyetini kabul etti","datePublished":"2024-04-16T10:20:23+00:00","mainEntityOfPage":{"@id":"https:\/\/kibrisdakik.com\/?p=38490"},"wordCount":206,"commentCount":0,"image":{"@id":"https:\/\/kibrisdakik.com\/?p=38490#primaryimage"},"thumbnailUrl":"https:\/\/kibrisdakik.com\/wp-content\/uploads\/2024\/04\/1-740x420.jpg","articleSection":["G\u00fcndem"],"inLanguage":"tr","potentialAction":[{"@type":"CommentAction","name":"Comment","target":["https:\/\/kibrisdakik.com\/?p=38490#respond"]}]},{"@type":"WebPage","@id":"https:\/\/kibrisdakik.com\/?p=38490","url":"https:\/\/kibrisdakik.com\/?p=38490","name":"D\u0131\u015fi\u015fleri Bakan\u0131 Ertu\u011frulo\u011flu T\u00fcrk Bar\u0131\u015f Kuvvetleri Gaziler Derne\u011fi heyetini kabul etti -","isPartOf":{"@id":"https:\/\/kibrisdakik.com\/#website"},"primaryImageOfPage":{"@id":"https:\/\/kibrisdakik.com\/?p=38490#primaryimage"},"image":{"@id":"https:\/\/kibrisdakik.com\/?p=38490#primaryimage"},"thumbnailUrl":"https:\/\/kibrisdakik.com\/wp-content\/uploads\/2024\/04\/1-740x420.jpg","datePublished":"2024-04-16T10:20:23+00:00","author":{"@id":"https:\/\/kibrisdakik.com\/#\/schema\/person\/9cd9d437bbb44f72b73ba127e06d8e79"},"breadcrumb":{"@id":"https:\/\/kibrisdakik.com\/?p=38490#breadcrumb"},"inLanguage":"tr","potentialAction":[{"@type":"ReadAction","target":["https:\/\/kibrisdakik.com\/?p=38490"]}]},{"@type":"ImageObject","inLanguage":"tr","@id":"https:\/\/kibrisdakik.com\/?p=38490#primaryimage","url":"https:\/\/kibrisdakik.com\/wp-content\/uploads\/2024\/04\/1-740x420.jpg","contentUrl":"https:\/\/kibrisdakik.com\/wp-content\/uploads\/2024\/04\/1-740x420.jpg","width":2433,"height":1430},{"@type":"BreadcrumbList","@id":"https:\/\/kibrisdakik.com\/?p=38490#breadcrumb","itemListElement":[{"@type":"ListItem","position":1,"name":"Home","item":"https:\/\/kibrisdakik.com\/"},{"@type":"ListItem","position":2,"name":"D\u0131\u015fi\u015fleri Bakan\u0131 Ertu\u011frulo\u011flu T\u00fcrk Bar\u0131\u015f Kuvvetleri Gaziler Derne\u011fi heyetini kabul etti"}]},{"@type":"WebSite","@id":"https:\/\/kibrisdakik.com\/#website","url":"https:\/\/kibrisdakik.com\/","name":"","description":"Tam vaktinde haber","potentialAction":[{"@type":"SearchAction","target":{"@type":"EntryPoint","urlTemplate":"https:\/\/kibrisdakik.com\/?s={search_term_string}"},"query-input":{"@type":"PropertyValueSpecification","valueRequired":true,"valueName":"search_term_string"}}],"inLanguage":"tr"},{"@type":"Person","@id":"https:\/\/kibrisdakik.com\/#\/schema\/person\/9cd9d437bbb44f72b73ba127e06d8e79","name":"admin","image":{"@type":"ImageObject","inLanguage":"tr","@id":"https:\/\/secure.gravatar.com\/avatar\/ccc17943b9d660506c869530f897617f7cb1c21a4bf30023f252596d83e1f007?s=96&d=mm&r=g","url":"https:\/\/secure.gravatar.com\/avatar\/ccc17943b9d660506c869530f897617f7cb1c21a4bf30023f252596d83e1f007?s=96&d=mm&r=g","contentUrl":"https:\/\/secure.gravatar.com\/avatar\/ccc17943b9d660506c869530f897617f7cb1c21a4bf30023f252596d83e1f007?s=96&d=mm&r=g","caption":"admin"},"sameAs":["https:\/\/kibrisdakik.com"],"url":"https:\/\/kibrisdakik.com\/?author=1"}]}},"_links":{"self":[{"href":"https:\/\/kibrisdakik.com\/index.php?rest_route=\/wp\/v2\/posts\/38490","targetHints":{"allow":["GET"]}}],"collection":[{"href":"https:\/\/kibrisdakik.com\/index.php?rest_route=\/wp\/v2\/posts"}],"about":[{"href":"https:\/\/kibrisdakik.com\/index.php?rest_route=\/wp\/v2\/types\/post"}],"author":[{"embeddable":true,"href":"https:\/\/kibrisdakik.com\/index.php?rest_route=\/wp\/v2\/users\/1"}],"replies":[{"embeddable":true,"href":"https:\/\/kibrisdakik.com\/index.php?rest_route=%2Fwp%2Fv2%2Fcomments&post=38490"}],"version-history":[{"count":0,"href":"https:\/\/kibrisdakik.com\/index.php?rest_route=\/wp\/v2\/posts\/38490\/revisions"}],"wp:featuredmedia":[{"embeddable":true,"href":"https:\/\/kibrisdakik.com\/index.php?rest_route=\/wp\/v2\/media\/38491"}],"wp:attachment":[{"href":"https:\/\/kibrisdakik.com\/index.php?rest_route=%2Fwp%2Fv2%2Fmedia&parent=38490"}],"wp:term":[{"taxonomy":"category","embeddable":true,"href":"https:\/\/kibrisdakik.com\/index.php?rest_route=%2Fwp%2Fv2%2Fcategories&post=38490"},{"taxonomy":"post_tag","embeddable":true,"href":"https:\/\/kibrisdakik.com\/index.php?rest_route=%2Fwp%2Fv2%2Ftags&post=38490"}],"curies":[{"name":"wp","href":"https:\/\/api.w.org\/{rel}","templated":true}]}}