{"id":38500,"date":"2024-04-16T12:18:33","date_gmt":"2024-04-16T12:18:33","guid":{"rendered":"https:\/\/kibrisdakik.com\/index.php\/2024\/04\/16\/guc-sende-yeni-gorev-dagilimi-yapildi-baskan-ediz-kanatli\/"},"modified":"2024-04-16T12:18:33","modified_gmt":"2024-04-16T12:18:33","slug":"guc-sende-yeni-gorev-dagilimi-yapildi-baskan-ediz-kanatli","status":"publish","type":"post","link":"https:\/\/kibrisdakik.com\/?p=38500","title":{"rendered":"G\u00dc\u00c7-SEN\u2019de yeni g\u00f6rev da\u011f\u0131l\u0131m\u0131 yap\u0131ld\u0131&#8230;.Ba\u015fkan Ediz Kanatl\u0131"},"content":{"rendered":"<p><img decoding=\"async\" src=\"https:\/\/www.kibristurk.com\/images\/haberler\/2024\/04\/guc-sende-yeni-gorev-dagilimi-yapildibaskan-ediz-kanatli-1713269210.webp\" \/><\/p>\n<p>Ediz Kanatl\u0131\u2019n\u0131n ba\u015fkan oldu\u011fu G\u00dc\u00c7-SEN\u2019de g\u00f6rev da\u011f\u0131l\u0131m\u0131 \u015fu \u015fekilde duyuruldu:<\/p>\n<p>&nbsp;<\/p>\n<p>&nbsp;\u201cEdiz Kanatl\u0131-Ba\u015fkan, Mustafa Cesuro\u011flu-Genel Sekreter, Halil \u00c7elikta\u015f- Genel Sekreter Yard\u0131mc\u0131s\u0131 (D\u0131\u015f \u0130li\u015fkiler), Fehim Yeltekin- Genel Sekreter Yard\u0131mc\u0131s\u0131 (\u0130dari \u0130li\u015fkiler), Yusuf Y\u0131ld\u0131zev-Mali Sekreter, \u0130lker \u00c7al\u0131ku\u015fu- \u00d6rg\u00fctlenme Sorumlusu, G\u00fcrkan Azmidolu-E\u011fitim Sorumlusu, Or\u00e7un \u00c7ak\u0131r- \u00dcye Sorunlar Sorumlusu, T\u00fcrkan Demirer- Sosyal \u0130\u015fler Sorumlusu, Halil D\u00fcmenci- Bas\u0131n, Yay\u0131n Ve Halkla \u0130li\u015fkiler Sorumlusu<\/p>\n<p>&nbsp;<\/p>\n<p>Mahmut Tatl\u0131cal\u0131- Lefko\u015fa B\u00f6lge Sorumlusu, G\u00fcl\u00fcm G\u00fcl- Ma\u011fusa B\u00f6lge Sorumlusu, Arzu Sarpten- Girne B\u00f6lge Sorumlusu, \u00d6m\u00fcr Aky\u00fcz- Ercan B\u00f6lge Sorumlusu, H\u00fcseyin Arslan- Gemikona\u011f\u0131 B\u00f6lge Sorumlusu<\/p>\n<p>&nbsp;<\/p>\n<p>Denetleme Kurulu: G\u00f6khan Aksoy, H\u00fcseyin Derin, Sergen G\u00f6rg\u00fcner<\/p>\n<p>&nbsp;<\/p>\n<p>Disiplin Kurulu: Ali \u00d6zkant\u00fcrk, Bar\u0131\u015f Do\u011fanbay, H\u00fcseyin Araz<\/p>\n<p>&nbsp;<\/p>\n<p>Emekliler Koordinasyon Kurulu: Dervi\u015f Da\u011fman, Erol Emin, H\u00fcseyin M\u00fcezzin, Mehmet \u00d6\u011f\u00fc\u00e7, Mehmet Tosun\u201d<\/p>\n","protected":false},"excerpt":{"rendered":"<p>Ediz Kanatl\u0131\u2019n\u0131n ba\u015fkan oldu\u011fu G\u00dc\u00c7-SEN\u2019de g\u00f6rev da\u011f\u0131l\u0131m\u0131 \u015fu \u015fekilde duyuruldu: &nbsp; &nbsp;\u201cEdiz Kanatl\u0131-Ba\u015fkan, Mustafa Cesuro\u011flu-Genel Sekreter, Halil \u00c7elikta\u015f- Genel Sekreter Yard\u0131mc\u0131s\u0131 (D\u0131\u015f \u0130li\u015fkiler), Fehim Yeltekin- Genel Sekreter Yard\u0131mc\u0131s\u0131 (\u0130dari \u0130li\u015fkiler), Yusuf Y\u0131ld\u0131zev-Mali Sekreter, \u0130lker \u00c7al\u0131ku\u015fu- \u00d6rg\u00fctlenme Sorumlusu, G\u00fcrkan Azmidolu-E\u011fitim Sorumlusu, Or\u00e7un \u00c7ak\u0131r- \u00dcye Sorunlar Sorumlusu, T\u00fcrkan Demirer- Sosyal \u0130\u015fler Sorumlusu, Halil D\u00fcmenci- Bas\u0131n, Yay\u0131n Ve<\/p>\n","protected":false},"author":1,"featured_media":38501,"comment_status":"open","ping_status":"open","sticky":false,"template":"","format":"standard","meta":{"footnotes":""},"categories":[79],"tags":[],"class_list":["post-38500","post","type-post","status-publish","format-standard","has-post-thumbnail","hentry","category-ekonomi"],"yoast_head":"<!-- This site is optimized with the Yoast SEO plugin v27.5 - https:\/\/yoast.com\/product\/yoast-seo-wordpress\/ -->\n<title>G\u00dc\u00c7-SEN\u2019de yeni g\u00f6rev da\u011f\u0131l\u0131m\u0131 yap\u0131ld\u0131....Ba\u015fkan Ediz Kanatl\u0131 -<\/title>\n<meta name=\"robots\" content=\"index, follow, max-snippet:-1, max-image-preview:large, max-video-preview:-1\" \/>\n<link rel=\"canonical\" href=\"https:\/\/kibrisdakik.com\/?p=38500\" \/>\n<meta property=\"og:locale\" content=\"tr_TR\" \/>\n<meta property=\"og:type\" content=\"article\" \/>\n<meta property=\"og:title\" content=\"G\u00dc\u00c7-SEN\u2019de yeni g\u00f6rev da\u011f\u0131l\u0131m\u0131 yap\u0131ld\u0131....Ba\u015fkan Ediz Kanatl\u0131 -\" \/>\n<meta property=\"og:description\" content=\"Ediz Kanatl\u0131\u2019n\u0131n ba\u015fkan oldu\u011fu G\u00dc\u00c7-SEN\u2019de g\u00f6rev da\u011f\u0131l\u0131m\u0131 \u015fu \u015fekilde duyuruldu: &nbsp; &nbsp;\u201cEdiz Kanatl\u0131-Ba\u015fkan, Mustafa Cesuro\u011flu-Genel Sekreter, Halil \u00c7elikta\u015f- Genel Sekreter Yard\u0131mc\u0131s\u0131 (D\u0131\u015f \u0130li\u015fkiler), Fehim Yeltekin- Genel Sekreter Yard\u0131mc\u0131s\u0131 (\u0130dari \u0130li\u015fkiler), Yusuf Y\u0131ld\u0131zev-Mali Sekreter, \u0130lker \u00c7al\u0131ku\u015fu- \u00d6rg\u00fctlenme Sorumlusu, G\u00fcrkan Azmidolu-E\u011fitim Sorumlusu, Or\u00e7un \u00c7ak\u0131r- \u00dcye Sorunlar Sorumlusu, T\u00fcrkan Demirer- Sosyal \u0130\u015fler Sorumlusu, Halil D\u00fcmenci- Bas\u0131n, Yay\u0131n Ve\" \/>\n<meta property=\"og:url\" content=\"https:\/\/kibrisdakik.com\/?p=38500\" \/>\n<meta property=\"article:published_time\" content=\"2024-04-16T12:18:33+00:00\" \/>\n<meta property=\"og:image\" content=\"https:\/\/kibrisdakik.com\/wp-content\/uploads\/2024\/04\/guc-sende-yeni-gorev-dagilimi-yapildibaskan-ediz-kanatli-1713269210.webp.webp\" \/>\n\t<meta property=\"og:image:width\" content=\"710\" \/>\n\t<meta property=\"og:image:height\" content=\"370\" \/>\n\t<meta property=\"og:image:type\" content=\"image\/webp\" \/>\n<meta name=\"author\" content=\"admin\" \/>\n<meta name=\"twitter:card\" content=\"summary_large_image\" \/>\n<meta name=\"twitter:label1\" content=\"Yazan:\" \/>\n\t<meta name=\"twitter:data1\" content=\"admin\" \/>\n\t<meta name=\"twitter:label2\" content=\"Tahmini okuma s\u00fcresi\" \/>\n\t<meta name=\"twitter:data2\" content=\"1 dakika\" \/>\n<script type=\"application\/ld+json\" class=\"yoast-schema-graph\">{\"@context\":\"https:\\\/\\\/schema.org\",\"@graph\":[{\"@type\":\"Article\",\"@id\":\"https:\\\/\\\/kibrisdakik.com\\\/?p=38500#article\",\"isPartOf\":{\"@id\":\"https:\\\/\\\/kibrisdakik.com\\\/?p=38500\"},\"author\":{\"name\":\"admin\",\"@id\":\"https:\\\/\\\/kibrisdakik.com\\\/#\\\/schema\\\/person\\\/9cd9d437bbb44f72b73ba127e06d8e79\"},\"headline\":\"G\u00dc\u00c7-SEN\u2019de yeni g\u00f6rev da\u011f\u0131l\u0131m\u0131 yap\u0131ld\u0131&#8230;.Ba\u015fkan Ediz Kanatl\u0131\",\"datePublished\":\"2024-04-16T12:18:33+00:00\",\"mainEntityOfPage\":{\"@id\":\"https:\\\/\\\/kibrisdakik.com\\\/?p=38500\"},\"wordCount\":189,\"commentCount\":0,\"image\":{\"@id\":\"https:\\\/\\\/kibrisdakik.com\\\/?p=38500#primaryimage\"},\"thumbnailUrl\":\"https:\\\/\\\/kibrisdakik.com\\\/wp-content\\\/uploads\\\/2024\\\/04\\\/guc-sende-yeni-gorev-dagilimi-yapildibaskan-ediz-kanatli-1713269210.webp.webp\",\"articleSection\":[\"Ekonomi\"],\"inLanguage\":\"tr\",\"potentialAction\":[{\"@type\":\"CommentAction\",\"name\":\"Comment\",\"target\":[\"https:\\\/\\\/kibrisdakik.com\\\/?p=38500#respond\"]}]},{\"@type\":\"WebPage\",\"@id\":\"https:\\\/\\\/kibrisdakik.com\\\/?p=38500\",\"url\":\"https:\\\/\\\/kibrisdakik.com\\\/?p=38500\",\"name\":\"G\u00dc\u00c7-SEN\u2019de yeni g\u00f6rev da\u011f\u0131l\u0131m\u0131 yap\u0131ld\u0131....Ba\u015fkan Ediz Kanatl\u0131 -\",\"isPartOf\":{\"@id\":\"https:\\\/\\\/kibrisdakik.com\\\/#website\"},\"primaryImageOfPage\":{\"@id\":\"https:\\\/\\\/kibrisdakik.com\\\/?p=38500#primaryimage\"},\"image\":{\"@id\":\"https:\\\/\\\/kibrisdakik.com\\\/?p=38500#primaryimage\"},\"thumbnailUrl\":\"https:\\\/\\\/kibrisdakik.com\\\/wp-content\\\/uploads\\\/2024\\\/04\\\/guc-sende-yeni-gorev-dagilimi-yapildibaskan-ediz-kanatli-1713269210.webp.webp\",\"datePublished\":\"2024-04-16T12:18:33+00:00\",\"author\":{\"@id\":\"https:\\\/\\\/kibrisdakik.com\\\/#\\\/schema\\\/person\\\/9cd9d437bbb44f72b73ba127e06d8e79\"},\"breadcrumb\":{\"@id\":\"https:\\\/\\\/kibrisdakik.com\\\/?p=38500#breadcrumb\"},\"inLanguage\":\"tr\",\"potentialAction\":[{\"@type\":\"ReadAction\",\"target\":[\"https:\\\/\\\/kibrisdakik.com\\\/?p=38500\"]}]},{\"@type\":\"ImageObject\",\"inLanguage\":\"tr\",\"@id\":\"https:\\\/\\\/kibrisdakik.com\\\/?p=38500#primaryimage\",\"url\":\"https:\\\/\\\/kibrisdakik.com\\\/wp-content\\\/uploads\\\/2024\\\/04\\\/guc-sende-yeni-gorev-dagilimi-yapildibaskan-ediz-kanatli-1713269210.webp.webp\",\"contentUrl\":\"https:\\\/\\\/kibrisdakik.com\\\/wp-content\\\/uploads\\\/2024\\\/04\\\/guc-sende-yeni-gorev-dagilimi-yapildibaskan-ediz-kanatli-1713269210.webp.webp\",\"width\":710,\"height\":370},{\"@type\":\"BreadcrumbList\",\"@id\":\"https:\\\/\\\/kibrisdakik.com\\\/?p=38500#breadcrumb\",\"itemListElement\":[{\"@type\":\"ListItem\",\"position\":1,\"name\":\"Home\",\"item\":\"https:\\\/\\\/kibrisdakik.com\\\/\"},{\"@type\":\"ListItem\",\"position\":2,\"name\":\"G\u00dc\u00c7-SEN\u2019de yeni g\u00f6rev da\u011f\u0131l\u0131m\u0131 yap\u0131ld\u0131&#8230;.Ba\u015fkan Ediz Kanatl\u0131\"}]},{\"@type\":\"WebSite\",\"@id\":\"https:\\\/\\\/kibrisdakik.com\\\/#website\",\"url\":\"https:\\\/\\\/kibrisdakik.com\\\/\",\"name\":\"\",\"description\":\"Tam vaktinde haber\",\"potentialAction\":[{\"@type\":\"SearchAction\",\"target\":{\"@type\":\"EntryPoint\",\"urlTemplate\":\"https:\\\/\\\/kibrisdakik.com\\\/?s={search_term_string}\"},\"query-input\":{\"@type\":\"PropertyValueSpecification\",\"valueRequired\":true,\"valueName\":\"search_term_string\"}}],\"inLanguage\":\"tr\"},{\"@type\":\"Person\",\"@id\":\"https:\\\/\\\/kibrisdakik.com\\\/#\\\/schema\\\/person\\\/9cd9d437bbb44f72b73ba127e06d8e79\",\"name\":\"admin\",\"image\":{\"@type\":\"ImageObject\",\"inLanguage\":\"tr\",\"@id\":\"https:\\\/\\\/secure.gravatar.com\\\/avatar\\\/ccc17943b9d660506c869530f897617f7cb1c21a4bf30023f252596d83e1f007?s=96&d=mm&r=g\",\"url\":\"https:\\\/\\\/secure.gravatar.com\\\/avatar\\\/ccc17943b9d660506c869530f897617f7cb1c21a4bf30023f252596d83e1f007?s=96&d=mm&r=g\",\"contentUrl\":\"https:\\\/\\\/secure.gravatar.com\\\/avatar\\\/ccc17943b9d660506c869530f897617f7cb1c21a4bf30023f252596d83e1f007?s=96&d=mm&r=g\",\"caption\":\"admin\"},\"sameAs\":[\"https:\\\/\\\/kibrisdakik.com\"],\"url\":\"https:\\\/\\\/kibrisdakik.com\\\/?author=1\"}]}<\/script>\n<!-- \/ Yoast SEO plugin. -->","yoast_head_json":{"title":"G\u00dc\u00c7-SEN\u2019de yeni g\u00f6rev da\u011f\u0131l\u0131m\u0131 yap\u0131ld\u0131....Ba\u015fkan Ediz Kanatl\u0131 -","robots":{"index":"index","follow":"follow","max-snippet":"max-snippet:-1","max-image-preview":"max-image-preview:large","max-video-preview":"max-video-preview:-1"},"canonical":"https:\/\/kibrisdakik.com\/?p=38500","og_locale":"tr_TR","og_type":"article","og_title":"G\u00dc\u00c7-SEN\u2019de yeni g\u00f6rev da\u011f\u0131l\u0131m\u0131 yap\u0131ld\u0131....Ba\u015fkan Ediz Kanatl\u0131 -","og_description":"Ediz Kanatl\u0131\u2019n\u0131n ba\u015fkan oldu\u011fu G\u00dc\u00c7-SEN\u2019de g\u00f6rev da\u011f\u0131l\u0131m\u0131 \u015fu \u015fekilde duyuruldu: &nbsp; &nbsp;\u201cEdiz Kanatl\u0131-Ba\u015fkan, Mustafa Cesuro\u011flu-Genel Sekreter, Halil \u00c7elikta\u015f- Genel Sekreter Yard\u0131mc\u0131s\u0131 (D\u0131\u015f \u0130li\u015fkiler), Fehim Yeltekin- Genel Sekreter Yard\u0131mc\u0131s\u0131 (\u0130dari \u0130li\u015fkiler), Yusuf Y\u0131ld\u0131zev-Mali Sekreter, \u0130lker \u00c7al\u0131ku\u015fu- \u00d6rg\u00fctlenme Sorumlusu, G\u00fcrkan Azmidolu-E\u011fitim Sorumlusu, Or\u00e7un \u00c7ak\u0131r- \u00dcye Sorunlar Sorumlusu, T\u00fcrkan Demirer- Sosyal \u0130\u015fler Sorumlusu, Halil D\u00fcmenci- Bas\u0131n, Yay\u0131n Ve","og_url":"https:\/\/kibrisdakik.com\/?p=38500","article_published_time":"2024-04-16T12:18:33+00:00","og_image":[{"width":710,"height":370,"url":"https:\/\/kibrisdakik.com\/wp-content\/uploads\/2024\/04\/guc-sende-yeni-gorev-dagilimi-yapildibaskan-ediz-kanatli-1713269210.webp.webp","type":"image\/webp"}],"author":"admin","twitter_card":"summary_large_image","twitter_misc":{"Yazan:":"admin","Tahmini okuma s\u00fcresi":"1 dakika"},"schema":{"@context":"https:\/\/schema.org","@graph":[{"@type":"Article","@id":"https:\/\/kibrisdakik.com\/?p=38500#article","isPartOf":{"@id":"https:\/\/kibrisdakik.com\/?p=38500"},"author":{"name":"admin","@id":"https:\/\/kibrisdakik.com\/#\/schema\/person\/9cd9d437bbb44f72b73ba127e06d8e79"},"headline":"G\u00dc\u00c7-SEN\u2019de yeni g\u00f6rev da\u011f\u0131l\u0131m\u0131 yap\u0131ld\u0131&#8230;.Ba\u015fkan Ediz Kanatl\u0131","datePublished":"2024-04-16T12:18:33+00:00","mainEntityOfPage":{"@id":"https:\/\/kibrisdakik.com\/?p=38500"},"wordCount":189,"commentCount":0,"image":{"@id":"https:\/\/kibrisdakik.com\/?p=38500#primaryimage"},"thumbnailUrl":"https:\/\/kibrisdakik.com\/wp-content\/uploads\/2024\/04\/guc-sende-yeni-gorev-dagilimi-yapildibaskan-ediz-kanatli-1713269210.webp.webp","articleSection":["Ekonomi"],"inLanguage":"tr","potentialAction":[{"@type":"CommentAction","name":"Comment","target":["https:\/\/kibrisdakik.com\/?p=38500#respond"]}]},{"@type":"WebPage","@id":"https:\/\/kibrisdakik.com\/?p=38500","url":"https:\/\/kibrisdakik.com\/?p=38500","name":"G\u00dc\u00c7-SEN\u2019de yeni g\u00f6rev da\u011f\u0131l\u0131m\u0131 yap\u0131ld\u0131....Ba\u015fkan Ediz Kanatl\u0131 -","isPartOf":{"@id":"https:\/\/kibrisdakik.com\/#website"},"primaryImageOfPage":{"@id":"https:\/\/kibrisdakik.com\/?p=38500#primaryimage"},"image":{"@id":"https:\/\/kibrisdakik.com\/?p=38500#primaryimage"},"thumbnailUrl":"https:\/\/kibrisdakik.com\/wp-content\/uploads\/2024\/04\/guc-sende-yeni-gorev-dagilimi-yapildibaskan-ediz-kanatli-1713269210.webp.webp","datePublished":"2024-04-16T12:18:33+00:00","author":{"@id":"https:\/\/kibrisdakik.com\/#\/schema\/person\/9cd9d437bbb44f72b73ba127e06d8e79"},"breadcrumb":{"@id":"https:\/\/kibrisdakik.com\/?p=38500#breadcrumb"},"inLanguage":"tr","potentialAction":[{"@type":"ReadAction","target":["https:\/\/kibrisdakik.com\/?p=38500"]}]},{"@type":"ImageObject","inLanguage":"tr","@id":"https:\/\/kibrisdakik.com\/?p=38500#primaryimage","url":"https:\/\/kibrisdakik.com\/wp-content\/uploads\/2024\/04\/guc-sende-yeni-gorev-dagilimi-yapildibaskan-ediz-kanatli-1713269210.webp.webp","contentUrl":"https:\/\/kibrisdakik.com\/wp-content\/uploads\/2024\/04\/guc-sende-yeni-gorev-dagilimi-yapildibaskan-ediz-kanatli-1713269210.webp.webp","width":710,"height":370},{"@type":"BreadcrumbList","@id":"https:\/\/kibrisdakik.com\/?p=38500#breadcrumb","itemListElement":[{"@type":"ListItem","position":1,"name":"Home","item":"https:\/\/kibrisdakik.com\/"},{"@type":"ListItem","position":2,"name":"G\u00dc\u00c7-SEN\u2019de yeni g\u00f6rev da\u011f\u0131l\u0131m\u0131 yap\u0131ld\u0131&#8230;.Ba\u015fkan Ediz Kanatl\u0131"}]},{"@type":"WebSite","@id":"https:\/\/kibrisdakik.com\/#website","url":"https:\/\/kibrisdakik.com\/","name":"","description":"Tam vaktinde haber","potentialAction":[{"@type":"SearchAction","target":{"@type":"EntryPoint","urlTemplate":"https:\/\/kibrisdakik.com\/?s={search_term_string}"},"query-input":{"@type":"PropertyValueSpecification","valueRequired":true,"valueName":"search_term_string"}}],"inLanguage":"tr"},{"@type":"Person","@id":"https:\/\/kibrisdakik.com\/#\/schema\/person\/9cd9d437bbb44f72b73ba127e06d8e79","name":"admin","image":{"@type":"ImageObject","inLanguage":"tr","@id":"https:\/\/secure.gravatar.com\/avatar\/ccc17943b9d660506c869530f897617f7cb1c21a4bf30023f252596d83e1f007?s=96&d=mm&r=g","url":"https:\/\/secure.gravatar.com\/avatar\/ccc17943b9d660506c869530f897617f7cb1c21a4bf30023f252596d83e1f007?s=96&d=mm&r=g","contentUrl":"https:\/\/secure.gravatar.com\/avatar\/ccc17943b9d660506c869530f897617f7cb1c21a4bf30023f252596d83e1f007?s=96&d=mm&r=g","caption":"admin"},"sameAs":["https:\/\/kibrisdakik.com"],"url":"https:\/\/kibrisdakik.com\/?author=1"}]}},"_links":{"self":[{"href":"https:\/\/kibrisdakik.com\/index.php?rest_route=\/wp\/v2\/posts\/38500","targetHints":{"allow":["GET"]}}],"collection":[{"href":"https:\/\/kibrisdakik.com\/index.php?rest_route=\/wp\/v2\/posts"}],"about":[{"href":"https:\/\/kibrisdakik.com\/index.php?rest_route=\/wp\/v2\/types\/post"}],"author":[{"embeddable":true,"href":"https:\/\/kibrisdakik.com\/index.php?rest_route=\/wp\/v2\/users\/1"}],"replies":[{"embeddable":true,"href":"https:\/\/kibrisdakik.com\/index.php?rest_route=%2Fwp%2Fv2%2Fcomments&post=38500"}],"version-history":[{"count":0,"href":"https:\/\/kibrisdakik.com\/index.php?rest_route=\/wp\/v2\/posts\/38500\/revisions"}],"wp:featuredmedia":[{"embeddable":true,"href":"https:\/\/kibrisdakik.com\/index.php?rest_route=\/wp\/v2\/media\/38501"}],"wp:attachment":[{"href":"https:\/\/kibrisdakik.com\/index.php?rest_route=%2Fwp%2Fv2%2Fmedia&parent=38500"}],"wp:term":[{"taxonomy":"category","embeddable":true,"href":"https:\/\/kibrisdakik.com\/index.php?rest_route=%2Fwp%2Fv2%2Fcategories&post=38500"},{"taxonomy":"post_tag","embeddable":true,"href":"https:\/\/kibrisdakik.com\/index.php?rest_route=%2Fwp%2Fv2%2Ftags&post=38500"}],"curies":[{"name":"wp","href":"https:\/\/api.w.org\/{rel}","templated":true}]}}