{"id":38548,"date":"2024-04-16T18:27:48","date_gmt":"2024-04-16T18:27:48","guid":{"rendered":"https:\/\/kibrisdakik.com\/index.php\/2024\/04\/16\/gecitkoyde-devrilen-beton-mikserinin-soforu-yaralandi\/"},"modified":"2024-04-16T18:27:48","modified_gmt":"2024-04-16T18:27:48","slug":"gecitkoyde-devrilen-beton-mikserinin-soforu-yaralandi","status":"publish","type":"post","link":"https:\/\/kibrisdakik.com\/?p=38548","title":{"rendered":"Ge\u00e7itk\u00f6y\u2019de devrilen beton mikserinin \u015fof\u00f6r\u00fc yaraland\u0131"},"content":{"rendered":"<p><\/p>\n<div>\n<div class=\"mariselle-image-container center\">\n                <img loading=\"lazy\" decoding=\"async\" width=\"1200\" height=\"687\" class=\"lazy-image\" alt=\"\" sizes=\"auto, (max-width: 1200px) 100vw, 1200px\" src=\"https:\/\/brtk.net\/wp-content\/uploads\/2024\/04\/16\/isqwrlq.jpg?ver=7a8a77c9ca924013a74696c7430e5471\" srcset=\"https:\/\/brtk.net\/wp-content\/uploads\/2024\/04\/16\/isqwrlq.jpg?ver=7a8a77c9ca924013a74696c7430e5471 1200w, https:\/\/brtk.net\/wp-content\/uploads\/2024\/04\/16\/isqwrlq-300x172.jpg?ver=7a8a77c9ca924013a74696c7430e5471 300w, https:\/\/brtk.net\/wp-content\/uploads\/2024\/04\/16\/isqwrlq-1024x586.jpg?ver=7a8a77c9ca924013a74696c7430e5471 1024w, https:\/\/brtk.net\/wp-content\/uploads\/2024\/04\/16\/isqwrlq-768x440.jpg?ver=7a8a77c9ca924013a74696c7430e5471 768w\"\/>                            <\/div>\n<p>Ge\u00e7itk\u00f6y\u2019de bir beton mikseri devrildi, patlayan camlar\u0131 nedeniyle s\u00fcr\u00fcc\u00fcs\u00fc yaraland\u0131.<\/p>\n<p>Polis Bas\u0131n Subayl\u0131\u011f\u0131\u2019n\u0131n verdi\u011fi bilgiye g\u00f6re kaza 14.20\u2019de Ge\u00e7itk\u00f6y-Girne ana yolunun 1-2. kilometreleri aras\u0131nda oldu.<\/p>\n<p>Engin Kaya\u2019n\u0131n (E-54) y\u00f6netimindeki PF 897 plakal\u0131 beton mikseri, \u015fof\u00f6r\u00fcn dikkatsizli\u011fi ve direksiyon hakimiyetini kaybetmesi sonucu sa\u011fa meyilli virajda yolun solunda devrildi.<\/p>\n<p>Beton mikserinin \u015fof\u00f6r\u00fc Engin Kaya, arac\u0131n yan yatmas\u0131 esnas\u0131nda \u00f6n cam ve sol kap\u0131 cam\u0131n\u0131n patlamas\u0131 sonucu yaraland\u0131. Lefko\u015fa Dr. Burhan Nalbanto\u011flu Devlet Hastahanesi Acil Servisi\u2019ne kald\u0131r\u0131lan Kaya, tedavisinin ard\u0131ndan m\u00fc\u015fahede alt\u0131na al\u0131nd\u0131.<\/p>\n<\/p><\/div>\n<p><script async\n                    defer\n                    crossorigin=\"anonymous\"\n                    src=\"https:\/\/connect.facebook.net\/tr_TR\/sdk.js#xfbml=1&#038;version=v3.3\"\n            ><\/script><\/p>\n","protected":false},"excerpt":{"rendered":"<p>Ge\u00e7itk\u00f6y\u2019de bir beton mikseri devrildi, patlayan camlar\u0131 nedeniyle s\u00fcr\u00fcc\u00fcs\u00fc yaraland\u0131. Polis Bas\u0131n Subayl\u0131\u011f\u0131\u2019n\u0131n verdi\u011fi bilgiye g\u00f6re kaza 14.20\u2019de Ge\u00e7itk\u00f6y-Girne ana yolunun 1-2. kilometreleri aras\u0131nda oldu. Engin Kaya\u2019n\u0131n (E-54) y\u00f6netimindeki PF 897 plakal\u0131 beton mikseri, \u015fof\u00f6r\u00fcn dikkatsizli\u011fi ve direksiyon hakimiyetini kaybetmesi sonucu sa\u011fa meyilli virajda yolun solunda devrildi. Beton mikserinin \u015fof\u00f6r\u00fc Engin Kaya, arac\u0131n yan yatmas\u0131<\/p>\n","protected":false},"author":1,"featured_media":38549,"comment_status":"open","ping_status":"open","sticky":false,"template":"","format":"standard","meta":{"footnotes":""},"categories":[1],"tags":[],"class_list":["post-38548","post","type-post","status-publish","format-standard","has-post-thumbnail","hentry","category-gundem"],"yoast_head":"<!-- This site is optimized with the Yoast SEO plugin v27.4 - https:\/\/yoast.com\/product\/yoast-seo-wordpress\/ -->\n<title>Ge\u00e7itk\u00f6y\u2019de devrilen beton mikserinin \u015fof\u00f6r\u00fc yaraland\u0131 -<\/title>\n<meta name=\"robots\" content=\"index, follow, max-snippet:-1, max-image-preview:large, max-video-preview:-1\" \/>\n<link rel=\"canonical\" href=\"https:\/\/kibrisdakik.com\/?p=38548\" \/>\n<meta property=\"og:locale\" content=\"tr_TR\" \/>\n<meta property=\"og:type\" content=\"article\" \/>\n<meta property=\"og:title\" content=\"Ge\u00e7itk\u00f6y\u2019de devrilen beton mikserinin \u015fof\u00f6r\u00fc yaraland\u0131 -\" \/>\n<meta property=\"og:description\" content=\"Ge\u00e7itk\u00f6y\u2019de bir beton mikseri devrildi, patlayan camlar\u0131 nedeniyle s\u00fcr\u00fcc\u00fcs\u00fc yaraland\u0131. Polis Bas\u0131n Subayl\u0131\u011f\u0131\u2019n\u0131n verdi\u011fi bilgiye g\u00f6re kaza 14.20\u2019de Ge\u00e7itk\u00f6y-Girne ana yolunun 1-2. kilometreleri aras\u0131nda oldu. Engin Kaya\u2019n\u0131n (E-54) y\u00f6netimindeki PF 897 plakal\u0131 beton mikseri, \u015fof\u00f6r\u00fcn dikkatsizli\u011fi ve direksiyon hakimiyetini kaybetmesi sonucu sa\u011fa meyilli virajda yolun solunda devrildi. Beton mikserinin \u015fof\u00f6r\u00fc Engin Kaya, arac\u0131n yan yatmas\u0131\" \/>\n<meta property=\"og:url\" content=\"https:\/\/kibrisdakik.com\/?p=38548\" \/>\n<meta property=\"article:published_time\" content=\"2024-04-16T18:27:48+00:00\" \/>\n<meta property=\"og:image\" content=\"https:\/\/kibrisdakik.com\/wp-content\/uploads\/2024\/04\/isqwrlq-740x420.jpg\" \/>\n\t<meta property=\"og:image:width\" content=\"1200\" \/>\n\t<meta property=\"og:image:height\" content=\"687\" \/>\n\t<meta property=\"og:image:type\" content=\"image\/jpeg\" \/>\n<meta name=\"author\" content=\"admin\" \/>\n<meta name=\"twitter:card\" content=\"summary_large_image\" \/>\n<meta name=\"twitter:label1\" content=\"Yazan:\" \/>\n\t<meta name=\"twitter:data1\" content=\"admin\" \/>\n\t<meta name=\"twitter:label2\" content=\"Tahmini okuma s\u00fcresi\" \/>\n\t<meta name=\"twitter:data2\" content=\"1 dakika\" \/>\n<script type=\"application\/ld+json\" class=\"yoast-schema-graph\">{\"@context\":\"https:\\\/\\\/schema.org\",\"@graph\":[{\"@type\":\"Article\",\"@id\":\"https:\\\/\\\/kibrisdakik.com\\\/?p=38548#article\",\"isPartOf\":{\"@id\":\"https:\\\/\\\/kibrisdakik.com\\\/?p=38548\"},\"author\":{\"name\":\"admin\",\"@id\":\"https:\\\/\\\/kibrisdakik.com\\\/#\\\/schema\\\/person\\\/9cd9d437bbb44f72b73ba127e06d8e79\"},\"headline\":\"Ge\u00e7itk\u00f6y\u2019de devrilen beton mikserinin \u015fof\u00f6r\u00fc yaraland\u0131\",\"datePublished\":\"2024-04-16T18:27:48+00:00\",\"mainEntityOfPage\":{\"@id\":\"https:\\\/\\\/kibrisdakik.com\\\/?p=38548\"},\"wordCount\":124,\"commentCount\":0,\"image\":{\"@id\":\"https:\\\/\\\/kibrisdakik.com\\\/?p=38548#primaryimage\"},\"thumbnailUrl\":\"https:\\\/\\\/kibrisdakik.com\\\/wp-content\\\/uploads\\\/2024\\\/04\\\/isqwrlq-740x420.jpg\",\"articleSection\":[\"G\u00fcndem\"],\"inLanguage\":\"tr\",\"potentialAction\":[{\"@type\":\"CommentAction\",\"name\":\"Comment\",\"target\":[\"https:\\\/\\\/kibrisdakik.com\\\/?p=38548#respond\"]}]},{\"@type\":\"WebPage\",\"@id\":\"https:\\\/\\\/kibrisdakik.com\\\/?p=38548\",\"url\":\"https:\\\/\\\/kibrisdakik.com\\\/?p=38548\",\"name\":\"Ge\u00e7itk\u00f6y\u2019de devrilen beton mikserinin \u015fof\u00f6r\u00fc yaraland\u0131 -\",\"isPartOf\":{\"@id\":\"https:\\\/\\\/kibrisdakik.com\\\/#website\"},\"primaryImageOfPage\":{\"@id\":\"https:\\\/\\\/kibrisdakik.com\\\/?p=38548#primaryimage\"},\"image\":{\"@id\":\"https:\\\/\\\/kibrisdakik.com\\\/?p=38548#primaryimage\"},\"thumbnailUrl\":\"https:\\\/\\\/kibrisdakik.com\\\/wp-content\\\/uploads\\\/2024\\\/04\\\/isqwrlq-740x420.jpg\",\"datePublished\":\"2024-04-16T18:27:48+00:00\",\"author\":{\"@id\":\"https:\\\/\\\/kibrisdakik.com\\\/#\\\/schema\\\/person\\\/9cd9d437bbb44f72b73ba127e06d8e79\"},\"breadcrumb\":{\"@id\":\"https:\\\/\\\/kibrisdakik.com\\\/?p=38548#breadcrumb\"},\"inLanguage\":\"tr\",\"potentialAction\":[{\"@type\":\"ReadAction\",\"target\":[\"https:\\\/\\\/kibrisdakik.com\\\/?p=38548\"]}]},{\"@type\":\"ImageObject\",\"inLanguage\":\"tr\",\"@id\":\"https:\\\/\\\/kibrisdakik.com\\\/?p=38548#primaryimage\",\"url\":\"https:\\\/\\\/kibrisdakik.com\\\/wp-content\\\/uploads\\\/2024\\\/04\\\/isqwrlq-740x420.jpg\",\"contentUrl\":\"https:\\\/\\\/kibrisdakik.com\\\/wp-content\\\/uploads\\\/2024\\\/04\\\/isqwrlq-740x420.jpg\",\"width\":1200,\"height\":687},{\"@type\":\"BreadcrumbList\",\"@id\":\"https:\\\/\\\/kibrisdakik.com\\\/?p=38548#breadcrumb\",\"itemListElement\":[{\"@type\":\"ListItem\",\"position\":1,\"name\":\"Home\",\"item\":\"https:\\\/\\\/kibrisdakik.com\\\/\"},{\"@type\":\"ListItem\",\"position\":2,\"name\":\"Ge\u00e7itk\u00f6y\u2019de devrilen beton mikserinin \u015fof\u00f6r\u00fc yaraland\u0131\"}]},{\"@type\":\"WebSite\",\"@id\":\"https:\\\/\\\/kibrisdakik.com\\\/#website\",\"url\":\"https:\\\/\\\/kibrisdakik.com\\\/\",\"name\":\"\",\"description\":\"Tam vaktinde haber\",\"potentialAction\":[{\"@type\":\"SearchAction\",\"target\":{\"@type\":\"EntryPoint\",\"urlTemplate\":\"https:\\\/\\\/kibrisdakik.com\\\/?s={search_term_string}\"},\"query-input\":{\"@type\":\"PropertyValueSpecification\",\"valueRequired\":true,\"valueName\":\"search_term_string\"}}],\"inLanguage\":\"tr\"},{\"@type\":\"Person\",\"@id\":\"https:\\\/\\\/kibrisdakik.com\\\/#\\\/schema\\\/person\\\/9cd9d437bbb44f72b73ba127e06d8e79\",\"name\":\"admin\",\"image\":{\"@type\":\"ImageObject\",\"inLanguage\":\"tr\",\"@id\":\"https:\\\/\\\/secure.gravatar.com\\\/avatar\\\/ccc17943b9d660506c869530f897617f7cb1c21a4bf30023f252596d83e1f007?s=96&d=mm&r=g\",\"url\":\"https:\\\/\\\/secure.gravatar.com\\\/avatar\\\/ccc17943b9d660506c869530f897617f7cb1c21a4bf30023f252596d83e1f007?s=96&d=mm&r=g\",\"contentUrl\":\"https:\\\/\\\/secure.gravatar.com\\\/avatar\\\/ccc17943b9d660506c869530f897617f7cb1c21a4bf30023f252596d83e1f007?s=96&d=mm&r=g\",\"caption\":\"admin\"},\"sameAs\":[\"https:\\\/\\\/kibrisdakik.com\"],\"url\":\"https:\\\/\\\/kibrisdakik.com\\\/?author=1\"}]}<\/script>\n<!-- \/ Yoast SEO plugin. -->","yoast_head_json":{"title":"Ge\u00e7itk\u00f6y\u2019de devrilen beton mikserinin \u015fof\u00f6r\u00fc yaraland\u0131 -","robots":{"index":"index","follow":"follow","max-snippet":"max-snippet:-1","max-image-preview":"max-image-preview:large","max-video-preview":"max-video-preview:-1"},"canonical":"https:\/\/kibrisdakik.com\/?p=38548","og_locale":"tr_TR","og_type":"article","og_title":"Ge\u00e7itk\u00f6y\u2019de devrilen beton mikserinin \u015fof\u00f6r\u00fc yaraland\u0131 -","og_description":"Ge\u00e7itk\u00f6y\u2019de bir beton mikseri devrildi, patlayan camlar\u0131 nedeniyle s\u00fcr\u00fcc\u00fcs\u00fc yaraland\u0131. Polis Bas\u0131n Subayl\u0131\u011f\u0131\u2019n\u0131n verdi\u011fi bilgiye g\u00f6re kaza 14.20\u2019de Ge\u00e7itk\u00f6y-Girne ana yolunun 1-2. kilometreleri aras\u0131nda oldu. Engin Kaya\u2019n\u0131n (E-54) y\u00f6netimindeki PF 897 plakal\u0131 beton mikseri, \u015fof\u00f6r\u00fcn dikkatsizli\u011fi ve direksiyon hakimiyetini kaybetmesi sonucu sa\u011fa meyilli virajda yolun solunda devrildi. Beton mikserinin \u015fof\u00f6r\u00fc Engin Kaya, arac\u0131n yan yatmas\u0131","og_url":"https:\/\/kibrisdakik.com\/?p=38548","article_published_time":"2024-04-16T18:27:48+00:00","og_image":[{"width":1200,"height":687,"url":"https:\/\/kibrisdakik.com\/wp-content\/uploads\/2024\/04\/isqwrlq-740x420.jpg","type":"image\/jpeg"}],"author":"admin","twitter_card":"summary_large_image","twitter_misc":{"Yazan:":"admin","Tahmini okuma s\u00fcresi":"1 dakika"},"schema":{"@context":"https:\/\/schema.org","@graph":[{"@type":"Article","@id":"https:\/\/kibrisdakik.com\/?p=38548#article","isPartOf":{"@id":"https:\/\/kibrisdakik.com\/?p=38548"},"author":{"name":"admin","@id":"https:\/\/kibrisdakik.com\/#\/schema\/person\/9cd9d437bbb44f72b73ba127e06d8e79"},"headline":"Ge\u00e7itk\u00f6y\u2019de devrilen beton mikserinin \u015fof\u00f6r\u00fc yaraland\u0131","datePublished":"2024-04-16T18:27:48+00:00","mainEntityOfPage":{"@id":"https:\/\/kibrisdakik.com\/?p=38548"},"wordCount":124,"commentCount":0,"image":{"@id":"https:\/\/kibrisdakik.com\/?p=38548#primaryimage"},"thumbnailUrl":"https:\/\/kibrisdakik.com\/wp-content\/uploads\/2024\/04\/isqwrlq-740x420.jpg","articleSection":["G\u00fcndem"],"inLanguage":"tr","potentialAction":[{"@type":"CommentAction","name":"Comment","target":["https:\/\/kibrisdakik.com\/?p=38548#respond"]}]},{"@type":"WebPage","@id":"https:\/\/kibrisdakik.com\/?p=38548","url":"https:\/\/kibrisdakik.com\/?p=38548","name":"Ge\u00e7itk\u00f6y\u2019de devrilen beton mikserinin \u015fof\u00f6r\u00fc yaraland\u0131 -","isPartOf":{"@id":"https:\/\/kibrisdakik.com\/#website"},"primaryImageOfPage":{"@id":"https:\/\/kibrisdakik.com\/?p=38548#primaryimage"},"image":{"@id":"https:\/\/kibrisdakik.com\/?p=38548#primaryimage"},"thumbnailUrl":"https:\/\/kibrisdakik.com\/wp-content\/uploads\/2024\/04\/isqwrlq-740x420.jpg","datePublished":"2024-04-16T18:27:48+00:00","author":{"@id":"https:\/\/kibrisdakik.com\/#\/schema\/person\/9cd9d437bbb44f72b73ba127e06d8e79"},"breadcrumb":{"@id":"https:\/\/kibrisdakik.com\/?p=38548#breadcrumb"},"inLanguage":"tr","potentialAction":[{"@type":"ReadAction","target":["https:\/\/kibrisdakik.com\/?p=38548"]}]},{"@type":"ImageObject","inLanguage":"tr","@id":"https:\/\/kibrisdakik.com\/?p=38548#primaryimage","url":"https:\/\/kibrisdakik.com\/wp-content\/uploads\/2024\/04\/isqwrlq-740x420.jpg","contentUrl":"https:\/\/kibrisdakik.com\/wp-content\/uploads\/2024\/04\/isqwrlq-740x420.jpg","width":1200,"height":687},{"@type":"BreadcrumbList","@id":"https:\/\/kibrisdakik.com\/?p=38548#breadcrumb","itemListElement":[{"@type":"ListItem","position":1,"name":"Home","item":"https:\/\/kibrisdakik.com\/"},{"@type":"ListItem","position":2,"name":"Ge\u00e7itk\u00f6y\u2019de devrilen beton mikserinin \u015fof\u00f6r\u00fc yaraland\u0131"}]},{"@type":"WebSite","@id":"https:\/\/kibrisdakik.com\/#website","url":"https:\/\/kibrisdakik.com\/","name":"","description":"Tam vaktinde haber","potentialAction":[{"@type":"SearchAction","target":{"@type":"EntryPoint","urlTemplate":"https:\/\/kibrisdakik.com\/?s={search_term_string}"},"query-input":{"@type":"PropertyValueSpecification","valueRequired":true,"valueName":"search_term_string"}}],"inLanguage":"tr"},{"@type":"Person","@id":"https:\/\/kibrisdakik.com\/#\/schema\/person\/9cd9d437bbb44f72b73ba127e06d8e79","name":"admin","image":{"@type":"ImageObject","inLanguage":"tr","@id":"https:\/\/secure.gravatar.com\/avatar\/ccc17943b9d660506c869530f897617f7cb1c21a4bf30023f252596d83e1f007?s=96&d=mm&r=g","url":"https:\/\/secure.gravatar.com\/avatar\/ccc17943b9d660506c869530f897617f7cb1c21a4bf30023f252596d83e1f007?s=96&d=mm&r=g","contentUrl":"https:\/\/secure.gravatar.com\/avatar\/ccc17943b9d660506c869530f897617f7cb1c21a4bf30023f252596d83e1f007?s=96&d=mm&r=g","caption":"admin"},"sameAs":["https:\/\/kibrisdakik.com"],"url":"https:\/\/kibrisdakik.com\/?author=1"}]}},"_links":{"self":[{"href":"https:\/\/kibrisdakik.com\/index.php?rest_route=\/wp\/v2\/posts\/38548","targetHints":{"allow":["GET"]}}],"collection":[{"href":"https:\/\/kibrisdakik.com\/index.php?rest_route=\/wp\/v2\/posts"}],"about":[{"href":"https:\/\/kibrisdakik.com\/index.php?rest_route=\/wp\/v2\/types\/post"}],"author":[{"embeddable":true,"href":"https:\/\/kibrisdakik.com\/index.php?rest_route=\/wp\/v2\/users\/1"}],"replies":[{"embeddable":true,"href":"https:\/\/kibrisdakik.com\/index.php?rest_route=%2Fwp%2Fv2%2Fcomments&post=38548"}],"version-history":[{"count":0,"href":"https:\/\/kibrisdakik.com\/index.php?rest_route=\/wp\/v2\/posts\/38548\/revisions"}],"wp:featuredmedia":[{"embeddable":true,"href":"https:\/\/kibrisdakik.com\/index.php?rest_route=\/wp\/v2\/media\/38549"}],"wp:attachment":[{"href":"https:\/\/kibrisdakik.com\/index.php?rest_route=%2Fwp%2Fv2%2Fmedia&parent=38548"}],"wp:term":[{"taxonomy":"category","embeddable":true,"href":"https:\/\/kibrisdakik.com\/index.php?rest_route=%2Fwp%2Fv2%2Fcategories&post=38548"},{"taxonomy":"post_tag","embeddable":true,"href":"https:\/\/kibrisdakik.com\/index.php?rest_route=%2Fwp%2Fv2%2Ftags&post=38548"}],"curies":[{"name":"wp","href":"https:\/\/api.w.org\/{rel}","templated":true}]}}