{"id":3856,"date":"2023-03-23T21:27:12","date_gmt":"2023-03-23T21:27:12","guid":{"rendered":"https:\/\/kibrisdakik.com\/index.php\/2023\/03\/23\/girnede-feci-kaza-1-ki%e1%b9%a3i-hayatini-kaybetti\/"},"modified":"2023-03-23T21:27:12","modified_gmt":"2023-03-23T21:27:12","slug":"girnede-feci-kaza-1-ki%e1%b9%a3i-hayatini-kaybetti","status":"publish","type":"post","link":"https:\/\/kibrisdakik.com\/?p=3856","title":{"rendered":"Girne\u2019de feci kaza: 1 ki\u1e63i hayat\u0131n\u0131 kaybetti"},"content":{"rendered":"<p><\/p>\n<div>\n<div class=\"mariselle-image-container center\">\n                <img width=\"2560\" height=\"1438\" class=\"lazy-image\" alt=\"\" decoding=\"async\" loading=\"lazy\" sizes=\"auto, (max-width: 2560px) 100vw, 2560px\" src=\"https:\/\/brtk.net\/wp-content\/uploads\/2023\/03\/23\/sjsshff-scaled.jpg?ver=c020cb2d6dbf5fe9212100e3367b9b18\" srcset=\"https:\/\/brtk.net\/wp-content\/uploads\/2023\/03\/23\/sjsshff-scaled.jpg?ver=c020cb2d6dbf5fe9212100e3367b9b18 2560w, https:\/\/brtk.net\/wp-content\/uploads\/2023\/03\/23\/sjsshff-300x169.jpg?ver=c020cb2d6dbf5fe9212100e3367b9b18 300w, https:\/\/brtk.net\/wp-content\/uploads\/2023\/03\/23\/sjsshff-1024x575.jpg?ver=5a4f4059bdc0f5724fbdac67fead2f89 1024w, https:\/\/brtk.net\/wp-content\/uploads\/2023\/03\/23\/sjsshff-768x431.jpg?ver=5a4f4059bdc0f5724fbdac67fead2f89 768w, https:\/\/brtk.net\/wp-content\/uploads\/2023\/03\/23\/sjsshff-1536x863.jpg?ver=c5651f1e34df3ed4de03a4683cd4c2b5 1536w, https:\/\/brtk.net\/wp-content\/uploads\/2023\/03\/23\/sjsshff-2048x1150.jpg?ver=840efd68830e0f2715e9e2039580c618 2048w\"\/>                            <\/div>\n<p>Polis Bas\u0131n Subayl\u0131\u011f\u0131\u2019ndan verilen bilgiye g\u00f6re bu ak\u1e63am, saat 21:25 s\u0131ralar\u0131nda, Girne\u2019de Karao\u011flano\u011flu Caddesi \u00fczerinde Aliye \u0130NANO\u011eLU (K-32), y\u00f6netimindeki KM 004 plakal\u0131 ara\u00e7 ile Alsancak istikametine do\u011fru seyretti\u011fi s\u0131rada Merit Park Otel kav\u015fa\u011f\u0131n\u0131 ge\u00e7tikten sonra dikkatsizce \u00f6n\u00fcnde seyreden ara\u00e7lar\u0131 ge\u00e7mek i\u00e7in yolun sa\u011f\u0131na ge\u00e7mesi sonucu o esnada kar\u015f\u0131 istikametten gelmekte olan Erdem HONDURLU (E-24) y\u00f6netimindeki DZ 244 plakal\u0131 ara\u00e7 ile \u00e7arp\u0131\u015fm\u0131\u015flard\u0131r.<\/p>\n<p>\u00a0<\/p>\n<p>Kaza sonucu yaralanan her iki ara\u00e7 s\u00fcr\u00fcc\u00fcs\u00fc ile DZ 244 plakal\u0131 ara\u00e7ta yolcu olarak bulunan S\u00fcleyman KOCABA\u015e (E-21), \u0130brahim KAYNARCA (E-22) ve Adem KOCABA\u015e (E-24) Girne Dr. Ak\u00e7i\u00e7ek Hastanesi\u2019ne kald\u0131r\u0131lm\u0131\u015flard\u0131r .<\/p>\n<p>\u00a0<\/p>\n<p>Adem KOCABA\u015e yap\u0131lan t\u00fcm m\u00fcdahalelere ra\u011fmen kurtar\u0131lamayarak ya\u015fam\u0131n\u0131 yitirmi\u015ftir.<\/p>\n<p>\u00a0<\/p>\n<p>Kazada yaralanan Erdem HONDURLU\u2019nun tedavisi Girne Dr Ak\u00e7i\u00e7ek Hastanesi\u2019nde s\u00fcrerken di\u011fer yaral\u0131lar ise Lefko\u015fa Dr Burhan Nalbanto\u011flu Devlet Hastanesi\u2019ne sevk edilmi\u015flerdir.<\/p>\n<p>\u00a0<\/p>\n<p>Polisin kazayla ilgili soru\u015fturmas\u0131 devam ediyor.<\/p>\n<p>PGM\/<a href=\"https:\/\/brtk.net\/\">BRT<\/a><\/p>\n<\/p><\/div>\n<p><script async\n                    defer\n                    crossorigin=\"anonymous\"\n                    src=\"https:\/\/connect.facebook.net\/tr_TR\/sdk.js#xfbml=1&#038;version=v3.3\"\n            ><\/script><\/p>\n","protected":false},"excerpt":{"rendered":"<p>Polis Bas\u0131n Subayl\u0131\u011f\u0131\u2019ndan verilen bilgiye g\u00f6re bu ak\u1e63am, saat 21:25 s\u0131ralar\u0131nda, Girne\u2019de Karao\u011flano\u011flu Caddesi \u00fczerinde Aliye \u0130NANO\u011eLU (K-32), y\u00f6netimindeki KM 004 plakal\u0131 ara\u00e7 ile Alsancak istikametine do\u011fru seyretti\u011fi s\u0131rada Merit Park Otel kav\u015fa\u011f\u0131n\u0131 ge\u00e7tikten sonra dikkatsizce \u00f6n\u00fcnde seyreden ara\u00e7lar\u0131 ge\u00e7mek i\u00e7in yolun sa\u011f\u0131na ge\u00e7mesi sonucu o esnada kar\u015f\u0131 istikametten gelmekte olan Erdem HONDURLU (E-24) y\u00f6netimindeki<\/p>\n","protected":false},"author":1,"featured_media":3857,"comment_status":"open","ping_status":"open","sticky":false,"template":"","format":"standard","meta":{"footnotes":""},"categories":[1],"tags":[],"class_list":["post-3856","post","type-post","status-publish","format-standard","has-post-thumbnail","hentry","category-gundem"],"yoast_head":"<!-- This site is optimized with the Yoast SEO plugin v27.5 - https:\/\/yoast.com\/product\/yoast-seo-wordpress\/ -->\n<title>Girne\u2019de feci kaza: 1 ki\u1e63i hayat\u0131n\u0131 kaybetti -<\/title>\n<meta name=\"robots\" content=\"index, follow, max-snippet:-1, max-image-preview:large, max-video-preview:-1\" \/>\n<link rel=\"canonical\" href=\"https:\/\/kibrisdakik.com\/?p=3856\" \/>\n<meta property=\"og:locale\" content=\"tr_TR\" \/>\n<meta property=\"og:type\" content=\"article\" \/>\n<meta property=\"og:title\" content=\"Girne\u2019de feci kaza: 1 ki\u1e63i hayat\u0131n\u0131 kaybetti -\" \/>\n<meta property=\"og:description\" content=\"Polis Bas\u0131n Subayl\u0131\u011f\u0131\u2019ndan verilen bilgiye g\u00f6re bu ak\u1e63am, saat 21:25 s\u0131ralar\u0131nda, Girne\u2019de Karao\u011flano\u011flu Caddesi \u00fczerinde Aliye \u0130NANO\u011eLU (K-32), y\u00f6netimindeki KM 004 plakal\u0131 ara\u00e7 ile Alsancak istikametine do\u011fru seyretti\u011fi s\u0131rada Merit Park Otel kav\u015fa\u011f\u0131n\u0131 ge\u00e7tikten sonra dikkatsizce \u00f6n\u00fcnde seyreden ara\u00e7lar\u0131 ge\u00e7mek i\u00e7in yolun sa\u011f\u0131na ge\u00e7mesi sonucu o esnada kar\u015f\u0131 istikametten gelmekte olan Erdem HONDURLU (E-24) y\u00f6netimindeki\" \/>\n<meta property=\"og:url\" content=\"https:\/\/kibrisdakik.com\/?p=3856\" \/>\n<meta property=\"article:published_time\" content=\"2023-03-23T21:27:12+00:00\" \/>\n<meta property=\"og:image\" content=\"https:\/\/kibrisdakik.com\/wp-content\/uploads\/2023\/03\/sjsshff-scaled-740x420.jpg\" \/>\n\t<meta property=\"og:image:width\" content=\"2560\" \/>\n\t<meta property=\"og:image:height\" content=\"1438\" \/>\n\t<meta property=\"og:image:type\" content=\"image\/jpeg\" \/>\n<meta name=\"author\" content=\"admin\" \/>\n<meta name=\"twitter:card\" content=\"summary_large_image\" \/>\n<meta name=\"twitter:label1\" content=\"Yazan:\" \/>\n\t<meta name=\"twitter:data1\" content=\"admin\" \/>\n\t<meta name=\"twitter:label2\" content=\"Tahmini okuma s\u00fcresi\" \/>\n\t<meta name=\"twitter:data2\" content=\"1 dakika\" \/>\n<script type=\"application\/ld+json\" class=\"yoast-schema-graph\">{\"@context\":\"https:\\\/\\\/schema.org\",\"@graph\":[{\"@type\":\"Article\",\"@id\":\"https:\\\/\\\/kibrisdakik.com\\\/?p=3856#article\",\"isPartOf\":{\"@id\":\"https:\\\/\\\/kibrisdakik.com\\\/?p=3856\"},\"author\":{\"name\":\"admin\",\"@id\":\"https:\\\/\\\/kibrisdakik.com\\\/#\\\/schema\\\/person\\\/9cd9d437bbb44f72b73ba127e06d8e79\"},\"headline\":\"Girne\u2019de feci kaza: 1 ki\u1e63i hayat\u0131n\u0131 kaybetti\",\"datePublished\":\"2023-03-23T21:27:12+00:00\",\"mainEntityOfPage\":{\"@id\":\"https:\\\/\\\/kibrisdakik.com\\\/?p=3856\"},\"wordCount\":193,\"commentCount\":0,\"image\":{\"@id\":\"https:\\\/\\\/kibrisdakik.com\\\/?p=3856#primaryimage\"},\"thumbnailUrl\":\"https:\\\/\\\/kibrisdakik.com\\\/wp-content\\\/uploads\\\/2023\\\/03\\\/sjsshff-scaled-740x420.jpg\",\"articleSection\":[\"G\u00fcndem\"],\"inLanguage\":\"tr\",\"potentialAction\":[{\"@type\":\"CommentAction\",\"name\":\"Comment\",\"target\":[\"https:\\\/\\\/kibrisdakik.com\\\/?p=3856#respond\"]}]},{\"@type\":\"WebPage\",\"@id\":\"https:\\\/\\\/kibrisdakik.com\\\/?p=3856\",\"url\":\"https:\\\/\\\/kibrisdakik.com\\\/?p=3856\",\"name\":\"Girne\u2019de feci kaza: 1 ki\u1e63i hayat\u0131n\u0131 kaybetti -\",\"isPartOf\":{\"@id\":\"https:\\\/\\\/kibrisdakik.com\\\/#website\"},\"primaryImageOfPage\":{\"@id\":\"https:\\\/\\\/kibrisdakik.com\\\/?p=3856#primaryimage\"},\"image\":{\"@id\":\"https:\\\/\\\/kibrisdakik.com\\\/?p=3856#primaryimage\"},\"thumbnailUrl\":\"https:\\\/\\\/kibrisdakik.com\\\/wp-content\\\/uploads\\\/2023\\\/03\\\/sjsshff-scaled-740x420.jpg\",\"datePublished\":\"2023-03-23T21:27:12+00:00\",\"author\":{\"@id\":\"https:\\\/\\\/kibrisdakik.com\\\/#\\\/schema\\\/person\\\/9cd9d437bbb44f72b73ba127e06d8e79\"},\"breadcrumb\":{\"@id\":\"https:\\\/\\\/kibrisdakik.com\\\/?p=3856#breadcrumb\"},\"inLanguage\":\"tr\",\"potentialAction\":[{\"@type\":\"ReadAction\",\"target\":[\"https:\\\/\\\/kibrisdakik.com\\\/?p=3856\"]}]},{\"@type\":\"ImageObject\",\"inLanguage\":\"tr\",\"@id\":\"https:\\\/\\\/kibrisdakik.com\\\/?p=3856#primaryimage\",\"url\":\"https:\\\/\\\/kibrisdakik.com\\\/wp-content\\\/uploads\\\/2023\\\/03\\\/sjsshff-scaled-740x420.jpg\",\"contentUrl\":\"https:\\\/\\\/kibrisdakik.com\\\/wp-content\\\/uploads\\\/2023\\\/03\\\/sjsshff-scaled-740x420.jpg\",\"width\":2560,\"height\":1438},{\"@type\":\"BreadcrumbList\",\"@id\":\"https:\\\/\\\/kibrisdakik.com\\\/?p=3856#breadcrumb\",\"itemListElement\":[{\"@type\":\"ListItem\",\"position\":1,\"name\":\"Home\",\"item\":\"https:\\\/\\\/kibrisdakik.com\\\/\"},{\"@type\":\"ListItem\",\"position\":2,\"name\":\"Girne\u2019de feci kaza: 1 ki\u1e63i hayat\u0131n\u0131 kaybetti\"}]},{\"@type\":\"WebSite\",\"@id\":\"https:\\\/\\\/kibrisdakik.com\\\/#website\",\"url\":\"https:\\\/\\\/kibrisdakik.com\\\/\",\"name\":\"\",\"description\":\"Tam vaktinde haber\",\"potentialAction\":[{\"@type\":\"SearchAction\",\"target\":{\"@type\":\"EntryPoint\",\"urlTemplate\":\"https:\\\/\\\/kibrisdakik.com\\\/?s={search_term_string}\"},\"query-input\":{\"@type\":\"PropertyValueSpecification\",\"valueRequired\":true,\"valueName\":\"search_term_string\"}}],\"inLanguage\":\"tr\"},{\"@type\":\"Person\",\"@id\":\"https:\\\/\\\/kibrisdakik.com\\\/#\\\/schema\\\/person\\\/9cd9d437bbb44f72b73ba127e06d8e79\",\"name\":\"admin\",\"image\":{\"@type\":\"ImageObject\",\"inLanguage\":\"tr\",\"@id\":\"https:\\\/\\\/secure.gravatar.com\\\/avatar\\\/ccc17943b9d660506c869530f897617f7cb1c21a4bf30023f252596d83e1f007?s=96&d=mm&r=g\",\"url\":\"https:\\\/\\\/secure.gravatar.com\\\/avatar\\\/ccc17943b9d660506c869530f897617f7cb1c21a4bf30023f252596d83e1f007?s=96&d=mm&r=g\",\"contentUrl\":\"https:\\\/\\\/secure.gravatar.com\\\/avatar\\\/ccc17943b9d660506c869530f897617f7cb1c21a4bf30023f252596d83e1f007?s=96&d=mm&r=g\",\"caption\":\"admin\"},\"sameAs\":[\"https:\\\/\\\/kibrisdakik.com\"],\"url\":\"https:\\\/\\\/kibrisdakik.com\\\/?author=1\"}]}<\/script>\n<!-- \/ Yoast SEO plugin. -->","yoast_head_json":{"title":"Girne\u2019de feci kaza: 1 ki\u1e63i hayat\u0131n\u0131 kaybetti -","robots":{"index":"index","follow":"follow","max-snippet":"max-snippet:-1","max-image-preview":"max-image-preview:large","max-video-preview":"max-video-preview:-1"},"canonical":"https:\/\/kibrisdakik.com\/?p=3856","og_locale":"tr_TR","og_type":"article","og_title":"Girne\u2019de feci kaza: 1 ki\u1e63i hayat\u0131n\u0131 kaybetti -","og_description":"Polis Bas\u0131n Subayl\u0131\u011f\u0131\u2019ndan verilen bilgiye g\u00f6re bu ak\u1e63am, saat 21:25 s\u0131ralar\u0131nda, Girne\u2019de Karao\u011flano\u011flu Caddesi \u00fczerinde Aliye \u0130NANO\u011eLU (K-32), y\u00f6netimindeki KM 004 plakal\u0131 ara\u00e7 ile Alsancak istikametine do\u011fru seyretti\u011fi s\u0131rada Merit Park Otel kav\u015fa\u011f\u0131n\u0131 ge\u00e7tikten sonra dikkatsizce \u00f6n\u00fcnde seyreden ara\u00e7lar\u0131 ge\u00e7mek i\u00e7in yolun sa\u011f\u0131na ge\u00e7mesi sonucu o esnada kar\u015f\u0131 istikametten gelmekte olan Erdem HONDURLU (E-24) y\u00f6netimindeki","og_url":"https:\/\/kibrisdakik.com\/?p=3856","article_published_time":"2023-03-23T21:27:12+00:00","og_image":[{"width":2560,"height":1438,"url":"https:\/\/kibrisdakik.com\/wp-content\/uploads\/2023\/03\/sjsshff-scaled-740x420.jpg","type":"image\/jpeg"}],"author":"admin","twitter_card":"summary_large_image","twitter_misc":{"Yazan:":"admin","Tahmini okuma s\u00fcresi":"1 dakika"},"schema":{"@context":"https:\/\/schema.org","@graph":[{"@type":"Article","@id":"https:\/\/kibrisdakik.com\/?p=3856#article","isPartOf":{"@id":"https:\/\/kibrisdakik.com\/?p=3856"},"author":{"name":"admin","@id":"https:\/\/kibrisdakik.com\/#\/schema\/person\/9cd9d437bbb44f72b73ba127e06d8e79"},"headline":"Girne\u2019de feci kaza: 1 ki\u1e63i hayat\u0131n\u0131 kaybetti","datePublished":"2023-03-23T21:27:12+00:00","mainEntityOfPage":{"@id":"https:\/\/kibrisdakik.com\/?p=3856"},"wordCount":193,"commentCount":0,"image":{"@id":"https:\/\/kibrisdakik.com\/?p=3856#primaryimage"},"thumbnailUrl":"https:\/\/kibrisdakik.com\/wp-content\/uploads\/2023\/03\/sjsshff-scaled-740x420.jpg","articleSection":["G\u00fcndem"],"inLanguage":"tr","potentialAction":[{"@type":"CommentAction","name":"Comment","target":["https:\/\/kibrisdakik.com\/?p=3856#respond"]}]},{"@type":"WebPage","@id":"https:\/\/kibrisdakik.com\/?p=3856","url":"https:\/\/kibrisdakik.com\/?p=3856","name":"Girne\u2019de feci kaza: 1 ki\u1e63i hayat\u0131n\u0131 kaybetti -","isPartOf":{"@id":"https:\/\/kibrisdakik.com\/#website"},"primaryImageOfPage":{"@id":"https:\/\/kibrisdakik.com\/?p=3856#primaryimage"},"image":{"@id":"https:\/\/kibrisdakik.com\/?p=3856#primaryimage"},"thumbnailUrl":"https:\/\/kibrisdakik.com\/wp-content\/uploads\/2023\/03\/sjsshff-scaled-740x420.jpg","datePublished":"2023-03-23T21:27:12+00:00","author":{"@id":"https:\/\/kibrisdakik.com\/#\/schema\/person\/9cd9d437bbb44f72b73ba127e06d8e79"},"breadcrumb":{"@id":"https:\/\/kibrisdakik.com\/?p=3856#breadcrumb"},"inLanguage":"tr","potentialAction":[{"@type":"ReadAction","target":["https:\/\/kibrisdakik.com\/?p=3856"]}]},{"@type":"ImageObject","inLanguage":"tr","@id":"https:\/\/kibrisdakik.com\/?p=3856#primaryimage","url":"https:\/\/kibrisdakik.com\/wp-content\/uploads\/2023\/03\/sjsshff-scaled-740x420.jpg","contentUrl":"https:\/\/kibrisdakik.com\/wp-content\/uploads\/2023\/03\/sjsshff-scaled-740x420.jpg","width":2560,"height":1438},{"@type":"BreadcrumbList","@id":"https:\/\/kibrisdakik.com\/?p=3856#breadcrumb","itemListElement":[{"@type":"ListItem","position":1,"name":"Home","item":"https:\/\/kibrisdakik.com\/"},{"@type":"ListItem","position":2,"name":"Girne\u2019de feci kaza: 1 ki\u1e63i hayat\u0131n\u0131 kaybetti"}]},{"@type":"WebSite","@id":"https:\/\/kibrisdakik.com\/#website","url":"https:\/\/kibrisdakik.com\/","name":"","description":"Tam vaktinde haber","potentialAction":[{"@type":"SearchAction","target":{"@type":"EntryPoint","urlTemplate":"https:\/\/kibrisdakik.com\/?s={search_term_string}"},"query-input":{"@type":"PropertyValueSpecification","valueRequired":true,"valueName":"search_term_string"}}],"inLanguage":"tr"},{"@type":"Person","@id":"https:\/\/kibrisdakik.com\/#\/schema\/person\/9cd9d437bbb44f72b73ba127e06d8e79","name":"admin","image":{"@type":"ImageObject","inLanguage":"tr","@id":"https:\/\/secure.gravatar.com\/avatar\/ccc17943b9d660506c869530f897617f7cb1c21a4bf30023f252596d83e1f007?s=96&d=mm&r=g","url":"https:\/\/secure.gravatar.com\/avatar\/ccc17943b9d660506c869530f897617f7cb1c21a4bf30023f252596d83e1f007?s=96&d=mm&r=g","contentUrl":"https:\/\/secure.gravatar.com\/avatar\/ccc17943b9d660506c869530f897617f7cb1c21a4bf30023f252596d83e1f007?s=96&d=mm&r=g","caption":"admin"},"sameAs":["https:\/\/kibrisdakik.com"],"url":"https:\/\/kibrisdakik.com\/?author=1"}]}},"_links":{"self":[{"href":"https:\/\/kibrisdakik.com\/index.php?rest_route=\/wp\/v2\/posts\/3856","targetHints":{"allow":["GET"]}}],"collection":[{"href":"https:\/\/kibrisdakik.com\/index.php?rest_route=\/wp\/v2\/posts"}],"about":[{"href":"https:\/\/kibrisdakik.com\/index.php?rest_route=\/wp\/v2\/types\/post"}],"author":[{"embeddable":true,"href":"https:\/\/kibrisdakik.com\/index.php?rest_route=\/wp\/v2\/users\/1"}],"replies":[{"embeddable":true,"href":"https:\/\/kibrisdakik.com\/index.php?rest_route=%2Fwp%2Fv2%2Fcomments&post=3856"}],"version-history":[{"count":0,"href":"https:\/\/kibrisdakik.com\/index.php?rest_route=\/wp\/v2\/posts\/3856\/revisions"}],"wp:featuredmedia":[{"embeddable":true,"href":"https:\/\/kibrisdakik.com\/index.php?rest_route=\/wp\/v2\/media\/3857"}],"wp:attachment":[{"href":"https:\/\/kibrisdakik.com\/index.php?rest_route=%2Fwp%2Fv2%2Fmedia&parent=3856"}],"wp:term":[{"taxonomy":"category","embeddable":true,"href":"https:\/\/kibrisdakik.com\/index.php?rest_route=%2Fwp%2Fv2%2Fcategories&post=3856"},{"taxonomy":"post_tag","embeddable":true,"href":"https:\/\/kibrisdakik.com\/index.php?rest_route=%2Fwp%2Fv2%2Ftags&post=3856"}],"curies":[{"name":"wp","href":"https:\/\/api.w.org\/{rel}","templated":true}]}}