{"id":38576,"date":"2024-04-16T23:28:57","date_gmt":"2024-04-16T23:28:57","guid":{"rendered":"https:\/\/kibrisdakik.com\/index.php\/2024\/04\/16\/sampiyon-melekleri-yasatma-dernegi-heyeti-buyukelci-feyzioglu-ile-gorustu\/"},"modified":"2024-04-16T23:28:57","modified_gmt":"2024-04-16T23:28:57","slug":"sampiyon-melekleri-yasatma-dernegi-heyeti-buyukelci-feyzioglu-ile-gorustu","status":"publish","type":"post","link":"https:\/\/kibrisdakik.com\/?p=38576","title":{"rendered":"\u015eampiyon Melekleri Ya\u015fatma Derne\u011fi heyeti B\u00fcy\u00fckel\u00e7i Feyzio\u011flu ile g\u00f6r\u00fc\u015ft\u00fc"},"content":{"rendered":"<p><img decoding=\"async\" src=\"https:\/\/www.kibristurk.com\/images\/haberler\/2024\/04\/sampiyon-melekleri-yasatma-dernegi-heyeti-buyukelci-feyzioglu-ile-gorustu-1713278948.webp\" \/><\/p>\n<p style=\"text-align:left\"><span style=\"font-size:16px\"><span style=\"font-family:Merriweather,serif !important\"><span style=\"color:#000000\"><span style=\"background-color:#ffffff\">\u015eampiyon Melekleri Ya\u015fatma Derne\u011fi Ba\u015fkan\u0131 Ru\u015fen Y\u00fccesoylu Karakaya ve derne\u011fin kurucu \u00fcyeleri Osman Ak\u0131n ve Pervin Aksoy \u0130pek\u00e7io\u011flu bug\u00fcn B\u00fcy\u00fckel\u00e7i Feyzio\u011flu\u2019na ziyaret ger\u00e7ekle\u015ftirdi.<\/span><\/span><\/span><\/span><\/p>\n<p style=\"text-align:left\"><span style=\"font-size:16px\"><span style=\"font-family:Merriweather,serif !important\"><span style=\"color:#000000\"><span style=\"background-color:#ffffff\">Dernekten yap\u0131lan a\u00e7\u0131klamaya g\u00f6re, 19 Nisan\u2019da Lefko\u015fa\u2019da yap\u0131lacak adalet y\u00fcr\u00fcy\u00fc\u015f\u00fc \u00f6ncesi ger\u00e7ekle\u015fen ziyarette Feyzio\u011flu ile \u0130sias adalet s\u00fcreci de g\u00f6r\u00fc\u015f\u00fcld\u00fc.<\/span><\/span><\/span><\/span><\/p>\n<p style=\"text-align:left\"><span style=\"font-size:16px\"><span style=\"font-family:Merriweather,serif !important\"><span style=\"color:#000000\"><span style=\"background-color:#ffffff\">Derne\u011fin T\u00fcrkiye Cumhuriyeti adaletine olan g\u00fcveninin dile getirildi\u011fi ziyarette, TC Adalet Bakan\u0131&nbsp;<span style=\"font-size:16px !important\"><span style=\"font-family:Merriweather,serif !important\"><span style=\"color:black\">Tun\u00e7\u2019a<\/span><\/span><\/span>&nbsp;iletilmek \u00fczere haz\u0131rlanan mektup da Metin Feyzio\u011flu\u2019na teslim edildi.<\/span><\/span><\/span><\/span><\/p>\n<p style=\"text-align:left\"><span style=\"font-size:16px\"><span style=\"font-family:Merriweather,serif !important\"><span style=\"color:#000000\"><span style=\"background-color:#ffffff\">Ru\u015fen Y\u00fccesoylu Karakaya ile Pervin Aksoy \u0130pek\u00e7io\u011flu\u2019nun yar\u0131n Ankara&#8217;da davayla ilgili toplant\u0131lara kat\u0131laca\u011f\u0131 da ifade edildi.<\/span><\/span><\/span><\/span><\/p>\n<p style=\"text-align:left\"><span style=\"font-size:16px\"><span style=\"font-family:Merriweather,serif !important\"><span style=\"color:#000000\"><span style=\"background-color:#ffffff\">6 \u015eubat depreminde yerle bir olan, 35\u2019i Gazima\u011fusa T\u00fcrk Maarif Koleji kafilesinden 72 ki\u015finin hayat\u0131n\u0131 kaybetti\u011fi \u0130sias Otel ile ilgili dava, 26 Nisan\u2019da devam edecek. \u0130sias ile ilgili dava ge\u00e7en ocak ay\u0131nda ba\u015flam\u0131\u015ft\u0131.<\/span><\/span><\/span><\/span><\/p>\n","protected":false},"excerpt":{"rendered":"<p>\u015eampiyon Melekleri Ya\u015fatma Derne\u011fi Ba\u015fkan\u0131 Ru\u015fen Y\u00fccesoylu Karakaya ve derne\u011fin kurucu \u00fcyeleri Osman Ak\u0131n ve Pervin Aksoy \u0130pek\u00e7io\u011flu bug\u00fcn B\u00fcy\u00fckel\u00e7i Feyzio\u011flu\u2019na ziyaret ger\u00e7ekle\u015ftirdi. Dernekten yap\u0131lan a\u00e7\u0131klamaya g\u00f6re, 19 Nisan\u2019da Lefko\u015fa\u2019da yap\u0131lacak adalet y\u00fcr\u00fcy\u00fc\u015f\u00fc \u00f6ncesi ger\u00e7ekle\u015fen ziyarette Feyzio\u011flu ile \u0130sias adalet s\u00fcreci de g\u00f6r\u00fc\u015f\u00fcld\u00fc. Derne\u011fin T\u00fcrkiye Cumhuriyeti adaletine olan g\u00fcveninin dile getirildi\u011fi ziyarette, TC Adalet Bakan\u0131&nbsp;Tun\u00e7\u2019a&nbsp;iletilmek<\/p>\n","protected":false},"author":1,"featured_media":38577,"comment_status":"open","ping_status":"open","sticky":false,"template":"","format":"standard","meta":{"footnotes":""},"categories":[85],"tags":[],"class_list":["post-38576","post","type-post","status-publish","format-standard","has-post-thumbnail","hentry","category-spor"],"yoast_head":"<!-- This site is optimized with the Yoast SEO plugin v27.5 - https:\/\/yoast.com\/product\/yoast-seo-wordpress\/ -->\n<title>\u015eampiyon Melekleri Ya\u015fatma Derne\u011fi heyeti B\u00fcy\u00fckel\u00e7i Feyzio\u011flu ile g\u00f6r\u00fc\u015ft\u00fc -<\/title>\n<meta name=\"robots\" content=\"index, follow, max-snippet:-1, max-image-preview:large, max-video-preview:-1\" \/>\n<link rel=\"canonical\" href=\"https:\/\/kibrisdakik.com\/?p=38576\" \/>\n<meta property=\"og:locale\" content=\"tr_TR\" \/>\n<meta property=\"og:type\" content=\"article\" \/>\n<meta property=\"og:title\" content=\"\u015eampiyon Melekleri Ya\u015fatma Derne\u011fi heyeti B\u00fcy\u00fckel\u00e7i Feyzio\u011flu ile g\u00f6r\u00fc\u015ft\u00fc -\" \/>\n<meta property=\"og:description\" content=\"\u015eampiyon Melekleri Ya\u015fatma Derne\u011fi Ba\u015fkan\u0131 Ru\u015fen Y\u00fccesoylu Karakaya ve derne\u011fin kurucu \u00fcyeleri Osman Ak\u0131n ve Pervin Aksoy \u0130pek\u00e7io\u011flu bug\u00fcn B\u00fcy\u00fckel\u00e7i Feyzio\u011flu\u2019na ziyaret ger\u00e7ekle\u015ftirdi. Dernekten yap\u0131lan a\u00e7\u0131klamaya g\u00f6re, 19 Nisan\u2019da Lefko\u015fa\u2019da yap\u0131lacak adalet y\u00fcr\u00fcy\u00fc\u015f\u00fc \u00f6ncesi ger\u00e7ekle\u015fen ziyarette Feyzio\u011flu ile \u0130sias adalet s\u00fcreci de g\u00f6r\u00fc\u015f\u00fcld\u00fc. Derne\u011fin T\u00fcrkiye Cumhuriyeti adaletine olan g\u00fcveninin dile getirildi\u011fi ziyarette, TC Adalet Bakan\u0131&nbsp;Tun\u00e7\u2019a&nbsp;iletilmek\" \/>\n<meta property=\"og:url\" content=\"https:\/\/kibrisdakik.com\/?p=38576\" \/>\n<meta property=\"article:published_time\" content=\"2024-04-16T23:28:57+00:00\" \/>\n<meta property=\"og:image\" content=\"https:\/\/kibrisdakik.com\/wp-content\/uploads\/2024\/04\/sampiyon-melekleri-yasatma-dernegi-heyeti-buyukelci-feyzioglu-ile-gorustu-1713278948.webp.webp\" \/>\n\t<meta property=\"og:image:width\" content=\"710\" \/>\n\t<meta property=\"og:image:height\" content=\"370\" \/>\n\t<meta property=\"og:image:type\" content=\"image\/webp\" \/>\n<meta name=\"author\" content=\"admin\" \/>\n<meta name=\"twitter:card\" content=\"summary_large_image\" \/>\n<meta name=\"twitter:label1\" content=\"Yazan:\" \/>\n\t<meta name=\"twitter:data1\" content=\"admin\" \/>\n\t<meta name=\"twitter:label2\" content=\"Tahmini okuma s\u00fcresi\" \/>\n\t<meta name=\"twitter:data2\" content=\"1 dakika\" \/>\n<script type=\"application\/ld+json\" class=\"yoast-schema-graph\">{\"@context\":\"https:\\\/\\\/schema.org\",\"@graph\":[{\"@type\":\"Article\",\"@id\":\"https:\\\/\\\/kibrisdakik.com\\\/?p=38576#article\",\"isPartOf\":{\"@id\":\"https:\\\/\\\/kibrisdakik.com\\\/?p=38576\"},\"author\":{\"name\":\"admin\",\"@id\":\"https:\\\/\\\/kibrisdakik.com\\\/#\\\/schema\\\/person\\\/9cd9d437bbb44f72b73ba127e06d8e79\"},\"headline\":\"\u015eampiyon Melekleri Ya\u015fatma Derne\u011fi heyeti B\u00fcy\u00fckel\u00e7i Feyzio\u011flu ile g\u00f6r\u00fc\u015ft\u00fc\",\"datePublished\":\"2024-04-16T23:28:57+00:00\",\"mainEntityOfPage\":{\"@id\":\"https:\\\/\\\/kibrisdakik.com\\\/?p=38576\"},\"wordCount\":187,\"commentCount\":0,\"image\":{\"@id\":\"https:\\\/\\\/kibrisdakik.com\\\/?p=38576#primaryimage\"},\"thumbnailUrl\":\"https:\\\/\\\/kibrisdakik.com\\\/wp-content\\\/uploads\\\/2024\\\/04\\\/sampiyon-melekleri-yasatma-dernegi-heyeti-buyukelci-feyzioglu-ile-gorustu-1713278948.webp.webp\",\"articleSection\":[\"Spor\"],\"inLanguage\":\"tr\",\"potentialAction\":[{\"@type\":\"CommentAction\",\"name\":\"Comment\",\"target\":[\"https:\\\/\\\/kibrisdakik.com\\\/?p=38576#respond\"]}]},{\"@type\":\"WebPage\",\"@id\":\"https:\\\/\\\/kibrisdakik.com\\\/?p=38576\",\"url\":\"https:\\\/\\\/kibrisdakik.com\\\/?p=38576\",\"name\":\"\u015eampiyon Melekleri Ya\u015fatma Derne\u011fi heyeti B\u00fcy\u00fckel\u00e7i Feyzio\u011flu ile g\u00f6r\u00fc\u015ft\u00fc -\",\"isPartOf\":{\"@id\":\"https:\\\/\\\/kibrisdakik.com\\\/#website\"},\"primaryImageOfPage\":{\"@id\":\"https:\\\/\\\/kibrisdakik.com\\\/?p=38576#primaryimage\"},\"image\":{\"@id\":\"https:\\\/\\\/kibrisdakik.com\\\/?p=38576#primaryimage\"},\"thumbnailUrl\":\"https:\\\/\\\/kibrisdakik.com\\\/wp-content\\\/uploads\\\/2024\\\/04\\\/sampiyon-melekleri-yasatma-dernegi-heyeti-buyukelci-feyzioglu-ile-gorustu-1713278948.webp.webp\",\"datePublished\":\"2024-04-16T23:28:57+00:00\",\"author\":{\"@id\":\"https:\\\/\\\/kibrisdakik.com\\\/#\\\/schema\\\/person\\\/9cd9d437bbb44f72b73ba127e06d8e79\"},\"breadcrumb\":{\"@id\":\"https:\\\/\\\/kibrisdakik.com\\\/?p=38576#breadcrumb\"},\"inLanguage\":\"tr\",\"potentialAction\":[{\"@type\":\"ReadAction\",\"target\":[\"https:\\\/\\\/kibrisdakik.com\\\/?p=38576\"]}]},{\"@type\":\"ImageObject\",\"inLanguage\":\"tr\",\"@id\":\"https:\\\/\\\/kibrisdakik.com\\\/?p=38576#primaryimage\",\"url\":\"https:\\\/\\\/kibrisdakik.com\\\/wp-content\\\/uploads\\\/2024\\\/04\\\/sampiyon-melekleri-yasatma-dernegi-heyeti-buyukelci-feyzioglu-ile-gorustu-1713278948.webp.webp\",\"contentUrl\":\"https:\\\/\\\/kibrisdakik.com\\\/wp-content\\\/uploads\\\/2024\\\/04\\\/sampiyon-melekleri-yasatma-dernegi-heyeti-buyukelci-feyzioglu-ile-gorustu-1713278948.webp.webp\",\"width\":710,\"height\":370},{\"@type\":\"BreadcrumbList\",\"@id\":\"https:\\\/\\\/kibrisdakik.com\\\/?p=38576#breadcrumb\",\"itemListElement\":[{\"@type\":\"ListItem\",\"position\":1,\"name\":\"Home\",\"item\":\"https:\\\/\\\/kibrisdakik.com\\\/\"},{\"@type\":\"ListItem\",\"position\":2,\"name\":\"\u015eampiyon Melekleri Ya\u015fatma Derne\u011fi heyeti B\u00fcy\u00fckel\u00e7i Feyzio\u011flu ile g\u00f6r\u00fc\u015ft\u00fc\"}]},{\"@type\":\"WebSite\",\"@id\":\"https:\\\/\\\/kibrisdakik.com\\\/#website\",\"url\":\"https:\\\/\\\/kibrisdakik.com\\\/\",\"name\":\"\",\"description\":\"Tam vaktinde haber\",\"potentialAction\":[{\"@type\":\"SearchAction\",\"target\":{\"@type\":\"EntryPoint\",\"urlTemplate\":\"https:\\\/\\\/kibrisdakik.com\\\/?s={search_term_string}\"},\"query-input\":{\"@type\":\"PropertyValueSpecification\",\"valueRequired\":true,\"valueName\":\"search_term_string\"}}],\"inLanguage\":\"tr\"},{\"@type\":\"Person\",\"@id\":\"https:\\\/\\\/kibrisdakik.com\\\/#\\\/schema\\\/person\\\/9cd9d437bbb44f72b73ba127e06d8e79\",\"name\":\"admin\",\"image\":{\"@type\":\"ImageObject\",\"inLanguage\":\"tr\",\"@id\":\"https:\\\/\\\/secure.gravatar.com\\\/avatar\\\/ccc17943b9d660506c869530f897617f7cb1c21a4bf30023f252596d83e1f007?s=96&d=mm&r=g\",\"url\":\"https:\\\/\\\/secure.gravatar.com\\\/avatar\\\/ccc17943b9d660506c869530f897617f7cb1c21a4bf30023f252596d83e1f007?s=96&d=mm&r=g\",\"contentUrl\":\"https:\\\/\\\/secure.gravatar.com\\\/avatar\\\/ccc17943b9d660506c869530f897617f7cb1c21a4bf30023f252596d83e1f007?s=96&d=mm&r=g\",\"caption\":\"admin\"},\"sameAs\":[\"https:\\\/\\\/kibrisdakik.com\"],\"url\":\"https:\\\/\\\/kibrisdakik.com\\\/?author=1\"}]}<\/script>\n<!-- \/ Yoast SEO plugin. -->","yoast_head_json":{"title":"\u015eampiyon Melekleri Ya\u015fatma Derne\u011fi heyeti B\u00fcy\u00fckel\u00e7i Feyzio\u011flu ile g\u00f6r\u00fc\u015ft\u00fc -","robots":{"index":"index","follow":"follow","max-snippet":"max-snippet:-1","max-image-preview":"max-image-preview:large","max-video-preview":"max-video-preview:-1"},"canonical":"https:\/\/kibrisdakik.com\/?p=38576","og_locale":"tr_TR","og_type":"article","og_title":"\u015eampiyon Melekleri Ya\u015fatma Derne\u011fi heyeti B\u00fcy\u00fckel\u00e7i Feyzio\u011flu ile g\u00f6r\u00fc\u015ft\u00fc -","og_description":"\u015eampiyon Melekleri Ya\u015fatma Derne\u011fi Ba\u015fkan\u0131 Ru\u015fen Y\u00fccesoylu Karakaya ve derne\u011fin kurucu \u00fcyeleri Osman Ak\u0131n ve Pervin Aksoy \u0130pek\u00e7io\u011flu bug\u00fcn B\u00fcy\u00fckel\u00e7i Feyzio\u011flu\u2019na ziyaret ger\u00e7ekle\u015ftirdi. Dernekten yap\u0131lan a\u00e7\u0131klamaya g\u00f6re, 19 Nisan\u2019da Lefko\u015fa\u2019da yap\u0131lacak adalet y\u00fcr\u00fcy\u00fc\u015f\u00fc \u00f6ncesi ger\u00e7ekle\u015fen ziyarette Feyzio\u011flu ile \u0130sias adalet s\u00fcreci de g\u00f6r\u00fc\u015f\u00fcld\u00fc. Derne\u011fin T\u00fcrkiye Cumhuriyeti adaletine olan g\u00fcveninin dile getirildi\u011fi ziyarette, TC Adalet Bakan\u0131&nbsp;Tun\u00e7\u2019a&nbsp;iletilmek","og_url":"https:\/\/kibrisdakik.com\/?p=38576","article_published_time":"2024-04-16T23:28:57+00:00","og_image":[{"width":710,"height":370,"url":"https:\/\/kibrisdakik.com\/wp-content\/uploads\/2024\/04\/sampiyon-melekleri-yasatma-dernegi-heyeti-buyukelci-feyzioglu-ile-gorustu-1713278948.webp.webp","type":"image\/webp"}],"author":"admin","twitter_card":"summary_large_image","twitter_misc":{"Yazan:":"admin","Tahmini okuma s\u00fcresi":"1 dakika"},"schema":{"@context":"https:\/\/schema.org","@graph":[{"@type":"Article","@id":"https:\/\/kibrisdakik.com\/?p=38576#article","isPartOf":{"@id":"https:\/\/kibrisdakik.com\/?p=38576"},"author":{"name":"admin","@id":"https:\/\/kibrisdakik.com\/#\/schema\/person\/9cd9d437bbb44f72b73ba127e06d8e79"},"headline":"\u015eampiyon Melekleri Ya\u015fatma Derne\u011fi heyeti B\u00fcy\u00fckel\u00e7i Feyzio\u011flu ile g\u00f6r\u00fc\u015ft\u00fc","datePublished":"2024-04-16T23:28:57+00:00","mainEntityOfPage":{"@id":"https:\/\/kibrisdakik.com\/?p=38576"},"wordCount":187,"commentCount":0,"image":{"@id":"https:\/\/kibrisdakik.com\/?p=38576#primaryimage"},"thumbnailUrl":"https:\/\/kibrisdakik.com\/wp-content\/uploads\/2024\/04\/sampiyon-melekleri-yasatma-dernegi-heyeti-buyukelci-feyzioglu-ile-gorustu-1713278948.webp.webp","articleSection":["Spor"],"inLanguage":"tr","potentialAction":[{"@type":"CommentAction","name":"Comment","target":["https:\/\/kibrisdakik.com\/?p=38576#respond"]}]},{"@type":"WebPage","@id":"https:\/\/kibrisdakik.com\/?p=38576","url":"https:\/\/kibrisdakik.com\/?p=38576","name":"\u015eampiyon Melekleri Ya\u015fatma Derne\u011fi heyeti B\u00fcy\u00fckel\u00e7i Feyzio\u011flu ile g\u00f6r\u00fc\u015ft\u00fc -","isPartOf":{"@id":"https:\/\/kibrisdakik.com\/#website"},"primaryImageOfPage":{"@id":"https:\/\/kibrisdakik.com\/?p=38576#primaryimage"},"image":{"@id":"https:\/\/kibrisdakik.com\/?p=38576#primaryimage"},"thumbnailUrl":"https:\/\/kibrisdakik.com\/wp-content\/uploads\/2024\/04\/sampiyon-melekleri-yasatma-dernegi-heyeti-buyukelci-feyzioglu-ile-gorustu-1713278948.webp.webp","datePublished":"2024-04-16T23:28:57+00:00","author":{"@id":"https:\/\/kibrisdakik.com\/#\/schema\/person\/9cd9d437bbb44f72b73ba127e06d8e79"},"breadcrumb":{"@id":"https:\/\/kibrisdakik.com\/?p=38576#breadcrumb"},"inLanguage":"tr","potentialAction":[{"@type":"ReadAction","target":["https:\/\/kibrisdakik.com\/?p=38576"]}]},{"@type":"ImageObject","inLanguage":"tr","@id":"https:\/\/kibrisdakik.com\/?p=38576#primaryimage","url":"https:\/\/kibrisdakik.com\/wp-content\/uploads\/2024\/04\/sampiyon-melekleri-yasatma-dernegi-heyeti-buyukelci-feyzioglu-ile-gorustu-1713278948.webp.webp","contentUrl":"https:\/\/kibrisdakik.com\/wp-content\/uploads\/2024\/04\/sampiyon-melekleri-yasatma-dernegi-heyeti-buyukelci-feyzioglu-ile-gorustu-1713278948.webp.webp","width":710,"height":370},{"@type":"BreadcrumbList","@id":"https:\/\/kibrisdakik.com\/?p=38576#breadcrumb","itemListElement":[{"@type":"ListItem","position":1,"name":"Home","item":"https:\/\/kibrisdakik.com\/"},{"@type":"ListItem","position":2,"name":"\u015eampiyon Melekleri Ya\u015fatma Derne\u011fi heyeti B\u00fcy\u00fckel\u00e7i Feyzio\u011flu ile g\u00f6r\u00fc\u015ft\u00fc"}]},{"@type":"WebSite","@id":"https:\/\/kibrisdakik.com\/#website","url":"https:\/\/kibrisdakik.com\/","name":"","description":"Tam vaktinde haber","potentialAction":[{"@type":"SearchAction","target":{"@type":"EntryPoint","urlTemplate":"https:\/\/kibrisdakik.com\/?s={search_term_string}"},"query-input":{"@type":"PropertyValueSpecification","valueRequired":true,"valueName":"search_term_string"}}],"inLanguage":"tr"},{"@type":"Person","@id":"https:\/\/kibrisdakik.com\/#\/schema\/person\/9cd9d437bbb44f72b73ba127e06d8e79","name":"admin","image":{"@type":"ImageObject","inLanguage":"tr","@id":"https:\/\/secure.gravatar.com\/avatar\/ccc17943b9d660506c869530f897617f7cb1c21a4bf30023f252596d83e1f007?s=96&d=mm&r=g","url":"https:\/\/secure.gravatar.com\/avatar\/ccc17943b9d660506c869530f897617f7cb1c21a4bf30023f252596d83e1f007?s=96&d=mm&r=g","contentUrl":"https:\/\/secure.gravatar.com\/avatar\/ccc17943b9d660506c869530f897617f7cb1c21a4bf30023f252596d83e1f007?s=96&d=mm&r=g","caption":"admin"},"sameAs":["https:\/\/kibrisdakik.com"],"url":"https:\/\/kibrisdakik.com\/?author=1"}]}},"_links":{"self":[{"href":"https:\/\/kibrisdakik.com\/index.php?rest_route=\/wp\/v2\/posts\/38576","targetHints":{"allow":["GET"]}}],"collection":[{"href":"https:\/\/kibrisdakik.com\/index.php?rest_route=\/wp\/v2\/posts"}],"about":[{"href":"https:\/\/kibrisdakik.com\/index.php?rest_route=\/wp\/v2\/types\/post"}],"author":[{"embeddable":true,"href":"https:\/\/kibrisdakik.com\/index.php?rest_route=\/wp\/v2\/users\/1"}],"replies":[{"embeddable":true,"href":"https:\/\/kibrisdakik.com\/index.php?rest_route=%2Fwp%2Fv2%2Fcomments&post=38576"}],"version-history":[{"count":0,"href":"https:\/\/kibrisdakik.com\/index.php?rest_route=\/wp\/v2\/posts\/38576\/revisions"}],"wp:featuredmedia":[{"embeddable":true,"href":"https:\/\/kibrisdakik.com\/index.php?rest_route=\/wp\/v2\/media\/38577"}],"wp:attachment":[{"href":"https:\/\/kibrisdakik.com\/index.php?rest_route=%2Fwp%2Fv2%2Fmedia&parent=38576"}],"wp:term":[{"taxonomy":"category","embeddable":true,"href":"https:\/\/kibrisdakik.com\/index.php?rest_route=%2Fwp%2Fv2%2Fcategories&post=38576"},{"taxonomy":"post_tag","embeddable":true,"href":"https:\/\/kibrisdakik.com\/index.php?rest_route=%2Fwp%2Fv2%2Ftags&post=38576"}],"curies":[{"name":"wp","href":"https:\/\/api.w.org\/{rel}","templated":true}]}}