{"id":38590,"date":"2024-04-17T02:33:51","date_gmt":"2024-04-17T02:33:51","guid":{"rendered":"https:\/\/kibrisdakik.com\/index.php\/2024\/04\/17\/23-nisan-ulusal-egemenlik-ve-cocuk-bayrami-etkinliklerle-kutlanacak-2\/"},"modified":"2024-04-17T02:33:51","modified_gmt":"2024-04-17T02:33:51","slug":"23-nisan-ulusal-egemenlik-ve-cocuk-bayrami-etkinliklerle-kutlanacak-2","status":"publish","type":"post","link":"https:\/\/kibrisdakik.com\/?p=38590","title":{"rendered":"23 Nisan Ulusal Egemenlik ve \u00c7ocuk Bayram\u0131 etkinliklerle kutlanacak"},"content":{"rendered":"<p><img decoding=\"async\" src=\"https:\/\/www.kibristurk.com\/images\/haberler\/2024\/04\/23-nisan-ulusal-egemenlik-ve-cocuk-bayrami-etkinliklerle-kutlanacak-1713268324.webp\" \/><\/p>\n<p style=\"text-align:left\"><span style=\"font-size:16px\"><span style=\"font-family:Merriweather,serif !important\"><span style=\"color:#000000\"><span style=\"background-color:#ffffff\">Milli E\u011fitim Bakanl\u0131\u011f\u0131&#8217;ndan verilen bilgiye g\u00f6re, etkinlikler \u00e7er\u00e7evesinde 5 il\u00e7edeki okullardan 15 \u00f6\u011frenci, devlet ve h\u00fck\u00fcmet yetkililerini ziyaret edecek.<\/span><\/span><\/span><\/span><\/p>\n<p style=\"text-align:left\"><span style=\"font-size:16px\"><span style=\"font-family:Merriweather,serif !important\"><span style=\"color:#000000\"><span style=\"background-color:#ffffff\">Milli E\u011fitim Bakan\u0131 Naz\u0131m \u00c7avu\u015fo\u011flu, 23 Nisan Sal\u0131 g\u00fcn\u00fc saat 08.00\u2019de Bayrak Radyo ve Televizyonu\u2019nda g\u00fcn\u00fcn anlam ve \u00f6nemine ili\u015fkin konu\u015fma yapacak. T\u00fcm il\u00e7elerde Atat\u00fcrk An\u0131tlar\u0131na \u00e7elenk koyma t\u00f6renleri d\u00fczenlenecek.<\/span><\/span><\/span><\/span><\/p>\n<p style=\"text-align:left\">&nbsp;<\/p>\n<p style=\"text-align:left\"><span style=\"font-size:16px\"><span style=\"font-family:Merriweather,serif !important\"><span style=\"color:#000000\"><span style=\"background-color:#ffffff\">-23 Nisan Ulusal Egemenlik ve \u00c7ocuk Bayram\u0131 etkinlik program\u0131<\/span><\/span><\/span><\/span><\/p>\n<p style=\"text-align:left\"><span style=\"font-size:16px\"><span style=\"font-family:Merriweather,serif !important\"><span style=\"color:#000000\"><span style=\"background-color:#ffffff\">23 Nisan Ulusal Egemenlik ve \u00c7ocuk Bayram\u0131 etkinlikleri 18 Nisan Per\u015fembe g\u00fcn\u00fc saat 09.00\u2019da a\u00e7\u0131l\u0131\u015f kortejiyle ba\u015flayacak. Lefko\u015fa merkez okullar\u0131ndan gelecek \u00f6\u011frenci ve sorumlu \u00f6\u011fretmenler, Milli E\u011fitim Bakan\u0131 Naz\u0131m \u00c7avu\u015fo\u011flu ile birlikte Atat\u00fcrk B\u00fcst\u00fc\u2019ne \u00e7elenk koyacak, ard\u0131ndan Cumhurba\u015fkanl\u0131\u011f\u0131 ve Ledra Palace trafik \u0131\u015f\u0131klar\u0131 g\u00fczergah\u0131ndan Cumhuriyet Meclisi\u2019ne y\u00fcr\u00fcyecek.<\/span><\/span><\/span><\/span><\/p>\n<p style=\"text-align:left\">&nbsp;<\/p>\n<p style=\"text-align:left\"><span style=\"font-size:16px\"><span style=\"font-family:Merriweather,serif !important\"><span style=\"color:#000000\"><span style=\"background-color:#ffffff\">-Cumhurba\u015fkanl\u0131\u011f\u0131 kutlama program\u0131<\/span><\/span><\/span><\/span><\/p>\n<p style=\"text-align:left\"><span style=\"font-size:16px\"><span style=\"font-family:Merriweather,serif !important\"><span style=\"color:#000000\"><span style=\"background-color:#ffffff\">Y\u00fcr\u00fcy\u00fc\u015f\u00fcne Atat\u00fcrk B\u00fcst\u00fc \u00f6n\u00fcnden ba\u015flayacak olan kortej, saat 09.30\u2019da Cumhurba\u015fkanl\u0131\u011f\u0131 bah\u00e7esinde Cumhurba\u015fkan\u0131 Ersin Tatar\u2019\u0131 ziyaret edecek.<\/span><\/span><\/span><\/span><\/p>\n<p style=\"text-align:left\"><span style=\"font-size:16px\"><span style=\"font-family:Merriweather,serif !important\"><span style=\"color:#000000\"><span style=\"background-color:#ffffff\">Kutlama program\u0131 \u00e7er\u00e7evesinde Cumhurba\u015fkan\u0131 Ersin Tatar, Milli E\u011fitim Bakan\u0131 Naz\u0131m \u00c7avu\u015fo\u011flu ve \u00f6\u011frenciler g\u00fcn\u00fcn anlam ve \u00f6nemine ili\u015fkin konu\u015fma yapacak, \u015fiir ve dans g\u00f6sterileri sunacak.<\/span><\/span><\/span><\/span><\/p>\n<p style=\"text-align:left\"><span style=\"font-size:16px\"><span style=\"font-family:Merriweather,serif !important\"><span style=\"color:#000000\"><span style=\"background-color:#ffffff\">Kortejin Cumhuriyet Meclisi\u2019ne ula\u015fmas\u0131n\u0131n ard\u0131ndan saat 10.00\u2019da 18 \u2013 23 Nisan Haftas\u0131 etkinliklerinin a\u00e7\u0131l\u0131\u015f\u0131 yap\u0131lacak.<\/span><\/span><\/span><\/span><\/p>\n<p style=\"text-align:left\"><span style=\"font-size:16px\"><span style=\"font-family:Merriweather,serif !important\"><span style=\"color:#000000\"><span style=\"background-color:#ffffff\">Cumhuriyet Meclisi&#8217;ndeki, t\u00f6rende Meclis Ba\u015fkan\u0131 Zorlu T\u00f6re ve Milli E\u011fitim Bakan\u0131 Naz\u0131m \u00c7avu\u015fo\u011flu ile birlikte \u00f6\u011frenciler g\u00fcn\u00fcn anlam ve \u00f6nemine ili\u015fkin konu\u015fmalar yapacak; \u015fiir, bale, dans, halk danslar\u0131 ve jimnastik g\u00f6sterileri sunulacak.<\/span><\/span><\/span><\/span><\/p>\n<p style=\"text-align:left\">&nbsp;<\/p>\n<p style=\"text-align:left\"><span style=\"font-size:16px\"><span style=\"font-family:Merriweather,serif !important\"><span style=\"color:#000000\"><span style=\"background-color:#ffffff\">-II. \u015eampiyon Melekler Voleybol Kupas\u0131 Yar\u0131 Finali<\/span><\/span><\/span><\/span><\/p>\n<p style=\"text-align:left\"><span style=\"font-size:16px\"><span style=\"font-family:Merriweather,serif !important\"><span style=\"color:#000000\"><span style=\"background-color:#ffffff\">T\u00fcrkiye\u2019deki depremde hayat\u0131n\u0131 kaybeden Gazima\u011fusa T\u00fcrk Maarif Koleji \u00f6\u011frencileri ile \u00f6\u011fretmenlerinin an\u0131s\u0131na d\u00fczenlenen \u201cII. \u015eampiyon Melekler Voleybol Kupas\u0131\u201d yar\u0131 final m\u00fcsabakalar\u0131 da saat 10.00\u2019da&nbsp;Ma\u011fusa Geli\u015fim Akademisi&#8217;nde&nbsp;<span style=\"font-size:12pt\"><span style=\"font-family:Merriweather,serif !important\"><span style=\"color:#000000 !important\">(MAGEM) yer alacak.<\/span><\/span><\/span><\/span><\/span><\/span><\/span><\/p>\n<p style=\"text-align:left\">&nbsp;<\/p>\n<p style=\"text-align:left\"><span style=\"font-size:16px\"><span style=\"font-family:Merriweather,serif !important\"><span style=\"color:#000000\"><span style=\"background-color:#ffffff\">-\u201cIII. Atat\u00fcrk\u2019\u00fcn \u00c7ocuklar\u0131 Resim Sergisi\u201d<\/span><\/span><\/span><\/span><\/p>\n<p style=\"text-align:left\"><span style=\"font-size:16px\"><span style=\"font-family:Merriweather,serif !important\"><span style=\"color:#000000\"><span style=\"background-color:#ffffff\">Milli E\u011fitim Bakanl\u0131\u011f\u0131 taraf\u0131ndan organize edilen \u201cIII. Atat\u00fcrk\u2019\u00fcn \u00c7ocuklar\u0131 Resim Sergisi\u201dnin a\u00e7\u0131l\u0131\u015f\u0131 ise saat 18.00\u2019de yap\u0131lacak. Merkez Lefko\u015fa Etkinlik ve K\u00fclt\u00fcr Salonu\u2019nda&nbsp;(A\u00e7\u0131k Pazar)&nbsp;<span style=\"font-size:12pt\"><span style=\"font-family:Merriweather,serif !important\"><span style=\"color:#000000 !important\">yer alacak sergi, 18 &#8211; 23 Nisan tarihleri aras\u0131nda ve mesai saatlerinde gezilebilecek.<\/span><\/span><\/span><\/span><\/span><\/span><\/span><\/p>\n<p style=\"text-align:left\">&nbsp;<\/p>\n<p style=\"text-align:left\"><span style=\"font-size:16px\"><span style=\"font-family:Merriweather,serif !important\"><span style=\"color:#000000\"><span style=\"background-color:#ffffff\">-III. Sprint Yar\u0131\u015fmalar\u0131 19 Nisan Cuma\u2026<\/span><\/span><\/span><\/span><\/p>\n<p style=\"text-align:left\"><span style=\"font-size:16px\"><span style=\"font-family:Merriweather,serif !important\"><span style=\"color:#000000\"><span style=\"background-color:#ffffff\">23 Nisan Ulusal Egemenlik ve \u00c7ocuk Bayram\u0131 etkinlikleri \u00e7er\u00e7evesinde 19 Nisan Cuma g\u00fcn\u00fc Lefko\u015fa Atat\u00fcrk Stadyumu\u2019nda ilk\u00f6\u011fretim 4. ve 5. s\u0131n\u0131flar d\u00fczeyinde III. Sprint Yar\u0131\u015fmalar\u0131 yap\u0131lacak. Saat 10.00\u2019da ba\u015flayacak yar\u0131\u015fmalar\u0131n tamamlanmas\u0131n\u0131n ard\u0131ndan dereceye girenlere \u00f6d\u00fclleri takdim edilecek.<\/span><\/span><\/span><\/span><\/p>\n<p style=\"text-align:left\">&nbsp;<\/p>\n<p style=\"text-align:left\"><span style=\"font-size:16px\"><span style=\"font-family:Merriweather,serif !important\"><span style=\"color:#000000\"><span style=\"background-color:#ffffff\">\u201cII. \u015eampiyon Melekler Voleybol Kupas\u0131\u201d final m\u00fcsabakalar\u0131 ise 19 Nisan Cuma g\u00fcn\u00fc saat 10.00\u2019da yap\u0131lacak. MAGEM\u2019de yer alacak final m\u00fcsabakalar\u0131n\u0131n tamamlanmas\u0131n\u0131n ard\u0131ndan dereceye giren okullara \u00f6d\u00fclleri verilecek.<\/span><\/span><\/span><\/span><\/p>\n<p style=\"text-align:left\">&nbsp;<\/p>\n<p style=\"text-align:left\"><span style=\"font-size:16px\"><span style=\"font-family:Merriweather,serif !important\"><span style=\"color:#000000\"><span style=\"background-color:#ffffff\">-\u201c23 Nisan Basketbol \u015e\u00f6leni\u201d<\/span><\/span><\/span><\/span><\/p>\n<p style=\"text-align:left\"><span style=\"font-size:16px\"><span style=\"font-family:Merriweather,serif !important\"><span style=\"color:#000000\"><span style=\"background-color:#ffffff\">23 Nisan Basketbol \u015e\u00f6leni ise Lefko\u015fa\u2019da yer alan Yak\u0131n Do\u011fu RA25 Spor Salonu\u2019nda 20 Nisan Cumartesi g\u00fcn\u00fc saat 09.00\u2019da ba\u015flayacak.<\/span><\/span><\/span><\/span><\/p>\n<p style=\"text-align:left\">&nbsp;<\/p>\n<p style=\"text-align:left\"><span style=\"font-size:16px\"><span style=\"font-family:Merriweather,serif !important\"><span style=\"color:#000000\"><span style=\"background-color:#ffffff\">-Devlet protokol\u00fcne ziyaretler\u2026<\/span><\/span><\/span><\/span><\/p>\n<p style=\"text-align:left\"><span style=\"font-size:16px\"><span style=\"font-family:Merriweather,serif !important\"><span style=\"color:#000000\"><span style=\"background-color:#ffffff\">Kutlama program\u0131 \u00e7er\u00e7evesinde, t\u00fcm il\u00e7elerdeki okullardan gelecek \u00f6\u011frencilerden olu\u015facak bir heyet, 22 Nisan Pazartesi g\u00fcn\u00fc devlet protokol\u00fcn\u00fc ziyaret edecek. Heyette Lefko\u015fa&#8217;daki 5; Gazima\u011fusa&#8217;daki 3; Girne, G\u00fczelyurt ve \u0130skele&#8217;deki 2&#8217;\u015fer ve Lefke&#8217;deki 1 okulu temsilen 15 \u00f6\u011frenci yer alacak.<\/span><\/span><\/span><\/span><\/p>\n<p style=\"text-align:left\"><span style=\"font-size:16px\"><span style=\"font-family:Merriweather,serif !important\"><span style=\"color:#000000\"><span style=\"background-color:#ffffff\">Heyet,&nbsp;Ba\u015fbakan \u00dcnal \u00dcstel\u2019i saat 09.00&#8217;da, Cumhuriyet Meclisi Ba\u015fkan\u0131 Zorlu T\u00f6re\u2019yi 09.30&#8217;da,&nbsp;Cumhurba\u015fkan\u0131 Ersin Tatar&#8217;\u0131 saat 10.30&#8217;da, Milli E\u011fitim Bakan\u0131 Naz\u0131m \u00c7avu\u015fo\u011flu\u2019nu 11.30&#8217;da, TC Lefko\u015fa B\u00fcy\u00fckel\u00e7isi Metin Feyzio\u011flu\u2019nu ise 12.30&#8217;da ziyaret edecek.<\/span><\/span><\/span><\/span><\/p>\n<p style=\"text-align:left\">&nbsp;<\/p>\n<p style=\"text-align:left\"><span style=\"font-size:16px\"><span style=\"font-family:Merriweather,serif !important\"><span style=\"color:#000000\"><span style=\"background-color:#ffffff\">-Meclis&#8217;te &#8220;\u00e7ocuk haklar\u0131&#8221; g\u00fcndemli temsili toplant\u0131&nbsp;<\/span><\/span><\/span><\/span><\/p>\n<p style=\"text-align:left\"><span style=\"font-size:16px\"><span style=\"font-family:Merriweather,serif !important\"><span style=\"color:#000000\"><span style=\"background-color:#ffffff\">Ayn\u0131 g\u00fcn, saat 09.45\u2019te her il\u00e7eden b\u00f6lge milletvekili say\u0131s\u0131 kadar toplam 50 \u00f6\u011frenci, Cumhuriyet Meclisi\u2019ni ziyaret edecek ve \u201c\u00e7ocuk haklar\u0131\u201d g\u00fcndemiyle temsili olarak Meclis Genel Kurulu toplanacak.<\/span><\/span><\/span><\/span><\/p>\n<p style=\"text-align:left\">&nbsp;<\/p>\n<p style=\"text-align:left\"><span style=\"font-size:16px\"><span style=\"font-family:Merriweather,serif !important\"><span style=\"color:#000000\"><span style=\"background-color:#ffffff\">-23 Nisan Sal\u0131 g\u00fcnk\u00fc program\u2026<\/span><\/span><\/span><\/span><\/p>\n<p style=\"text-align:left\"><span style=\"font-size:16px\"><span style=\"font-family:Merriweather,serif !important\"><span style=\"color:#000000\"><span style=\"background-color:#ffffff\">Milli E\u011fitim Bakan\u0131 Naz\u0131m \u00c7avu\u015fo\u011flu 23 Nisan Sal\u0131 g\u00fcn\u00fc saat 8.00\u2019de, 23 Nisan Ulusal Egemenlik ve \u00c7ocuk Bayram\u0131\u2019na ili\u015fkin Bayrak Radyo ve Televizyonu\u2019nda (BRT) konu\u015fma yapacak.<\/span><\/span><\/span><\/span><\/p>\n<p style=\"text-align:left\"><span style=\"font-size:16px\"><span style=\"font-family:Merriweather,serif !important\"><span style=\"color:#000000\"><span style=\"background-color:#ffffff\">G\u00fcn nedeniyle saat 10.00\u2019da Lefko\u015fa\u2019da Atat\u00fcrk An\u0131t\u0131 \u00f6n\u00fcnde devlet t\u00f6reni d\u00fczenlenerek An\u0131t\u2019a \u00e7elenk b\u0131rak\u0131lacak.<\/span><\/span><\/span><\/span><\/p>\n<p style=\"text-align:left\"><span style=\"font-size:16px\"><span style=\"font-family:Merriweather,serif !important\"><span style=\"color:#000000\"><span style=\"background-color:#ffffff\">Ayr\u0131ca 23 Nisan Ulusal Egemenlik ve \u00c7ocuk Bayram\u0131 nedeniyle g\u00fcn boyunca okullarda ve il\u00e7elerde \u00e7e\u015fitli etkinlikler d\u00fczenlenecek.<\/span><\/span><\/span><\/span><\/p>\n","protected":false},"excerpt":{"rendered":"<p>Milli E\u011fitim Bakanl\u0131\u011f\u0131&#8217;ndan verilen bilgiye g\u00f6re, etkinlikler \u00e7er\u00e7evesinde 5 il\u00e7edeki okullardan 15 \u00f6\u011frenci, devlet ve h\u00fck\u00fcmet yetkililerini ziyaret edecek. Milli E\u011fitim Bakan\u0131 Naz\u0131m \u00c7avu\u015fo\u011flu, 23 Nisan Sal\u0131 g\u00fcn\u00fc saat 08.00\u2019de Bayrak Radyo ve Televizyonu\u2019nda g\u00fcn\u00fcn anlam ve \u00f6nemine ili\u015fkin konu\u015fma yapacak. T\u00fcm il\u00e7elerde Atat\u00fcrk An\u0131tlar\u0131na \u00e7elenk koyma t\u00f6renleri d\u00fczenlenecek. &nbsp; -23 Nisan Ulusal Egemenlik ve<\/p>\n","protected":false},"author":1,"featured_media":38591,"comment_status":"open","ping_status":"open","sticky":false,"template":"","format":"standard","meta":{"footnotes":""},"categories":[85],"tags":[],"class_list":["post-38590","post","type-post","status-publish","format-standard","has-post-thumbnail","hentry","category-spor"],"yoast_head":"<!-- This site is optimized with the Yoast SEO plugin v27.4 - https:\/\/yoast.com\/product\/yoast-seo-wordpress\/ -->\n<title>23 Nisan Ulusal Egemenlik ve \u00c7ocuk Bayram\u0131 etkinliklerle kutlanacak -<\/title>\n<meta name=\"robots\" content=\"index, follow, max-snippet:-1, max-image-preview:large, max-video-preview:-1\" \/>\n<link rel=\"canonical\" href=\"https:\/\/kibrisdakik.com\/?p=38590\" \/>\n<meta property=\"og:locale\" content=\"tr_TR\" \/>\n<meta property=\"og:type\" content=\"article\" \/>\n<meta property=\"og:title\" content=\"23 Nisan Ulusal Egemenlik ve \u00c7ocuk Bayram\u0131 etkinliklerle kutlanacak -\" \/>\n<meta property=\"og:description\" content=\"Milli E\u011fitim Bakanl\u0131\u011f\u0131&#8217;ndan verilen bilgiye g\u00f6re, etkinlikler \u00e7er\u00e7evesinde 5 il\u00e7edeki okullardan 15 \u00f6\u011frenci, devlet ve h\u00fck\u00fcmet yetkililerini ziyaret edecek. Milli E\u011fitim Bakan\u0131 Naz\u0131m \u00c7avu\u015fo\u011flu, 23 Nisan Sal\u0131 g\u00fcn\u00fc saat 08.00\u2019de Bayrak Radyo ve Televizyonu\u2019nda g\u00fcn\u00fcn anlam ve \u00f6nemine ili\u015fkin konu\u015fma yapacak. T\u00fcm il\u00e7elerde Atat\u00fcrk An\u0131tlar\u0131na \u00e7elenk koyma t\u00f6renleri d\u00fczenlenecek. &nbsp; -23 Nisan Ulusal Egemenlik ve\" \/>\n<meta property=\"og:url\" content=\"https:\/\/kibrisdakik.com\/?p=38590\" \/>\n<meta property=\"article:published_time\" content=\"2024-04-17T02:33:51+00:00\" \/>\n<meta property=\"og:image\" content=\"https:\/\/kibrisdakik.com\/wp-content\/uploads\/2024\/04\/23-nisan-ulusal-egemenlik-ve-cocuk-bayrami-etkinliklerle-kutlanacak-1713268324.webp.webp\" \/>\n\t<meta property=\"og:image:width\" content=\"710\" \/>\n\t<meta property=\"og:image:height\" content=\"370\" \/>\n\t<meta property=\"og:image:type\" content=\"image\/webp\" \/>\n<meta name=\"author\" content=\"admin\" \/>\n<meta name=\"twitter:card\" content=\"summary_large_image\" \/>\n<meta name=\"twitter:label1\" content=\"Yazan:\" \/>\n\t<meta name=\"twitter:data1\" content=\"admin\" \/>\n\t<meta name=\"twitter:label2\" content=\"Tahmini okuma s\u00fcresi\" \/>\n\t<meta name=\"twitter:data2\" content=\"4 dakika\" \/>\n<script type=\"application\/ld+json\" class=\"yoast-schema-graph\">{\"@context\":\"https:\\\/\\\/schema.org\",\"@graph\":[{\"@type\":\"Article\",\"@id\":\"https:\\\/\\\/kibrisdakik.com\\\/?p=38590#article\",\"isPartOf\":{\"@id\":\"https:\\\/\\\/kibrisdakik.com\\\/?p=38590\"},\"author\":{\"name\":\"admin\",\"@id\":\"https:\\\/\\\/kibrisdakik.com\\\/#\\\/schema\\\/person\\\/9cd9d437bbb44f72b73ba127e06d8e79\"},\"headline\":\"23 Nisan Ulusal Egemenlik ve \u00c7ocuk Bayram\u0131 etkinliklerle kutlanacak\",\"datePublished\":\"2024-04-17T02:33:51+00:00\",\"mainEntityOfPage\":{\"@id\":\"https:\\\/\\\/kibrisdakik.com\\\/?p=38590\"},\"wordCount\":746,\"commentCount\":0,\"image\":{\"@id\":\"https:\\\/\\\/kibrisdakik.com\\\/?p=38590#primaryimage\"},\"thumbnailUrl\":\"https:\\\/\\\/kibrisdakik.com\\\/wp-content\\\/uploads\\\/2024\\\/04\\\/23-nisan-ulusal-egemenlik-ve-cocuk-bayrami-etkinliklerle-kutlanacak-1713268324.webp.webp\",\"articleSection\":[\"Spor\"],\"inLanguage\":\"tr\",\"potentialAction\":[{\"@type\":\"CommentAction\",\"name\":\"Comment\",\"target\":[\"https:\\\/\\\/kibrisdakik.com\\\/?p=38590#respond\"]}]},{\"@type\":\"WebPage\",\"@id\":\"https:\\\/\\\/kibrisdakik.com\\\/?p=38590\",\"url\":\"https:\\\/\\\/kibrisdakik.com\\\/?p=38590\",\"name\":\"23 Nisan Ulusal Egemenlik ve \u00c7ocuk Bayram\u0131 etkinliklerle kutlanacak -\",\"isPartOf\":{\"@id\":\"https:\\\/\\\/kibrisdakik.com\\\/#website\"},\"primaryImageOfPage\":{\"@id\":\"https:\\\/\\\/kibrisdakik.com\\\/?p=38590#primaryimage\"},\"image\":{\"@id\":\"https:\\\/\\\/kibrisdakik.com\\\/?p=38590#primaryimage\"},\"thumbnailUrl\":\"https:\\\/\\\/kibrisdakik.com\\\/wp-content\\\/uploads\\\/2024\\\/04\\\/23-nisan-ulusal-egemenlik-ve-cocuk-bayrami-etkinliklerle-kutlanacak-1713268324.webp.webp\",\"datePublished\":\"2024-04-17T02:33:51+00:00\",\"author\":{\"@id\":\"https:\\\/\\\/kibrisdakik.com\\\/#\\\/schema\\\/person\\\/9cd9d437bbb44f72b73ba127e06d8e79\"},\"breadcrumb\":{\"@id\":\"https:\\\/\\\/kibrisdakik.com\\\/?p=38590#breadcrumb\"},\"inLanguage\":\"tr\",\"potentialAction\":[{\"@type\":\"ReadAction\",\"target\":[\"https:\\\/\\\/kibrisdakik.com\\\/?p=38590\"]}]},{\"@type\":\"ImageObject\",\"inLanguage\":\"tr\",\"@id\":\"https:\\\/\\\/kibrisdakik.com\\\/?p=38590#primaryimage\",\"url\":\"https:\\\/\\\/kibrisdakik.com\\\/wp-content\\\/uploads\\\/2024\\\/04\\\/23-nisan-ulusal-egemenlik-ve-cocuk-bayrami-etkinliklerle-kutlanacak-1713268324.webp.webp\",\"contentUrl\":\"https:\\\/\\\/kibrisdakik.com\\\/wp-content\\\/uploads\\\/2024\\\/04\\\/23-nisan-ulusal-egemenlik-ve-cocuk-bayrami-etkinliklerle-kutlanacak-1713268324.webp.webp\",\"width\":710,\"height\":370},{\"@type\":\"BreadcrumbList\",\"@id\":\"https:\\\/\\\/kibrisdakik.com\\\/?p=38590#breadcrumb\",\"itemListElement\":[{\"@type\":\"ListItem\",\"position\":1,\"name\":\"Home\",\"item\":\"https:\\\/\\\/kibrisdakik.com\\\/\"},{\"@type\":\"ListItem\",\"position\":2,\"name\":\"23 Nisan Ulusal Egemenlik ve \u00c7ocuk Bayram\u0131 etkinliklerle kutlanacak\"}]},{\"@type\":\"WebSite\",\"@id\":\"https:\\\/\\\/kibrisdakik.com\\\/#website\",\"url\":\"https:\\\/\\\/kibrisdakik.com\\\/\",\"name\":\"\",\"description\":\"Tam vaktinde haber\",\"potentialAction\":[{\"@type\":\"SearchAction\",\"target\":{\"@type\":\"EntryPoint\",\"urlTemplate\":\"https:\\\/\\\/kibrisdakik.com\\\/?s={search_term_string}\"},\"query-input\":{\"@type\":\"PropertyValueSpecification\",\"valueRequired\":true,\"valueName\":\"search_term_string\"}}],\"inLanguage\":\"tr\"},{\"@type\":\"Person\",\"@id\":\"https:\\\/\\\/kibrisdakik.com\\\/#\\\/schema\\\/person\\\/9cd9d437bbb44f72b73ba127e06d8e79\",\"name\":\"admin\",\"image\":{\"@type\":\"ImageObject\",\"inLanguage\":\"tr\",\"@id\":\"https:\\\/\\\/secure.gravatar.com\\\/avatar\\\/ccc17943b9d660506c869530f897617f7cb1c21a4bf30023f252596d83e1f007?s=96&d=mm&r=g\",\"url\":\"https:\\\/\\\/secure.gravatar.com\\\/avatar\\\/ccc17943b9d660506c869530f897617f7cb1c21a4bf30023f252596d83e1f007?s=96&d=mm&r=g\",\"contentUrl\":\"https:\\\/\\\/secure.gravatar.com\\\/avatar\\\/ccc17943b9d660506c869530f897617f7cb1c21a4bf30023f252596d83e1f007?s=96&d=mm&r=g\",\"caption\":\"admin\"},\"sameAs\":[\"https:\\\/\\\/kibrisdakik.com\"],\"url\":\"https:\\\/\\\/kibrisdakik.com\\\/?author=1\"}]}<\/script>\n<!-- \/ Yoast SEO plugin. -->","yoast_head_json":{"title":"23 Nisan Ulusal Egemenlik ve \u00c7ocuk Bayram\u0131 etkinliklerle kutlanacak -","robots":{"index":"index","follow":"follow","max-snippet":"max-snippet:-1","max-image-preview":"max-image-preview:large","max-video-preview":"max-video-preview:-1"},"canonical":"https:\/\/kibrisdakik.com\/?p=38590","og_locale":"tr_TR","og_type":"article","og_title":"23 Nisan Ulusal Egemenlik ve \u00c7ocuk Bayram\u0131 etkinliklerle kutlanacak -","og_description":"Milli E\u011fitim Bakanl\u0131\u011f\u0131&#8217;ndan verilen bilgiye g\u00f6re, etkinlikler \u00e7er\u00e7evesinde 5 il\u00e7edeki okullardan 15 \u00f6\u011frenci, devlet ve h\u00fck\u00fcmet yetkililerini ziyaret edecek. Milli E\u011fitim Bakan\u0131 Naz\u0131m \u00c7avu\u015fo\u011flu, 23 Nisan Sal\u0131 g\u00fcn\u00fc saat 08.00\u2019de Bayrak Radyo ve Televizyonu\u2019nda g\u00fcn\u00fcn anlam ve \u00f6nemine ili\u015fkin konu\u015fma yapacak. T\u00fcm il\u00e7elerde Atat\u00fcrk An\u0131tlar\u0131na \u00e7elenk koyma t\u00f6renleri d\u00fczenlenecek. &nbsp; -23 Nisan Ulusal Egemenlik ve","og_url":"https:\/\/kibrisdakik.com\/?p=38590","article_published_time":"2024-04-17T02:33:51+00:00","og_image":[{"width":710,"height":370,"url":"https:\/\/kibrisdakik.com\/wp-content\/uploads\/2024\/04\/23-nisan-ulusal-egemenlik-ve-cocuk-bayrami-etkinliklerle-kutlanacak-1713268324.webp.webp","type":"image\/webp"}],"author":"admin","twitter_card":"summary_large_image","twitter_misc":{"Yazan:":"admin","Tahmini okuma s\u00fcresi":"4 dakika"},"schema":{"@context":"https:\/\/schema.org","@graph":[{"@type":"Article","@id":"https:\/\/kibrisdakik.com\/?p=38590#article","isPartOf":{"@id":"https:\/\/kibrisdakik.com\/?p=38590"},"author":{"name":"admin","@id":"https:\/\/kibrisdakik.com\/#\/schema\/person\/9cd9d437bbb44f72b73ba127e06d8e79"},"headline":"23 Nisan Ulusal Egemenlik ve \u00c7ocuk Bayram\u0131 etkinliklerle kutlanacak","datePublished":"2024-04-17T02:33:51+00:00","mainEntityOfPage":{"@id":"https:\/\/kibrisdakik.com\/?p=38590"},"wordCount":746,"commentCount":0,"image":{"@id":"https:\/\/kibrisdakik.com\/?p=38590#primaryimage"},"thumbnailUrl":"https:\/\/kibrisdakik.com\/wp-content\/uploads\/2024\/04\/23-nisan-ulusal-egemenlik-ve-cocuk-bayrami-etkinliklerle-kutlanacak-1713268324.webp.webp","articleSection":["Spor"],"inLanguage":"tr","potentialAction":[{"@type":"CommentAction","name":"Comment","target":["https:\/\/kibrisdakik.com\/?p=38590#respond"]}]},{"@type":"WebPage","@id":"https:\/\/kibrisdakik.com\/?p=38590","url":"https:\/\/kibrisdakik.com\/?p=38590","name":"23 Nisan Ulusal Egemenlik ve \u00c7ocuk Bayram\u0131 etkinliklerle kutlanacak -","isPartOf":{"@id":"https:\/\/kibrisdakik.com\/#website"},"primaryImageOfPage":{"@id":"https:\/\/kibrisdakik.com\/?p=38590#primaryimage"},"image":{"@id":"https:\/\/kibrisdakik.com\/?p=38590#primaryimage"},"thumbnailUrl":"https:\/\/kibrisdakik.com\/wp-content\/uploads\/2024\/04\/23-nisan-ulusal-egemenlik-ve-cocuk-bayrami-etkinliklerle-kutlanacak-1713268324.webp.webp","datePublished":"2024-04-17T02:33:51+00:00","author":{"@id":"https:\/\/kibrisdakik.com\/#\/schema\/person\/9cd9d437bbb44f72b73ba127e06d8e79"},"breadcrumb":{"@id":"https:\/\/kibrisdakik.com\/?p=38590#breadcrumb"},"inLanguage":"tr","potentialAction":[{"@type":"ReadAction","target":["https:\/\/kibrisdakik.com\/?p=38590"]}]},{"@type":"ImageObject","inLanguage":"tr","@id":"https:\/\/kibrisdakik.com\/?p=38590#primaryimage","url":"https:\/\/kibrisdakik.com\/wp-content\/uploads\/2024\/04\/23-nisan-ulusal-egemenlik-ve-cocuk-bayrami-etkinliklerle-kutlanacak-1713268324.webp.webp","contentUrl":"https:\/\/kibrisdakik.com\/wp-content\/uploads\/2024\/04\/23-nisan-ulusal-egemenlik-ve-cocuk-bayrami-etkinliklerle-kutlanacak-1713268324.webp.webp","width":710,"height":370},{"@type":"BreadcrumbList","@id":"https:\/\/kibrisdakik.com\/?p=38590#breadcrumb","itemListElement":[{"@type":"ListItem","position":1,"name":"Home","item":"https:\/\/kibrisdakik.com\/"},{"@type":"ListItem","position":2,"name":"23 Nisan Ulusal Egemenlik ve \u00c7ocuk Bayram\u0131 etkinliklerle kutlanacak"}]},{"@type":"WebSite","@id":"https:\/\/kibrisdakik.com\/#website","url":"https:\/\/kibrisdakik.com\/","name":"","description":"Tam vaktinde haber","potentialAction":[{"@type":"SearchAction","target":{"@type":"EntryPoint","urlTemplate":"https:\/\/kibrisdakik.com\/?s={search_term_string}"},"query-input":{"@type":"PropertyValueSpecification","valueRequired":true,"valueName":"search_term_string"}}],"inLanguage":"tr"},{"@type":"Person","@id":"https:\/\/kibrisdakik.com\/#\/schema\/person\/9cd9d437bbb44f72b73ba127e06d8e79","name":"admin","image":{"@type":"ImageObject","inLanguage":"tr","@id":"https:\/\/secure.gravatar.com\/avatar\/ccc17943b9d660506c869530f897617f7cb1c21a4bf30023f252596d83e1f007?s=96&d=mm&r=g","url":"https:\/\/secure.gravatar.com\/avatar\/ccc17943b9d660506c869530f897617f7cb1c21a4bf30023f252596d83e1f007?s=96&d=mm&r=g","contentUrl":"https:\/\/secure.gravatar.com\/avatar\/ccc17943b9d660506c869530f897617f7cb1c21a4bf30023f252596d83e1f007?s=96&d=mm&r=g","caption":"admin"},"sameAs":["https:\/\/kibrisdakik.com"],"url":"https:\/\/kibrisdakik.com\/?author=1"}]}},"_links":{"self":[{"href":"https:\/\/kibrisdakik.com\/index.php?rest_route=\/wp\/v2\/posts\/38590","targetHints":{"allow":["GET"]}}],"collection":[{"href":"https:\/\/kibrisdakik.com\/index.php?rest_route=\/wp\/v2\/posts"}],"about":[{"href":"https:\/\/kibrisdakik.com\/index.php?rest_route=\/wp\/v2\/types\/post"}],"author":[{"embeddable":true,"href":"https:\/\/kibrisdakik.com\/index.php?rest_route=\/wp\/v2\/users\/1"}],"replies":[{"embeddable":true,"href":"https:\/\/kibrisdakik.com\/index.php?rest_route=%2Fwp%2Fv2%2Fcomments&post=38590"}],"version-history":[{"count":0,"href":"https:\/\/kibrisdakik.com\/index.php?rest_route=\/wp\/v2\/posts\/38590\/revisions"}],"wp:featuredmedia":[{"embeddable":true,"href":"https:\/\/kibrisdakik.com\/index.php?rest_route=\/wp\/v2\/media\/38591"}],"wp:attachment":[{"href":"https:\/\/kibrisdakik.com\/index.php?rest_route=%2Fwp%2Fv2%2Fmedia&parent=38590"}],"wp:term":[{"taxonomy":"category","embeddable":true,"href":"https:\/\/kibrisdakik.com\/index.php?rest_route=%2Fwp%2Fv2%2Fcategories&post=38590"},{"taxonomy":"post_tag","embeddable":true,"href":"https:\/\/kibrisdakik.com\/index.php?rest_route=%2Fwp%2Fv2%2Ftags&post=38590"}],"curies":[{"name":"wp","href":"https:\/\/api.w.org\/{rel}","templated":true}]}}