{"id":38631,"date":"2024-04-17T10:01:43","date_gmt":"2024-04-17T10:01:43","guid":{"rendered":"https:\/\/kibrisdakik.com\/index.php\/2024\/04\/17\/kav-cengo-v-vakfi-is-birligindeki-21-orkide-yuruyusu-28-nisanda-yapilacak\/"},"modified":"2024-04-17T10:01:43","modified_gmt":"2024-04-17T10:01:43","slug":"kav-cengo-v-vakfi-is-birligindeki-21-orkide-yuruyusu-28-nisanda-yapilacak","status":"publish","type":"post","link":"https:\/\/kibrisdakik.com\/?p=38631","title":{"rendered":"KAV, CENGO-V Vakf\u0131 i\u015f birli\u011findeki \u201c21.Orkide Y\u00fcr\u00fcy\u00fc\u015f\u00fc\u2019  28 Nisan\u2019da yap\u0131lacak"},"content":{"rendered":"<p><\/p>\n<div>\n<div class=\"mariselle-image-container center\">\n                <img loading=\"lazy\" decoding=\"async\" width=\"1920\" height=\"1079\" class=\"lazy-image\" alt=\"\" sizes=\"auto, (max-width: 1920px) 100vw, 1920px\" src=\"https:\/\/brtk.net\/wp-content\/uploads\/2024\/04\/17\/InShot_20240417_124121614.jpg?ver=74cd0885b99a1b5024b0b2bbbdf0433a\" srcset=\"https:\/\/brtk.net\/wp-content\/uploads\/2024\/04\/17\/InShot_20240417_124121614.jpg?ver=74cd0885b99a1b5024b0b2bbbdf0433a 1920w, https:\/\/brtk.net\/wp-content\/uploads\/2024\/04\/17\/InShot_20240417_124121614-300x169.jpg?ver=409cf896fe55f5a35671f842e4c5f55a 300w, https:\/\/brtk.net\/wp-content\/uploads\/2024\/04\/17\/InShot_20240417_124121614-1024x575.jpg?ver=2e60b4d6c8cfb0a2780a3b15c5be6fa6 1024w, https:\/\/brtk.net\/wp-content\/uploads\/2024\/04\/17\/InShot_20240417_124121614-768x432.jpg?ver=2e60b4d6c8cfb0a2780a3b15c5be6fa6 768w, https:\/\/brtk.net\/wp-content\/uploads\/2024\/04\/17\/InShot_20240417_124121614-1536x863.jpg?ver=8fcafe359b7618cfd4a40554825c03f5 1536w\"\/>                            <\/div>\n<p>Kanser Ara\u015ft\u0131rma Vakf\u0131\u2019n\u0131n. (KAV), geleneksel etkinli\u011fi olan \u201921.Orkide  Y\u00fcr\u00fcy\u00fc\u015f\u00fc\u2019 28 Nisan Pazar g\u00fcn\u00fc Dilekkaya Orman\u0131\u2019nda ger\u00e7ekle\u015fiyor\u2026<\/p>\n<p>Kanser Ara\u015ft\u0131rma Vakfi Ba\u015fkan\u0131 profes\u00f6r Doktor Mustafa Camg\u00f6z ve CENGO V Vakf\u0131 Ba\u015fkan\u0131 \u00d6zge \u00d6zbeko\u011flu, y\u00fcr\u00fcy\u00fc\u015f ve iki vakfin y\u00fcr\u00fctt\u00fc\u011f\u00fc ortak \u00e7al\u0131\u015fmalar hakk\u0131nda <a href=\"https:\/\/brtk.net\/\">BRT<\/a>\u2018ye bilgi verdi.<\/p>\n<p>Kanser Ara\u015ft\u0131rma Vakf\u0131\u2019n\u0131n,S\u00fcleyman Cengiz Emino\u011flu- CENGO-V Vakf\u0131 i\u015fbirli\u011fi ger\u00e7ekle\u015ftirece\u011fi 21. Orkide Y\u00fcr\u00fcy\u00fc\u015f\u00fc, 28 Nisan Pazar g\u00fcn\u00fc Dilekkaya Orman\u0131\u2019ndaki y\u00fcr\u00fcy\u00fc\u015f parkurunda yap\u0131lacak. <\/p>\n<p>Kanser Ara\u015ft\u0131rma Vakf\u0131 ,CENGO-V Vakf\u0131 i\u015fbirli\u011finde, Telsim  Ana Sponsorlu\u011funda ger\u00e7ekle\u015fecek etkinlikten elde edilecek gelir, her y\u0131l oldu\u011fu gibi bu y\u0131l da, vakf\u0131n kanser ara\u015ft\u0131rmalar\u0131nda kullan\u0131lacak.<\/p>\n<p> Kanser Ara\u015ft\u0131rma Vakf\u0131 Ba\u015fkan\u0131 Mustafa Camg\u00f6z,21\u2019inci y\u0131l\u0131na ula\u015fan Orkide Y\u00fcr\u00fcy\u00fc\u015f\u2019\u00fcn\u00fcn, kanseri anlamak, bilin\u00e7 ve fark\u0131ndal\u0131k olu\u015fturmak  ve kanseri yenecek bilimsel \u00e7al\u0131\u015fmalar\u0131 hayata ge\u00e7irmek amac\u0131yla d\u00fczenlendi\u011fini vurgulad\u0131.<\/p>\n<p>Kanser Ara\u015ft\u0131rma Vakf\u0131\u2019n\u0131n , Kuzey K\u0131br\u0131s\u2019\u0131n kanser \u00fczerine ara\u015ft\u0131rma yapan tek vak\u0131f oldu\u011funu belirten Camg\u00f6z , ama\u00e7lar\u0131n\u0131n modern  \u00e7a\u011f\u0131n ka\u00e7\u0131n\u0131lmaz k\u00fcresel bir  sorunu olan kanser hastal\u0131\u011f\u0131yla m\u00fccadele sa\u011flayacak bilimsel \u00e7al\u0131\u015fmalara katk\u0131 bulmak oldu\u011funu  ifade etti.<\/p>\n<p>Cengo V Vakf\u0131 ile , 3 y\u0131ld\u0131r, \u00e7ok ciddi bir i\u015fbirli\u011fi y\u00fcr\u00fctt\u00fcklerini ifade eden Camg\u00f6z,  Vakf\u0131 i\u015fbirli\u011fiyle hayat bulan  \u00e7al\u0131\u015fmalarla, \u00e7ocukluk \u00e7a\u011f\u0131 kanserleri aras\u0131nda yer alan  n\u00fcroblastomayla kar\u015f\u0131 yeni bir ila\u00e7 geli\u015ftirildi\u011fini an\u0131msatt\u0131.<\/p>\n<p>Camg\u00f6z,<a href=\"https:\/\/brtk.net\/\">KKTC<\/a>\u2019de kansere y\u00f6nelik toprak su analizleri gibi \u00e7evresel fakt\u00f6rler konusunda ara\u015ft\u0131rmalar yap\u0131l\u0131rken, di\u011fer yandan Imperial College b\u00fcnyesinde s\u00fcrd\u00fcr\u00fclen laboratuvar \u00e7al\u0131\u015fmalar\u0131yla,  ila\u00e7 \u00fcretmek i\u00e7in \u00e7al\u0131\u015fmalar\u0131n devam etti\u011fini anlatt\u0131.<\/p>\n<p>Imperial College ile yapt\u0131klar\u0131 ortak \u00e7al\u0131\u015fmalar\u0131n \u0131\u015f\u0131\u011f\u0131nda geli\u015ftirdikleri kanser ilac\u0131n\u0131n kliniksel denemeye haz\u0131rland\u0131\u011f\u0131n\u0131n vurgulayan Camg\u00f6z,  KAV b\u00fcnyesinde yeti\u015ftirdikleri bursiyerler ve \u00e7al\u0131\u015fmalar\u0131 hakk\u0131nda bilgi vererek, hedeflerinin 2 yeni burs daha vermek oldu\u011funu vurgulad\u0131.<\/p>\n<p> S\u00fcleyman Cengiz Emino\u011flu Vakf\u0131  Ba\u015fkan\u0131 \u00d6zge \u00d6zbeko\u011flu  da , Vakf\u0131n, S\u00fcleyman Cengiz Emino\u011flu\u2019nun \u00e7ocukluk \u00e7a\u011f\u0131 kanseri olan  n\u00f6roblostama\u2019dan ya\u015fam\u0131n\u0131 yitirmesinin ard\u0131ndan 2020 y\u0131l\u0131nda , \u00e7ocuklar ve gen\u00e7lere  sosyal, sportif  ve e\u011fitimsel alanlarda katk\u0131  sa\u011flayacak projeleri hayata ge\u00e7irmek amac\u0131yla  kuruldu\u011funu  s\u00f6yledi.<\/p>\n<p>\u00d6zbeko\u011flu, vak\u0131fla ortak \u00e7al\u0131\u015fma y\u00fcr\u00fctmek i\u00e7in 4 y\u0131ll\u0131k bir i\u015fbirli\u011fi  protokol\u00fc imzalad\u0131klar\u0131n\u0131  ifade etti.<br \/>\u00d6zbeko\u011flu,  Vakf\u0131 olarak , bir yandan  KAV\u2019\u0131n \u00e7al\u0131\u015fmalar\u0131na kakt\u0131 sa\u011flarken di\u011fer yandan da kanserle  m\u00fccadelede destekleyici  bitkisel tedaviler konusunda \u00e7al\u0131\u015fma yapt\u0131klar\u0131n\u0131 anlatt\u0131.<\/p>\n<\/p><\/div>\n<p><script async\n                    defer\n                    crossorigin=\"anonymous\"\n                    src=\"https:\/\/connect.facebook.net\/tr_TR\/sdk.js#xfbml=1&#038;version=v3.3\"\n            ><\/script><\/p>\n","protected":false},"excerpt":{"rendered":"<p>Kanser Ara\u015ft\u0131rma Vakf\u0131\u2019n\u0131n. (KAV), geleneksel etkinli\u011fi olan \u201921.Orkide Y\u00fcr\u00fcy\u00fc\u015f\u00fc\u2019 28 Nisan Pazar g\u00fcn\u00fc Dilekkaya Orman\u0131\u2019nda ger\u00e7ekle\u015fiyor\u2026 Kanser Ara\u015ft\u0131rma Vakfi Ba\u015fkan\u0131 profes\u00f6r Doktor Mustafa Camg\u00f6z ve CENGO V Vakf\u0131 Ba\u015fkan\u0131 \u00d6zge \u00d6zbeko\u011flu, y\u00fcr\u00fcy\u00fc\u015f ve iki vakfin y\u00fcr\u00fctt\u00fc\u011f\u00fc ortak \u00e7al\u0131\u015fmalar hakk\u0131nda BRT\u2018ye bilgi verdi. Kanser Ara\u015ft\u0131rma Vakf\u0131\u2019n\u0131n,S\u00fcleyman Cengiz Emino\u011flu- CENGO-V Vakf\u0131 i\u015fbirli\u011fi ger\u00e7ekle\u015ftirece\u011fi 21. Orkide Y\u00fcr\u00fcy\u00fc\u015f\u00fc, 28<\/p>\n","protected":false},"author":1,"featured_media":38632,"comment_status":"open","ping_status":"open","sticky":false,"template":"","format":"standard","meta":{"footnotes":""},"categories":[1],"tags":[],"class_list":["post-38631","post","type-post","status-publish","format-standard","has-post-thumbnail","hentry","category-gundem"],"yoast_head":"<!-- This site is optimized with the Yoast SEO plugin v27.5 - https:\/\/yoast.com\/product\/yoast-seo-wordpress\/ -->\n<title>KAV, CENGO-V Vakf\u0131 i\u015f birli\u011findeki \u201c21.Orkide Y\u00fcr\u00fcy\u00fc\u015f\u00fc\u2019 28 Nisan\u2019da yap\u0131lacak -<\/title>\n<meta name=\"robots\" content=\"index, follow, max-snippet:-1, max-image-preview:large, max-video-preview:-1\" \/>\n<link rel=\"canonical\" href=\"https:\/\/kibrisdakik.com\/?p=38631\" \/>\n<meta property=\"og:locale\" content=\"tr_TR\" \/>\n<meta property=\"og:type\" content=\"article\" \/>\n<meta property=\"og:title\" content=\"KAV, CENGO-V Vakf\u0131 i\u015f birli\u011findeki \u201c21.Orkide Y\u00fcr\u00fcy\u00fc\u015f\u00fc\u2019 28 Nisan\u2019da yap\u0131lacak -\" \/>\n<meta property=\"og:description\" content=\"Kanser Ara\u015ft\u0131rma Vakf\u0131\u2019n\u0131n. (KAV), geleneksel etkinli\u011fi olan \u201921.Orkide Y\u00fcr\u00fcy\u00fc\u015f\u00fc\u2019 28 Nisan Pazar g\u00fcn\u00fc Dilekkaya Orman\u0131\u2019nda ger\u00e7ekle\u015fiyor\u2026 Kanser Ara\u015ft\u0131rma Vakfi Ba\u015fkan\u0131 profes\u00f6r Doktor Mustafa Camg\u00f6z ve CENGO V Vakf\u0131 Ba\u015fkan\u0131 \u00d6zge \u00d6zbeko\u011flu, y\u00fcr\u00fcy\u00fc\u015f ve iki vakfin y\u00fcr\u00fctt\u00fc\u011f\u00fc ortak \u00e7al\u0131\u015fmalar hakk\u0131nda BRT\u2018ye bilgi verdi. Kanser Ara\u015ft\u0131rma Vakf\u0131\u2019n\u0131n,S\u00fcleyman Cengiz Emino\u011flu- CENGO-V Vakf\u0131 i\u015fbirli\u011fi ger\u00e7ekle\u015ftirece\u011fi 21. Orkide Y\u00fcr\u00fcy\u00fc\u015f\u00fc, 28\" \/>\n<meta property=\"og:url\" content=\"https:\/\/kibrisdakik.com\/?p=38631\" \/>\n<meta property=\"article:published_time\" content=\"2024-04-17T10:01:43+00:00\" \/>\n<meta property=\"og:image\" content=\"https:\/\/kibrisdakik.com\/wp-content\/uploads\/2024\/04\/InShot_20240417_124121614.jpg\" \/>\n\t<meta property=\"og:image:width\" content=\"1\" \/>\n\t<meta property=\"og:image:height\" content=\"1\" \/>\n\t<meta property=\"og:image:type\" content=\"image\/jpeg\" \/>\n<meta name=\"author\" content=\"admin\" \/>\n<meta name=\"twitter:card\" content=\"summary_large_image\" \/>\n<meta name=\"twitter:label1\" content=\"Yazan:\" \/>\n\t<meta name=\"twitter:data1\" content=\"admin\" \/>\n\t<meta name=\"twitter:label2\" content=\"Tahmini okuma s\u00fcresi\" \/>\n\t<meta name=\"twitter:data2\" content=\"3 dakika\" \/>\n<script type=\"application\/ld+json\" class=\"yoast-schema-graph\">{\"@context\":\"https:\\\/\\\/schema.org\",\"@graph\":[{\"@type\":\"Article\",\"@id\":\"https:\\\/\\\/kibrisdakik.com\\\/?p=38631#article\",\"isPartOf\":{\"@id\":\"https:\\\/\\\/kibrisdakik.com\\\/?p=38631\"},\"author\":{\"name\":\"admin\",\"@id\":\"https:\\\/\\\/kibrisdakik.com\\\/#\\\/schema\\\/person\\\/9cd9d437bbb44f72b73ba127e06d8e79\"},\"headline\":\"KAV, CENGO-V Vakf\u0131 i\u015f birli\u011findeki \u201c21.Orkide Y\u00fcr\u00fcy\u00fc\u015f\u00fc\u2019 28 Nisan\u2019da yap\u0131lacak\",\"datePublished\":\"2024-04-17T10:01:43+00:00\",\"mainEntityOfPage\":{\"@id\":\"https:\\\/\\\/kibrisdakik.com\\\/?p=38631\"},\"wordCount\":516,\"commentCount\":0,\"image\":{\"@id\":\"https:\\\/\\\/kibrisdakik.com\\\/?p=38631#primaryimage\"},\"thumbnailUrl\":\"https:\\\/\\\/kibrisdakik.com\\\/wp-content\\\/uploads\\\/2024\\\/04\\\/InShot_20240417_124121614.jpg\",\"articleSection\":[\"G\u00fcndem\"],\"inLanguage\":\"tr\",\"potentialAction\":[{\"@type\":\"CommentAction\",\"name\":\"Comment\",\"target\":[\"https:\\\/\\\/kibrisdakik.com\\\/?p=38631#respond\"]}]},{\"@type\":\"WebPage\",\"@id\":\"https:\\\/\\\/kibrisdakik.com\\\/?p=38631\",\"url\":\"https:\\\/\\\/kibrisdakik.com\\\/?p=38631\",\"name\":\"KAV, CENGO-V Vakf\u0131 i\u015f birli\u011findeki \u201c21.Orkide Y\u00fcr\u00fcy\u00fc\u015f\u00fc\u2019 28 Nisan\u2019da yap\u0131lacak -\",\"isPartOf\":{\"@id\":\"https:\\\/\\\/kibrisdakik.com\\\/#website\"},\"primaryImageOfPage\":{\"@id\":\"https:\\\/\\\/kibrisdakik.com\\\/?p=38631#primaryimage\"},\"image\":{\"@id\":\"https:\\\/\\\/kibrisdakik.com\\\/?p=38631#primaryimage\"},\"thumbnailUrl\":\"https:\\\/\\\/kibrisdakik.com\\\/wp-content\\\/uploads\\\/2024\\\/04\\\/InShot_20240417_124121614.jpg\",\"datePublished\":\"2024-04-17T10:01:43+00:00\",\"author\":{\"@id\":\"https:\\\/\\\/kibrisdakik.com\\\/#\\\/schema\\\/person\\\/9cd9d437bbb44f72b73ba127e06d8e79\"},\"breadcrumb\":{\"@id\":\"https:\\\/\\\/kibrisdakik.com\\\/?p=38631#breadcrumb\"},\"inLanguage\":\"tr\",\"potentialAction\":[{\"@type\":\"ReadAction\",\"target\":[\"https:\\\/\\\/kibrisdakik.com\\\/?p=38631\"]}]},{\"@type\":\"ImageObject\",\"inLanguage\":\"tr\",\"@id\":\"https:\\\/\\\/kibrisdakik.com\\\/?p=38631#primaryimage\",\"url\":\"https:\\\/\\\/kibrisdakik.com\\\/wp-content\\\/uploads\\\/2024\\\/04\\\/InShot_20240417_124121614.jpg\",\"contentUrl\":\"https:\\\/\\\/kibrisdakik.com\\\/wp-content\\\/uploads\\\/2024\\\/04\\\/InShot_20240417_124121614.jpg\"},{\"@type\":\"BreadcrumbList\",\"@id\":\"https:\\\/\\\/kibrisdakik.com\\\/?p=38631#breadcrumb\",\"itemListElement\":[{\"@type\":\"ListItem\",\"position\":1,\"name\":\"Home\",\"item\":\"https:\\\/\\\/kibrisdakik.com\\\/\"},{\"@type\":\"ListItem\",\"position\":2,\"name\":\"KAV, CENGO-V Vakf\u0131 i\u015f birli\u011findeki \u201c21.Orkide Y\u00fcr\u00fcy\u00fc\u015f\u00fc\u2019 28 Nisan\u2019da yap\u0131lacak\"}]},{\"@type\":\"WebSite\",\"@id\":\"https:\\\/\\\/kibrisdakik.com\\\/#website\",\"url\":\"https:\\\/\\\/kibrisdakik.com\\\/\",\"name\":\"\",\"description\":\"Tam vaktinde haber\",\"potentialAction\":[{\"@type\":\"SearchAction\",\"target\":{\"@type\":\"EntryPoint\",\"urlTemplate\":\"https:\\\/\\\/kibrisdakik.com\\\/?s={search_term_string}\"},\"query-input\":{\"@type\":\"PropertyValueSpecification\",\"valueRequired\":true,\"valueName\":\"search_term_string\"}}],\"inLanguage\":\"tr\"},{\"@type\":\"Person\",\"@id\":\"https:\\\/\\\/kibrisdakik.com\\\/#\\\/schema\\\/person\\\/9cd9d437bbb44f72b73ba127e06d8e79\",\"name\":\"admin\",\"image\":{\"@type\":\"ImageObject\",\"inLanguage\":\"tr\",\"@id\":\"https:\\\/\\\/secure.gravatar.com\\\/avatar\\\/ccc17943b9d660506c869530f897617f7cb1c21a4bf30023f252596d83e1f007?s=96&d=mm&r=g\",\"url\":\"https:\\\/\\\/secure.gravatar.com\\\/avatar\\\/ccc17943b9d660506c869530f897617f7cb1c21a4bf30023f252596d83e1f007?s=96&d=mm&r=g\",\"contentUrl\":\"https:\\\/\\\/secure.gravatar.com\\\/avatar\\\/ccc17943b9d660506c869530f897617f7cb1c21a4bf30023f252596d83e1f007?s=96&d=mm&r=g\",\"caption\":\"admin\"},\"sameAs\":[\"https:\\\/\\\/kibrisdakik.com\"],\"url\":\"https:\\\/\\\/kibrisdakik.com\\\/?author=1\"}]}<\/script>\n<!-- \/ Yoast SEO plugin. -->","yoast_head_json":{"title":"KAV, CENGO-V Vakf\u0131 i\u015f birli\u011findeki \u201c21.Orkide Y\u00fcr\u00fcy\u00fc\u015f\u00fc\u2019 28 Nisan\u2019da yap\u0131lacak -","robots":{"index":"index","follow":"follow","max-snippet":"max-snippet:-1","max-image-preview":"max-image-preview:large","max-video-preview":"max-video-preview:-1"},"canonical":"https:\/\/kibrisdakik.com\/?p=38631","og_locale":"tr_TR","og_type":"article","og_title":"KAV, CENGO-V Vakf\u0131 i\u015f birli\u011findeki \u201c21.Orkide Y\u00fcr\u00fcy\u00fc\u015f\u00fc\u2019 28 Nisan\u2019da yap\u0131lacak -","og_description":"Kanser Ara\u015ft\u0131rma Vakf\u0131\u2019n\u0131n. (KAV), geleneksel etkinli\u011fi olan \u201921.Orkide Y\u00fcr\u00fcy\u00fc\u015f\u00fc\u2019 28 Nisan Pazar g\u00fcn\u00fc Dilekkaya Orman\u0131\u2019nda ger\u00e7ekle\u015fiyor\u2026 Kanser Ara\u015ft\u0131rma Vakfi Ba\u015fkan\u0131 profes\u00f6r Doktor Mustafa Camg\u00f6z ve CENGO V Vakf\u0131 Ba\u015fkan\u0131 \u00d6zge \u00d6zbeko\u011flu, y\u00fcr\u00fcy\u00fc\u015f ve iki vakfin y\u00fcr\u00fctt\u00fc\u011f\u00fc ortak \u00e7al\u0131\u015fmalar hakk\u0131nda BRT\u2018ye bilgi verdi. Kanser Ara\u015ft\u0131rma Vakf\u0131\u2019n\u0131n,S\u00fcleyman Cengiz Emino\u011flu- CENGO-V Vakf\u0131 i\u015fbirli\u011fi ger\u00e7ekle\u015ftirece\u011fi 21. Orkide Y\u00fcr\u00fcy\u00fc\u015f\u00fc, 28","og_url":"https:\/\/kibrisdakik.com\/?p=38631","article_published_time":"2024-04-17T10:01:43+00:00","og_image":[{"url":"https:\/\/kibrisdakik.com\/wp-content\/uploads\/2024\/04\/InShot_20240417_124121614.jpg","width":1,"height":1,"type":"image\/jpeg"}],"author":"admin","twitter_card":"summary_large_image","twitter_misc":{"Yazan:":"admin","Tahmini okuma s\u00fcresi":"3 dakika"},"schema":{"@context":"https:\/\/schema.org","@graph":[{"@type":"Article","@id":"https:\/\/kibrisdakik.com\/?p=38631#article","isPartOf":{"@id":"https:\/\/kibrisdakik.com\/?p=38631"},"author":{"name":"admin","@id":"https:\/\/kibrisdakik.com\/#\/schema\/person\/9cd9d437bbb44f72b73ba127e06d8e79"},"headline":"KAV, CENGO-V Vakf\u0131 i\u015f birli\u011findeki \u201c21.Orkide Y\u00fcr\u00fcy\u00fc\u015f\u00fc\u2019 28 Nisan\u2019da yap\u0131lacak","datePublished":"2024-04-17T10:01:43+00:00","mainEntityOfPage":{"@id":"https:\/\/kibrisdakik.com\/?p=38631"},"wordCount":516,"commentCount":0,"image":{"@id":"https:\/\/kibrisdakik.com\/?p=38631#primaryimage"},"thumbnailUrl":"https:\/\/kibrisdakik.com\/wp-content\/uploads\/2024\/04\/InShot_20240417_124121614.jpg","articleSection":["G\u00fcndem"],"inLanguage":"tr","potentialAction":[{"@type":"CommentAction","name":"Comment","target":["https:\/\/kibrisdakik.com\/?p=38631#respond"]}]},{"@type":"WebPage","@id":"https:\/\/kibrisdakik.com\/?p=38631","url":"https:\/\/kibrisdakik.com\/?p=38631","name":"KAV, CENGO-V Vakf\u0131 i\u015f birli\u011findeki \u201c21.Orkide Y\u00fcr\u00fcy\u00fc\u015f\u00fc\u2019 28 Nisan\u2019da yap\u0131lacak -","isPartOf":{"@id":"https:\/\/kibrisdakik.com\/#website"},"primaryImageOfPage":{"@id":"https:\/\/kibrisdakik.com\/?p=38631#primaryimage"},"image":{"@id":"https:\/\/kibrisdakik.com\/?p=38631#primaryimage"},"thumbnailUrl":"https:\/\/kibrisdakik.com\/wp-content\/uploads\/2024\/04\/InShot_20240417_124121614.jpg","datePublished":"2024-04-17T10:01:43+00:00","author":{"@id":"https:\/\/kibrisdakik.com\/#\/schema\/person\/9cd9d437bbb44f72b73ba127e06d8e79"},"breadcrumb":{"@id":"https:\/\/kibrisdakik.com\/?p=38631#breadcrumb"},"inLanguage":"tr","potentialAction":[{"@type":"ReadAction","target":["https:\/\/kibrisdakik.com\/?p=38631"]}]},{"@type":"ImageObject","inLanguage":"tr","@id":"https:\/\/kibrisdakik.com\/?p=38631#primaryimage","url":"https:\/\/kibrisdakik.com\/wp-content\/uploads\/2024\/04\/InShot_20240417_124121614.jpg","contentUrl":"https:\/\/kibrisdakik.com\/wp-content\/uploads\/2024\/04\/InShot_20240417_124121614.jpg"},{"@type":"BreadcrumbList","@id":"https:\/\/kibrisdakik.com\/?p=38631#breadcrumb","itemListElement":[{"@type":"ListItem","position":1,"name":"Home","item":"https:\/\/kibrisdakik.com\/"},{"@type":"ListItem","position":2,"name":"KAV, CENGO-V Vakf\u0131 i\u015f birli\u011findeki \u201c21.Orkide Y\u00fcr\u00fcy\u00fc\u015f\u00fc\u2019 28 Nisan\u2019da yap\u0131lacak"}]},{"@type":"WebSite","@id":"https:\/\/kibrisdakik.com\/#website","url":"https:\/\/kibrisdakik.com\/","name":"","description":"Tam vaktinde haber","potentialAction":[{"@type":"SearchAction","target":{"@type":"EntryPoint","urlTemplate":"https:\/\/kibrisdakik.com\/?s={search_term_string}"},"query-input":{"@type":"PropertyValueSpecification","valueRequired":true,"valueName":"search_term_string"}}],"inLanguage":"tr"},{"@type":"Person","@id":"https:\/\/kibrisdakik.com\/#\/schema\/person\/9cd9d437bbb44f72b73ba127e06d8e79","name":"admin","image":{"@type":"ImageObject","inLanguage":"tr","@id":"https:\/\/secure.gravatar.com\/avatar\/ccc17943b9d660506c869530f897617f7cb1c21a4bf30023f252596d83e1f007?s=96&d=mm&r=g","url":"https:\/\/secure.gravatar.com\/avatar\/ccc17943b9d660506c869530f897617f7cb1c21a4bf30023f252596d83e1f007?s=96&d=mm&r=g","contentUrl":"https:\/\/secure.gravatar.com\/avatar\/ccc17943b9d660506c869530f897617f7cb1c21a4bf30023f252596d83e1f007?s=96&d=mm&r=g","caption":"admin"},"sameAs":["https:\/\/kibrisdakik.com"],"url":"https:\/\/kibrisdakik.com\/?author=1"}]}},"_links":{"self":[{"href":"https:\/\/kibrisdakik.com\/index.php?rest_route=\/wp\/v2\/posts\/38631","targetHints":{"allow":["GET"]}}],"collection":[{"href":"https:\/\/kibrisdakik.com\/index.php?rest_route=\/wp\/v2\/posts"}],"about":[{"href":"https:\/\/kibrisdakik.com\/index.php?rest_route=\/wp\/v2\/types\/post"}],"author":[{"embeddable":true,"href":"https:\/\/kibrisdakik.com\/index.php?rest_route=\/wp\/v2\/users\/1"}],"replies":[{"embeddable":true,"href":"https:\/\/kibrisdakik.com\/index.php?rest_route=%2Fwp%2Fv2%2Fcomments&post=38631"}],"version-history":[{"count":0,"href":"https:\/\/kibrisdakik.com\/index.php?rest_route=\/wp\/v2\/posts\/38631\/revisions"}],"wp:featuredmedia":[{"embeddable":true,"href":"https:\/\/kibrisdakik.com\/index.php?rest_route=\/wp\/v2\/media\/38632"}],"wp:attachment":[{"href":"https:\/\/kibrisdakik.com\/index.php?rest_route=%2Fwp%2Fv2%2Fmedia&parent=38631"}],"wp:term":[{"taxonomy":"category","embeddable":true,"href":"https:\/\/kibrisdakik.com\/index.php?rest_route=%2Fwp%2Fv2%2Fcategories&post=38631"},{"taxonomy":"post_tag","embeddable":true,"href":"https:\/\/kibrisdakik.com\/index.php?rest_route=%2Fwp%2Fv2%2Ftags&post=38631"}],"curies":[{"name":"wp","href":"https:\/\/api.w.org\/{rel}","templated":true}]}}