{"id":38633,"date":"2024-04-17T10:12:00","date_gmt":"2024-04-17T10:12:00","guid":{"rendered":"https:\/\/kibrisdakik.com\/index.php\/2024\/04\/17\/girne-antik-limaninda-cumartesi-gunu-turizm-soleni-duzenlenecek\/"},"modified":"2024-04-17T10:12:00","modified_gmt":"2024-04-17T10:12:00","slug":"girne-antik-limaninda-cumartesi-gunu-turizm-soleni-duzenlenecek","status":"publish","type":"post","link":"https:\/\/kibrisdakik.com\/?p=38633","title":{"rendered":"Girne Antik Liman\u0131\u2019nda cumartesi g\u00fcn\u00fc turizm \u015f\u00f6leni d\u00fczenlenecek"},"content":{"rendered":"<p><img decoding=\"async\" src=\"https:\/\/www.kibristurk.com\/images\/haberler\/2024\/04\/girne-antik-limaninda-cumartesi-gunu-turizm-soleni-duzenlenecek-1713348854.webp\" \/><\/p>\n<p style=\"text-align:left\"><span style=\"font-size:16px\"><span style=\"font-family:Merriweather,serif !important\"><span style=\"color:#000000\"><span style=\"background-color:#ffffff\">Girne Belediyesinden verilen bilgiye g\u00f6re, Turizm \u015e\u00f6leni, Ba\u015fbakan Yard\u0131mc\u0131l\u0131\u011f\u0131, Turizm, K\u00fclt\u00fcr, Gen\u00e7lik ve \u00c7evre Bakanl\u0131\u011f\u0131 organizasyonunda Girne Belediyesinin katk\u0131s\u0131yla yap\u0131lacak.<\/span><\/span><\/span><\/span><\/p>\n<p style=\"text-align:left\"><span style=\"font-size:16px\"><span style=\"font-family:Merriweather,serif !important\"><span style=\"color:#000000\"><span style=\"background-color:#ffffff\">M\u00fczik, tiyatro ve halk danslar\u0131 g\u00f6sterilerinin de yer alaca\u011f\u0131 \u015f\u00f6len etkinlikleri 10.30\u2019da eski Girne Belediyesi binas\u0131 \u00f6n\u00fcnde ba\u015flayacak.<\/span><\/span><\/span><\/span><\/p>\n<p style=\"text-align:left\"><span style=\"font-size:16px\"><span style=\"font-family:Merriweather,serif !important\"><span style=\"color:#000000\"><span style=\"background-color:#ffffff\">Girne Antik Liman\u0131\u2019ndaki resmi a\u00e7\u0131l\u0131\u015f t\u00f6reni saat 12.15&#8217;te yap\u0131lacak. Burada konu\u015fmalar olacak. \u015eenlikte daha sonra Grup Otantik, Vadili Halk Danslar\u0131 Ekibi, Ahmet Ced, Devlet Tiyatrolar\u0131 Tiyatrosu, Akdo\u011fan Halk Danslar\u0131 Ekibi, Ula\u015f Bar\u0131\u015f, TUFAD Halk Danslar\u0131 Ekibi, De\u011firmenlik Belediyesi Halk Danslar\u0131 Ekibi, Serdar Quintet, Kar\u015f\u0131yaka K\u00fclt\u00fcr ve Sanat Derne\u011fi Folklor Ekibi, Grup Rast, Alayk\u00f6y Halk Danslar\u0131 Ekibi, Berkay, Ezgi ve Fikri Karayel sahne alacak. Gecede Geleneksel K\u0131br\u0131s K\u0131yafetleri Defilesi ve Jazz konseri de olacak.<\/span><\/span><\/span><\/span><\/p>\n<div style=\"text-align:left\"><span style=\"font-size:16px\"><span style=\"color:#000000\"><span style=\"font-family:Merriweather,sans-serif\"><span style=\"background-color:#ffffff\"><span style=\"font-size:16px\"><span style=\"font-family:Merriweather,serif !important\"><span style=\"color:#797979\">Yiyecek, i\u00e7ecek ve al\u0131\u015fveri\u015f stantlar\u0131n\u0131n da kurulaca\u011f\u0131 \u015f\u00f6lende \u00fccretsiz Girne Antik Liman ve Girne Kalesi turlar\u0131, karikat\u00fcr \u00e7izimi, sergi ve viyolonsel dinletisi de yer alacak.<\/span><\/span><\/span><\/span><\/span><\/span><\/span><\/div>\n<p style=\"text-align:left\"><span style=\"font-size:16px\"><span style=\"font-family:Merriweather,serif !important\"><span style=\"color:#000000\"><span style=\"background-color:#ffffff\">Turizm \u015e\u00f6leni\u2019nin, restore \u00e7al\u0131\u015fmalar\u0131n\u0131n tamamlanmas\u0131 sonras\u0131 Girne Antik Liman\u0131\u2019nda d\u00fczenlenen ilk b\u00fcy\u00fck etkinlik olaca\u011f\u0131 kaydedildi.<\/span><\/span><\/span><\/span><\/p>\n","protected":false},"excerpt":{"rendered":"<p>Girne Belediyesinden verilen bilgiye g\u00f6re, Turizm \u015e\u00f6leni, Ba\u015fbakan Yard\u0131mc\u0131l\u0131\u011f\u0131, Turizm, K\u00fclt\u00fcr, Gen\u00e7lik ve \u00c7evre Bakanl\u0131\u011f\u0131 organizasyonunda Girne Belediyesinin katk\u0131s\u0131yla yap\u0131lacak. M\u00fczik, tiyatro ve halk danslar\u0131 g\u00f6sterilerinin de yer alaca\u011f\u0131 \u015f\u00f6len etkinlikleri 10.30\u2019da eski Girne Belediyesi binas\u0131 \u00f6n\u00fcnde ba\u015flayacak. Girne Antik Liman\u0131\u2019ndaki resmi a\u00e7\u0131l\u0131\u015f t\u00f6reni saat 12.15&#8217;te yap\u0131lacak. Burada konu\u015fmalar olacak. \u015eenlikte daha sonra Grup Otantik,<\/p>\n","protected":false},"author":1,"featured_media":38634,"comment_status":"open","ping_status":"open","sticky":false,"template":"","format":"standard","meta":{"footnotes":""},"categories":[1],"tags":[],"class_list":["post-38633","post","type-post","status-publish","format-standard","has-post-thumbnail","hentry","category-gundem"],"yoast_head":"<!-- This site is optimized with the Yoast SEO plugin v27.4 - https:\/\/yoast.com\/product\/yoast-seo-wordpress\/ -->\n<title>Girne Antik Liman\u0131\u2019nda cumartesi g\u00fcn\u00fc turizm \u015f\u00f6leni d\u00fczenlenecek -<\/title>\n<meta name=\"robots\" content=\"index, follow, max-snippet:-1, max-image-preview:large, max-video-preview:-1\" \/>\n<link rel=\"canonical\" href=\"https:\/\/kibrisdakik.com\/?p=38633\" \/>\n<meta property=\"og:locale\" content=\"tr_TR\" \/>\n<meta property=\"og:type\" content=\"article\" \/>\n<meta property=\"og:title\" content=\"Girne Antik Liman\u0131\u2019nda cumartesi g\u00fcn\u00fc turizm \u015f\u00f6leni d\u00fczenlenecek -\" \/>\n<meta property=\"og:description\" content=\"Girne Belediyesinden verilen bilgiye g\u00f6re, Turizm \u015e\u00f6leni, Ba\u015fbakan Yard\u0131mc\u0131l\u0131\u011f\u0131, Turizm, K\u00fclt\u00fcr, Gen\u00e7lik ve \u00c7evre Bakanl\u0131\u011f\u0131 organizasyonunda Girne Belediyesinin katk\u0131s\u0131yla yap\u0131lacak. M\u00fczik, tiyatro ve halk danslar\u0131 g\u00f6sterilerinin de yer alaca\u011f\u0131 \u015f\u00f6len etkinlikleri 10.30\u2019da eski Girne Belediyesi binas\u0131 \u00f6n\u00fcnde ba\u015flayacak. Girne Antik Liman\u0131\u2019ndaki resmi a\u00e7\u0131l\u0131\u015f t\u00f6reni saat 12.15&#8217;te yap\u0131lacak. Burada konu\u015fmalar olacak. \u015eenlikte daha sonra Grup Otantik,\" \/>\n<meta property=\"og:url\" content=\"https:\/\/kibrisdakik.com\/?p=38633\" \/>\n<meta property=\"article:published_time\" content=\"2024-04-17T10:12:00+00:00\" \/>\n<meta property=\"og:image\" content=\"https:\/\/kibrisdakik.com\/wp-content\/uploads\/2024\/04\/girne-antik-limaninda-cumartesi-gunu-turizm-soleni-duzenlenecek-1713348854.webp.webp\" \/>\n\t<meta property=\"og:image:width\" content=\"710\" \/>\n\t<meta property=\"og:image:height\" content=\"370\" \/>\n\t<meta property=\"og:image:type\" content=\"image\/webp\" \/>\n<meta name=\"author\" content=\"admin\" \/>\n<meta name=\"twitter:card\" content=\"summary_large_image\" \/>\n<meta name=\"twitter:label1\" content=\"Yazan:\" \/>\n\t<meta name=\"twitter:data1\" content=\"admin\" \/>\n\t<meta name=\"twitter:label2\" content=\"Tahmini okuma s\u00fcresi\" \/>\n\t<meta name=\"twitter:data2\" content=\"1 dakika\" \/>\n<script type=\"application\/ld+json\" class=\"yoast-schema-graph\">{\"@context\":\"https:\\\/\\\/schema.org\",\"@graph\":[{\"@type\":\"Article\",\"@id\":\"https:\\\/\\\/kibrisdakik.com\\\/?p=38633#article\",\"isPartOf\":{\"@id\":\"https:\\\/\\\/kibrisdakik.com\\\/?p=38633\"},\"author\":{\"name\":\"admin\",\"@id\":\"https:\\\/\\\/kibrisdakik.com\\\/#\\\/schema\\\/person\\\/9cd9d437bbb44f72b73ba127e06d8e79\"},\"headline\":\"Girne Antik Liman\u0131\u2019nda cumartesi g\u00fcn\u00fc turizm \u015f\u00f6leni d\u00fczenlenecek\",\"datePublished\":\"2024-04-17T10:12:00+00:00\",\"mainEntityOfPage\":{\"@id\":\"https:\\\/\\\/kibrisdakik.com\\\/?p=38633\"},\"wordCount\":204,\"commentCount\":0,\"image\":{\"@id\":\"https:\\\/\\\/kibrisdakik.com\\\/?p=38633#primaryimage\"},\"thumbnailUrl\":\"https:\\\/\\\/kibrisdakik.com\\\/wp-content\\\/uploads\\\/2024\\\/04\\\/girne-antik-limaninda-cumartesi-gunu-turizm-soleni-duzenlenecek-1713348854.webp.webp\",\"articleSection\":[\"G\u00fcndem\"],\"inLanguage\":\"tr\",\"potentialAction\":[{\"@type\":\"CommentAction\",\"name\":\"Comment\",\"target\":[\"https:\\\/\\\/kibrisdakik.com\\\/?p=38633#respond\"]}]},{\"@type\":\"WebPage\",\"@id\":\"https:\\\/\\\/kibrisdakik.com\\\/?p=38633\",\"url\":\"https:\\\/\\\/kibrisdakik.com\\\/?p=38633\",\"name\":\"Girne Antik Liman\u0131\u2019nda cumartesi g\u00fcn\u00fc turizm \u015f\u00f6leni d\u00fczenlenecek -\",\"isPartOf\":{\"@id\":\"https:\\\/\\\/kibrisdakik.com\\\/#website\"},\"primaryImageOfPage\":{\"@id\":\"https:\\\/\\\/kibrisdakik.com\\\/?p=38633#primaryimage\"},\"image\":{\"@id\":\"https:\\\/\\\/kibrisdakik.com\\\/?p=38633#primaryimage\"},\"thumbnailUrl\":\"https:\\\/\\\/kibrisdakik.com\\\/wp-content\\\/uploads\\\/2024\\\/04\\\/girne-antik-limaninda-cumartesi-gunu-turizm-soleni-duzenlenecek-1713348854.webp.webp\",\"datePublished\":\"2024-04-17T10:12:00+00:00\",\"author\":{\"@id\":\"https:\\\/\\\/kibrisdakik.com\\\/#\\\/schema\\\/person\\\/9cd9d437bbb44f72b73ba127e06d8e79\"},\"breadcrumb\":{\"@id\":\"https:\\\/\\\/kibrisdakik.com\\\/?p=38633#breadcrumb\"},\"inLanguage\":\"tr\",\"potentialAction\":[{\"@type\":\"ReadAction\",\"target\":[\"https:\\\/\\\/kibrisdakik.com\\\/?p=38633\"]}]},{\"@type\":\"ImageObject\",\"inLanguage\":\"tr\",\"@id\":\"https:\\\/\\\/kibrisdakik.com\\\/?p=38633#primaryimage\",\"url\":\"https:\\\/\\\/kibrisdakik.com\\\/wp-content\\\/uploads\\\/2024\\\/04\\\/girne-antik-limaninda-cumartesi-gunu-turizm-soleni-duzenlenecek-1713348854.webp.webp\",\"contentUrl\":\"https:\\\/\\\/kibrisdakik.com\\\/wp-content\\\/uploads\\\/2024\\\/04\\\/girne-antik-limaninda-cumartesi-gunu-turizm-soleni-duzenlenecek-1713348854.webp.webp\",\"width\":710,\"height\":370},{\"@type\":\"BreadcrumbList\",\"@id\":\"https:\\\/\\\/kibrisdakik.com\\\/?p=38633#breadcrumb\",\"itemListElement\":[{\"@type\":\"ListItem\",\"position\":1,\"name\":\"Home\",\"item\":\"https:\\\/\\\/kibrisdakik.com\\\/\"},{\"@type\":\"ListItem\",\"position\":2,\"name\":\"Girne Antik Liman\u0131\u2019nda cumartesi g\u00fcn\u00fc turizm \u015f\u00f6leni d\u00fczenlenecek\"}]},{\"@type\":\"WebSite\",\"@id\":\"https:\\\/\\\/kibrisdakik.com\\\/#website\",\"url\":\"https:\\\/\\\/kibrisdakik.com\\\/\",\"name\":\"\",\"description\":\"Tam vaktinde haber\",\"potentialAction\":[{\"@type\":\"SearchAction\",\"target\":{\"@type\":\"EntryPoint\",\"urlTemplate\":\"https:\\\/\\\/kibrisdakik.com\\\/?s={search_term_string}\"},\"query-input\":{\"@type\":\"PropertyValueSpecification\",\"valueRequired\":true,\"valueName\":\"search_term_string\"}}],\"inLanguage\":\"tr\"},{\"@type\":\"Person\",\"@id\":\"https:\\\/\\\/kibrisdakik.com\\\/#\\\/schema\\\/person\\\/9cd9d437bbb44f72b73ba127e06d8e79\",\"name\":\"admin\",\"image\":{\"@type\":\"ImageObject\",\"inLanguage\":\"tr\",\"@id\":\"https:\\\/\\\/secure.gravatar.com\\\/avatar\\\/ccc17943b9d660506c869530f897617f7cb1c21a4bf30023f252596d83e1f007?s=96&d=mm&r=g\",\"url\":\"https:\\\/\\\/secure.gravatar.com\\\/avatar\\\/ccc17943b9d660506c869530f897617f7cb1c21a4bf30023f252596d83e1f007?s=96&d=mm&r=g\",\"contentUrl\":\"https:\\\/\\\/secure.gravatar.com\\\/avatar\\\/ccc17943b9d660506c869530f897617f7cb1c21a4bf30023f252596d83e1f007?s=96&d=mm&r=g\",\"caption\":\"admin\"},\"sameAs\":[\"https:\\\/\\\/kibrisdakik.com\"],\"url\":\"https:\\\/\\\/kibrisdakik.com\\\/?author=1\"}]}<\/script>\n<!-- \/ Yoast SEO plugin. -->","yoast_head_json":{"title":"Girne Antik Liman\u0131\u2019nda cumartesi g\u00fcn\u00fc turizm \u015f\u00f6leni d\u00fczenlenecek -","robots":{"index":"index","follow":"follow","max-snippet":"max-snippet:-1","max-image-preview":"max-image-preview:large","max-video-preview":"max-video-preview:-1"},"canonical":"https:\/\/kibrisdakik.com\/?p=38633","og_locale":"tr_TR","og_type":"article","og_title":"Girne Antik Liman\u0131\u2019nda cumartesi g\u00fcn\u00fc turizm \u015f\u00f6leni d\u00fczenlenecek -","og_description":"Girne Belediyesinden verilen bilgiye g\u00f6re, Turizm \u015e\u00f6leni, Ba\u015fbakan Yard\u0131mc\u0131l\u0131\u011f\u0131, Turizm, K\u00fclt\u00fcr, Gen\u00e7lik ve \u00c7evre Bakanl\u0131\u011f\u0131 organizasyonunda Girne Belediyesinin katk\u0131s\u0131yla yap\u0131lacak. M\u00fczik, tiyatro ve halk danslar\u0131 g\u00f6sterilerinin de yer alaca\u011f\u0131 \u015f\u00f6len etkinlikleri 10.30\u2019da eski Girne Belediyesi binas\u0131 \u00f6n\u00fcnde ba\u015flayacak. Girne Antik Liman\u0131\u2019ndaki resmi a\u00e7\u0131l\u0131\u015f t\u00f6reni saat 12.15&#8217;te yap\u0131lacak. Burada konu\u015fmalar olacak. \u015eenlikte daha sonra Grup Otantik,","og_url":"https:\/\/kibrisdakik.com\/?p=38633","article_published_time":"2024-04-17T10:12:00+00:00","og_image":[{"width":710,"height":370,"url":"https:\/\/kibrisdakik.com\/wp-content\/uploads\/2024\/04\/girne-antik-limaninda-cumartesi-gunu-turizm-soleni-duzenlenecek-1713348854.webp.webp","type":"image\/webp"}],"author":"admin","twitter_card":"summary_large_image","twitter_misc":{"Yazan:":"admin","Tahmini okuma s\u00fcresi":"1 dakika"},"schema":{"@context":"https:\/\/schema.org","@graph":[{"@type":"Article","@id":"https:\/\/kibrisdakik.com\/?p=38633#article","isPartOf":{"@id":"https:\/\/kibrisdakik.com\/?p=38633"},"author":{"name":"admin","@id":"https:\/\/kibrisdakik.com\/#\/schema\/person\/9cd9d437bbb44f72b73ba127e06d8e79"},"headline":"Girne Antik Liman\u0131\u2019nda cumartesi g\u00fcn\u00fc turizm \u015f\u00f6leni d\u00fczenlenecek","datePublished":"2024-04-17T10:12:00+00:00","mainEntityOfPage":{"@id":"https:\/\/kibrisdakik.com\/?p=38633"},"wordCount":204,"commentCount":0,"image":{"@id":"https:\/\/kibrisdakik.com\/?p=38633#primaryimage"},"thumbnailUrl":"https:\/\/kibrisdakik.com\/wp-content\/uploads\/2024\/04\/girne-antik-limaninda-cumartesi-gunu-turizm-soleni-duzenlenecek-1713348854.webp.webp","articleSection":["G\u00fcndem"],"inLanguage":"tr","potentialAction":[{"@type":"CommentAction","name":"Comment","target":["https:\/\/kibrisdakik.com\/?p=38633#respond"]}]},{"@type":"WebPage","@id":"https:\/\/kibrisdakik.com\/?p=38633","url":"https:\/\/kibrisdakik.com\/?p=38633","name":"Girne Antik Liman\u0131\u2019nda cumartesi g\u00fcn\u00fc turizm \u015f\u00f6leni d\u00fczenlenecek -","isPartOf":{"@id":"https:\/\/kibrisdakik.com\/#website"},"primaryImageOfPage":{"@id":"https:\/\/kibrisdakik.com\/?p=38633#primaryimage"},"image":{"@id":"https:\/\/kibrisdakik.com\/?p=38633#primaryimage"},"thumbnailUrl":"https:\/\/kibrisdakik.com\/wp-content\/uploads\/2024\/04\/girne-antik-limaninda-cumartesi-gunu-turizm-soleni-duzenlenecek-1713348854.webp.webp","datePublished":"2024-04-17T10:12:00+00:00","author":{"@id":"https:\/\/kibrisdakik.com\/#\/schema\/person\/9cd9d437bbb44f72b73ba127e06d8e79"},"breadcrumb":{"@id":"https:\/\/kibrisdakik.com\/?p=38633#breadcrumb"},"inLanguage":"tr","potentialAction":[{"@type":"ReadAction","target":["https:\/\/kibrisdakik.com\/?p=38633"]}]},{"@type":"ImageObject","inLanguage":"tr","@id":"https:\/\/kibrisdakik.com\/?p=38633#primaryimage","url":"https:\/\/kibrisdakik.com\/wp-content\/uploads\/2024\/04\/girne-antik-limaninda-cumartesi-gunu-turizm-soleni-duzenlenecek-1713348854.webp.webp","contentUrl":"https:\/\/kibrisdakik.com\/wp-content\/uploads\/2024\/04\/girne-antik-limaninda-cumartesi-gunu-turizm-soleni-duzenlenecek-1713348854.webp.webp","width":710,"height":370},{"@type":"BreadcrumbList","@id":"https:\/\/kibrisdakik.com\/?p=38633#breadcrumb","itemListElement":[{"@type":"ListItem","position":1,"name":"Home","item":"https:\/\/kibrisdakik.com\/"},{"@type":"ListItem","position":2,"name":"Girne Antik Liman\u0131\u2019nda cumartesi g\u00fcn\u00fc turizm \u015f\u00f6leni d\u00fczenlenecek"}]},{"@type":"WebSite","@id":"https:\/\/kibrisdakik.com\/#website","url":"https:\/\/kibrisdakik.com\/","name":"","description":"Tam vaktinde haber","potentialAction":[{"@type":"SearchAction","target":{"@type":"EntryPoint","urlTemplate":"https:\/\/kibrisdakik.com\/?s={search_term_string}"},"query-input":{"@type":"PropertyValueSpecification","valueRequired":true,"valueName":"search_term_string"}}],"inLanguage":"tr"},{"@type":"Person","@id":"https:\/\/kibrisdakik.com\/#\/schema\/person\/9cd9d437bbb44f72b73ba127e06d8e79","name":"admin","image":{"@type":"ImageObject","inLanguage":"tr","@id":"https:\/\/secure.gravatar.com\/avatar\/ccc17943b9d660506c869530f897617f7cb1c21a4bf30023f252596d83e1f007?s=96&d=mm&r=g","url":"https:\/\/secure.gravatar.com\/avatar\/ccc17943b9d660506c869530f897617f7cb1c21a4bf30023f252596d83e1f007?s=96&d=mm&r=g","contentUrl":"https:\/\/secure.gravatar.com\/avatar\/ccc17943b9d660506c869530f897617f7cb1c21a4bf30023f252596d83e1f007?s=96&d=mm&r=g","caption":"admin"},"sameAs":["https:\/\/kibrisdakik.com"],"url":"https:\/\/kibrisdakik.com\/?author=1"}]}},"_links":{"self":[{"href":"https:\/\/kibrisdakik.com\/index.php?rest_route=\/wp\/v2\/posts\/38633","targetHints":{"allow":["GET"]}}],"collection":[{"href":"https:\/\/kibrisdakik.com\/index.php?rest_route=\/wp\/v2\/posts"}],"about":[{"href":"https:\/\/kibrisdakik.com\/index.php?rest_route=\/wp\/v2\/types\/post"}],"author":[{"embeddable":true,"href":"https:\/\/kibrisdakik.com\/index.php?rest_route=\/wp\/v2\/users\/1"}],"replies":[{"embeddable":true,"href":"https:\/\/kibrisdakik.com\/index.php?rest_route=%2Fwp%2Fv2%2Fcomments&post=38633"}],"version-history":[{"count":0,"href":"https:\/\/kibrisdakik.com\/index.php?rest_route=\/wp\/v2\/posts\/38633\/revisions"}],"wp:featuredmedia":[{"embeddable":true,"href":"https:\/\/kibrisdakik.com\/index.php?rest_route=\/wp\/v2\/media\/38634"}],"wp:attachment":[{"href":"https:\/\/kibrisdakik.com\/index.php?rest_route=%2Fwp%2Fv2%2Fmedia&parent=38633"}],"wp:term":[{"taxonomy":"category","embeddable":true,"href":"https:\/\/kibrisdakik.com\/index.php?rest_route=%2Fwp%2Fv2%2Fcategories&post=38633"},{"taxonomy":"post_tag","embeddable":true,"href":"https:\/\/kibrisdakik.com\/index.php?rest_route=%2Fwp%2Fv2%2Ftags&post=38633"}],"curies":[{"name":"wp","href":"https:\/\/api.w.org\/{rel}","templated":true}]}}