{"id":38640,"date":"2024-04-17T11:03:06","date_gmt":"2024-04-17T11:03:06","guid":{"rendered":"https:\/\/kibrisdakik.com\/index.php\/2024\/04\/17\/sampiyon-melekleri-yasatma-dernegi-yetkilileri-adalet-arayisini-surdurmek-uzere-bugun-ankaraya-gitti\/"},"modified":"2024-04-17T11:03:06","modified_gmt":"2024-04-17T11:03:06","slug":"sampiyon-melekleri-yasatma-dernegi-yetkilileri-adalet-arayisini-surdurmek-uzere-bugun-ankaraya-gitti","status":"publish","type":"post","link":"https:\/\/kibrisdakik.com\/?p=38640","title":{"rendered":"\u015eampiyon Melekleri Ya\u015fatma Derne\u011fi yetkilileri adalet aray\u0131\u015f\u0131n\u0131 s\u00fcrd\u00fcrmek \u00fczere bug\u00fcn Ankara\u2019ya gitti"},"content":{"rendered":"<p><\/p>\n<div>\n<div class=\"mariselle-image-container center\">\n                <img loading=\"lazy\" decoding=\"async\" width=\"1102\" height=\"444\" class=\"lazy-image\" alt=\"\" sizes=\"auto, (max-width: 1102px) 100vw, 1102px\" src=\"https:\/\/brtk.net\/wp-content\/uploads\/2024\/04\/17\/rusen-pervin.png?ver=3844cfbc821729efe18894f3c92511b5\" srcset=\"https:\/\/brtk.net\/wp-content\/uploads\/2024\/04\/17\/rusen-pervin.png?ver=3844cfbc821729efe18894f3c92511b5 1102w, https:\/\/brtk.net\/wp-content\/uploads\/2024\/04\/17\/rusen-pervin-300x121.png?ver=027c0a3e584a3d98ff379e092137ee1b 300w, https:\/\/brtk.net\/wp-content\/uploads\/2024\/04\/17\/rusen-pervin-1024x413.png?ver=027c0a3e584a3d98ff379e092137ee1b 1024w, https:\/\/brtk.net\/wp-content\/uploads\/2024\/04\/17\/rusen-pervin-768x309.png?ver=b6ab840fa5afc81f89dcb8ebc496159a 768w\"\/>                            <\/div>\n<p>\u015eampiyon Melekleri Ya\u015fatma Derne\u011fi yetkilileri adalet aray\u0131\u015f\u0131n\u0131 s\u00fcrd\u00fcrmek \u00fczere bug\u00fcn Ankara\u2019ya gitti.<\/p>\n<p>Dernek Ba\u015fkan\u0131 Ru\u015fen Y\u00fccesoylu Karakaya ile Pervin \u0130pek\u00e7io\u011flu Ankara\u2019da dava ile ilgili toplant\u0131lar ger\u00e7ekle\u015ftirecek.<\/p>\n<p>\u015eampiyon Melekleri Ya\u015fatma Derne\u011fi Ba\u015fkan\u0131 Ru\u015fen Y\u00fccesoylu Karakaya, ve kurucu \u00fcyeleri Osman Ak\u0131n ve Pervin Aksoy \u0130pek\u00e7io\u011flu d\u00fcn de T\u00fcrkiye\u2019nin Lefko\u015fa B\u00fcy\u00fckel\u00e7isi Metin Feyzio\u011flu taraf\u0131ndan kabul edildi.<\/p>\n<p>26 Nisan\u2019da Ad\u0131yaman\u2019da devam edilecek \u0130sias Davas\u0131 ve 19 Nisan\u2019da Lefko\u015fa\u2019da yap\u0131lacak adalet y\u00fcr\u00fcy\u00fc\u015f\u00fc \u00f6ncesi ger\u00e7ekle\u015fen ziyarette B\u00fcy\u00fckel\u00e7i Feyzio\u011flu ile \u0130sias adalet s\u00fcreci ile ilgili g\u00f6r\u00fc\u015f al\u0131\u015fveri\u015finde bulunuldu <\/p>\n<p>\u015eampiyon Melekleri Ya\u015fatma Derne\u011fi ziyaret s\u0131ras\u0131nda T\u00fcrkiye Cumhuriyeti\u2019ne adaletine olan g\u00fcvenlerini dile getirdiler.    <\/p>\n<p>Ziyarette, T\u00fcrkiye Adalet Bakan\u0131na iletilmek \u00fczere mektup da teslim edildi.<\/p>\n<\/p><\/div>\n<p><script async\n                    defer\n                    crossorigin=\"anonymous\"\n                    src=\"https:\/\/connect.facebook.net\/tr_TR\/sdk.js#xfbml=1&#038;version=v3.3\"\n            ><\/script><\/p>\n","protected":false},"excerpt":{"rendered":"<p>\u015eampiyon Melekleri Ya\u015fatma Derne\u011fi yetkilileri adalet aray\u0131\u015f\u0131n\u0131 s\u00fcrd\u00fcrmek \u00fczere bug\u00fcn Ankara\u2019ya gitti. Dernek Ba\u015fkan\u0131 Ru\u015fen Y\u00fccesoylu Karakaya ile Pervin \u0130pek\u00e7io\u011flu Ankara\u2019da dava ile ilgili toplant\u0131lar ger\u00e7ekle\u015ftirecek. \u015eampiyon Melekleri Ya\u015fatma Derne\u011fi Ba\u015fkan\u0131 Ru\u015fen Y\u00fccesoylu Karakaya, ve kurucu \u00fcyeleri Osman Ak\u0131n ve Pervin Aksoy \u0130pek\u00e7io\u011flu d\u00fcn de T\u00fcrkiye\u2019nin Lefko\u015fa B\u00fcy\u00fckel\u00e7isi Metin Feyzio\u011flu taraf\u0131ndan kabul edildi. 26 Nisan\u2019da<\/p>\n","protected":false},"author":1,"featured_media":38641,"comment_status":"open","ping_status":"open","sticky":false,"template":"","format":"standard","meta":{"footnotes":""},"categories":[1],"tags":[],"class_list":["post-38640","post","type-post","status-publish","format-standard","has-post-thumbnail","hentry","category-gundem"],"yoast_head":"<!-- This site is optimized with the Yoast SEO plugin v27.5 - https:\/\/yoast.com\/product\/yoast-seo-wordpress\/ -->\n<title>\u015eampiyon Melekleri Ya\u015fatma Derne\u011fi yetkilileri adalet aray\u0131\u015f\u0131n\u0131 s\u00fcrd\u00fcrmek \u00fczere bug\u00fcn Ankara\u2019ya gitti -<\/title>\n<meta name=\"robots\" content=\"index, follow, max-snippet:-1, max-image-preview:large, max-video-preview:-1\" \/>\n<link rel=\"canonical\" href=\"https:\/\/kibrisdakik.com\/?p=38640\" \/>\n<meta property=\"og:locale\" content=\"tr_TR\" \/>\n<meta property=\"og:type\" content=\"article\" \/>\n<meta property=\"og:title\" content=\"\u015eampiyon Melekleri Ya\u015fatma Derne\u011fi yetkilileri adalet aray\u0131\u015f\u0131n\u0131 s\u00fcrd\u00fcrmek \u00fczere bug\u00fcn Ankara\u2019ya gitti -\" \/>\n<meta property=\"og:description\" content=\"\u015eampiyon Melekleri Ya\u015fatma Derne\u011fi yetkilileri adalet aray\u0131\u015f\u0131n\u0131 s\u00fcrd\u00fcrmek \u00fczere bug\u00fcn Ankara\u2019ya gitti. Dernek Ba\u015fkan\u0131 Ru\u015fen Y\u00fccesoylu Karakaya ile Pervin \u0130pek\u00e7io\u011flu Ankara\u2019da dava ile ilgili toplant\u0131lar ger\u00e7ekle\u015ftirecek. \u015eampiyon Melekleri Ya\u015fatma Derne\u011fi Ba\u015fkan\u0131 Ru\u015fen Y\u00fccesoylu Karakaya, ve kurucu \u00fcyeleri Osman Ak\u0131n ve Pervin Aksoy \u0130pek\u00e7io\u011flu d\u00fcn de T\u00fcrkiye\u2019nin Lefko\u015fa B\u00fcy\u00fckel\u00e7isi Metin Feyzio\u011flu taraf\u0131ndan kabul edildi. 26 Nisan\u2019da\" \/>\n<meta property=\"og:url\" content=\"https:\/\/kibrisdakik.com\/?p=38640\" \/>\n<meta property=\"article:published_time\" content=\"2024-04-17T11:03:06+00:00\" \/>\n<meta property=\"og:image\" content=\"https:\/\/kibrisdakik.com\/wp-content\/uploads\/2024\/04\/rusen-pervin-740x420.png\" \/>\n\t<meta property=\"og:image:width\" content=\"1102\" \/>\n\t<meta property=\"og:image:height\" content=\"444\" \/>\n\t<meta property=\"og:image:type\" content=\"image\/png\" \/>\n<meta name=\"author\" content=\"admin\" \/>\n<meta name=\"twitter:card\" content=\"summary_large_image\" \/>\n<meta name=\"twitter:label1\" content=\"Yazan:\" \/>\n\t<meta name=\"twitter:data1\" content=\"admin\" \/>\n\t<meta name=\"twitter:label2\" content=\"Tahmini okuma s\u00fcresi\" \/>\n\t<meta name=\"twitter:data2\" content=\"1 dakika\" \/>\n<script type=\"application\/ld+json\" class=\"yoast-schema-graph\">{\"@context\":\"https:\\\/\\\/schema.org\",\"@graph\":[{\"@type\":\"Article\",\"@id\":\"https:\\\/\\\/kibrisdakik.com\\\/?p=38640#article\",\"isPartOf\":{\"@id\":\"https:\\\/\\\/kibrisdakik.com\\\/?p=38640\"},\"author\":{\"name\":\"admin\",\"@id\":\"https:\\\/\\\/kibrisdakik.com\\\/#\\\/schema\\\/person\\\/9cd9d437bbb44f72b73ba127e06d8e79\"},\"headline\":\"\u015eampiyon Melekleri Ya\u015fatma Derne\u011fi yetkilileri adalet aray\u0131\u015f\u0131n\u0131 s\u00fcrd\u00fcrmek \u00fczere bug\u00fcn Ankara\u2019ya gitti\",\"datePublished\":\"2024-04-17T11:03:06+00:00\",\"mainEntityOfPage\":{\"@id\":\"https:\\\/\\\/kibrisdakik.com\\\/?p=38640\"},\"wordCount\":182,\"commentCount\":0,\"image\":{\"@id\":\"https:\\\/\\\/kibrisdakik.com\\\/?p=38640#primaryimage\"},\"thumbnailUrl\":\"https:\\\/\\\/kibrisdakik.com\\\/wp-content\\\/uploads\\\/2024\\\/04\\\/rusen-pervin-740x420.png\",\"articleSection\":[\"G\u00fcndem\"],\"inLanguage\":\"tr\",\"potentialAction\":[{\"@type\":\"CommentAction\",\"name\":\"Comment\",\"target\":[\"https:\\\/\\\/kibrisdakik.com\\\/?p=38640#respond\"]}]},{\"@type\":\"WebPage\",\"@id\":\"https:\\\/\\\/kibrisdakik.com\\\/?p=38640\",\"url\":\"https:\\\/\\\/kibrisdakik.com\\\/?p=38640\",\"name\":\"\u015eampiyon Melekleri Ya\u015fatma Derne\u011fi yetkilileri adalet aray\u0131\u015f\u0131n\u0131 s\u00fcrd\u00fcrmek \u00fczere bug\u00fcn Ankara\u2019ya gitti -\",\"isPartOf\":{\"@id\":\"https:\\\/\\\/kibrisdakik.com\\\/#website\"},\"primaryImageOfPage\":{\"@id\":\"https:\\\/\\\/kibrisdakik.com\\\/?p=38640#primaryimage\"},\"image\":{\"@id\":\"https:\\\/\\\/kibrisdakik.com\\\/?p=38640#primaryimage\"},\"thumbnailUrl\":\"https:\\\/\\\/kibrisdakik.com\\\/wp-content\\\/uploads\\\/2024\\\/04\\\/rusen-pervin-740x420.png\",\"datePublished\":\"2024-04-17T11:03:06+00:00\",\"author\":{\"@id\":\"https:\\\/\\\/kibrisdakik.com\\\/#\\\/schema\\\/person\\\/9cd9d437bbb44f72b73ba127e06d8e79\"},\"breadcrumb\":{\"@id\":\"https:\\\/\\\/kibrisdakik.com\\\/?p=38640#breadcrumb\"},\"inLanguage\":\"tr\",\"potentialAction\":[{\"@type\":\"ReadAction\",\"target\":[\"https:\\\/\\\/kibrisdakik.com\\\/?p=38640\"]}]},{\"@type\":\"ImageObject\",\"inLanguage\":\"tr\",\"@id\":\"https:\\\/\\\/kibrisdakik.com\\\/?p=38640#primaryimage\",\"url\":\"https:\\\/\\\/kibrisdakik.com\\\/wp-content\\\/uploads\\\/2024\\\/04\\\/rusen-pervin-740x420.png\",\"contentUrl\":\"https:\\\/\\\/kibrisdakik.com\\\/wp-content\\\/uploads\\\/2024\\\/04\\\/rusen-pervin-740x420.png\",\"width\":1102,\"height\":444},{\"@type\":\"BreadcrumbList\",\"@id\":\"https:\\\/\\\/kibrisdakik.com\\\/?p=38640#breadcrumb\",\"itemListElement\":[{\"@type\":\"ListItem\",\"position\":1,\"name\":\"Home\",\"item\":\"https:\\\/\\\/kibrisdakik.com\\\/\"},{\"@type\":\"ListItem\",\"position\":2,\"name\":\"\u015eampiyon Melekleri Ya\u015fatma Derne\u011fi yetkilileri adalet aray\u0131\u015f\u0131n\u0131 s\u00fcrd\u00fcrmek \u00fczere bug\u00fcn Ankara\u2019ya gitti\"}]},{\"@type\":\"WebSite\",\"@id\":\"https:\\\/\\\/kibrisdakik.com\\\/#website\",\"url\":\"https:\\\/\\\/kibrisdakik.com\\\/\",\"name\":\"\",\"description\":\"Tam vaktinde haber\",\"potentialAction\":[{\"@type\":\"SearchAction\",\"target\":{\"@type\":\"EntryPoint\",\"urlTemplate\":\"https:\\\/\\\/kibrisdakik.com\\\/?s={search_term_string}\"},\"query-input\":{\"@type\":\"PropertyValueSpecification\",\"valueRequired\":true,\"valueName\":\"search_term_string\"}}],\"inLanguage\":\"tr\"},{\"@type\":\"Person\",\"@id\":\"https:\\\/\\\/kibrisdakik.com\\\/#\\\/schema\\\/person\\\/9cd9d437bbb44f72b73ba127e06d8e79\",\"name\":\"admin\",\"image\":{\"@type\":\"ImageObject\",\"inLanguage\":\"tr\",\"@id\":\"https:\\\/\\\/secure.gravatar.com\\\/avatar\\\/ccc17943b9d660506c869530f897617f7cb1c21a4bf30023f252596d83e1f007?s=96&d=mm&r=g\",\"url\":\"https:\\\/\\\/secure.gravatar.com\\\/avatar\\\/ccc17943b9d660506c869530f897617f7cb1c21a4bf30023f252596d83e1f007?s=96&d=mm&r=g\",\"contentUrl\":\"https:\\\/\\\/secure.gravatar.com\\\/avatar\\\/ccc17943b9d660506c869530f897617f7cb1c21a4bf30023f252596d83e1f007?s=96&d=mm&r=g\",\"caption\":\"admin\"},\"sameAs\":[\"https:\\\/\\\/kibrisdakik.com\"],\"url\":\"https:\\\/\\\/kibrisdakik.com\\\/?author=1\"}]}<\/script>\n<!-- \/ Yoast SEO plugin. -->","yoast_head_json":{"title":"\u015eampiyon Melekleri Ya\u015fatma Derne\u011fi yetkilileri adalet aray\u0131\u015f\u0131n\u0131 s\u00fcrd\u00fcrmek \u00fczere bug\u00fcn Ankara\u2019ya gitti -","robots":{"index":"index","follow":"follow","max-snippet":"max-snippet:-1","max-image-preview":"max-image-preview:large","max-video-preview":"max-video-preview:-1"},"canonical":"https:\/\/kibrisdakik.com\/?p=38640","og_locale":"tr_TR","og_type":"article","og_title":"\u015eampiyon Melekleri Ya\u015fatma Derne\u011fi yetkilileri adalet aray\u0131\u015f\u0131n\u0131 s\u00fcrd\u00fcrmek \u00fczere bug\u00fcn Ankara\u2019ya gitti -","og_description":"\u015eampiyon Melekleri Ya\u015fatma Derne\u011fi yetkilileri adalet aray\u0131\u015f\u0131n\u0131 s\u00fcrd\u00fcrmek \u00fczere bug\u00fcn Ankara\u2019ya gitti. Dernek Ba\u015fkan\u0131 Ru\u015fen Y\u00fccesoylu Karakaya ile Pervin \u0130pek\u00e7io\u011flu Ankara\u2019da dava ile ilgili toplant\u0131lar ger\u00e7ekle\u015ftirecek. \u015eampiyon Melekleri Ya\u015fatma Derne\u011fi Ba\u015fkan\u0131 Ru\u015fen Y\u00fccesoylu Karakaya, ve kurucu \u00fcyeleri Osman Ak\u0131n ve Pervin Aksoy \u0130pek\u00e7io\u011flu d\u00fcn de T\u00fcrkiye\u2019nin Lefko\u015fa B\u00fcy\u00fckel\u00e7isi Metin Feyzio\u011flu taraf\u0131ndan kabul edildi. 26 Nisan\u2019da","og_url":"https:\/\/kibrisdakik.com\/?p=38640","article_published_time":"2024-04-17T11:03:06+00:00","og_image":[{"width":1102,"height":444,"url":"https:\/\/kibrisdakik.com\/wp-content\/uploads\/2024\/04\/rusen-pervin-740x420.png","type":"image\/png"}],"author":"admin","twitter_card":"summary_large_image","twitter_misc":{"Yazan:":"admin","Tahmini okuma s\u00fcresi":"1 dakika"},"schema":{"@context":"https:\/\/schema.org","@graph":[{"@type":"Article","@id":"https:\/\/kibrisdakik.com\/?p=38640#article","isPartOf":{"@id":"https:\/\/kibrisdakik.com\/?p=38640"},"author":{"name":"admin","@id":"https:\/\/kibrisdakik.com\/#\/schema\/person\/9cd9d437bbb44f72b73ba127e06d8e79"},"headline":"\u015eampiyon Melekleri Ya\u015fatma Derne\u011fi yetkilileri adalet aray\u0131\u015f\u0131n\u0131 s\u00fcrd\u00fcrmek \u00fczere bug\u00fcn Ankara\u2019ya gitti","datePublished":"2024-04-17T11:03:06+00:00","mainEntityOfPage":{"@id":"https:\/\/kibrisdakik.com\/?p=38640"},"wordCount":182,"commentCount":0,"image":{"@id":"https:\/\/kibrisdakik.com\/?p=38640#primaryimage"},"thumbnailUrl":"https:\/\/kibrisdakik.com\/wp-content\/uploads\/2024\/04\/rusen-pervin-740x420.png","articleSection":["G\u00fcndem"],"inLanguage":"tr","potentialAction":[{"@type":"CommentAction","name":"Comment","target":["https:\/\/kibrisdakik.com\/?p=38640#respond"]}]},{"@type":"WebPage","@id":"https:\/\/kibrisdakik.com\/?p=38640","url":"https:\/\/kibrisdakik.com\/?p=38640","name":"\u015eampiyon Melekleri Ya\u015fatma Derne\u011fi yetkilileri adalet aray\u0131\u015f\u0131n\u0131 s\u00fcrd\u00fcrmek \u00fczere bug\u00fcn Ankara\u2019ya gitti -","isPartOf":{"@id":"https:\/\/kibrisdakik.com\/#website"},"primaryImageOfPage":{"@id":"https:\/\/kibrisdakik.com\/?p=38640#primaryimage"},"image":{"@id":"https:\/\/kibrisdakik.com\/?p=38640#primaryimage"},"thumbnailUrl":"https:\/\/kibrisdakik.com\/wp-content\/uploads\/2024\/04\/rusen-pervin-740x420.png","datePublished":"2024-04-17T11:03:06+00:00","author":{"@id":"https:\/\/kibrisdakik.com\/#\/schema\/person\/9cd9d437bbb44f72b73ba127e06d8e79"},"breadcrumb":{"@id":"https:\/\/kibrisdakik.com\/?p=38640#breadcrumb"},"inLanguage":"tr","potentialAction":[{"@type":"ReadAction","target":["https:\/\/kibrisdakik.com\/?p=38640"]}]},{"@type":"ImageObject","inLanguage":"tr","@id":"https:\/\/kibrisdakik.com\/?p=38640#primaryimage","url":"https:\/\/kibrisdakik.com\/wp-content\/uploads\/2024\/04\/rusen-pervin-740x420.png","contentUrl":"https:\/\/kibrisdakik.com\/wp-content\/uploads\/2024\/04\/rusen-pervin-740x420.png","width":1102,"height":444},{"@type":"BreadcrumbList","@id":"https:\/\/kibrisdakik.com\/?p=38640#breadcrumb","itemListElement":[{"@type":"ListItem","position":1,"name":"Home","item":"https:\/\/kibrisdakik.com\/"},{"@type":"ListItem","position":2,"name":"\u015eampiyon Melekleri Ya\u015fatma Derne\u011fi yetkilileri adalet aray\u0131\u015f\u0131n\u0131 s\u00fcrd\u00fcrmek \u00fczere bug\u00fcn Ankara\u2019ya gitti"}]},{"@type":"WebSite","@id":"https:\/\/kibrisdakik.com\/#website","url":"https:\/\/kibrisdakik.com\/","name":"","description":"Tam vaktinde haber","potentialAction":[{"@type":"SearchAction","target":{"@type":"EntryPoint","urlTemplate":"https:\/\/kibrisdakik.com\/?s={search_term_string}"},"query-input":{"@type":"PropertyValueSpecification","valueRequired":true,"valueName":"search_term_string"}}],"inLanguage":"tr"},{"@type":"Person","@id":"https:\/\/kibrisdakik.com\/#\/schema\/person\/9cd9d437bbb44f72b73ba127e06d8e79","name":"admin","image":{"@type":"ImageObject","inLanguage":"tr","@id":"https:\/\/secure.gravatar.com\/avatar\/ccc17943b9d660506c869530f897617f7cb1c21a4bf30023f252596d83e1f007?s=96&d=mm&r=g","url":"https:\/\/secure.gravatar.com\/avatar\/ccc17943b9d660506c869530f897617f7cb1c21a4bf30023f252596d83e1f007?s=96&d=mm&r=g","contentUrl":"https:\/\/secure.gravatar.com\/avatar\/ccc17943b9d660506c869530f897617f7cb1c21a4bf30023f252596d83e1f007?s=96&d=mm&r=g","caption":"admin"},"sameAs":["https:\/\/kibrisdakik.com"],"url":"https:\/\/kibrisdakik.com\/?author=1"}]}},"_links":{"self":[{"href":"https:\/\/kibrisdakik.com\/index.php?rest_route=\/wp\/v2\/posts\/38640","targetHints":{"allow":["GET"]}}],"collection":[{"href":"https:\/\/kibrisdakik.com\/index.php?rest_route=\/wp\/v2\/posts"}],"about":[{"href":"https:\/\/kibrisdakik.com\/index.php?rest_route=\/wp\/v2\/types\/post"}],"author":[{"embeddable":true,"href":"https:\/\/kibrisdakik.com\/index.php?rest_route=\/wp\/v2\/users\/1"}],"replies":[{"embeddable":true,"href":"https:\/\/kibrisdakik.com\/index.php?rest_route=%2Fwp%2Fv2%2Fcomments&post=38640"}],"version-history":[{"count":0,"href":"https:\/\/kibrisdakik.com\/index.php?rest_route=\/wp\/v2\/posts\/38640\/revisions"}],"wp:featuredmedia":[{"embeddable":true,"href":"https:\/\/kibrisdakik.com\/index.php?rest_route=\/wp\/v2\/media\/38641"}],"wp:attachment":[{"href":"https:\/\/kibrisdakik.com\/index.php?rest_route=%2Fwp%2Fv2%2Fmedia&parent=38640"}],"wp:term":[{"taxonomy":"category","embeddable":true,"href":"https:\/\/kibrisdakik.com\/index.php?rest_route=%2Fwp%2Fv2%2Fcategories&post=38640"},{"taxonomy":"post_tag","embeddable":true,"href":"https:\/\/kibrisdakik.com\/index.php?rest_route=%2Fwp%2Fv2%2Ftags&post=38640"}],"curies":[{"name":"wp","href":"https:\/\/api.w.org\/{rel}","templated":true}]}}