{"id":38650,"date":"2024-04-17T12:49:42","date_gmt":"2024-04-17T12:49:42","guid":{"rendered":"https:\/\/kibrisdakik.com\/index.php\/2024\/04\/17\/arikli-havacilik-alanindaki-en-onemli-projemiz-ercan-havalimanidir\/"},"modified":"2024-04-17T12:49:42","modified_gmt":"2024-04-17T12:49:42","slug":"arikli-havacilik-alanindaki-en-onemli-projemiz-ercan-havalimanidir","status":"publish","type":"post","link":"https:\/\/kibrisdakik.com\/?p=38650","title":{"rendered":"Ar\u0131kl\u0131: \u201cHavac\u0131l\u0131k alan\u0131ndaki en \u00f6nemli projemiz Ercan Havaliman\u0131&#039;d\u0131r\u201d"},"content":{"rendered":"<p><img decoding=\"async\" src=\"https:\/\/www.kibristurk.com\/images\/haberler\/2024\/04\/arikli-havacilik-alanindaki-en-onemli-projemiz-ercan-havalimanidir-1713356848.webp\" \/><\/p>\n<p style=\"text-align:left\"><span style=\"font-size:16px\"><span style=\"font-family:Merriweather,serif !important\"><span style=\"color:#000000\"><span style=\"background-color:#ffffff\">Bakanl\u0131k&#8217;tan yap\u0131lan yaz\u0131l\u0131 a\u00e7\u0131klamaya g\u00f6re, Bakan Ar\u0131kl\u0131, panelde yapt\u0131\u011f\u0131 konu\u015fmada, Kuzey K\u0131br\u0131s T\u00fcrk Cumhuriyeti\u2019nin havac\u0131l\u0131k alan\u0131nda son y\u0131llarda \u00f6nemli projelere imza att\u0131\u011f\u0131n\u0131, en \u00f6nemli projelerinin de Ercan Havaliman\u0131\u2019n\u0131n yeni terminal binas\u0131 ile pistinin tamamlanarak hizmete sunulmas\u0131 oldu\u011funu belirtti.<\/span><\/span><\/span><\/span><\/p>\n<p style=\"text-align:left\"><span style=\"font-size:16px\"><span style=\"font-family:Merriweather,serif !important\"><span style=\"color:#000000\"><span style=\"background-color:#ffffff\">&nbsp;<\/span><\/span><\/span><\/span><\/p>\n<p style=\"text-align:left\"><span style=\"font-size:16px\"><span style=\"font-family:Merriweather,serif !important\"><span style=\"color:#000000\"><span style=\"background-color:#ffffff\">K\u0131br\u0131s T\u00fcrk halk\u0131n\u0131n yak\u0131n co\u011frafyan\u0131n en b\u00fcy\u00fck havaliman\u0131na sahip oldu\u011funu ifade eden Ar\u0131kl\u0131, \u201cErcan Havaliman\u0131 \u00f6zelle\u015ftirmeden \u00f6nce y\u0131lda 10 milyon dolar zarar ediyordu. Bug\u00fcn yeni havaliman\u0131ndan y\u0131lda 1 milyar TL\u2019lik gelir elde ediliyor.\u201d dedi.<\/span><\/span><\/span><\/span><\/p>\n<p style=\"text-align:left\"><span style=\"font-size:16px\"><span style=\"font-family:Merriweather,serif !important\"><span style=\"color:#000000\"><span style=\"background-color:#ffffff\">&nbsp;<\/span><\/span><\/span><\/span><\/p>\n<p style=\"text-align:left\"><span style=\"font-size:16px\"><span style=\"font-family:Merriweather,serif !important\"><span style=\"color:#000000\"><span style=\"background-color:#ffffff\">Ercan Havaliman\u0131\u2019n\u0131n \u00f6zelle\u015ftirilmesinin d\u00fcnyada bir benzeri olmad\u0131\u011f\u0131n\u0131 kaydeden Ar\u0131kl\u0131, kesilen her faturan\u0131n y\u00fczde 52\u2019sinin devlete kald\u0131\u011f\u0131n\u0131, \u00f6zelle\u015ftirmenin ard\u0131ndan Ercan Havaliman\u0131 sayesinde devletin kasas\u0131na giren paran\u0131n 600 milyon dolar\u0131 ge\u00e7ti\u011fini s\u00f6yledi.<\/span><\/span><\/span><\/span><\/p>\n<p style=\"text-align:left\"><span style=\"font-size:16px\"><span style=\"font-family:Merriweather,serif !important\"><span style=\"color:#000000\"><span style=\"background-color:#ffffff\">&nbsp;<\/span><\/span><\/span><\/span><\/p>\n<p style=\"text-align:left\"><span style=\"font-size:16px\"><span style=\"font-family:Merriweather,serif !important\"><span style=\"color:#000000\"><span style=\"background-color:#ffffff\">-\u201cHavalimanlar\u0131 ya\u015fayan organizmalar gibidir\u201d<\/span><\/span><\/span><\/span><\/p>\n<p style=\"text-align:left\"><span style=\"font-size:16px\"><span style=\"font-family:Merriweather,serif !important\"><span style=\"color:#000000\"><span style=\"background-color:#ffffff\">&nbsp;<\/span><\/span><\/span><\/span><\/p>\n<p style=\"text-align:left\"><span style=\"font-size:16px\"><span style=\"font-family:Merriweather,serif !important\"><span style=\"color:#000000\"><span style=\"background-color:#ffffff\">\u201cHavalimanlar\u0131 ya\u015fayan organizmalar gibidir ve eksikleri zaman i\u00e7erisinde giderilir. \u0130stanbul Havaliman\u0131&nbsp; hizmete girdi ancak hala eksikleri var.\u201d diyen Ar\u0131kl\u0131,&nbsp; Ercan Havaliman\u0131 hakk\u0131ndaki olumsuz d\u00fc\u015f\u00fcncelerin yanl\u0131\u015f oldu\u011funu kaydetti.<\/span><\/span><\/span><\/span><\/p>\n<p style=\"text-align:left\"><span style=\"font-size:16px\"><span style=\"font-family:Merriweather,serif !important\"><span style=\"color:#000000\"><span style=\"background-color:#ffffff\">&nbsp;<\/span><\/span><\/span><\/span><\/p>\n<p style=\"text-align:left\"><span style=\"font-size:16px\"><span style=\"font-family:Merriweather,serif !important\"><span style=\"color:#000000\"><span style=\"background-color:#ffffff\">Ar\u0131kl\u0131, Ercan Havaliman\u0131\u2019n\u0131n halk\u0131n mal\u0131 oldu\u011funu ifade ederek, \u201cErcan Havaliman\u0131 \u00f6v\u00fcnerek g\u00f6sterebilece\u011fimiz bir gurur kayna\u011f\u0131m\u0131zd\u0131r.&nbsp; Eksikler var ve bunlar zamanla tamamlanacakt\u0131r.\u201d dedi.<\/span><\/span><\/span><\/span><\/p>\n<p style=\"text-align:left\"><span style=\"font-size:16px\"><span style=\"font-family:Merriweather,serif !important\"><span style=\"color:#000000\"><span style=\"background-color:#ffffff\">&nbsp;<\/span><\/span><\/span><\/span><\/p>\n<p style=\"text-align:left\"><span style=\"font-size:16px\"><span style=\"font-family:Merriweather,serif !important\"><span style=\"color:#000000\"><span style=\"background-color:#ffffff\">Ar\u0131kl\u0131, Ercan Havaliman\u0131\u2019n\u0131n kapasitesinin geli\u015ftirilmesiyle birlikte ciddi istihdam ortam\u0131 olu\u015ftu\u011funu da s\u00f6zlerine ekledi.<\/span><\/span><\/span><\/span><\/p>\n<p style=\"text-align:left\"><span style=\"font-size:16px\"><span style=\"font-family:Merriweather,serif !important\"><span style=\"color:#000000\"><span style=\"background-color:#ffffff\">&nbsp;-Sofi<\/span><\/span><\/span><\/span><\/p>\n<p style=\"text-align:left\">&nbsp;<\/p>\n<p style=\"text-align:left\"><span style=\"font-size:16px\"><span style=\"font-family:Merriweather,serif !important\"><span style=\"color:#000000\"><span style=\"background-color:#ffffff\">Sivil Havac\u0131l\u0131k Dairesi M\u00fcd\u00fcr\u00fc Mustafa Sofi de Ercan Havaliman\u0131\u2019n\u0131n&nbsp; geli\u015fimiyle ilgili bir sunum yaparak kat\u0131l\u0131mc\u0131lar\u0131n sorular\u0131n\u0131 yan\u0131tlad\u0131.<\/span><\/span><\/span><\/span><\/p>\n<p style=\"text-align:left\"><span style=\"font-size:16px\"><span style=\"font-family:Merriweather,serif !important\"><span style=\"color:#000000\"><span style=\"background-color:#ffffff\">&nbsp;<\/span><\/span><\/span><\/span><\/p>\n<p style=\"text-align:left\"><span style=\"font-size:16px\"><span style=\"font-family:Merriweather,serif !important\"><span style=\"color:#000000\"><span style=\"background-color:#ffffff\">-\u00d6z\u00e7elik: \u201cErcan t\u00fcm teknolojik altyap\u0131s\u0131 tamamlanm\u0131\u015f \u015fekilde hizmet veriyor\u201d<\/span><\/span><\/span><\/span><\/p>\n<p style=\"text-align:left\"><span style=\"font-size:16px\"><span style=\"font-family:Merriweather,serif !important\"><span style=\"color:#000000\"><span style=\"background-color:#ffffff\">&nbsp;<\/span><\/span><\/span><\/span><\/p>\n<p style=\"text-align:left\"><span style=\"font-size:16px\"><span style=\"font-family:Merriweather,serif !important\"><span style=\"color:#000000\"><span style=\"background-color:#ffffff\">T&amp;T Ercan Havaliman\u0131 Genel M\u00fcd\u00fcr\u00fc Serhat \u00d6z\u00e7elik ise yeni havaliman\u0131n\u0131n kapasitesinin 15 milyon yolcuya hizmet verilebilecek \u015fekilde art\u0131r\u0131labilece\u011fini kaydederek yeni terminal binas\u0131 ve pistin teknolojik altyap\u0131s\u0131 tamamlanm\u0131\u015f \u015fekilde hizmet verdi\u011fini s\u00f6yledi.&nbsp;<\/span><\/span><\/span><\/span><\/p>\n","protected":false},"excerpt":{"rendered":"<p>Bakanl\u0131k&#8217;tan yap\u0131lan yaz\u0131l\u0131 a\u00e7\u0131klamaya g\u00f6re, Bakan Ar\u0131kl\u0131, panelde yapt\u0131\u011f\u0131 konu\u015fmada, Kuzey K\u0131br\u0131s T\u00fcrk Cumhuriyeti\u2019nin havac\u0131l\u0131k alan\u0131nda son y\u0131llarda \u00f6nemli projelere imza att\u0131\u011f\u0131n\u0131, en \u00f6nemli projelerinin de Ercan Havaliman\u0131\u2019n\u0131n yeni terminal binas\u0131 ile pistinin tamamlanarak hizmete sunulmas\u0131 oldu\u011funu belirtti. &nbsp; K\u0131br\u0131s T\u00fcrk halk\u0131n\u0131n yak\u0131n co\u011frafyan\u0131n en b\u00fcy\u00fck havaliman\u0131na sahip oldu\u011funu ifade eden Ar\u0131kl\u0131, \u201cErcan Havaliman\u0131 \u00f6zelle\u015ftirmeden<\/p>\n","protected":false},"author":1,"featured_media":38651,"comment_status":"open","ping_status":"open","sticky":false,"template":"","format":"standard","meta":{"footnotes":""},"categories":[85],"tags":[],"class_list":["post-38650","post","type-post","status-publish","format-standard","has-post-thumbnail","hentry","category-spor"],"yoast_head":"<!-- This site is optimized with the Yoast SEO plugin v28.3 - https:\/\/yoast.com\/product\/yoast-seo-wordpress\/ -->\n<title>Ar\u0131kl\u0131: \u201cHavac\u0131l\u0131k alan\u0131ndaki en \u00f6nemli projemiz Ercan Havaliman\u0131&#039;d\u0131r\u201d -<\/title>\n<meta name=\"robots\" content=\"index, follow, max-snippet:-1, max-image-preview:large, max-video-preview:-1\" \/>\n<link rel=\"canonical\" href=\"https:\/\/kibrisdakik.com\/?p=38650\" \/>\n<meta property=\"og:locale\" content=\"tr_TR\" \/>\n<meta property=\"og:type\" content=\"article\" \/>\n<meta property=\"og:title\" content=\"Ar\u0131kl\u0131: \u201cHavac\u0131l\u0131k alan\u0131ndaki en \u00f6nemli projemiz Ercan Havaliman\u0131&#039;d\u0131r\u201d -\" \/>\n<meta property=\"og:description\" content=\"Bakanl\u0131k&#8217;tan yap\u0131lan yaz\u0131l\u0131 a\u00e7\u0131klamaya g\u00f6re, Bakan Ar\u0131kl\u0131, panelde yapt\u0131\u011f\u0131 konu\u015fmada, Kuzey K\u0131br\u0131s T\u00fcrk Cumhuriyeti\u2019nin havac\u0131l\u0131k alan\u0131nda son y\u0131llarda \u00f6nemli projelere imza att\u0131\u011f\u0131n\u0131, en \u00f6nemli projelerinin de Ercan Havaliman\u0131\u2019n\u0131n yeni terminal binas\u0131 ile pistinin tamamlanarak hizmete sunulmas\u0131 oldu\u011funu belirtti. &nbsp; K\u0131br\u0131s T\u00fcrk halk\u0131n\u0131n yak\u0131n co\u011frafyan\u0131n en b\u00fcy\u00fck havaliman\u0131na sahip oldu\u011funu ifade eden Ar\u0131kl\u0131, \u201cErcan Havaliman\u0131 \u00f6zelle\u015ftirmeden\" \/>\n<meta property=\"og:url\" content=\"https:\/\/kibrisdakik.com\/?p=38650\" \/>\n<meta property=\"article:published_time\" content=\"2024-04-17T12:49:42+00:00\" \/>\n<meta property=\"og:image\" content=\"https:\/\/kibrisdakik.com\/wp-content\/uploads\/2024\/04\/arikli-havacilik-alanindaki-en-onemli-projemiz-ercan-havalimanidir-1713356848.webp.webp\" \/>\n\t<meta property=\"og:image:width\" content=\"710\" \/>\n\t<meta property=\"og:image:height\" content=\"370\" \/>\n\t<meta property=\"og:image:type\" content=\"image\/webp\" \/>\n<meta name=\"author\" content=\"admin\" \/>\n<meta name=\"twitter:card\" content=\"summary_large_image\" \/>\n<meta name=\"twitter:label1\" content=\"Yazan:\" \/>\n\t<meta name=\"twitter:data1\" content=\"admin\" \/>\n\t<meta name=\"twitter:label2\" content=\"Tahmini okuma s\u00fcresi\" \/>\n\t<meta name=\"twitter:data2\" content=\"2 dakika\" \/>\n<script type=\"application\/ld+json\" class=\"yoast-schema-graph\">{\"@context\":\"https:\\\/\\\/schema.org\",\"@graph\":[{\"@type\":\"Article\",\"@id\":\"https:\\\/\\\/kibrisdakik.com\\\/?p=38650#article\",\"isPartOf\":{\"@id\":\"https:\\\/\\\/kibrisdakik.com\\\/?p=38650\"},\"author\":{\"name\":\"admin\",\"@id\":\"https:\\\/\\\/kibrisdakik.com\\\/#\\\/schema\\\/person\\\/9cd9d437bbb44f72b73ba127e06d8e79\"},\"headline\":\"Ar\u0131kl\u0131: \u201cHavac\u0131l\u0131k alan\u0131ndaki en \u00f6nemli projemiz Ercan Havaliman\u0131&#039;d\u0131r\u201d\",\"datePublished\":\"2024-04-17T12:49:42+00:00\",\"mainEntityOfPage\":{\"@id\":\"https:\\\/\\\/kibrisdakik.com\\\/?p=38650\"},\"wordCount\":363,\"commentCount\":0,\"publisher\":{\"@id\":\"https:\\\/\\\/kibrisdakik.com\\\/#organization\"},\"image\":{\"@id\":\"https:\\\/\\\/kibrisdakik.com\\\/?p=38650#primaryimage\"},\"thumbnailUrl\":\"https:\\\/\\\/kibrisdakik.com\\\/wp-content\\\/uploads\\\/2024\\\/04\\\/arikli-havacilik-alanindaki-en-onemli-projemiz-ercan-havalimanidir-1713356848.webp.webp\",\"articleSection\":[\"Spor\"],\"inLanguage\":\"tr\",\"potentialAction\":[{\"@type\":\"CommentAction\",\"name\":\"Comment\",\"target\":[\"https:\\\/\\\/kibrisdakik.com\\\/?p=38650#respond\"]}]},{\"@type\":\"WebPage\",\"@id\":\"https:\\\/\\\/kibrisdakik.com\\\/?p=38650\",\"url\":\"https:\\\/\\\/kibrisdakik.com\\\/?p=38650\",\"name\":\"Ar\u0131kl\u0131: \u201cHavac\u0131l\u0131k alan\u0131ndaki en \u00f6nemli projemiz Ercan Havaliman\u0131&#039;d\u0131r\u201d -\",\"isPartOf\":{\"@id\":\"https:\\\/\\\/kibrisdakik.com\\\/#website\"},\"primaryImageOfPage\":{\"@id\":\"https:\\\/\\\/kibrisdakik.com\\\/?p=38650#primaryimage\"},\"image\":{\"@id\":\"https:\\\/\\\/kibrisdakik.com\\\/?p=38650#primaryimage\"},\"thumbnailUrl\":\"https:\\\/\\\/kibrisdakik.com\\\/wp-content\\\/uploads\\\/2024\\\/04\\\/arikli-havacilik-alanindaki-en-onemli-projemiz-ercan-havalimanidir-1713356848.webp.webp\",\"datePublished\":\"2024-04-17T12:49:42+00:00\",\"breadcrumb\":{\"@id\":\"https:\\\/\\\/kibrisdakik.com\\\/?p=38650#breadcrumb\"},\"inLanguage\":\"tr\",\"potentialAction\":[{\"@type\":\"ReadAction\",\"target\":[\"https:\\\/\\\/kibrisdakik.com\\\/?p=38650\"]}]},{\"@type\":\"ImageObject\",\"inLanguage\":\"tr\",\"@id\":\"https:\\\/\\\/kibrisdakik.com\\\/?p=38650#primaryimage\",\"url\":\"https:\\\/\\\/kibrisdakik.com\\\/wp-content\\\/uploads\\\/2024\\\/04\\\/arikli-havacilik-alanindaki-en-onemli-projemiz-ercan-havalimanidir-1713356848.webp.webp\",\"contentUrl\":\"https:\\\/\\\/kibrisdakik.com\\\/wp-content\\\/uploads\\\/2024\\\/04\\\/arikli-havacilik-alanindaki-en-onemli-projemiz-ercan-havalimanidir-1713356848.webp.webp\",\"width\":710,\"height\":370},{\"@type\":\"BreadcrumbList\",\"@id\":\"https:\\\/\\\/kibrisdakik.com\\\/?p=38650#breadcrumb\",\"itemListElement\":[{\"@type\":\"ListItem\",\"position\":1,\"name\":\"Home\",\"item\":\"https:\\\/\\\/kibrisdakik.com\\\/\"},{\"@type\":\"ListItem\",\"position\":2,\"name\":\"Ar\u0131kl\u0131: \u201cHavac\u0131l\u0131k alan\u0131ndaki en \u00f6nemli projemiz Ercan Havaliman\u0131&#039;d\u0131r\u201d\"}]},{\"@type\":\"WebSite\",\"@id\":\"https:\\\/\\\/kibrisdakik.com\\\/#website\",\"url\":\"https:\\\/\\\/kibrisdakik.com\\\/\",\"name\":\"K\u0131br\u0131s Dakik\",\"description\":\"Tam vaktinde haber\",\"publisher\":{\"@id\":\"https:\\\/\\\/kibrisdakik.com\\\/#organization\"},\"potentialAction\":[{\"@type\":\"SearchAction\",\"target\":{\"@type\":\"EntryPoint\",\"urlTemplate\":\"https:\\\/\\\/kibrisdakik.com\\\/?s={search_term_string}\"},\"query-input\":{\"@type\":\"PropertyValueSpecification\",\"valueRequired\":true,\"valueName\":\"search_term_string\"}}],\"inLanguage\":\"tr\"},{\"@type\":\"Organization\",\"@id\":\"https:\\\/\\\/kibrisdakik.com\\\/#organization\",\"name\":\"K\u0131br\u0131s Dakik\",\"url\":\"https:\\\/\\\/kibrisdakik.com\\\/\",\"logo\":{\"@type\":\"ImageObject\",\"inLanguage\":\"tr\",\"@id\":\"https:\\\/\\\/kibrisdakik.com\\\/#\\\/schema\\\/logo\\\/image\\\/\",\"url\":\"https:\\\/\\\/kibrisdakik.com\\\/wp-content\\\/uploads\\\/2025\\\/10\\\/cropped-WhatsApp-Image-2025-10-02-at-12.58.31.jpeg\",\"contentUrl\":\"https:\\\/\\\/kibrisdakik.com\\\/wp-content\\\/uploads\\\/2025\\\/10\\\/cropped-WhatsApp-Image-2025-10-02-at-12.58.31.jpeg\",\"width\":1237,\"height\":190,\"caption\":\"K\u0131br\u0131s Dakik\"},\"image\":{\"@id\":\"https:\\\/\\\/kibrisdakik.com\\\/#\\\/schema\\\/logo\\\/image\\\/\"}},{\"@type\":\"Person\",\"@id\":\"https:\\\/\\\/kibrisdakik.com\\\/#\\\/schema\\\/person\\\/9cd9d437bbb44f72b73ba127e06d8e79\",\"name\":\"admin\",\"image\":{\"@type\":\"ImageObject\",\"inLanguage\":\"tr\",\"@id\":\"https:\\\/\\\/secure.gravatar.com\\\/avatar\\\/ccc17943b9d660506c869530f897617f7cb1c21a4bf30023f252596d83e1f007?s=96&d=mm&r=g\",\"url\":\"https:\\\/\\\/secure.gravatar.com\\\/avatar\\\/ccc17943b9d660506c869530f897617f7cb1c21a4bf30023f252596d83e1f007?s=96&d=mm&r=g\",\"contentUrl\":\"https:\\\/\\\/secure.gravatar.com\\\/avatar\\\/ccc17943b9d660506c869530f897617f7cb1c21a4bf30023f252596d83e1f007?s=96&d=mm&r=g\",\"caption\":\"admin\"},\"sameAs\":[\"https:\\\/\\\/kibrisdakik.com\"],\"url\":\"https:\\\/\\\/kibrisdakik.com\\\/?author=1\"}]}<\/script>\n<!-- \/ Yoast SEO plugin. -->","yoast_head_json":{"title":"Ar\u0131kl\u0131: \u201cHavac\u0131l\u0131k alan\u0131ndaki en \u00f6nemli projemiz Ercan Havaliman\u0131&#039;d\u0131r\u201d -","robots":{"index":"index","follow":"follow","max-snippet":"max-snippet:-1","max-image-preview":"max-image-preview:large","max-video-preview":"max-video-preview:-1"},"canonical":"https:\/\/kibrisdakik.com\/?p=38650","og_locale":"tr_TR","og_type":"article","og_title":"Ar\u0131kl\u0131: \u201cHavac\u0131l\u0131k alan\u0131ndaki en \u00f6nemli projemiz Ercan Havaliman\u0131&#039;d\u0131r\u201d -","og_description":"Bakanl\u0131k&#8217;tan yap\u0131lan yaz\u0131l\u0131 a\u00e7\u0131klamaya g\u00f6re, Bakan Ar\u0131kl\u0131, panelde yapt\u0131\u011f\u0131 konu\u015fmada, Kuzey K\u0131br\u0131s T\u00fcrk Cumhuriyeti\u2019nin havac\u0131l\u0131k alan\u0131nda son y\u0131llarda \u00f6nemli projelere imza att\u0131\u011f\u0131n\u0131, en \u00f6nemli projelerinin de Ercan Havaliman\u0131\u2019n\u0131n yeni terminal binas\u0131 ile pistinin tamamlanarak hizmete sunulmas\u0131 oldu\u011funu belirtti. &nbsp; K\u0131br\u0131s T\u00fcrk halk\u0131n\u0131n yak\u0131n co\u011frafyan\u0131n en b\u00fcy\u00fck havaliman\u0131na sahip oldu\u011funu ifade eden Ar\u0131kl\u0131, \u201cErcan Havaliman\u0131 \u00f6zelle\u015ftirmeden","og_url":"https:\/\/kibrisdakik.com\/?p=38650","article_published_time":"2024-04-17T12:49:42+00:00","og_image":[{"width":710,"height":370,"url":"https:\/\/kibrisdakik.com\/wp-content\/uploads\/2024\/04\/arikli-havacilik-alanindaki-en-onemli-projemiz-ercan-havalimanidir-1713356848.webp.webp","type":"image\/webp"}],"author":"admin","twitter_card":"summary_large_image","twitter_misc":{"Yazan:":"admin","Tahmini okuma s\u00fcresi":"2 dakika"},"schema":{"@context":"https:\/\/schema.org","@graph":[{"@type":"Article","@id":"https:\/\/kibrisdakik.com\/?p=38650#article","isPartOf":{"@id":"https:\/\/kibrisdakik.com\/?p=38650"},"author":{"name":"admin","@id":"https:\/\/kibrisdakik.com\/#\/schema\/person\/9cd9d437bbb44f72b73ba127e06d8e79"},"headline":"Ar\u0131kl\u0131: \u201cHavac\u0131l\u0131k alan\u0131ndaki en \u00f6nemli projemiz Ercan Havaliman\u0131&#039;d\u0131r\u201d","datePublished":"2024-04-17T12:49:42+00:00","mainEntityOfPage":{"@id":"https:\/\/kibrisdakik.com\/?p=38650"},"wordCount":363,"commentCount":0,"publisher":{"@id":"https:\/\/kibrisdakik.com\/#organization"},"image":{"@id":"https:\/\/kibrisdakik.com\/?p=38650#primaryimage"},"thumbnailUrl":"https:\/\/kibrisdakik.com\/wp-content\/uploads\/2024\/04\/arikli-havacilik-alanindaki-en-onemli-projemiz-ercan-havalimanidir-1713356848.webp.webp","articleSection":["Spor"],"inLanguage":"tr","potentialAction":[{"@type":"CommentAction","name":"Comment","target":["https:\/\/kibrisdakik.com\/?p=38650#respond"]}]},{"@type":"WebPage","@id":"https:\/\/kibrisdakik.com\/?p=38650","url":"https:\/\/kibrisdakik.com\/?p=38650","name":"Ar\u0131kl\u0131: \u201cHavac\u0131l\u0131k alan\u0131ndaki en \u00f6nemli projemiz Ercan Havaliman\u0131&#039;d\u0131r\u201d -","isPartOf":{"@id":"https:\/\/kibrisdakik.com\/#website"},"primaryImageOfPage":{"@id":"https:\/\/kibrisdakik.com\/?p=38650#primaryimage"},"image":{"@id":"https:\/\/kibrisdakik.com\/?p=38650#primaryimage"},"thumbnailUrl":"https:\/\/kibrisdakik.com\/wp-content\/uploads\/2024\/04\/arikli-havacilik-alanindaki-en-onemli-projemiz-ercan-havalimanidir-1713356848.webp.webp","datePublished":"2024-04-17T12:49:42+00:00","breadcrumb":{"@id":"https:\/\/kibrisdakik.com\/?p=38650#breadcrumb"},"inLanguage":"tr","potentialAction":[{"@type":"ReadAction","target":["https:\/\/kibrisdakik.com\/?p=38650"]}]},{"@type":"ImageObject","inLanguage":"tr","@id":"https:\/\/kibrisdakik.com\/?p=38650#primaryimage","url":"https:\/\/kibrisdakik.com\/wp-content\/uploads\/2024\/04\/arikli-havacilik-alanindaki-en-onemli-projemiz-ercan-havalimanidir-1713356848.webp.webp","contentUrl":"https:\/\/kibrisdakik.com\/wp-content\/uploads\/2024\/04\/arikli-havacilik-alanindaki-en-onemli-projemiz-ercan-havalimanidir-1713356848.webp.webp","width":710,"height":370},{"@type":"BreadcrumbList","@id":"https:\/\/kibrisdakik.com\/?p=38650#breadcrumb","itemListElement":[{"@type":"ListItem","position":1,"name":"Home","item":"https:\/\/kibrisdakik.com\/"},{"@type":"ListItem","position":2,"name":"Ar\u0131kl\u0131: \u201cHavac\u0131l\u0131k alan\u0131ndaki en \u00f6nemli projemiz Ercan Havaliman\u0131&#039;d\u0131r\u201d"}]},{"@type":"WebSite","@id":"https:\/\/kibrisdakik.com\/#website","url":"https:\/\/kibrisdakik.com\/","name":"K\u0131br\u0131s Dakik","description":"Tam vaktinde haber","publisher":{"@id":"https:\/\/kibrisdakik.com\/#organization"},"potentialAction":[{"@type":"SearchAction","target":{"@type":"EntryPoint","urlTemplate":"https:\/\/kibrisdakik.com\/?s={search_term_string}"},"query-input":{"@type":"PropertyValueSpecification","valueRequired":true,"valueName":"search_term_string"}}],"inLanguage":"tr"},{"@type":"Organization","@id":"https:\/\/kibrisdakik.com\/#organization","name":"K\u0131br\u0131s Dakik","url":"https:\/\/kibrisdakik.com\/","logo":{"@type":"ImageObject","inLanguage":"tr","@id":"https:\/\/kibrisdakik.com\/#\/schema\/logo\/image\/","url":"https:\/\/kibrisdakik.com\/wp-content\/uploads\/2025\/10\/cropped-WhatsApp-Image-2025-10-02-at-12.58.31.jpeg","contentUrl":"https:\/\/kibrisdakik.com\/wp-content\/uploads\/2025\/10\/cropped-WhatsApp-Image-2025-10-02-at-12.58.31.jpeg","width":1237,"height":190,"caption":"K\u0131br\u0131s Dakik"},"image":{"@id":"https:\/\/kibrisdakik.com\/#\/schema\/logo\/image\/"}},{"@type":"Person","@id":"https:\/\/kibrisdakik.com\/#\/schema\/person\/9cd9d437bbb44f72b73ba127e06d8e79","name":"admin","image":{"@type":"ImageObject","inLanguage":"tr","@id":"https:\/\/secure.gravatar.com\/avatar\/ccc17943b9d660506c869530f897617f7cb1c21a4bf30023f252596d83e1f007?s=96&d=mm&r=g","url":"https:\/\/secure.gravatar.com\/avatar\/ccc17943b9d660506c869530f897617f7cb1c21a4bf30023f252596d83e1f007?s=96&d=mm&r=g","contentUrl":"https:\/\/secure.gravatar.com\/avatar\/ccc17943b9d660506c869530f897617f7cb1c21a4bf30023f252596d83e1f007?s=96&d=mm&r=g","caption":"admin"},"sameAs":["https:\/\/kibrisdakik.com"],"url":"https:\/\/kibrisdakik.com\/?author=1"}]}},"_links":{"self":[{"href":"https:\/\/kibrisdakik.com\/index.php?rest_route=\/wp\/v2\/posts\/38650","targetHints":{"allow":["GET"]}}],"collection":[{"href":"https:\/\/kibrisdakik.com\/index.php?rest_route=\/wp\/v2\/posts"}],"about":[{"href":"https:\/\/kibrisdakik.com\/index.php?rest_route=\/wp\/v2\/types\/post"}],"author":[{"embeddable":true,"href":"https:\/\/kibrisdakik.com\/index.php?rest_route=\/wp\/v2\/users\/1"}],"replies":[{"embeddable":true,"href":"https:\/\/kibrisdakik.com\/index.php?rest_route=%2Fwp%2Fv2%2Fcomments&post=38650"}],"version-history":[{"count":0,"href":"https:\/\/kibrisdakik.com\/index.php?rest_route=\/wp\/v2\/posts\/38650\/revisions"}],"wp:featuredmedia":[{"embeddable":true,"href":"https:\/\/kibrisdakik.com\/index.php?rest_route=\/wp\/v2\/media\/38651"}],"wp:attachment":[{"href":"https:\/\/kibrisdakik.com\/index.php?rest_route=%2Fwp%2Fv2%2Fmedia&parent=38650"}],"wp:term":[{"taxonomy":"category","embeddable":true,"href":"https:\/\/kibrisdakik.com\/index.php?rest_route=%2Fwp%2Fv2%2Fcategories&post=38650"},{"taxonomy":"post_tag","embeddable":true,"href":"https:\/\/kibrisdakik.com\/index.php?rest_route=%2Fwp%2Fv2%2Ftags&post=38650"}],"curies":[{"name":"wp","href":"https:\/\/api.w.org\/{rel}","templated":true}]}}