{"id":38739,"date":"2024-04-17T13:19:00","date_gmt":"2024-04-17T13:19:00","guid":{"rendered":"https:\/\/kibrisdakik.com\/index.php\/2024\/04\/17\/ayni-milletin-mensuplari-olmaktan-seref-ve-gurur-duyuyoruz\/"},"modified":"2024-04-17T13:19:00","modified_gmt":"2024-04-17T13:19:00","slug":"ayni-milletin-mensuplari-olmaktan-seref-ve-gurur-duyuyoruz","status":"publish","type":"post","link":"https:\/\/kibrisdakik.com\/?p=38739","title":{"rendered":"\u201cAyn\u0131 milletin mensuplar\u0131 olmaktan \u015feref ve gurur duyuyoruz&quot;"},"content":{"rendered":"<p><img decoding=\"async\" src=\"https:\/\/www.kibristurk.com\/images\/haberler\/2024\/04\/ayni-milletin-mensuplari-olmaktan-seref-ve-gurur-duyuyoruz-1713360011.webp\" \/><\/p>\n<p style=\"text-align:left\"><span style=\"font-size:16px\"><span style=\"font-family:Merriweather,serif !important\"><span style=\"color:#000000\"><span style=\"background-color:#ffffff\">Cumhuriyet Meclisi\u2019nden yap\u0131lan a\u00e7\u0131klamaya g\u00f6re, Meclis \u015eeref Salonu\u2019nda yer alan kabulde konu\u015fan T\u00f6re, millete hizmet etmeyi daima kendilerine \u015fiar edindiklerini ifade ederek, KKTC ve Anavatan T\u00fcrkiye\u2019ye sahip \u00e7\u0131kman\u0131n \u015fehitlere olan bor\u00e7lar\u0131 oldu\u011funu s\u00f6yledi.<\/span><\/span><\/span><\/span><\/p>\n<p style=\"text-align:left\"><span style=\"font-size:16px\"><span style=\"font-family:Merriweather,serif !important\"><span style=\"color:#000000\"><span style=\"background-color:#ffffff\">Kendilerinden sonraki nesle b\u0131rakacaklar\u0131 en b\u00fcy\u00fck eserin cumhuriyet oldu\u011funu vurgulayan T\u00f6re, cumhuriyetin harc\u0131nda m\u00fccahitlerin ve Mehmet\u00e7iklerin kan\u0131 ve can\u0131 oldu\u011funu belirtti.<\/span><\/span><\/span><\/span><\/p>\n<p style=\"text-align:left\"><span style=\"font-size:16px\"><span style=\"font-family:Merriweather,serif !important\"><span style=\"color:#000000\"><span style=\"background-color:#ffffff\">Ayn\u0131 milletin mensuplar\u0131 olmaktan \u015feref ve gurur duyduklar\u0131n\u0131n alt\u0131n\u0131 \u00e7izen T\u00f6re, T\u00fcrkiye\u2019nin sivil toplum \u00f6rg\u00fctlerinin KKTC\u2019ye ziyaretler ger\u00e7ekle\u015ftirmesi ve etkinlikler yapmas\u0131ndan duydu\u011fu memnuniyeti ifade etti.<\/span><\/span><\/span><\/span><\/p>\n<p style=\"text-align:left\"><span style=\"font-size:16px\"><span style=\"font-family:Merriweather,serif !important\"><span style=\"color:#000000\"><span style=\"background-color:#ffffff\">\u0130zmir Esnaf, Zanaatkarlar ve Odalar Birli\u011fi Ba\u015fkan\u0131 Yal\u00e7\u0131n Ata da, kabulden dolay\u0131 te\u015fekk\u00fcr ederek, KKTC\u2019de bulunmaktan duydu\u011fu memnuniyeti dile getirdi.<\/span><\/span><\/span><\/span><\/p>\n","protected":false},"excerpt":{"rendered":"<p>Cumhuriyet Meclisi\u2019nden yap\u0131lan a\u00e7\u0131klamaya g\u00f6re, Meclis \u015eeref Salonu\u2019nda yer alan kabulde konu\u015fan T\u00f6re, millete hizmet etmeyi daima kendilerine \u015fiar edindiklerini ifade ederek, KKTC ve Anavatan T\u00fcrkiye\u2019ye sahip \u00e7\u0131kman\u0131n \u015fehitlere olan bor\u00e7lar\u0131 oldu\u011funu s\u00f6yledi. Kendilerinden sonraki nesle b\u0131rakacaklar\u0131 en b\u00fcy\u00fck eserin cumhuriyet oldu\u011funu vurgulayan T\u00f6re, cumhuriyetin harc\u0131nda m\u00fccahitlerin ve Mehmet\u00e7iklerin kan\u0131 ve can\u0131 oldu\u011funu belirtti. Ayn\u0131<\/p>\n","protected":false},"author":1,"featured_media":38740,"comment_status":"open","ping_status":"open","sticky":false,"template":"","format":"standard","meta":{"footnotes":""},"categories":[1],"tags":[],"class_list":["post-38739","post","type-post","status-publish","format-standard","has-post-thumbnail","hentry","category-gundem"],"yoast_head":"<!-- This site is optimized with the Yoast SEO plugin v27.4 - https:\/\/yoast.com\/product\/yoast-seo-wordpress\/ -->\n<title>\u201cAyn\u0131 milletin mensuplar\u0131 olmaktan \u015feref ve gurur duyuyoruz&quot; -<\/title>\n<meta name=\"robots\" content=\"index, follow, max-snippet:-1, max-image-preview:large, max-video-preview:-1\" \/>\n<link rel=\"canonical\" href=\"https:\/\/kibrisdakik.com\/?p=38739\" \/>\n<meta property=\"og:locale\" content=\"tr_TR\" \/>\n<meta property=\"og:type\" content=\"article\" \/>\n<meta property=\"og:title\" content=\"\u201cAyn\u0131 milletin mensuplar\u0131 olmaktan \u015feref ve gurur duyuyoruz&quot; -\" \/>\n<meta property=\"og:description\" content=\"Cumhuriyet Meclisi\u2019nden yap\u0131lan a\u00e7\u0131klamaya g\u00f6re, Meclis \u015eeref Salonu\u2019nda yer alan kabulde konu\u015fan T\u00f6re, millete hizmet etmeyi daima kendilerine \u015fiar edindiklerini ifade ederek, KKTC ve Anavatan T\u00fcrkiye\u2019ye sahip \u00e7\u0131kman\u0131n \u015fehitlere olan bor\u00e7lar\u0131 oldu\u011funu s\u00f6yledi. Kendilerinden sonraki nesle b\u0131rakacaklar\u0131 en b\u00fcy\u00fck eserin cumhuriyet oldu\u011funu vurgulayan T\u00f6re, cumhuriyetin harc\u0131nda m\u00fccahitlerin ve Mehmet\u00e7iklerin kan\u0131 ve can\u0131 oldu\u011funu belirtti. Ayn\u0131\" \/>\n<meta property=\"og:url\" content=\"https:\/\/kibrisdakik.com\/?p=38739\" \/>\n<meta property=\"article:published_time\" content=\"2024-04-17T13:19:00+00:00\" \/>\n<meta property=\"og:image\" content=\"https:\/\/kibrisdakik.com\/wp-content\/uploads\/2024\/04\/ayni-milletin-mensuplari-olmaktan-seref-ve-gurur-duyuyoruz-1713360011.webp.webp\" \/>\n\t<meta property=\"og:image:width\" content=\"710\" \/>\n\t<meta property=\"og:image:height\" content=\"370\" \/>\n\t<meta property=\"og:image:type\" content=\"image\/webp\" \/>\n<meta name=\"author\" content=\"admin\" \/>\n<meta name=\"twitter:card\" content=\"summary_large_image\" \/>\n<meta name=\"twitter:label1\" content=\"Yazan:\" \/>\n\t<meta name=\"twitter:data1\" content=\"admin\" \/>\n\t<meta name=\"twitter:label2\" content=\"Tahmini okuma s\u00fcresi\" \/>\n\t<meta name=\"twitter:data2\" content=\"1 dakika\" \/>\n<script type=\"application\/ld+json\" class=\"yoast-schema-graph\">{\"@context\":\"https:\\\/\\\/schema.org\",\"@graph\":[{\"@type\":\"Article\",\"@id\":\"https:\\\/\\\/kibrisdakik.com\\\/?p=38739#article\",\"isPartOf\":{\"@id\":\"https:\\\/\\\/kibrisdakik.com\\\/?p=38739\"},\"author\":{\"name\":\"admin\",\"@id\":\"https:\\\/\\\/kibrisdakik.com\\\/#\\\/schema\\\/person\\\/9cd9d437bbb44f72b73ba127e06d8e79\"},\"headline\":\"\u201cAyn\u0131 milletin mensuplar\u0131 olmaktan \u015feref ve gurur duyuyoruz&quot;\",\"datePublished\":\"2024-04-17T13:19:00+00:00\",\"mainEntityOfPage\":{\"@id\":\"https:\\\/\\\/kibrisdakik.com\\\/?p=38739\"},\"wordCount\":149,\"commentCount\":0,\"image\":{\"@id\":\"https:\\\/\\\/kibrisdakik.com\\\/?p=38739#primaryimage\"},\"thumbnailUrl\":\"https:\\\/\\\/kibrisdakik.com\\\/wp-content\\\/uploads\\\/2024\\\/04\\\/ayni-milletin-mensuplari-olmaktan-seref-ve-gurur-duyuyoruz-1713360011.webp.webp\",\"articleSection\":[\"G\u00fcndem\"],\"inLanguage\":\"tr\",\"potentialAction\":[{\"@type\":\"CommentAction\",\"name\":\"Comment\",\"target\":[\"https:\\\/\\\/kibrisdakik.com\\\/?p=38739#respond\"]}]},{\"@type\":\"WebPage\",\"@id\":\"https:\\\/\\\/kibrisdakik.com\\\/?p=38739\",\"url\":\"https:\\\/\\\/kibrisdakik.com\\\/?p=38739\",\"name\":\"\u201cAyn\u0131 milletin mensuplar\u0131 olmaktan \u015feref ve gurur duyuyoruz&quot; -\",\"isPartOf\":{\"@id\":\"https:\\\/\\\/kibrisdakik.com\\\/#website\"},\"primaryImageOfPage\":{\"@id\":\"https:\\\/\\\/kibrisdakik.com\\\/?p=38739#primaryimage\"},\"image\":{\"@id\":\"https:\\\/\\\/kibrisdakik.com\\\/?p=38739#primaryimage\"},\"thumbnailUrl\":\"https:\\\/\\\/kibrisdakik.com\\\/wp-content\\\/uploads\\\/2024\\\/04\\\/ayni-milletin-mensuplari-olmaktan-seref-ve-gurur-duyuyoruz-1713360011.webp.webp\",\"datePublished\":\"2024-04-17T13:19:00+00:00\",\"author\":{\"@id\":\"https:\\\/\\\/kibrisdakik.com\\\/#\\\/schema\\\/person\\\/9cd9d437bbb44f72b73ba127e06d8e79\"},\"breadcrumb\":{\"@id\":\"https:\\\/\\\/kibrisdakik.com\\\/?p=38739#breadcrumb\"},\"inLanguage\":\"tr\",\"potentialAction\":[{\"@type\":\"ReadAction\",\"target\":[\"https:\\\/\\\/kibrisdakik.com\\\/?p=38739\"]}]},{\"@type\":\"ImageObject\",\"inLanguage\":\"tr\",\"@id\":\"https:\\\/\\\/kibrisdakik.com\\\/?p=38739#primaryimage\",\"url\":\"https:\\\/\\\/kibrisdakik.com\\\/wp-content\\\/uploads\\\/2024\\\/04\\\/ayni-milletin-mensuplari-olmaktan-seref-ve-gurur-duyuyoruz-1713360011.webp.webp\",\"contentUrl\":\"https:\\\/\\\/kibrisdakik.com\\\/wp-content\\\/uploads\\\/2024\\\/04\\\/ayni-milletin-mensuplari-olmaktan-seref-ve-gurur-duyuyoruz-1713360011.webp.webp\",\"width\":710,\"height\":370},{\"@type\":\"BreadcrumbList\",\"@id\":\"https:\\\/\\\/kibrisdakik.com\\\/?p=38739#breadcrumb\",\"itemListElement\":[{\"@type\":\"ListItem\",\"position\":1,\"name\":\"Home\",\"item\":\"https:\\\/\\\/kibrisdakik.com\\\/\"},{\"@type\":\"ListItem\",\"position\":2,\"name\":\"\u201cAyn\u0131 milletin mensuplar\u0131 olmaktan \u015feref ve gurur duyuyoruz&quot;\"}]},{\"@type\":\"WebSite\",\"@id\":\"https:\\\/\\\/kibrisdakik.com\\\/#website\",\"url\":\"https:\\\/\\\/kibrisdakik.com\\\/\",\"name\":\"\",\"description\":\"Tam vaktinde haber\",\"potentialAction\":[{\"@type\":\"SearchAction\",\"target\":{\"@type\":\"EntryPoint\",\"urlTemplate\":\"https:\\\/\\\/kibrisdakik.com\\\/?s={search_term_string}\"},\"query-input\":{\"@type\":\"PropertyValueSpecification\",\"valueRequired\":true,\"valueName\":\"search_term_string\"}}],\"inLanguage\":\"tr\"},{\"@type\":\"Person\",\"@id\":\"https:\\\/\\\/kibrisdakik.com\\\/#\\\/schema\\\/person\\\/9cd9d437bbb44f72b73ba127e06d8e79\",\"name\":\"admin\",\"image\":{\"@type\":\"ImageObject\",\"inLanguage\":\"tr\",\"@id\":\"https:\\\/\\\/secure.gravatar.com\\\/avatar\\\/ccc17943b9d660506c869530f897617f7cb1c21a4bf30023f252596d83e1f007?s=96&d=mm&r=g\",\"url\":\"https:\\\/\\\/secure.gravatar.com\\\/avatar\\\/ccc17943b9d660506c869530f897617f7cb1c21a4bf30023f252596d83e1f007?s=96&d=mm&r=g\",\"contentUrl\":\"https:\\\/\\\/secure.gravatar.com\\\/avatar\\\/ccc17943b9d660506c869530f897617f7cb1c21a4bf30023f252596d83e1f007?s=96&d=mm&r=g\",\"caption\":\"admin\"},\"sameAs\":[\"https:\\\/\\\/kibrisdakik.com\"],\"url\":\"https:\\\/\\\/kibrisdakik.com\\\/?author=1\"}]}<\/script>\n<!-- \/ Yoast SEO plugin. -->","yoast_head_json":{"title":"\u201cAyn\u0131 milletin mensuplar\u0131 olmaktan \u015feref ve gurur duyuyoruz&quot; -","robots":{"index":"index","follow":"follow","max-snippet":"max-snippet:-1","max-image-preview":"max-image-preview:large","max-video-preview":"max-video-preview:-1"},"canonical":"https:\/\/kibrisdakik.com\/?p=38739","og_locale":"tr_TR","og_type":"article","og_title":"\u201cAyn\u0131 milletin mensuplar\u0131 olmaktan \u015feref ve gurur duyuyoruz&quot; -","og_description":"Cumhuriyet Meclisi\u2019nden yap\u0131lan a\u00e7\u0131klamaya g\u00f6re, Meclis \u015eeref Salonu\u2019nda yer alan kabulde konu\u015fan T\u00f6re, millete hizmet etmeyi daima kendilerine \u015fiar edindiklerini ifade ederek, KKTC ve Anavatan T\u00fcrkiye\u2019ye sahip \u00e7\u0131kman\u0131n \u015fehitlere olan bor\u00e7lar\u0131 oldu\u011funu s\u00f6yledi. Kendilerinden sonraki nesle b\u0131rakacaklar\u0131 en b\u00fcy\u00fck eserin cumhuriyet oldu\u011funu vurgulayan T\u00f6re, cumhuriyetin harc\u0131nda m\u00fccahitlerin ve Mehmet\u00e7iklerin kan\u0131 ve can\u0131 oldu\u011funu belirtti. Ayn\u0131","og_url":"https:\/\/kibrisdakik.com\/?p=38739","article_published_time":"2024-04-17T13:19:00+00:00","og_image":[{"width":710,"height":370,"url":"https:\/\/kibrisdakik.com\/wp-content\/uploads\/2024\/04\/ayni-milletin-mensuplari-olmaktan-seref-ve-gurur-duyuyoruz-1713360011.webp.webp","type":"image\/webp"}],"author":"admin","twitter_card":"summary_large_image","twitter_misc":{"Yazan:":"admin","Tahmini okuma s\u00fcresi":"1 dakika"},"schema":{"@context":"https:\/\/schema.org","@graph":[{"@type":"Article","@id":"https:\/\/kibrisdakik.com\/?p=38739#article","isPartOf":{"@id":"https:\/\/kibrisdakik.com\/?p=38739"},"author":{"name":"admin","@id":"https:\/\/kibrisdakik.com\/#\/schema\/person\/9cd9d437bbb44f72b73ba127e06d8e79"},"headline":"\u201cAyn\u0131 milletin mensuplar\u0131 olmaktan \u015feref ve gurur duyuyoruz&quot;","datePublished":"2024-04-17T13:19:00+00:00","mainEntityOfPage":{"@id":"https:\/\/kibrisdakik.com\/?p=38739"},"wordCount":149,"commentCount":0,"image":{"@id":"https:\/\/kibrisdakik.com\/?p=38739#primaryimage"},"thumbnailUrl":"https:\/\/kibrisdakik.com\/wp-content\/uploads\/2024\/04\/ayni-milletin-mensuplari-olmaktan-seref-ve-gurur-duyuyoruz-1713360011.webp.webp","articleSection":["G\u00fcndem"],"inLanguage":"tr","potentialAction":[{"@type":"CommentAction","name":"Comment","target":["https:\/\/kibrisdakik.com\/?p=38739#respond"]}]},{"@type":"WebPage","@id":"https:\/\/kibrisdakik.com\/?p=38739","url":"https:\/\/kibrisdakik.com\/?p=38739","name":"\u201cAyn\u0131 milletin mensuplar\u0131 olmaktan \u015feref ve gurur duyuyoruz&quot; -","isPartOf":{"@id":"https:\/\/kibrisdakik.com\/#website"},"primaryImageOfPage":{"@id":"https:\/\/kibrisdakik.com\/?p=38739#primaryimage"},"image":{"@id":"https:\/\/kibrisdakik.com\/?p=38739#primaryimage"},"thumbnailUrl":"https:\/\/kibrisdakik.com\/wp-content\/uploads\/2024\/04\/ayni-milletin-mensuplari-olmaktan-seref-ve-gurur-duyuyoruz-1713360011.webp.webp","datePublished":"2024-04-17T13:19:00+00:00","author":{"@id":"https:\/\/kibrisdakik.com\/#\/schema\/person\/9cd9d437bbb44f72b73ba127e06d8e79"},"breadcrumb":{"@id":"https:\/\/kibrisdakik.com\/?p=38739#breadcrumb"},"inLanguage":"tr","potentialAction":[{"@type":"ReadAction","target":["https:\/\/kibrisdakik.com\/?p=38739"]}]},{"@type":"ImageObject","inLanguage":"tr","@id":"https:\/\/kibrisdakik.com\/?p=38739#primaryimage","url":"https:\/\/kibrisdakik.com\/wp-content\/uploads\/2024\/04\/ayni-milletin-mensuplari-olmaktan-seref-ve-gurur-duyuyoruz-1713360011.webp.webp","contentUrl":"https:\/\/kibrisdakik.com\/wp-content\/uploads\/2024\/04\/ayni-milletin-mensuplari-olmaktan-seref-ve-gurur-duyuyoruz-1713360011.webp.webp","width":710,"height":370},{"@type":"BreadcrumbList","@id":"https:\/\/kibrisdakik.com\/?p=38739#breadcrumb","itemListElement":[{"@type":"ListItem","position":1,"name":"Home","item":"https:\/\/kibrisdakik.com\/"},{"@type":"ListItem","position":2,"name":"\u201cAyn\u0131 milletin mensuplar\u0131 olmaktan \u015feref ve gurur duyuyoruz&quot;"}]},{"@type":"WebSite","@id":"https:\/\/kibrisdakik.com\/#website","url":"https:\/\/kibrisdakik.com\/","name":"","description":"Tam vaktinde haber","potentialAction":[{"@type":"SearchAction","target":{"@type":"EntryPoint","urlTemplate":"https:\/\/kibrisdakik.com\/?s={search_term_string}"},"query-input":{"@type":"PropertyValueSpecification","valueRequired":true,"valueName":"search_term_string"}}],"inLanguage":"tr"},{"@type":"Person","@id":"https:\/\/kibrisdakik.com\/#\/schema\/person\/9cd9d437bbb44f72b73ba127e06d8e79","name":"admin","image":{"@type":"ImageObject","inLanguage":"tr","@id":"https:\/\/secure.gravatar.com\/avatar\/ccc17943b9d660506c869530f897617f7cb1c21a4bf30023f252596d83e1f007?s=96&d=mm&r=g","url":"https:\/\/secure.gravatar.com\/avatar\/ccc17943b9d660506c869530f897617f7cb1c21a4bf30023f252596d83e1f007?s=96&d=mm&r=g","contentUrl":"https:\/\/secure.gravatar.com\/avatar\/ccc17943b9d660506c869530f897617f7cb1c21a4bf30023f252596d83e1f007?s=96&d=mm&r=g","caption":"admin"},"sameAs":["https:\/\/kibrisdakik.com"],"url":"https:\/\/kibrisdakik.com\/?author=1"}]}},"_links":{"self":[{"href":"https:\/\/kibrisdakik.com\/index.php?rest_route=\/wp\/v2\/posts\/38739","targetHints":{"allow":["GET"]}}],"collection":[{"href":"https:\/\/kibrisdakik.com\/index.php?rest_route=\/wp\/v2\/posts"}],"about":[{"href":"https:\/\/kibrisdakik.com\/index.php?rest_route=\/wp\/v2\/types\/post"}],"author":[{"embeddable":true,"href":"https:\/\/kibrisdakik.com\/index.php?rest_route=\/wp\/v2\/users\/1"}],"replies":[{"embeddable":true,"href":"https:\/\/kibrisdakik.com\/index.php?rest_route=%2Fwp%2Fv2%2Fcomments&post=38739"}],"version-history":[{"count":0,"href":"https:\/\/kibrisdakik.com\/index.php?rest_route=\/wp\/v2\/posts\/38739\/revisions"}],"wp:featuredmedia":[{"embeddable":true,"href":"https:\/\/kibrisdakik.com\/index.php?rest_route=\/wp\/v2\/media\/38740"}],"wp:attachment":[{"href":"https:\/\/kibrisdakik.com\/index.php?rest_route=%2Fwp%2Fv2%2Fmedia&parent=38739"}],"wp:term":[{"taxonomy":"category","embeddable":true,"href":"https:\/\/kibrisdakik.com\/index.php?rest_route=%2Fwp%2Fv2%2Fcategories&post=38739"},{"taxonomy":"post_tag","embeddable":true,"href":"https:\/\/kibrisdakik.com\/index.php?rest_route=%2Fwp%2Fv2%2Ftags&post=38739"}],"curies":[{"name":"wp","href":"https:\/\/api.w.org\/{rel}","templated":true}]}}