{"id":38829,"date":"2024-04-18T17:35:11","date_gmt":"2024-04-18T17:35:11","guid":{"rendered":"https:\/\/kibrisdakik.com\/index.php\/2024\/04\/18\/iii-ataturkun-cocuklari-resim-sergisi-acildi\/"},"modified":"2024-04-18T17:35:11","modified_gmt":"2024-04-18T17:35:11","slug":"iii-ataturkun-cocuklari-resim-sergisi-acildi","status":"publish","type":"post","link":"https:\/\/kibrisdakik.com\/?p=38829","title":{"rendered":"\u201cIII. Atat\u00fcrk\u2019\u00fcn \u00c7ocuklar\u0131 Resim Sergisi\u201d a\u00e7\u0131ld\u0131"},"content":{"rendered":"<p><\/p>\n<div>\n<div class=\"mariselle-image-container center\">\n                <img loading=\"lazy\" decoding=\"async\" width=\"1053\" height=\"682\" class=\"lazy-image\" alt=\"\" sizes=\"auto, (max-width: 1053px) 100vw, 1053px\" src=\"https:\/\/brtk.net\/wp-content\/uploads\/2024\/04\/18\/ldialsida-1.jpg?ver=c65fe6dede8a96455c1ed733b5f14222\" srcset=\"https:\/\/brtk.net\/wp-content\/uploads\/2024\/04\/18\/ldialsida-1.jpg?ver=c65fe6dede8a96455c1ed733b5f14222 1053w, https:\/\/brtk.net\/wp-content\/uploads\/2024\/04\/18\/ldialsida-1-300x194.jpg?ver=5661e463e1fdf02ab7197349bc28f607 300w, https:\/\/brtk.net\/wp-content\/uploads\/2024\/04\/18\/ldialsida-1-1024x663.jpg?ver=5661e463e1fdf02ab7197349bc28f607 1024w, https:\/\/brtk.net\/wp-content\/uploads\/2024\/04\/18\/ldialsida-1-768x497.jpg?ver=5661e463e1fdf02ab7197349bc28f607 768w\"\/>                            <\/div>\n<p>\n Milli E\u011fitim Bakanl\u0131\u011f\u0131 taraf\u0131ndan d\u00fczenlenen \u201cIII. Atat\u00fcrk\u2019\u00fcn \u00c7ocuklar\u0131 Resim Sergisi\u201d bug\u00fcn Merkez Lefko\u015fa Etkinlik ve K\u00fclt\u00fcr Salonu\u2019nda a\u00e7\u0131ld\u0131.<\/p>\n<p>23 Nisan Ulusal Egemenlik ve \u00c7ocuk Bayram\u0131 kutlama etkinlikleri kapsam\u0131nda d\u00fczenlenen serginin a\u00e7\u0131l\u0131\u015f\u0131n\u0131 Cumhurba\u015fkan\u0131 <a href=\"https:\/\/brtk.net\/\" target=\"_blank\" rel=\"noopener\"><a href=\"https:\/\/brtk.net\/\" target=\"_blank\" rel=\"noopener\"><a href=\"https:\/\/brtk.net\/\" target=\"_blank\" rel=\"noopener\"><a href=\"https:\/\/brtk.net\/\" target=\"_blank\" rel=\"noopener\">Ersin <\/a><a href=\"https:\/\/brtk.net\/\"\/><a href=\"https:\/\/brtk.net\/\"\/><a href=\"https:\/\/brtk.net\/\"\/><a href=\"https:\/\/brtk.net\/\"\/><a href=\"https:\/\/brtk.net\/\"\/><a href=\"https:\/\/brtk.net\/\">Tatar<\/a>, Milli E\u011fitim Bakan\u0131 Naz\u0131m \u00c7avu\u015fo\u011flu, \u0130lk\u00f6\u011fretim Dairesi M\u00fcd\u00fcr\u00fc Hakk\u0131 Ba\u015far\u0131 ve Lefko\u015fa T\u00fcrk Belediyesi Ba\u015fkan\u0131 Mehmet Harmanc\u0131 yapt\u0131.<\/p>\n<p>\u00d6\u011frencilerin \u201cAtat\u00fcrk ve \u00e7ocuk\u201d, \u201c\u00c7ocuk ve hayaller\u201d, \u201c\u00c7ocuk ve \u00e7evre\u201d, \u201c\u00c7ocuk ve mutluluk\u201d ve \u201c23 Nisan \u00c7ocuk Bayram\u0131\u201d konular\u0131nda yapt\u0131klar\u0131 resimlerin yer ald\u0131\u011f\u0131 sergide, 17 ilkokul, 5 ana okul ve 2 \u00f6zel e\u011fitim okulundan olmak \u00fczere 200 \u00f6\u011frencinin resimleri yer al\u0131yor.<\/p>\n<p>A\u00e7\u0131l\u0131\u015f konu\u015fmalar\u0131n\u0131 Cumhurba\u015fkan\u0131 <a href=\"https:\/\/brtk.net\/\" target=\"_blank\" rel=\"noopener\"><a href=\"https:\/\/brtk.net\/\" target=\"_blank\" rel=\"noopener\"><a href=\"https:\/\/brtk.net\/\" target=\"_blank\" rel=\"noopener\"><a href=\"https:\/\/brtk.net\/\" target=\"_blank\" rel=\"noopener\">Ersin <\/a><a href=\"https:\/\/brtk.net\/\"\/><a href=\"https:\/\/brtk.net\/\"\/><a href=\"https:\/\/brtk.net\/\"\/><a href=\"https:\/\/brtk.net\/\"\/><a href=\"https:\/\/brtk.net\/\"\/><a href=\"https:\/\/brtk.net\/\">Tatar<\/a>, Milli E\u011fitim Bakan\u0131 Naz\u0131m \u00c7avu\u015fo\u011flu ve \u0130lk\u00f6\u011fretim Dairesi M\u00fcd\u00fcr\u00fc Hakk\u0131 Ba\u015far\u0131\u2019n\u0131n yapt\u0131\u011f\u0131 sergi, 23 Nisan Sal\u0131 g\u00fcn\u00fcne kadar gezilebilecek.<\/p>\n<p>Cumhurba\u015fkan\u0131 <a href=\"https:\/\/brtk.net\/\" target=\"_blank\" rel=\"noopener\"><a href=\"https:\/\/brtk.net\/\" target=\"_blank\" rel=\"noopener\"><a href=\"https:\/\/brtk.net\/\" target=\"_blank\" rel=\"noopener\"><a href=\"https:\/\/brtk.net\/\" target=\"_blank\" rel=\"noopener\">Ersin <\/a><a href=\"https:\/\/brtk.net\/\"\/><a href=\"https:\/\/brtk.net\/\"\/><a href=\"https:\/\/brtk.net\/\"\/><a href=\"https:\/\/brtk.net\/\"\/><a href=\"https:\/\/brtk.net\/\"\/><a href=\"https:\/\/brtk.net\/\">Tatar<\/a>, \u00e7ocuklar\u0131 yapt\u0131klar\u0131 resimlerden dolay\u0131 tebrik etti\u011fi konu\u015fmas\u0131nda, Atat\u00fcrk\u2019ten ve onun de\u011ferlerinden ilham alarak resim yapan \u00e7ocuklar\u0131n, gelece\u011fi \u015fekillendirecek ki\u015filer olarak bu de\u011ferleri benimsemesinin \u00f6nemine vurgu yapt\u0131.<\/p>\n<p>Atat\u00fcrk\u2019\u00fcn 23 Nisan Ulusal Egemenlik ve \u00c7ocuk Bayram\u0131\u2019n\u0131 t\u00fcm d\u00fcnya \u00e7ocuklar\u0131na arma\u011fan etti\u011fini dile getiren <a href=\"https:\/\/brtk.net\/\"\/><a href=\"https:\/\/brtk.net\/\"\/><a href=\"https:\/\/brtk.net\/\"\/><a href=\"https:\/\/brtk.net\/\"\/><a href=\"https:\/\/brtk.net\/\"\/><a href=\"https:\/\/brtk.net\/\">Tatar<\/a>, TBMM\u2019nin a\u00e7\u0131l\u0131\u015f\u0131n\u0131n 104. y\u0131l\u0131nda ulusal egemenlik, Atat\u00fcrk ve onun de\u011ferlerini yans\u0131tan resimleri yapan \u00e7ocuklar\u0131 ve onlar\u0131 yeti\u015ftiren \u00f6\u011fretmenleri kutlad\u0131.<\/p>\n<p>\u00d6\u011fretmenlerin Atat\u00fcrk\u2019\u00fcn d\u00fc\u015f\u00fcncelerini benimseyen \u00e7ocuklar yeti\u015ftirmesinin \u00f6nemine vurgu yapan <a href=\"https:\/\/brtk.net\/\"\/><a href=\"https:\/\/brtk.net\/\"\/><a href=\"https:\/\/brtk.net\/\"\/><a href=\"https:\/\/brtk.net\/\"\/><a href=\"https:\/\/brtk.net\/\"\/><a href=\"https:\/\/brtk.net\/\">Tatar<\/a>, \u00f6\u011fretmenler ve ailelerin bu de\u011ferleri gelecek nesillere aktarmas\u0131n\u0131n \u00f6nemli oldu\u011funu s\u00f6yledi.<\/p>\n<p>Cumhurba\u015fkan\u0131 <a href=\"https:\/\/brtk.net\/\"\/><a href=\"https:\/\/brtk.net\/\"\/><a href=\"https:\/\/brtk.net\/\"\/><a href=\"https:\/\/brtk.net\/\"\/><a href=\"https:\/\/brtk.net\/\"\/><a href=\"https:\/\/brtk.net\/\">Tatar<\/a>, \u201cSiz \u00e7ocuklar, bizim her \u015feyimizsiniz. En k\u0131ymetli varl\u0131klar\u0131m\u0131zs\u0131n\u0131z. <a href=\"https:\/\/brtk.net\/\">KKTC<\/a>\u2018ye sahip \u00e7\u0131kman\u0131z, onu daha g\u00fczel g\u00fcnlere ta\u015f\u0131man\u0131z temennimizdir\u201d dedi.<\/p>\n<p>Cumhurba\u015fkan\u0131 <a href=\"https:\/\/brtk.net\/\" target=\"_blank\" rel=\"noopener\"><a href=\"https:\/\/brtk.net\/\" target=\"_blank\" rel=\"noopener\"><a href=\"https:\/\/brtk.net\/\" target=\"_blank\" rel=\"noopener\"><a href=\"https:\/\/brtk.net\/\" target=\"_blank\" rel=\"noopener\">Ersin <\/a><a href=\"https:\/\/brtk.net\/\"\/><a href=\"https:\/\/brtk.net\/\"\/><a href=\"https:\/\/brtk.net\/\"\/><a href=\"https:\/\/brtk.net\/\"\/><a href=\"https:\/\/brtk.net\/\"\/><a href=\"https:\/\/brtk.net\/\">Tatar<\/a>, \u00e7ocuklar\u0131n, \u00e7a\u011fda\u015f geli\u015fmeler, teknoloji, yapay zeka gibi imkanlar\u0131 da kullanarak \u00fclkeyi \u00e7ok daha iyi noktaya ta\u015f\u0131yacaklar\u0131na inan\u00e7 belirtti.<\/p>\n<div class=\"mariselle-image-container center\">\n                <img loading=\"lazy\" decoding=\"async\" width=\"1654\" height=\"1104\" class=\"lazy-image\" alt=\"\" sizes=\"auto, (max-width: 1654px) 100vw, 1654px\" src=\"https:\/\/brtk.net\/wp-content\/uploads\/2024\/04\/18\/sergi-acilis-tim-7-1.jpg?ver=8841bfa7c3009bfd84ffc3bc1eb13c72\" srcset=\"https:\/\/brtk.net\/wp-content\/uploads\/2024\/04\/18\/sergi-acilis-tim-7-1.jpg?ver=8841bfa7c3009bfd84ffc3bc1eb13c72 1654w, https:\/\/brtk.net\/wp-content\/uploads\/2024\/04\/18\/sergi-acilis-tim-7-1-300x200.jpg?ver=6d8e33b569d8f13e0ef0f45c0048d40e 300w, https:\/\/brtk.net\/wp-content\/uploads\/2024\/04\/18\/sergi-acilis-tim-7-1-1024x683.jpg?ver=6d8e33b569d8f13e0ef0f45c0048d40e 1024w, https:\/\/brtk.net\/wp-content\/uploads\/2024\/04\/18\/sergi-acilis-tim-7-1-768x513.jpg?ver=e9e27681500af72ba034a83fe753cd77 768w, https:\/\/brtk.net\/wp-content\/uploads\/2024\/04\/18\/sergi-acilis-tim-7-1-1536x1025.jpg?ver=e9e27681500af72ba034a83fe753cd77 1536w\"\/>                            <\/div>\n<p>Milli E\u011fitim Bakan\u0131 Naz\u0131m \u00c7avu\u015fo\u011flu, kortejle ba\u015flayan etkinliklerin hafta boyunca devam edece\u011fini s\u00f6yleyerek, hedeflerinin Atat\u00fcrk\u2019\u00fcn vizyon ve hedeflerini anlatmak ve ya\u015fatmak oldu\u011funu kaydetti.<\/p>\n<p>\u00c7avu\u015fo\u011flu, \u00f6\u011fretmenler arac\u0131l\u0131\u011f\u0131yla Atat\u00fcrk\u00e7\u00fc d\u00fc\u015f\u00fcnceyi vazge\u00e7ilmez ilke olarak benimsetip, gelecek nesillere ta\u015f\u0131ma hedefinde olduklar\u0131n\u0131 belirtti.<\/p>\n<p>Atat\u00fcrk hedef ve vizyonuyla \u00f6\u011frencileri yeti\u015ftiren \u00f6\u011fretmenlere te\u015fekk\u00fcr eden \u00c7avu\u015fo\u011flu, \u00f6\u011frencilerin 23 Nisan Ulusal Egemenlik ve \u00c7ocuk Bayram\u0131\u2019n\u0131 kutlad\u0131.<\/p>\n<p>\u0130lk\u00f6\u011fretim Dairesi M\u00fcd\u00fcr\u00fc Hakk\u0131 Ba\u015far\u0131, 23 Nisan tarihinin T\u00fcrk milleti i\u00e7in d\u00f6n\u00fcm noktas\u0131 oldu\u011funu dile getirerek,  bu anlaml\u0131 g\u00fcn\u00fcn bayram olarak Gazi Mustafa Kemal Atat\u00fcrk taraf\u0131ndan t\u00fcm \u00e7ocuklara arma\u011fan edildi\u011fini belirtti.<\/p>\n<p>Ba\u015far\u0131, \u00e7ocuklar\u0131n minik elleri ve heyecanl\u0131 kalpleriyle \u00e7izdikleri resimlerle bayram\u0131 anlatmaya \u00e7al\u0131\u015ft\u0131klar\u0131n\u0131 s\u00f6yleyerek, k\u0131ymeti b\u00fcy\u00fck olan bu resimleri g\u00f6rmekten gurur duyduklar\u0131n\u0131 kaydetti.<\/p>\n<\/p><\/div>\n<p><script async\n                    defer\n                    crossorigin=\"anonymous\"\n                    src=\"https:\/\/connect.facebook.net\/tr_TR\/sdk.js#xfbml=1&#038;version=v3.3\"\n            ><\/script><\/p>\n","protected":false},"excerpt":{"rendered":"<p>Milli E\u011fitim Bakanl\u0131\u011f\u0131 taraf\u0131ndan d\u00fczenlenen \u201cIII. Atat\u00fcrk\u2019\u00fcn \u00c7ocuklar\u0131 Resim Sergisi\u201d bug\u00fcn Merkez Lefko\u015fa Etkinlik ve K\u00fclt\u00fcr Salonu\u2019nda a\u00e7\u0131ld\u0131. 23 Nisan Ulusal Egemenlik ve \u00c7ocuk Bayram\u0131 kutlama etkinlikleri kapsam\u0131nda d\u00fczenlenen serginin a\u00e7\u0131l\u0131\u015f\u0131n\u0131 Cumhurba\u015fkan\u0131 Ersin Tatar, Milli E\u011fitim Bakan\u0131 Naz\u0131m \u00c7avu\u015fo\u011flu, \u0130lk\u00f6\u011fretim Dairesi M\u00fcd\u00fcr\u00fc Hakk\u0131 Ba\u015far\u0131 ve Lefko\u015fa T\u00fcrk Belediyesi Ba\u015fkan\u0131 Mehmet Harmanc\u0131 yapt\u0131. \u00d6\u011frencilerin \u201cAtat\u00fcrk ve<\/p>\n","protected":false},"author":1,"featured_media":38830,"comment_status":"open","ping_status":"open","sticky":false,"template":"","format":"standard","meta":{"footnotes":""},"categories":[1],"tags":[],"class_list":["post-38829","post","type-post","status-publish","format-standard","has-post-thumbnail","hentry","category-gundem"],"yoast_head":"<!-- This site is optimized with the Yoast SEO plugin v27.5 - https:\/\/yoast.com\/product\/yoast-seo-wordpress\/ -->\n<title>\u201cIII. Atat\u00fcrk\u2019\u00fcn \u00c7ocuklar\u0131 Resim Sergisi\u201d a\u00e7\u0131ld\u0131 -<\/title>\n<meta name=\"robots\" content=\"index, follow, max-snippet:-1, max-image-preview:large, max-video-preview:-1\" \/>\n<link rel=\"canonical\" href=\"https:\/\/kibrisdakik.com\/?p=38829\" \/>\n<meta property=\"og:locale\" content=\"tr_TR\" \/>\n<meta property=\"og:type\" content=\"article\" \/>\n<meta property=\"og:title\" content=\"\u201cIII. Atat\u00fcrk\u2019\u00fcn \u00c7ocuklar\u0131 Resim Sergisi\u201d a\u00e7\u0131ld\u0131 -\" \/>\n<meta property=\"og:description\" content=\"Milli E\u011fitim Bakanl\u0131\u011f\u0131 taraf\u0131ndan d\u00fczenlenen \u201cIII. Atat\u00fcrk\u2019\u00fcn \u00c7ocuklar\u0131 Resim Sergisi\u201d bug\u00fcn Merkez Lefko\u015fa Etkinlik ve K\u00fclt\u00fcr Salonu\u2019nda a\u00e7\u0131ld\u0131. 23 Nisan Ulusal Egemenlik ve \u00c7ocuk Bayram\u0131 kutlama etkinlikleri kapsam\u0131nda d\u00fczenlenen serginin a\u00e7\u0131l\u0131\u015f\u0131n\u0131 Cumhurba\u015fkan\u0131 Ersin Tatar, Milli E\u011fitim Bakan\u0131 Naz\u0131m \u00c7avu\u015fo\u011flu, \u0130lk\u00f6\u011fretim Dairesi M\u00fcd\u00fcr\u00fc Hakk\u0131 Ba\u015far\u0131 ve Lefko\u015fa T\u00fcrk Belediyesi Ba\u015fkan\u0131 Mehmet Harmanc\u0131 yapt\u0131. \u00d6\u011frencilerin \u201cAtat\u00fcrk ve\" \/>\n<meta property=\"og:url\" content=\"https:\/\/kibrisdakik.com\/?p=38829\" \/>\n<meta property=\"article:published_time\" content=\"2024-04-18T17:35:11+00:00\" \/>\n<meta property=\"og:image\" content=\"https:\/\/kibrisdakik.com\/wp-content\/uploads\/2024\/04\/ldialsida-1-740x420.jpg\" \/>\n\t<meta property=\"og:image:width\" content=\"1053\" \/>\n\t<meta property=\"og:image:height\" content=\"682\" \/>\n\t<meta property=\"og:image:type\" content=\"image\/jpeg\" \/>\n<meta name=\"author\" content=\"admin\" \/>\n<meta name=\"twitter:card\" content=\"summary_large_image\" \/>\n<meta name=\"twitter:label1\" content=\"Yazan:\" \/>\n\t<meta name=\"twitter:data1\" content=\"admin\" \/>\n\t<meta name=\"twitter:label2\" content=\"Tahmini okuma s\u00fcresi\" \/>\n\t<meta name=\"twitter:data2\" content=\"3 dakika\" \/>\n<script type=\"application\/ld+json\" class=\"yoast-schema-graph\">{\"@context\":\"https:\\\/\\\/schema.org\",\"@graph\":[{\"@type\":\"Article\",\"@id\":\"https:\\\/\\\/kibrisdakik.com\\\/?p=38829#article\",\"isPartOf\":{\"@id\":\"https:\\\/\\\/kibrisdakik.com\\\/?p=38829\"},\"author\":{\"name\":\"admin\",\"@id\":\"https:\\\/\\\/kibrisdakik.com\\\/#\\\/schema\\\/person\\\/9cd9d437bbb44f72b73ba127e06d8e79\"},\"headline\":\"\u201cIII. Atat\u00fcrk\u2019\u00fcn \u00c7ocuklar\u0131 Resim Sergisi\u201d a\u00e7\u0131ld\u0131\",\"datePublished\":\"2024-04-18T17:35:11+00:00\",\"mainEntityOfPage\":{\"@id\":\"https:\\\/\\\/kibrisdakik.com\\\/?p=38829\"},\"wordCount\":511,\"commentCount\":0,\"image\":{\"@id\":\"https:\\\/\\\/kibrisdakik.com\\\/?p=38829#primaryimage\"},\"thumbnailUrl\":\"https:\\\/\\\/kibrisdakik.com\\\/wp-content\\\/uploads\\\/2024\\\/04\\\/ldialsida-1-740x420.jpg\",\"articleSection\":[\"G\u00fcndem\"],\"inLanguage\":\"tr\",\"potentialAction\":[{\"@type\":\"CommentAction\",\"name\":\"Comment\",\"target\":[\"https:\\\/\\\/kibrisdakik.com\\\/?p=38829#respond\"]}]},{\"@type\":\"WebPage\",\"@id\":\"https:\\\/\\\/kibrisdakik.com\\\/?p=38829\",\"url\":\"https:\\\/\\\/kibrisdakik.com\\\/?p=38829\",\"name\":\"\u201cIII. Atat\u00fcrk\u2019\u00fcn \u00c7ocuklar\u0131 Resim Sergisi\u201d a\u00e7\u0131ld\u0131 -\",\"isPartOf\":{\"@id\":\"https:\\\/\\\/kibrisdakik.com\\\/#website\"},\"primaryImageOfPage\":{\"@id\":\"https:\\\/\\\/kibrisdakik.com\\\/?p=38829#primaryimage\"},\"image\":{\"@id\":\"https:\\\/\\\/kibrisdakik.com\\\/?p=38829#primaryimage\"},\"thumbnailUrl\":\"https:\\\/\\\/kibrisdakik.com\\\/wp-content\\\/uploads\\\/2024\\\/04\\\/ldialsida-1-740x420.jpg\",\"datePublished\":\"2024-04-18T17:35:11+00:00\",\"author\":{\"@id\":\"https:\\\/\\\/kibrisdakik.com\\\/#\\\/schema\\\/person\\\/9cd9d437bbb44f72b73ba127e06d8e79\"},\"breadcrumb\":{\"@id\":\"https:\\\/\\\/kibrisdakik.com\\\/?p=38829#breadcrumb\"},\"inLanguage\":\"tr\",\"potentialAction\":[{\"@type\":\"ReadAction\",\"target\":[\"https:\\\/\\\/kibrisdakik.com\\\/?p=38829\"]}]},{\"@type\":\"ImageObject\",\"inLanguage\":\"tr\",\"@id\":\"https:\\\/\\\/kibrisdakik.com\\\/?p=38829#primaryimage\",\"url\":\"https:\\\/\\\/kibrisdakik.com\\\/wp-content\\\/uploads\\\/2024\\\/04\\\/ldialsida-1-740x420.jpg\",\"contentUrl\":\"https:\\\/\\\/kibrisdakik.com\\\/wp-content\\\/uploads\\\/2024\\\/04\\\/ldialsida-1-740x420.jpg\",\"width\":1053,\"height\":682},{\"@type\":\"BreadcrumbList\",\"@id\":\"https:\\\/\\\/kibrisdakik.com\\\/?p=38829#breadcrumb\",\"itemListElement\":[{\"@type\":\"ListItem\",\"position\":1,\"name\":\"Home\",\"item\":\"https:\\\/\\\/kibrisdakik.com\\\/\"},{\"@type\":\"ListItem\",\"position\":2,\"name\":\"\u201cIII. Atat\u00fcrk\u2019\u00fcn \u00c7ocuklar\u0131 Resim Sergisi\u201d a\u00e7\u0131ld\u0131\"}]},{\"@type\":\"WebSite\",\"@id\":\"https:\\\/\\\/kibrisdakik.com\\\/#website\",\"url\":\"https:\\\/\\\/kibrisdakik.com\\\/\",\"name\":\"\",\"description\":\"Tam vaktinde haber\",\"potentialAction\":[{\"@type\":\"SearchAction\",\"target\":{\"@type\":\"EntryPoint\",\"urlTemplate\":\"https:\\\/\\\/kibrisdakik.com\\\/?s={search_term_string}\"},\"query-input\":{\"@type\":\"PropertyValueSpecification\",\"valueRequired\":true,\"valueName\":\"search_term_string\"}}],\"inLanguage\":\"tr\"},{\"@type\":\"Person\",\"@id\":\"https:\\\/\\\/kibrisdakik.com\\\/#\\\/schema\\\/person\\\/9cd9d437bbb44f72b73ba127e06d8e79\",\"name\":\"admin\",\"image\":{\"@type\":\"ImageObject\",\"inLanguage\":\"tr\",\"@id\":\"https:\\\/\\\/secure.gravatar.com\\\/avatar\\\/ccc17943b9d660506c869530f897617f7cb1c21a4bf30023f252596d83e1f007?s=96&d=mm&r=g\",\"url\":\"https:\\\/\\\/secure.gravatar.com\\\/avatar\\\/ccc17943b9d660506c869530f897617f7cb1c21a4bf30023f252596d83e1f007?s=96&d=mm&r=g\",\"contentUrl\":\"https:\\\/\\\/secure.gravatar.com\\\/avatar\\\/ccc17943b9d660506c869530f897617f7cb1c21a4bf30023f252596d83e1f007?s=96&d=mm&r=g\",\"caption\":\"admin\"},\"sameAs\":[\"https:\\\/\\\/kibrisdakik.com\"],\"url\":\"https:\\\/\\\/kibrisdakik.com\\\/?author=1\"}]}<\/script>\n<!-- \/ Yoast SEO plugin. -->","yoast_head_json":{"title":"\u201cIII. Atat\u00fcrk\u2019\u00fcn \u00c7ocuklar\u0131 Resim Sergisi\u201d a\u00e7\u0131ld\u0131 -","robots":{"index":"index","follow":"follow","max-snippet":"max-snippet:-1","max-image-preview":"max-image-preview:large","max-video-preview":"max-video-preview:-1"},"canonical":"https:\/\/kibrisdakik.com\/?p=38829","og_locale":"tr_TR","og_type":"article","og_title":"\u201cIII. Atat\u00fcrk\u2019\u00fcn \u00c7ocuklar\u0131 Resim Sergisi\u201d a\u00e7\u0131ld\u0131 -","og_description":"Milli E\u011fitim Bakanl\u0131\u011f\u0131 taraf\u0131ndan d\u00fczenlenen \u201cIII. Atat\u00fcrk\u2019\u00fcn \u00c7ocuklar\u0131 Resim Sergisi\u201d bug\u00fcn Merkez Lefko\u015fa Etkinlik ve K\u00fclt\u00fcr Salonu\u2019nda a\u00e7\u0131ld\u0131. 23 Nisan Ulusal Egemenlik ve \u00c7ocuk Bayram\u0131 kutlama etkinlikleri kapsam\u0131nda d\u00fczenlenen serginin a\u00e7\u0131l\u0131\u015f\u0131n\u0131 Cumhurba\u015fkan\u0131 Ersin Tatar, Milli E\u011fitim Bakan\u0131 Naz\u0131m \u00c7avu\u015fo\u011flu, \u0130lk\u00f6\u011fretim Dairesi M\u00fcd\u00fcr\u00fc Hakk\u0131 Ba\u015far\u0131 ve Lefko\u015fa T\u00fcrk Belediyesi Ba\u015fkan\u0131 Mehmet Harmanc\u0131 yapt\u0131. \u00d6\u011frencilerin \u201cAtat\u00fcrk ve","og_url":"https:\/\/kibrisdakik.com\/?p=38829","article_published_time":"2024-04-18T17:35:11+00:00","og_image":[{"width":1053,"height":682,"url":"https:\/\/kibrisdakik.com\/wp-content\/uploads\/2024\/04\/ldialsida-1-740x420.jpg","type":"image\/jpeg"}],"author":"admin","twitter_card":"summary_large_image","twitter_misc":{"Yazan:":"admin","Tahmini okuma s\u00fcresi":"3 dakika"},"schema":{"@context":"https:\/\/schema.org","@graph":[{"@type":"Article","@id":"https:\/\/kibrisdakik.com\/?p=38829#article","isPartOf":{"@id":"https:\/\/kibrisdakik.com\/?p=38829"},"author":{"name":"admin","@id":"https:\/\/kibrisdakik.com\/#\/schema\/person\/9cd9d437bbb44f72b73ba127e06d8e79"},"headline":"\u201cIII. Atat\u00fcrk\u2019\u00fcn \u00c7ocuklar\u0131 Resim Sergisi\u201d a\u00e7\u0131ld\u0131","datePublished":"2024-04-18T17:35:11+00:00","mainEntityOfPage":{"@id":"https:\/\/kibrisdakik.com\/?p=38829"},"wordCount":511,"commentCount":0,"image":{"@id":"https:\/\/kibrisdakik.com\/?p=38829#primaryimage"},"thumbnailUrl":"https:\/\/kibrisdakik.com\/wp-content\/uploads\/2024\/04\/ldialsida-1-740x420.jpg","articleSection":["G\u00fcndem"],"inLanguage":"tr","potentialAction":[{"@type":"CommentAction","name":"Comment","target":["https:\/\/kibrisdakik.com\/?p=38829#respond"]}]},{"@type":"WebPage","@id":"https:\/\/kibrisdakik.com\/?p=38829","url":"https:\/\/kibrisdakik.com\/?p=38829","name":"\u201cIII. Atat\u00fcrk\u2019\u00fcn \u00c7ocuklar\u0131 Resim Sergisi\u201d a\u00e7\u0131ld\u0131 -","isPartOf":{"@id":"https:\/\/kibrisdakik.com\/#website"},"primaryImageOfPage":{"@id":"https:\/\/kibrisdakik.com\/?p=38829#primaryimage"},"image":{"@id":"https:\/\/kibrisdakik.com\/?p=38829#primaryimage"},"thumbnailUrl":"https:\/\/kibrisdakik.com\/wp-content\/uploads\/2024\/04\/ldialsida-1-740x420.jpg","datePublished":"2024-04-18T17:35:11+00:00","author":{"@id":"https:\/\/kibrisdakik.com\/#\/schema\/person\/9cd9d437bbb44f72b73ba127e06d8e79"},"breadcrumb":{"@id":"https:\/\/kibrisdakik.com\/?p=38829#breadcrumb"},"inLanguage":"tr","potentialAction":[{"@type":"ReadAction","target":["https:\/\/kibrisdakik.com\/?p=38829"]}]},{"@type":"ImageObject","inLanguage":"tr","@id":"https:\/\/kibrisdakik.com\/?p=38829#primaryimage","url":"https:\/\/kibrisdakik.com\/wp-content\/uploads\/2024\/04\/ldialsida-1-740x420.jpg","contentUrl":"https:\/\/kibrisdakik.com\/wp-content\/uploads\/2024\/04\/ldialsida-1-740x420.jpg","width":1053,"height":682},{"@type":"BreadcrumbList","@id":"https:\/\/kibrisdakik.com\/?p=38829#breadcrumb","itemListElement":[{"@type":"ListItem","position":1,"name":"Home","item":"https:\/\/kibrisdakik.com\/"},{"@type":"ListItem","position":2,"name":"\u201cIII. Atat\u00fcrk\u2019\u00fcn \u00c7ocuklar\u0131 Resim Sergisi\u201d a\u00e7\u0131ld\u0131"}]},{"@type":"WebSite","@id":"https:\/\/kibrisdakik.com\/#website","url":"https:\/\/kibrisdakik.com\/","name":"","description":"Tam vaktinde haber","potentialAction":[{"@type":"SearchAction","target":{"@type":"EntryPoint","urlTemplate":"https:\/\/kibrisdakik.com\/?s={search_term_string}"},"query-input":{"@type":"PropertyValueSpecification","valueRequired":true,"valueName":"search_term_string"}}],"inLanguage":"tr"},{"@type":"Person","@id":"https:\/\/kibrisdakik.com\/#\/schema\/person\/9cd9d437bbb44f72b73ba127e06d8e79","name":"admin","image":{"@type":"ImageObject","inLanguage":"tr","@id":"https:\/\/secure.gravatar.com\/avatar\/ccc17943b9d660506c869530f897617f7cb1c21a4bf30023f252596d83e1f007?s=96&d=mm&r=g","url":"https:\/\/secure.gravatar.com\/avatar\/ccc17943b9d660506c869530f897617f7cb1c21a4bf30023f252596d83e1f007?s=96&d=mm&r=g","contentUrl":"https:\/\/secure.gravatar.com\/avatar\/ccc17943b9d660506c869530f897617f7cb1c21a4bf30023f252596d83e1f007?s=96&d=mm&r=g","caption":"admin"},"sameAs":["https:\/\/kibrisdakik.com"],"url":"https:\/\/kibrisdakik.com\/?author=1"}]}},"_links":{"self":[{"href":"https:\/\/kibrisdakik.com\/index.php?rest_route=\/wp\/v2\/posts\/38829","targetHints":{"allow":["GET"]}}],"collection":[{"href":"https:\/\/kibrisdakik.com\/index.php?rest_route=\/wp\/v2\/posts"}],"about":[{"href":"https:\/\/kibrisdakik.com\/index.php?rest_route=\/wp\/v2\/types\/post"}],"author":[{"embeddable":true,"href":"https:\/\/kibrisdakik.com\/index.php?rest_route=\/wp\/v2\/users\/1"}],"replies":[{"embeddable":true,"href":"https:\/\/kibrisdakik.com\/index.php?rest_route=%2Fwp%2Fv2%2Fcomments&post=38829"}],"version-history":[{"count":0,"href":"https:\/\/kibrisdakik.com\/index.php?rest_route=\/wp\/v2\/posts\/38829\/revisions"}],"wp:featuredmedia":[{"embeddable":true,"href":"https:\/\/kibrisdakik.com\/index.php?rest_route=\/wp\/v2\/media\/38830"}],"wp:attachment":[{"href":"https:\/\/kibrisdakik.com\/index.php?rest_route=%2Fwp%2Fv2%2Fmedia&parent=38829"}],"wp:term":[{"taxonomy":"category","embeddable":true,"href":"https:\/\/kibrisdakik.com\/index.php?rest_route=%2Fwp%2Fv2%2Fcategories&post=38829"},{"taxonomy":"post_tag","embeddable":true,"href":"https:\/\/kibrisdakik.com\/index.php?rest_route=%2Fwp%2Fv2%2Ftags&post=38829"}],"curies":[{"name":"wp","href":"https:\/\/api.w.org\/{rel}","templated":true}]}}