{"id":38872,"date":"2024-04-19T02:25:50","date_gmt":"2024-04-19T02:25:50","guid":{"rendered":"https:\/\/kibrisdakik.com\/index.php\/2024\/04\/19\/zehra-sonyanin-metal-eserlerinden-olusan-sergisi-gazimgusada-ziyarete-acildi\/"},"modified":"2024-04-19T02:25:50","modified_gmt":"2024-04-19T02:25:50","slug":"zehra-sonyanin-metal-eserlerinden-olusan-sergisi-gazimgusada-ziyarete-acildi","status":"publish","type":"post","link":"https:\/\/kibrisdakik.com\/?p=38872","title":{"rendered":"Zehra \u015eonya\u2019n\u0131n metal eserlerinden olu\u015fan sergisi Gazim\u011fusa\u2019da ziyarete a\u00e7\u0131ld\u0131"},"content":{"rendered":"<p><img decoding=\"async\" src=\"https:\/\/www.kibristurk.com\/images\/haberler\/2024\/04\/zehra-sonyanin-metal-eserlerinden-olusan-sergisi-gazimgusada-ziyarete-acildi-1713451037.webp\" \/><\/p>\n<p style=\"text-align:left\"><span style=\"font-size:16px\"><span style=\"font-family:Merriweather,serif !important\"><span style=\"color:#000000\"><span style=\"background-color:#ffffff\">DA\u00dc\u2019den verilen bilgiye g\u00f6re, d\u00fcn Rauf Raif Denkta\u015f K\u00fclt\u00fcr ve Kongre Saray\u0131\u2019nda a\u00e7\u0131l\u0131\u015f\u0131 ger\u00e7ekle\u015ftirilen sergide \u015eonya\u2019n\u0131n 20 metal eseri te\u015fhir ediliyor. Sergi \u015eonya\u2019n\u0131n d\u00f6rd\u00fcnc\u00fc ki\u015fisel sergisi oluyor.<\/span><\/span><\/span><\/span><\/p>\n<p style=\"text-align:left\"><span style=\"font-size:16px\"><span style=\"font-family:Merriweather,serif !important\"><span style=\"color:#000000\"><span style=\"background-color:#ffffff\">Serginin a\u00e7\u0131l\u0131\u015f\u0131na Ba\u015fbakan Yard\u0131mc\u0131s\u0131, Turizm, K\u00fclt\u00fcr, Gen\u00e7lik ve \u00c7evre Bakan\u0131 Fikri Atao\u011flu da kat\u0131ld\u0131.<\/span><\/span><\/span><\/span><\/p>\n<p style=\"text-align:left\"><span style=\"font-size:16px\"><span style=\"font-family:Merriweather,serif !important\"><span style=\"color:#000000\"><span style=\"background-color:#ffffff\">-\u015eonya<\/span><\/span><\/span><\/span><\/p>\n<p style=\"text-align:left\"><span style=\"font-size:16px\"><span style=\"font-family:Merriweather,serif !important\"><span style=\"color:#000000\"><span style=\"background-color:#ffffff\">Serginin a\u00e7\u0131l\u0131\u015f\u0131nda yapt\u0131\u011f\u0131 konu\u015fmada \u015eonya, her y\u0131l D\u00fcnya Sanat G\u00fcn\u00fcnde DA\u00dc\u2019n\u00fcn bir sergiye ev sahipli\u011fi yapt\u0131\u011f\u0131n\u0131 kaydetti. \u015eonya, D\u00fcnya Sanat G\u00fcn\u00fc kapsam\u0131nda Rauf Raif Denkta\u015f K\u00fclt\u00fcr ve Kongre Saray\u0131\u2019ndaki sergi salonlar\u0131na K\u0131br\u0131s sanat tarihinde \u00f6nemli bir yere sahip olan merhum sanat\u00e7\u0131lardan Ayhan Mente\u015f ve Ali Atakan\u2019\u0131n isimlerinin verildi\u011fini s\u00f6yledi.<\/span><\/span><\/span><\/span><\/p>\n<p style=\"text-align:left\"><span style=\"font-size:16px\"><span style=\"font-family:Merriweather,serif !important\"><span style=\"color:#000000\"><span style=\"background-color:#ffffff\">-Zorlu<\/span><\/span><\/span><\/span><\/p>\n<p style=\"text-align:left\"><span style=\"font-size:16px\"><span style=\"font-family:Merriweather,serif !important\"><span style=\"color:#000000\"><span style=\"background-color:#ffffff\">DA\u00dc \u00d6\u011frenci \u0130\u015flerinden Sorumlu Rekt\u00f6r Yard\u0131mc\u0131s\u0131 Prof. Dr. Zorlu konu\u015fmas\u0131nda DA\u00dc\u2019n\u00fcn akademik al\u0131\u015fmalara verdi\u011fi \u00f6nem kadar sanata da de\u011fer verdi\u011fini, emek ve fedakarl\u0131k i\u00e7eren her \u00e7al\u0131\u015fman\u0131n yan\u0131nda olduklar\u0131n\u0131 kaydetti.<\/span><\/span><\/span><\/span><\/p>\n<p style=\"text-align:left\"><span style=\"font-size:16px\"><span style=\"font-family:Merriweather,serif !important\"><span style=\"color:#000000\"><span style=\"background-color:#ffffff\">Prof. Dr. Zorlu, sanat\u0131n sokaklara ta\u015fmas\u0131n\u0131 ve g\u00fcnl\u00fck hayat\u0131n bir par\u00e7as\u0131 olmas\u0131n\u0131 temenni etti.<\/span><\/span><\/span><\/span><\/p>\n<p style=\"text-align:left\"><span style=\"font-size:16px\"><span style=\"font-family:Merriweather,serif !important\"><span style=\"color:#000000\"><span style=\"background-color:#ffffff\">Serginin metin yazarl\u0131\u011f\u0131n\u0131 Derya Ulubatl\u0131 ve Tu\u011f\u00e7e Arslan ger\u00e7ekle\u015ftirdi. Sergi 30 Nisan\u2019a kadar hafta i\u00e7i 10.00-17.00, cumartesileri 13.00-15.00 saatleri aras\u0131nda ziyarete a\u00e7\u0131k olacak.<\/span><\/span><\/span><\/span><\/p>\n","protected":false},"excerpt":{"rendered":"<p>DA\u00dc\u2019den verilen bilgiye g\u00f6re, d\u00fcn Rauf Raif Denkta\u015f K\u00fclt\u00fcr ve Kongre Saray\u0131\u2019nda a\u00e7\u0131l\u0131\u015f\u0131 ger\u00e7ekle\u015ftirilen sergide \u015eonya\u2019n\u0131n 20 metal eseri te\u015fhir ediliyor. Sergi \u015eonya\u2019n\u0131n d\u00f6rd\u00fcnc\u00fc ki\u015fisel sergisi oluyor. Serginin a\u00e7\u0131l\u0131\u015f\u0131na Ba\u015fbakan Yard\u0131mc\u0131s\u0131, Turizm, K\u00fclt\u00fcr, Gen\u00e7lik ve \u00c7evre Bakan\u0131 Fikri Atao\u011flu da kat\u0131ld\u0131. -\u015eonya Serginin a\u00e7\u0131l\u0131\u015f\u0131nda yapt\u0131\u011f\u0131 konu\u015fmada \u015eonya, her y\u0131l D\u00fcnya Sanat G\u00fcn\u00fcnde DA\u00dc\u2019n\u00fcn bir sergiye<\/p>\n","protected":false},"author":1,"featured_media":38873,"comment_status":"open","ping_status":"open","sticky":false,"template":"","format":"standard","meta":{"footnotes":""},"categories":[85],"tags":[],"class_list":["post-38872","post","type-post","status-publish","format-standard","has-post-thumbnail","hentry","category-spor"],"yoast_head":"<!-- This site is optimized with the Yoast SEO plugin v27.4 - https:\/\/yoast.com\/product\/yoast-seo-wordpress\/ -->\n<title>Zehra \u015eonya\u2019n\u0131n metal eserlerinden olu\u015fan sergisi Gazim\u011fusa\u2019da ziyarete a\u00e7\u0131ld\u0131 -<\/title>\n<meta name=\"robots\" content=\"index, follow, max-snippet:-1, max-image-preview:large, max-video-preview:-1\" \/>\n<link rel=\"canonical\" href=\"https:\/\/kibrisdakik.com\/?p=38872\" \/>\n<meta property=\"og:locale\" content=\"tr_TR\" \/>\n<meta property=\"og:type\" content=\"article\" \/>\n<meta property=\"og:title\" content=\"Zehra \u015eonya\u2019n\u0131n metal eserlerinden olu\u015fan sergisi Gazim\u011fusa\u2019da ziyarete a\u00e7\u0131ld\u0131 -\" \/>\n<meta property=\"og:description\" content=\"DA\u00dc\u2019den verilen bilgiye g\u00f6re, d\u00fcn Rauf Raif Denkta\u015f K\u00fclt\u00fcr ve Kongre Saray\u0131\u2019nda a\u00e7\u0131l\u0131\u015f\u0131 ger\u00e7ekle\u015ftirilen sergide \u015eonya\u2019n\u0131n 20 metal eseri te\u015fhir ediliyor. Sergi \u015eonya\u2019n\u0131n d\u00f6rd\u00fcnc\u00fc ki\u015fisel sergisi oluyor. Serginin a\u00e7\u0131l\u0131\u015f\u0131na Ba\u015fbakan Yard\u0131mc\u0131s\u0131, Turizm, K\u00fclt\u00fcr, Gen\u00e7lik ve \u00c7evre Bakan\u0131 Fikri Atao\u011flu da kat\u0131ld\u0131. -\u015eonya Serginin a\u00e7\u0131l\u0131\u015f\u0131nda yapt\u0131\u011f\u0131 konu\u015fmada \u015eonya, her y\u0131l D\u00fcnya Sanat G\u00fcn\u00fcnde DA\u00dc\u2019n\u00fcn bir sergiye\" \/>\n<meta property=\"og:url\" content=\"https:\/\/kibrisdakik.com\/?p=38872\" \/>\n<meta property=\"article:published_time\" content=\"2024-04-19T02:25:50+00:00\" \/>\n<meta property=\"og:image\" content=\"https:\/\/kibrisdakik.com\/wp-content\/uploads\/2024\/04\/zehra-sonyanin-metal-eserlerinden-olusan-sergisi-gazimgusada-ziyarete-acildi-1713451037.webp.webp\" \/>\n\t<meta property=\"og:image:width\" content=\"710\" \/>\n\t<meta property=\"og:image:height\" content=\"370\" \/>\n\t<meta property=\"og:image:type\" content=\"image\/webp\" \/>\n<meta name=\"author\" content=\"admin\" \/>\n<meta name=\"twitter:card\" content=\"summary_large_image\" \/>\n<meta name=\"twitter:label1\" content=\"Yazan:\" \/>\n\t<meta name=\"twitter:data1\" content=\"admin\" \/>\n\t<meta name=\"twitter:label2\" content=\"Tahmini okuma s\u00fcresi\" \/>\n\t<meta name=\"twitter:data2\" content=\"1 dakika\" \/>\n<script type=\"application\/ld+json\" class=\"yoast-schema-graph\">{\"@context\":\"https:\\\/\\\/schema.org\",\"@graph\":[{\"@type\":\"Article\",\"@id\":\"https:\\\/\\\/kibrisdakik.com\\\/?p=38872#article\",\"isPartOf\":{\"@id\":\"https:\\\/\\\/kibrisdakik.com\\\/?p=38872\"},\"author\":{\"name\":\"admin\",\"@id\":\"https:\\\/\\\/kibrisdakik.com\\\/#\\\/schema\\\/person\\\/9cd9d437bbb44f72b73ba127e06d8e79\"},\"headline\":\"Zehra \u015eonya\u2019n\u0131n metal eserlerinden olu\u015fan sergisi Gazim\u011fusa\u2019da ziyarete a\u00e7\u0131ld\u0131\",\"datePublished\":\"2024-04-19T02:25:50+00:00\",\"mainEntityOfPage\":{\"@id\":\"https:\\\/\\\/kibrisdakik.com\\\/?p=38872\"},\"wordCount\":256,\"commentCount\":0,\"image\":{\"@id\":\"https:\\\/\\\/kibrisdakik.com\\\/?p=38872#primaryimage\"},\"thumbnailUrl\":\"https:\\\/\\\/kibrisdakik.com\\\/wp-content\\\/uploads\\\/2024\\\/04\\\/zehra-sonyanin-metal-eserlerinden-olusan-sergisi-gazimgusada-ziyarete-acildi-1713451037.webp.webp\",\"articleSection\":[\"Spor\"],\"inLanguage\":\"tr\",\"potentialAction\":[{\"@type\":\"CommentAction\",\"name\":\"Comment\",\"target\":[\"https:\\\/\\\/kibrisdakik.com\\\/?p=38872#respond\"]}]},{\"@type\":\"WebPage\",\"@id\":\"https:\\\/\\\/kibrisdakik.com\\\/?p=38872\",\"url\":\"https:\\\/\\\/kibrisdakik.com\\\/?p=38872\",\"name\":\"Zehra \u015eonya\u2019n\u0131n metal eserlerinden olu\u015fan sergisi Gazim\u011fusa\u2019da ziyarete a\u00e7\u0131ld\u0131 -\",\"isPartOf\":{\"@id\":\"https:\\\/\\\/kibrisdakik.com\\\/#website\"},\"primaryImageOfPage\":{\"@id\":\"https:\\\/\\\/kibrisdakik.com\\\/?p=38872#primaryimage\"},\"image\":{\"@id\":\"https:\\\/\\\/kibrisdakik.com\\\/?p=38872#primaryimage\"},\"thumbnailUrl\":\"https:\\\/\\\/kibrisdakik.com\\\/wp-content\\\/uploads\\\/2024\\\/04\\\/zehra-sonyanin-metal-eserlerinden-olusan-sergisi-gazimgusada-ziyarete-acildi-1713451037.webp.webp\",\"datePublished\":\"2024-04-19T02:25:50+00:00\",\"author\":{\"@id\":\"https:\\\/\\\/kibrisdakik.com\\\/#\\\/schema\\\/person\\\/9cd9d437bbb44f72b73ba127e06d8e79\"},\"breadcrumb\":{\"@id\":\"https:\\\/\\\/kibrisdakik.com\\\/?p=38872#breadcrumb\"},\"inLanguage\":\"tr\",\"potentialAction\":[{\"@type\":\"ReadAction\",\"target\":[\"https:\\\/\\\/kibrisdakik.com\\\/?p=38872\"]}]},{\"@type\":\"ImageObject\",\"inLanguage\":\"tr\",\"@id\":\"https:\\\/\\\/kibrisdakik.com\\\/?p=38872#primaryimage\",\"url\":\"https:\\\/\\\/kibrisdakik.com\\\/wp-content\\\/uploads\\\/2024\\\/04\\\/zehra-sonyanin-metal-eserlerinden-olusan-sergisi-gazimgusada-ziyarete-acildi-1713451037.webp.webp\",\"contentUrl\":\"https:\\\/\\\/kibrisdakik.com\\\/wp-content\\\/uploads\\\/2024\\\/04\\\/zehra-sonyanin-metal-eserlerinden-olusan-sergisi-gazimgusada-ziyarete-acildi-1713451037.webp.webp\",\"width\":710,\"height\":370},{\"@type\":\"BreadcrumbList\",\"@id\":\"https:\\\/\\\/kibrisdakik.com\\\/?p=38872#breadcrumb\",\"itemListElement\":[{\"@type\":\"ListItem\",\"position\":1,\"name\":\"Home\",\"item\":\"https:\\\/\\\/kibrisdakik.com\\\/\"},{\"@type\":\"ListItem\",\"position\":2,\"name\":\"Zehra \u015eonya\u2019n\u0131n metal eserlerinden olu\u015fan sergisi Gazim\u011fusa\u2019da ziyarete a\u00e7\u0131ld\u0131\"}]},{\"@type\":\"WebSite\",\"@id\":\"https:\\\/\\\/kibrisdakik.com\\\/#website\",\"url\":\"https:\\\/\\\/kibrisdakik.com\\\/\",\"name\":\"\",\"description\":\"Tam vaktinde haber\",\"potentialAction\":[{\"@type\":\"SearchAction\",\"target\":{\"@type\":\"EntryPoint\",\"urlTemplate\":\"https:\\\/\\\/kibrisdakik.com\\\/?s={search_term_string}\"},\"query-input\":{\"@type\":\"PropertyValueSpecification\",\"valueRequired\":true,\"valueName\":\"search_term_string\"}}],\"inLanguage\":\"tr\"},{\"@type\":\"Person\",\"@id\":\"https:\\\/\\\/kibrisdakik.com\\\/#\\\/schema\\\/person\\\/9cd9d437bbb44f72b73ba127e06d8e79\",\"name\":\"admin\",\"image\":{\"@type\":\"ImageObject\",\"inLanguage\":\"tr\",\"@id\":\"https:\\\/\\\/secure.gravatar.com\\\/avatar\\\/ccc17943b9d660506c869530f897617f7cb1c21a4bf30023f252596d83e1f007?s=96&d=mm&r=g\",\"url\":\"https:\\\/\\\/secure.gravatar.com\\\/avatar\\\/ccc17943b9d660506c869530f897617f7cb1c21a4bf30023f252596d83e1f007?s=96&d=mm&r=g\",\"contentUrl\":\"https:\\\/\\\/secure.gravatar.com\\\/avatar\\\/ccc17943b9d660506c869530f897617f7cb1c21a4bf30023f252596d83e1f007?s=96&d=mm&r=g\",\"caption\":\"admin\"},\"sameAs\":[\"https:\\\/\\\/kibrisdakik.com\"],\"url\":\"https:\\\/\\\/kibrisdakik.com\\\/?author=1\"}]}<\/script>\n<!-- \/ Yoast SEO plugin. -->","yoast_head_json":{"title":"Zehra \u015eonya\u2019n\u0131n metal eserlerinden olu\u015fan sergisi Gazim\u011fusa\u2019da ziyarete a\u00e7\u0131ld\u0131 -","robots":{"index":"index","follow":"follow","max-snippet":"max-snippet:-1","max-image-preview":"max-image-preview:large","max-video-preview":"max-video-preview:-1"},"canonical":"https:\/\/kibrisdakik.com\/?p=38872","og_locale":"tr_TR","og_type":"article","og_title":"Zehra \u015eonya\u2019n\u0131n metal eserlerinden olu\u015fan sergisi Gazim\u011fusa\u2019da ziyarete a\u00e7\u0131ld\u0131 -","og_description":"DA\u00dc\u2019den verilen bilgiye g\u00f6re, d\u00fcn Rauf Raif Denkta\u015f K\u00fclt\u00fcr ve Kongre Saray\u0131\u2019nda a\u00e7\u0131l\u0131\u015f\u0131 ger\u00e7ekle\u015ftirilen sergide \u015eonya\u2019n\u0131n 20 metal eseri te\u015fhir ediliyor. Sergi \u015eonya\u2019n\u0131n d\u00f6rd\u00fcnc\u00fc ki\u015fisel sergisi oluyor. Serginin a\u00e7\u0131l\u0131\u015f\u0131na Ba\u015fbakan Yard\u0131mc\u0131s\u0131, Turizm, K\u00fclt\u00fcr, Gen\u00e7lik ve \u00c7evre Bakan\u0131 Fikri Atao\u011flu da kat\u0131ld\u0131. -\u015eonya Serginin a\u00e7\u0131l\u0131\u015f\u0131nda yapt\u0131\u011f\u0131 konu\u015fmada \u015eonya, her y\u0131l D\u00fcnya Sanat G\u00fcn\u00fcnde DA\u00dc\u2019n\u00fcn bir sergiye","og_url":"https:\/\/kibrisdakik.com\/?p=38872","article_published_time":"2024-04-19T02:25:50+00:00","og_image":[{"width":710,"height":370,"url":"https:\/\/kibrisdakik.com\/wp-content\/uploads\/2024\/04\/zehra-sonyanin-metal-eserlerinden-olusan-sergisi-gazimgusada-ziyarete-acildi-1713451037.webp.webp","type":"image\/webp"}],"author":"admin","twitter_card":"summary_large_image","twitter_misc":{"Yazan:":"admin","Tahmini okuma s\u00fcresi":"1 dakika"},"schema":{"@context":"https:\/\/schema.org","@graph":[{"@type":"Article","@id":"https:\/\/kibrisdakik.com\/?p=38872#article","isPartOf":{"@id":"https:\/\/kibrisdakik.com\/?p=38872"},"author":{"name":"admin","@id":"https:\/\/kibrisdakik.com\/#\/schema\/person\/9cd9d437bbb44f72b73ba127e06d8e79"},"headline":"Zehra \u015eonya\u2019n\u0131n metal eserlerinden olu\u015fan sergisi Gazim\u011fusa\u2019da ziyarete a\u00e7\u0131ld\u0131","datePublished":"2024-04-19T02:25:50+00:00","mainEntityOfPage":{"@id":"https:\/\/kibrisdakik.com\/?p=38872"},"wordCount":256,"commentCount":0,"image":{"@id":"https:\/\/kibrisdakik.com\/?p=38872#primaryimage"},"thumbnailUrl":"https:\/\/kibrisdakik.com\/wp-content\/uploads\/2024\/04\/zehra-sonyanin-metal-eserlerinden-olusan-sergisi-gazimgusada-ziyarete-acildi-1713451037.webp.webp","articleSection":["Spor"],"inLanguage":"tr","potentialAction":[{"@type":"CommentAction","name":"Comment","target":["https:\/\/kibrisdakik.com\/?p=38872#respond"]}]},{"@type":"WebPage","@id":"https:\/\/kibrisdakik.com\/?p=38872","url":"https:\/\/kibrisdakik.com\/?p=38872","name":"Zehra \u015eonya\u2019n\u0131n metal eserlerinden olu\u015fan sergisi Gazim\u011fusa\u2019da ziyarete a\u00e7\u0131ld\u0131 -","isPartOf":{"@id":"https:\/\/kibrisdakik.com\/#website"},"primaryImageOfPage":{"@id":"https:\/\/kibrisdakik.com\/?p=38872#primaryimage"},"image":{"@id":"https:\/\/kibrisdakik.com\/?p=38872#primaryimage"},"thumbnailUrl":"https:\/\/kibrisdakik.com\/wp-content\/uploads\/2024\/04\/zehra-sonyanin-metal-eserlerinden-olusan-sergisi-gazimgusada-ziyarete-acildi-1713451037.webp.webp","datePublished":"2024-04-19T02:25:50+00:00","author":{"@id":"https:\/\/kibrisdakik.com\/#\/schema\/person\/9cd9d437bbb44f72b73ba127e06d8e79"},"breadcrumb":{"@id":"https:\/\/kibrisdakik.com\/?p=38872#breadcrumb"},"inLanguage":"tr","potentialAction":[{"@type":"ReadAction","target":["https:\/\/kibrisdakik.com\/?p=38872"]}]},{"@type":"ImageObject","inLanguage":"tr","@id":"https:\/\/kibrisdakik.com\/?p=38872#primaryimage","url":"https:\/\/kibrisdakik.com\/wp-content\/uploads\/2024\/04\/zehra-sonyanin-metal-eserlerinden-olusan-sergisi-gazimgusada-ziyarete-acildi-1713451037.webp.webp","contentUrl":"https:\/\/kibrisdakik.com\/wp-content\/uploads\/2024\/04\/zehra-sonyanin-metal-eserlerinden-olusan-sergisi-gazimgusada-ziyarete-acildi-1713451037.webp.webp","width":710,"height":370},{"@type":"BreadcrumbList","@id":"https:\/\/kibrisdakik.com\/?p=38872#breadcrumb","itemListElement":[{"@type":"ListItem","position":1,"name":"Home","item":"https:\/\/kibrisdakik.com\/"},{"@type":"ListItem","position":2,"name":"Zehra \u015eonya\u2019n\u0131n metal eserlerinden olu\u015fan sergisi Gazim\u011fusa\u2019da ziyarete a\u00e7\u0131ld\u0131"}]},{"@type":"WebSite","@id":"https:\/\/kibrisdakik.com\/#website","url":"https:\/\/kibrisdakik.com\/","name":"","description":"Tam vaktinde haber","potentialAction":[{"@type":"SearchAction","target":{"@type":"EntryPoint","urlTemplate":"https:\/\/kibrisdakik.com\/?s={search_term_string}"},"query-input":{"@type":"PropertyValueSpecification","valueRequired":true,"valueName":"search_term_string"}}],"inLanguage":"tr"},{"@type":"Person","@id":"https:\/\/kibrisdakik.com\/#\/schema\/person\/9cd9d437bbb44f72b73ba127e06d8e79","name":"admin","image":{"@type":"ImageObject","inLanguage":"tr","@id":"https:\/\/secure.gravatar.com\/avatar\/ccc17943b9d660506c869530f897617f7cb1c21a4bf30023f252596d83e1f007?s=96&d=mm&r=g","url":"https:\/\/secure.gravatar.com\/avatar\/ccc17943b9d660506c869530f897617f7cb1c21a4bf30023f252596d83e1f007?s=96&d=mm&r=g","contentUrl":"https:\/\/secure.gravatar.com\/avatar\/ccc17943b9d660506c869530f897617f7cb1c21a4bf30023f252596d83e1f007?s=96&d=mm&r=g","caption":"admin"},"sameAs":["https:\/\/kibrisdakik.com"],"url":"https:\/\/kibrisdakik.com\/?author=1"}]}},"_links":{"self":[{"href":"https:\/\/kibrisdakik.com\/index.php?rest_route=\/wp\/v2\/posts\/38872","targetHints":{"allow":["GET"]}}],"collection":[{"href":"https:\/\/kibrisdakik.com\/index.php?rest_route=\/wp\/v2\/posts"}],"about":[{"href":"https:\/\/kibrisdakik.com\/index.php?rest_route=\/wp\/v2\/types\/post"}],"author":[{"embeddable":true,"href":"https:\/\/kibrisdakik.com\/index.php?rest_route=\/wp\/v2\/users\/1"}],"replies":[{"embeddable":true,"href":"https:\/\/kibrisdakik.com\/index.php?rest_route=%2Fwp%2Fv2%2Fcomments&post=38872"}],"version-history":[{"count":0,"href":"https:\/\/kibrisdakik.com\/index.php?rest_route=\/wp\/v2\/posts\/38872\/revisions"}],"wp:featuredmedia":[{"embeddable":true,"href":"https:\/\/kibrisdakik.com\/index.php?rest_route=\/wp\/v2\/media\/38873"}],"wp:attachment":[{"href":"https:\/\/kibrisdakik.com\/index.php?rest_route=%2Fwp%2Fv2%2Fmedia&parent=38872"}],"wp:term":[{"taxonomy":"category","embeddable":true,"href":"https:\/\/kibrisdakik.com\/index.php?rest_route=%2Fwp%2Fv2%2Fcategories&post=38872"},{"taxonomy":"post_tag","embeddable":true,"href":"https:\/\/kibrisdakik.com\/index.php?rest_route=%2Fwp%2Fv2%2Ftags&post=38872"}],"curies":[{"name":"wp","href":"https:\/\/api.w.org\/{rel}","templated":true}]}}