{"id":38897,"date":"2024-04-19T07:31:48","date_gmt":"2024-04-19T07:31:48","guid":{"rendered":"https:\/\/kibrisdakik.com\/index.php\/2024\/04\/19\/elektrigin-tamamini-yenilenebilir-enerjiden-saglayan-ulke-sayisi-yediye-ulasti\/"},"modified":"2024-04-19T07:31:48","modified_gmt":"2024-04-19T07:31:48","slug":"elektrigin-tamamini-yenilenebilir-enerjiden-saglayan-ulke-sayisi-yediye-ulasti","status":"publish","type":"post","link":"https:\/\/kibrisdakik.com\/?p=38897","title":{"rendered":"Elektri\u011fin tamam\u0131n\u0131 yenilenebilir enerjiden sa\u011flayan \u00fclke say\u0131s\u0131 yediye ula\u015ft\u0131"},"content":{"rendered":"<p><img decoding=\"async\" src=\"https:\/\/www.kibristurk.com\/images\/haberler\/2024\/04\/elektrigin-tamamini-yenilenebilir-enerjiden-saglayan-ulke-sayisi-yediye-ulasti-1713509773.webp\" \/><\/p>\n<p><span style=\"font-size:12pt\"><span style=\"font-family:Calibri,sans-serif\">Yeni derlenen rakamlara g\u00f6re 7 \u00fclke art\u0131k elektri\u011finin neredeyse tamam\u0131n\u0131 yenilenebilir enerji kaynaklar\u0131ndan \u00fcretiyor.<\/span><\/span><\/p>\n<p>&nbsp;<\/p>\n<p><span style=\"font-size:12pt\"><span style=\"font-family:Calibri,sans-serif\">Arnavutluk, Bhutan, Nepal, Paraguay, \u0130zlanda, Etiyopya ve Demokratik Kongo Cumhuriyeti t\u00fckettikleri elektri\u011fin y\u00fczde 99,7&#8217;sinden fazlas\u0131n\u0131 jeotermal, hidroelektrik, G\u00fcne\u015f veya r\u00fczgar enerjisi kullanarak \u00fcretti.<\/span><\/span><\/p>\n<p>&nbsp;<\/p>\n<p><span style=\"font-size:12pt\"><span style=\"font-family:Calibri,sans-serif\">Uluslararas\u0131 Enerji Ajans\u0131 (IEA) ve Uluslararas\u0131 Yenilenebilir Enerji Ajans\u0131&#8217;n\u0131n (IRENA) verileri, 2021 ve 2022&#8217;de 11 Avrupa \u00fclkesi de dahil 40 \u00fclkenin daha t\u00fckettikleri elektri\u011fin en az y\u00fczde 50&#8217;sini yenilenebilir enerji teknolojilerinden \u00fcretti\u011fini ortaya koydu.<\/span><\/span><\/p>\n<p>&nbsp;<\/p>\n<p><span style=\"font-size:12pt\"><span style=\"font-family:Calibri,sans-serif\">Profes\u00f6r Jacobson ayr\u0131ca Almanya gibi di\u011fer \u00fclkelerin de k\u0131sa s\u00fcreler i\u00e7in y\u00fczde 100 yenilenebilir kaynakl\u0131 elektrikle ihtiyac\u0131n\u0131 kar\u015f\u0131layabildi\u011fini belirtti.<\/span><\/span><\/p>\n<p>&nbsp;<\/p>\n<p><span style=\"font-size:12pt\"><span style=\"font-family:Calibri,sans-serif\">IEA&#8217;n\u0131n ocakta a\u00e7\u0131klad\u0131\u011f\u0131 rakamlar, Birle\u015fik Krall\u0131k&#8217;\u0131n 2022&#8217;de elektri\u011finin y\u00fczde 41,5&#8217;ini yenilenebilir kaynaklardan \u00fcretti\u011fini g\u00f6steriyor. Bu rakam \u00f6nceki y\u0131la g\u00f6re y\u00fczde 10,5 daha y\u00fcksek.<\/span><\/span><\/p>\n<p>&nbsp;<\/p>\n<p><span style=\"font-size:12pt\"><span style=\"font-family:Calibri,sans-serif\">\u0130sko\u00e7ya&#8217;da yenilenebilir enerji teknolojileri 2022&#8217;de \u00fclkenin toplam elektrik t\u00fcketiminin y\u00fczde 113&#8217;\u00fcne e\u015fde\u011fer \u00fcretim ger\u00e7ekle\u015ftirmi\u015fti.<\/span><\/span><\/p>\n<p>&nbsp;<\/p>\n<p><span style=\"font-size:12pt\"><span style=\"font-family:Calibri,sans-serif\">Scottish Renewables CEO&#8217;su Claire Mack o y\u0131l, &#8220;Bu rekor k\u0131ran rakamlar, \u0130sko\u00e7ya&#8217;n\u0131n net s\u0131f\u0131ra giden yolculu\u011funda \u00f6nemli bir kilometre ta\u015f\u0131 ve d\u00fcnya standartlar\u0131ndaki yenilenebilir enerji kaynaklar\u0131m\u0131z\u0131n muazzam potansiyelini a\u00e7\u0131k\u00e7a g\u00f6steriyor&#8221; demi\u015fti.<\/span><\/span><\/p>\n<p>&nbsp;<\/p>\n<p><span style=\"font-size:12pt\"><span style=\"font-family:Calibri,sans-serif\">\u0130sko\u00e7ya&#8217;n\u0131n elektrik \u00fcretimine r\u00fczgar enerjisi hakim olsa da ara\u015ft\u0131rmac\u0131lar gelecek on y\u0131llarda G\u00fcne\u015f enerjisinin k\u00fcresel elektrik arz\u0131na hakim olaca\u011f\u0131n\u0131 tahmin ediyor.<\/span><\/span><\/p>\n<p>&nbsp;<\/p>\n<p><span style=\"font-size:12pt\"><span style=\"font-family:Calibri,sans-serif\">Son y\u0131llarda G\u00fcne\u015f pillerinin verimlilik oranlar\u0131n\u0131n iyile\u015ftirilmesinde \u00f6nemli ilerlemeler kaydediliyor ve bu ilerlemelerde &#8220;mucize malzeme&#8221; denen perovskit b\u00fcy\u00fck rol oynuyor.<\/span><\/span><\/p>\n<p>&nbsp;<\/p>\n<p><span style=\"font-size:12pt\"><span style=\"font-family:Calibri,sans-serif\">Ticari maliyetlerin de d\u00fc\u015fmesi, Exeter \u00dcniversitesi ve University College London&#8217;daki bilim insanlar\u0131n\u0131n ge\u00e7en y\u0131l G\u00fcne\u015f enerjisinin 2050&#8217;ye kadar d\u00fcnyan\u0131n ana enerji kayna\u011f\u0131 haline gelmesini sa\u011flayacak &#8220;geri d\u00f6nd\u00fcr\u00fclemez bir kritik e\u015fi\u011fe&#8221; ula\u015ft\u0131\u011f\u0131n\u0131 iddia etmelerine yol a\u00e7m\u0131\u015ft\u0131.<\/span><\/span><\/p>\n<p>&nbsp;<\/p>\n<p><span style=\"font-size:12pt\"><span style=\"font-family:Calibri,sans-serif\">2023&#8217;te Nature Communications akademik dergisinde yay\u0131mlanan makaleleri, teknolojik ve ekonomik ilerlemelerin temiz enerjiye ge\u00e7i\u015fin sadece ula\u015f\u0131labilir de\u011fil, ayn\u0131 zamanda ka\u00e7\u0131n\u0131lmaz oldu\u011fu anlam\u0131na geldi\u011fini ortaya koymu\u015ftu.<\/span><\/span><\/p>\n<p>&nbsp;<\/p>\n<p><span style=\"font-size:12pt\"><span style=\"font-family:Calibri,sans-serif\">Ara\u015ft\u0131rmac\u0131lar \u00e7al\u0131\u015fmada, &#8220;Ge\u00e7mi\u015f politikalar taraf\u0131ndan harekete ge\u00e7irilen teknolojik gidi\u015fat nedeniyle, G\u00fcne\u015f enerjisinde geri d\u00f6n\u00fclemez kritik e\u015fik ge\u00e7ilmi\u015f olabilir. Bu da ba\u015fka iklim politikalar\u0131 olmaks\u0131z\u0131n G\u00fcne\u015f enerjisinin kademeli \u015fekilde k\u00fcresel elektrik piyasalar\u0131na hakim olaca\u011f\u0131 anlam\u0131na geliyor&#8221; diye yazm\u0131\u015ft\u0131.<\/span><\/span><\/p>\n","protected":false},"excerpt":{"rendered":"<p>Yeni derlenen rakamlara g\u00f6re 7 \u00fclke art\u0131k elektri\u011finin neredeyse tamam\u0131n\u0131 yenilenebilir enerji kaynaklar\u0131ndan \u00fcretiyor. &nbsp; Arnavutluk, Bhutan, Nepal, Paraguay, \u0130zlanda, Etiyopya ve Demokratik Kongo Cumhuriyeti t\u00fckettikleri elektri\u011fin y\u00fczde 99,7&#8217;sinden fazlas\u0131n\u0131 jeotermal, hidroelektrik, G\u00fcne\u015f veya r\u00fczgar enerjisi kullanarak \u00fcretti. &nbsp; Uluslararas\u0131 Enerji Ajans\u0131 (IEA) ve Uluslararas\u0131 Yenilenebilir Enerji Ajans\u0131&#8217;n\u0131n (IRENA) verileri, 2021 ve 2022&#8217;de 11 Avrupa<\/p>\n","protected":false},"author":1,"featured_media":38898,"comment_status":"open","ping_status":"open","sticky":false,"template":"","format":"standard","meta":{"footnotes":""},"categories":[85],"tags":[],"class_list":["post-38897","post","type-post","status-publish","format-standard","has-post-thumbnail","hentry","category-spor"],"yoast_head":"<!-- This site is optimized with the Yoast SEO plugin v27.5 - https:\/\/yoast.com\/product\/yoast-seo-wordpress\/ -->\n<title>Elektri\u011fin tamam\u0131n\u0131 yenilenebilir enerjiden sa\u011flayan \u00fclke say\u0131s\u0131 yediye ula\u015ft\u0131 -<\/title>\n<meta name=\"robots\" content=\"index, follow, max-snippet:-1, max-image-preview:large, max-video-preview:-1\" \/>\n<link rel=\"canonical\" href=\"https:\/\/kibrisdakik.com\/?p=38897\" \/>\n<meta property=\"og:locale\" content=\"tr_TR\" \/>\n<meta property=\"og:type\" content=\"article\" \/>\n<meta property=\"og:title\" content=\"Elektri\u011fin tamam\u0131n\u0131 yenilenebilir enerjiden sa\u011flayan \u00fclke say\u0131s\u0131 yediye ula\u015ft\u0131 -\" \/>\n<meta property=\"og:description\" content=\"Yeni derlenen rakamlara g\u00f6re 7 \u00fclke art\u0131k elektri\u011finin neredeyse tamam\u0131n\u0131 yenilenebilir enerji kaynaklar\u0131ndan \u00fcretiyor. &nbsp; Arnavutluk, Bhutan, Nepal, Paraguay, \u0130zlanda, Etiyopya ve Demokratik Kongo Cumhuriyeti t\u00fckettikleri elektri\u011fin y\u00fczde 99,7&#8217;sinden fazlas\u0131n\u0131 jeotermal, hidroelektrik, G\u00fcne\u015f veya r\u00fczgar enerjisi kullanarak \u00fcretti. &nbsp; Uluslararas\u0131 Enerji Ajans\u0131 (IEA) ve Uluslararas\u0131 Yenilenebilir Enerji Ajans\u0131&#8217;n\u0131n (IRENA) verileri, 2021 ve 2022&#8217;de 11 Avrupa\" \/>\n<meta property=\"og:url\" content=\"https:\/\/kibrisdakik.com\/?p=38897\" \/>\n<meta property=\"article:published_time\" content=\"2024-04-19T07:31:48+00:00\" \/>\n<meta property=\"og:image\" content=\"https:\/\/kibrisdakik.com\/wp-content\/uploads\/2024\/04\/elektrigin-tamamini-yenilenebilir-enerjiden-saglayan-ulke-sayisi-yediye-ulasti-1713509773.webp.webp\" \/>\n\t<meta property=\"og:image:width\" content=\"710\" \/>\n\t<meta property=\"og:image:height\" content=\"370\" \/>\n\t<meta property=\"og:image:type\" content=\"image\/webp\" \/>\n<meta name=\"author\" content=\"admin\" \/>\n<meta name=\"twitter:card\" content=\"summary_large_image\" \/>\n<meta name=\"twitter:label1\" content=\"Yazan:\" \/>\n\t<meta name=\"twitter:data1\" content=\"admin\" \/>\n\t<meta name=\"twitter:label2\" content=\"Tahmini okuma s\u00fcresi\" \/>\n\t<meta name=\"twitter:data2\" content=\"2 dakika\" \/>\n<script type=\"application\/ld+json\" class=\"yoast-schema-graph\">{\"@context\":\"https:\\\/\\\/schema.org\",\"@graph\":[{\"@type\":\"Article\",\"@id\":\"https:\\\/\\\/kibrisdakik.com\\\/?p=38897#article\",\"isPartOf\":{\"@id\":\"https:\\\/\\\/kibrisdakik.com\\\/?p=38897\"},\"author\":{\"name\":\"admin\",\"@id\":\"https:\\\/\\\/kibrisdakik.com\\\/#\\\/schema\\\/person\\\/9cd9d437bbb44f72b73ba127e06d8e79\"},\"headline\":\"Elektri\u011fin tamam\u0131n\u0131 yenilenebilir enerjiden sa\u011flayan \u00fclke say\u0131s\u0131 yediye ula\u015ft\u0131\",\"datePublished\":\"2024-04-19T07:31:48+00:00\",\"mainEntityOfPage\":{\"@id\":\"https:\\\/\\\/kibrisdakik.com\\\/?p=38897\"},\"wordCount\":448,\"commentCount\":0,\"image\":{\"@id\":\"https:\\\/\\\/kibrisdakik.com\\\/?p=38897#primaryimage\"},\"thumbnailUrl\":\"https:\\\/\\\/kibrisdakik.com\\\/wp-content\\\/uploads\\\/2024\\\/04\\\/elektrigin-tamamini-yenilenebilir-enerjiden-saglayan-ulke-sayisi-yediye-ulasti-1713509773.webp.webp\",\"articleSection\":[\"Spor\"],\"inLanguage\":\"tr\",\"potentialAction\":[{\"@type\":\"CommentAction\",\"name\":\"Comment\",\"target\":[\"https:\\\/\\\/kibrisdakik.com\\\/?p=38897#respond\"]}]},{\"@type\":\"WebPage\",\"@id\":\"https:\\\/\\\/kibrisdakik.com\\\/?p=38897\",\"url\":\"https:\\\/\\\/kibrisdakik.com\\\/?p=38897\",\"name\":\"Elektri\u011fin tamam\u0131n\u0131 yenilenebilir enerjiden sa\u011flayan \u00fclke say\u0131s\u0131 yediye ula\u015ft\u0131 -\",\"isPartOf\":{\"@id\":\"https:\\\/\\\/kibrisdakik.com\\\/#website\"},\"primaryImageOfPage\":{\"@id\":\"https:\\\/\\\/kibrisdakik.com\\\/?p=38897#primaryimage\"},\"image\":{\"@id\":\"https:\\\/\\\/kibrisdakik.com\\\/?p=38897#primaryimage\"},\"thumbnailUrl\":\"https:\\\/\\\/kibrisdakik.com\\\/wp-content\\\/uploads\\\/2024\\\/04\\\/elektrigin-tamamini-yenilenebilir-enerjiden-saglayan-ulke-sayisi-yediye-ulasti-1713509773.webp.webp\",\"datePublished\":\"2024-04-19T07:31:48+00:00\",\"author\":{\"@id\":\"https:\\\/\\\/kibrisdakik.com\\\/#\\\/schema\\\/person\\\/9cd9d437bbb44f72b73ba127e06d8e79\"},\"breadcrumb\":{\"@id\":\"https:\\\/\\\/kibrisdakik.com\\\/?p=38897#breadcrumb\"},\"inLanguage\":\"tr\",\"potentialAction\":[{\"@type\":\"ReadAction\",\"target\":[\"https:\\\/\\\/kibrisdakik.com\\\/?p=38897\"]}]},{\"@type\":\"ImageObject\",\"inLanguage\":\"tr\",\"@id\":\"https:\\\/\\\/kibrisdakik.com\\\/?p=38897#primaryimage\",\"url\":\"https:\\\/\\\/kibrisdakik.com\\\/wp-content\\\/uploads\\\/2024\\\/04\\\/elektrigin-tamamini-yenilenebilir-enerjiden-saglayan-ulke-sayisi-yediye-ulasti-1713509773.webp.webp\",\"contentUrl\":\"https:\\\/\\\/kibrisdakik.com\\\/wp-content\\\/uploads\\\/2024\\\/04\\\/elektrigin-tamamini-yenilenebilir-enerjiden-saglayan-ulke-sayisi-yediye-ulasti-1713509773.webp.webp\",\"width\":710,\"height\":370},{\"@type\":\"BreadcrumbList\",\"@id\":\"https:\\\/\\\/kibrisdakik.com\\\/?p=38897#breadcrumb\",\"itemListElement\":[{\"@type\":\"ListItem\",\"position\":1,\"name\":\"Home\",\"item\":\"https:\\\/\\\/kibrisdakik.com\\\/\"},{\"@type\":\"ListItem\",\"position\":2,\"name\":\"Elektri\u011fin tamam\u0131n\u0131 yenilenebilir enerjiden sa\u011flayan \u00fclke say\u0131s\u0131 yediye ula\u015ft\u0131\"}]},{\"@type\":\"WebSite\",\"@id\":\"https:\\\/\\\/kibrisdakik.com\\\/#website\",\"url\":\"https:\\\/\\\/kibrisdakik.com\\\/\",\"name\":\"\",\"description\":\"Tam vaktinde haber\",\"potentialAction\":[{\"@type\":\"SearchAction\",\"target\":{\"@type\":\"EntryPoint\",\"urlTemplate\":\"https:\\\/\\\/kibrisdakik.com\\\/?s={search_term_string}\"},\"query-input\":{\"@type\":\"PropertyValueSpecification\",\"valueRequired\":true,\"valueName\":\"search_term_string\"}}],\"inLanguage\":\"tr\"},{\"@type\":\"Person\",\"@id\":\"https:\\\/\\\/kibrisdakik.com\\\/#\\\/schema\\\/person\\\/9cd9d437bbb44f72b73ba127e06d8e79\",\"name\":\"admin\",\"image\":{\"@type\":\"ImageObject\",\"inLanguage\":\"tr\",\"@id\":\"https:\\\/\\\/secure.gravatar.com\\\/avatar\\\/ccc17943b9d660506c869530f897617f7cb1c21a4bf30023f252596d83e1f007?s=96&d=mm&r=g\",\"url\":\"https:\\\/\\\/secure.gravatar.com\\\/avatar\\\/ccc17943b9d660506c869530f897617f7cb1c21a4bf30023f252596d83e1f007?s=96&d=mm&r=g\",\"contentUrl\":\"https:\\\/\\\/secure.gravatar.com\\\/avatar\\\/ccc17943b9d660506c869530f897617f7cb1c21a4bf30023f252596d83e1f007?s=96&d=mm&r=g\",\"caption\":\"admin\"},\"sameAs\":[\"https:\\\/\\\/kibrisdakik.com\"],\"url\":\"https:\\\/\\\/kibrisdakik.com\\\/?author=1\"}]}<\/script>\n<!-- \/ Yoast SEO plugin. -->","yoast_head_json":{"title":"Elektri\u011fin tamam\u0131n\u0131 yenilenebilir enerjiden sa\u011flayan \u00fclke say\u0131s\u0131 yediye ula\u015ft\u0131 -","robots":{"index":"index","follow":"follow","max-snippet":"max-snippet:-1","max-image-preview":"max-image-preview:large","max-video-preview":"max-video-preview:-1"},"canonical":"https:\/\/kibrisdakik.com\/?p=38897","og_locale":"tr_TR","og_type":"article","og_title":"Elektri\u011fin tamam\u0131n\u0131 yenilenebilir enerjiden sa\u011flayan \u00fclke say\u0131s\u0131 yediye ula\u015ft\u0131 -","og_description":"Yeni derlenen rakamlara g\u00f6re 7 \u00fclke art\u0131k elektri\u011finin neredeyse tamam\u0131n\u0131 yenilenebilir enerji kaynaklar\u0131ndan \u00fcretiyor. &nbsp; Arnavutluk, Bhutan, Nepal, Paraguay, \u0130zlanda, Etiyopya ve Demokratik Kongo Cumhuriyeti t\u00fckettikleri elektri\u011fin y\u00fczde 99,7&#8217;sinden fazlas\u0131n\u0131 jeotermal, hidroelektrik, G\u00fcne\u015f veya r\u00fczgar enerjisi kullanarak \u00fcretti. &nbsp; Uluslararas\u0131 Enerji Ajans\u0131 (IEA) ve Uluslararas\u0131 Yenilenebilir Enerji Ajans\u0131&#8217;n\u0131n (IRENA) verileri, 2021 ve 2022&#8217;de 11 Avrupa","og_url":"https:\/\/kibrisdakik.com\/?p=38897","article_published_time":"2024-04-19T07:31:48+00:00","og_image":[{"width":710,"height":370,"url":"https:\/\/kibrisdakik.com\/wp-content\/uploads\/2024\/04\/elektrigin-tamamini-yenilenebilir-enerjiden-saglayan-ulke-sayisi-yediye-ulasti-1713509773.webp.webp","type":"image\/webp"}],"author":"admin","twitter_card":"summary_large_image","twitter_misc":{"Yazan:":"admin","Tahmini okuma s\u00fcresi":"2 dakika"},"schema":{"@context":"https:\/\/schema.org","@graph":[{"@type":"Article","@id":"https:\/\/kibrisdakik.com\/?p=38897#article","isPartOf":{"@id":"https:\/\/kibrisdakik.com\/?p=38897"},"author":{"name":"admin","@id":"https:\/\/kibrisdakik.com\/#\/schema\/person\/9cd9d437bbb44f72b73ba127e06d8e79"},"headline":"Elektri\u011fin tamam\u0131n\u0131 yenilenebilir enerjiden sa\u011flayan \u00fclke say\u0131s\u0131 yediye ula\u015ft\u0131","datePublished":"2024-04-19T07:31:48+00:00","mainEntityOfPage":{"@id":"https:\/\/kibrisdakik.com\/?p=38897"},"wordCount":448,"commentCount":0,"image":{"@id":"https:\/\/kibrisdakik.com\/?p=38897#primaryimage"},"thumbnailUrl":"https:\/\/kibrisdakik.com\/wp-content\/uploads\/2024\/04\/elektrigin-tamamini-yenilenebilir-enerjiden-saglayan-ulke-sayisi-yediye-ulasti-1713509773.webp.webp","articleSection":["Spor"],"inLanguage":"tr","potentialAction":[{"@type":"CommentAction","name":"Comment","target":["https:\/\/kibrisdakik.com\/?p=38897#respond"]}]},{"@type":"WebPage","@id":"https:\/\/kibrisdakik.com\/?p=38897","url":"https:\/\/kibrisdakik.com\/?p=38897","name":"Elektri\u011fin tamam\u0131n\u0131 yenilenebilir enerjiden sa\u011flayan \u00fclke say\u0131s\u0131 yediye ula\u015ft\u0131 -","isPartOf":{"@id":"https:\/\/kibrisdakik.com\/#website"},"primaryImageOfPage":{"@id":"https:\/\/kibrisdakik.com\/?p=38897#primaryimage"},"image":{"@id":"https:\/\/kibrisdakik.com\/?p=38897#primaryimage"},"thumbnailUrl":"https:\/\/kibrisdakik.com\/wp-content\/uploads\/2024\/04\/elektrigin-tamamini-yenilenebilir-enerjiden-saglayan-ulke-sayisi-yediye-ulasti-1713509773.webp.webp","datePublished":"2024-04-19T07:31:48+00:00","author":{"@id":"https:\/\/kibrisdakik.com\/#\/schema\/person\/9cd9d437bbb44f72b73ba127e06d8e79"},"breadcrumb":{"@id":"https:\/\/kibrisdakik.com\/?p=38897#breadcrumb"},"inLanguage":"tr","potentialAction":[{"@type":"ReadAction","target":["https:\/\/kibrisdakik.com\/?p=38897"]}]},{"@type":"ImageObject","inLanguage":"tr","@id":"https:\/\/kibrisdakik.com\/?p=38897#primaryimage","url":"https:\/\/kibrisdakik.com\/wp-content\/uploads\/2024\/04\/elektrigin-tamamini-yenilenebilir-enerjiden-saglayan-ulke-sayisi-yediye-ulasti-1713509773.webp.webp","contentUrl":"https:\/\/kibrisdakik.com\/wp-content\/uploads\/2024\/04\/elektrigin-tamamini-yenilenebilir-enerjiden-saglayan-ulke-sayisi-yediye-ulasti-1713509773.webp.webp","width":710,"height":370},{"@type":"BreadcrumbList","@id":"https:\/\/kibrisdakik.com\/?p=38897#breadcrumb","itemListElement":[{"@type":"ListItem","position":1,"name":"Home","item":"https:\/\/kibrisdakik.com\/"},{"@type":"ListItem","position":2,"name":"Elektri\u011fin tamam\u0131n\u0131 yenilenebilir enerjiden sa\u011flayan \u00fclke say\u0131s\u0131 yediye ula\u015ft\u0131"}]},{"@type":"WebSite","@id":"https:\/\/kibrisdakik.com\/#website","url":"https:\/\/kibrisdakik.com\/","name":"","description":"Tam vaktinde haber","potentialAction":[{"@type":"SearchAction","target":{"@type":"EntryPoint","urlTemplate":"https:\/\/kibrisdakik.com\/?s={search_term_string}"},"query-input":{"@type":"PropertyValueSpecification","valueRequired":true,"valueName":"search_term_string"}}],"inLanguage":"tr"},{"@type":"Person","@id":"https:\/\/kibrisdakik.com\/#\/schema\/person\/9cd9d437bbb44f72b73ba127e06d8e79","name":"admin","image":{"@type":"ImageObject","inLanguage":"tr","@id":"https:\/\/secure.gravatar.com\/avatar\/ccc17943b9d660506c869530f897617f7cb1c21a4bf30023f252596d83e1f007?s=96&d=mm&r=g","url":"https:\/\/secure.gravatar.com\/avatar\/ccc17943b9d660506c869530f897617f7cb1c21a4bf30023f252596d83e1f007?s=96&d=mm&r=g","contentUrl":"https:\/\/secure.gravatar.com\/avatar\/ccc17943b9d660506c869530f897617f7cb1c21a4bf30023f252596d83e1f007?s=96&d=mm&r=g","caption":"admin"},"sameAs":["https:\/\/kibrisdakik.com"],"url":"https:\/\/kibrisdakik.com\/?author=1"}]}},"_links":{"self":[{"href":"https:\/\/kibrisdakik.com\/index.php?rest_route=\/wp\/v2\/posts\/38897","targetHints":{"allow":["GET"]}}],"collection":[{"href":"https:\/\/kibrisdakik.com\/index.php?rest_route=\/wp\/v2\/posts"}],"about":[{"href":"https:\/\/kibrisdakik.com\/index.php?rest_route=\/wp\/v2\/types\/post"}],"author":[{"embeddable":true,"href":"https:\/\/kibrisdakik.com\/index.php?rest_route=\/wp\/v2\/users\/1"}],"replies":[{"embeddable":true,"href":"https:\/\/kibrisdakik.com\/index.php?rest_route=%2Fwp%2Fv2%2Fcomments&post=38897"}],"version-history":[{"count":0,"href":"https:\/\/kibrisdakik.com\/index.php?rest_route=\/wp\/v2\/posts\/38897\/revisions"}],"wp:featuredmedia":[{"embeddable":true,"href":"https:\/\/kibrisdakik.com\/index.php?rest_route=\/wp\/v2\/media\/38898"}],"wp:attachment":[{"href":"https:\/\/kibrisdakik.com\/index.php?rest_route=%2Fwp%2Fv2%2Fmedia&parent=38897"}],"wp:term":[{"taxonomy":"category","embeddable":true,"href":"https:\/\/kibrisdakik.com\/index.php?rest_route=%2Fwp%2Fv2%2Fcategories&post=38897"},{"taxonomy":"post_tag","embeddable":true,"href":"https:\/\/kibrisdakik.com\/index.php?rest_route=%2Fwp%2Fv2%2Ftags&post=38897"}],"curies":[{"name":"wp","href":"https:\/\/api.w.org\/{rel}","templated":true}]}}