{"id":38924,"date":"2024-04-19T10:53:00","date_gmt":"2024-04-19T10:53:00","guid":{"rendered":"https:\/\/kibrisdakik.com\/index.php\/2024\/04\/19\/gazimagusada-baris-harekatinda-halkin-suricine-girisinin-saglandigi-tunelde-calisma-baslatildi\/"},"modified":"2024-04-19T10:53:00","modified_gmt":"2024-04-19T10:53:00","slug":"gazimagusada-baris-harekatinda-halkin-suricine-girisinin-saglandigi-tunelde-calisma-baslatildi","status":"publish","type":"post","link":"https:\/\/kibrisdakik.com\/?p=38924","title":{"rendered":"Gazima\u011fusa\u2019da Bar\u0131\u015f Harekat\u0131\u2019nda halk\u0131n Suri\u00e7i\u2019ne giri\u015finin sa\u011fland\u0131\u011f\u0131 t\u00fcnelde \u00e7al\u0131\u015fma ba\u015flat\u0131ld\u0131"},"content":{"rendered":"<p><\/p>\n<div>\n<div class=\"mariselle-image-container center\">\n                <img loading=\"lazy\" decoding=\"async\" width=\"1728\" height=\"1152\" class=\"lazy-image\" alt=\"\" sizes=\"auto, (max-width: 1728px) 100vw, 1728px\" src=\"https:\/\/brtk.net\/wp-content\/uploads\/2024\/04\/19\/gmb-tunel-4-.jpeg?ver=0f1197b15133b502333ce6554d365ab8\" srcset=\"https:\/\/brtk.net\/wp-content\/uploads\/2024\/04\/19\/gmb-tunel-4-.jpeg?ver=0f1197b15133b502333ce6554d365ab8 1728w, https:\/\/brtk.net\/wp-content\/uploads\/2024\/04\/19\/gmb-tunel-4--300x200.jpeg?ver=820a75fc9bd4fb71ceca3fecb099d412 300w, https:\/\/brtk.net\/wp-content\/uploads\/2024\/04\/19\/gmb-tunel-4--1024x683.jpeg?ver=820a75fc9bd4fb71ceca3fecb099d412 1024w, https:\/\/brtk.net\/wp-content\/uploads\/2024\/04\/19\/gmb-tunel-4--768x512.jpeg?ver=6647e9bab7192b187d775f3a2875cba9 768w, https:\/\/brtk.net\/wp-content\/uploads\/2024\/04\/19\/gmb-tunel-4--1536x1024.jpeg?ver=6647e9bab7192b187d775f3a2875cba9 1536w\"\/>                            <\/div>\n<p> Gazima\u011fusa Belediyesi, 20 Temmuz 1974\u2019te Baykal b\u00f6lgesindeki K\u0131br\u0131sl\u0131 T\u00fcrklerin Suri\u00e7i\u2019ne ge\u00e7mesi i\u00e7in kullan\u0131lan t\u00fcnelin tadilat \u00e7al\u0131\u015fmalar\u0131na ba\u015flad\u0131.<\/p>\n<p>Gazima\u011fusa Belediyesi\u2019nden verilen bilgiye g\u00f6re, t\u00fcnelin hende\u011fe a\u00e7\u0131lan k\u0131sm\u0131nda temizlik \u00e7al\u0131\u015fmalar\u0131na ba\u015fland\u0131.<\/p>\n<p>Gazima\u011fusa Belediye Ba\u015fkan\u0131  S\u00fcleyman Ulu\u00e7ay, G\u00fcvenlik Kuvvetleri Komutan Yard\u0131mc\u0131s\u0131 Tu\u011fgeneral Kadir Bayrakl\u0131 ve  4\u2019\u00fcnc\u00fc Piyade Alay Komutan\u0131 Piyade Kurmay Albay \u00d6mer Bulut t\u00fcnelde incelemelerde bulundu. A\u00e7\u0131klamada, t\u00fcnelin 26\u2019nc\u0131 metresinde \u00e7\u00f6kme tespit edildi\u011fi kaydedildi.<\/p>\n<p>Gazima\u011fusa Belediyesi\u2019nin belgesel nitelikli farkl\u0131 bir \u00e7al\u0131\u015fmas\u0131nda, t\u00fcnelin kaz\u0131lmas\u0131nda g\u00f6rev alan M\u00fccahitler, komutanlar, teknik ki\u015filer ve t\u00fcnelden ge\u00e7en ki\u015filerle g\u00f6r\u00fc\u015fme ger\u00e7ekle\u015ftirildi\u011fi kaydedildi. T\u00fcnel, K\u0131br\u0131s Bar\u0131\u015f Harekat\u0131\u2019n\u0131n ba\u015flat\u0131ld\u0131\u011f\u0131 20 Temmuz 1974 gecesi Baykal b\u00f6lgesindeki halk\u0131n K\u0131br\u0131s T\u00fcrklerinin yo\u011funlukla ya\u015fad\u0131\u011f\u0131 Ma\u011fusa Suri\u00e7i\u2019ne ta\u015f\u0131nmas\u0131nda kullan\u0131lm\u0131\u015ft\u0131.<\/p>\n<p>Gazima\u011fusa Belediye Ba\u015fkan\u0131  S\u00fcleyman Ulu\u00e7ay konuyla ilgili a\u00e7\u0131klamas\u0131nda, Baykal T\u00fcneli ile ilgili ba\u015flat\u0131lan \u00e7al\u0131\u015fman\u0131n memnuniyet verici oldu\u011funu, konuyu bir\u00e7ok platformda g\u00fcndeme getirmeleriyle konunun art\u0131k herkesin dikkatini \u00e7ekti\u011fini ifade etti.<\/p>\n<p>Ba\u015fkan Ulu\u00e7ay, \u00e7al\u0131\u015fmalar\u0131n ba\u015flamas\u0131nda hassasiyet g\u00f6steren T\u00fcrkiye Cumhuriyeti\u2019nin Lefko\u015fa B\u00fcy\u00fckel\u00e7isi Metin Feyzio\u011flu, T\u00fcrk \u0130\u015fbirli\u011fi ve Koordinasyon  Ajans\u0131 Lefko\u015fa Koordinat\u00f6r\u00fc Havva P\u0131nar \u00d6zcan K\u00fc\u00e7\u00fck\u00e7avu\u015f, GKK Komutan\u0131 T\u00fcmgeneral Osman Ayta\u00e7, Yard\u0131mc\u0131s\u0131 Tu\u011fgeneral Kadir Bayrakl\u0131 ve 4\u2019\u00fcnc\u00fc Piyade Alay Komutan\u0131 Piyade Kurmay Albay \u00d6mer Bulut\u2019a te\u015fekk\u00fcr etti.<\/p>\n<\/p><\/div>\n<p><script async\n                    defer\n                    crossorigin=\"anonymous\"\n                    src=\"https:\/\/connect.facebook.net\/tr_TR\/sdk.js#xfbml=1&#038;version=v3.3\"\n            ><\/script><\/p>\n","protected":false},"excerpt":{"rendered":"<p>Gazima\u011fusa Belediyesi, 20 Temmuz 1974\u2019te Baykal b\u00f6lgesindeki K\u0131br\u0131sl\u0131 T\u00fcrklerin Suri\u00e7i\u2019ne ge\u00e7mesi i\u00e7in kullan\u0131lan t\u00fcnelin tadilat \u00e7al\u0131\u015fmalar\u0131na ba\u015flad\u0131. Gazima\u011fusa Belediyesi\u2019nden verilen bilgiye g\u00f6re, t\u00fcnelin hende\u011fe a\u00e7\u0131lan k\u0131sm\u0131nda temizlik \u00e7al\u0131\u015fmalar\u0131na ba\u015fland\u0131. Gazima\u011fusa Belediye Ba\u015fkan\u0131 S\u00fcleyman Ulu\u00e7ay, G\u00fcvenlik Kuvvetleri Komutan Yard\u0131mc\u0131s\u0131 Tu\u011fgeneral Kadir Bayrakl\u0131 ve 4\u2019\u00fcnc\u00fc Piyade Alay Komutan\u0131 Piyade Kurmay Albay \u00d6mer Bulut t\u00fcnelde incelemelerde bulundu. A\u00e7\u0131klamada,<\/p>\n","protected":false},"author":1,"featured_media":38925,"comment_status":"open","ping_status":"open","sticky":false,"template":"","format":"standard","meta":{"footnotes":""},"categories":[1],"tags":[],"class_list":["post-38924","post","type-post","status-publish","format-standard","has-post-thumbnail","hentry","category-gundem"],"yoast_head":"<!-- This site is optimized with the Yoast SEO plugin v28.4 - https:\/\/yoast.com\/product\/yoast-seo-wordpress\/ -->\n<title>Gazima\u011fusa\u2019da Bar\u0131\u015f Harekat\u0131\u2019nda halk\u0131n Suri\u00e7i\u2019ne giri\u015finin sa\u011fland\u0131\u011f\u0131 t\u00fcnelde \u00e7al\u0131\u015fma ba\u015flat\u0131ld\u0131 -<\/title>\n<meta name=\"robots\" content=\"index, follow, max-snippet:-1, max-image-preview:large, max-video-preview:-1\" \/>\n<link rel=\"canonical\" href=\"https:\/\/kibrisdakik.com\/?p=38924\" \/>\n<meta property=\"og:locale\" content=\"tr_TR\" \/>\n<meta property=\"og:type\" content=\"article\" \/>\n<meta property=\"og:title\" content=\"Gazima\u011fusa\u2019da Bar\u0131\u015f Harekat\u0131\u2019nda halk\u0131n Suri\u00e7i\u2019ne giri\u015finin sa\u011fland\u0131\u011f\u0131 t\u00fcnelde \u00e7al\u0131\u015fma ba\u015flat\u0131ld\u0131 -\" \/>\n<meta property=\"og:description\" content=\"Gazima\u011fusa Belediyesi, 20 Temmuz 1974\u2019te Baykal b\u00f6lgesindeki K\u0131br\u0131sl\u0131 T\u00fcrklerin Suri\u00e7i\u2019ne ge\u00e7mesi i\u00e7in kullan\u0131lan t\u00fcnelin tadilat \u00e7al\u0131\u015fmalar\u0131na ba\u015flad\u0131. Gazima\u011fusa Belediyesi\u2019nden verilen bilgiye g\u00f6re, t\u00fcnelin hende\u011fe a\u00e7\u0131lan k\u0131sm\u0131nda temizlik \u00e7al\u0131\u015fmalar\u0131na ba\u015fland\u0131. Gazima\u011fusa Belediye Ba\u015fkan\u0131 S\u00fcleyman Ulu\u00e7ay, G\u00fcvenlik Kuvvetleri Komutan Yard\u0131mc\u0131s\u0131 Tu\u011fgeneral Kadir Bayrakl\u0131 ve 4\u2019\u00fcnc\u00fc Piyade Alay Komutan\u0131 Piyade Kurmay Albay \u00d6mer Bulut t\u00fcnelde incelemelerde bulundu. A\u00e7\u0131klamada,\" \/>\n<meta property=\"og:url\" content=\"https:\/\/kibrisdakik.com\/?p=38924\" \/>\n<meta property=\"article:published_time\" content=\"2024-04-19T10:53:00+00:00\" \/>\n<meta property=\"og:image\" content=\"https:\/\/kibrisdakik.com\/wp-content\/uploads\/2024\/04\/gmb-tunel-4--740x420.jpeg\" \/>\n\t<meta property=\"og:image:width\" content=\"1728\" \/>\n\t<meta property=\"og:image:height\" content=\"1152\" \/>\n\t<meta property=\"og:image:type\" content=\"image\/jpeg\" \/>\n<meta name=\"author\" content=\"admin\" \/>\n<meta name=\"twitter:card\" content=\"summary_large_image\" \/>\n<meta name=\"twitter:label1\" content=\"Yazan:\" \/>\n\t<meta name=\"twitter:data1\" content=\"admin\" \/>\n\t<meta name=\"twitter:label2\" content=\"Tahmini okuma s\u00fcresi\" \/>\n\t<meta name=\"twitter:data2\" content=\"1 dakika\" \/>\n<script type=\"application\/ld+json\" class=\"yoast-schema-graph\">{\"@context\":\"https:\\\/\\\/schema.org\",\"@graph\":[{\"@type\":\"Article\",\"@id\":\"https:\\\/\\\/kibrisdakik.com\\\/?p=38924#article\",\"isPartOf\":{\"@id\":\"https:\\\/\\\/kibrisdakik.com\\\/?p=38924\"},\"author\":{\"name\":\"admin\",\"@id\":\"https:\\\/\\\/kibrisdakik.com\\\/#\\\/schema\\\/person\\\/9cd9d437bbb44f72b73ba127e06d8e79\"},\"headline\":\"Gazima\u011fusa\u2019da Bar\u0131\u015f Harekat\u0131\u2019nda halk\u0131n Suri\u00e7i\u2019ne giri\u015finin sa\u011fland\u0131\u011f\u0131 t\u00fcnelde \u00e7al\u0131\u015fma ba\u015flat\u0131ld\u0131\",\"datePublished\":\"2024-04-19T10:53:00+00:00\",\"mainEntityOfPage\":{\"@id\":\"https:\\\/\\\/kibrisdakik.com\\\/?p=38924\"},\"wordCount\":316,\"commentCount\":0,\"publisher\":{\"@id\":\"https:\\\/\\\/kibrisdakik.com\\\/#organization\"},\"image\":{\"@id\":\"https:\\\/\\\/kibrisdakik.com\\\/?p=38924#primaryimage\"},\"thumbnailUrl\":\"https:\\\/\\\/kibrisdakik.com\\\/wp-content\\\/uploads\\\/2024\\\/04\\\/gmb-tunel-4--740x420.jpeg\",\"articleSection\":[\"G\u00fcndem\"],\"inLanguage\":\"tr\",\"potentialAction\":[{\"@type\":\"CommentAction\",\"name\":\"Comment\",\"target\":[\"https:\\\/\\\/kibrisdakik.com\\\/?p=38924#respond\"]}]},{\"@type\":\"WebPage\",\"@id\":\"https:\\\/\\\/kibrisdakik.com\\\/?p=38924\",\"url\":\"https:\\\/\\\/kibrisdakik.com\\\/?p=38924\",\"name\":\"Gazima\u011fusa\u2019da Bar\u0131\u015f Harekat\u0131\u2019nda halk\u0131n Suri\u00e7i\u2019ne giri\u015finin sa\u011fland\u0131\u011f\u0131 t\u00fcnelde \u00e7al\u0131\u015fma ba\u015flat\u0131ld\u0131 -\",\"isPartOf\":{\"@id\":\"https:\\\/\\\/kibrisdakik.com\\\/#website\"},\"primaryImageOfPage\":{\"@id\":\"https:\\\/\\\/kibrisdakik.com\\\/?p=38924#primaryimage\"},\"image\":{\"@id\":\"https:\\\/\\\/kibrisdakik.com\\\/?p=38924#primaryimage\"},\"thumbnailUrl\":\"https:\\\/\\\/kibrisdakik.com\\\/wp-content\\\/uploads\\\/2024\\\/04\\\/gmb-tunel-4--740x420.jpeg\",\"datePublished\":\"2024-04-19T10:53:00+00:00\",\"breadcrumb\":{\"@id\":\"https:\\\/\\\/kibrisdakik.com\\\/?p=38924#breadcrumb\"},\"inLanguage\":\"tr\",\"potentialAction\":[{\"@type\":\"ReadAction\",\"target\":[\"https:\\\/\\\/kibrisdakik.com\\\/?p=38924\"]}]},{\"@type\":\"ImageObject\",\"inLanguage\":\"tr\",\"@id\":\"https:\\\/\\\/kibrisdakik.com\\\/?p=38924#primaryimage\",\"url\":\"https:\\\/\\\/kibrisdakik.com\\\/wp-content\\\/uploads\\\/2024\\\/04\\\/gmb-tunel-4--740x420.jpeg\",\"contentUrl\":\"https:\\\/\\\/kibrisdakik.com\\\/wp-content\\\/uploads\\\/2024\\\/04\\\/gmb-tunel-4--740x420.jpeg\",\"width\":1728,\"height\":1152},{\"@type\":\"BreadcrumbList\",\"@id\":\"https:\\\/\\\/kibrisdakik.com\\\/?p=38924#breadcrumb\",\"itemListElement\":[{\"@type\":\"ListItem\",\"position\":1,\"name\":\"Home\",\"item\":\"https:\\\/\\\/kibrisdakik.com\\\/\"},{\"@type\":\"ListItem\",\"position\":2,\"name\":\"Gazima\u011fusa\u2019da Bar\u0131\u015f Harekat\u0131\u2019nda halk\u0131n Suri\u00e7i\u2019ne giri\u015finin sa\u011fland\u0131\u011f\u0131 t\u00fcnelde \u00e7al\u0131\u015fma ba\u015flat\u0131ld\u0131\"}]},{\"@type\":\"WebSite\",\"@id\":\"https:\\\/\\\/kibrisdakik.com\\\/#website\",\"url\":\"https:\\\/\\\/kibrisdakik.com\\\/\",\"name\":\"K\u0131br\u0131s Dakik\",\"description\":\"Tam vaktinde haber\",\"publisher\":{\"@id\":\"https:\\\/\\\/kibrisdakik.com\\\/#organization\"},\"potentialAction\":[{\"@type\":\"SearchAction\",\"target\":{\"@type\":\"EntryPoint\",\"urlTemplate\":\"https:\\\/\\\/kibrisdakik.com\\\/?s={search_term_string}\"},\"query-input\":{\"@type\":\"PropertyValueSpecification\",\"valueRequired\":true,\"valueName\":\"search_term_string\"}}],\"inLanguage\":\"tr\"},{\"@type\":\"Organization\",\"@id\":\"https:\\\/\\\/kibrisdakik.com\\\/#organization\",\"name\":\"K\u0131br\u0131s Dakik\",\"url\":\"https:\\\/\\\/kibrisdakik.com\\\/\",\"logo\":{\"@type\":\"ImageObject\",\"inLanguage\":\"tr\",\"@id\":\"https:\\\/\\\/kibrisdakik.com\\\/#\\\/schema\\\/logo\\\/image\\\/\",\"url\":\"https:\\\/\\\/kibrisdakik.com\\\/wp-content\\\/uploads\\\/2025\\\/10\\\/cropped-WhatsApp-Image-2025-10-02-at-12.58.31.jpeg\",\"contentUrl\":\"https:\\\/\\\/kibrisdakik.com\\\/wp-content\\\/uploads\\\/2025\\\/10\\\/cropped-WhatsApp-Image-2025-10-02-at-12.58.31.jpeg\",\"width\":1237,\"height\":190,\"caption\":\"K\u0131br\u0131s Dakik\"},\"image\":{\"@id\":\"https:\\\/\\\/kibrisdakik.com\\\/#\\\/schema\\\/logo\\\/image\\\/\"}},{\"@type\":\"Person\",\"@id\":\"https:\\\/\\\/kibrisdakik.com\\\/#\\\/schema\\\/person\\\/9cd9d437bbb44f72b73ba127e06d8e79\",\"name\":\"admin\",\"image\":{\"@type\":\"ImageObject\",\"inLanguage\":\"tr\",\"@id\":\"https:\\\/\\\/secure.gravatar.com\\\/avatar\\\/ccc17943b9d660506c869530f897617f7cb1c21a4bf30023f252596d83e1f007?s=96&d=mm&r=g\",\"url\":\"https:\\\/\\\/secure.gravatar.com\\\/avatar\\\/ccc17943b9d660506c869530f897617f7cb1c21a4bf30023f252596d83e1f007?s=96&d=mm&r=g\",\"contentUrl\":\"https:\\\/\\\/secure.gravatar.com\\\/avatar\\\/ccc17943b9d660506c869530f897617f7cb1c21a4bf30023f252596d83e1f007?s=96&d=mm&r=g\",\"caption\":\"admin\"},\"sameAs\":[\"https:\\\/\\\/kibrisdakik.com\"],\"url\":\"https:\\\/\\\/kibrisdakik.com\\\/?author=1\"}]}<\/script>\n<!-- \/ Yoast SEO plugin. -->","yoast_head_json":{"title":"Gazima\u011fusa\u2019da Bar\u0131\u015f Harekat\u0131\u2019nda halk\u0131n Suri\u00e7i\u2019ne giri\u015finin sa\u011fland\u0131\u011f\u0131 t\u00fcnelde \u00e7al\u0131\u015fma ba\u015flat\u0131ld\u0131 -","robots":{"index":"index","follow":"follow","max-snippet":"max-snippet:-1","max-image-preview":"max-image-preview:large","max-video-preview":"max-video-preview:-1"},"canonical":"https:\/\/kibrisdakik.com\/?p=38924","og_locale":"tr_TR","og_type":"article","og_title":"Gazima\u011fusa\u2019da Bar\u0131\u015f Harekat\u0131\u2019nda halk\u0131n Suri\u00e7i\u2019ne giri\u015finin sa\u011fland\u0131\u011f\u0131 t\u00fcnelde \u00e7al\u0131\u015fma ba\u015flat\u0131ld\u0131 -","og_description":"Gazima\u011fusa Belediyesi, 20 Temmuz 1974\u2019te Baykal b\u00f6lgesindeki K\u0131br\u0131sl\u0131 T\u00fcrklerin Suri\u00e7i\u2019ne ge\u00e7mesi i\u00e7in kullan\u0131lan t\u00fcnelin tadilat \u00e7al\u0131\u015fmalar\u0131na ba\u015flad\u0131. Gazima\u011fusa Belediyesi\u2019nden verilen bilgiye g\u00f6re, t\u00fcnelin hende\u011fe a\u00e7\u0131lan k\u0131sm\u0131nda temizlik \u00e7al\u0131\u015fmalar\u0131na ba\u015fland\u0131. Gazima\u011fusa Belediye Ba\u015fkan\u0131 S\u00fcleyman Ulu\u00e7ay, G\u00fcvenlik Kuvvetleri Komutan Yard\u0131mc\u0131s\u0131 Tu\u011fgeneral Kadir Bayrakl\u0131 ve 4\u2019\u00fcnc\u00fc Piyade Alay Komutan\u0131 Piyade Kurmay Albay \u00d6mer Bulut t\u00fcnelde incelemelerde bulundu. A\u00e7\u0131klamada,","og_url":"https:\/\/kibrisdakik.com\/?p=38924","article_published_time":"2024-04-19T10:53:00+00:00","og_image":[{"width":1728,"height":1152,"url":"https:\/\/kibrisdakik.com\/wp-content\/uploads\/2024\/04\/gmb-tunel-4--740x420.jpeg","type":"image\/jpeg"}],"author":"admin","twitter_card":"summary_large_image","twitter_misc":{"Yazan:":"admin","Tahmini okuma s\u00fcresi":"1 dakika"},"schema":{"@context":"https:\/\/schema.org","@graph":[{"@type":"Article","@id":"https:\/\/kibrisdakik.com\/?p=38924#article","isPartOf":{"@id":"https:\/\/kibrisdakik.com\/?p=38924"},"author":{"name":"admin","@id":"https:\/\/kibrisdakik.com\/#\/schema\/person\/9cd9d437bbb44f72b73ba127e06d8e79"},"headline":"Gazima\u011fusa\u2019da Bar\u0131\u015f Harekat\u0131\u2019nda halk\u0131n Suri\u00e7i\u2019ne giri\u015finin sa\u011fland\u0131\u011f\u0131 t\u00fcnelde \u00e7al\u0131\u015fma ba\u015flat\u0131ld\u0131","datePublished":"2024-04-19T10:53:00+00:00","mainEntityOfPage":{"@id":"https:\/\/kibrisdakik.com\/?p=38924"},"wordCount":316,"commentCount":0,"publisher":{"@id":"https:\/\/kibrisdakik.com\/#organization"},"image":{"@id":"https:\/\/kibrisdakik.com\/?p=38924#primaryimage"},"thumbnailUrl":"https:\/\/kibrisdakik.com\/wp-content\/uploads\/2024\/04\/gmb-tunel-4--740x420.jpeg","articleSection":["G\u00fcndem"],"inLanguage":"tr","potentialAction":[{"@type":"CommentAction","name":"Comment","target":["https:\/\/kibrisdakik.com\/?p=38924#respond"]}]},{"@type":"WebPage","@id":"https:\/\/kibrisdakik.com\/?p=38924","url":"https:\/\/kibrisdakik.com\/?p=38924","name":"Gazima\u011fusa\u2019da Bar\u0131\u015f Harekat\u0131\u2019nda halk\u0131n Suri\u00e7i\u2019ne giri\u015finin sa\u011fland\u0131\u011f\u0131 t\u00fcnelde \u00e7al\u0131\u015fma ba\u015flat\u0131ld\u0131 -","isPartOf":{"@id":"https:\/\/kibrisdakik.com\/#website"},"primaryImageOfPage":{"@id":"https:\/\/kibrisdakik.com\/?p=38924#primaryimage"},"image":{"@id":"https:\/\/kibrisdakik.com\/?p=38924#primaryimage"},"thumbnailUrl":"https:\/\/kibrisdakik.com\/wp-content\/uploads\/2024\/04\/gmb-tunel-4--740x420.jpeg","datePublished":"2024-04-19T10:53:00+00:00","breadcrumb":{"@id":"https:\/\/kibrisdakik.com\/?p=38924#breadcrumb"},"inLanguage":"tr","potentialAction":[{"@type":"ReadAction","target":["https:\/\/kibrisdakik.com\/?p=38924"]}]},{"@type":"ImageObject","inLanguage":"tr","@id":"https:\/\/kibrisdakik.com\/?p=38924#primaryimage","url":"https:\/\/kibrisdakik.com\/wp-content\/uploads\/2024\/04\/gmb-tunel-4--740x420.jpeg","contentUrl":"https:\/\/kibrisdakik.com\/wp-content\/uploads\/2024\/04\/gmb-tunel-4--740x420.jpeg","width":1728,"height":1152},{"@type":"BreadcrumbList","@id":"https:\/\/kibrisdakik.com\/?p=38924#breadcrumb","itemListElement":[{"@type":"ListItem","position":1,"name":"Home","item":"https:\/\/kibrisdakik.com\/"},{"@type":"ListItem","position":2,"name":"Gazima\u011fusa\u2019da Bar\u0131\u015f Harekat\u0131\u2019nda halk\u0131n Suri\u00e7i\u2019ne giri\u015finin sa\u011fland\u0131\u011f\u0131 t\u00fcnelde \u00e7al\u0131\u015fma ba\u015flat\u0131ld\u0131"}]},{"@type":"WebSite","@id":"https:\/\/kibrisdakik.com\/#website","url":"https:\/\/kibrisdakik.com\/","name":"K\u0131br\u0131s Dakik","description":"Tam vaktinde haber","publisher":{"@id":"https:\/\/kibrisdakik.com\/#organization"},"potentialAction":[{"@type":"SearchAction","target":{"@type":"EntryPoint","urlTemplate":"https:\/\/kibrisdakik.com\/?s={search_term_string}"},"query-input":{"@type":"PropertyValueSpecification","valueRequired":true,"valueName":"search_term_string"}}],"inLanguage":"tr"},{"@type":"Organization","@id":"https:\/\/kibrisdakik.com\/#organization","name":"K\u0131br\u0131s Dakik","url":"https:\/\/kibrisdakik.com\/","logo":{"@type":"ImageObject","inLanguage":"tr","@id":"https:\/\/kibrisdakik.com\/#\/schema\/logo\/image\/","url":"https:\/\/kibrisdakik.com\/wp-content\/uploads\/2025\/10\/cropped-WhatsApp-Image-2025-10-02-at-12.58.31.jpeg","contentUrl":"https:\/\/kibrisdakik.com\/wp-content\/uploads\/2025\/10\/cropped-WhatsApp-Image-2025-10-02-at-12.58.31.jpeg","width":1237,"height":190,"caption":"K\u0131br\u0131s Dakik"},"image":{"@id":"https:\/\/kibrisdakik.com\/#\/schema\/logo\/image\/"}},{"@type":"Person","@id":"https:\/\/kibrisdakik.com\/#\/schema\/person\/9cd9d437bbb44f72b73ba127e06d8e79","name":"admin","image":{"@type":"ImageObject","inLanguage":"tr","@id":"https:\/\/secure.gravatar.com\/avatar\/ccc17943b9d660506c869530f897617f7cb1c21a4bf30023f252596d83e1f007?s=96&d=mm&r=g","url":"https:\/\/secure.gravatar.com\/avatar\/ccc17943b9d660506c869530f897617f7cb1c21a4bf30023f252596d83e1f007?s=96&d=mm&r=g","contentUrl":"https:\/\/secure.gravatar.com\/avatar\/ccc17943b9d660506c869530f897617f7cb1c21a4bf30023f252596d83e1f007?s=96&d=mm&r=g","caption":"admin"},"sameAs":["https:\/\/kibrisdakik.com"],"url":"https:\/\/kibrisdakik.com\/?author=1"}]}},"_links":{"self":[{"href":"https:\/\/kibrisdakik.com\/index.php?rest_route=\/wp\/v2\/posts\/38924","targetHints":{"allow":["GET"]}}],"collection":[{"href":"https:\/\/kibrisdakik.com\/index.php?rest_route=\/wp\/v2\/posts"}],"about":[{"href":"https:\/\/kibrisdakik.com\/index.php?rest_route=\/wp\/v2\/types\/post"}],"author":[{"embeddable":true,"href":"https:\/\/kibrisdakik.com\/index.php?rest_route=\/wp\/v2\/users\/1"}],"replies":[{"embeddable":true,"href":"https:\/\/kibrisdakik.com\/index.php?rest_route=%2Fwp%2Fv2%2Fcomments&post=38924"}],"version-history":[{"count":0,"href":"https:\/\/kibrisdakik.com\/index.php?rest_route=\/wp\/v2\/posts\/38924\/revisions"}],"wp:featuredmedia":[{"embeddable":true,"href":"https:\/\/kibrisdakik.com\/index.php?rest_route=\/wp\/v2\/media\/38925"}],"wp:attachment":[{"href":"https:\/\/kibrisdakik.com\/index.php?rest_route=%2Fwp%2Fv2%2Fmedia&parent=38924"}],"wp:term":[{"taxonomy":"category","embeddable":true,"href":"https:\/\/kibrisdakik.com\/index.php?rest_route=%2Fwp%2Fv2%2Fcategories&post=38924"},{"taxonomy":"post_tag","embeddable":true,"href":"https:\/\/kibrisdakik.com\/index.php?rest_route=%2Fwp%2Fv2%2Ftags&post=38924"}],"curies":[{"name":"wp","href":"https:\/\/api.w.org\/{rel}","templated":true}]}}