{"id":38958,"date":"2024-04-19T15:40:38","date_gmt":"2024-04-19T15:40:38","guid":{"rendered":"https:\/\/kibrisdakik.com\/index.php\/2024\/04\/19\/tacoy-ulke-gundemine-iliskin-degerlendirmelerde-bulundu\/"},"modified":"2024-04-19T15:40:38","modified_gmt":"2024-04-19T15:40:38","slug":"tacoy-ulke-gundemine-iliskin-degerlendirmelerde-bulundu","status":"publish","type":"post","link":"https:\/\/kibrisdakik.com\/?p=38958","title":{"rendered":"Ta\u00e7oy, \u00fclke g\u00fcndemine ili\u015fkin de\u011ferlendirmelerde bulundu"},"content":{"rendered":"<p><img decoding=\"async\" src=\"https:\/\/www.kibristurk.com\/images\/haberler\/2024\/04\/tacoy-ulke-gundemine-iliskin-degerlendirmelerde-bulundu-1713540059.webp\" \/><\/p>\n<p style=\"text-align:left\"><span style=\"font-size:16px\"><span style=\"font-family:Merriweather,serif !important\"><span style=\"color:#000000\"><span style=\"background-color:#ffffff\">Ta\u00e7oy, \u201cKendi i\u00e7 enflasyonunuzu durduramazsan\u0131z hi\u00e7bir \u015fekilde ba\u015far\u0131ya ula\u015famazs\u0131n\u0131z.\u201d dedi.<\/span><\/span><\/span><\/span><\/p>\n<p style=\"text-align:left\"><span style=\"font-size:16px\"><span style=\"font-family:Merriweather,serif !important\"><span style=\"color:#000000\"><span style=\"background-color:#ffffff\">Hasan Ta\u00e7oy bas\u0131n ofisinden yap\u0131lan a\u00e7\u0131klamaya g\u00f6re Ta\u00e7oy, Ada TV\u2019de Seher Giraslan\u2019\u0131n sorular\u0131n\u0131 yan\u0131tlayarak, \u00fclke g\u00fcndemine ili\u015fkin baz\u0131 de\u011ferlendirmelerde bulundu.<\/span><\/span><\/span><\/span><\/p>\n<p style=\"text-align:left\"><span style=\"font-size:16px\"><span style=\"font-family:Merriweather,serif !important\"><span style=\"color:#000000\"><span style=\"background-color:#ffffff\">Ortado\u011fu\u2019da \u0130ran ile \u0130srail aras\u0131ndaki son gerilim \u0131\u015f\u0131\u011f\u0131nda baz\u0131 de\u011ferlendirmelerde bulunan Ta\u00e7oy, b\u00f6lgede ya\u015fananlar\u0131n KKTC\u2019yi de yak\u0131ndan ilgilendirdi\u011fini ifade ederek, ya\u015fanan gerginlik ve olas\u0131 \u00e7at\u0131\u015fmalar\u0131n do\u011frudan s\u0131cak bir etkisi olmasa bile, KKTC\u2019yi ekonomik a\u00e7\u0131dan etkilemesinin m\u00fcmk\u00fcn oldu\u011funu belirtti.<\/span><\/span><\/span><\/span><\/p>\n<p style=\"text-align:left\"><span style=\"font-size:16px\"><span style=\"font-family:Merriweather,serif !important\"><span style=\"color:#000000\"><span style=\"background-color:#ffffff\">Ekonomide plan ve proje \u00e7er\u00e7evesinde hareket edilmedik\u00e7e ilerlenemeyece\u011fi g\u00f6r\u00fc\u015f\u00fcn\u00fc de payla\u015fan Ta\u00e7oy, ba\u015fa \u00e7\u0131k\u0131lamaz bir hayat pahal\u0131l\u0131\u011f\u0131na ula\u015fma riski bulundu\u011funu s\u00f6yledi.<\/span><\/span><\/span><\/span><\/p>\n<p style=\"text-align:left\"><span style=\"font-size:16px\"><span style=\"font-family:Merriweather,serif !important\"><span style=\"color:#000000\"><span style=\"background-color:#ffffff\">-\u201cEt fiyatlar\u0131na narh uygulanmas\u0131 do\u011fru ama yetersiz\u201d<\/span><\/span><\/span><\/span><\/p>\n<p style=\"text-align:left\"><span style=\"font-size:16px\"><span style=\"font-family:Merriweather,serif !important\"><span style=\"color:#000000\"><span style=\"background-color:#ffffff\">Piyasadaki \u00fcr\u00fcnlerde ya\u015fanan fiyat art\u0131\u015flar\u0131na dikkat \u00e7eken Ta\u00e7oy, et fiyatlar\u0131 konusunda ba\u015flat\u0131lan narh uygulamas\u0131n\u0131n \u201cdo\u011fru\u201d ama \u201cyetersiz\u201d oldu\u011funu kaydetti.&nbsp;<\/span><\/span><\/span><\/span><\/p>\n<p style=\"text-align:left\"><span style=\"font-size:16px\"><span style=\"font-family:Merriweather,serif !important\"><span style=\"color:#000000\"><span style=\"background-color:#ffffff\">Ta\u00e7oy, \u015fu an itibar\u0131yla hayvan say\u0131s\u0131n\u0131n \u00fclke ihtiyac\u0131n\u0131 kar\u015f\u0131layacak durumda oldu\u011funu, gerekmesi halinde et ithalat\u0131n\u0131n g\u00fcndeme gelebilece\u011fini belirtti.<\/span><\/span><\/span><\/span><\/p>\n<p style=\"text-align:left\"><span style=\"font-size:16px\"><span style=\"font-family:Merriweather,serif !important\"><span style=\"color:#000000\"><span style=\"background-color:#ffffff\">Bir soru \u00fczerine Ta\u00e7oy, kendisinin dokunulmazl\u0131\u011f\u0131n\u0131n kald\u0131r\u0131lmas\u0131na haz\u0131r oldu\u011funu ve bunu \u00f6nceden bir\u00e7ok kez de s\u00f6yledi\u011fini ifade ederek, ortaya at\u0131lan iddialar\u0131n a\u00e7\u0131kl\u0131\u011fa kavu\u015fmas\u0131 i\u00e7in gereken her \u015feyin yap\u0131lmas\u0131n\u0131n \u00f6nemini vurgulad\u0131.<\/span><\/span><\/span><\/span><\/p>\n<p style=\"text-align:left\"><span style=\"font-size:16px\"><span style=\"font-family:Merriweather,serif !important\"><span style=\"color:#000000\"><span style=\"background-color:#ffffff\">Ta\u00e7oy, dokunulmazl\u0131\u011f\u0131n kald\u0131r\u0131lmas\u0131 s\u00fcrecinin ba\u015flat\u0131lmas\u0131 i\u00e7in Ba\u015fbakan\u2019\u0131n yazaca\u011f\u0131 bir yaz\u0131n\u0131n yeterli olaca\u011f\u0131n\u0131, ge\u00e7mi\u015fte bunun \u00f6rnekleri bulundu\u011funu kaydetti.<\/span><\/span><\/span><\/span><\/p>\n<p style=\"text-align:left\"><span style=\"font-size:16px\"><span style=\"font-family:Merriweather,serif !important\"><span style=\"color:#000000\"><span style=\"background-color:#ffffff\">\u201cSiyasette y\u0131llard\u0131r s\u00fcregelmekte olan lider eksikli\u011finden dolay\u0131 d\u00fczelme yolunda gerekli ad\u0131mlar at\u0131lamad\u0131.\u201d diyen Ta\u00e7oy, bu nedenle vatanda\u015flar\u0131n \u015fikayetlerinin azalmad\u0131\u011f\u0131n\u0131, hatta artt\u0131\u011f\u0131n\u0131 s\u00f6yledi.<\/span><\/span><\/span><\/span><\/p>\n<p style=\"text-align:left\"><span style=\"font-size:16px\"><span style=\"font-family:Merriweather,serif !important\"><span style=\"color:#000000\"><span style=\"background-color:#ffffff\">Siyasetin temel s\u0131k\u0131nt\u0131lar\u0131ndan birisinin de \u00e7ok fazla dedikodu bulunmas\u0131 oldu\u011funa i\u015faret eden Ta\u00e7oy, vatanda\u015f\u0131n hissettikleri ile siyasette yap\u0131lan i\u015fler aras\u0131nda da\u011flar kadar fark bulundu\u011funu kaydetti.&nbsp;&nbsp;<\/span><\/span><\/span><\/span><\/p>\n<p style=\"text-align:left\"><span style=\"font-size:16px\"><span style=\"font-family:Merriweather,serif !important\"><span style=\"color:#000000\"><span style=\"background-color:#ffffff\">-\u201cArt\u0131k son a\u015famaya geldik, bu y\u0131l kurultay y\u0131l\u0131\u201d&nbsp;&nbsp;&nbsp;&nbsp;<\/span><\/span><\/span><\/span><\/p>\n<p style=\"text-align:left\"><span style=\"font-size:16px\"><span style=\"font-family:Merriweather,serif !important\"><span style=\"color:#000000\"><span style=\"background-color:#ffffff\">H\u00fck\u00fcmetle ilgili bir soru \u00fczerine ise Hasan Ta\u00e7oy, mecliste h\u00fck\u00fcmetin bozulaca\u011f\u0131na ili\u015fkin bir g\u00f6r\u00fcnt\u00fc bulunmad\u0131\u011f\u0131n\u0131, ortaklar aras\u0131ndaki baz\u0131 \u015fikayetlerin h\u00fck\u00fcmet baz\u0131nda de\u011fil de partisel tart\u0131\u015fmalar oldu\u011funu s\u00f6yledi.<\/span><\/span><\/span><\/span><\/p>\n<p style=\"text-align:left\"><span style=\"font-size:16px\"><span style=\"font-family:Merriweather,serif !important\"><span style=\"color:#000000\"><span style=\"background-color:#ffffff\">Erken se\u00e7im olas\u0131l\u0131\u011f\u0131yla ilgili bir soru \u00fczerine Ta\u00e7oy, bunun i\u00e7in \u201chen\u00fcz erken\u201d yan\u0131t\u0131n\u0131 verdi.<\/span><\/span><\/span><\/span><\/p>\n<p style=\"text-align:left\"><span style=\"font-size:16px\"><span style=\"font-family:Merriweather,serif !important\"><span style=\"color:#000000\"><span style=\"background-color:#ffffff\">UBP kurultay\u0131na ili\u015fkin bir soruya yan\u0131t\u0131nda ise Ta\u00e7oy, kurultay tarihine ili\u015fkin parti t\u00fcz\u00fc\u011f\u00fcn\u00fcn \u00e7i\u011fnendi\u011fini ileri s\u00fcrerek, \u201c\u015eimdi s\u0131ra yasaya geldi. 28 Ekim 2024\u2019e kadar yapmazsan se\u00e7ime giremezsin. Ba\u015fbakan\u0131m\u0131z bunu son tarihe kadar kullanacakt\u0131r, kullans\u0131n s\u0131k\u0131nt\u0131 yok. Art\u0131k son a\u015famaya geldik, bu y\u0131l kurultay y\u0131l\u0131.\u201d dedi.<\/span><\/span><\/span><\/span><\/p>\n","protected":false},"excerpt":{"rendered":"<p>Ta\u00e7oy, \u201cKendi i\u00e7 enflasyonunuzu durduramazsan\u0131z hi\u00e7bir \u015fekilde ba\u015far\u0131ya ula\u015famazs\u0131n\u0131z.\u201d dedi. Hasan Ta\u00e7oy bas\u0131n ofisinden yap\u0131lan a\u00e7\u0131klamaya g\u00f6re Ta\u00e7oy, Ada TV\u2019de Seher Giraslan\u2019\u0131n sorular\u0131n\u0131 yan\u0131tlayarak, \u00fclke g\u00fcndemine ili\u015fkin baz\u0131 de\u011ferlendirmelerde bulundu. Ortado\u011fu\u2019da \u0130ran ile \u0130srail aras\u0131ndaki son gerilim \u0131\u015f\u0131\u011f\u0131nda baz\u0131 de\u011ferlendirmelerde bulunan Ta\u00e7oy, b\u00f6lgede ya\u015fananlar\u0131n KKTC\u2019yi de yak\u0131ndan ilgilendirdi\u011fini ifade ederek, ya\u015fanan gerginlik ve olas\u0131 \u00e7at\u0131\u015fmalar\u0131n<\/p>\n","protected":false},"author":1,"featured_media":38959,"comment_status":"open","ping_status":"open","sticky":false,"template":"","format":"standard","meta":{"footnotes":""},"categories":[85],"tags":[],"class_list":["post-38958","post","type-post","status-publish","format-standard","has-post-thumbnail","hentry","category-spor"],"yoast_head":"<!-- This site is optimized with the Yoast SEO plugin v27.5 - https:\/\/yoast.com\/product\/yoast-seo-wordpress\/ -->\n<title>Ta\u00e7oy, \u00fclke g\u00fcndemine ili\u015fkin de\u011ferlendirmelerde bulundu -<\/title>\n<meta name=\"robots\" content=\"index, follow, max-snippet:-1, max-image-preview:large, max-video-preview:-1\" \/>\n<link rel=\"canonical\" href=\"https:\/\/kibrisdakik.com\/?p=38958\" \/>\n<meta property=\"og:locale\" content=\"tr_TR\" \/>\n<meta property=\"og:type\" content=\"article\" \/>\n<meta property=\"og:title\" content=\"Ta\u00e7oy, \u00fclke g\u00fcndemine ili\u015fkin de\u011ferlendirmelerde bulundu -\" \/>\n<meta property=\"og:description\" content=\"Ta\u00e7oy, \u201cKendi i\u00e7 enflasyonunuzu durduramazsan\u0131z hi\u00e7bir \u015fekilde ba\u015far\u0131ya ula\u015famazs\u0131n\u0131z.\u201d dedi. Hasan Ta\u00e7oy bas\u0131n ofisinden yap\u0131lan a\u00e7\u0131klamaya g\u00f6re Ta\u00e7oy, Ada TV\u2019de Seher Giraslan\u2019\u0131n sorular\u0131n\u0131 yan\u0131tlayarak, \u00fclke g\u00fcndemine ili\u015fkin baz\u0131 de\u011ferlendirmelerde bulundu. Ortado\u011fu\u2019da \u0130ran ile \u0130srail aras\u0131ndaki son gerilim \u0131\u015f\u0131\u011f\u0131nda baz\u0131 de\u011ferlendirmelerde bulunan Ta\u00e7oy, b\u00f6lgede ya\u015fananlar\u0131n KKTC\u2019yi de yak\u0131ndan ilgilendirdi\u011fini ifade ederek, ya\u015fanan gerginlik ve olas\u0131 \u00e7at\u0131\u015fmalar\u0131n\" \/>\n<meta property=\"og:url\" content=\"https:\/\/kibrisdakik.com\/?p=38958\" \/>\n<meta property=\"article:published_time\" content=\"2024-04-19T15:40:38+00:00\" \/>\n<meta property=\"og:image\" content=\"https:\/\/kibrisdakik.com\/wp-content\/uploads\/2024\/04\/tacoy-ulke-gundemine-iliskin-degerlendirmelerde-bulundu-1713540059.webp.webp\" \/>\n\t<meta property=\"og:image:width\" content=\"710\" \/>\n\t<meta property=\"og:image:height\" content=\"370\" \/>\n\t<meta property=\"og:image:type\" content=\"image\/webp\" \/>\n<meta name=\"author\" content=\"admin\" \/>\n<meta name=\"twitter:card\" content=\"summary_large_image\" \/>\n<meta name=\"twitter:label1\" content=\"Yazan:\" \/>\n\t<meta name=\"twitter:data1\" content=\"admin\" \/>\n\t<meta name=\"twitter:label2\" content=\"Tahmini okuma s\u00fcresi\" \/>\n\t<meta name=\"twitter:data2\" content=\"3 dakika\" \/>\n<script type=\"application\/ld+json\" class=\"yoast-schema-graph\">{\"@context\":\"https:\\\/\\\/schema.org\",\"@graph\":[{\"@type\":\"Article\",\"@id\":\"https:\\\/\\\/kibrisdakik.com\\\/?p=38958#article\",\"isPartOf\":{\"@id\":\"https:\\\/\\\/kibrisdakik.com\\\/?p=38958\"},\"author\":{\"name\":\"admin\",\"@id\":\"https:\\\/\\\/kibrisdakik.com\\\/#\\\/schema\\\/person\\\/9cd9d437bbb44f72b73ba127e06d8e79\"},\"headline\":\"Ta\u00e7oy, \u00fclke g\u00fcndemine ili\u015fkin de\u011ferlendirmelerde bulundu\",\"datePublished\":\"2024-04-19T15:40:38+00:00\",\"mainEntityOfPage\":{\"@id\":\"https:\\\/\\\/kibrisdakik.com\\\/?p=38958\"},\"wordCount\":537,\"commentCount\":0,\"image\":{\"@id\":\"https:\\\/\\\/kibrisdakik.com\\\/?p=38958#primaryimage\"},\"thumbnailUrl\":\"https:\\\/\\\/kibrisdakik.com\\\/wp-content\\\/uploads\\\/2024\\\/04\\\/tacoy-ulke-gundemine-iliskin-degerlendirmelerde-bulundu-1713540059.webp.webp\",\"articleSection\":[\"Spor\"],\"inLanguage\":\"tr\",\"potentialAction\":[{\"@type\":\"CommentAction\",\"name\":\"Comment\",\"target\":[\"https:\\\/\\\/kibrisdakik.com\\\/?p=38958#respond\"]}]},{\"@type\":\"WebPage\",\"@id\":\"https:\\\/\\\/kibrisdakik.com\\\/?p=38958\",\"url\":\"https:\\\/\\\/kibrisdakik.com\\\/?p=38958\",\"name\":\"Ta\u00e7oy, \u00fclke g\u00fcndemine ili\u015fkin de\u011ferlendirmelerde bulundu -\",\"isPartOf\":{\"@id\":\"https:\\\/\\\/kibrisdakik.com\\\/#website\"},\"primaryImageOfPage\":{\"@id\":\"https:\\\/\\\/kibrisdakik.com\\\/?p=38958#primaryimage\"},\"image\":{\"@id\":\"https:\\\/\\\/kibrisdakik.com\\\/?p=38958#primaryimage\"},\"thumbnailUrl\":\"https:\\\/\\\/kibrisdakik.com\\\/wp-content\\\/uploads\\\/2024\\\/04\\\/tacoy-ulke-gundemine-iliskin-degerlendirmelerde-bulundu-1713540059.webp.webp\",\"datePublished\":\"2024-04-19T15:40:38+00:00\",\"author\":{\"@id\":\"https:\\\/\\\/kibrisdakik.com\\\/#\\\/schema\\\/person\\\/9cd9d437bbb44f72b73ba127e06d8e79\"},\"breadcrumb\":{\"@id\":\"https:\\\/\\\/kibrisdakik.com\\\/?p=38958#breadcrumb\"},\"inLanguage\":\"tr\",\"potentialAction\":[{\"@type\":\"ReadAction\",\"target\":[\"https:\\\/\\\/kibrisdakik.com\\\/?p=38958\"]}]},{\"@type\":\"ImageObject\",\"inLanguage\":\"tr\",\"@id\":\"https:\\\/\\\/kibrisdakik.com\\\/?p=38958#primaryimage\",\"url\":\"https:\\\/\\\/kibrisdakik.com\\\/wp-content\\\/uploads\\\/2024\\\/04\\\/tacoy-ulke-gundemine-iliskin-degerlendirmelerde-bulundu-1713540059.webp.webp\",\"contentUrl\":\"https:\\\/\\\/kibrisdakik.com\\\/wp-content\\\/uploads\\\/2024\\\/04\\\/tacoy-ulke-gundemine-iliskin-degerlendirmelerde-bulundu-1713540059.webp.webp\",\"width\":710,\"height\":370},{\"@type\":\"BreadcrumbList\",\"@id\":\"https:\\\/\\\/kibrisdakik.com\\\/?p=38958#breadcrumb\",\"itemListElement\":[{\"@type\":\"ListItem\",\"position\":1,\"name\":\"Home\",\"item\":\"https:\\\/\\\/kibrisdakik.com\\\/\"},{\"@type\":\"ListItem\",\"position\":2,\"name\":\"Ta\u00e7oy, \u00fclke g\u00fcndemine ili\u015fkin de\u011ferlendirmelerde bulundu\"}]},{\"@type\":\"WebSite\",\"@id\":\"https:\\\/\\\/kibrisdakik.com\\\/#website\",\"url\":\"https:\\\/\\\/kibrisdakik.com\\\/\",\"name\":\"\",\"description\":\"Tam vaktinde haber\",\"potentialAction\":[{\"@type\":\"SearchAction\",\"target\":{\"@type\":\"EntryPoint\",\"urlTemplate\":\"https:\\\/\\\/kibrisdakik.com\\\/?s={search_term_string}\"},\"query-input\":{\"@type\":\"PropertyValueSpecification\",\"valueRequired\":true,\"valueName\":\"search_term_string\"}}],\"inLanguage\":\"tr\"},{\"@type\":\"Person\",\"@id\":\"https:\\\/\\\/kibrisdakik.com\\\/#\\\/schema\\\/person\\\/9cd9d437bbb44f72b73ba127e06d8e79\",\"name\":\"admin\",\"image\":{\"@type\":\"ImageObject\",\"inLanguage\":\"tr\",\"@id\":\"https:\\\/\\\/secure.gravatar.com\\\/avatar\\\/ccc17943b9d660506c869530f897617f7cb1c21a4bf30023f252596d83e1f007?s=96&d=mm&r=g\",\"url\":\"https:\\\/\\\/secure.gravatar.com\\\/avatar\\\/ccc17943b9d660506c869530f897617f7cb1c21a4bf30023f252596d83e1f007?s=96&d=mm&r=g\",\"contentUrl\":\"https:\\\/\\\/secure.gravatar.com\\\/avatar\\\/ccc17943b9d660506c869530f897617f7cb1c21a4bf30023f252596d83e1f007?s=96&d=mm&r=g\",\"caption\":\"admin\"},\"sameAs\":[\"https:\\\/\\\/kibrisdakik.com\"],\"url\":\"https:\\\/\\\/kibrisdakik.com\\\/?author=1\"}]}<\/script>\n<!-- \/ Yoast SEO plugin. -->","yoast_head_json":{"title":"Ta\u00e7oy, \u00fclke g\u00fcndemine ili\u015fkin de\u011ferlendirmelerde bulundu -","robots":{"index":"index","follow":"follow","max-snippet":"max-snippet:-1","max-image-preview":"max-image-preview:large","max-video-preview":"max-video-preview:-1"},"canonical":"https:\/\/kibrisdakik.com\/?p=38958","og_locale":"tr_TR","og_type":"article","og_title":"Ta\u00e7oy, \u00fclke g\u00fcndemine ili\u015fkin de\u011ferlendirmelerde bulundu -","og_description":"Ta\u00e7oy, \u201cKendi i\u00e7 enflasyonunuzu durduramazsan\u0131z hi\u00e7bir \u015fekilde ba\u015far\u0131ya ula\u015famazs\u0131n\u0131z.\u201d dedi. Hasan Ta\u00e7oy bas\u0131n ofisinden yap\u0131lan a\u00e7\u0131klamaya g\u00f6re Ta\u00e7oy, Ada TV\u2019de Seher Giraslan\u2019\u0131n sorular\u0131n\u0131 yan\u0131tlayarak, \u00fclke g\u00fcndemine ili\u015fkin baz\u0131 de\u011ferlendirmelerde bulundu. Ortado\u011fu\u2019da \u0130ran ile \u0130srail aras\u0131ndaki son gerilim \u0131\u015f\u0131\u011f\u0131nda baz\u0131 de\u011ferlendirmelerde bulunan Ta\u00e7oy, b\u00f6lgede ya\u015fananlar\u0131n KKTC\u2019yi de yak\u0131ndan ilgilendirdi\u011fini ifade ederek, ya\u015fanan gerginlik ve olas\u0131 \u00e7at\u0131\u015fmalar\u0131n","og_url":"https:\/\/kibrisdakik.com\/?p=38958","article_published_time":"2024-04-19T15:40:38+00:00","og_image":[{"width":710,"height":370,"url":"https:\/\/kibrisdakik.com\/wp-content\/uploads\/2024\/04\/tacoy-ulke-gundemine-iliskin-degerlendirmelerde-bulundu-1713540059.webp.webp","type":"image\/webp"}],"author":"admin","twitter_card":"summary_large_image","twitter_misc":{"Yazan:":"admin","Tahmini okuma s\u00fcresi":"3 dakika"},"schema":{"@context":"https:\/\/schema.org","@graph":[{"@type":"Article","@id":"https:\/\/kibrisdakik.com\/?p=38958#article","isPartOf":{"@id":"https:\/\/kibrisdakik.com\/?p=38958"},"author":{"name":"admin","@id":"https:\/\/kibrisdakik.com\/#\/schema\/person\/9cd9d437bbb44f72b73ba127e06d8e79"},"headline":"Ta\u00e7oy, \u00fclke g\u00fcndemine ili\u015fkin de\u011ferlendirmelerde bulundu","datePublished":"2024-04-19T15:40:38+00:00","mainEntityOfPage":{"@id":"https:\/\/kibrisdakik.com\/?p=38958"},"wordCount":537,"commentCount":0,"image":{"@id":"https:\/\/kibrisdakik.com\/?p=38958#primaryimage"},"thumbnailUrl":"https:\/\/kibrisdakik.com\/wp-content\/uploads\/2024\/04\/tacoy-ulke-gundemine-iliskin-degerlendirmelerde-bulundu-1713540059.webp.webp","articleSection":["Spor"],"inLanguage":"tr","potentialAction":[{"@type":"CommentAction","name":"Comment","target":["https:\/\/kibrisdakik.com\/?p=38958#respond"]}]},{"@type":"WebPage","@id":"https:\/\/kibrisdakik.com\/?p=38958","url":"https:\/\/kibrisdakik.com\/?p=38958","name":"Ta\u00e7oy, \u00fclke g\u00fcndemine ili\u015fkin de\u011ferlendirmelerde bulundu -","isPartOf":{"@id":"https:\/\/kibrisdakik.com\/#website"},"primaryImageOfPage":{"@id":"https:\/\/kibrisdakik.com\/?p=38958#primaryimage"},"image":{"@id":"https:\/\/kibrisdakik.com\/?p=38958#primaryimage"},"thumbnailUrl":"https:\/\/kibrisdakik.com\/wp-content\/uploads\/2024\/04\/tacoy-ulke-gundemine-iliskin-degerlendirmelerde-bulundu-1713540059.webp.webp","datePublished":"2024-04-19T15:40:38+00:00","author":{"@id":"https:\/\/kibrisdakik.com\/#\/schema\/person\/9cd9d437bbb44f72b73ba127e06d8e79"},"breadcrumb":{"@id":"https:\/\/kibrisdakik.com\/?p=38958#breadcrumb"},"inLanguage":"tr","potentialAction":[{"@type":"ReadAction","target":["https:\/\/kibrisdakik.com\/?p=38958"]}]},{"@type":"ImageObject","inLanguage":"tr","@id":"https:\/\/kibrisdakik.com\/?p=38958#primaryimage","url":"https:\/\/kibrisdakik.com\/wp-content\/uploads\/2024\/04\/tacoy-ulke-gundemine-iliskin-degerlendirmelerde-bulundu-1713540059.webp.webp","contentUrl":"https:\/\/kibrisdakik.com\/wp-content\/uploads\/2024\/04\/tacoy-ulke-gundemine-iliskin-degerlendirmelerde-bulundu-1713540059.webp.webp","width":710,"height":370},{"@type":"BreadcrumbList","@id":"https:\/\/kibrisdakik.com\/?p=38958#breadcrumb","itemListElement":[{"@type":"ListItem","position":1,"name":"Home","item":"https:\/\/kibrisdakik.com\/"},{"@type":"ListItem","position":2,"name":"Ta\u00e7oy, \u00fclke g\u00fcndemine ili\u015fkin de\u011ferlendirmelerde bulundu"}]},{"@type":"WebSite","@id":"https:\/\/kibrisdakik.com\/#website","url":"https:\/\/kibrisdakik.com\/","name":"","description":"Tam vaktinde haber","potentialAction":[{"@type":"SearchAction","target":{"@type":"EntryPoint","urlTemplate":"https:\/\/kibrisdakik.com\/?s={search_term_string}"},"query-input":{"@type":"PropertyValueSpecification","valueRequired":true,"valueName":"search_term_string"}}],"inLanguage":"tr"},{"@type":"Person","@id":"https:\/\/kibrisdakik.com\/#\/schema\/person\/9cd9d437bbb44f72b73ba127e06d8e79","name":"admin","image":{"@type":"ImageObject","inLanguage":"tr","@id":"https:\/\/secure.gravatar.com\/avatar\/ccc17943b9d660506c869530f897617f7cb1c21a4bf30023f252596d83e1f007?s=96&d=mm&r=g","url":"https:\/\/secure.gravatar.com\/avatar\/ccc17943b9d660506c869530f897617f7cb1c21a4bf30023f252596d83e1f007?s=96&d=mm&r=g","contentUrl":"https:\/\/secure.gravatar.com\/avatar\/ccc17943b9d660506c869530f897617f7cb1c21a4bf30023f252596d83e1f007?s=96&d=mm&r=g","caption":"admin"},"sameAs":["https:\/\/kibrisdakik.com"],"url":"https:\/\/kibrisdakik.com\/?author=1"}]}},"_links":{"self":[{"href":"https:\/\/kibrisdakik.com\/index.php?rest_route=\/wp\/v2\/posts\/38958","targetHints":{"allow":["GET"]}}],"collection":[{"href":"https:\/\/kibrisdakik.com\/index.php?rest_route=\/wp\/v2\/posts"}],"about":[{"href":"https:\/\/kibrisdakik.com\/index.php?rest_route=\/wp\/v2\/types\/post"}],"author":[{"embeddable":true,"href":"https:\/\/kibrisdakik.com\/index.php?rest_route=\/wp\/v2\/users\/1"}],"replies":[{"embeddable":true,"href":"https:\/\/kibrisdakik.com\/index.php?rest_route=%2Fwp%2Fv2%2Fcomments&post=38958"}],"version-history":[{"count":0,"href":"https:\/\/kibrisdakik.com\/index.php?rest_route=\/wp\/v2\/posts\/38958\/revisions"}],"wp:featuredmedia":[{"embeddable":true,"href":"https:\/\/kibrisdakik.com\/index.php?rest_route=\/wp\/v2\/media\/38959"}],"wp:attachment":[{"href":"https:\/\/kibrisdakik.com\/index.php?rest_route=%2Fwp%2Fv2%2Fmedia&parent=38958"}],"wp:term":[{"taxonomy":"category","embeddable":true,"href":"https:\/\/kibrisdakik.com\/index.php?rest_route=%2Fwp%2Fv2%2Fcategories&post=38958"},{"taxonomy":"post_tag","embeddable":true,"href":"https:\/\/kibrisdakik.com\/index.php?rest_route=%2Fwp%2Fv2%2Ftags&post=38958"}],"curies":[{"name":"wp","href":"https:\/\/api.w.org\/{rel}","templated":true}]}}