{"id":39021,"date":"2024-04-20T00:50:44","date_gmt":"2024-04-20T00:50:44","guid":{"rendered":"https:\/\/kibrisdakik.com\/index.php\/2024\/04\/20\/dr-fazil-kucuk-konulu-siir-kompozisyon-ve-resim-yarismasi-odul-toreni-yapilacak\/"},"modified":"2024-04-20T00:50:44","modified_gmt":"2024-04-20T00:50:44","slug":"dr-fazil-kucuk-konulu-siir-kompozisyon-ve-resim-yarismasi-odul-toreni-yapilacak","status":"publish","type":"post","link":"https:\/\/kibrisdakik.com\/?p=39021","title":{"rendered":"\u201cDr. Faz\u0131l K\u00fc\u00e7\u00fck\u201d konulu \u015fiir, kompozisyon ve resim yar\u0131\u015fmas\u0131 \u00f6d\u00fcl t\u00f6reni yap\u0131lacak"},"content":{"rendered":"<p><img decoding=\"async\" src=\"https:\/\/www.kibristurk.com\/images\/haberler\/2024\/04\/dr-fazil-kucuk-konulu-siir-kompozisyon-ve-resim-yarismasi-odul-toreni-yapilacak-1713532352.webp\" \/><\/p>\n<p style=\"text-align:left\"><span style=\"font-size:16px\"><span style=\"font-family:Merriweather,serif !important\"><span style=\"color:#000000\"><span style=\"background-color:#ffffff\">Bakanl\u0131ktan verilen bilgiye g\u00f6re her iki yar\u0131\u015fman\u0131n sonu\u00e7lar\u0131 a\u00e7\u0131klan\u0131rken, KKTC Telsim katk\u0131lar\u0131yla bu y\u0131l yedincisi d\u00fczenlenen \u201cDr. Faz\u0131l K\u00fc\u00e7\u00fck\u201d konulu \u015fiir, kompozisyon ve resim yar\u0131\u015fmas\u0131 \u00f6d\u00fcl t\u00f6reni, Lefko\u015fa\u2019da Atat\u00fcrk K\u00fclt\u00fcr Merkezi\u2019nde saat 17.00\u2019de yap\u0131lacak.<\/span><\/span><\/span><\/span><\/p>\n<p style=\"text-align:left\"><span style=\"font-size:16px\"><span style=\"font-family:Merriweather,serif !important\"><span style=\"color:#000000\"><span style=\"background-color:#ffffff\">\u00d6d\u00fcl t\u00f6reni \u00f6ncesinde, ilkokullar resim yar\u0131\u015fmas\u0131nda \u00f6d\u00fcl alan ve sergilenmeye de\u011fer g\u00f6r\u00fclen 47 resmin yer alaca\u011f\u0131 sergi a\u00e7\u0131l\u0131\u015f\u0131 da yap\u0131lacak.<\/span><\/span><\/span><\/span><\/p>\n","protected":false},"excerpt":{"rendered":"<p>Bakanl\u0131ktan verilen bilgiye g\u00f6re her iki yar\u0131\u015fman\u0131n sonu\u00e7lar\u0131 a\u00e7\u0131klan\u0131rken, KKTC Telsim katk\u0131lar\u0131yla bu y\u0131l yedincisi d\u00fczenlenen \u201cDr. Faz\u0131l K\u00fc\u00e7\u00fck\u201d konulu \u015fiir, kompozisyon ve resim yar\u0131\u015fmas\u0131 \u00f6d\u00fcl t\u00f6reni, Lefko\u015fa\u2019da Atat\u00fcrk K\u00fclt\u00fcr Merkezi\u2019nde saat 17.00\u2019de yap\u0131lacak. \u00d6d\u00fcl t\u00f6reni \u00f6ncesinde, ilkokullar resim yar\u0131\u015fmas\u0131nda \u00f6d\u00fcl alan ve sergilenmeye de\u011fer g\u00f6r\u00fclen 47 resmin yer alaca\u011f\u0131 sergi a\u00e7\u0131l\u0131\u015f\u0131 da yap\u0131lacak.<\/p>\n","protected":false},"author":1,"featured_media":39022,"comment_status":"open","ping_status":"open","sticky":false,"template":"","format":"standard","meta":{"footnotes":""},"categories":[85],"tags":[],"class_list":["post-39021","post","type-post","status-publish","format-standard","has-post-thumbnail","hentry","category-spor"],"yoast_head":"<!-- This site is optimized with the Yoast SEO plugin v27.4 - https:\/\/yoast.com\/product\/yoast-seo-wordpress\/ -->\n<title>\u201cDr. Faz\u0131l K\u00fc\u00e7\u00fck\u201d konulu \u015fiir, kompozisyon ve resim yar\u0131\u015fmas\u0131 \u00f6d\u00fcl t\u00f6reni yap\u0131lacak -<\/title>\n<meta name=\"robots\" content=\"index, follow, max-snippet:-1, max-image-preview:large, max-video-preview:-1\" \/>\n<link rel=\"canonical\" href=\"https:\/\/kibrisdakik.com\/?p=39021\" \/>\n<meta property=\"og:locale\" content=\"tr_TR\" \/>\n<meta property=\"og:type\" content=\"article\" \/>\n<meta property=\"og:title\" content=\"\u201cDr. Faz\u0131l K\u00fc\u00e7\u00fck\u201d konulu \u015fiir, kompozisyon ve resim yar\u0131\u015fmas\u0131 \u00f6d\u00fcl t\u00f6reni yap\u0131lacak -\" \/>\n<meta property=\"og:description\" content=\"Bakanl\u0131ktan verilen bilgiye g\u00f6re her iki yar\u0131\u015fman\u0131n sonu\u00e7lar\u0131 a\u00e7\u0131klan\u0131rken, KKTC Telsim katk\u0131lar\u0131yla bu y\u0131l yedincisi d\u00fczenlenen \u201cDr. Faz\u0131l K\u00fc\u00e7\u00fck\u201d konulu \u015fiir, kompozisyon ve resim yar\u0131\u015fmas\u0131 \u00f6d\u00fcl t\u00f6reni, Lefko\u015fa\u2019da Atat\u00fcrk K\u00fclt\u00fcr Merkezi\u2019nde saat 17.00\u2019de yap\u0131lacak. \u00d6d\u00fcl t\u00f6reni \u00f6ncesinde, ilkokullar resim yar\u0131\u015fmas\u0131nda \u00f6d\u00fcl alan ve sergilenmeye de\u011fer g\u00f6r\u00fclen 47 resmin yer alaca\u011f\u0131 sergi a\u00e7\u0131l\u0131\u015f\u0131 da yap\u0131lacak.\" \/>\n<meta property=\"og:url\" content=\"https:\/\/kibrisdakik.com\/?p=39021\" \/>\n<meta property=\"article:published_time\" content=\"2024-04-20T00:50:44+00:00\" \/>\n<meta property=\"og:image\" content=\"https:\/\/kibrisdakik.com\/wp-content\/uploads\/2024\/04\/dr-fazil-kucuk-konulu-siir-kompozisyon-ve-resim-yarismasi-odul-toreni-yapilacak-1713532352.webp.webp\" \/>\n\t<meta property=\"og:image:width\" content=\"710\" \/>\n\t<meta property=\"og:image:height\" content=\"370\" \/>\n\t<meta property=\"og:image:type\" content=\"image\/webp\" \/>\n<meta name=\"author\" content=\"admin\" \/>\n<meta name=\"twitter:card\" content=\"summary_large_image\" \/>\n<meta name=\"twitter:label1\" content=\"Yazan:\" \/>\n\t<meta name=\"twitter:data1\" content=\"admin\" \/>\n<script type=\"application\/ld+json\" class=\"yoast-schema-graph\">{\"@context\":\"https:\\\/\\\/schema.org\",\"@graph\":[{\"@type\":\"Article\",\"@id\":\"https:\\\/\\\/kibrisdakik.com\\\/?p=39021#article\",\"isPartOf\":{\"@id\":\"https:\\\/\\\/kibrisdakik.com\\\/?p=39021\"},\"author\":{\"name\":\"admin\",\"@id\":\"https:\\\/\\\/kibrisdakik.com\\\/#\\\/schema\\\/person\\\/9cd9d437bbb44f72b73ba127e06d8e79\"},\"headline\":\"\u201cDr. Faz\u0131l K\u00fc\u00e7\u00fck\u201d konulu \u015fiir, kompozisyon ve resim yar\u0131\u015fmas\u0131 \u00f6d\u00fcl t\u00f6reni yap\u0131lacak\",\"datePublished\":\"2024-04-20T00:50:44+00:00\",\"mainEntityOfPage\":{\"@id\":\"https:\\\/\\\/kibrisdakik.com\\\/?p=39021\"},\"wordCount\":104,\"commentCount\":0,\"image\":{\"@id\":\"https:\\\/\\\/kibrisdakik.com\\\/?p=39021#primaryimage\"},\"thumbnailUrl\":\"https:\\\/\\\/kibrisdakik.com\\\/wp-content\\\/uploads\\\/2024\\\/04\\\/dr-fazil-kucuk-konulu-siir-kompozisyon-ve-resim-yarismasi-odul-toreni-yapilacak-1713532352.webp.webp\",\"articleSection\":[\"Spor\"],\"inLanguage\":\"tr\",\"potentialAction\":[{\"@type\":\"CommentAction\",\"name\":\"Comment\",\"target\":[\"https:\\\/\\\/kibrisdakik.com\\\/?p=39021#respond\"]}]},{\"@type\":\"WebPage\",\"@id\":\"https:\\\/\\\/kibrisdakik.com\\\/?p=39021\",\"url\":\"https:\\\/\\\/kibrisdakik.com\\\/?p=39021\",\"name\":\"\u201cDr. Faz\u0131l K\u00fc\u00e7\u00fck\u201d konulu \u015fiir, kompozisyon ve resim yar\u0131\u015fmas\u0131 \u00f6d\u00fcl t\u00f6reni yap\u0131lacak -\",\"isPartOf\":{\"@id\":\"https:\\\/\\\/kibrisdakik.com\\\/#website\"},\"primaryImageOfPage\":{\"@id\":\"https:\\\/\\\/kibrisdakik.com\\\/?p=39021#primaryimage\"},\"image\":{\"@id\":\"https:\\\/\\\/kibrisdakik.com\\\/?p=39021#primaryimage\"},\"thumbnailUrl\":\"https:\\\/\\\/kibrisdakik.com\\\/wp-content\\\/uploads\\\/2024\\\/04\\\/dr-fazil-kucuk-konulu-siir-kompozisyon-ve-resim-yarismasi-odul-toreni-yapilacak-1713532352.webp.webp\",\"datePublished\":\"2024-04-20T00:50:44+00:00\",\"author\":{\"@id\":\"https:\\\/\\\/kibrisdakik.com\\\/#\\\/schema\\\/person\\\/9cd9d437bbb44f72b73ba127e06d8e79\"},\"breadcrumb\":{\"@id\":\"https:\\\/\\\/kibrisdakik.com\\\/?p=39021#breadcrumb\"},\"inLanguage\":\"tr\",\"potentialAction\":[{\"@type\":\"ReadAction\",\"target\":[\"https:\\\/\\\/kibrisdakik.com\\\/?p=39021\"]}]},{\"@type\":\"ImageObject\",\"inLanguage\":\"tr\",\"@id\":\"https:\\\/\\\/kibrisdakik.com\\\/?p=39021#primaryimage\",\"url\":\"https:\\\/\\\/kibrisdakik.com\\\/wp-content\\\/uploads\\\/2024\\\/04\\\/dr-fazil-kucuk-konulu-siir-kompozisyon-ve-resim-yarismasi-odul-toreni-yapilacak-1713532352.webp.webp\",\"contentUrl\":\"https:\\\/\\\/kibrisdakik.com\\\/wp-content\\\/uploads\\\/2024\\\/04\\\/dr-fazil-kucuk-konulu-siir-kompozisyon-ve-resim-yarismasi-odul-toreni-yapilacak-1713532352.webp.webp\",\"width\":710,\"height\":370},{\"@type\":\"BreadcrumbList\",\"@id\":\"https:\\\/\\\/kibrisdakik.com\\\/?p=39021#breadcrumb\",\"itemListElement\":[{\"@type\":\"ListItem\",\"position\":1,\"name\":\"Home\",\"item\":\"https:\\\/\\\/kibrisdakik.com\\\/\"},{\"@type\":\"ListItem\",\"position\":2,\"name\":\"\u201cDr. Faz\u0131l K\u00fc\u00e7\u00fck\u201d konulu \u015fiir, kompozisyon ve resim yar\u0131\u015fmas\u0131 \u00f6d\u00fcl t\u00f6reni yap\u0131lacak\"}]},{\"@type\":\"WebSite\",\"@id\":\"https:\\\/\\\/kibrisdakik.com\\\/#website\",\"url\":\"https:\\\/\\\/kibrisdakik.com\\\/\",\"name\":\"\",\"description\":\"Tam vaktinde haber\",\"potentialAction\":[{\"@type\":\"SearchAction\",\"target\":{\"@type\":\"EntryPoint\",\"urlTemplate\":\"https:\\\/\\\/kibrisdakik.com\\\/?s={search_term_string}\"},\"query-input\":{\"@type\":\"PropertyValueSpecification\",\"valueRequired\":true,\"valueName\":\"search_term_string\"}}],\"inLanguage\":\"tr\"},{\"@type\":\"Person\",\"@id\":\"https:\\\/\\\/kibrisdakik.com\\\/#\\\/schema\\\/person\\\/9cd9d437bbb44f72b73ba127e06d8e79\",\"name\":\"admin\",\"image\":{\"@type\":\"ImageObject\",\"inLanguage\":\"tr\",\"@id\":\"https:\\\/\\\/secure.gravatar.com\\\/avatar\\\/ccc17943b9d660506c869530f897617f7cb1c21a4bf30023f252596d83e1f007?s=96&d=mm&r=g\",\"url\":\"https:\\\/\\\/secure.gravatar.com\\\/avatar\\\/ccc17943b9d660506c869530f897617f7cb1c21a4bf30023f252596d83e1f007?s=96&d=mm&r=g\",\"contentUrl\":\"https:\\\/\\\/secure.gravatar.com\\\/avatar\\\/ccc17943b9d660506c869530f897617f7cb1c21a4bf30023f252596d83e1f007?s=96&d=mm&r=g\",\"caption\":\"admin\"},\"sameAs\":[\"https:\\\/\\\/kibrisdakik.com\"],\"url\":\"https:\\\/\\\/kibrisdakik.com\\\/?author=1\"}]}<\/script>\n<!-- \/ Yoast SEO plugin. -->","yoast_head_json":{"title":"\u201cDr. Faz\u0131l K\u00fc\u00e7\u00fck\u201d konulu \u015fiir, kompozisyon ve resim yar\u0131\u015fmas\u0131 \u00f6d\u00fcl t\u00f6reni yap\u0131lacak -","robots":{"index":"index","follow":"follow","max-snippet":"max-snippet:-1","max-image-preview":"max-image-preview:large","max-video-preview":"max-video-preview:-1"},"canonical":"https:\/\/kibrisdakik.com\/?p=39021","og_locale":"tr_TR","og_type":"article","og_title":"\u201cDr. Faz\u0131l K\u00fc\u00e7\u00fck\u201d konulu \u015fiir, kompozisyon ve resim yar\u0131\u015fmas\u0131 \u00f6d\u00fcl t\u00f6reni yap\u0131lacak -","og_description":"Bakanl\u0131ktan verilen bilgiye g\u00f6re her iki yar\u0131\u015fman\u0131n sonu\u00e7lar\u0131 a\u00e7\u0131klan\u0131rken, KKTC Telsim katk\u0131lar\u0131yla bu y\u0131l yedincisi d\u00fczenlenen \u201cDr. Faz\u0131l K\u00fc\u00e7\u00fck\u201d konulu \u015fiir, kompozisyon ve resim yar\u0131\u015fmas\u0131 \u00f6d\u00fcl t\u00f6reni, Lefko\u015fa\u2019da Atat\u00fcrk K\u00fclt\u00fcr Merkezi\u2019nde saat 17.00\u2019de yap\u0131lacak. \u00d6d\u00fcl t\u00f6reni \u00f6ncesinde, ilkokullar resim yar\u0131\u015fmas\u0131nda \u00f6d\u00fcl alan ve sergilenmeye de\u011fer g\u00f6r\u00fclen 47 resmin yer alaca\u011f\u0131 sergi a\u00e7\u0131l\u0131\u015f\u0131 da yap\u0131lacak.","og_url":"https:\/\/kibrisdakik.com\/?p=39021","article_published_time":"2024-04-20T00:50:44+00:00","og_image":[{"width":710,"height":370,"url":"https:\/\/kibrisdakik.com\/wp-content\/uploads\/2024\/04\/dr-fazil-kucuk-konulu-siir-kompozisyon-ve-resim-yarismasi-odul-toreni-yapilacak-1713532352.webp.webp","type":"image\/webp"}],"author":"admin","twitter_card":"summary_large_image","twitter_misc":{"Yazan:":"admin"},"schema":{"@context":"https:\/\/schema.org","@graph":[{"@type":"Article","@id":"https:\/\/kibrisdakik.com\/?p=39021#article","isPartOf":{"@id":"https:\/\/kibrisdakik.com\/?p=39021"},"author":{"name":"admin","@id":"https:\/\/kibrisdakik.com\/#\/schema\/person\/9cd9d437bbb44f72b73ba127e06d8e79"},"headline":"\u201cDr. Faz\u0131l K\u00fc\u00e7\u00fck\u201d konulu \u015fiir, kompozisyon ve resim yar\u0131\u015fmas\u0131 \u00f6d\u00fcl t\u00f6reni yap\u0131lacak","datePublished":"2024-04-20T00:50:44+00:00","mainEntityOfPage":{"@id":"https:\/\/kibrisdakik.com\/?p=39021"},"wordCount":104,"commentCount":0,"image":{"@id":"https:\/\/kibrisdakik.com\/?p=39021#primaryimage"},"thumbnailUrl":"https:\/\/kibrisdakik.com\/wp-content\/uploads\/2024\/04\/dr-fazil-kucuk-konulu-siir-kompozisyon-ve-resim-yarismasi-odul-toreni-yapilacak-1713532352.webp.webp","articleSection":["Spor"],"inLanguage":"tr","potentialAction":[{"@type":"CommentAction","name":"Comment","target":["https:\/\/kibrisdakik.com\/?p=39021#respond"]}]},{"@type":"WebPage","@id":"https:\/\/kibrisdakik.com\/?p=39021","url":"https:\/\/kibrisdakik.com\/?p=39021","name":"\u201cDr. Faz\u0131l K\u00fc\u00e7\u00fck\u201d konulu \u015fiir, kompozisyon ve resim yar\u0131\u015fmas\u0131 \u00f6d\u00fcl t\u00f6reni yap\u0131lacak -","isPartOf":{"@id":"https:\/\/kibrisdakik.com\/#website"},"primaryImageOfPage":{"@id":"https:\/\/kibrisdakik.com\/?p=39021#primaryimage"},"image":{"@id":"https:\/\/kibrisdakik.com\/?p=39021#primaryimage"},"thumbnailUrl":"https:\/\/kibrisdakik.com\/wp-content\/uploads\/2024\/04\/dr-fazil-kucuk-konulu-siir-kompozisyon-ve-resim-yarismasi-odul-toreni-yapilacak-1713532352.webp.webp","datePublished":"2024-04-20T00:50:44+00:00","author":{"@id":"https:\/\/kibrisdakik.com\/#\/schema\/person\/9cd9d437bbb44f72b73ba127e06d8e79"},"breadcrumb":{"@id":"https:\/\/kibrisdakik.com\/?p=39021#breadcrumb"},"inLanguage":"tr","potentialAction":[{"@type":"ReadAction","target":["https:\/\/kibrisdakik.com\/?p=39021"]}]},{"@type":"ImageObject","inLanguage":"tr","@id":"https:\/\/kibrisdakik.com\/?p=39021#primaryimage","url":"https:\/\/kibrisdakik.com\/wp-content\/uploads\/2024\/04\/dr-fazil-kucuk-konulu-siir-kompozisyon-ve-resim-yarismasi-odul-toreni-yapilacak-1713532352.webp.webp","contentUrl":"https:\/\/kibrisdakik.com\/wp-content\/uploads\/2024\/04\/dr-fazil-kucuk-konulu-siir-kompozisyon-ve-resim-yarismasi-odul-toreni-yapilacak-1713532352.webp.webp","width":710,"height":370},{"@type":"BreadcrumbList","@id":"https:\/\/kibrisdakik.com\/?p=39021#breadcrumb","itemListElement":[{"@type":"ListItem","position":1,"name":"Home","item":"https:\/\/kibrisdakik.com\/"},{"@type":"ListItem","position":2,"name":"\u201cDr. Faz\u0131l K\u00fc\u00e7\u00fck\u201d konulu \u015fiir, kompozisyon ve resim yar\u0131\u015fmas\u0131 \u00f6d\u00fcl t\u00f6reni yap\u0131lacak"}]},{"@type":"WebSite","@id":"https:\/\/kibrisdakik.com\/#website","url":"https:\/\/kibrisdakik.com\/","name":"","description":"Tam vaktinde haber","potentialAction":[{"@type":"SearchAction","target":{"@type":"EntryPoint","urlTemplate":"https:\/\/kibrisdakik.com\/?s={search_term_string}"},"query-input":{"@type":"PropertyValueSpecification","valueRequired":true,"valueName":"search_term_string"}}],"inLanguage":"tr"},{"@type":"Person","@id":"https:\/\/kibrisdakik.com\/#\/schema\/person\/9cd9d437bbb44f72b73ba127e06d8e79","name":"admin","image":{"@type":"ImageObject","inLanguage":"tr","@id":"https:\/\/secure.gravatar.com\/avatar\/ccc17943b9d660506c869530f897617f7cb1c21a4bf30023f252596d83e1f007?s=96&d=mm&r=g","url":"https:\/\/secure.gravatar.com\/avatar\/ccc17943b9d660506c869530f897617f7cb1c21a4bf30023f252596d83e1f007?s=96&d=mm&r=g","contentUrl":"https:\/\/secure.gravatar.com\/avatar\/ccc17943b9d660506c869530f897617f7cb1c21a4bf30023f252596d83e1f007?s=96&d=mm&r=g","caption":"admin"},"sameAs":["https:\/\/kibrisdakik.com"],"url":"https:\/\/kibrisdakik.com\/?author=1"}]}},"_links":{"self":[{"href":"https:\/\/kibrisdakik.com\/index.php?rest_route=\/wp\/v2\/posts\/39021","targetHints":{"allow":["GET"]}}],"collection":[{"href":"https:\/\/kibrisdakik.com\/index.php?rest_route=\/wp\/v2\/posts"}],"about":[{"href":"https:\/\/kibrisdakik.com\/index.php?rest_route=\/wp\/v2\/types\/post"}],"author":[{"embeddable":true,"href":"https:\/\/kibrisdakik.com\/index.php?rest_route=\/wp\/v2\/users\/1"}],"replies":[{"embeddable":true,"href":"https:\/\/kibrisdakik.com\/index.php?rest_route=%2Fwp%2Fv2%2Fcomments&post=39021"}],"version-history":[{"count":0,"href":"https:\/\/kibrisdakik.com\/index.php?rest_route=\/wp\/v2\/posts\/39021\/revisions"}],"wp:featuredmedia":[{"embeddable":true,"href":"https:\/\/kibrisdakik.com\/index.php?rest_route=\/wp\/v2\/media\/39022"}],"wp:attachment":[{"href":"https:\/\/kibrisdakik.com\/index.php?rest_route=%2Fwp%2Fv2%2Fmedia&parent=39021"}],"wp:term":[{"taxonomy":"category","embeddable":true,"href":"https:\/\/kibrisdakik.com\/index.php?rest_route=%2Fwp%2Fv2%2Fcategories&post=39021"},{"taxonomy":"post_tag","embeddable":true,"href":"https:\/\/kibrisdakik.com\/index.php?rest_route=%2Fwp%2Fv2%2Ftags&post=39021"}],"curies":[{"name":"wp","href":"https:\/\/api.w.org\/{rel}","templated":true}]}}