{"id":3903,"date":"2023-03-24T17:50:06","date_gmt":"2023-03-24T17:50:06","guid":{"rendered":"https:\/\/kibrisdakik.com\/index.php\/2023\/03\/24\/ataoglu-genclerle-birlikte-lapta-huzurevini-ziyaret-etti\/"},"modified":"2023-03-24T17:50:06","modified_gmt":"2023-03-24T17:50:06","slug":"ataoglu-genclerle-birlikte-lapta-huzurevini-ziyaret-etti","status":"publish","type":"post","link":"https:\/\/kibrisdakik.com\/?p=3903","title":{"rendered":"Atao\u011flu, gen\u00e7lerle birlikte Lapta Huzurevi\u2019ni ziyaret etti"},"content":{"rendered":"<p><\/p>\n<div>\n<div class=\"mariselle-image-container center\">\n                <img width=\"2560\" height=\"1708\" class=\"lazy-image\" alt=\"\" decoding=\"async\" loading=\"lazy\" sizes=\"auto, (max-width: 2560px) 100vw, 2560px\" src=\"https:\/\/brtk.net\/wp-content\/uploads\/2023\/03\/24\/ataoglu-yaslilar-haftasi-2--scaled.jpg?ver=719ff47fce9a5c1be326d380ee4593c2\" srcset=\"https:\/\/brtk.net\/wp-content\/uploads\/2023\/03\/24\/ataoglu-yaslilar-haftasi-2--scaled.jpg?ver=719ff47fce9a5c1be326d380ee4593c2 2560w, https:\/\/brtk.net\/wp-content\/uploads\/2023\/03\/24\/ataoglu-yaslilar-haftasi-2--300x200.jpg?ver=eadc7368c0f4447b6c567940b5f683c1 300w, https:\/\/brtk.net\/wp-content\/uploads\/2023\/03\/24\/ataoglu-yaslilar-haftasi-2--1024x683.jpg?ver=9668c5072df4591daacd3094d19bdbb5 1024w, https:\/\/brtk.net\/wp-content\/uploads\/2023\/03\/24\/ataoglu-yaslilar-haftasi-2--768x512.jpg?ver=9668c5072df4591daacd3094d19bdbb5 768w, https:\/\/brtk.net\/wp-content\/uploads\/2023\/03\/24\/ataoglu-yaslilar-haftasi-2--1536x1025.jpg?ver=cfc933d87528e14746e9d56bd7f98d2b 1536w, https:\/\/brtk.net\/wp-content\/uploads\/2023\/03\/24\/ataoglu-yaslilar-haftasi-2--2048x1367.jpg?ver=fd57deb5754e9063bd582eea42e94aec 2048w\"\/>                            <\/div>\n<p>Ba\u015fbakan Yard\u0131mc\u0131s\u0131, Turizm, K\u00fclt\u00fcr, Gen\u00e7lik ve \u00c7evre Bakan\u0131 Fikri Atao\u011flu, Gen\u00e7lik Merkezlerindeki gen\u00e7lerle birlikteki Lapta Huzurevi\u2019ni ziyaret etti.<\/p>\n<p>\u201cYa\u015fl\u0131lar Haftas\u0131\u201d nedeniyle Ba\u015fbakan Yard\u0131mc\u0131l\u0131\u011f\u0131, Turizm, K\u00fclt\u00fcr, Gen\u00e7lik ve \u00c7evre Bakanl\u0131\u011f\u0131\u2019na ba\u011fl\u0131 Gen\u00e7lik Dairesi M\u00fcd\u00fcrl\u00fc\u011f\u00fc taraf\u0131ndan organize edilen ziyarette, Gen\u00e7lik Dairesi M\u00fcd\u00fcr\u00fc Hakan \u00d6zsayg\u0131n ve personeli haz\u0131r bulundu.<\/p>\n<p>\u2013 Atao\u011flu: \u201cYa\u015fl\u0131lar, k\u00fclt\u00fcrel de\u011ferlerimizin simgesidir\u201d<\/p>\n<p>Fikri Atao\u011flu, ya\u015fl\u0131lar\u0131n, d\u00fcn ile bug\u00fcn aras\u0131nda k\u00f6pr\u00fc olu\u015fturan, k\u00fclt\u00fcr\u00fcn ve de\u011ferlerin yar\u0131nlara ta\u015f\u0131nmas\u0131n\u0131 sa\u011flayan en k\u0131ymetli varl\u0131klar oldu\u011funu ifade ederek, ya\u015fl\u0131lar\u0131n her zaman hat\u0131rlanmas\u0131 gerekti\u011fini s\u00f6yledi.<\/p>\n<p>Bir \u00f6mr\u00fcn b\u00fcy\u00fck k\u0131sm\u0131n\u0131 topluma ve \u00fclkeye hizmetle ge\u00e7iren insanlar\u0131n, ya\u015fland\u0131klar\u0131 ve bak\u0131ma muhta\u00e7 olduklar\u0131 d\u00f6nemde iyi bir bak\u0131m talep etme haklar\u0131 oldu\u011funu dile getiren Atao\u011flu, \u201cYa\u015fl\u0131lar\u0131n y\u00fcz\u00fcn\u00fcn g\u00fclmesi hepimizin sevincidir\u201d dedi.<\/p>\n<p>Etkinlik \u00e7er\u00e7evesinde gen\u00e7ler ve ya\u015fl\u0131lar\u0131n bir araya gelmesinin \u00f6nemine vurgu yapan Atao\u011flu, gen\u00e7lerin de\u011ferlere sahip \u00e7\u0131kmas\u0131 i\u00e7in bu t\u00fcr etkinliklerin her zaman tekrarlanmas\u0131 gerekti\u011fini vurgulad\u0131.<\/p>\n<\/p><\/div>\n<p><script async\n                    defer\n                    crossorigin=\"anonymous\"\n                    src=\"https:\/\/connect.facebook.net\/tr_TR\/sdk.js#xfbml=1&#038;version=v3.3\"\n            ><\/script><\/p>\n","protected":false},"excerpt":{"rendered":"<p>Ba\u015fbakan Yard\u0131mc\u0131s\u0131, Turizm, K\u00fclt\u00fcr, Gen\u00e7lik ve \u00c7evre Bakan\u0131 Fikri Atao\u011flu, Gen\u00e7lik Merkezlerindeki gen\u00e7lerle birlikteki Lapta Huzurevi\u2019ni ziyaret etti. \u201cYa\u015fl\u0131lar Haftas\u0131\u201d nedeniyle Ba\u015fbakan Yard\u0131mc\u0131l\u0131\u011f\u0131, Turizm, K\u00fclt\u00fcr, Gen\u00e7lik ve \u00c7evre Bakanl\u0131\u011f\u0131\u2019na ba\u011fl\u0131 Gen\u00e7lik Dairesi M\u00fcd\u00fcrl\u00fc\u011f\u00fc taraf\u0131ndan organize edilen ziyarette, Gen\u00e7lik Dairesi M\u00fcd\u00fcr\u00fc Hakan \u00d6zsayg\u0131n ve personeli haz\u0131r bulundu. \u2013 Atao\u011flu: \u201cYa\u015fl\u0131lar, k\u00fclt\u00fcrel de\u011ferlerimizin simgesidir\u201d Fikri Atao\u011flu, ya\u015fl\u0131lar\u0131n,<\/p>\n","protected":false},"author":1,"featured_media":3904,"comment_status":"open","ping_status":"open","sticky":false,"template":"","format":"standard","meta":{"footnotes":""},"categories":[1],"tags":[],"class_list":["post-3903","post","type-post","status-publish","format-standard","has-post-thumbnail","hentry","category-gundem"],"yoast_head":"<!-- This site is optimized with the Yoast SEO plugin v27.5 - https:\/\/yoast.com\/product\/yoast-seo-wordpress\/ -->\n<title>Atao\u011flu, gen\u00e7lerle birlikte Lapta Huzurevi\u2019ni ziyaret etti -<\/title>\n<meta name=\"robots\" content=\"index, follow, max-snippet:-1, max-image-preview:large, max-video-preview:-1\" \/>\n<link rel=\"canonical\" href=\"https:\/\/kibrisdakik.com\/?p=3903\" \/>\n<meta property=\"og:locale\" content=\"tr_TR\" \/>\n<meta property=\"og:type\" content=\"article\" \/>\n<meta property=\"og:title\" content=\"Atao\u011flu, gen\u00e7lerle birlikte Lapta Huzurevi\u2019ni ziyaret etti -\" \/>\n<meta property=\"og:description\" content=\"Ba\u015fbakan Yard\u0131mc\u0131s\u0131, Turizm, K\u00fclt\u00fcr, Gen\u00e7lik ve \u00c7evre Bakan\u0131 Fikri Atao\u011flu, Gen\u00e7lik Merkezlerindeki gen\u00e7lerle birlikteki Lapta Huzurevi\u2019ni ziyaret etti. \u201cYa\u015fl\u0131lar Haftas\u0131\u201d nedeniyle Ba\u015fbakan Yard\u0131mc\u0131l\u0131\u011f\u0131, Turizm, K\u00fclt\u00fcr, Gen\u00e7lik ve \u00c7evre Bakanl\u0131\u011f\u0131\u2019na ba\u011fl\u0131 Gen\u00e7lik Dairesi M\u00fcd\u00fcrl\u00fc\u011f\u00fc taraf\u0131ndan organize edilen ziyarette, Gen\u00e7lik Dairesi M\u00fcd\u00fcr\u00fc Hakan \u00d6zsayg\u0131n ve personeli haz\u0131r bulundu. \u2013 Atao\u011flu: \u201cYa\u015fl\u0131lar, k\u00fclt\u00fcrel de\u011ferlerimizin simgesidir\u201d Fikri Atao\u011flu, ya\u015fl\u0131lar\u0131n,\" \/>\n<meta property=\"og:url\" content=\"https:\/\/kibrisdakik.com\/?p=3903\" \/>\n<meta property=\"article:published_time\" content=\"2023-03-24T17:50:06+00:00\" \/>\n<meta property=\"og:image\" content=\"https:\/\/kibrisdakik.com\/wp-content\/uploads\/2023\/03\/ataoglu-yaslilar-haftasi-2-scaled-740x420.jpg\" \/>\n\t<meta property=\"og:image:width\" content=\"2560\" \/>\n\t<meta property=\"og:image:height\" content=\"1708\" \/>\n\t<meta property=\"og:image:type\" content=\"image\/jpeg\" \/>\n<meta name=\"author\" content=\"admin\" \/>\n<meta name=\"twitter:card\" content=\"summary_large_image\" \/>\n<meta name=\"twitter:label1\" content=\"Yazan:\" \/>\n\t<meta name=\"twitter:data1\" content=\"admin\" \/>\n\t<meta name=\"twitter:label2\" content=\"Tahmini okuma s\u00fcresi\" \/>\n\t<meta name=\"twitter:data2\" content=\"1 dakika\" \/>\n<script type=\"application\/ld+json\" class=\"yoast-schema-graph\">{\"@context\":\"https:\\\/\\\/schema.org\",\"@graph\":[{\"@type\":\"Article\",\"@id\":\"https:\\\/\\\/kibrisdakik.com\\\/?p=3903#article\",\"isPartOf\":{\"@id\":\"https:\\\/\\\/kibrisdakik.com\\\/?p=3903\"},\"author\":{\"name\":\"admin\",\"@id\":\"https:\\\/\\\/kibrisdakik.com\\\/#\\\/schema\\\/person\\\/9cd9d437bbb44f72b73ba127e06d8e79\"},\"headline\":\"Atao\u011flu, gen\u00e7lerle birlikte Lapta Huzurevi\u2019ni ziyaret etti\",\"datePublished\":\"2023-03-24T17:50:06+00:00\",\"mainEntityOfPage\":{\"@id\":\"https:\\\/\\\/kibrisdakik.com\\\/?p=3903\"},\"wordCount\":238,\"commentCount\":0,\"image\":{\"@id\":\"https:\\\/\\\/kibrisdakik.com\\\/?p=3903#primaryimage\"},\"thumbnailUrl\":\"https:\\\/\\\/kibrisdakik.com\\\/wp-content\\\/uploads\\\/2023\\\/03\\\/ataoglu-yaslilar-haftasi-2-scaled-740x420.jpg\",\"articleSection\":[\"G\u00fcndem\"],\"inLanguage\":\"tr\",\"potentialAction\":[{\"@type\":\"CommentAction\",\"name\":\"Comment\",\"target\":[\"https:\\\/\\\/kibrisdakik.com\\\/?p=3903#respond\"]}]},{\"@type\":\"WebPage\",\"@id\":\"https:\\\/\\\/kibrisdakik.com\\\/?p=3903\",\"url\":\"https:\\\/\\\/kibrisdakik.com\\\/?p=3903\",\"name\":\"Atao\u011flu, gen\u00e7lerle birlikte Lapta Huzurevi\u2019ni ziyaret etti -\",\"isPartOf\":{\"@id\":\"https:\\\/\\\/kibrisdakik.com\\\/#website\"},\"primaryImageOfPage\":{\"@id\":\"https:\\\/\\\/kibrisdakik.com\\\/?p=3903#primaryimage\"},\"image\":{\"@id\":\"https:\\\/\\\/kibrisdakik.com\\\/?p=3903#primaryimage\"},\"thumbnailUrl\":\"https:\\\/\\\/kibrisdakik.com\\\/wp-content\\\/uploads\\\/2023\\\/03\\\/ataoglu-yaslilar-haftasi-2-scaled-740x420.jpg\",\"datePublished\":\"2023-03-24T17:50:06+00:00\",\"author\":{\"@id\":\"https:\\\/\\\/kibrisdakik.com\\\/#\\\/schema\\\/person\\\/9cd9d437bbb44f72b73ba127e06d8e79\"},\"breadcrumb\":{\"@id\":\"https:\\\/\\\/kibrisdakik.com\\\/?p=3903#breadcrumb\"},\"inLanguage\":\"tr\",\"potentialAction\":[{\"@type\":\"ReadAction\",\"target\":[\"https:\\\/\\\/kibrisdakik.com\\\/?p=3903\"]}]},{\"@type\":\"ImageObject\",\"inLanguage\":\"tr\",\"@id\":\"https:\\\/\\\/kibrisdakik.com\\\/?p=3903#primaryimage\",\"url\":\"https:\\\/\\\/kibrisdakik.com\\\/wp-content\\\/uploads\\\/2023\\\/03\\\/ataoglu-yaslilar-haftasi-2-scaled-740x420.jpg\",\"contentUrl\":\"https:\\\/\\\/kibrisdakik.com\\\/wp-content\\\/uploads\\\/2023\\\/03\\\/ataoglu-yaslilar-haftasi-2-scaled-740x420.jpg\",\"width\":2560,\"height\":1708},{\"@type\":\"BreadcrumbList\",\"@id\":\"https:\\\/\\\/kibrisdakik.com\\\/?p=3903#breadcrumb\",\"itemListElement\":[{\"@type\":\"ListItem\",\"position\":1,\"name\":\"Home\",\"item\":\"https:\\\/\\\/kibrisdakik.com\\\/\"},{\"@type\":\"ListItem\",\"position\":2,\"name\":\"Atao\u011flu, gen\u00e7lerle birlikte Lapta Huzurevi\u2019ni ziyaret etti\"}]},{\"@type\":\"WebSite\",\"@id\":\"https:\\\/\\\/kibrisdakik.com\\\/#website\",\"url\":\"https:\\\/\\\/kibrisdakik.com\\\/\",\"name\":\"\",\"description\":\"Tam vaktinde haber\",\"potentialAction\":[{\"@type\":\"SearchAction\",\"target\":{\"@type\":\"EntryPoint\",\"urlTemplate\":\"https:\\\/\\\/kibrisdakik.com\\\/?s={search_term_string}\"},\"query-input\":{\"@type\":\"PropertyValueSpecification\",\"valueRequired\":true,\"valueName\":\"search_term_string\"}}],\"inLanguage\":\"tr\"},{\"@type\":\"Person\",\"@id\":\"https:\\\/\\\/kibrisdakik.com\\\/#\\\/schema\\\/person\\\/9cd9d437bbb44f72b73ba127e06d8e79\",\"name\":\"admin\",\"image\":{\"@type\":\"ImageObject\",\"inLanguage\":\"tr\",\"@id\":\"https:\\\/\\\/secure.gravatar.com\\\/avatar\\\/ccc17943b9d660506c869530f897617f7cb1c21a4bf30023f252596d83e1f007?s=96&d=mm&r=g\",\"url\":\"https:\\\/\\\/secure.gravatar.com\\\/avatar\\\/ccc17943b9d660506c869530f897617f7cb1c21a4bf30023f252596d83e1f007?s=96&d=mm&r=g\",\"contentUrl\":\"https:\\\/\\\/secure.gravatar.com\\\/avatar\\\/ccc17943b9d660506c869530f897617f7cb1c21a4bf30023f252596d83e1f007?s=96&d=mm&r=g\",\"caption\":\"admin\"},\"sameAs\":[\"https:\\\/\\\/kibrisdakik.com\"],\"url\":\"https:\\\/\\\/kibrisdakik.com\\\/?author=1\"}]}<\/script>\n<!-- \/ Yoast SEO plugin. -->","yoast_head_json":{"title":"Atao\u011flu, gen\u00e7lerle birlikte Lapta Huzurevi\u2019ni ziyaret etti -","robots":{"index":"index","follow":"follow","max-snippet":"max-snippet:-1","max-image-preview":"max-image-preview:large","max-video-preview":"max-video-preview:-1"},"canonical":"https:\/\/kibrisdakik.com\/?p=3903","og_locale":"tr_TR","og_type":"article","og_title":"Atao\u011flu, gen\u00e7lerle birlikte Lapta Huzurevi\u2019ni ziyaret etti -","og_description":"Ba\u015fbakan Yard\u0131mc\u0131s\u0131, Turizm, K\u00fclt\u00fcr, Gen\u00e7lik ve \u00c7evre Bakan\u0131 Fikri Atao\u011flu, Gen\u00e7lik Merkezlerindeki gen\u00e7lerle birlikteki Lapta Huzurevi\u2019ni ziyaret etti. \u201cYa\u015fl\u0131lar Haftas\u0131\u201d nedeniyle Ba\u015fbakan Yard\u0131mc\u0131l\u0131\u011f\u0131, Turizm, K\u00fclt\u00fcr, Gen\u00e7lik ve \u00c7evre Bakanl\u0131\u011f\u0131\u2019na ba\u011fl\u0131 Gen\u00e7lik Dairesi M\u00fcd\u00fcrl\u00fc\u011f\u00fc taraf\u0131ndan organize edilen ziyarette, Gen\u00e7lik Dairesi M\u00fcd\u00fcr\u00fc Hakan \u00d6zsayg\u0131n ve personeli haz\u0131r bulundu. \u2013 Atao\u011flu: \u201cYa\u015fl\u0131lar, k\u00fclt\u00fcrel de\u011ferlerimizin simgesidir\u201d Fikri Atao\u011flu, ya\u015fl\u0131lar\u0131n,","og_url":"https:\/\/kibrisdakik.com\/?p=3903","article_published_time":"2023-03-24T17:50:06+00:00","og_image":[{"width":2560,"height":1708,"url":"https:\/\/kibrisdakik.com\/wp-content\/uploads\/2023\/03\/ataoglu-yaslilar-haftasi-2-scaled-740x420.jpg","type":"image\/jpeg"}],"author":"admin","twitter_card":"summary_large_image","twitter_misc":{"Yazan:":"admin","Tahmini okuma s\u00fcresi":"1 dakika"},"schema":{"@context":"https:\/\/schema.org","@graph":[{"@type":"Article","@id":"https:\/\/kibrisdakik.com\/?p=3903#article","isPartOf":{"@id":"https:\/\/kibrisdakik.com\/?p=3903"},"author":{"name":"admin","@id":"https:\/\/kibrisdakik.com\/#\/schema\/person\/9cd9d437bbb44f72b73ba127e06d8e79"},"headline":"Atao\u011flu, gen\u00e7lerle birlikte Lapta Huzurevi\u2019ni ziyaret etti","datePublished":"2023-03-24T17:50:06+00:00","mainEntityOfPage":{"@id":"https:\/\/kibrisdakik.com\/?p=3903"},"wordCount":238,"commentCount":0,"image":{"@id":"https:\/\/kibrisdakik.com\/?p=3903#primaryimage"},"thumbnailUrl":"https:\/\/kibrisdakik.com\/wp-content\/uploads\/2023\/03\/ataoglu-yaslilar-haftasi-2-scaled-740x420.jpg","articleSection":["G\u00fcndem"],"inLanguage":"tr","potentialAction":[{"@type":"CommentAction","name":"Comment","target":["https:\/\/kibrisdakik.com\/?p=3903#respond"]}]},{"@type":"WebPage","@id":"https:\/\/kibrisdakik.com\/?p=3903","url":"https:\/\/kibrisdakik.com\/?p=3903","name":"Atao\u011flu, gen\u00e7lerle birlikte Lapta Huzurevi\u2019ni ziyaret etti -","isPartOf":{"@id":"https:\/\/kibrisdakik.com\/#website"},"primaryImageOfPage":{"@id":"https:\/\/kibrisdakik.com\/?p=3903#primaryimage"},"image":{"@id":"https:\/\/kibrisdakik.com\/?p=3903#primaryimage"},"thumbnailUrl":"https:\/\/kibrisdakik.com\/wp-content\/uploads\/2023\/03\/ataoglu-yaslilar-haftasi-2-scaled-740x420.jpg","datePublished":"2023-03-24T17:50:06+00:00","author":{"@id":"https:\/\/kibrisdakik.com\/#\/schema\/person\/9cd9d437bbb44f72b73ba127e06d8e79"},"breadcrumb":{"@id":"https:\/\/kibrisdakik.com\/?p=3903#breadcrumb"},"inLanguage":"tr","potentialAction":[{"@type":"ReadAction","target":["https:\/\/kibrisdakik.com\/?p=3903"]}]},{"@type":"ImageObject","inLanguage":"tr","@id":"https:\/\/kibrisdakik.com\/?p=3903#primaryimage","url":"https:\/\/kibrisdakik.com\/wp-content\/uploads\/2023\/03\/ataoglu-yaslilar-haftasi-2-scaled-740x420.jpg","contentUrl":"https:\/\/kibrisdakik.com\/wp-content\/uploads\/2023\/03\/ataoglu-yaslilar-haftasi-2-scaled-740x420.jpg","width":2560,"height":1708},{"@type":"BreadcrumbList","@id":"https:\/\/kibrisdakik.com\/?p=3903#breadcrumb","itemListElement":[{"@type":"ListItem","position":1,"name":"Home","item":"https:\/\/kibrisdakik.com\/"},{"@type":"ListItem","position":2,"name":"Atao\u011flu, gen\u00e7lerle birlikte Lapta Huzurevi\u2019ni ziyaret etti"}]},{"@type":"WebSite","@id":"https:\/\/kibrisdakik.com\/#website","url":"https:\/\/kibrisdakik.com\/","name":"","description":"Tam vaktinde haber","potentialAction":[{"@type":"SearchAction","target":{"@type":"EntryPoint","urlTemplate":"https:\/\/kibrisdakik.com\/?s={search_term_string}"},"query-input":{"@type":"PropertyValueSpecification","valueRequired":true,"valueName":"search_term_string"}}],"inLanguage":"tr"},{"@type":"Person","@id":"https:\/\/kibrisdakik.com\/#\/schema\/person\/9cd9d437bbb44f72b73ba127e06d8e79","name":"admin","image":{"@type":"ImageObject","inLanguage":"tr","@id":"https:\/\/secure.gravatar.com\/avatar\/ccc17943b9d660506c869530f897617f7cb1c21a4bf30023f252596d83e1f007?s=96&d=mm&r=g","url":"https:\/\/secure.gravatar.com\/avatar\/ccc17943b9d660506c869530f897617f7cb1c21a4bf30023f252596d83e1f007?s=96&d=mm&r=g","contentUrl":"https:\/\/secure.gravatar.com\/avatar\/ccc17943b9d660506c869530f897617f7cb1c21a4bf30023f252596d83e1f007?s=96&d=mm&r=g","caption":"admin"},"sameAs":["https:\/\/kibrisdakik.com"],"url":"https:\/\/kibrisdakik.com\/?author=1"}]}},"_links":{"self":[{"href":"https:\/\/kibrisdakik.com\/index.php?rest_route=\/wp\/v2\/posts\/3903","targetHints":{"allow":["GET"]}}],"collection":[{"href":"https:\/\/kibrisdakik.com\/index.php?rest_route=\/wp\/v2\/posts"}],"about":[{"href":"https:\/\/kibrisdakik.com\/index.php?rest_route=\/wp\/v2\/types\/post"}],"author":[{"embeddable":true,"href":"https:\/\/kibrisdakik.com\/index.php?rest_route=\/wp\/v2\/users\/1"}],"replies":[{"embeddable":true,"href":"https:\/\/kibrisdakik.com\/index.php?rest_route=%2Fwp%2Fv2%2Fcomments&post=3903"}],"version-history":[{"count":0,"href":"https:\/\/kibrisdakik.com\/index.php?rest_route=\/wp\/v2\/posts\/3903\/revisions"}],"wp:featuredmedia":[{"embeddable":true,"href":"https:\/\/kibrisdakik.com\/index.php?rest_route=\/wp\/v2\/media\/3904"}],"wp:attachment":[{"href":"https:\/\/kibrisdakik.com\/index.php?rest_route=%2Fwp%2Fv2%2Fmedia&parent=3903"}],"wp:term":[{"taxonomy":"category","embeddable":true,"href":"https:\/\/kibrisdakik.com\/index.php?rest_route=%2Fwp%2Fv2%2Fcategories&post=3903"},{"taxonomy":"post_tag","embeddable":true,"href":"https:\/\/kibrisdakik.com\/index.php?rest_route=%2Fwp%2Fv2%2Ftags&post=3903"}],"curies":[{"name":"wp","href":"https:\/\/api.w.org\/{rel}","templated":true}]}}