{"id":39033,"date":"2024-04-20T03:54:41","date_gmt":"2024-04-20T03:54:41","guid":{"rendered":"https:\/\/kibrisdakik.com\/index.php\/2024\/04\/20\/kibris-sanat-dernegi-turk-muzigi-korosunun-bahar-konseri-24-nisanda\/"},"modified":"2024-04-20T03:54:41","modified_gmt":"2024-04-20T03:54:41","slug":"kibris-sanat-dernegi-turk-muzigi-korosunun-bahar-konseri-24-nisanda","status":"publish","type":"post","link":"https:\/\/kibrisdakik.com\/?p=39033","title":{"rendered":"K\u0131br\u0131s Sanat Derne\u011fi T\u00fcrk M\u00fczi\u011fi Korosu\u2019nun Bahar Konseri 24 Nisan\u2019da"},"content":{"rendered":"<p><img decoding=\"async\" src=\"https:\/\/www.kibristurk.com\/images\/haberler\/2024\/04\/kibris-sanat-dernegi-turk-muzigi-korosunun-bahar-konseri-24-nisanda-1713527630.webp\" \/><\/p>\n<p style=\"text-align:left\"><span style=\"font-size:16px\"><span style=\"font-family:Merriweather,serif !important\"><span style=\"color:#000000\"><span style=\"background-color:#ffffff\">Dernekten yap\u0131lan yaz\u0131l\u0131 a\u00e7\u0131klamaya g\u00f6re, K\u0131br\u0131s Sanat Derne\u011fi\u2019nin, Gazima\u011fusa Belediyesi\u2019nin katk\u0131lar\u0131yla 24 Nisan \u00c7ar\u015famba g\u00fcn\u00fc saat 20.30\u2019da Rauf Raif Denkta\u015f K\u00fclt\u00fcr ve Kongre Merkezi\u2019nde (K\u00dcKOM) d\u00fczenlenecek konser, \u00fccretsiz olarak sunulacak.<\/span><\/span><\/span><\/span><\/p>\n<p style=\"text-align:left\"><span style=\"font-size:16px\"><span style=\"font-family:Merriweather,serif !important\"><span style=\"color:#000000\"><span style=\"background-color:#ffffff\">&nbsp;<\/span><\/span><\/span><\/span><\/p>\n<p style=\"text-align:left\"><span style=\"font-size:16px\"><span style=\"font-family:Merriweather,serif !important\"><span style=\"color:#000000\"><span style=\"background-color:#ffffff\">Bahar Konseri\u2019nde derne\u011fin saz heyetinin yan\u0131 s\u0131ra, K\u0131br\u0131s\u2019\u0131n yeti\u015ftirdi\u011fi sanat\u00e7\u0131lardan kemanda Kas\u0131m Eryurt, kanunda Halil Sel\u00e7uk, viyolonselde Muharrem Cemo\u011flu ve ritim gitarda Hakk\u0131 Atarkan yer al\u0131rken, Samsun Devlet Klasik T\u00fcrk M\u00fczi\u011fi Sanat\u00e7\u0131s\u0131 ve Koro \u015eefi Osman Ergen de ud ve solosu ile programa e\u015flik edecek.<\/span><\/span><\/span><\/span><\/p>\n<p style=\"text-align:left\"><span style=\"font-size:16px\"><span style=\"font-family:Merriweather,serif !important\"><span style=\"color:#000000\"><span style=\"background-color:#ffffff\">&nbsp;<\/span><\/span><\/span><\/span><\/p>\n<p style=\"text-align:left\"><span style=\"font-size:16px\"><span style=\"font-family:Merriweather,serif !important\"><span style=\"color:#000000\"><span style=\"background-color:#ffffff\">T\u00fcrk Sanat M\u00fczi\u011fi\u2019nin unutulmaz eserlerine yer verilecek program\u0131 Zerrin Baykur sunacak.<\/span><\/span><\/span><\/span><\/p>\n","protected":false},"excerpt":{"rendered":"<p>Dernekten yap\u0131lan yaz\u0131l\u0131 a\u00e7\u0131klamaya g\u00f6re, K\u0131br\u0131s Sanat Derne\u011fi\u2019nin, Gazima\u011fusa Belediyesi\u2019nin katk\u0131lar\u0131yla 24 Nisan \u00c7ar\u015famba g\u00fcn\u00fc saat 20.30\u2019da Rauf Raif Denkta\u015f K\u00fclt\u00fcr ve Kongre Merkezi\u2019nde (K\u00dcKOM) d\u00fczenlenecek konser, \u00fccretsiz olarak sunulacak. &nbsp; Bahar Konseri\u2019nde derne\u011fin saz heyetinin yan\u0131 s\u0131ra, K\u0131br\u0131s\u2019\u0131n yeti\u015ftirdi\u011fi sanat\u00e7\u0131lardan kemanda Kas\u0131m Eryurt, kanunda Halil Sel\u00e7uk, viyolonselde Muharrem Cemo\u011flu ve ritim gitarda Hakk\u0131 Atarkan<\/p>\n","protected":false},"author":1,"featured_media":39034,"comment_status":"open","ping_status":"open","sticky":false,"template":"","format":"standard","meta":{"footnotes":""},"categories":[85],"tags":[],"class_list":["post-39033","post","type-post","status-publish","format-standard","has-post-thumbnail","hentry","category-spor"],"yoast_head":"<!-- This site is optimized with the Yoast SEO plugin v27.5 - https:\/\/yoast.com\/product\/yoast-seo-wordpress\/ -->\n<title>K\u0131br\u0131s Sanat Derne\u011fi T\u00fcrk M\u00fczi\u011fi Korosu\u2019nun Bahar Konseri 24 Nisan\u2019da -<\/title>\n<meta name=\"robots\" content=\"index, follow, max-snippet:-1, max-image-preview:large, max-video-preview:-1\" \/>\n<link rel=\"canonical\" href=\"https:\/\/kibrisdakik.com\/?p=39033\" \/>\n<meta property=\"og:locale\" content=\"tr_TR\" \/>\n<meta property=\"og:type\" content=\"article\" \/>\n<meta property=\"og:title\" content=\"K\u0131br\u0131s Sanat Derne\u011fi T\u00fcrk M\u00fczi\u011fi Korosu\u2019nun Bahar Konseri 24 Nisan\u2019da -\" \/>\n<meta property=\"og:description\" content=\"Dernekten yap\u0131lan yaz\u0131l\u0131 a\u00e7\u0131klamaya g\u00f6re, K\u0131br\u0131s Sanat Derne\u011fi\u2019nin, Gazima\u011fusa Belediyesi\u2019nin katk\u0131lar\u0131yla 24 Nisan \u00c7ar\u015famba g\u00fcn\u00fc saat 20.30\u2019da Rauf Raif Denkta\u015f K\u00fclt\u00fcr ve Kongre Merkezi\u2019nde (K\u00dcKOM) d\u00fczenlenecek konser, \u00fccretsiz olarak sunulacak. &nbsp; Bahar Konseri\u2019nde derne\u011fin saz heyetinin yan\u0131 s\u0131ra, K\u0131br\u0131s\u2019\u0131n yeti\u015ftirdi\u011fi sanat\u00e7\u0131lardan kemanda Kas\u0131m Eryurt, kanunda Halil Sel\u00e7uk, viyolonselde Muharrem Cemo\u011flu ve ritim gitarda Hakk\u0131 Atarkan\" \/>\n<meta property=\"og:url\" content=\"https:\/\/kibrisdakik.com\/?p=39033\" \/>\n<meta property=\"article:published_time\" content=\"2024-04-20T03:54:41+00:00\" \/>\n<meta property=\"og:image\" content=\"https:\/\/kibrisdakik.com\/wp-content\/uploads\/2024\/04\/kibris-sanat-dernegi-turk-muzigi-korosunun-bahar-konseri-24-nisanda-1713527630.webp.webp\" \/>\n\t<meta property=\"og:image:width\" content=\"710\" \/>\n\t<meta property=\"og:image:height\" content=\"370\" \/>\n\t<meta property=\"og:image:type\" content=\"image\/webp\" \/>\n<meta name=\"author\" content=\"admin\" \/>\n<meta name=\"twitter:card\" content=\"summary_large_image\" \/>\n<meta name=\"twitter:label1\" content=\"Yazan:\" \/>\n\t<meta name=\"twitter:data1\" content=\"admin\" \/>\n\t<meta name=\"twitter:label2\" content=\"Tahmini okuma s\u00fcresi\" \/>\n\t<meta name=\"twitter:data2\" content=\"1 dakika\" \/>\n<script type=\"application\/ld+json\" class=\"yoast-schema-graph\">{\"@context\":\"https:\\\/\\\/schema.org\",\"@graph\":[{\"@type\":\"Article\",\"@id\":\"https:\\\/\\\/kibrisdakik.com\\\/?p=39033#article\",\"isPartOf\":{\"@id\":\"https:\\\/\\\/kibrisdakik.com\\\/?p=39033\"},\"author\":{\"name\":\"admin\",\"@id\":\"https:\\\/\\\/kibrisdakik.com\\\/#\\\/schema\\\/person\\\/9cd9d437bbb44f72b73ba127e06d8e79\"},\"headline\":\"K\u0131br\u0131s Sanat Derne\u011fi T\u00fcrk M\u00fczi\u011fi Korosu\u2019nun Bahar Konseri 24 Nisan\u2019da\",\"datePublished\":\"2024-04-20T03:54:41+00:00\",\"mainEntityOfPage\":{\"@id\":\"https:\\\/\\\/kibrisdakik.com\\\/?p=39033\"},\"wordCount\":145,\"commentCount\":0,\"image\":{\"@id\":\"https:\\\/\\\/kibrisdakik.com\\\/?p=39033#primaryimage\"},\"thumbnailUrl\":\"https:\\\/\\\/kibrisdakik.com\\\/wp-content\\\/uploads\\\/2024\\\/04\\\/kibris-sanat-dernegi-turk-muzigi-korosunun-bahar-konseri-24-nisanda-1713527630.webp.webp\",\"articleSection\":[\"Spor\"],\"inLanguage\":\"tr\",\"potentialAction\":[{\"@type\":\"CommentAction\",\"name\":\"Comment\",\"target\":[\"https:\\\/\\\/kibrisdakik.com\\\/?p=39033#respond\"]}]},{\"@type\":\"WebPage\",\"@id\":\"https:\\\/\\\/kibrisdakik.com\\\/?p=39033\",\"url\":\"https:\\\/\\\/kibrisdakik.com\\\/?p=39033\",\"name\":\"K\u0131br\u0131s Sanat Derne\u011fi T\u00fcrk M\u00fczi\u011fi Korosu\u2019nun Bahar Konseri 24 Nisan\u2019da -\",\"isPartOf\":{\"@id\":\"https:\\\/\\\/kibrisdakik.com\\\/#website\"},\"primaryImageOfPage\":{\"@id\":\"https:\\\/\\\/kibrisdakik.com\\\/?p=39033#primaryimage\"},\"image\":{\"@id\":\"https:\\\/\\\/kibrisdakik.com\\\/?p=39033#primaryimage\"},\"thumbnailUrl\":\"https:\\\/\\\/kibrisdakik.com\\\/wp-content\\\/uploads\\\/2024\\\/04\\\/kibris-sanat-dernegi-turk-muzigi-korosunun-bahar-konseri-24-nisanda-1713527630.webp.webp\",\"datePublished\":\"2024-04-20T03:54:41+00:00\",\"author\":{\"@id\":\"https:\\\/\\\/kibrisdakik.com\\\/#\\\/schema\\\/person\\\/9cd9d437bbb44f72b73ba127e06d8e79\"},\"breadcrumb\":{\"@id\":\"https:\\\/\\\/kibrisdakik.com\\\/?p=39033#breadcrumb\"},\"inLanguage\":\"tr\",\"potentialAction\":[{\"@type\":\"ReadAction\",\"target\":[\"https:\\\/\\\/kibrisdakik.com\\\/?p=39033\"]}]},{\"@type\":\"ImageObject\",\"inLanguage\":\"tr\",\"@id\":\"https:\\\/\\\/kibrisdakik.com\\\/?p=39033#primaryimage\",\"url\":\"https:\\\/\\\/kibrisdakik.com\\\/wp-content\\\/uploads\\\/2024\\\/04\\\/kibris-sanat-dernegi-turk-muzigi-korosunun-bahar-konseri-24-nisanda-1713527630.webp.webp\",\"contentUrl\":\"https:\\\/\\\/kibrisdakik.com\\\/wp-content\\\/uploads\\\/2024\\\/04\\\/kibris-sanat-dernegi-turk-muzigi-korosunun-bahar-konseri-24-nisanda-1713527630.webp.webp\",\"width\":710,\"height\":370},{\"@type\":\"BreadcrumbList\",\"@id\":\"https:\\\/\\\/kibrisdakik.com\\\/?p=39033#breadcrumb\",\"itemListElement\":[{\"@type\":\"ListItem\",\"position\":1,\"name\":\"Home\",\"item\":\"https:\\\/\\\/kibrisdakik.com\\\/\"},{\"@type\":\"ListItem\",\"position\":2,\"name\":\"K\u0131br\u0131s Sanat Derne\u011fi T\u00fcrk M\u00fczi\u011fi Korosu\u2019nun Bahar Konseri 24 Nisan\u2019da\"}]},{\"@type\":\"WebSite\",\"@id\":\"https:\\\/\\\/kibrisdakik.com\\\/#website\",\"url\":\"https:\\\/\\\/kibrisdakik.com\\\/\",\"name\":\"\",\"description\":\"Tam vaktinde haber\",\"potentialAction\":[{\"@type\":\"SearchAction\",\"target\":{\"@type\":\"EntryPoint\",\"urlTemplate\":\"https:\\\/\\\/kibrisdakik.com\\\/?s={search_term_string}\"},\"query-input\":{\"@type\":\"PropertyValueSpecification\",\"valueRequired\":true,\"valueName\":\"search_term_string\"}}],\"inLanguage\":\"tr\"},{\"@type\":\"Person\",\"@id\":\"https:\\\/\\\/kibrisdakik.com\\\/#\\\/schema\\\/person\\\/9cd9d437bbb44f72b73ba127e06d8e79\",\"name\":\"admin\",\"image\":{\"@type\":\"ImageObject\",\"inLanguage\":\"tr\",\"@id\":\"https:\\\/\\\/secure.gravatar.com\\\/avatar\\\/ccc17943b9d660506c869530f897617f7cb1c21a4bf30023f252596d83e1f007?s=96&d=mm&r=g\",\"url\":\"https:\\\/\\\/secure.gravatar.com\\\/avatar\\\/ccc17943b9d660506c869530f897617f7cb1c21a4bf30023f252596d83e1f007?s=96&d=mm&r=g\",\"contentUrl\":\"https:\\\/\\\/secure.gravatar.com\\\/avatar\\\/ccc17943b9d660506c869530f897617f7cb1c21a4bf30023f252596d83e1f007?s=96&d=mm&r=g\",\"caption\":\"admin\"},\"sameAs\":[\"https:\\\/\\\/kibrisdakik.com\"],\"url\":\"https:\\\/\\\/kibrisdakik.com\\\/?author=1\"}]}<\/script>\n<!-- \/ Yoast SEO plugin. -->","yoast_head_json":{"title":"K\u0131br\u0131s Sanat Derne\u011fi T\u00fcrk M\u00fczi\u011fi Korosu\u2019nun Bahar Konseri 24 Nisan\u2019da -","robots":{"index":"index","follow":"follow","max-snippet":"max-snippet:-1","max-image-preview":"max-image-preview:large","max-video-preview":"max-video-preview:-1"},"canonical":"https:\/\/kibrisdakik.com\/?p=39033","og_locale":"tr_TR","og_type":"article","og_title":"K\u0131br\u0131s Sanat Derne\u011fi T\u00fcrk M\u00fczi\u011fi Korosu\u2019nun Bahar Konseri 24 Nisan\u2019da -","og_description":"Dernekten yap\u0131lan yaz\u0131l\u0131 a\u00e7\u0131klamaya g\u00f6re, K\u0131br\u0131s Sanat Derne\u011fi\u2019nin, Gazima\u011fusa Belediyesi\u2019nin katk\u0131lar\u0131yla 24 Nisan \u00c7ar\u015famba g\u00fcn\u00fc saat 20.30\u2019da Rauf Raif Denkta\u015f K\u00fclt\u00fcr ve Kongre Merkezi\u2019nde (K\u00dcKOM) d\u00fczenlenecek konser, \u00fccretsiz olarak sunulacak. &nbsp; Bahar Konseri\u2019nde derne\u011fin saz heyetinin yan\u0131 s\u0131ra, K\u0131br\u0131s\u2019\u0131n yeti\u015ftirdi\u011fi sanat\u00e7\u0131lardan kemanda Kas\u0131m Eryurt, kanunda Halil Sel\u00e7uk, viyolonselde Muharrem Cemo\u011flu ve ritim gitarda Hakk\u0131 Atarkan","og_url":"https:\/\/kibrisdakik.com\/?p=39033","article_published_time":"2024-04-20T03:54:41+00:00","og_image":[{"width":710,"height":370,"url":"https:\/\/kibrisdakik.com\/wp-content\/uploads\/2024\/04\/kibris-sanat-dernegi-turk-muzigi-korosunun-bahar-konseri-24-nisanda-1713527630.webp.webp","type":"image\/webp"}],"author":"admin","twitter_card":"summary_large_image","twitter_misc":{"Yazan:":"admin","Tahmini okuma s\u00fcresi":"1 dakika"},"schema":{"@context":"https:\/\/schema.org","@graph":[{"@type":"Article","@id":"https:\/\/kibrisdakik.com\/?p=39033#article","isPartOf":{"@id":"https:\/\/kibrisdakik.com\/?p=39033"},"author":{"name":"admin","@id":"https:\/\/kibrisdakik.com\/#\/schema\/person\/9cd9d437bbb44f72b73ba127e06d8e79"},"headline":"K\u0131br\u0131s Sanat Derne\u011fi T\u00fcrk M\u00fczi\u011fi Korosu\u2019nun Bahar Konseri 24 Nisan\u2019da","datePublished":"2024-04-20T03:54:41+00:00","mainEntityOfPage":{"@id":"https:\/\/kibrisdakik.com\/?p=39033"},"wordCount":145,"commentCount":0,"image":{"@id":"https:\/\/kibrisdakik.com\/?p=39033#primaryimage"},"thumbnailUrl":"https:\/\/kibrisdakik.com\/wp-content\/uploads\/2024\/04\/kibris-sanat-dernegi-turk-muzigi-korosunun-bahar-konseri-24-nisanda-1713527630.webp.webp","articleSection":["Spor"],"inLanguage":"tr","potentialAction":[{"@type":"CommentAction","name":"Comment","target":["https:\/\/kibrisdakik.com\/?p=39033#respond"]}]},{"@type":"WebPage","@id":"https:\/\/kibrisdakik.com\/?p=39033","url":"https:\/\/kibrisdakik.com\/?p=39033","name":"K\u0131br\u0131s Sanat Derne\u011fi T\u00fcrk M\u00fczi\u011fi Korosu\u2019nun Bahar Konseri 24 Nisan\u2019da -","isPartOf":{"@id":"https:\/\/kibrisdakik.com\/#website"},"primaryImageOfPage":{"@id":"https:\/\/kibrisdakik.com\/?p=39033#primaryimage"},"image":{"@id":"https:\/\/kibrisdakik.com\/?p=39033#primaryimage"},"thumbnailUrl":"https:\/\/kibrisdakik.com\/wp-content\/uploads\/2024\/04\/kibris-sanat-dernegi-turk-muzigi-korosunun-bahar-konseri-24-nisanda-1713527630.webp.webp","datePublished":"2024-04-20T03:54:41+00:00","author":{"@id":"https:\/\/kibrisdakik.com\/#\/schema\/person\/9cd9d437bbb44f72b73ba127e06d8e79"},"breadcrumb":{"@id":"https:\/\/kibrisdakik.com\/?p=39033#breadcrumb"},"inLanguage":"tr","potentialAction":[{"@type":"ReadAction","target":["https:\/\/kibrisdakik.com\/?p=39033"]}]},{"@type":"ImageObject","inLanguage":"tr","@id":"https:\/\/kibrisdakik.com\/?p=39033#primaryimage","url":"https:\/\/kibrisdakik.com\/wp-content\/uploads\/2024\/04\/kibris-sanat-dernegi-turk-muzigi-korosunun-bahar-konseri-24-nisanda-1713527630.webp.webp","contentUrl":"https:\/\/kibrisdakik.com\/wp-content\/uploads\/2024\/04\/kibris-sanat-dernegi-turk-muzigi-korosunun-bahar-konseri-24-nisanda-1713527630.webp.webp","width":710,"height":370},{"@type":"BreadcrumbList","@id":"https:\/\/kibrisdakik.com\/?p=39033#breadcrumb","itemListElement":[{"@type":"ListItem","position":1,"name":"Home","item":"https:\/\/kibrisdakik.com\/"},{"@type":"ListItem","position":2,"name":"K\u0131br\u0131s Sanat Derne\u011fi T\u00fcrk M\u00fczi\u011fi Korosu\u2019nun Bahar Konseri 24 Nisan\u2019da"}]},{"@type":"WebSite","@id":"https:\/\/kibrisdakik.com\/#website","url":"https:\/\/kibrisdakik.com\/","name":"","description":"Tam vaktinde haber","potentialAction":[{"@type":"SearchAction","target":{"@type":"EntryPoint","urlTemplate":"https:\/\/kibrisdakik.com\/?s={search_term_string}"},"query-input":{"@type":"PropertyValueSpecification","valueRequired":true,"valueName":"search_term_string"}}],"inLanguage":"tr"},{"@type":"Person","@id":"https:\/\/kibrisdakik.com\/#\/schema\/person\/9cd9d437bbb44f72b73ba127e06d8e79","name":"admin","image":{"@type":"ImageObject","inLanguage":"tr","@id":"https:\/\/secure.gravatar.com\/avatar\/ccc17943b9d660506c869530f897617f7cb1c21a4bf30023f252596d83e1f007?s=96&d=mm&r=g","url":"https:\/\/secure.gravatar.com\/avatar\/ccc17943b9d660506c869530f897617f7cb1c21a4bf30023f252596d83e1f007?s=96&d=mm&r=g","contentUrl":"https:\/\/secure.gravatar.com\/avatar\/ccc17943b9d660506c869530f897617f7cb1c21a4bf30023f252596d83e1f007?s=96&d=mm&r=g","caption":"admin"},"sameAs":["https:\/\/kibrisdakik.com"],"url":"https:\/\/kibrisdakik.com\/?author=1"}]}},"_links":{"self":[{"href":"https:\/\/kibrisdakik.com\/index.php?rest_route=\/wp\/v2\/posts\/39033","targetHints":{"allow":["GET"]}}],"collection":[{"href":"https:\/\/kibrisdakik.com\/index.php?rest_route=\/wp\/v2\/posts"}],"about":[{"href":"https:\/\/kibrisdakik.com\/index.php?rest_route=\/wp\/v2\/types\/post"}],"author":[{"embeddable":true,"href":"https:\/\/kibrisdakik.com\/index.php?rest_route=\/wp\/v2\/users\/1"}],"replies":[{"embeddable":true,"href":"https:\/\/kibrisdakik.com\/index.php?rest_route=%2Fwp%2Fv2%2Fcomments&post=39033"}],"version-history":[{"count":0,"href":"https:\/\/kibrisdakik.com\/index.php?rest_route=\/wp\/v2\/posts\/39033\/revisions"}],"wp:featuredmedia":[{"embeddable":true,"href":"https:\/\/kibrisdakik.com\/index.php?rest_route=\/wp\/v2\/media\/39034"}],"wp:attachment":[{"href":"https:\/\/kibrisdakik.com\/index.php?rest_route=%2Fwp%2Fv2%2Fmedia&parent=39033"}],"wp:term":[{"taxonomy":"category","embeddable":true,"href":"https:\/\/kibrisdakik.com\/index.php?rest_route=%2Fwp%2Fv2%2Fcategories&post=39033"},{"taxonomy":"post_tag","embeddable":true,"href":"https:\/\/kibrisdakik.com\/index.php?rest_route=%2Fwp%2Fv2%2Ftags&post=39033"}],"curies":[{"name":"wp","href":"https:\/\/api.w.org\/{rel}","templated":true}]}}