{"id":39081,"date":"2024-04-20T11:17:51","date_gmt":"2024-04-20T11:17:51","guid":{"rendered":"https:\/\/kibrisdakik.com\/index.php\/2024\/04\/20\/polisiye-haberler-girnede-bir-apartmanin-bodrum-katinda-cikan-yanginda-araba-yandi\/"},"modified":"2024-04-20T11:17:51","modified_gmt":"2024-04-20T11:17:51","slug":"polisiye-haberler-girnede-bir-apartmanin-bodrum-katinda-cikan-yanginda-araba-yandi","status":"publish","type":"post","link":"https:\/\/kibrisdakik.com\/?p=39081","title":{"rendered":"Polisiye haberler\u2026 Girne\u2019de bir apartman\u0131n bodrum kat\u0131nda \u00e7\u0131kan yang\u0131nda araba yand\u0131"},"content":{"rendered":"<p><\/p>\n<div>\n<div class=\"mariselle-image-container center\">\n                <img loading=\"lazy\" decoding=\"async\" width=\"1280\" height=\"720\" class=\"lazy-image\" alt=\"\" sizes=\"auto, (max-width: 1280px) 100vw, 1280px\" src=\"https:\/\/brtk.net\/wp-content\/uploads\/2024\/04\/20\/itfaiye-27.jpg?ver=ae42d399e5661c4ee4a100317484ac60\" srcset=\"https:\/\/brtk.net\/wp-content\/uploads\/2024\/04\/20\/itfaiye-27.jpg?ver=ae42d399e5661c4ee4a100317484ac60 1280w, https:\/\/brtk.net\/wp-content\/uploads\/2024\/04\/20\/itfaiye-27-300x169.jpg?ver=dfe547ce842503e1f2961cfc9d259f46 300w, https:\/\/brtk.net\/wp-content\/uploads\/2024\/04\/20\/itfaiye-27-1024x576.jpg?ver=dfe547ce842503e1f2961cfc9d259f46 1024w, https:\/\/brtk.net\/wp-content\/uploads\/2024\/04\/20\/itfaiye-27-768x432.jpg?ver=dfe547ce842503e1f2961cfc9d259f46 768w\"\/>                            <\/div>\n<p>Girne \u00c7aml\u0131ca Sokak\u2019ta bulunan bir apartman\u0131n bodrum kat\u0131nda y\u0131\u011f\u0131n haldeki gazete ve karton kolilerin hen\u00fcz tespit edilemeyen sebepten dolay\u0131 yanmaya ba\u015flamas\u0131yla \u00e7\u0131kan yang\u0131nda, bir araba da hasar g\u00f6rd\u00fc.<\/p>\n<p>Polis bas\u0131n b\u00fcltenine g\u00f6re, d\u00fcn \u00e7\u0131kan yang\u0131n\u0131n bodrum katta park halinde bulunan bir araca sirayet etmesi sonucu arac\u0131n arka bagaj i\u00e7 k\u0131sm\u0131, arka lastikleri, i\u00e7 k\u0131sm\u0131 ile \u00f6n cam\u0131 yan\u0131nda, 3 \u00e7ocuk bisikleti ve apartmana ait muhtelif elektrik tesisat\u0131 ile pis su giderleri yand\u0131.<\/p>\n<p>Yang\u0131n, itfaiye ekipleri taraf\u0131ndan s\u00f6nd\u00fcr\u00fcl\u00fcrken, soru\u015fturma devam ediyor.<\/p>\n<p>\u2013 \u0130zinsiz ikamet eden 3 ki\u015fi tutukland\u0131.<\/p>\n<p>\u00d6te yandan \u00fclke genelinde d\u00fcn polisin yapt\u0131\u011f\u0131 denetim ve kontrollerde, \u00fclkede yasal stat\u00fcs\u00fc olmad\u0131\u011f\u0131 halde, ikamet izinsiz olarak ikamet etti\u011fi tespit edilen \u00fc\u00e7 ki\u015fi tutuklanarak aleyhlerinde yasal i\u015flem ba\u015flat\u0131ld\u0131.<\/p>\n<\/p><\/div>\n<p><script async\n                    defer\n                    crossorigin=\"anonymous\"\n                    src=\"https:\/\/connect.facebook.net\/tr_TR\/sdk.js#xfbml=1&#038;version=v3.3\"\n            ><\/script><\/p>\n","protected":false},"excerpt":{"rendered":"<p>Girne \u00c7aml\u0131ca Sokak\u2019ta bulunan bir apartman\u0131n bodrum kat\u0131nda y\u0131\u011f\u0131n haldeki gazete ve karton kolilerin hen\u00fcz tespit edilemeyen sebepten dolay\u0131 yanmaya ba\u015flamas\u0131yla \u00e7\u0131kan yang\u0131nda, bir araba da hasar g\u00f6rd\u00fc. Polis bas\u0131n b\u00fcltenine g\u00f6re, d\u00fcn \u00e7\u0131kan yang\u0131n\u0131n bodrum katta park halinde bulunan bir araca sirayet etmesi sonucu arac\u0131n arka bagaj i\u00e7 k\u0131sm\u0131, arka lastikleri, i\u00e7 k\u0131sm\u0131 ile<\/p>\n","protected":false},"author":1,"featured_media":39082,"comment_status":"open","ping_status":"open","sticky":false,"template":"","format":"standard","meta":{"footnotes":""},"categories":[1],"tags":[],"class_list":["post-39081","post","type-post","status-publish","format-standard","has-post-thumbnail","hentry","category-gundem"],"yoast_head":"<!-- This site is optimized with the Yoast SEO plugin v27.5 - https:\/\/yoast.com\/product\/yoast-seo-wordpress\/ -->\n<title>Polisiye haberler\u2026 Girne\u2019de bir apartman\u0131n bodrum kat\u0131nda \u00e7\u0131kan yang\u0131nda araba yand\u0131 -<\/title>\n<meta name=\"robots\" content=\"index, follow, max-snippet:-1, max-image-preview:large, max-video-preview:-1\" \/>\n<link rel=\"canonical\" href=\"https:\/\/kibrisdakik.com\/?p=39081\" \/>\n<meta property=\"og:locale\" content=\"tr_TR\" \/>\n<meta property=\"og:type\" content=\"article\" \/>\n<meta property=\"og:title\" content=\"Polisiye haberler\u2026 Girne\u2019de bir apartman\u0131n bodrum kat\u0131nda \u00e7\u0131kan yang\u0131nda araba yand\u0131 -\" \/>\n<meta property=\"og:description\" content=\"Girne \u00c7aml\u0131ca Sokak\u2019ta bulunan bir apartman\u0131n bodrum kat\u0131nda y\u0131\u011f\u0131n haldeki gazete ve karton kolilerin hen\u00fcz tespit edilemeyen sebepten dolay\u0131 yanmaya ba\u015flamas\u0131yla \u00e7\u0131kan yang\u0131nda, bir araba da hasar g\u00f6rd\u00fc. Polis bas\u0131n b\u00fcltenine g\u00f6re, d\u00fcn \u00e7\u0131kan yang\u0131n\u0131n bodrum katta park halinde bulunan bir araca sirayet etmesi sonucu arac\u0131n arka bagaj i\u00e7 k\u0131sm\u0131, arka lastikleri, i\u00e7 k\u0131sm\u0131 ile\" \/>\n<meta property=\"og:url\" content=\"https:\/\/kibrisdakik.com\/?p=39081\" \/>\n<meta property=\"article:published_time\" content=\"2024-04-20T11:17:51+00:00\" \/>\n<meta property=\"og:image\" content=\"https:\/\/kibrisdakik.com\/wp-content\/uploads\/2024\/04\/itfaiye-27-740x420.jpg\" \/>\n\t<meta property=\"og:image:width\" content=\"1280\" \/>\n\t<meta property=\"og:image:height\" content=\"720\" \/>\n\t<meta property=\"og:image:type\" content=\"image\/jpeg\" \/>\n<meta name=\"author\" content=\"admin\" \/>\n<meta name=\"twitter:card\" content=\"summary_large_image\" \/>\n<meta name=\"twitter:label1\" content=\"Yazan:\" \/>\n\t<meta name=\"twitter:data1\" content=\"admin\" \/>\n\t<meta name=\"twitter:label2\" content=\"Tahmini okuma s\u00fcresi\" \/>\n\t<meta name=\"twitter:data2\" content=\"1 dakika\" \/>\n<script type=\"application\/ld+json\" class=\"yoast-schema-graph\">{\"@context\":\"https:\\\/\\\/schema.org\",\"@graph\":[{\"@type\":\"Article\",\"@id\":\"https:\\\/\\\/kibrisdakik.com\\\/?p=39081#article\",\"isPartOf\":{\"@id\":\"https:\\\/\\\/kibrisdakik.com\\\/?p=39081\"},\"author\":{\"name\":\"admin\",\"@id\":\"https:\\\/\\\/kibrisdakik.com\\\/#\\\/schema\\\/person\\\/9cd9d437bbb44f72b73ba127e06d8e79\"},\"headline\":\"Polisiye haberler\u2026 Girne\u2019de bir apartman\u0131n bodrum kat\u0131nda \u00e7\u0131kan yang\u0131nda araba yand\u0131\",\"datePublished\":\"2024-04-20T11:17:51+00:00\",\"mainEntityOfPage\":{\"@id\":\"https:\\\/\\\/kibrisdakik.com\\\/?p=39081\"},\"wordCount\":162,\"commentCount\":0,\"image\":{\"@id\":\"https:\\\/\\\/kibrisdakik.com\\\/?p=39081#primaryimage\"},\"thumbnailUrl\":\"https:\\\/\\\/kibrisdakik.com\\\/wp-content\\\/uploads\\\/2024\\\/04\\\/itfaiye-27-740x420.jpg\",\"articleSection\":[\"G\u00fcndem\"],\"inLanguage\":\"tr\",\"potentialAction\":[{\"@type\":\"CommentAction\",\"name\":\"Comment\",\"target\":[\"https:\\\/\\\/kibrisdakik.com\\\/?p=39081#respond\"]}]},{\"@type\":\"WebPage\",\"@id\":\"https:\\\/\\\/kibrisdakik.com\\\/?p=39081\",\"url\":\"https:\\\/\\\/kibrisdakik.com\\\/?p=39081\",\"name\":\"Polisiye haberler\u2026 Girne\u2019de bir apartman\u0131n bodrum kat\u0131nda \u00e7\u0131kan yang\u0131nda araba yand\u0131 -\",\"isPartOf\":{\"@id\":\"https:\\\/\\\/kibrisdakik.com\\\/#website\"},\"primaryImageOfPage\":{\"@id\":\"https:\\\/\\\/kibrisdakik.com\\\/?p=39081#primaryimage\"},\"image\":{\"@id\":\"https:\\\/\\\/kibrisdakik.com\\\/?p=39081#primaryimage\"},\"thumbnailUrl\":\"https:\\\/\\\/kibrisdakik.com\\\/wp-content\\\/uploads\\\/2024\\\/04\\\/itfaiye-27-740x420.jpg\",\"datePublished\":\"2024-04-20T11:17:51+00:00\",\"author\":{\"@id\":\"https:\\\/\\\/kibrisdakik.com\\\/#\\\/schema\\\/person\\\/9cd9d437bbb44f72b73ba127e06d8e79\"},\"breadcrumb\":{\"@id\":\"https:\\\/\\\/kibrisdakik.com\\\/?p=39081#breadcrumb\"},\"inLanguage\":\"tr\",\"potentialAction\":[{\"@type\":\"ReadAction\",\"target\":[\"https:\\\/\\\/kibrisdakik.com\\\/?p=39081\"]}]},{\"@type\":\"ImageObject\",\"inLanguage\":\"tr\",\"@id\":\"https:\\\/\\\/kibrisdakik.com\\\/?p=39081#primaryimage\",\"url\":\"https:\\\/\\\/kibrisdakik.com\\\/wp-content\\\/uploads\\\/2024\\\/04\\\/itfaiye-27-740x420.jpg\",\"contentUrl\":\"https:\\\/\\\/kibrisdakik.com\\\/wp-content\\\/uploads\\\/2024\\\/04\\\/itfaiye-27-740x420.jpg\",\"width\":1280,\"height\":720},{\"@type\":\"BreadcrumbList\",\"@id\":\"https:\\\/\\\/kibrisdakik.com\\\/?p=39081#breadcrumb\",\"itemListElement\":[{\"@type\":\"ListItem\",\"position\":1,\"name\":\"Home\",\"item\":\"https:\\\/\\\/kibrisdakik.com\\\/\"},{\"@type\":\"ListItem\",\"position\":2,\"name\":\"Polisiye haberler\u2026 Girne\u2019de bir apartman\u0131n bodrum kat\u0131nda \u00e7\u0131kan yang\u0131nda araba yand\u0131\"}]},{\"@type\":\"WebSite\",\"@id\":\"https:\\\/\\\/kibrisdakik.com\\\/#website\",\"url\":\"https:\\\/\\\/kibrisdakik.com\\\/\",\"name\":\"\",\"description\":\"Tam vaktinde haber\",\"potentialAction\":[{\"@type\":\"SearchAction\",\"target\":{\"@type\":\"EntryPoint\",\"urlTemplate\":\"https:\\\/\\\/kibrisdakik.com\\\/?s={search_term_string}\"},\"query-input\":{\"@type\":\"PropertyValueSpecification\",\"valueRequired\":true,\"valueName\":\"search_term_string\"}}],\"inLanguage\":\"tr\"},{\"@type\":\"Person\",\"@id\":\"https:\\\/\\\/kibrisdakik.com\\\/#\\\/schema\\\/person\\\/9cd9d437bbb44f72b73ba127e06d8e79\",\"name\":\"admin\",\"image\":{\"@type\":\"ImageObject\",\"inLanguage\":\"tr\",\"@id\":\"https:\\\/\\\/secure.gravatar.com\\\/avatar\\\/ccc17943b9d660506c869530f897617f7cb1c21a4bf30023f252596d83e1f007?s=96&d=mm&r=g\",\"url\":\"https:\\\/\\\/secure.gravatar.com\\\/avatar\\\/ccc17943b9d660506c869530f897617f7cb1c21a4bf30023f252596d83e1f007?s=96&d=mm&r=g\",\"contentUrl\":\"https:\\\/\\\/secure.gravatar.com\\\/avatar\\\/ccc17943b9d660506c869530f897617f7cb1c21a4bf30023f252596d83e1f007?s=96&d=mm&r=g\",\"caption\":\"admin\"},\"sameAs\":[\"https:\\\/\\\/kibrisdakik.com\"],\"url\":\"https:\\\/\\\/kibrisdakik.com\\\/?author=1\"}]}<\/script>\n<!-- \/ Yoast SEO plugin. -->","yoast_head_json":{"title":"Polisiye haberler\u2026 Girne\u2019de bir apartman\u0131n bodrum kat\u0131nda \u00e7\u0131kan yang\u0131nda araba yand\u0131 -","robots":{"index":"index","follow":"follow","max-snippet":"max-snippet:-1","max-image-preview":"max-image-preview:large","max-video-preview":"max-video-preview:-1"},"canonical":"https:\/\/kibrisdakik.com\/?p=39081","og_locale":"tr_TR","og_type":"article","og_title":"Polisiye haberler\u2026 Girne\u2019de bir apartman\u0131n bodrum kat\u0131nda \u00e7\u0131kan yang\u0131nda araba yand\u0131 -","og_description":"Girne \u00c7aml\u0131ca Sokak\u2019ta bulunan bir apartman\u0131n bodrum kat\u0131nda y\u0131\u011f\u0131n haldeki gazete ve karton kolilerin hen\u00fcz tespit edilemeyen sebepten dolay\u0131 yanmaya ba\u015flamas\u0131yla \u00e7\u0131kan yang\u0131nda, bir araba da hasar g\u00f6rd\u00fc. Polis bas\u0131n b\u00fcltenine g\u00f6re, d\u00fcn \u00e7\u0131kan yang\u0131n\u0131n bodrum katta park halinde bulunan bir araca sirayet etmesi sonucu arac\u0131n arka bagaj i\u00e7 k\u0131sm\u0131, arka lastikleri, i\u00e7 k\u0131sm\u0131 ile","og_url":"https:\/\/kibrisdakik.com\/?p=39081","article_published_time":"2024-04-20T11:17:51+00:00","og_image":[{"width":1280,"height":720,"url":"https:\/\/kibrisdakik.com\/wp-content\/uploads\/2024\/04\/itfaiye-27-740x420.jpg","type":"image\/jpeg"}],"author":"admin","twitter_card":"summary_large_image","twitter_misc":{"Yazan:":"admin","Tahmini okuma s\u00fcresi":"1 dakika"},"schema":{"@context":"https:\/\/schema.org","@graph":[{"@type":"Article","@id":"https:\/\/kibrisdakik.com\/?p=39081#article","isPartOf":{"@id":"https:\/\/kibrisdakik.com\/?p=39081"},"author":{"name":"admin","@id":"https:\/\/kibrisdakik.com\/#\/schema\/person\/9cd9d437bbb44f72b73ba127e06d8e79"},"headline":"Polisiye haberler\u2026 Girne\u2019de bir apartman\u0131n bodrum kat\u0131nda \u00e7\u0131kan yang\u0131nda araba yand\u0131","datePublished":"2024-04-20T11:17:51+00:00","mainEntityOfPage":{"@id":"https:\/\/kibrisdakik.com\/?p=39081"},"wordCount":162,"commentCount":0,"image":{"@id":"https:\/\/kibrisdakik.com\/?p=39081#primaryimage"},"thumbnailUrl":"https:\/\/kibrisdakik.com\/wp-content\/uploads\/2024\/04\/itfaiye-27-740x420.jpg","articleSection":["G\u00fcndem"],"inLanguage":"tr","potentialAction":[{"@type":"CommentAction","name":"Comment","target":["https:\/\/kibrisdakik.com\/?p=39081#respond"]}]},{"@type":"WebPage","@id":"https:\/\/kibrisdakik.com\/?p=39081","url":"https:\/\/kibrisdakik.com\/?p=39081","name":"Polisiye haberler\u2026 Girne\u2019de bir apartman\u0131n bodrum kat\u0131nda \u00e7\u0131kan yang\u0131nda araba yand\u0131 -","isPartOf":{"@id":"https:\/\/kibrisdakik.com\/#website"},"primaryImageOfPage":{"@id":"https:\/\/kibrisdakik.com\/?p=39081#primaryimage"},"image":{"@id":"https:\/\/kibrisdakik.com\/?p=39081#primaryimage"},"thumbnailUrl":"https:\/\/kibrisdakik.com\/wp-content\/uploads\/2024\/04\/itfaiye-27-740x420.jpg","datePublished":"2024-04-20T11:17:51+00:00","author":{"@id":"https:\/\/kibrisdakik.com\/#\/schema\/person\/9cd9d437bbb44f72b73ba127e06d8e79"},"breadcrumb":{"@id":"https:\/\/kibrisdakik.com\/?p=39081#breadcrumb"},"inLanguage":"tr","potentialAction":[{"@type":"ReadAction","target":["https:\/\/kibrisdakik.com\/?p=39081"]}]},{"@type":"ImageObject","inLanguage":"tr","@id":"https:\/\/kibrisdakik.com\/?p=39081#primaryimage","url":"https:\/\/kibrisdakik.com\/wp-content\/uploads\/2024\/04\/itfaiye-27-740x420.jpg","contentUrl":"https:\/\/kibrisdakik.com\/wp-content\/uploads\/2024\/04\/itfaiye-27-740x420.jpg","width":1280,"height":720},{"@type":"BreadcrumbList","@id":"https:\/\/kibrisdakik.com\/?p=39081#breadcrumb","itemListElement":[{"@type":"ListItem","position":1,"name":"Home","item":"https:\/\/kibrisdakik.com\/"},{"@type":"ListItem","position":2,"name":"Polisiye haberler\u2026 Girne\u2019de bir apartman\u0131n bodrum kat\u0131nda \u00e7\u0131kan yang\u0131nda araba yand\u0131"}]},{"@type":"WebSite","@id":"https:\/\/kibrisdakik.com\/#website","url":"https:\/\/kibrisdakik.com\/","name":"","description":"Tam vaktinde haber","potentialAction":[{"@type":"SearchAction","target":{"@type":"EntryPoint","urlTemplate":"https:\/\/kibrisdakik.com\/?s={search_term_string}"},"query-input":{"@type":"PropertyValueSpecification","valueRequired":true,"valueName":"search_term_string"}}],"inLanguage":"tr"},{"@type":"Person","@id":"https:\/\/kibrisdakik.com\/#\/schema\/person\/9cd9d437bbb44f72b73ba127e06d8e79","name":"admin","image":{"@type":"ImageObject","inLanguage":"tr","@id":"https:\/\/secure.gravatar.com\/avatar\/ccc17943b9d660506c869530f897617f7cb1c21a4bf30023f252596d83e1f007?s=96&d=mm&r=g","url":"https:\/\/secure.gravatar.com\/avatar\/ccc17943b9d660506c869530f897617f7cb1c21a4bf30023f252596d83e1f007?s=96&d=mm&r=g","contentUrl":"https:\/\/secure.gravatar.com\/avatar\/ccc17943b9d660506c869530f897617f7cb1c21a4bf30023f252596d83e1f007?s=96&d=mm&r=g","caption":"admin"},"sameAs":["https:\/\/kibrisdakik.com"],"url":"https:\/\/kibrisdakik.com\/?author=1"}]}},"_links":{"self":[{"href":"https:\/\/kibrisdakik.com\/index.php?rest_route=\/wp\/v2\/posts\/39081","targetHints":{"allow":["GET"]}}],"collection":[{"href":"https:\/\/kibrisdakik.com\/index.php?rest_route=\/wp\/v2\/posts"}],"about":[{"href":"https:\/\/kibrisdakik.com\/index.php?rest_route=\/wp\/v2\/types\/post"}],"author":[{"embeddable":true,"href":"https:\/\/kibrisdakik.com\/index.php?rest_route=\/wp\/v2\/users\/1"}],"replies":[{"embeddable":true,"href":"https:\/\/kibrisdakik.com\/index.php?rest_route=%2Fwp%2Fv2%2Fcomments&post=39081"}],"version-history":[{"count":0,"href":"https:\/\/kibrisdakik.com\/index.php?rest_route=\/wp\/v2\/posts\/39081\/revisions"}],"wp:featuredmedia":[{"embeddable":true,"href":"https:\/\/kibrisdakik.com\/index.php?rest_route=\/wp\/v2\/media\/39082"}],"wp:attachment":[{"href":"https:\/\/kibrisdakik.com\/index.php?rest_route=%2Fwp%2Fv2%2Fmedia&parent=39081"}],"wp:term":[{"taxonomy":"category","embeddable":true,"href":"https:\/\/kibrisdakik.com\/index.php?rest_route=%2Fwp%2Fv2%2Fcategories&post=39081"},{"taxonomy":"post_tag","embeddable":true,"href":"https:\/\/kibrisdakik.com\/index.php?rest_route=%2Fwp%2Fv2%2Ftags&post=39081"}],"curies":[{"name":"wp","href":"https:\/\/api.w.org\/{rel}","templated":true}]}}