{"id":39085,"date":"2024-04-20T12:04:58","date_gmt":"2024-04-20T12:04:58","guid":{"rendered":"https:\/\/kibrisdakik.com\/index.php\/2024\/04\/20\/satrancta-buyuk-usta-ediz-gurel-namik-kemal-meydaninda-musabakaya-katildi\/"},"modified":"2024-04-20T12:04:58","modified_gmt":"2024-04-20T12:04:58","slug":"satrancta-buyuk-usta-ediz-gurel-namik-kemal-meydaninda-musabakaya-katildi","status":"publish","type":"post","link":"https:\/\/kibrisdakik.com\/?p=39085","title":{"rendered":"Satran\u00e7ta \u201cB\u00fcy\u00fck Usta\u201d Ediz G\u00fcrel Nam\u0131k Kemal Meydan\u0131&#039;nda m\u00fcsabakaya kat\u0131ld\u0131"},"content":{"rendered":"<p><img decoding=\"async\" src=\"https:\/\/www.kibristurk.com\/images\/haberler\/2024\/04\/satrancta-buyuk-usta-ediz-gurel-namik-kemal-meydaninda-musabakaya-katildi-1713612084.webp\" \/><\/p>\n<p style=\"text-align:left\"><span style=\"font-size:16px\"><span style=\"font-family:Merriweather,serif !important\"><span style=\"color:#000000\"><span style=\"background-color:#ffffff\"><span style=\"font-size:16px !important\"><span style=\"font-family:Merriweather,serif !important\"><span style=\"color:#000000 !important\">16 ya\u015f\u0131ndayken \u201cGrand Master\u201d olan Ediz G\u00fcrel, Gazima\u011fusa Nam\u0131k Kemal Meydan\u0131\u2019nda Cortado Sertbay Satran\u00e7 Akademi sporcular\u0131 ile simultane satran\u00e7 m\u00fcsabakas\u0131 yapt\u0131.<\/span><\/span><\/span><\/span><\/span><\/span><\/span><\/p>\n<p style=\"text-align:left\"><span style=\"font-size:16px\"><span style=\"font-family:Merriweather,serif !important\"><span style=\"color:#000000\"><span style=\"background-color:#ffffff\"><span style=\"font-size:16px !important\"><span style=\"font-family:Merriweather,serif !important\"><span style=\"color:#000000 !important\">Ayn\u0131 anda 30 sporcu ile simultane m\u00fcsabaka ger\u00e7ekle\u015ftiren Ediz G\u00fcrel, m\u00fcsabaka \u00f6ncesinde BRT\u2019ye konu\u015ftu. Kuzey K\u0131br\u0131s T\u00fcrk Cumhuriyeti\u2019nde bulunmaktan dolay\u0131 duydu\u011fu heyecan\u0131 dile getiren G\u00fcrel, satran\u00e7\u00e7\u0131lar\u0131n ilgisinden memnun kald\u0131\u011f\u0131n\u0131 belirtti.<\/span><\/span><\/span><\/span><\/span><\/span><\/span><\/p>\n","protected":false},"excerpt":{"rendered":"<p>16 ya\u015f\u0131ndayken \u201cGrand Master\u201d olan Ediz G\u00fcrel, Gazima\u011fusa Nam\u0131k Kemal Meydan\u0131\u2019nda Cortado Sertbay Satran\u00e7 Akademi sporcular\u0131 ile simultane satran\u00e7 m\u00fcsabakas\u0131 yapt\u0131. Ayn\u0131 anda 30 sporcu ile simultane m\u00fcsabaka ger\u00e7ekle\u015ftiren Ediz G\u00fcrel, m\u00fcsabaka \u00f6ncesinde BRT\u2019ye konu\u015ftu. Kuzey K\u0131br\u0131s T\u00fcrk Cumhuriyeti\u2019nde bulunmaktan dolay\u0131 duydu\u011fu heyecan\u0131 dile getiren G\u00fcrel, satran\u00e7\u00e7\u0131lar\u0131n ilgisinden memnun kald\u0131\u011f\u0131n\u0131 belirtti.<\/p>\n","protected":false},"author":1,"featured_media":39086,"comment_status":"open","ping_status":"open","sticky":false,"template":"","format":"standard","meta":{"footnotes":""},"categories":[85],"tags":[],"class_list":["post-39085","post","type-post","status-publish","format-standard","has-post-thumbnail","hentry","category-spor"],"yoast_head":"<!-- This site is optimized with the Yoast SEO plugin v27.5 - https:\/\/yoast.com\/product\/yoast-seo-wordpress\/ -->\n<title>Satran\u00e7ta \u201cB\u00fcy\u00fck Usta\u201d Ediz G\u00fcrel Nam\u0131k Kemal Meydan\u0131&#039;nda m\u00fcsabakaya kat\u0131ld\u0131 -<\/title>\n<meta name=\"robots\" content=\"index, follow, max-snippet:-1, max-image-preview:large, max-video-preview:-1\" \/>\n<link rel=\"canonical\" href=\"https:\/\/kibrisdakik.com\/?p=39085\" \/>\n<meta property=\"og:locale\" content=\"tr_TR\" \/>\n<meta property=\"og:type\" content=\"article\" \/>\n<meta property=\"og:title\" content=\"Satran\u00e7ta \u201cB\u00fcy\u00fck Usta\u201d Ediz G\u00fcrel Nam\u0131k Kemal Meydan\u0131&#039;nda m\u00fcsabakaya kat\u0131ld\u0131 -\" \/>\n<meta property=\"og:description\" content=\"16 ya\u015f\u0131ndayken \u201cGrand Master\u201d olan Ediz G\u00fcrel, Gazima\u011fusa Nam\u0131k Kemal Meydan\u0131\u2019nda Cortado Sertbay Satran\u00e7 Akademi sporcular\u0131 ile simultane satran\u00e7 m\u00fcsabakas\u0131 yapt\u0131. Ayn\u0131 anda 30 sporcu ile simultane m\u00fcsabaka ger\u00e7ekle\u015ftiren Ediz G\u00fcrel, m\u00fcsabaka \u00f6ncesinde BRT\u2019ye konu\u015ftu. Kuzey K\u0131br\u0131s T\u00fcrk Cumhuriyeti\u2019nde bulunmaktan dolay\u0131 duydu\u011fu heyecan\u0131 dile getiren G\u00fcrel, satran\u00e7\u00e7\u0131lar\u0131n ilgisinden memnun kald\u0131\u011f\u0131n\u0131 belirtti.\" \/>\n<meta property=\"og:url\" content=\"https:\/\/kibrisdakik.com\/?p=39085\" \/>\n<meta property=\"article:published_time\" content=\"2024-04-20T12:04:58+00:00\" \/>\n<meta property=\"og:image\" content=\"https:\/\/kibrisdakik.com\/wp-content\/uploads\/2024\/04\/satrancta-buyuk-usta-ediz-gurel-namik-kemal-meydaninda-musabakaya-katildi-1713612084.webp.webp\" \/>\n\t<meta property=\"og:image:width\" content=\"710\" \/>\n\t<meta property=\"og:image:height\" content=\"370\" \/>\n\t<meta property=\"og:image:type\" content=\"image\/webp\" \/>\n<meta name=\"author\" content=\"admin\" \/>\n<meta name=\"twitter:card\" content=\"summary_large_image\" \/>\n<meta name=\"twitter:label1\" content=\"Yazan:\" \/>\n\t<meta name=\"twitter:data1\" content=\"admin\" \/>\n<script type=\"application\/ld+json\" class=\"yoast-schema-graph\">{\"@context\":\"https:\\\/\\\/schema.org\",\"@graph\":[{\"@type\":\"Article\",\"@id\":\"https:\\\/\\\/kibrisdakik.com\\\/?p=39085#article\",\"isPartOf\":{\"@id\":\"https:\\\/\\\/kibrisdakik.com\\\/?p=39085\"},\"author\":{\"name\":\"admin\",\"@id\":\"https:\\\/\\\/kibrisdakik.com\\\/#\\\/schema\\\/person\\\/9cd9d437bbb44f72b73ba127e06d8e79\"},\"headline\":\"Satran\u00e7ta \u201cB\u00fcy\u00fck Usta\u201d Ediz G\u00fcrel Nam\u0131k Kemal Meydan\u0131&#039;nda m\u00fcsabakaya kat\u0131ld\u0131\",\"datePublished\":\"2024-04-20T12:04:58+00:00\",\"mainEntityOfPage\":{\"@id\":\"https:\\\/\\\/kibrisdakik.com\\\/?p=39085\"},\"wordCount\":89,\"commentCount\":0,\"image\":{\"@id\":\"https:\\\/\\\/kibrisdakik.com\\\/?p=39085#primaryimage\"},\"thumbnailUrl\":\"https:\\\/\\\/kibrisdakik.com\\\/wp-content\\\/uploads\\\/2024\\\/04\\\/satrancta-buyuk-usta-ediz-gurel-namik-kemal-meydaninda-musabakaya-katildi-1713612084.webp.webp\",\"articleSection\":[\"Spor\"],\"inLanguage\":\"tr\",\"potentialAction\":[{\"@type\":\"CommentAction\",\"name\":\"Comment\",\"target\":[\"https:\\\/\\\/kibrisdakik.com\\\/?p=39085#respond\"]}]},{\"@type\":\"WebPage\",\"@id\":\"https:\\\/\\\/kibrisdakik.com\\\/?p=39085\",\"url\":\"https:\\\/\\\/kibrisdakik.com\\\/?p=39085\",\"name\":\"Satran\u00e7ta \u201cB\u00fcy\u00fck Usta\u201d Ediz G\u00fcrel Nam\u0131k Kemal Meydan\u0131&#039;nda m\u00fcsabakaya kat\u0131ld\u0131 -\",\"isPartOf\":{\"@id\":\"https:\\\/\\\/kibrisdakik.com\\\/#website\"},\"primaryImageOfPage\":{\"@id\":\"https:\\\/\\\/kibrisdakik.com\\\/?p=39085#primaryimage\"},\"image\":{\"@id\":\"https:\\\/\\\/kibrisdakik.com\\\/?p=39085#primaryimage\"},\"thumbnailUrl\":\"https:\\\/\\\/kibrisdakik.com\\\/wp-content\\\/uploads\\\/2024\\\/04\\\/satrancta-buyuk-usta-ediz-gurel-namik-kemal-meydaninda-musabakaya-katildi-1713612084.webp.webp\",\"datePublished\":\"2024-04-20T12:04:58+00:00\",\"author\":{\"@id\":\"https:\\\/\\\/kibrisdakik.com\\\/#\\\/schema\\\/person\\\/9cd9d437bbb44f72b73ba127e06d8e79\"},\"breadcrumb\":{\"@id\":\"https:\\\/\\\/kibrisdakik.com\\\/?p=39085#breadcrumb\"},\"inLanguage\":\"tr\",\"potentialAction\":[{\"@type\":\"ReadAction\",\"target\":[\"https:\\\/\\\/kibrisdakik.com\\\/?p=39085\"]}]},{\"@type\":\"ImageObject\",\"inLanguage\":\"tr\",\"@id\":\"https:\\\/\\\/kibrisdakik.com\\\/?p=39085#primaryimage\",\"url\":\"https:\\\/\\\/kibrisdakik.com\\\/wp-content\\\/uploads\\\/2024\\\/04\\\/satrancta-buyuk-usta-ediz-gurel-namik-kemal-meydaninda-musabakaya-katildi-1713612084.webp.webp\",\"contentUrl\":\"https:\\\/\\\/kibrisdakik.com\\\/wp-content\\\/uploads\\\/2024\\\/04\\\/satrancta-buyuk-usta-ediz-gurel-namik-kemal-meydaninda-musabakaya-katildi-1713612084.webp.webp\",\"width\":710,\"height\":370},{\"@type\":\"BreadcrumbList\",\"@id\":\"https:\\\/\\\/kibrisdakik.com\\\/?p=39085#breadcrumb\",\"itemListElement\":[{\"@type\":\"ListItem\",\"position\":1,\"name\":\"Home\",\"item\":\"https:\\\/\\\/kibrisdakik.com\\\/\"},{\"@type\":\"ListItem\",\"position\":2,\"name\":\"Satran\u00e7ta \u201cB\u00fcy\u00fck Usta\u201d Ediz G\u00fcrel Nam\u0131k Kemal Meydan\u0131&#039;nda m\u00fcsabakaya kat\u0131ld\u0131\"}]},{\"@type\":\"WebSite\",\"@id\":\"https:\\\/\\\/kibrisdakik.com\\\/#website\",\"url\":\"https:\\\/\\\/kibrisdakik.com\\\/\",\"name\":\"\",\"description\":\"Tam vaktinde haber\",\"potentialAction\":[{\"@type\":\"SearchAction\",\"target\":{\"@type\":\"EntryPoint\",\"urlTemplate\":\"https:\\\/\\\/kibrisdakik.com\\\/?s={search_term_string}\"},\"query-input\":{\"@type\":\"PropertyValueSpecification\",\"valueRequired\":true,\"valueName\":\"search_term_string\"}}],\"inLanguage\":\"tr\"},{\"@type\":\"Person\",\"@id\":\"https:\\\/\\\/kibrisdakik.com\\\/#\\\/schema\\\/person\\\/9cd9d437bbb44f72b73ba127e06d8e79\",\"name\":\"admin\",\"image\":{\"@type\":\"ImageObject\",\"inLanguage\":\"tr\",\"@id\":\"https:\\\/\\\/secure.gravatar.com\\\/avatar\\\/ccc17943b9d660506c869530f897617f7cb1c21a4bf30023f252596d83e1f007?s=96&d=mm&r=g\",\"url\":\"https:\\\/\\\/secure.gravatar.com\\\/avatar\\\/ccc17943b9d660506c869530f897617f7cb1c21a4bf30023f252596d83e1f007?s=96&d=mm&r=g\",\"contentUrl\":\"https:\\\/\\\/secure.gravatar.com\\\/avatar\\\/ccc17943b9d660506c869530f897617f7cb1c21a4bf30023f252596d83e1f007?s=96&d=mm&r=g\",\"caption\":\"admin\"},\"sameAs\":[\"https:\\\/\\\/kibrisdakik.com\"],\"url\":\"https:\\\/\\\/kibrisdakik.com\\\/?author=1\"}]}<\/script>\n<!-- \/ Yoast SEO plugin. -->","yoast_head_json":{"title":"Satran\u00e7ta \u201cB\u00fcy\u00fck Usta\u201d Ediz G\u00fcrel Nam\u0131k Kemal Meydan\u0131&#039;nda m\u00fcsabakaya kat\u0131ld\u0131 -","robots":{"index":"index","follow":"follow","max-snippet":"max-snippet:-1","max-image-preview":"max-image-preview:large","max-video-preview":"max-video-preview:-1"},"canonical":"https:\/\/kibrisdakik.com\/?p=39085","og_locale":"tr_TR","og_type":"article","og_title":"Satran\u00e7ta \u201cB\u00fcy\u00fck Usta\u201d Ediz G\u00fcrel Nam\u0131k Kemal Meydan\u0131&#039;nda m\u00fcsabakaya kat\u0131ld\u0131 -","og_description":"16 ya\u015f\u0131ndayken \u201cGrand Master\u201d olan Ediz G\u00fcrel, Gazima\u011fusa Nam\u0131k Kemal Meydan\u0131\u2019nda Cortado Sertbay Satran\u00e7 Akademi sporcular\u0131 ile simultane satran\u00e7 m\u00fcsabakas\u0131 yapt\u0131. Ayn\u0131 anda 30 sporcu ile simultane m\u00fcsabaka ger\u00e7ekle\u015ftiren Ediz G\u00fcrel, m\u00fcsabaka \u00f6ncesinde BRT\u2019ye konu\u015ftu. Kuzey K\u0131br\u0131s T\u00fcrk Cumhuriyeti\u2019nde bulunmaktan dolay\u0131 duydu\u011fu heyecan\u0131 dile getiren G\u00fcrel, satran\u00e7\u00e7\u0131lar\u0131n ilgisinden memnun kald\u0131\u011f\u0131n\u0131 belirtti.","og_url":"https:\/\/kibrisdakik.com\/?p=39085","article_published_time":"2024-04-20T12:04:58+00:00","og_image":[{"width":710,"height":370,"url":"https:\/\/kibrisdakik.com\/wp-content\/uploads\/2024\/04\/satrancta-buyuk-usta-ediz-gurel-namik-kemal-meydaninda-musabakaya-katildi-1713612084.webp.webp","type":"image\/webp"}],"author":"admin","twitter_card":"summary_large_image","twitter_misc":{"Yazan:":"admin"},"schema":{"@context":"https:\/\/schema.org","@graph":[{"@type":"Article","@id":"https:\/\/kibrisdakik.com\/?p=39085#article","isPartOf":{"@id":"https:\/\/kibrisdakik.com\/?p=39085"},"author":{"name":"admin","@id":"https:\/\/kibrisdakik.com\/#\/schema\/person\/9cd9d437bbb44f72b73ba127e06d8e79"},"headline":"Satran\u00e7ta \u201cB\u00fcy\u00fck Usta\u201d Ediz G\u00fcrel Nam\u0131k Kemal Meydan\u0131&#039;nda m\u00fcsabakaya kat\u0131ld\u0131","datePublished":"2024-04-20T12:04:58+00:00","mainEntityOfPage":{"@id":"https:\/\/kibrisdakik.com\/?p=39085"},"wordCount":89,"commentCount":0,"image":{"@id":"https:\/\/kibrisdakik.com\/?p=39085#primaryimage"},"thumbnailUrl":"https:\/\/kibrisdakik.com\/wp-content\/uploads\/2024\/04\/satrancta-buyuk-usta-ediz-gurel-namik-kemal-meydaninda-musabakaya-katildi-1713612084.webp.webp","articleSection":["Spor"],"inLanguage":"tr","potentialAction":[{"@type":"CommentAction","name":"Comment","target":["https:\/\/kibrisdakik.com\/?p=39085#respond"]}]},{"@type":"WebPage","@id":"https:\/\/kibrisdakik.com\/?p=39085","url":"https:\/\/kibrisdakik.com\/?p=39085","name":"Satran\u00e7ta \u201cB\u00fcy\u00fck Usta\u201d Ediz G\u00fcrel Nam\u0131k Kemal Meydan\u0131&#039;nda m\u00fcsabakaya kat\u0131ld\u0131 -","isPartOf":{"@id":"https:\/\/kibrisdakik.com\/#website"},"primaryImageOfPage":{"@id":"https:\/\/kibrisdakik.com\/?p=39085#primaryimage"},"image":{"@id":"https:\/\/kibrisdakik.com\/?p=39085#primaryimage"},"thumbnailUrl":"https:\/\/kibrisdakik.com\/wp-content\/uploads\/2024\/04\/satrancta-buyuk-usta-ediz-gurel-namik-kemal-meydaninda-musabakaya-katildi-1713612084.webp.webp","datePublished":"2024-04-20T12:04:58+00:00","author":{"@id":"https:\/\/kibrisdakik.com\/#\/schema\/person\/9cd9d437bbb44f72b73ba127e06d8e79"},"breadcrumb":{"@id":"https:\/\/kibrisdakik.com\/?p=39085#breadcrumb"},"inLanguage":"tr","potentialAction":[{"@type":"ReadAction","target":["https:\/\/kibrisdakik.com\/?p=39085"]}]},{"@type":"ImageObject","inLanguage":"tr","@id":"https:\/\/kibrisdakik.com\/?p=39085#primaryimage","url":"https:\/\/kibrisdakik.com\/wp-content\/uploads\/2024\/04\/satrancta-buyuk-usta-ediz-gurel-namik-kemal-meydaninda-musabakaya-katildi-1713612084.webp.webp","contentUrl":"https:\/\/kibrisdakik.com\/wp-content\/uploads\/2024\/04\/satrancta-buyuk-usta-ediz-gurel-namik-kemal-meydaninda-musabakaya-katildi-1713612084.webp.webp","width":710,"height":370},{"@type":"BreadcrumbList","@id":"https:\/\/kibrisdakik.com\/?p=39085#breadcrumb","itemListElement":[{"@type":"ListItem","position":1,"name":"Home","item":"https:\/\/kibrisdakik.com\/"},{"@type":"ListItem","position":2,"name":"Satran\u00e7ta \u201cB\u00fcy\u00fck Usta\u201d Ediz G\u00fcrel Nam\u0131k Kemal Meydan\u0131&#039;nda m\u00fcsabakaya kat\u0131ld\u0131"}]},{"@type":"WebSite","@id":"https:\/\/kibrisdakik.com\/#website","url":"https:\/\/kibrisdakik.com\/","name":"","description":"Tam vaktinde haber","potentialAction":[{"@type":"SearchAction","target":{"@type":"EntryPoint","urlTemplate":"https:\/\/kibrisdakik.com\/?s={search_term_string}"},"query-input":{"@type":"PropertyValueSpecification","valueRequired":true,"valueName":"search_term_string"}}],"inLanguage":"tr"},{"@type":"Person","@id":"https:\/\/kibrisdakik.com\/#\/schema\/person\/9cd9d437bbb44f72b73ba127e06d8e79","name":"admin","image":{"@type":"ImageObject","inLanguage":"tr","@id":"https:\/\/secure.gravatar.com\/avatar\/ccc17943b9d660506c869530f897617f7cb1c21a4bf30023f252596d83e1f007?s=96&d=mm&r=g","url":"https:\/\/secure.gravatar.com\/avatar\/ccc17943b9d660506c869530f897617f7cb1c21a4bf30023f252596d83e1f007?s=96&d=mm&r=g","contentUrl":"https:\/\/secure.gravatar.com\/avatar\/ccc17943b9d660506c869530f897617f7cb1c21a4bf30023f252596d83e1f007?s=96&d=mm&r=g","caption":"admin"},"sameAs":["https:\/\/kibrisdakik.com"],"url":"https:\/\/kibrisdakik.com\/?author=1"}]}},"_links":{"self":[{"href":"https:\/\/kibrisdakik.com\/index.php?rest_route=\/wp\/v2\/posts\/39085","targetHints":{"allow":["GET"]}}],"collection":[{"href":"https:\/\/kibrisdakik.com\/index.php?rest_route=\/wp\/v2\/posts"}],"about":[{"href":"https:\/\/kibrisdakik.com\/index.php?rest_route=\/wp\/v2\/types\/post"}],"author":[{"embeddable":true,"href":"https:\/\/kibrisdakik.com\/index.php?rest_route=\/wp\/v2\/users\/1"}],"replies":[{"embeddable":true,"href":"https:\/\/kibrisdakik.com\/index.php?rest_route=%2Fwp%2Fv2%2Fcomments&post=39085"}],"version-history":[{"count":0,"href":"https:\/\/kibrisdakik.com\/index.php?rest_route=\/wp\/v2\/posts\/39085\/revisions"}],"wp:featuredmedia":[{"embeddable":true,"href":"https:\/\/kibrisdakik.com\/index.php?rest_route=\/wp\/v2\/media\/39086"}],"wp:attachment":[{"href":"https:\/\/kibrisdakik.com\/index.php?rest_route=%2Fwp%2Fv2%2Fmedia&parent=39085"}],"wp:term":[{"taxonomy":"category","embeddable":true,"href":"https:\/\/kibrisdakik.com\/index.php?rest_route=%2Fwp%2Fv2%2Fcategories&post=39085"},{"taxonomy":"post_tag","embeddable":true,"href":"https:\/\/kibrisdakik.com\/index.php?rest_route=%2Fwp%2Fv2%2Ftags&post=39085"}],"curies":[{"name":"wp","href":"https:\/\/api.w.org\/{rel}","templated":true}]}}