{"id":39138,"date":"2024-04-20T20:21:24","date_gmt":"2024-04-20T20:21:24","guid":{"rendered":"https:\/\/kibrisdakik.com\/index.php\/2024\/04\/20\/basbakan-ustel-yenicami-agdelen-kulubunu-kabul-etti\/"},"modified":"2024-04-20T20:21:24","modified_gmt":"2024-04-20T20:21:24","slug":"basbakan-ustel-yenicami-agdelen-kulubunu-kabul-etti","status":"publish","type":"post","link":"https:\/\/kibrisdakik.com\/?p=39138","title":{"rendered":"Ba\u015fbakan \u00dcstel, Yenicami A\u011fdelen Kul\u00fcb\u00fc\u2019n\u00fc kabul etti"},"content":{"rendered":"<p><img decoding=\"async\" src=\"https:\/\/www.kibristurk.com\/images\/haberler\/2024\/04\/basbakan-ustel-yenicami-agdelen-kulubunu-kabul-etti-1713630429.webp\" \/><\/p>\n<p style=\"text-align:left\"><span style=\"font-size:16px\"><span style=\"font-family:Merriweather,serif !important\"><span style=\"color:#000000\"><span style=\"background-color:#ffffff\">Ba\u015fbakanl\u0131k Bas\u0131n ve Halkla \u0130li\u015fkiler M\u00fcd\u00fcrl\u00fc\u011f\u00fc\u2019n\u00fcn a\u00e7\u0131klamas\u0131na g\u00f6re, kabulde konu\u015fan Ba\u015fbakan \u00dcnal \u00dcstel; \u201c1970\u2019li y\u0131llardan itibaren Lefko\u015fa\u2019n\u0131n \u00f6nde gelen spor kul\u00fcplerinden biri olan Yenicami A\u011fdelen Kul\u00fcb\u00fc\u2019n\u00fc a\u011f\u0131rlamak bizlere mutluluk veren bir olayd\u0131r. Yenicami A\u011fdelen Kul\u00fcb\u00fc \u00fclkemiz futbol tak\u0131mlar\u0131n\u0131n \u00f6n\u00fcn\u00fc a\u00e7an, yol g\u00f6steren nadide kul\u00fcplerden biridir. Bu kul\u00fcb\u00fcm\u00fcz\u00fcn ba\u015far\u0131l\u0131 olmas\u0131 taraftarlar\u0131n\u0131 mutlu edece\u011fi gibi bizleri de mutlu edecektir. G\u00f6revde bulunan Ba\u015fkan Ahmet Gen\u00e7osman ve y\u00f6netim kuruluna ba\u015far\u0131lar diliyorum&#8221; dedi.<\/span><\/span><\/span><\/span><\/p>\n<p style=\"text-align:left\">&nbsp;<\/p>\n<p style=\"text-align:left\"><span style=\"font-size:16px\"><span style=\"font-family:Merriweather,serif !important\"><span style=\"color:#000000\"><span style=\"background-color:#ffffff\">H\u00fck\u00fcmet olarak Yenicami A\u011fdelen Kul\u00fcb\u00fc gibi \u00fclkede bulunan t\u00fcm kul\u00fcplere gereken deste\u011fin verildi\u011fini belirten Ba\u015fbakan \u00dcnal \u00dcstel, \u015f\u00f6yle konu\u015ftu:<\/span><\/span><\/span><\/span><\/p>\n<p style=\"text-align:left\"><span style=\"font-size:16px\"><span style=\"font-family:Merriweather,serif !important\"><span style=\"color:#000000\"><span style=\"background-color:#ffffff\">&#8220;\u0130nan\u0131yoruz ki h\u00fck\u00fcmetimizin kul\u00fcplere verece\u011fi desteklerle \u00fclkemizdeki futbolda \u00e7ok daha iyi seviyeye \u00e7\u0131kar\u0131lacakt\u0131r. H\u00fck\u00fcmetimiz sadece futbola destek vermekte kalmamakta \u00fclkede var olan her \u00e7e\u015fit spor alan\u0131na da katk\u0131 sa\u011flamaktad\u0131r. Amac\u0131m\u0131z \u00fclke gen\u00e7li\u011fimizi spora y\u00f6nlendirmektir. Dile\u011fimiz sporla u\u011fra\u015fan gen\u00e7 bir nesil yaratmakt\u0131r. Bir \u00fclkenin sporla u\u011fra\u015fan genci ne kadar fazla olursa, o \u00fclkenin de gelece\u011fi o kadar ayd\u0131nl\u0131k olur. Sporla u\u011fra\u015fan gen\u00e7ler ba\u015far\u0131y\u0131 isteyen, ba\u015far\u0131l\u0131 olabilmek i\u00e7in elinden geleni yapan gen\u00e7lerdir ve bu gen\u00e7lerin spordan kaynakl\u0131 kazand\u0131klar\u0131 bu al\u0131\u015fkanl\u0131k bir \u00fclkenin gelece\u011fi i\u00e7in \u00e7ok \u00f6nemli bir durumdur.\u201d<\/span><\/span><\/span><\/span><\/p>\n<p style=\"text-align:left\"><span style=\"font-size:16px\"><span style=\"font-family:Merriweather,serif !important\"><span style=\"color:#000000\"><span style=\"background-color:#ffffff\">-\u201cYusuf Kaptan Sahas\u0131 yenilenecek\u201d<\/span><\/span><\/span><\/span><\/p>\n<p style=\"text-align:left\"><span style=\"font-size:16px\"><span style=\"font-family:Merriweather,serif !important\"><span style=\"color:#000000\"><span style=\"background-color:#ffffff\">Zaman zaman spor kul\u00fcpleri ile bir araya gelerek ya\u015fad\u0131klar\u0131 sorunlar hakk\u0131nda bilgi ald\u0131klar\u0131n\u0131 ifade eden Ba\u015fkan \u00dcnal \u00dcstel, \u201cYenicami A\u011fdelen Kul\u00fcb\u00fc\u2019n\u00fcn taraf\u0131m\u0131za yapm\u0131\u015f oldu\u011fu talep \u00fczerine Yusuf Kaptan Sahas\u0131\u2019n\u0131n ke\u015fif raporu haz\u0131rlanarak eksiklikler saptanm\u0131\u015ft\u0131r. \u0130lk etapta Yusuf Kaptan Sahas\u0131\u2019n\u0131n zemini yenilecek sonras\u0131nda da kalan eksiklikler giderilecektir. Bu vesileyle Ba\u015fbakanl\u0131k olarak Yusuf Kaptan Sahas\u0131\u2019n\u0131n zeminin tamamlamas\u0131 i\u00e7in gereken deste\u011fi verece\u011fimizi buradan bir kez daha belirtmek isterim\u201d dedi.<\/span><\/span><\/span><\/span><\/p>\n<p style=\"text-align:left\"><span style=\"font-size:16px\"><span style=\"font-family:Merriweather,serif !important\"><span style=\"color:#000000\"><span style=\"background-color:#ffffff\">-Gen\u00e7osman<\/span><\/span><\/span><\/span><\/p>\n<p style=\"text-align:left\"><span style=\"font-size:16px\"><span style=\"font-family:Merriweather,serif !important\"><span style=\"color:#000000\"><span style=\"background-color:#ffffff\">Yenicami A\u011fdelen Kul\u00fcb\u00fc Ba\u015fkan\u0131 Ahmet Gen\u00e7osman da konu\u015fmas\u0131nda, Yenicami A\u011fdelen Spor Kul\u00fcb\u00fc y\u00f6netimi olarak yeni yat\u0131r\u0131mlarla \u00fclke sporunun geli\u015fmesine ve kendi kul\u00fcplerinin ba\u015far\u0131s\u0131 i\u00e7in var g\u00fc\u00e7leriyle \u00e7al\u0131\u015ft\u0131klar\u0131n\u0131 anlatt\u0131.<\/span><\/span><\/span><\/span><\/p>\n<p style=\"text-align:left\"><span style=\"font-size:16px\"><span style=\"font-family:Merriweather,serif !important\"><span style=\"color:#000000\"><span style=\"background-color:#ffffff\">Bu do\u011frultuda kul\u00fcpte tespit ettikleri eksikliklerden birinin de Yusuf Kaptan Sahas\u0131\u2019n\u0131n zeminindeki problemler oldu\u011funu belirten Gen\u00e7osman, \u015f\u00f6yle devam etti:<\/span><\/span><\/span><\/span><\/p>\n<p style=\"text-align:left\"><span style=\"font-size:16px\"><span style=\"font-family:Merriweather,serif !important\"><span style=\"color:#000000\"><span style=\"background-color:#ffffff\">\u201cBundan dolay\u0131 Yusuf Kaptan Sahas\u0131\u2019n\u0131n zeminin yeniden yap\u0131lmas\u0131 i\u00e7in Ba\u015fbakan\u0131m\u0131z \u00dcnal \u00dcstel&#8217;e talebimiz olmu\u015ftu. Ba\u015fbakan\u0131m\u0131z bu talebimizi geri \u00e7evirmeyerek, zaman kaybetmeden gereken talimat\u0131 vermi\u015ftir. Verilen talimatla birlikte saha zeminin yenilenmesi i\u00e7in gereken \u00e7al\u0131\u015fmalar ba\u015flam\u0131\u015ft\u0131r. Bu konuda bizlere hi\u00e7 d\u00fc\u015f\u00fcnmeden destek olan Ba\u015fbakan\u0131m\u0131z \u00dcnal \u00dcstel\u2019e Kul\u00fcb\u00fcm\u00fcz y\u00f6neticileri, taraftarlar\u0131 ve sporcular\u0131 ad\u0131na te\u015fekk\u00fcr ederiz.\u201d<\/span><\/span><\/span><\/span><\/p>\n<p style=\"text-align:left\">&nbsp;<\/p>\n<p style=\"text-align:left\"><span style=\"font-size:16px\"><span style=\"font-family:Merriweather,serif !important\"><span style=\"color:#000000\"><span style=\"background-color:#ffffff\">Kabulde Ba\u015fbakan \u00dcnal \u00dcstel\u2019e spordan sorumlu Ba\u015fbakanl\u0131k M\u00fcste\u015far\u0131 H\u00fcseyin Cahito\u011flu e\u015flik etti.<\/span><\/span><\/span><\/span><\/p>\n","protected":false},"excerpt":{"rendered":"<p>Ba\u015fbakanl\u0131k Bas\u0131n ve Halkla \u0130li\u015fkiler M\u00fcd\u00fcrl\u00fc\u011f\u00fc\u2019n\u00fcn a\u00e7\u0131klamas\u0131na g\u00f6re, kabulde konu\u015fan Ba\u015fbakan \u00dcnal \u00dcstel; \u201c1970\u2019li y\u0131llardan itibaren Lefko\u015fa\u2019n\u0131n \u00f6nde gelen spor kul\u00fcplerinden biri olan Yenicami A\u011fdelen Kul\u00fcb\u00fc\u2019n\u00fc a\u011f\u0131rlamak bizlere mutluluk veren bir olayd\u0131r. Yenicami A\u011fdelen Kul\u00fcb\u00fc \u00fclkemiz futbol tak\u0131mlar\u0131n\u0131n \u00f6n\u00fcn\u00fc a\u00e7an, yol g\u00f6steren nadide kul\u00fcplerden biridir. Bu kul\u00fcb\u00fcm\u00fcz\u00fcn ba\u015far\u0131l\u0131 olmas\u0131 taraftarlar\u0131n\u0131 mutlu edece\u011fi gibi bizleri de<\/p>\n","protected":false},"author":1,"featured_media":39139,"comment_status":"open","ping_status":"open","sticky":false,"template":"","format":"standard","meta":{"footnotes":""},"categories":[79],"tags":[],"class_list":["post-39138","post","type-post","status-publish","format-standard","has-post-thumbnail","hentry","category-ekonomi"],"yoast_head":"<!-- This site is optimized with the Yoast SEO plugin v27.4 - https:\/\/yoast.com\/product\/yoast-seo-wordpress\/ -->\n<title>Ba\u015fbakan \u00dcstel, Yenicami A\u011fdelen Kul\u00fcb\u00fc\u2019n\u00fc kabul etti -<\/title>\n<meta name=\"robots\" content=\"index, follow, max-snippet:-1, max-image-preview:large, max-video-preview:-1\" \/>\n<link rel=\"canonical\" href=\"https:\/\/kibrisdakik.com\/?p=39138\" \/>\n<meta property=\"og:locale\" content=\"tr_TR\" \/>\n<meta property=\"og:type\" content=\"article\" \/>\n<meta property=\"og:title\" content=\"Ba\u015fbakan \u00dcstel, Yenicami A\u011fdelen Kul\u00fcb\u00fc\u2019n\u00fc kabul etti -\" \/>\n<meta property=\"og:description\" content=\"Ba\u015fbakanl\u0131k Bas\u0131n ve Halkla \u0130li\u015fkiler M\u00fcd\u00fcrl\u00fc\u011f\u00fc\u2019n\u00fcn a\u00e7\u0131klamas\u0131na g\u00f6re, kabulde konu\u015fan Ba\u015fbakan \u00dcnal \u00dcstel; \u201c1970\u2019li y\u0131llardan itibaren Lefko\u015fa\u2019n\u0131n \u00f6nde gelen spor kul\u00fcplerinden biri olan Yenicami A\u011fdelen Kul\u00fcb\u00fc\u2019n\u00fc a\u011f\u0131rlamak bizlere mutluluk veren bir olayd\u0131r. Yenicami A\u011fdelen Kul\u00fcb\u00fc \u00fclkemiz futbol tak\u0131mlar\u0131n\u0131n \u00f6n\u00fcn\u00fc a\u00e7an, yol g\u00f6steren nadide kul\u00fcplerden biridir. Bu kul\u00fcb\u00fcm\u00fcz\u00fcn ba\u015far\u0131l\u0131 olmas\u0131 taraftarlar\u0131n\u0131 mutlu edece\u011fi gibi bizleri de\" \/>\n<meta property=\"og:url\" content=\"https:\/\/kibrisdakik.com\/?p=39138\" \/>\n<meta property=\"article:published_time\" content=\"2024-04-20T20:21:24+00:00\" \/>\n<meta property=\"og:image\" content=\"https:\/\/kibrisdakik.com\/wp-content\/uploads\/2024\/04\/basbakan-ustel-yenicami-agdelen-kulubunu-kabul-etti-1713630429.webp.webp\" \/>\n\t<meta property=\"og:image:width\" content=\"710\" \/>\n\t<meta property=\"og:image:height\" content=\"370\" \/>\n\t<meta property=\"og:image:type\" content=\"image\/webp\" \/>\n<meta name=\"author\" content=\"admin\" \/>\n<meta name=\"twitter:card\" content=\"summary_large_image\" \/>\n<meta name=\"twitter:label1\" content=\"Yazan:\" \/>\n\t<meta name=\"twitter:data1\" content=\"admin\" \/>\n\t<meta name=\"twitter:label2\" content=\"Tahmini okuma s\u00fcresi\" \/>\n\t<meta name=\"twitter:data2\" content=\"3 dakika\" \/>\n<script type=\"application\/ld+json\" class=\"yoast-schema-graph\">{\"@context\":\"https:\\\/\\\/schema.org\",\"@graph\":[{\"@type\":\"Article\",\"@id\":\"https:\\\/\\\/kibrisdakik.com\\\/?p=39138#article\",\"isPartOf\":{\"@id\":\"https:\\\/\\\/kibrisdakik.com\\\/?p=39138\"},\"author\":{\"name\":\"admin\",\"@id\":\"https:\\\/\\\/kibrisdakik.com\\\/#\\\/schema\\\/person\\\/9cd9d437bbb44f72b73ba127e06d8e79\"},\"headline\":\"Ba\u015fbakan \u00dcstel, Yenicami A\u011fdelen Kul\u00fcb\u00fc\u2019n\u00fc kabul etti\",\"datePublished\":\"2024-04-20T20:21:24+00:00\",\"mainEntityOfPage\":{\"@id\":\"https:\\\/\\\/kibrisdakik.com\\\/?p=39138\"},\"wordCount\":562,\"commentCount\":0,\"image\":{\"@id\":\"https:\\\/\\\/kibrisdakik.com\\\/?p=39138#primaryimage\"},\"thumbnailUrl\":\"https:\\\/\\\/kibrisdakik.com\\\/wp-content\\\/uploads\\\/2024\\\/04\\\/basbakan-ustel-yenicami-agdelen-kulubunu-kabul-etti-1713630429.webp.webp\",\"articleSection\":[\"Ekonomi\"],\"inLanguage\":\"tr\",\"potentialAction\":[{\"@type\":\"CommentAction\",\"name\":\"Comment\",\"target\":[\"https:\\\/\\\/kibrisdakik.com\\\/?p=39138#respond\"]}]},{\"@type\":\"WebPage\",\"@id\":\"https:\\\/\\\/kibrisdakik.com\\\/?p=39138\",\"url\":\"https:\\\/\\\/kibrisdakik.com\\\/?p=39138\",\"name\":\"Ba\u015fbakan \u00dcstel, Yenicami A\u011fdelen Kul\u00fcb\u00fc\u2019n\u00fc kabul etti -\",\"isPartOf\":{\"@id\":\"https:\\\/\\\/kibrisdakik.com\\\/#website\"},\"primaryImageOfPage\":{\"@id\":\"https:\\\/\\\/kibrisdakik.com\\\/?p=39138#primaryimage\"},\"image\":{\"@id\":\"https:\\\/\\\/kibrisdakik.com\\\/?p=39138#primaryimage\"},\"thumbnailUrl\":\"https:\\\/\\\/kibrisdakik.com\\\/wp-content\\\/uploads\\\/2024\\\/04\\\/basbakan-ustel-yenicami-agdelen-kulubunu-kabul-etti-1713630429.webp.webp\",\"datePublished\":\"2024-04-20T20:21:24+00:00\",\"author\":{\"@id\":\"https:\\\/\\\/kibrisdakik.com\\\/#\\\/schema\\\/person\\\/9cd9d437bbb44f72b73ba127e06d8e79\"},\"breadcrumb\":{\"@id\":\"https:\\\/\\\/kibrisdakik.com\\\/?p=39138#breadcrumb\"},\"inLanguage\":\"tr\",\"potentialAction\":[{\"@type\":\"ReadAction\",\"target\":[\"https:\\\/\\\/kibrisdakik.com\\\/?p=39138\"]}]},{\"@type\":\"ImageObject\",\"inLanguage\":\"tr\",\"@id\":\"https:\\\/\\\/kibrisdakik.com\\\/?p=39138#primaryimage\",\"url\":\"https:\\\/\\\/kibrisdakik.com\\\/wp-content\\\/uploads\\\/2024\\\/04\\\/basbakan-ustel-yenicami-agdelen-kulubunu-kabul-etti-1713630429.webp.webp\",\"contentUrl\":\"https:\\\/\\\/kibrisdakik.com\\\/wp-content\\\/uploads\\\/2024\\\/04\\\/basbakan-ustel-yenicami-agdelen-kulubunu-kabul-etti-1713630429.webp.webp\",\"width\":710,\"height\":370},{\"@type\":\"BreadcrumbList\",\"@id\":\"https:\\\/\\\/kibrisdakik.com\\\/?p=39138#breadcrumb\",\"itemListElement\":[{\"@type\":\"ListItem\",\"position\":1,\"name\":\"Home\",\"item\":\"https:\\\/\\\/kibrisdakik.com\\\/\"},{\"@type\":\"ListItem\",\"position\":2,\"name\":\"Ba\u015fbakan \u00dcstel, Yenicami A\u011fdelen Kul\u00fcb\u00fc\u2019n\u00fc kabul etti\"}]},{\"@type\":\"WebSite\",\"@id\":\"https:\\\/\\\/kibrisdakik.com\\\/#website\",\"url\":\"https:\\\/\\\/kibrisdakik.com\\\/\",\"name\":\"\",\"description\":\"Tam vaktinde haber\",\"potentialAction\":[{\"@type\":\"SearchAction\",\"target\":{\"@type\":\"EntryPoint\",\"urlTemplate\":\"https:\\\/\\\/kibrisdakik.com\\\/?s={search_term_string}\"},\"query-input\":{\"@type\":\"PropertyValueSpecification\",\"valueRequired\":true,\"valueName\":\"search_term_string\"}}],\"inLanguage\":\"tr\"},{\"@type\":\"Person\",\"@id\":\"https:\\\/\\\/kibrisdakik.com\\\/#\\\/schema\\\/person\\\/9cd9d437bbb44f72b73ba127e06d8e79\",\"name\":\"admin\",\"image\":{\"@type\":\"ImageObject\",\"inLanguage\":\"tr\",\"@id\":\"https:\\\/\\\/secure.gravatar.com\\\/avatar\\\/ccc17943b9d660506c869530f897617f7cb1c21a4bf30023f252596d83e1f007?s=96&d=mm&r=g\",\"url\":\"https:\\\/\\\/secure.gravatar.com\\\/avatar\\\/ccc17943b9d660506c869530f897617f7cb1c21a4bf30023f252596d83e1f007?s=96&d=mm&r=g\",\"contentUrl\":\"https:\\\/\\\/secure.gravatar.com\\\/avatar\\\/ccc17943b9d660506c869530f897617f7cb1c21a4bf30023f252596d83e1f007?s=96&d=mm&r=g\",\"caption\":\"admin\"},\"sameAs\":[\"https:\\\/\\\/kibrisdakik.com\"],\"url\":\"https:\\\/\\\/kibrisdakik.com\\\/?author=1\"}]}<\/script>\n<!-- \/ Yoast SEO plugin. -->","yoast_head_json":{"title":"Ba\u015fbakan \u00dcstel, Yenicami A\u011fdelen Kul\u00fcb\u00fc\u2019n\u00fc kabul etti -","robots":{"index":"index","follow":"follow","max-snippet":"max-snippet:-1","max-image-preview":"max-image-preview:large","max-video-preview":"max-video-preview:-1"},"canonical":"https:\/\/kibrisdakik.com\/?p=39138","og_locale":"tr_TR","og_type":"article","og_title":"Ba\u015fbakan \u00dcstel, Yenicami A\u011fdelen Kul\u00fcb\u00fc\u2019n\u00fc kabul etti -","og_description":"Ba\u015fbakanl\u0131k Bas\u0131n ve Halkla \u0130li\u015fkiler M\u00fcd\u00fcrl\u00fc\u011f\u00fc\u2019n\u00fcn a\u00e7\u0131klamas\u0131na g\u00f6re, kabulde konu\u015fan Ba\u015fbakan \u00dcnal \u00dcstel; \u201c1970\u2019li y\u0131llardan itibaren Lefko\u015fa\u2019n\u0131n \u00f6nde gelen spor kul\u00fcplerinden biri olan Yenicami A\u011fdelen Kul\u00fcb\u00fc\u2019n\u00fc a\u011f\u0131rlamak bizlere mutluluk veren bir olayd\u0131r. Yenicami A\u011fdelen Kul\u00fcb\u00fc \u00fclkemiz futbol tak\u0131mlar\u0131n\u0131n \u00f6n\u00fcn\u00fc a\u00e7an, yol g\u00f6steren nadide kul\u00fcplerden biridir. Bu kul\u00fcb\u00fcm\u00fcz\u00fcn ba\u015far\u0131l\u0131 olmas\u0131 taraftarlar\u0131n\u0131 mutlu edece\u011fi gibi bizleri de","og_url":"https:\/\/kibrisdakik.com\/?p=39138","article_published_time":"2024-04-20T20:21:24+00:00","og_image":[{"width":710,"height":370,"url":"https:\/\/kibrisdakik.com\/wp-content\/uploads\/2024\/04\/basbakan-ustel-yenicami-agdelen-kulubunu-kabul-etti-1713630429.webp.webp","type":"image\/webp"}],"author":"admin","twitter_card":"summary_large_image","twitter_misc":{"Yazan:":"admin","Tahmini okuma s\u00fcresi":"3 dakika"},"schema":{"@context":"https:\/\/schema.org","@graph":[{"@type":"Article","@id":"https:\/\/kibrisdakik.com\/?p=39138#article","isPartOf":{"@id":"https:\/\/kibrisdakik.com\/?p=39138"},"author":{"name":"admin","@id":"https:\/\/kibrisdakik.com\/#\/schema\/person\/9cd9d437bbb44f72b73ba127e06d8e79"},"headline":"Ba\u015fbakan \u00dcstel, Yenicami A\u011fdelen Kul\u00fcb\u00fc\u2019n\u00fc kabul etti","datePublished":"2024-04-20T20:21:24+00:00","mainEntityOfPage":{"@id":"https:\/\/kibrisdakik.com\/?p=39138"},"wordCount":562,"commentCount":0,"image":{"@id":"https:\/\/kibrisdakik.com\/?p=39138#primaryimage"},"thumbnailUrl":"https:\/\/kibrisdakik.com\/wp-content\/uploads\/2024\/04\/basbakan-ustel-yenicami-agdelen-kulubunu-kabul-etti-1713630429.webp.webp","articleSection":["Ekonomi"],"inLanguage":"tr","potentialAction":[{"@type":"CommentAction","name":"Comment","target":["https:\/\/kibrisdakik.com\/?p=39138#respond"]}]},{"@type":"WebPage","@id":"https:\/\/kibrisdakik.com\/?p=39138","url":"https:\/\/kibrisdakik.com\/?p=39138","name":"Ba\u015fbakan \u00dcstel, Yenicami A\u011fdelen Kul\u00fcb\u00fc\u2019n\u00fc kabul etti -","isPartOf":{"@id":"https:\/\/kibrisdakik.com\/#website"},"primaryImageOfPage":{"@id":"https:\/\/kibrisdakik.com\/?p=39138#primaryimage"},"image":{"@id":"https:\/\/kibrisdakik.com\/?p=39138#primaryimage"},"thumbnailUrl":"https:\/\/kibrisdakik.com\/wp-content\/uploads\/2024\/04\/basbakan-ustel-yenicami-agdelen-kulubunu-kabul-etti-1713630429.webp.webp","datePublished":"2024-04-20T20:21:24+00:00","author":{"@id":"https:\/\/kibrisdakik.com\/#\/schema\/person\/9cd9d437bbb44f72b73ba127e06d8e79"},"breadcrumb":{"@id":"https:\/\/kibrisdakik.com\/?p=39138#breadcrumb"},"inLanguage":"tr","potentialAction":[{"@type":"ReadAction","target":["https:\/\/kibrisdakik.com\/?p=39138"]}]},{"@type":"ImageObject","inLanguage":"tr","@id":"https:\/\/kibrisdakik.com\/?p=39138#primaryimage","url":"https:\/\/kibrisdakik.com\/wp-content\/uploads\/2024\/04\/basbakan-ustel-yenicami-agdelen-kulubunu-kabul-etti-1713630429.webp.webp","contentUrl":"https:\/\/kibrisdakik.com\/wp-content\/uploads\/2024\/04\/basbakan-ustel-yenicami-agdelen-kulubunu-kabul-etti-1713630429.webp.webp","width":710,"height":370},{"@type":"BreadcrumbList","@id":"https:\/\/kibrisdakik.com\/?p=39138#breadcrumb","itemListElement":[{"@type":"ListItem","position":1,"name":"Home","item":"https:\/\/kibrisdakik.com\/"},{"@type":"ListItem","position":2,"name":"Ba\u015fbakan \u00dcstel, Yenicami A\u011fdelen Kul\u00fcb\u00fc\u2019n\u00fc kabul etti"}]},{"@type":"WebSite","@id":"https:\/\/kibrisdakik.com\/#website","url":"https:\/\/kibrisdakik.com\/","name":"","description":"Tam vaktinde haber","potentialAction":[{"@type":"SearchAction","target":{"@type":"EntryPoint","urlTemplate":"https:\/\/kibrisdakik.com\/?s={search_term_string}"},"query-input":{"@type":"PropertyValueSpecification","valueRequired":true,"valueName":"search_term_string"}}],"inLanguage":"tr"},{"@type":"Person","@id":"https:\/\/kibrisdakik.com\/#\/schema\/person\/9cd9d437bbb44f72b73ba127e06d8e79","name":"admin","image":{"@type":"ImageObject","inLanguage":"tr","@id":"https:\/\/secure.gravatar.com\/avatar\/ccc17943b9d660506c869530f897617f7cb1c21a4bf30023f252596d83e1f007?s=96&d=mm&r=g","url":"https:\/\/secure.gravatar.com\/avatar\/ccc17943b9d660506c869530f897617f7cb1c21a4bf30023f252596d83e1f007?s=96&d=mm&r=g","contentUrl":"https:\/\/secure.gravatar.com\/avatar\/ccc17943b9d660506c869530f897617f7cb1c21a4bf30023f252596d83e1f007?s=96&d=mm&r=g","caption":"admin"},"sameAs":["https:\/\/kibrisdakik.com"],"url":"https:\/\/kibrisdakik.com\/?author=1"}]}},"_links":{"self":[{"href":"https:\/\/kibrisdakik.com\/index.php?rest_route=\/wp\/v2\/posts\/39138","targetHints":{"allow":["GET"]}}],"collection":[{"href":"https:\/\/kibrisdakik.com\/index.php?rest_route=\/wp\/v2\/posts"}],"about":[{"href":"https:\/\/kibrisdakik.com\/index.php?rest_route=\/wp\/v2\/types\/post"}],"author":[{"embeddable":true,"href":"https:\/\/kibrisdakik.com\/index.php?rest_route=\/wp\/v2\/users\/1"}],"replies":[{"embeddable":true,"href":"https:\/\/kibrisdakik.com\/index.php?rest_route=%2Fwp%2Fv2%2Fcomments&post=39138"}],"version-history":[{"count":0,"href":"https:\/\/kibrisdakik.com\/index.php?rest_route=\/wp\/v2\/posts\/39138\/revisions"}],"wp:featuredmedia":[{"embeddable":true,"href":"https:\/\/kibrisdakik.com\/index.php?rest_route=\/wp\/v2\/media\/39139"}],"wp:attachment":[{"href":"https:\/\/kibrisdakik.com\/index.php?rest_route=%2Fwp%2Fv2%2Fmedia&parent=39138"}],"wp:term":[{"taxonomy":"category","embeddable":true,"href":"https:\/\/kibrisdakik.com\/index.php?rest_route=%2Fwp%2Fv2%2Fcategories&post=39138"},{"taxonomy":"post_tag","embeddable":true,"href":"https:\/\/kibrisdakik.com\/index.php?rest_route=%2Fwp%2Fv2%2Ftags&post=39138"}],"curies":[{"name":"wp","href":"https:\/\/api.w.org\/{rel}","templated":true}]}}