{"id":39176,"date":"2024-04-21T04:20:35","date_gmt":"2024-04-21T04:20:35","guid":{"rendered":"https:\/\/kibrisdakik.com\/index.php\/2024\/04\/21\/ktams-112-hizir-servisinde-yasanan-personel-eksikligine-dikkat-cekti\/"},"modified":"2024-04-21T04:20:35","modified_gmt":"2024-04-21T04:20:35","slug":"ktams-112-hizir-servisinde-yasanan-personel-eksikligine-dikkat-cekti","status":"publish","type":"post","link":"https:\/\/kibrisdakik.com\/?p=39176","title":{"rendered":"KTAMS, 112 H\u0131z\u0131r Servisi\u2019nde ya\u015fanan personel eksikli\u011fine dikkat \u00e7ekti"},"content":{"rendered":"<p><img decoding=\"async\" src=\"https:\/\/www.kibristurk.com\/images\/haberler\/2024\/04\/ktams-112-hizir-servisinde-yasanan-personel-eksikligine-dikkat-cekti-1713524418.webp\" \/><\/p>\n<p style=\"text-align:left\"><span style=\"font-size:16px\"><span style=\"font-family:Merriweather,serif !important\"><span style=\"color:#000000\"><span style=\"background-color:#ffffff\"><span style=\"font-size:12pt\"><span style=\"font-family:Merriweather,serif !important\"><span style=\"color:#000000 !important\">KTAMS Ba\u015fkan\u0131 G\u00fcven Bengihan yapt\u0131\u011f\u0131 konu\u015fmada, 112 H\u0131z\u0131r Servisi\u2019nin, sa\u011fl\u0131k hizmetlerinin en \u00f6nemli g\u00f6rev yerlerinden biri oldu\u011funu ifade ederek, \u00e7al\u0131\u015fanlar\u0131n, artan n\u00fcfusa ve personel eksikli\u011fine ra\u011fmen b\u00fcy\u00fck fedak\u00e2rl\u0131klar g\u00f6sterdi\u011fini belirtti.<\/span><\/span><\/span><\/span><\/span><\/span><\/span><\/p>\n<p style=\"text-align:left\"><span style=\"font-size:16px\"><span style=\"font-family:Merriweather,serif !important\"><span style=\"color:#000000\"><span style=\"background-color:#ffffff\">Ambulanslar\u0131n hastalara yeti\u015febilme noktas\u0131nda \u00e7ok h\u0131zl\u0131 hareket ve an\u0131nda m\u00fcdahale etme gereklili\u011fine i\u015faret eden Bengihan, bunun personelle do\u011frudan alakal\u0131 oldu\u011funu s\u00f6yledi.<\/span><\/span><\/span><\/span><\/p>\n<p style=\"text-align:left\"><span style=\"font-size:16px\"><span style=\"font-family:Merriweather,serif !important\"><span style=\"color:#000000\"><span style=\"background-color:#ffffff\">112 H\u0131z\u0131r Servisi\u2019ndeki personel ihtiyac\u0131na y\u00f6nelik defalarca a\u00e7\u0131klama yapt\u0131klar\u0131n\u0131 dile getiren G\u00fcven Bengihan, Sa\u011fl\u0131k Bakan\u0131na personel say\u0131s\u0131n\u0131 g\u00fc\u00e7lendirme \u00e7a\u011fr\u0131s\u0131 yapt\u0131klar\u0131n\u0131 hat\u0131rlatt\u0131. Bengihan, \u201cBuras\u0131n\u0131n ertelenemeyen, \u00f6telenemeyen bir durumu vard\u0131r\u201d dedi.<\/span><\/span><\/span><\/span><\/p>\n<p style=\"text-align:left\"><span style=\"font-size:16px\"><span style=\"font-family:Merriweather,serif !important\"><span style=\"color:#000000\"><span style=\"background-color:#ffffff\">\u201cServiste personel eksikli\u011fi ya\u015fan\u0131rken, Ba\u015fbakan taraf\u0131ndan bir \u00e7al\u0131\u015fan\u0131n mesai saatleri i\u00e7erisinde \u00e7al\u0131\u015faca\u011f\u0131 talimat\u0131 geldi\u011fini\u201d iddia eden Bengihan, bunun \u00e7al\u0131\u015fma bar\u0131\u015f\u0131n\u0131 bozdu\u011funu ve halk\u0131n alaca\u011f\u0131 sa\u011fl\u0131k hizmetine yeti\u015fme noktas\u0131nda eksik olan personel say\u0131s\u0131n\u0131 negatif y\u00f6nde etkiledi\u011fini s\u00f6yledi.<\/span><\/span><\/span><\/span><\/p>\n<p style=\"text-align:left\"><span style=\"font-size:16px\"><span style=\"font-family:Merriweather,serif !important\"><span style=\"color:#000000\"><span style=\"background-color:#ffffff\">\u201cHi\u00e7 mi umurunuzda de\u011fil? \u0130nsan sa\u011fl\u0131\u011f\u0131ndan daha \u00f6nemli ne olabilir ki?\u201d sorular\u0131n\u0131 soran KTAMS Ba\u015fkan\u0131 Bengihan, \u201cSiyasi menfaatler, partizanca uygulamalar kabul edilemez\u201d dedi. 112 H\u0131z\u0131r Servisi\u2019nde vardiya \u00e7al\u0131\u015f\u0131ld\u0131\u011f\u0131n\u0131 ifade eden Bengihan, servisten birilerinin ayr\u0131lmas\u0131n\u0131n, \u201cayr\u0131mc\u0131l\u0131k ve adaletsizlik\u201d oldu\u011funu kaydetti.<\/span><\/span><\/span><\/span><\/p>\n<p style=\"text-align:left\"><span style=\"font-size:16px\"><span style=\"font-family:Merriweather,serif !important\"><span style=\"color:#000000\"><span style=\"background-color:#ffffff\">Sa\u011fl\u0131k Bakan\u0131na ele\u015ftirilerde bulunan Bengihan, \u201cBar\u0131\u015f, Ruh ve Sinir Hastal\u0131klar\u0131 Hastanesi\u2019nde personel eksikli\u011fi olmas\u0131na kar\u015f\u0131n bir ki\u015finin i\u015f at\u00f6lyesinde mesai \u00e7al\u0131\u015fmaya g\u00f6revlendirildi\u011fini\u201d savundu.<\/span><\/span><\/span><\/span><\/p>\n<p style=\"text-align:left\"><span style=\"font-size:16px\"><span style=\"font-family:Merriweather,serif !important\"><span style=\"color:#000000\"><span style=\"background-color:#ffffff\">-\u201c\u00d6nemli olan mevcut personeli verimli kullanabilmektir\u201d<\/span><\/span><\/span><\/span><\/p>\n<p style=\"text-align:left\"><span style=\"font-size:16px\"><span style=\"font-family:Merriweather,serif !important\"><span style=\"color:#000000\"><span style=\"background-color:#ffffff\">112 H\u0131z\u0131r Servisi, Bar\u0131\u015f, Ruh ve Sinir Hastal\u0131klar\u0131 Hastanesi\u2019nin yan\u0131 s\u0131ra N\u00f6roloji Servisi ve bir\u00e7ok serviste de personel eksikli\u011fi oldu\u011funu dile getiren Bengihan, \u201c\u00d6nemli olan mevcut personeli verimli kullanabilmektir\u201d dedi.<\/span><\/span><\/span><\/span><\/p>\n<p style=\"text-align:left\"><span style=\"font-size:16px\"><span style=\"font-family:Merriweather,serif !important\"><span style=\"color:#000000\"><span style=\"background-color:#ffffff\">Halk\u0131n alaca\u011f\u0131 sa\u011fl\u0131k hizmetlerinin aksamas\u0131ndan ve birilerinin zarar g\u00f6rece\u011finden endi\u015feli olduklar\u0131n\u0131 ifade eden Bengihan, serviste, adan\u0131n genelinden gelen telefonlara tek bir ki\u015finin bakt\u0131\u011f\u0131n\u0131 s\u00f6yledi.<\/span><\/span><\/span><\/span><\/p>\n<p style=\"text-align:left\"><span style=\"font-size:16px\"><span style=\"font-family:Merriweather,serif !important\"><span style=\"color:#000000\"><span style=\"background-color:#ffffff\"><span style=\"font-size:12pt\"><span style=\"font-family:Merriweather,serif !important\"><span style=\"color:#000000 !important\">53 tane yeni hem\u015fire istihdam edildi\u011fini dile getiren Bengihan, hem\u015firelerin ihtiya\u00e7l\u0131 yerlere g\u00f6nderilmesini beklediklerini ancak N\u00f6roloji Servisi\u2019ne bir tek hem\u015fire dahi g\u00f6nderilmedi\u011fini kaydetti.<\/span><\/span><\/span><\/span><\/span><\/span><\/span><\/p>\n<p style=\"text-align:left\"><span style=\"font-size:16px\"><span style=\"font-family:Merriweather,serif !important\"><span style=\"color:#000000\"><span style=\"background-color:#ffffff\"><span style=\"font-size:12pt\"><span style=\"font-family:Merriweather,serif !important\"><span style=\"color:#000000 !important\">AMATEM\u2019de de personel ihtiyac\u0131 oldu\u011funu ifade eden Bengihan, Cengiz Topel Hastanesi\u2019ndeki 112\u2019nin kapat\u0131ld\u0131\u011f\u0131n\u0131 ve bir hem\u015firenin iki ayl\u0131\u011f\u0131na Lefko\u015fa Dr. Burhan Nalbanto\u011flu Devlet Hastanesi\u2019ne g\u00f6nderildi\u011fini savundu. Bengihan, ge\u00e7ici i\u015f\u00e7i olan Ulusal Birlik Partisi (UBP) Lefke Gen\u00e7lik Kollar\u0131 Ba\u015fkan\u0131 ve Bakan\u0131n \u00d6zel Kalem M\u00fcd\u00fcr\u00fc\u2019n\u00fcn Cengiz Topel Hastanesi\u2019ni kontrol etti\u011fini de ileri s\u00fcrd\u00fc.<\/span><\/span><\/span><\/span><\/span><\/span><\/span><\/p>\n<p style=\"text-align:left\"><span style=\"font-size:16px\"><span style=\"font-family:Merriweather,serif !important\"><span style=\"color:#000000\"><span style=\"background-color:#ffffff\">\u201cBirilerine siyaseten torpil ya da menfaat sa\u011flanacak diye insan sa\u011fl\u0131\u011f\u0131n\u0131 bu kadar g\u00f6rmezden gelemezler. Yaz\u0131klar olsun\u201d diyen KTAMS Ba\u015fkan\u0131 Bengihan, sendikalar\u0131n Nakil Kurulundan \u00e7\u0131kar\u0131lmas\u0131n\u0131 da ele\u015ftirdi.<\/span><\/span><\/span><\/span><\/p>\n<p style=\"text-align:left\"><span style=\"font-size:16px\"><span style=\"font-family:Merriweather,serif !important\"><span style=\"color:#000000\"><span style=\"background-color:#ffffff\">\u201cBug\u00fcn burada eylem ve grev yapm\u0131yorsak sadece bas\u0131n a\u00e7\u0131klamas\u0131 yap\u0131yorsak, insan sa\u011fl\u0131\u011f\u0131na verdi\u011fimiz \u00f6nem ve arkada\u015flar\u0131n g\u00f6sterdi\u011fi fedakarl\u0131k ve duyarl\u0131l\u0131ktan dolay\u0131d\u0131r\u201d diye konu\u015fan Bengihan, s\u00f6z\u00fcn bitti\u011fi yerde olduklar\u0131n\u0131 dile getirdi.<\/span><\/span><\/span><\/span><\/p>\n<p style=\"text-align:left\"><span style=\"font-size:16px\"><span style=\"font-family:Merriweather,serif !important\"><span style=\"color:#000000\"><span style=\"background-color:#ffffff\">Sa\u011fl\u0131k Bakan\u0131n\u0131n do\u011fru yolu bulmas\u0131 i\u00e7in gerekirse her hafta eylem yapacaklar\u0131n\u0131 kaydeden KTAMS Ba\u015fkan\u0131 Bengihan, Bakan\u0131n tarafs\u0131z olmas\u0131 ve ayr\u0131cal\u0131k yapmamas\u0131 gerekti\u011fini belirtti.<\/span><\/span><\/span><\/span><\/p>\n<p style=\"text-align:left\"><span style=\"font-size:16px\"><span style=\"font-family:Merriweather,serif !important\"><span style=\"color:#000000\"><span style=\"background-color:#ffffff\">-\u201c&nbsp;Artan i\u015f y\u00fck\u00fcn\u00fcn fark\u0131nda de\u011fil misiniz?\u201d<\/span><\/span><\/span><\/span><\/p>\n<p style=\"text-align:left\"><span style=\"font-size:16px\"><span style=\"font-family:Merriweather,serif !important\"><span style=\"color:#000000\"><span style=\"background-color:#ffffff\">\u00c7al\u0131\u015fanlar\u0131n\u0131n gailesinin halk\u0131n sa\u011fl\u0131k hizmetine en iyi \u015fekilde ula\u015fmas\u0131n\u0131 sa\u011flamak oldu\u011funu s\u00f6yleyen Bengihan, \u201cArtan i\u015f y\u00fck\u00fcn\u00fcn fark\u0131nda de\u011fil misiniz?\u201d diye sordu.<\/span><\/span><\/span><\/span><\/p>\n<p style=\"text-align:left\"><span style=\"font-size:16px\"><span style=\"font-family:Merriweather,serif !important\"><span style=\"color:#000000\"><span style=\"background-color:#ffffff\">KTAMS Ba\u015fkan\u0131 Bengihan bir soruya kar\u015f\u0131l\u0131k, \u201cBizim i\u00e7in isimler, partiler \u00f6nemli de\u011fildir. Bizim i\u00e7in \u00f6nemli olan halka hizmet getirecek y\u00f6neticiler olmas\u0131d\u0131r\u201d yan\u0131t\u0131n\u0131 verdi.<\/span><\/span><\/span><\/span><\/p>\n<p style=\"text-align:left\"><span style=\"font-size:16px\"><span style=\"font-family:Merriweather,serif !important\"><span style=\"color:#000000\"><span style=\"background-color:#ffffff\">112 H\u0131z\u0131r Servisleri ile ilgili yasan\u0131n Meclis\u2019te g\u00f6r\u00fc\u015f\u00fclmeye bile ba\u015flamad\u0131\u011f\u0131n\u0131 ifade eden Bengihan, \u201cYasas\u0131 olmayan bir birim\u201d dedi.<\/span><\/span><\/span><\/span><\/p>\n<p style=\"text-align:left\"><span style=\"font-size:16px\"><span style=\"font-family:Merriweather,serif !important\"><span style=\"color:#000000\"><span style=\"background-color:#ffffff\">Ba\u015fka bir soru \u00fczerine Bengihan, \u201cBu i\u015f kesin \u00e7\u00f6z\u00fcm\u00fc Sa\u011fl\u0131k Bakan\u0131n\u0131n gitmesidir\u201d diyerek, bakan\u0131n, g\u00f6reve geldi\u011finden bu yana ne dediyse tersini yapt\u0131\u011f\u0131n\u0131 iddia etti.<\/span><\/span><\/span><\/span><\/p>\n","protected":false},"excerpt":{"rendered":"<p>KTAMS Ba\u015fkan\u0131 G\u00fcven Bengihan yapt\u0131\u011f\u0131 konu\u015fmada, 112 H\u0131z\u0131r Servisi\u2019nin, sa\u011fl\u0131k hizmetlerinin en \u00f6nemli g\u00f6rev yerlerinden biri oldu\u011funu ifade ederek, \u00e7al\u0131\u015fanlar\u0131n, artan n\u00fcfusa ve personel eksikli\u011fine ra\u011fmen b\u00fcy\u00fck fedak\u00e2rl\u0131klar g\u00f6sterdi\u011fini belirtti. Ambulanslar\u0131n hastalara yeti\u015febilme noktas\u0131nda \u00e7ok h\u0131zl\u0131 hareket ve an\u0131nda m\u00fcdahale etme gereklili\u011fine i\u015faret eden Bengihan, bunun personelle do\u011frudan alakal\u0131 oldu\u011funu s\u00f6yledi. 112 H\u0131z\u0131r Servisi\u2019ndeki personel<\/p>\n","protected":false},"author":1,"featured_media":39177,"comment_status":"open","ping_status":"open","sticky":false,"template":"","format":"standard","meta":{"footnotes":""},"categories":[85],"tags":[],"class_list":["post-39176","post","type-post","status-publish","format-standard","has-post-thumbnail","hentry","category-spor"],"yoast_head":"<!-- This site is optimized with the Yoast SEO plugin v27.5 - https:\/\/yoast.com\/product\/yoast-seo-wordpress\/ -->\n<title>KTAMS, 112 H\u0131z\u0131r Servisi\u2019nde ya\u015fanan personel eksikli\u011fine dikkat \u00e7ekti -<\/title>\n<meta name=\"robots\" content=\"index, follow, max-snippet:-1, max-image-preview:large, max-video-preview:-1\" \/>\n<link rel=\"canonical\" href=\"https:\/\/kibrisdakik.com\/?p=39176\" \/>\n<meta property=\"og:locale\" content=\"tr_TR\" \/>\n<meta property=\"og:type\" content=\"article\" \/>\n<meta property=\"og:title\" content=\"KTAMS, 112 H\u0131z\u0131r Servisi\u2019nde ya\u015fanan personel eksikli\u011fine dikkat \u00e7ekti -\" \/>\n<meta property=\"og:description\" content=\"KTAMS Ba\u015fkan\u0131 G\u00fcven Bengihan yapt\u0131\u011f\u0131 konu\u015fmada, 112 H\u0131z\u0131r Servisi\u2019nin, sa\u011fl\u0131k hizmetlerinin en \u00f6nemli g\u00f6rev yerlerinden biri oldu\u011funu ifade ederek, \u00e7al\u0131\u015fanlar\u0131n, artan n\u00fcfusa ve personel eksikli\u011fine ra\u011fmen b\u00fcy\u00fck fedak\u00e2rl\u0131klar g\u00f6sterdi\u011fini belirtti. Ambulanslar\u0131n hastalara yeti\u015febilme noktas\u0131nda \u00e7ok h\u0131zl\u0131 hareket ve an\u0131nda m\u00fcdahale etme gereklili\u011fine i\u015faret eden Bengihan, bunun personelle do\u011frudan alakal\u0131 oldu\u011funu s\u00f6yledi. 112 H\u0131z\u0131r Servisi\u2019ndeki personel\" \/>\n<meta property=\"og:url\" content=\"https:\/\/kibrisdakik.com\/?p=39176\" \/>\n<meta property=\"article:published_time\" content=\"2024-04-21T04:20:35+00:00\" \/>\n<meta property=\"og:image\" content=\"https:\/\/kibrisdakik.com\/wp-content\/uploads\/2024\/04\/ktams-112-hizir-servisinde-yasanan-personel-eksikligine-dikkat-cekti-1713524418.webp.webp\" \/>\n\t<meta property=\"og:image:width\" content=\"710\" \/>\n\t<meta property=\"og:image:height\" content=\"370\" \/>\n\t<meta property=\"og:image:type\" content=\"image\/webp\" \/>\n<meta name=\"author\" content=\"admin\" \/>\n<meta name=\"twitter:card\" content=\"summary_large_image\" \/>\n<meta name=\"twitter:label1\" content=\"Yazan:\" \/>\n\t<meta name=\"twitter:data1\" content=\"admin\" \/>\n\t<meta name=\"twitter:label2\" content=\"Tahmini okuma s\u00fcresi\" \/>\n\t<meta name=\"twitter:data2\" content=\"4 dakika\" \/>\n<script type=\"application\/ld+json\" class=\"yoast-schema-graph\">{\"@context\":\"https:\\\/\\\/schema.org\",\"@graph\":[{\"@type\":\"Article\",\"@id\":\"https:\\\/\\\/kibrisdakik.com\\\/?p=39176#article\",\"isPartOf\":{\"@id\":\"https:\\\/\\\/kibrisdakik.com\\\/?p=39176\"},\"author\":{\"name\":\"admin\",\"@id\":\"https:\\\/\\\/kibrisdakik.com\\\/#\\\/schema\\\/person\\\/9cd9d437bbb44f72b73ba127e06d8e79\"},\"headline\":\"KTAMS, 112 H\u0131z\u0131r Servisi\u2019nde ya\u015fanan personel eksikli\u011fine dikkat \u00e7ekti\",\"datePublished\":\"2024-04-21T04:20:35+00:00\",\"mainEntityOfPage\":{\"@id\":\"https:\\\/\\\/kibrisdakik.com\\\/?p=39176\"},\"wordCount\":752,\"commentCount\":0,\"image\":{\"@id\":\"https:\\\/\\\/kibrisdakik.com\\\/?p=39176#primaryimage\"},\"thumbnailUrl\":\"https:\\\/\\\/kibrisdakik.com\\\/wp-content\\\/uploads\\\/2024\\\/04\\\/ktams-112-hizir-servisinde-yasanan-personel-eksikligine-dikkat-cekti-1713524418.webp.webp\",\"articleSection\":[\"Spor\"],\"inLanguage\":\"tr\",\"potentialAction\":[{\"@type\":\"CommentAction\",\"name\":\"Comment\",\"target\":[\"https:\\\/\\\/kibrisdakik.com\\\/?p=39176#respond\"]}]},{\"@type\":\"WebPage\",\"@id\":\"https:\\\/\\\/kibrisdakik.com\\\/?p=39176\",\"url\":\"https:\\\/\\\/kibrisdakik.com\\\/?p=39176\",\"name\":\"KTAMS, 112 H\u0131z\u0131r Servisi\u2019nde ya\u015fanan personel eksikli\u011fine dikkat \u00e7ekti -\",\"isPartOf\":{\"@id\":\"https:\\\/\\\/kibrisdakik.com\\\/#website\"},\"primaryImageOfPage\":{\"@id\":\"https:\\\/\\\/kibrisdakik.com\\\/?p=39176#primaryimage\"},\"image\":{\"@id\":\"https:\\\/\\\/kibrisdakik.com\\\/?p=39176#primaryimage\"},\"thumbnailUrl\":\"https:\\\/\\\/kibrisdakik.com\\\/wp-content\\\/uploads\\\/2024\\\/04\\\/ktams-112-hizir-servisinde-yasanan-personel-eksikligine-dikkat-cekti-1713524418.webp.webp\",\"datePublished\":\"2024-04-21T04:20:35+00:00\",\"author\":{\"@id\":\"https:\\\/\\\/kibrisdakik.com\\\/#\\\/schema\\\/person\\\/9cd9d437bbb44f72b73ba127e06d8e79\"},\"breadcrumb\":{\"@id\":\"https:\\\/\\\/kibrisdakik.com\\\/?p=39176#breadcrumb\"},\"inLanguage\":\"tr\",\"potentialAction\":[{\"@type\":\"ReadAction\",\"target\":[\"https:\\\/\\\/kibrisdakik.com\\\/?p=39176\"]}]},{\"@type\":\"ImageObject\",\"inLanguage\":\"tr\",\"@id\":\"https:\\\/\\\/kibrisdakik.com\\\/?p=39176#primaryimage\",\"url\":\"https:\\\/\\\/kibrisdakik.com\\\/wp-content\\\/uploads\\\/2024\\\/04\\\/ktams-112-hizir-servisinde-yasanan-personel-eksikligine-dikkat-cekti-1713524418.webp.webp\",\"contentUrl\":\"https:\\\/\\\/kibrisdakik.com\\\/wp-content\\\/uploads\\\/2024\\\/04\\\/ktams-112-hizir-servisinde-yasanan-personel-eksikligine-dikkat-cekti-1713524418.webp.webp\",\"width\":710,\"height\":370},{\"@type\":\"BreadcrumbList\",\"@id\":\"https:\\\/\\\/kibrisdakik.com\\\/?p=39176#breadcrumb\",\"itemListElement\":[{\"@type\":\"ListItem\",\"position\":1,\"name\":\"Home\",\"item\":\"https:\\\/\\\/kibrisdakik.com\\\/\"},{\"@type\":\"ListItem\",\"position\":2,\"name\":\"KTAMS, 112 H\u0131z\u0131r Servisi\u2019nde ya\u015fanan personel eksikli\u011fine dikkat \u00e7ekti\"}]},{\"@type\":\"WebSite\",\"@id\":\"https:\\\/\\\/kibrisdakik.com\\\/#website\",\"url\":\"https:\\\/\\\/kibrisdakik.com\\\/\",\"name\":\"\",\"description\":\"Tam vaktinde haber\",\"potentialAction\":[{\"@type\":\"SearchAction\",\"target\":{\"@type\":\"EntryPoint\",\"urlTemplate\":\"https:\\\/\\\/kibrisdakik.com\\\/?s={search_term_string}\"},\"query-input\":{\"@type\":\"PropertyValueSpecification\",\"valueRequired\":true,\"valueName\":\"search_term_string\"}}],\"inLanguage\":\"tr\"},{\"@type\":\"Person\",\"@id\":\"https:\\\/\\\/kibrisdakik.com\\\/#\\\/schema\\\/person\\\/9cd9d437bbb44f72b73ba127e06d8e79\",\"name\":\"admin\",\"image\":{\"@type\":\"ImageObject\",\"inLanguage\":\"tr\",\"@id\":\"https:\\\/\\\/secure.gravatar.com\\\/avatar\\\/ccc17943b9d660506c869530f897617f7cb1c21a4bf30023f252596d83e1f007?s=96&d=mm&r=g\",\"url\":\"https:\\\/\\\/secure.gravatar.com\\\/avatar\\\/ccc17943b9d660506c869530f897617f7cb1c21a4bf30023f252596d83e1f007?s=96&d=mm&r=g\",\"contentUrl\":\"https:\\\/\\\/secure.gravatar.com\\\/avatar\\\/ccc17943b9d660506c869530f897617f7cb1c21a4bf30023f252596d83e1f007?s=96&d=mm&r=g\",\"caption\":\"admin\"},\"sameAs\":[\"https:\\\/\\\/kibrisdakik.com\"],\"url\":\"https:\\\/\\\/kibrisdakik.com\\\/?author=1\"}]}<\/script>\n<!-- \/ Yoast SEO plugin. -->","yoast_head_json":{"title":"KTAMS, 112 H\u0131z\u0131r Servisi\u2019nde ya\u015fanan personel eksikli\u011fine dikkat \u00e7ekti -","robots":{"index":"index","follow":"follow","max-snippet":"max-snippet:-1","max-image-preview":"max-image-preview:large","max-video-preview":"max-video-preview:-1"},"canonical":"https:\/\/kibrisdakik.com\/?p=39176","og_locale":"tr_TR","og_type":"article","og_title":"KTAMS, 112 H\u0131z\u0131r Servisi\u2019nde ya\u015fanan personel eksikli\u011fine dikkat \u00e7ekti -","og_description":"KTAMS Ba\u015fkan\u0131 G\u00fcven Bengihan yapt\u0131\u011f\u0131 konu\u015fmada, 112 H\u0131z\u0131r Servisi\u2019nin, sa\u011fl\u0131k hizmetlerinin en \u00f6nemli g\u00f6rev yerlerinden biri oldu\u011funu ifade ederek, \u00e7al\u0131\u015fanlar\u0131n, artan n\u00fcfusa ve personel eksikli\u011fine ra\u011fmen b\u00fcy\u00fck fedak\u00e2rl\u0131klar g\u00f6sterdi\u011fini belirtti. Ambulanslar\u0131n hastalara yeti\u015febilme noktas\u0131nda \u00e7ok h\u0131zl\u0131 hareket ve an\u0131nda m\u00fcdahale etme gereklili\u011fine i\u015faret eden Bengihan, bunun personelle do\u011frudan alakal\u0131 oldu\u011funu s\u00f6yledi. 112 H\u0131z\u0131r Servisi\u2019ndeki personel","og_url":"https:\/\/kibrisdakik.com\/?p=39176","article_published_time":"2024-04-21T04:20:35+00:00","og_image":[{"width":710,"height":370,"url":"https:\/\/kibrisdakik.com\/wp-content\/uploads\/2024\/04\/ktams-112-hizir-servisinde-yasanan-personel-eksikligine-dikkat-cekti-1713524418.webp.webp","type":"image\/webp"}],"author":"admin","twitter_card":"summary_large_image","twitter_misc":{"Yazan:":"admin","Tahmini okuma s\u00fcresi":"4 dakika"},"schema":{"@context":"https:\/\/schema.org","@graph":[{"@type":"Article","@id":"https:\/\/kibrisdakik.com\/?p=39176#article","isPartOf":{"@id":"https:\/\/kibrisdakik.com\/?p=39176"},"author":{"name":"admin","@id":"https:\/\/kibrisdakik.com\/#\/schema\/person\/9cd9d437bbb44f72b73ba127e06d8e79"},"headline":"KTAMS, 112 H\u0131z\u0131r Servisi\u2019nde ya\u015fanan personel eksikli\u011fine dikkat \u00e7ekti","datePublished":"2024-04-21T04:20:35+00:00","mainEntityOfPage":{"@id":"https:\/\/kibrisdakik.com\/?p=39176"},"wordCount":752,"commentCount":0,"image":{"@id":"https:\/\/kibrisdakik.com\/?p=39176#primaryimage"},"thumbnailUrl":"https:\/\/kibrisdakik.com\/wp-content\/uploads\/2024\/04\/ktams-112-hizir-servisinde-yasanan-personel-eksikligine-dikkat-cekti-1713524418.webp.webp","articleSection":["Spor"],"inLanguage":"tr","potentialAction":[{"@type":"CommentAction","name":"Comment","target":["https:\/\/kibrisdakik.com\/?p=39176#respond"]}]},{"@type":"WebPage","@id":"https:\/\/kibrisdakik.com\/?p=39176","url":"https:\/\/kibrisdakik.com\/?p=39176","name":"KTAMS, 112 H\u0131z\u0131r Servisi\u2019nde ya\u015fanan personel eksikli\u011fine dikkat \u00e7ekti -","isPartOf":{"@id":"https:\/\/kibrisdakik.com\/#website"},"primaryImageOfPage":{"@id":"https:\/\/kibrisdakik.com\/?p=39176#primaryimage"},"image":{"@id":"https:\/\/kibrisdakik.com\/?p=39176#primaryimage"},"thumbnailUrl":"https:\/\/kibrisdakik.com\/wp-content\/uploads\/2024\/04\/ktams-112-hizir-servisinde-yasanan-personel-eksikligine-dikkat-cekti-1713524418.webp.webp","datePublished":"2024-04-21T04:20:35+00:00","author":{"@id":"https:\/\/kibrisdakik.com\/#\/schema\/person\/9cd9d437bbb44f72b73ba127e06d8e79"},"breadcrumb":{"@id":"https:\/\/kibrisdakik.com\/?p=39176#breadcrumb"},"inLanguage":"tr","potentialAction":[{"@type":"ReadAction","target":["https:\/\/kibrisdakik.com\/?p=39176"]}]},{"@type":"ImageObject","inLanguage":"tr","@id":"https:\/\/kibrisdakik.com\/?p=39176#primaryimage","url":"https:\/\/kibrisdakik.com\/wp-content\/uploads\/2024\/04\/ktams-112-hizir-servisinde-yasanan-personel-eksikligine-dikkat-cekti-1713524418.webp.webp","contentUrl":"https:\/\/kibrisdakik.com\/wp-content\/uploads\/2024\/04\/ktams-112-hizir-servisinde-yasanan-personel-eksikligine-dikkat-cekti-1713524418.webp.webp","width":710,"height":370},{"@type":"BreadcrumbList","@id":"https:\/\/kibrisdakik.com\/?p=39176#breadcrumb","itemListElement":[{"@type":"ListItem","position":1,"name":"Home","item":"https:\/\/kibrisdakik.com\/"},{"@type":"ListItem","position":2,"name":"KTAMS, 112 H\u0131z\u0131r Servisi\u2019nde ya\u015fanan personel eksikli\u011fine dikkat \u00e7ekti"}]},{"@type":"WebSite","@id":"https:\/\/kibrisdakik.com\/#website","url":"https:\/\/kibrisdakik.com\/","name":"","description":"Tam vaktinde haber","potentialAction":[{"@type":"SearchAction","target":{"@type":"EntryPoint","urlTemplate":"https:\/\/kibrisdakik.com\/?s={search_term_string}"},"query-input":{"@type":"PropertyValueSpecification","valueRequired":true,"valueName":"search_term_string"}}],"inLanguage":"tr"},{"@type":"Person","@id":"https:\/\/kibrisdakik.com\/#\/schema\/person\/9cd9d437bbb44f72b73ba127e06d8e79","name":"admin","image":{"@type":"ImageObject","inLanguage":"tr","@id":"https:\/\/secure.gravatar.com\/avatar\/ccc17943b9d660506c869530f897617f7cb1c21a4bf30023f252596d83e1f007?s=96&d=mm&r=g","url":"https:\/\/secure.gravatar.com\/avatar\/ccc17943b9d660506c869530f897617f7cb1c21a4bf30023f252596d83e1f007?s=96&d=mm&r=g","contentUrl":"https:\/\/secure.gravatar.com\/avatar\/ccc17943b9d660506c869530f897617f7cb1c21a4bf30023f252596d83e1f007?s=96&d=mm&r=g","caption":"admin"},"sameAs":["https:\/\/kibrisdakik.com"],"url":"https:\/\/kibrisdakik.com\/?author=1"}]}},"_links":{"self":[{"href":"https:\/\/kibrisdakik.com\/index.php?rest_route=\/wp\/v2\/posts\/39176","targetHints":{"allow":["GET"]}}],"collection":[{"href":"https:\/\/kibrisdakik.com\/index.php?rest_route=\/wp\/v2\/posts"}],"about":[{"href":"https:\/\/kibrisdakik.com\/index.php?rest_route=\/wp\/v2\/types\/post"}],"author":[{"embeddable":true,"href":"https:\/\/kibrisdakik.com\/index.php?rest_route=\/wp\/v2\/users\/1"}],"replies":[{"embeddable":true,"href":"https:\/\/kibrisdakik.com\/index.php?rest_route=%2Fwp%2Fv2%2Fcomments&post=39176"}],"version-history":[{"count":0,"href":"https:\/\/kibrisdakik.com\/index.php?rest_route=\/wp\/v2\/posts\/39176\/revisions"}],"wp:featuredmedia":[{"embeddable":true,"href":"https:\/\/kibrisdakik.com\/index.php?rest_route=\/wp\/v2\/media\/39177"}],"wp:attachment":[{"href":"https:\/\/kibrisdakik.com\/index.php?rest_route=%2Fwp%2Fv2%2Fmedia&parent=39176"}],"wp:term":[{"taxonomy":"category","embeddable":true,"href":"https:\/\/kibrisdakik.com\/index.php?rest_route=%2Fwp%2Fv2%2Fcategories&post=39176"},{"taxonomy":"post_tag","embeddable":true,"href":"https:\/\/kibrisdakik.com\/index.php?rest_route=%2Fwp%2Fv2%2Ftags&post=39176"}],"curies":[{"name":"wp","href":"https:\/\/api.w.org\/{rel}","templated":true}]}}