{"id":39227,"date":"2024-04-21T13:30:06","date_gmt":"2024-04-21T13:30:06","guid":{"rendered":"https:\/\/kibrisdakik.com\/index.php\/2024\/04\/21\/murat-mermer-yeni-sarki-carsamba-gunu-cikiyor\/"},"modified":"2024-04-21T13:30:06","modified_gmt":"2024-04-21T13:30:06","slug":"murat-mermer-yeni-sarki-carsamba-gunu-cikiyor","status":"publish","type":"post","link":"https:\/\/kibrisdakik.com\/?p=39227","title":{"rendered":"Murat Mermer \u201cYeni \u015fark\u0131 \u00c7ar\u015famba g\u00fcn\u00fc \u00e7\u0131k\u0131yor\u201d"},"content":{"rendered":"<p><img decoding=\"async\" src=\"https:\/\/www.kibristurk.com\/images\/haberler\/2024\/04\/murat-mermer-yeni-sarki-carsamba-gunu-cikiyor-1713703823.webp\" \/><\/p>\n<p><span style=\"font-size:12pt\"><span style=\"font-family:Calibri,sans-serif\">Orhan \u0130smailo\u011flu (\u00d6zel Haber ) <\/span><\/span><\/p>\n<p>&nbsp;<\/p>\n<p><span style=\"font-size:12pt\"><span style=\"font-family:Calibri,sans-serif\">M\u00fczik kariyerinize ne zaman ba\u015flad\u0131n\u0131z <\/span><\/span><\/p>\n<p><span style=\"font-size:12pt\"><span style=\"font-family:Calibri,sans-serif\">&#8211; 3 ya\u015f\u0131nda ilk bestemi yapt\u0131m desem? <\/span><\/span><\/p>\n<p>&nbsp;<\/p>\n<p><span style=\"font-size:12pt\"><span style=\"font-family:Calibri,sans-serif\">Neden Rock m\u00fczik<\/span><\/span><\/p>\n<p><span style=\"font-size:12pt\"><span style=\"font-family:Calibri,sans-serif\">&#8211; \u00c7\u00fcnk\u00fc \u00e7ocuklu\u011fum Cem Karaca ve Bar\u0131\u015f Man\u00e7o dinleyerek ge\u00e7ti. Benim onlara sevgim hayranl\u0131ktan \u00f6te.&nbsp; <\/span><\/span><\/p>\n<p>&nbsp;<\/p>\n<p><span style=\"font-size:12pt\"><span style=\"font-family:Calibri,sans-serif\">Sizce rock m\u00fczik \u015fu s\u0131ralar d\u00fc\u015f\u00fc\u015fte mi <\/span><\/span><\/p>\n<p><span style=\"font-size:12pt\"><span style=\"font-family:Calibri,sans-serif\">&#8211; 90&#8217;l\u0131 y\u0131llarda da b\u00f6yle d\u00fc\u015f\u00fcn\u00fcyordu insanlar. Cem Karaca ve Bar\u0131\u015f Man\u00e7o ekol\u00fcn\u00fc s\u00fcrd\u00fcrecek kimse kalmad\u0131 diyorlard\u0131 ama Haluk Abi \u00e7\u0131kt\u0131 ve bu m\u00fczi\u011fe nefes oldu.&nbsp; Ondan cesaret alan bir \u00e7ok m\u00fczisyen rock m\u00fczi\u011fe alt\u0131n \u00e7a\u011f\u0131n\u0131 ya\u015fatt\u0131lar.&nbsp; Rock M\u00fczik bazen b\u00fck\u00fclebilir ama asla k\u0131r\u0131lmaz. <\/span><\/span><\/p>\n<p>&nbsp;<\/p>\n<p><span style=\"font-size:12pt\"><span style=\"font-family:Calibri,sans-serif\">Haluk Levent ile nas\u0131l tan\u0131\u015ft\u0131n\u0131z <\/span><\/span><\/p>\n<p><span style=\"font-size:12pt\"><span style=\"font-family:Calibri,sans-serif\">&#8211; Edirne&#8217;de \u00e7ok ba\u015far\u0131l\u0131 konserler veriyordum ve ismim h\u0131zla yay\u0131l\u0131yordu. Bir g\u00fcn merak edip geldi ve benden en iyi \u015fark\u0131m\u0131 istedi. Ben de seve seve verdim. Sonras\u0131 \u00e7ok komik, onu da bir ara anlat\u0131r\u0131m&nbsp; :))<\/span><\/span><\/p>\n<p>&nbsp;<\/p>\n<p><span style=\"font-size:12pt\"><span style=\"font-family:Calibri,sans-serif\">Son zamanlarda K\u0131br\u0131sta konserler veriyorsunuz K\u0131br\u0131s sizin i\u00e7in ne ifade ediyor?<\/span><\/span><\/p>\n<p><span style=\"font-size:12pt\"><span style=\"font-family:Calibri,sans-serif\">&#8211; K\u0131br\u0131s Anadolu Rock m\u00fczi\u011fin son kalesi bence. Konserlerimde 15-16 ya\u015f\u0131nda \u00e7ocuklar benden Edip Akbayram \u015fark\u0131lar\u0131 istiyor. \u0130nanam\u0131yorum.&nbsp; Bu m\u00fczi\u011fin burda bu kadar sevilmesi bana kendimi yuvamda hissettiriyor. U\u00e7aktan her indi\u011fimde i\u015fte yuvama geldim duygusu kapl\u0131yor i\u00e7imi. Beni K\u0131br\u0131s insan\u0131n\u0131n o y\u00fcksek seviyesiyle tan\u0131\u015ft\u0131ran can dostum \u0130rfan Anda\u015f&#8217;\u0131 da anmal\u0131y\u0131m. Bu sevgiyi o a\u015f\u0131lad\u0131 bana.&nbsp; \ud83d\ude00<\/span><\/span><\/p>\n<p>&nbsp;<\/p>\n<p>&nbsp;<\/p>\n<p><span style=\"font-size:12pt\"><span style=\"font-family:Calibri,sans-serif\">Yeni projelere gelelim yak\u0131n zamanda var m\u0131. <\/span><\/span><\/p>\n<p><span style=\"font-size:12pt\"><span style=\"font-family:Calibri,sans-serif\">&#8211; Var. Hem de \u00e7ok var.:<\/span><\/span><\/p>\n<p><span style=\"font-size:12pt\"><span style=\"font-family:Calibri,sans-serif\">&nbsp;&nbsp;&nbsp;&nbsp;&nbsp;&nbsp;&nbsp; Bu \u00c7ar\u015famba \u00e7ok duygusal bir \u015fark\u0131y\u0131 be\u011feninize sunuyoruz. Hemen arkas\u0131ndan \u00e7ok e\u011flenceli bir cover \u015fark\u0131m\u0131z geliyor. <\/span><\/span><\/p>\n<p><span style=\"font-size:12pt\"><span style=\"font-family:Calibri,sans-serif\">&nbsp;&nbsp;&nbsp;&nbsp; O kadar h\u0131zl\u0131 olaca\u011f\u0131z ki takip etmekte zorlanacaks\u0131n\u0131z \ud83d\ude42<\/span><\/span><\/p>\n<p><span style=\"font-size:12pt\"><span style=\"font-family:Calibri,sans-serif\">&nbsp;&nbsp;&nbsp;&nbsp;&nbsp;&nbsp;&nbsp;&nbsp;&nbsp;&nbsp;&nbsp;&nbsp; <\/span><\/span><\/p>\n<p>&nbsp;<\/p>\n<p><span style=\"font-size:12pt\"><span style=\"font-family:Calibri,sans-serif\">K\u0131br\u0131sta irfan Anda\u015fla \u00e7al\u0131\u015f\u0131yorsunuz tan\u0131\u015fman\u0131z nas\u0131l oldu. <\/span><\/span><\/p>\n<p><span style=\"font-size:12pt\"><span style=\"font-family:Calibri,sans-serif\">&#8211; Ad\u0131 konulmam\u0131\u015f Haluk Levent ailesi diye bir aile vard\u0131r. Haluk Abi&#8217;ye dost olanlar biribirilerini bilir ve uzaktan da olsa biribirilerini severler. Tarif etmesi zordur ama tam da b\u00f6yledir. <\/span><\/span><\/p>\n<p><span style=\"font-size:12pt\"><span style=\"font-family:Calibri,sans-serif\">&nbsp; &nbsp;&nbsp;&nbsp;&nbsp;\u0130rfan da ben de uzaktan bilirdik biribirimizi ama esas yak\u0131nl\u0131k \u0130rfan&#8217;\u0131n 2020 y\u0131l\u0131nda beni aramas\u0131yla ba\u015flad\u0131.&nbsp; Pandemi g\u00fcnlerinde ba\u015fka bir m\u00fczikal projesi i\u00e7in benden destek istemi\u015fti \u0130rfan. <\/span><\/span><\/p>\n<p><span style=\"font-size:12pt\"><span style=\"font-family:Calibri,sans-serif\">Benim \u00e7ok samimi tavr\u0131m\u0131, onun i\u015fini kendi i\u015fim gibi sahiplenmemi g\u00f6r\u00fcnce o da bana s\u0131cak y\u00fcz\u00fcn\u00fc \u00e7evirdi ve \u00f6l\u00fcms\u00fcz bir dostluk ba\u015flad\u0131. <\/span><\/span><\/p>\n<p><span style=\"font-size:12pt\"><span style=\"font-family:Calibri,sans-serif\">Nazar de\u011fmesin t\u00fcm ekibimiz b\u00fcy\u00fck bir aile gibiyiz art\u0131k.<\/span><\/span><\/p>\n<p>&nbsp;<\/p>\n<p><span style=\"font-size:12pt\"><span style=\"font-family:Calibri,sans-serif\">Peki T\u00fcrkiyede m\u00fczik nereye gidiyor.<\/span><\/span><\/p>\n<p><span style=\"font-size:12pt\"><span style=\"font-family:Calibri,sans-serif\">&#8211; Denemeler \u00e7ok olur ama \u00f6z\u00fcm\u00fczden asla kopmay\u0131z. Su akar, yolunu bulur. <\/span><\/span><\/p>\n<p><span style=\"font-size:12pt\"><span style=\"font-family:Calibri,sans-serif\">&nbsp;&nbsp;&nbsp;&nbsp;&nbsp; &nbsp;&nbsp;&nbsp;&nbsp;T\u00fcrk\u00fclerimiz, Rock, Pop, Arabesk ve T\u00fcrk Sanat M\u00fczi\u011fi&#8230; Bu be\u015f ana kategori asla \u00f6lmez.. Di\u011ferleri bize ho\u015f g\u00fcnler ya\u015fat\u0131rlar. Harika hisler uyand\u0131r\u0131rlar sonra T\u00fcrk Halk\u0131 yine bu 5 m\u00fczi\u011fe d\u00f6ner<\/span><\/span><\/p>\n","protected":false},"excerpt":{"rendered":"<p>Orhan \u0130smailo\u011flu (\u00d6zel Haber ) &nbsp; M\u00fczik kariyerinize ne zaman ba\u015flad\u0131n\u0131z &#8211; 3 ya\u015f\u0131nda ilk bestemi yapt\u0131m desem? &nbsp; Neden Rock m\u00fczik &#8211; \u00c7\u00fcnk\u00fc \u00e7ocuklu\u011fum Cem Karaca ve Bar\u0131\u015f Man\u00e7o dinleyerek ge\u00e7ti. Benim onlara sevgim hayranl\u0131ktan \u00f6te.&nbsp; &nbsp; Sizce rock m\u00fczik \u015fu s\u0131ralar d\u00fc\u015f\u00fc\u015fte mi &#8211; 90&#8217;l\u0131 y\u0131llarda da b\u00f6yle d\u00fc\u015f\u00fcn\u00fcyordu insanlar. Cem Karaca ve<\/p>\n","protected":false},"author":1,"featured_media":39228,"comment_status":"open","ping_status":"open","sticky":false,"template":"","format":"standard","meta":{"footnotes":""},"categories":[85],"tags":[],"class_list":["post-39227","post","type-post","status-publish","format-standard","has-post-thumbnail","hentry","category-spor"],"yoast_head":"<!-- This site is optimized with the Yoast SEO plugin v27.4 - https:\/\/yoast.com\/product\/yoast-seo-wordpress\/ -->\n<title>Murat Mermer \u201cYeni \u015fark\u0131 \u00c7ar\u015famba g\u00fcn\u00fc \u00e7\u0131k\u0131yor\u201d -<\/title>\n<meta name=\"robots\" content=\"index, follow, max-snippet:-1, max-image-preview:large, max-video-preview:-1\" \/>\n<link rel=\"canonical\" href=\"https:\/\/kibrisdakik.com\/?p=39227\" \/>\n<meta property=\"og:locale\" content=\"tr_TR\" \/>\n<meta property=\"og:type\" content=\"article\" \/>\n<meta property=\"og:title\" content=\"Murat Mermer \u201cYeni \u015fark\u0131 \u00c7ar\u015famba g\u00fcn\u00fc \u00e7\u0131k\u0131yor\u201d -\" \/>\n<meta property=\"og:description\" content=\"Orhan \u0130smailo\u011flu (\u00d6zel Haber ) &nbsp; M\u00fczik kariyerinize ne zaman ba\u015flad\u0131n\u0131z &#8211; 3 ya\u015f\u0131nda ilk bestemi yapt\u0131m desem? &nbsp; Neden Rock m\u00fczik &#8211; \u00c7\u00fcnk\u00fc \u00e7ocuklu\u011fum Cem Karaca ve Bar\u0131\u015f Man\u00e7o dinleyerek ge\u00e7ti. Benim onlara sevgim hayranl\u0131ktan \u00f6te.&nbsp; &nbsp; Sizce rock m\u00fczik \u015fu s\u0131ralar d\u00fc\u015f\u00fc\u015fte mi &#8211; 90&#8217;l\u0131 y\u0131llarda da b\u00f6yle d\u00fc\u015f\u00fcn\u00fcyordu insanlar. Cem Karaca ve\" \/>\n<meta property=\"og:url\" content=\"https:\/\/kibrisdakik.com\/?p=39227\" \/>\n<meta property=\"article:published_time\" content=\"2024-04-21T13:30:06+00:00\" \/>\n<meta property=\"og:image\" content=\"https:\/\/kibrisdakik.com\/wp-content\/uploads\/2024\/04\/murat-mermer-yeni-sarki-carsamba-gunu-cikiyor-1713703823.webp.webp\" \/>\n\t<meta property=\"og:image:width\" content=\"710\" \/>\n\t<meta property=\"og:image:height\" content=\"370\" \/>\n\t<meta property=\"og:image:type\" content=\"image\/webp\" \/>\n<meta name=\"author\" content=\"admin\" \/>\n<meta name=\"twitter:card\" content=\"summary_large_image\" \/>\n<meta name=\"twitter:label1\" content=\"Yazan:\" \/>\n\t<meta name=\"twitter:data1\" content=\"admin\" \/>\n\t<meta name=\"twitter:label2\" content=\"Tahmini okuma s\u00fcresi\" \/>\n\t<meta name=\"twitter:data2\" content=\"3 dakika\" \/>\n<script type=\"application\/ld+json\" class=\"yoast-schema-graph\">{\"@context\":\"https:\\\/\\\/schema.org\",\"@graph\":[{\"@type\":\"Article\",\"@id\":\"https:\\\/\\\/kibrisdakik.com\\\/?p=39227#article\",\"isPartOf\":{\"@id\":\"https:\\\/\\\/kibrisdakik.com\\\/?p=39227\"},\"author\":{\"name\":\"admin\",\"@id\":\"https:\\\/\\\/kibrisdakik.com\\\/#\\\/schema\\\/person\\\/9cd9d437bbb44f72b73ba127e06d8e79\"},\"headline\":\"Murat Mermer \u201cYeni \u015fark\u0131 \u00c7ar\u015famba g\u00fcn\u00fc \u00e7\u0131k\u0131yor\u201d\",\"datePublished\":\"2024-04-21T13:30:06+00:00\",\"mainEntityOfPage\":{\"@id\":\"https:\\\/\\\/kibrisdakik.com\\\/?p=39227\"},\"wordCount\":578,\"commentCount\":0,\"image\":{\"@id\":\"https:\\\/\\\/kibrisdakik.com\\\/?p=39227#primaryimage\"},\"thumbnailUrl\":\"https:\\\/\\\/kibrisdakik.com\\\/wp-content\\\/uploads\\\/2024\\\/04\\\/murat-mermer-yeni-sarki-carsamba-gunu-cikiyor-1713703823.webp.webp\",\"articleSection\":[\"Spor\"],\"inLanguage\":\"tr\",\"potentialAction\":[{\"@type\":\"CommentAction\",\"name\":\"Comment\",\"target\":[\"https:\\\/\\\/kibrisdakik.com\\\/?p=39227#respond\"]}]},{\"@type\":\"WebPage\",\"@id\":\"https:\\\/\\\/kibrisdakik.com\\\/?p=39227\",\"url\":\"https:\\\/\\\/kibrisdakik.com\\\/?p=39227\",\"name\":\"Murat Mermer \u201cYeni \u015fark\u0131 \u00c7ar\u015famba g\u00fcn\u00fc \u00e7\u0131k\u0131yor\u201d -\",\"isPartOf\":{\"@id\":\"https:\\\/\\\/kibrisdakik.com\\\/#website\"},\"primaryImageOfPage\":{\"@id\":\"https:\\\/\\\/kibrisdakik.com\\\/?p=39227#primaryimage\"},\"image\":{\"@id\":\"https:\\\/\\\/kibrisdakik.com\\\/?p=39227#primaryimage\"},\"thumbnailUrl\":\"https:\\\/\\\/kibrisdakik.com\\\/wp-content\\\/uploads\\\/2024\\\/04\\\/murat-mermer-yeni-sarki-carsamba-gunu-cikiyor-1713703823.webp.webp\",\"datePublished\":\"2024-04-21T13:30:06+00:00\",\"author\":{\"@id\":\"https:\\\/\\\/kibrisdakik.com\\\/#\\\/schema\\\/person\\\/9cd9d437bbb44f72b73ba127e06d8e79\"},\"breadcrumb\":{\"@id\":\"https:\\\/\\\/kibrisdakik.com\\\/?p=39227#breadcrumb\"},\"inLanguage\":\"tr\",\"potentialAction\":[{\"@type\":\"ReadAction\",\"target\":[\"https:\\\/\\\/kibrisdakik.com\\\/?p=39227\"]}]},{\"@type\":\"ImageObject\",\"inLanguage\":\"tr\",\"@id\":\"https:\\\/\\\/kibrisdakik.com\\\/?p=39227#primaryimage\",\"url\":\"https:\\\/\\\/kibrisdakik.com\\\/wp-content\\\/uploads\\\/2024\\\/04\\\/murat-mermer-yeni-sarki-carsamba-gunu-cikiyor-1713703823.webp.webp\",\"contentUrl\":\"https:\\\/\\\/kibrisdakik.com\\\/wp-content\\\/uploads\\\/2024\\\/04\\\/murat-mermer-yeni-sarki-carsamba-gunu-cikiyor-1713703823.webp.webp\",\"width\":710,\"height\":370},{\"@type\":\"BreadcrumbList\",\"@id\":\"https:\\\/\\\/kibrisdakik.com\\\/?p=39227#breadcrumb\",\"itemListElement\":[{\"@type\":\"ListItem\",\"position\":1,\"name\":\"Home\",\"item\":\"https:\\\/\\\/kibrisdakik.com\\\/\"},{\"@type\":\"ListItem\",\"position\":2,\"name\":\"Murat Mermer \u201cYeni \u015fark\u0131 \u00c7ar\u015famba g\u00fcn\u00fc \u00e7\u0131k\u0131yor\u201d\"}]},{\"@type\":\"WebSite\",\"@id\":\"https:\\\/\\\/kibrisdakik.com\\\/#website\",\"url\":\"https:\\\/\\\/kibrisdakik.com\\\/\",\"name\":\"\",\"description\":\"Tam vaktinde haber\",\"potentialAction\":[{\"@type\":\"SearchAction\",\"target\":{\"@type\":\"EntryPoint\",\"urlTemplate\":\"https:\\\/\\\/kibrisdakik.com\\\/?s={search_term_string}\"},\"query-input\":{\"@type\":\"PropertyValueSpecification\",\"valueRequired\":true,\"valueName\":\"search_term_string\"}}],\"inLanguage\":\"tr\"},{\"@type\":\"Person\",\"@id\":\"https:\\\/\\\/kibrisdakik.com\\\/#\\\/schema\\\/person\\\/9cd9d437bbb44f72b73ba127e06d8e79\",\"name\":\"admin\",\"image\":{\"@type\":\"ImageObject\",\"inLanguage\":\"tr\",\"@id\":\"https:\\\/\\\/secure.gravatar.com\\\/avatar\\\/ccc17943b9d660506c869530f897617f7cb1c21a4bf30023f252596d83e1f007?s=96&d=mm&r=g\",\"url\":\"https:\\\/\\\/secure.gravatar.com\\\/avatar\\\/ccc17943b9d660506c869530f897617f7cb1c21a4bf30023f252596d83e1f007?s=96&d=mm&r=g\",\"contentUrl\":\"https:\\\/\\\/secure.gravatar.com\\\/avatar\\\/ccc17943b9d660506c869530f897617f7cb1c21a4bf30023f252596d83e1f007?s=96&d=mm&r=g\",\"caption\":\"admin\"},\"sameAs\":[\"https:\\\/\\\/kibrisdakik.com\"],\"url\":\"https:\\\/\\\/kibrisdakik.com\\\/?author=1\"}]}<\/script>\n<!-- \/ Yoast SEO plugin. -->","yoast_head_json":{"title":"Murat Mermer \u201cYeni \u015fark\u0131 \u00c7ar\u015famba g\u00fcn\u00fc \u00e7\u0131k\u0131yor\u201d -","robots":{"index":"index","follow":"follow","max-snippet":"max-snippet:-1","max-image-preview":"max-image-preview:large","max-video-preview":"max-video-preview:-1"},"canonical":"https:\/\/kibrisdakik.com\/?p=39227","og_locale":"tr_TR","og_type":"article","og_title":"Murat Mermer \u201cYeni \u015fark\u0131 \u00c7ar\u015famba g\u00fcn\u00fc \u00e7\u0131k\u0131yor\u201d -","og_description":"Orhan \u0130smailo\u011flu (\u00d6zel Haber ) &nbsp; M\u00fczik kariyerinize ne zaman ba\u015flad\u0131n\u0131z &#8211; 3 ya\u015f\u0131nda ilk bestemi yapt\u0131m desem? &nbsp; Neden Rock m\u00fczik &#8211; \u00c7\u00fcnk\u00fc \u00e7ocuklu\u011fum Cem Karaca ve Bar\u0131\u015f Man\u00e7o dinleyerek ge\u00e7ti. Benim onlara sevgim hayranl\u0131ktan \u00f6te.&nbsp; &nbsp; Sizce rock m\u00fczik \u015fu s\u0131ralar d\u00fc\u015f\u00fc\u015fte mi &#8211; 90&#8217;l\u0131 y\u0131llarda da b\u00f6yle d\u00fc\u015f\u00fcn\u00fcyordu insanlar. Cem Karaca ve","og_url":"https:\/\/kibrisdakik.com\/?p=39227","article_published_time":"2024-04-21T13:30:06+00:00","og_image":[{"width":710,"height":370,"url":"https:\/\/kibrisdakik.com\/wp-content\/uploads\/2024\/04\/murat-mermer-yeni-sarki-carsamba-gunu-cikiyor-1713703823.webp.webp","type":"image\/webp"}],"author":"admin","twitter_card":"summary_large_image","twitter_misc":{"Yazan:":"admin","Tahmini okuma s\u00fcresi":"3 dakika"},"schema":{"@context":"https:\/\/schema.org","@graph":[{"@type":"Article","@id":"https:\/\/kibrisdakik.com\/?p=39227#article","isPartOf":{"@id":"https:\/\/kibrisdakik.com\/?p=39227"},"author":{"name":"admin","@id":"https:\/\/kibrisdakik.com\/#\/schema\/person\/9cd9d437bbb44f72b73ba127e06d8e79"},"headline":"Murat Mermer \u201cYeni \u015fark\u0131 \u00c7ar\u015famba g\u00fcn\u00fc \u00e7\u0131k\u0131yor\u201d","datePublished":"2024-04-21T13:30:06+00:00","mainEntityOfPage":{"@id":"https:\/\/kibrisdakik.com\/?p=39227"},"wordCount":578,"commentCount":0,"image":{"@id":"https:\/\/kibrisdakik.com\/?p=39227#primaryimage"},"thumbnailUrl":"https:\/\/kibrisdakik.com\/wp-content\/uploads\/2024\/04\/murat-mermer-yeni-sarki-carsamba-gunu-cikiyor-1713703823.webp.webp","articleSection":["Spor"],"inLanguage":"tr","potentialAction":[{"@type":"CommentAction","name":"Comment","target":["https:\/\/kibrisdakik.com\/?p=39227#respond"]}]},{"@type":"WebPage","@id":"https:\/\/kibrisdakik.com\/?p=39227","url":"https:\/\/kibrisdakik.com\/?p=39227","name":"Murat Mermer \u201cYeni \u015fark\u0131 \u00c7ar\u015famba g\u00fcn\u00fc \u00e7\u0131k\u0131yor\u201d -","isPartOf":{"@id":"https:\/\/kibrisdakik.com\/#website"},"primaryImageOfPage":{"@id":"https:\/\/kibrisdakik.com\/?p=39227#primaryimage"},"image":{"@id":"https:\/\/kibrisdakik.com\/?p=39227#primaryimage"},"thumbnailUrl":"https:\/\/kibrisdakik.com\/wp-content\/uploads\/2024\/04\/murat-mermer-yeni-sarki-carsamba-gunu-cikiyor-1713703823.webp.webp","datePublished":"2024-04-21T13:30:06+00:00","author":{"@id":"https:\/\/kibrisdakik.com\/#\/schema\/person\/9cd9d437bbb44f72b73ba127e06d8e79"},"breadcrumb":{"@id":"https:\/\/kibrisdakik.com\/?p=39227#breadcrumb"},"inLanguage":"tr","potentialAction":[{"@type":"ReadAction","target":["https:\/\/kibrisdakik.com\/?p=39227"]}]},{"@type":"ImageObject","inLanguage":"tr","@id":"https:\/\/kibrisdakik.com\/?p=39227#primaryimage","url":"https:\/\/kibrisdakik.com\/wp-content\/uploads\/2024\/04\/murat-mermer-yeni-sarki-carsamba-gunu-cikiyor-1713703823.webp.webp","contentUrl":"https:\/\/kibrisdakik.com\/wp-content\/uploads\/2024\/04\/murat-mermer-yeni-sarki-carsamba-gunu-cikiyor-1713703823.webp.webp","width":710,"height":370},{"@type":"BreadcrumbList","@id":"https:\/\/kibrisdakik.com\/?p=39227#breadcrumb","itemListElement":[{"@type":"ListItem","position":1,"name":"Home","item":"https:\/\/kibrisdakik.com\/"},{"@type":"ListItem","position":2,"name":"Murat Mermer \u201cYeni \u015fark\u0131 \u00c7ar\u015famba g\u00fcn\u00fc \u00e7\u0131k\u0131yor\u201d"}]},{"@type":"WebSite","@id":"https:\/\/kibrisdakik.com\/#website","url":"https:\/\/kibrisdakik.com\/","name":"","description":"Tam vaktinde haber","potentialAction":[{"@type":"SearchAction","target":{"@type":"EntryPoint","urlTemplate":"https:\/\/kibrisdakik.com\/?s={search_term_string}"},"query-input":{"@type":"PropertyValueSpecification","valueRequired":true,"valueName":"search_term_string"}}],"inLanguage":"tr"},{"@type":"Person","@id":"https:\/\/kibrisdakik.com\/#\/schema\/person\/9cd9d437bbb44f72b73ba127e06d8e79","name":"admin","image":{"@type":"ImageObject","inLanguage":"tr","@id":"https:\/\/secure.gravatar.com\/avatar\/ccc17943b9d660506c869530f897617f7cb1c21a4bf30023f252596d83e1f007?s=96&d=mm&r=g","url":"https:\/\/secure.gravatar.com\/avatar\/ccc17943b9d660506c869530f897617f7cb1c21a4bf30023f252596d83e1f007?s=96&d=mm&r=g","contentUrl":"https:\/\/secure.gravatar.com\/avatar\/ccc17943b9d660506c869530f897617f7cb1c21a4bf30023f252596d83e1f007?s=96&d=mm&r=g","caption":"admin"},"sameAs":["https:\/\/kibrisdakik.com"],"url":"https:\/\/kibrisdakik.com\/?author=1"}]}},"_links":{"self":[{"href":"https:\/\/kibrisdakik.com\/index.php?rest_route=\/wp\/v2\/posts\/39227","targetHints":{"allow":["GET"]}}],"collection":[{"href":"https:\/\/kibrisdakik.com\/index.php?rest_route=\/wp\/v2\/posts"}],"about":[{"href":"https:\/\/kibrisdakik.com\/index.php?rest_route=\/wp\/v2\/types\/post"}],"author":[{"embeddable":true,"href":"https:\/\/kibrisdakik.com\/index.php?rest_route=\/wp\/v2\/users\/1"}],"replies":[{"embeddable":true,"href":"https:\/\/kibrisdakik.com\/index.php?rest_route=%2Fwp%2Fv2%2Fcomments&post=39227"}],"version-history":[{"count":0,"href":"https:\/\/kibrisdakik.com\/index.php?rest_route=\/wp\/v2\/posts\/39227\/revisions"}],"wp:featuredmedia":[{"embeddable":true,"href":"https:\/\/kibrisdakik.com\/index.php?rest_route=\/wp\/v2\/media\/39228"}],"wp:attachment":[{"href":"https:\/\/kibrisdakik.com\/index.php?rest_route=%2Fwp%2Fv2%2Fmedia&parent=39227"}],"wp:term":[{"taxonomy":"category","embeddable":true,"href":"https:\/\/kibrisdakik.com\/index.php?rest_route=%2Fwp%2Fv2%2Fcategories&post=39227"},{"taxonomy":"post_tag","embeddable":true,"href":"https:\/\/kibrisdakik.com\/index.php?rest_route=%2Fwp%2Fv2%2Ftags&post=39227"}],"curies":[{"name":"wp","href":"https:\/\/api.w.org\/{rel}","templated":true}]}}