{"id":39229,"date":"2024-04-21T13:39:08","date_gmt":"2024-04-21T13:39:08","guid":{"rendered":"https:\/\/kibrisdakik.com\/index.php\/2024\/04\/21\/20-yil-once-kibrista-federal-bir-cozum-seklinin-rum-halkinin-yuzde-75-hayir-oyu-ile-resmen-kabul-edilmedigi-literature-gecmistir\/"},"modified":"2024-04-21T13:39:08","modified_gmt":"2024-04-21T13:39:08","slug":"20-yil-once-kibrista-federal-bir-cozum-seklinin-rum-halkinin-yuzde-75-hayir-oyu-ile-resmen-kabul-edilmedigi-literature-gecmistir","status":"publish","type":"post","link":"https:\/\/kibrisdakik.com\/?p=39229","title":{"rendered":"\u201c20 y\u0131l \u00f6nce  K\u0131br\u0131s\u2019ta federal bir \u00e7\u00f6z\u00fcm \u015feklinin, Rum halk\u0131n\u0131n y\u00fczde 75 \u2018hay\u0131r\u2019 oyu ile resmen kabul edilmedi\u011fi  literat\u00fcre  ge\u00e7mi\u015ftir\u201d"},"content":{"rendered":"<p><img decoding=\"async\" src=\"https:\/\/www.kibristurk.com\/images\/haberler\/2024\/04\/20-yil-once-kibrista-federal-bir-cozum-seklinin-rum-halkinin-yuzde-75-hayir-oyu-ile-resmen-kabul-edilmedigi-literature-gecmistir-1713705649.webp\" \/><\/p>\n<p><span style=\"font-size:12pt\"><span style=\"font-family:Calibri,sans-serif\">UBP Genel Sekreteri O\u011fuzhan Hasipo\u011flu Annan Plan\u0131Rreferandumu\u2019nun 20. y\u0131l d\u00f6n\u00fcm\u00fc nedeniyle UBP Genel Merkezi arac\u0131l\u0131\u011f\u0131yla a\u00e7\u0131klama yapt\u0131.<\/span><\/span><\/p>\n<p>&nbsp;<\/p>\n<p>&nbsp;<\/p>\n<p><span style=\"font-size:12pt\"><span style=\"font-family:Calibri,sans-serif\">Hasipo\u011flu, &nbsp;d\u00f6nemin&nbsp; BM Genel Sekreteri merhum Kofi Annan\u2019\u0131n ad\u0131 ile \u00f6zde\u015fle\u015fmi\u015f Annan Plan\u0131\u2019n\u0131n, K\u0131br\u0131s\u2019ta iki halk\u0131n onay\u0131na sunulmas\u0131n\u0131n \u00fczerinden tam 20 y\u0131l ge\u00e7ti\u011fini belirterek,&nbsp; \u201cK\u0131br\u0131s T\u00fcrk halk\u0131n\u0131n, self determinasyon hakk\u0131n\u0131n,&nbsp; demokratik onay\u0131n\u0131n, tart\u0131\u015f\u0131lacak bir durum olmad\u0131\u011f\u0131n\u0131 bu vesileyle hat\u0131rlatmakta fayda g\u00f6r\u00fcyoruz.\u201d dedi.<\/span><\/span><\/p>\n<p>&nbsp;<\/p>\n<p><span style=\"font-size:12pt\"><span style=\"font-family:Calibri,sans-serif\">Ortaya \u00e7\u0131kan \u00e7\u00f6z\u00fcm f\u0131rsatlar\u0131n\u0131, her zaman olumlu kar\u015f\u0131layan ve kabul eden K\u0131br\u0131s T\u00fcrk halk\u0131n\u0131n, tarihsel s\u00fcre\u00e7 i\u00e7erisinde ve Annan Plan\u0131 sonras\u0131nda da hak etti\u011fi de\u011feri g\u00f6rmedi\u011fini vurgulayan Hasipo\u011flu, \u201cAnnan Plan\u0131 Referandumu\u2019ndan tam iki g\u00fcn sonra 26 Nisan 2004\u2019te K\u0131br\u0131s T\u00fcrk halk\u0131na verilen izolasyonlar\u0131n kald\u0131r\u0131lmas\u0131 s\u00f6z\u00fc halen hayata ge\u00e7mezken, BM raflar\u0131nda tutulan Annan Raporu\u2019nun engellenmesiyle, K\u0131br\u0131s T\u00fcrk halk\u0131, g\u00fc\u00e7l\u00fc \u2018evet\u2019 oyuna kar\u015f\u0131 cezaland\u0131r\u0131lm\u0131\u015ft\u0131r\u201d ifadelerini kulland\u0131.<\/span><\/span><\/p>\n<p>&nbsp;<\/p>\n<p><span style=\"font-size:12pt\"><span style=\"font-family:Calibri,sans-serif\">&nbsp;<\/span><\/span><\/p>\n<p>&nbsp;<\/p>\n<p><span style=\"font-size:12pt\"><span style=\"font-family:Calibri,sans-serif\">&nbsp;&nbsp;&nbsp;&nbsp;&nbsp;&nbsp;&nbsp;&nbsp;&nbsp;&nbsp; <\/span><\/span><\/p>\n<p>&nbsp;<\/p>\n<p><span style=\"font-size:12pt\"><span style=\"font-family:Calibri,sans-serif\">Kofi Annan\u2019\u0131n, 20 y\u0131l \u00f6nce yazd\u0131\u011f\u0131 rapor ile \u201cRum taraf\u0131n\u0131n plan\u0131 de\u011fil \u00e7\u00f6z\u00fcm\u00fcn kendisini reddetti\u011fini\u201d ortaya koydu\u011funu, Rum taraf\u0131n\u0131n adan\u0131n y\u00f6netimini ve zenginli\u011fini K\u0131br\u0131sl\u0131 T\u00fcrklerle payla\u015fmaya&nbsp; haz\u0131r olmad\u0131\u011f\u0131 tespitini kay\u0131tlara ge\u00e7irdi\u011fini belirten Hasipo\u011flu&nbsp; \u015f\u00f6yle devam etti:<\/span><\/span><\/p>\n<p>&nbsp;<\/p>\n<p>&nbsp;<\/p>\n<p><span style=\"font-size:12pt\"><span style=\"font-family:Calibri,sans-serif\">\u201c20 y\u0131l sonra Rum taraf\u0131n\u0131n iradesini test etmek amac\u0131yla Avrupa Konseyi Parlamenterler Asamblesinde,&nbsp; GKRY lideri Hristodudilis`e sordu\u011fum soru ve ald\u0131\u011f\u0131m cevap, ortak zemin aray\u0131\u015f\u0131n\u0131n s\u00fcrd\u00fc\u011f\u00fc bu d\u00f6nemde Rum taraf\u0131n\u0131n ger\u00e7ek niyetini ortaya koymaktad\u0131r.<\/span><\/span><\/p>\n<p>&nbsp;<\/p>\n<p><span style=\"font-size:12pt\"><span style=\"font-family:Calibri,sans-serif\">&nbsp;<\/span><\/span><\/p>\n<p>&nbsp;<\/p>\n<p><span style=\"font-size:12pt\"><span style=\"font-family:Calibri,sans-serif\">\u201cAradan 20 y\u0131l ge\u00e7ti, K\u0131br\u0131sl\u0131 T\u00fcrklerle \u015fimdi y\u00f6netimi ve zenginli\u011fi payla\u015fmaya haz\u0131r m\u0131s\u0131n\u0131z? K\u0131br\u0131sl\u0131 T\u00fcrklere uygulanan izolasyon ve k\u0131s\u0131tlamalar\u0131n kalkmas\u0131 i\u00e7in ad\u0131m atmaya haz\u0131r m\u0131s\u0131n\u0131z?\u201d<\/span><\/span><\/p>\n<p>&nbsp;<\/p>\n<p><span style=\"font-size:12pt\"><span style=\"font-family:Calibri,sans-serif\">\u015feklindeki iki soruya, &#8216;Ne k\u0131s\u0131tlamas\u0131, biz K\u0131br\u0131s Cumhuriyeti olarak t\u0131pk\u0131 Maronitlere, Ermenilere verdi\u011fimiz gibi size de pasaport veriyoruz. \u00c7\u00f6z\u00fcm\u00fcn \u00f6n\u00fcndeki tek engel T\u00fcrkiye&#8217;dir&#8217; cevab\u0131n\u0131 vermi\u015ftir.<\/span><\/span><\/p>\n<p>&nbsp;<\/p>\n<p><span style=\"font-size:12pt\"><span style=\"font-family:Calibri,sans-serif\">&nbsp;<\/span><\/span><\/p>\n<p>&nbsp;<\/p>\n<p><span style=\"font-size:12pt\"><span style=\"font-family:Calibri,sans-serif\">&nbsp;Oysa gerek 20 y\u0131l \u00f6nceki Annan plan\u0131na, gerekse Crans Montana`da da ortaya koydu\u011fu yap\u0131c\u0131 politika, T\u00fcrkiye Cumhuriyeti\u2019nin \u00e7\u00f6z\u00fcme olan tavr\u0131n\u0131n en \u00f6nemli iki tarihsel g\u00f6stergesiydi. Hristodulidis bu cevab\u0131 ile, Rum taraf\u0131n\u0131n kafas\u0131ndaki \u00e7\u00f6z\u00fcm modelini, ger\u00e7ek niyetini 200 Avrupal\u0131 milletvekilinin \u00f6n\u00fcnde ifade etmi\u015ftir.&nbsp; Bu cevap, b\u0131rak\u0131n federasyon olmas\u0131 bir yana, K\u0131br\u0131sl\u0131 T\u00fcrkleri, bir Maronit, Ermeni gibi bir az\u0131nl\u0131k olarak g\u00f6rmesinden ba\u015fka bir \u00e7\u00f6z\u00fcm istenci de\u011fildir.<\/span><\/span><\/p>\n<p>&nbsp;<\/p>\n<p><span style=\"font-size:12pt\"><span style=\"font-family:Calibri,sans-serif\">&nbsp;<\/span><\/span><\/p>\n<p>&nbsp;<\/p>\n<p><span style=\"font-size:12pt\"><span style=\"font-family:Calibri,sans-serif\">Aradan 20 y\u0131l ge\u00e7mi\u015f olmas\u0131na ve bunca t\u00fcketilen s\u00fcrece ra\u011fmen; federasyon \u00e7\u00f6z\u00fcm modelini bizim i\u00e7imizde tek alternatif olarak g\u00f6rmeye devam edenler, payla\u015f\u0131ma dayal\u0131 bu \u00e7\u00f6z\u00fcm \u015fekli i\u00e7in Rum taraf\u0131n\u0131n haz\u0131r ve istekli oldu\u011funu hangi eylemlerine g\u00f6re hala d\u00fc\u015f\u00fcnebilmektedirler?<\/span><\/span><\/p>\n<p>&nbsp;<\/p>\n<p><span style=\"font-size:12pt\"><span style=\"font-family:Calibri,sans-serif\">&nbsp;<\/span><\/span><\/p>\n<p>&nbsp;<\/p>\n<p><span style=\"font-size:12pt\"><span style=\"font-family:Calibri,sans-serif\">&nbsp;<\/span><\/span><\/p>\n<p>&nbsp;<\/p>\n<p><span style=\"font-size:12pt\"><span style=\"font-family:Calibri,sans-serif\">BM taraf\u0131ndan, Ortak zemin aray\u0131\u015f\u0131n\u0131n olup olmad\u0131\u011f\u0131n\u0131n sorguland\u0131\u011f\u0131 bu g\u00fcnlerde, Rum taraf\u0131 bizimle bir i\u015f birli\u011fi ba\u015flatmak istiyor ise, ba\u015fta egemen e\u015fitli\u011fimizin kabul\u00fc olmak \u00fczere, eylemleri ile bizim g\u00fcvenimizi kazanmak zorundad\u0131r.<\/span><\/span><\/p>\n<p>&nbsp;<\/p>\n<p><span style=\"font-size:12pt\"><span style=\"font-family:Calibri,sans-serif\">&nbsp;<\/span><\/span><\/p>\n<p>&nbsp;<\/p>\n<p><span style=\"font-size:12pt\"><span style=\"font-family:Calibri,sans-serif\">Kofi&nbsp; Annan`\u0131n yine raporunda belirtti\u011fi gibi; Rum taraf\u0131 art\u0131k ger\u00e7ek niyetini s\u00f6zlerle de\u011fil, eylemlerle g\u00f6stermek zorundad\u0131r.<\/span><\/span><\/p>\n<p>&nbsp;<\/p>\n<p><span style=\"font-size:12pt\"><span style=\"font-family:Calibri,sans-serif\">&nbsp;\u0130ki taraf aras\u0131nda ortak zemin olup olmad\u0131\u011f\u0131 konusunda mekik diplomasisi s\u00fcrd\u00fcren BM Genel Sekreteri Say\u0131n Antonio Guterres ve Ki\u015fisel temsilcisi Say\u0131n Maria Holguin Cuellar`a, Kofi Annan`\u0131n 20 y\u0131l \u00f6nceki bu tespitlerini ve Rum taraf\u0131n\u0131n 20 y\u0131l s\u00fcresince bize kar\u015f\u0131 olan tav\u0131rlar\u0131n\u0131 hat\u0131rlatmak isteriz.&#8221;<\/span><\/span><\/p>\n","protected":false},"excerpt":{"rendered":"<p>UBP Genel Sekreteri O\u011fuzhan Hasipo\u011flu Annan Plan\u0131Rreferandumu\u2019nun 20. y\u0131l d\u00f6n\u00fcm\u00fc nedeniyle UBP Genel Merkezi arac\u0131l\u0131\u011f\u0131yla a\u00e7\u0131klama yapt\u0131. &nbsp; &nbsp; Hasipo\u011flu, &nbsp;d\u00f6nemin&nbsp; BM Genel Sekreteri merhum Kofi Annan\u2019\u0131n ad\u0131 ile \u00f6zde\u015fle\u015fmi\u015f Annan Plan\u0131\u2019n\u0131n, K\u0131br\u0131s\u2019ta iki halk\u0131n onay\u0131na sunulmas\u0131n\u0131n \u00fczerinden tam 20 y\u0131l ge\u00e7ti\u011fini belirterek,&nbsp; \u201cK\u0131br\u0131s T\u00fcrk halk\u0131n\u0131n, self determinasyon hakk\u0131n\u0131n,&nbsp; demokratik onay\u0131n\u0131n, tart\u0131\u015f\u0131lacak bir durum olmad\u0131\u011f\u0131n\u0131<\/p>\n","protected":false},"author":1,"featured_media":39230,"comment_status":"open","ping_status":"open","sticky":false,"template":"","format":"standard","meta":{"footnotes":""},"categories":[79],"tags":[],"class_list":["post-39229","post","type-post","status-publish","format-standard","has-post-thumbnail","hentry","category-ekonomi"],"yoast_head":"<!-- This site is optimized with the Yoast SEO plugin v28.4 - https:\/\/yoast.com\/product\/yoast-seo-wordpress\/ -->\n<title>\u201c20 y\u0131l \u00f6nce K\u0131br\u0131s\u2019ta federal bir \u00e7\u00f6z\u00fcm \u015feklinin, Rum halk\u0131n\u0131n y\u00fczde 75 \u2018hay\u0131r\u2019 oyu ile resmen kabul edilmedi\u011fi literat\u00fcre ge\u00e7mi\u015ftir\u201d -<\/title>\n<meta name=\"robots\" content=\"index, follow, max-snippet:-1, max-image-preview:large, max-video-preview:-1\" \/>\n<link rel=\"canonical\" href=\"https:\/\/kibrisdakik.com\/?p=39229\" \/>\n<meta property=\"og:locale\" content=\"tr_TR\" \/>\n<meta property=\"og:type\" content=\"article\" \/>\n<meta property=\"og:title\" content=\"\u201c20 y\u0131l \u00f6nce K\u0131br\u0131s\u2019ta federal bir \u00e7\u00f6z\u00fcm \u015feklinin, Rum halk\u0131n\u0131n y\u00fczde 75 \u2018hay\u0131r\u2019 oyu ile resmen kabul edilmedi\u011fi literat\u00fcre ge\u00e7mi\u015ftir\u201d -\" \/>\n<meta property=\"og:description\" content=\"UBP Genel Sekreteri O\u011fuzhan Hasipo\u011flu Annan Plan\u0131Rreferandumu\u2019nun 20. y\u0131l d\u00f6n\u00fcm\u00fc nedeniyle UBP Genel Merkezi arac\u0131l\u0131\u011f\u0131yla a\u00e7\u0131klama yapt\u0131. &nbsp; &nbsp; Hasipo\u011flu, &nbsp;d\u00f6nemin&nbsp; BM Genel Sekreteri merhum Kofi Annan\u2019\u0131n ad\u0131 ile \u00f6zde\u015fle\u015fmi\u015f Annan Plan\u0131\u2019n\u0131n, K\u0131br\u0131s\u2019ta iki halk\u0131n onay\u0131na sunulmas\u0131n\u0131n \u00fczerinden tam 20 y\u0131l ge\u00e7ti\u011fini belirterek,&nbsp; \u201cK\u0131br\u0131s T\u00fcrk halk\u0131n\u0131n, self determinasyon hakk\u0131n\u0131n,&nbsp; demokratik onay\u0131n\u0131n, tart\u0131\u015f\u0131lacak bir durum olmad\u0131\u011f\u0131n\u0131\" \/>\n<meta property=\"og:url\" content=\"https:\/\/kibrisdakik.com\/?p=39229\" \/>\n<meta property=\"article:published_time\" content=\"2024-04-21T13:39:08+00:00\" \/>\n<meta property=\"og:image\" content=\"https:\/\/kibrisdakik.com\/wp-content\/uploads\/2024\/04\/20-yil-once-kibrista-federal-bir-cozum-seklinin-rum-halkinin-yuzde-75-hayir-oyu-ile-resmen-kabul-edilmedigi-literature-gecmistir-1713705649.webp.webp\" \/>\n\t<meta property=\"og:image:width\" content=\"710\" \/>\n\t<meta property=\"og:image:height\" content=\"370\" \/>\n\t<meta property=\"og:image:type\" content=\"image\/webp\" \/>\n<meta name=\"author\" content=\"admin\" \/>\n<meta name=\"twitter:card\" content=\"summary_large_image\" \/>\n<meta name=\"twitter:label1\" content=\"Yazan:\" \/>\n\t<meta name=\"twitter:data1\" content=\"admin\" \/>\n\t<meta name=\"twitter:label2\" content=\"Tahmini okuma s\u00fcresi\" \/>\n\t<meta name=\"twitter:data2\" content=\"4 dakika\" \/>\n<script type=\"application\/ld+json\" class=\"yoast-schema-graph\">{\"@context\":\"https:\\\/\\\/schema.org\",\"@graph\":[{\"@type\":\"Article\",\"@id\":\"https:\\\/\\\/kibrisdakik.com\\\/?p=39229#article\",\"isPartOf\":{\"@id\":\"https:\\\/\\\/kibrisdakik.com\\\/?p=39229\"},\"author\":{\"name\":\"admin\",\"@id\":\"https:\\\/\\\/kibrisdakik.com\\\/#\\\/schema\\\/person\\\/9cd9d437bbb44f72b73ba127e06d8e79\"},\"headline\":\"\u201c20 y\u0131l \u00f6nce K\u0131br\u0131s\u2019ta federal bir \u00e7\u00f6z\u00fcm \u015feklinin, Rum halk\u0131n\u0131n y\u00fczde 75 \u2018hay\u0131r\u2019 oyu ile resmen kabul edilmedi\u011fi literat\u00fcre ge\u00e7mi\u015ftir\u201d\",\"datePublished\":\"2024-04-21T13:39:08+00:00\",\"mainEntityOfPage\":{\"@id\":\"https:\\\/\\\/kibrisdakik.com\\\/?p=39229\"},\"wordCount\":741,\"commentCount\":0,\"publisher\":{\"@id\":\"https:\\\/\\\/kibrisdakik.com\\\/#organization\"},\"image\":{\"@id\":\"https:\\\/\\\/kibrisdakik.com\\\/?p=39229#primaryimage\"},\"thumbnailUrl\":\"https:\\\/\\\/kibrisdakik.com\\\/wp-content\\\/uploads\\\/2024\\\/04\\\/20-yil-once-kibrista-federal-bir-cozum-seklinin-rum-halkinin-yuzde-75-hayir-oyu-ile-resmen-kabul-edilmedigi-literature-gecmistir-1713705649.webp.webp\",\"articleSection\":[\"Ekonomi\"],\"inLanguage\":\"tr\",\"potentialAction\":[{\"@type\":\"CommentAction\",\"name\":\"Comment\",\"target\":[\"https:\\\/\\\/kibrisdakik.com\\\/?p=39229#respond\"]}]},{\"@type\":\"WebPage\",\"@id\":\"https:\\\/\\\/kibrisdakik.com\\\/?p=39229\",\"url\":\"https:\\\/\\\/kibrisdakik.com\\\/?p=39229\",\"name\":\"\u201c20 y\u0131l \u00f6nce K\u0131br\u0131s\u2019ta federal bir \u00e7\u00f6z\u00fcm \u015feklinin, Rum halk\u0131n\u0131n y\u00fczde 75 \u2018hay\u0131r\u2019 oyu ile resmen kabul edilmedi\u011fi literat\u00fcre ge\u00e7mi\u015ftir\u201d -\",\"isPartOf\":{\"@id\":\"https:\\\/\\\/kibrisdakik.com\\\/#website\"},\"primaryImageOfPage\":{\"@id\":\"https:\\\/\\\/kibrisdakik.com\\\/?p=39229#primaryimage\"},\"image\":{\"@id\":\"https:\\\/\\\/kibrisdakik.com\\\/?p=39229#primaryimage\"},\"thumbnailUrl\":\"https:\\\/\\\/kibrisdakik.com\\\/wp-content\\\/uploads\\\/2024\\\/04\\\/20-yil-once-kibrista-federal-bir-cozum-seklinin-rum-halkinin-yuzde-75-hayir-oyu-ile-resmen-kabul-edilmedigi-literature-gecmistir-1713705649.webp.webp\",\"datePublished\":\"2024-04-21T13:39:08+00:00\",\"breadcrumb\":{\"@id\":\"https:\\\/\\\/kibrisdakik.com\\\/?p=39229#breadcrumb\"},\"inLanguage\":\"tr\",\"potentialAction\":[{\"@type\":\"ReadAction\",\"target\":[\"https:\\\/\\\/kibrisdakik.com\\\/?p=39229\"]}]},{\"@type\":\"ImageObject\",\"inLanguage\":\"tr\",\"@id\":\"https:\\\/\\\/kibrisdakik.com\\\/?p=39229#primaryimage\",\"url\":\"https:\\\/\\\/kibrisdakik.com\\\/wp-content\\\/uploads\\\/2024\\\/04\\\/20-yil-once-kibrista-federal-bir-cozum-seklinin-rum-halkinin-yuzde-75-hayir-oyu-ile-resmen-kabul-edilmedigi-literature-gecmistir-1713705649.webp.webp\",\"contentUrl\":\"https:\\\/\\\/kibrisdakik.com\\\/wp-content\\\/uploads\\\/2024\\\/04\\\/20-yil-once-kibrista-federal-bir-cozum-seklinin-rum-halkinin-yuzde-75-hayir-oyu-ile-resmen-kabul-edilmedigi-literature-gecmistir-1713705649.webp.webp\",\"width\":710,\"height\":370},{\"@type\":\"BreadcrumbList\",\"@id\":\"https:\\\/\\\/kibrisdakik.com\\\/?p=39229#breadcrumb\",\"itemListElement\":[{\"@type\":\"ListItem\",\"position\":1,\"name\":\"Home\",\"item\":\"https:\\\/\\\/kibrisdakik.com\\\/\"},{\"@type\":\"ListItem\",\"position\":2,\"name\":\"\u201c20 y\u0131l \u00f6nce K\u0131br\u0131s\u2019ta federal bir \u00e7\u00f6z\u00fcm \u015feklinin, Rum halk\u0131n\u0131n y\u00fczde 75 \u2018hay\u0131r\u2019 oyu ile resmen kabul edilmedi\u011fi literat\u00fcre ge\u00e7mi\u015ftir\u201d\"}]},{\"@type\":\"WebSite\",\"@id\":\"https:\\\/\\\/kibrisdakik.com\\\/#website\",\"url\":\"https:\\\/\\\/kibrisdakik.com\\\/\",\"name\":\"K\u0131br\u0131s Dakik\",\"description\":\"Tam vaktinde haber\",\"publisher\":{\"@id\":\"https:\\\/\\\/kibrisdakik.com\\\/#organization\"},\"potentialAction\":[{\"@type\":\"SearchAction\",\"target\":{\"@type\":\"EntryPoint\",\"urlTemplate\":\"https:\\\/\\\/kibrisdakik.com\\\/?s={search_term_string}\"},\"query-input\":{\"@type\":\"PropertyValueSpecification\",\"valueRequired\":true,\"valueName\":\"search_term_string\"}}],\"inLanguage\":\"tr\"},{\"@type\":\"Organization\",\"@id\":\"https:\\\/\\\/kibrisdakik.com\\\/#organization\",\"name\":\"K\u0131br\u0131s Dakik\",\"url\":\"https:\\\/\\\/kibrisdakik.com\\\/\",\"logo\":{\"@type\":\"ImageObject\",\"inLanguage\":\"tr\",\"@id\":\"https:\\\/\\\/kibrisdakik.com\\\/#\\\/schema\\\/logo\\\/image\\\/\",\"url\":\"https:\\\/\\\/kibrisdakik.com\\\/wp-content\\\/uploads\\\/2025\\\/10\\\/cropped-WhatsApp-Image-2025-10-02-at-12.58.31.jpeg\",\"contentUrl\":\"https:\\\/\\\/kibrisdakik.com\\\/wp-content\\\/uploads\\\/2025\\\/10\\\/cropped-WhatsApp-Image-2025-10-02-at-12.58.31.jpeg\",\"width\":1237,\"height\":190,\"caption\":\"K\u0131br\u0131s Dakik\"},\"image\":{\"@id\":\"https:\\\/\\\/kibrisdakik.com\\\/#\\\/schema\\\/logo\\\/image\\\/\"}},{\"@type\":\"Person\",\"@id\":\"https:\\\/\\\/kibrisdakik.com\\\/#\\\/schema\\\/person\\\/9cd9d437bbb44f72b73ba127e06d8e79\",\"name\":\"admin\",\"image\":{\"@type\":\"ImageObject\",\"inLanguage\":\"tr\",\"@id\":\"https:\\\/\\\/secure.gravatar.com\\\/avatar\\\/ccc17943b9d660506c869530f897617f7cb1c21a4bf30023f252596d83e1f007?s=96&d=mm&r=g\",\"url\":\"https:\\\/\\\/secure.gravatar.com\\\/avatar\\\/ccc17943b9d660506c869530f897617f7cb1c21a4bf30023f252596d83e1f007?s=96&d=mm&r=g\",\"contentUrl\":\"https:\\\/\\\/secure.gravatar.com\\\/avatar\\\/ccc17943b9d660506c869530f897617f7cb1c21a4bf30023f252596d83e1f007?s=96&d=mm&r=g\",\"caption\":\"admin\"},\"sameAs\":[\"https:\\\/\\\/kibrisdakik.com\"],\"url\":\"https:\\\/\\\/kibrisdakik.com\\\/?author=1\"}]}<\/script>\n<!-- \/ Yoast SEO plugin. -->","yoast_head_json":{"title":"\u201c20 y\u0131l \u00f6nce K\u0131br\u0131s\u2019ta federal bir \u00e7\u00f6z\u00fcm \u015feklinin, Rum halk\u0131n\u0131n y\u00fczde 75 \u2018hay\u0131r\u2019 oyu ile resmen kabul edilmedi\u011fi literat\u00fcre ge\u00e7mi\u015ftir\u201d -","robots":{"index":"index","follow":"follow","max-snippet":"max-snippet:-1","max-image-preview":"max-image-preview:large","max-video-preview":"max-video-preview:-1"},"canonical":"https:\/\/kibrisdakik.com\/?p=39229","og_locale":"tr_TR","og_type":"article","og_title":"\u201c20 y\u0131l \u00f6nce K\u0131br\u0131s\u2019ta federal bir \u00e7\u00f6z\u00fcm \u015feklinin, Rum halk\u0131n\u0131n y\u00fczde 75 \u2018hay\u0131r\u2019 oyu ile resmen kabul edilmedi\u011fi literat\u00fcre ge\u00e7mi\u015ftir\u201d -","og_description":"UBP Genel Sekreteri O\u011fuzhan Hasipo\u011flu Annan Plan\u0131Rreferandumu\u2019nun 20. y\u0131l d\u00f6n\u00fcm\u00fc nedeniyle UBP Genel Merkezi arac\u0131l\u0131\u011f\u0131yla a\u00e7\u0131klama yapt\u0131. &nbsp; &nbsp; Hasipo\u011flu, &nbsp;d\u00f6nemin&nbsp; BM Genel Sekreteri merhum Kofi Annan\u2019\u0131n ad\u0131 ile \u00f6zde\u015fle\u015fmi\u015f Annan Plan\u0131\u2019n\u0131n, K\u0131br\u0131s\u2019ta iki halk\u0131n onay\u0131na sunulmas\u0131n\u0131n \u00fczerinden tam 20 y\u0131l ge\u00e7ti\u011fini belirterek,&nbsp; \u201cK\u0131br\u0131s T\u00fcrk halk\u0131n\u0131n, self determinasyon hakk\u0131n\u0131n,&nbsp; demokratik onay\u0131n\u0131n, tart\u0131\u015f\u0131lacak bir durum olmad\u0131\u011f\u0131n\u0131","og_url":"https:\/\/kibrisdakik.com\/?p=39229","article_published_time":"2024-04-21T13:39:08+00:00","og_image":[{"width":710,"height":370,"url":"https:\/\/kibrisdakik.com\/wp-content\/uploads\/2024\/04\/20-yil-once-kibrista-federal-bir-cozum-seklinin-rum-halkinin-yuzde-75-hayir-oyu-ile-resmen-kabul-edilmedigi-literature-gecmistir-1713705649.webp.webp","type":"image\/webp"}],"author":"admin","twitter_card":"summary_large_image","twitter_misc":{"Yazan:":"admin","Tahmini okuma s\u00fcresi":"4 dakika"},"schema":{"@context":"https:\/\/schema.org","@graph":[{"@type":"Article","@id":"https:\/\/kibrisdakik.com\/?p=39229#article","isPartOf":{"@id":"https:\/\/kibrisdakik.com\/?p=39229"},"author":{"name":"admin","@id":"https:\/\/kibrisdakik.com\/#\/schema\/person\/9cd9d437bbb44f72b73ba127e06d8e79"},"headline":"\u201c20 y\u0131l \u00f6nce K\u0131br\u0131s\u2019ta federal bir \u00e7\u00f6z\u00fcm \u015feklinin, Rum halk\u0131n\u0131n y\u00fczde 75 \u2018hay\u0131r\u2019 oyu ile resmen kabul edilmedi\u011fi literat\u00fcre ge\u00e7mi\u015ftir\u201d","datePublished":"2024-04-21T13:39:08+00:00","mainEntityOfPage":{"@id":"https:\/\/kibrisdakik.com\/?p=39229"},"wordCount":741,"commentCount":0,"publisher":{"@id":"https:\/\/kibrisdakik.com\/#organization"},"image":{"@id":"https:\/\/kibrisdakik.com\/?p=39229#primaryimage"},"thumbnailUrl":"https:\/\/kibrisdakik.com\/wp-content\/uploads\/2024\/04\/20-yil-once-kibrista-federal-bir-cozum-seklinin-rum-halkinin-yuzde-75-hayir-oyu-ile-resmen-kabul-edilmedigi-literature-gecmistir-1713705649.webp.webp","articleSection":["Ekonomi"],"inLanguage":"tr","potentialAction":[{"@type":"CommentAction","name":"Comment","target":["https:\/\/kibrisdakik.com\/?p=39229#respond"]}]},{"@type":"WebPage","@id":"https:\/\/kibrisdakik.com\/?p=39229","url":"https:\/\/kibrisdakik.com\/?p=39229","name":"\u201c20 y\u0131l \u00f6nce K\u0131br\u0131s\u2019ta federal bir \u00e7\u00f6z\u00fcm \u015feklinin, Rum halk\u0131n\u0131n y\u00fczde 75 \u2018hay\u0131r\u2019 oyu ile resmen kabul edilmedi\u011fi literat\u00fcre ge\u00e7mi\u015ftir\u201d -","isPartOf":{"@id":"https:\/\/kibrisdakik.com\/#website"},"primaryImageOfPage":{"@id":"https:\/\/kibrisdakik.com\/?p=39229#primaryimage"},"image":{"@id":"https:\/\/kibrisdakik.com\/?p=39229#primaryimage"},"thumbnailUrl":"https:\/\/kibrisdakik.com\/wp-content\/uploads\/2024\/04\/20-yil-once-kibrista-federal-bir-cozum-seklinin-rum-halkinin-yuzde-75-hayir-oyu-ile-resmen-kabul-edilmedigi-literature-gecmistir-1713705649.webp.webp","datePublished":"2024-04-21T13:39:08+00:00","breadcrumb":{"@id":"https:\/\/kibrisdakik.com\/?p=39229#breadcrumb"},"inLanguage":"tr","potentialAction":[{"@type":"ReadAction","target":["https:\/\/kibrisdakik.com\/?p=39229"]}]},{"@type":"ImageObject","inLanguage":"tr","@id":"https:\/\/kibrisdakik.com\/?p=39229#primaryimage","url":"https:\/\/kibrisdakik.com\/wp-content\/uploads\/2024\/04\/20-yil-once-kibrista-federal-bir-cozum-seklinin-rum-halkinin-yuzde-75-hayir-oyu-ile-resmen-kabul-edilmedigi-literature-gecmistir-1713705649.webp.webp","contentUrl":"https:\/\/kibrisdakik.com\/wp-content\/uploads\/2024\/04\/20-yil-once-kibrista-federal-bir-cozum-seklinin-rum-halkinin-yuzde-75-hayir-oyu-ile-resmen-kabul-edilmedigi-literature-gecmistir-1713705649.webp.webp","width":710,"height":370},{"@type":"BreadcrumbList","@id":"https:\/\/kibrisdakik.com\/?p=39229#breadcrumb","itemListElement":[{"@type":"ListItem","position":1,"name":"Home","item":"https:\/\/kibrisdakik.com\/"},{"@type":"ListItem","position":2,"name":"\u201c20 y\u0131l \u00f6nce K\u0131br\u0131s\u2019ta federal bir \u00e7\u00f6z\u00fcm \u015feklinin, Rum halk\u0131n\u0131n y\u00fczde 75 \u2018hay\u0131r\u2019 oyu ile resmen kabul edilmedi\u011fi literat\u00fcre ge\u00e7mi\u015ftir\u201d"}]},{"@type":"WebSite","@id":"https:\/\/kibrisdakik.com\/#website","url":"https:\/\/kibrisdakik.com\/","name":"K\u0131br\u0131s Dakik","description":"Tam vaktinde haber","publisher":{"@id":"https:\/\/kibrisdakik.com\/#organization"},"potentialAction":[{"@type":"SearchAction","target":{"@type":"EntryPoint","urlTemplate":"https:\/\/kibrisdakik.com\/?s={search_term_string}"},"query-input":{"@type":"PropertyValueSpecification","valueRequired":true,"valueName":"search_term_string"}}],"inLanguage":"tr"},{"@type":"Organization","@id":"https:\/\/kibrisdakik.com\/#organization","name":"K\u0131br\u0131s Dakik","url":"https:\/\/kibrisdakik.com\/","logo":{"@type":"ImageObject","inLanguage":"tr","@id":"https:\/\/kibrisdakik.com\/#\/schema\/logo\/image\/","url":"https:\/\/kibrisdakik.com\/wp-content\/uploads\/2025\/10\/cropped-WhatsApp-Image-2025-10-02-at-12.58.31.jpeg","contentUrl":"https:\/\/kibrisdakik.com\/wp-content\/uploads\/2025\/10\/cropped-WhatsApp-Image-2025-10-02-at-12.58.31.jpeg","width":1237,"height":190,"caption":"K\u0131br\u0131s Dakik"},"image":{"@id":"https:\/\/kibrisdakik.com\/#\/schema\/logo\/image\/"}},{"@type":"Person","@id":"https:\/\/kibrisdakik.com\/#\/schema\/person\/9cd9d437bbb44f72b73ba127e06d8e79","name":"admin","image":{"@type":"ImageObject","inLanguage":"tr","@id":"https:\/\/secure.gravatar.com\/avatar\/ccc17943b9d660506c869530f897617f7cb1c21a4bf30023f252596d83e1f007?s=96&d=mm&r=g","url":"https:\/\/secure.gravatar.com\/avatar\/ccc17943b9d660506c869530f897617f7cb1c21a4bf30023f252596d83e1f007?s=96&d=mm&r=g","contentUrl":"https:\/\/secure.gravatar.com\/avatar\/ccc17943b9d660506c869530f897617f7cb1c21a4bf30023f252596d83e1f007?s=96&d=mm&r=g","caption":"admin"},"sameAs":["https:\/\/kibrisdakik.com"],"url":"https:\/\/kibrisdakik.com\/?author=1"}]}},"_links":{"self":[{"href":"https:\/\/kibrisdakik.com\/index.php?rest_route=\/wp\/v2\/posts\/39229","targetHints":{"allow":["GET"]}}],"collection":[{"href":"https:\/\/kibrisdakik.com\/index.php?rest_route=\/wp\/v2\/posts"}],"about":[{"href":"https:\/\/kibrisdakik.com\/index.php?rest_route=\/wp\/v2\/types\/post"}],"author":[{"embeddable":true,"href":"https:\/\/kibrisdakik.com\/index.php?rest_route=\/wp\/v2\/users\/1"}],"replies":[{"embeddable":true,"href":"https:\/\/kibrisdakik.com\/index.php?rest_route=%2Fwp%2Fv2%2Fcomments&post=39229"}],"version-history":[{"count":0,"href":"https:\/\/kibrisdakik.com\/index.php?rest_route=\/wp\/v2\/posts\/39229\/revisions"}],"wp:featuredmedia":[{"embeddable":true,"href":"https:\/\/kibrisdakik.com\/index.php?rest_route=\/wp\/v2\/media\/39230"}],"wp:attachment":[{"href":"https:\/\/kibrisdakik.com\/index.php?rest_route=%2Fwp%2Fv2%2Fmedia&parent=39229"}],"wp:term":[{"taxonomy":"category","embeddable":true,"href":"https:\/\/kibrisdakik.com\/index.php?rest_route=%2Fwp%2Fv2%2Fcategories&post=39229"},{"taxonomy":"post_tag","embeddable":true,"href":"https:\/\/kibrisdakik.com\/index.php?rest_route=%2Fwp%2Fv2%2Ftags&post=39229"}],"curies":[{"name":"wp","href":"https:\/\/api.w.org\/{rel}","templated":true}]}}