{"id":39246,"date":"2024-04-21T15:31:56","date_gmt":"2024-04-21T15:31:56","guid":{"rendered":"https:\/\/kibrisdakik.com\/index.php\/2024\/04\/21\/akdenizde-sicakliklar-kuresel-ortalamanin-uzerinde-artacak\/"},"modified":"2024-04-21T15:31:56","modified_gmt":"2024-04-21T15:31:56","slug":"akdenizde-sicakliklar-kuresel-ortalamanin-uzerinde-artacak","status":"publish","type":"post","link":"https:\/\/kibrisdakik.com\/?p=39246","title":{"rendered":"&quot;Akdeniz&#039;de s\u0131cakl\u0131klar k\u00fcresel ortalaman\u0131n \u00fczerinde artacak&quot;"},"content":{"rendered":"<p><img decoding=\"async\" src=\"https:\/\/www.kibristurk.com\/images\/haberler\/2024\/04\/akdenizde-sicakliklar-kuresel-ortalamanin-uzerinde-artacak-1713712179.webp\" \/><\/p>\n<p>Silva, 22 Nisan Uluslararas\u0131 Toprak Ana G\u00fcn\u00fc dolay\u0131s\u0131yla ya\u015fanan k\u00fcresel iklim de\u011fi\u015fikli\u011finin&nbsp;Akdeniz b\u00f6lgesi&nbsp;ve T\u00fcrkiye&#8217;ye etkilerine ili\u015fkin sorular\u0131n\u0131 yan\u0131tlad\u0131. Silva, &#8220;\u00d6zellikle ekstrem olaylar\u0131n etkilerine, artan s\u0131kl\u0131k ve yo\u011funluklar\u0131na bakt\u0131\u011f\u0131m\u0131zda iklim de\u011fi\u015fikli\u011finin giderek \u00e7o\u011falan kan\u0131tlar\u0131n\u0131 g\u00f6r\u00fcyoruz&#8221; dedi.<\/p>\n<p>\u0130klim sisteminin \u00e7e\u015fitli bile\u015fenleri i\u00e7in endi\u015fe verici rekorlar k\u0131r\u0131ld\u0131\u011f\u0131na i\u015faret eden Silva, buzullar\u0131n giderek daha fazla eridi\u011fine tan\u0131k olundu\u011funu ve 1950&#8217;den bu yana tarihteki en b\u00fcy\u00fck buzul kayb\u0131n\u0131n 2022-2023 y\u0131llar\u0131nda ya\u015fand\u0131\u011f\u0131n\u0131 hat\u0131rlatt\u0131.<\/p>\n<p>Silva, buzul kayb\u0131n\u0131 b\u00fcy\u00fck bir &#8220;endi\u015fe kayna\u011f\u0131&#8221; olarak yorumlarken, &#8220;Avrupa Alpleri&#8217;nde a\u015f\u0131r\u0131 erime d\u00f6nemi ya\u015fand\u0131. Son iki y\u0131lda \u0130svi\u00e7re&#8217;deki buzullar mevcut hacimlerinin yakla\u015f\u0131k y\u00fczde 10&#8217;unu kaybetti&#8221; dedi.<\/p>\n<p>K\u00fcresel ortalama deniz seviyesinin ge\u00e7en y\u0131l rekor seviyeye ula\u015ft\u0131\u011f\u0131na dikkati \u00e7eken Silva, bunun, insan faaliyetlerinden kaynaklanan&nbsp;sera gaz\u0131&nbsp;emisyonlar\u0131 nedeniyle \u0131s\u0131nan iklimin etkisini g\u00f6sterdi\u011fini bildirdi.<\/p>\n<p>Silva, &#8220;Okyanus \u0131s\u0131 miktar\u0131 da yakla\u015f\u0131k 65 y\u0131ll\u0131k g\u00f6zlem kay\u0131tlar\u0131ndaki en y\u00fcksek seviyesine ula\u015ft\u0131. En \u00e7ok konu\u015fulan iklim g\u00f6stergesi y\u0131ll\u0131k k\u00fcresel s\u0131cakl\u0131kt\u0131r. 2023, kay\u0131tlardaki en s\u0131cak y\u0131l oldu&#8221; ifadesini kulland\u0131.<\/p>\n<p><strong>&#8220;Avrupa, 1980&#8217;den bu yana k\u00fcresel ortalaman\u0131n iki kat\u0131 kadar \u0131s\u0131n\u0131yor&#8221;<\/strong><\/p>\n<p>Silva, daha s\u0131cak bir atmosferin baz\u0131 b\u00f6lgelerin daha yo\u011fun&nbsp;ya\u011f\u0131\u015f&nbsp;alma \u015fans\u0131n\u0131 art\u0131raca\u011f\u0131, atmosferin buharla\u015fma talebinin daha y\u00fcksek olmas\u0131 nedeniyle di\u011fer b\u00f6lgelerde ise \u015fiddetli kurakl\u0131klar\u0131n ya\u015fanaca\u011f\u0131 anlam\u0131na gelece\u011fini s\u00f6yleyerek, &#8220;Dolay\u0131s\u0131yla bu z\u0131t hidrolojik a\u015f\u0131r\u0131l\u0131klar, daha s\u0131cak bir d\u00fcnyada daha da \u015fiddetleniyor&#8221; diye konu\u015ftu.<\/p>\n<p>Avrupa&#8217;n\u0131n 1980&#8217;den bu yana k\u00fcresel ortalaman\u0131n iki kat\u0131 kadar \u0131s\u0131nd\u0131\u011f\u0131n\u0131 belirten Silva, H\u00fck\u00fcmetleraras\u0131&nbsp;\u0130klim De\u011fi\u015fikli\u011fi&nbsp;Panelinin (IPCC), bu y\u00fczy\u0131lda iklim de\u011fi\u015fikli\u011finin Akdeniz b\u00f6lgesinde yo\u011funla\u015faca\u011f\u0131n\u0131 a\u00e7\u0131klad\u0131\u011f\u0131n\u0131 bildirdi.<\/p>\n<p>Silva, &#8220;Akdeniz&#8217;de, hava ve deniz s\u0131cakl\u0131klar\u0131, bunlar\u0131n ekstrem de\u011ferleri ile \u00f6zellikle s\u0131cak hava dalgalar\u0131, k\u00fcresel ortalaman\u0131n \u00fczerinde artmaya devam edecek gibi g\u00f6r\u00fcn\u00fcyor. Bu de\u011ferlendirmeye y\u00fcksek d\u00fczeyde g\u00fcven duyuluyor. Yani bu ger\u00e7ekle\u015fmesi \u00e7ok muhtemel bir durum. Is\u0131nma senaryolar\u0131na ba\u011fl\u0131 olarak b\u00f6lgede ya\u011f\u0131\u015flar\u0131n y\u00fczde 4 ila 22 azalmas\u0131 muhtemel&#8221; dedi.<\/p>\n<p>Ya\u011f\u0131\u015flardaki bu azalmaya ili\u015fkin di\u011fer \u00f6nemli endi\u015fe nedeninin ise&nbsp;kurakl\u0131k&nbsp;oldu\u011funa de\u011finen Silva, Akdeniz havzas\u0131ndaki \u00fclkelerde kurakl\u0131\u011f\u0131n daha da yayg\u0131nla\u015faca\u011f\u0131n\u0131n tahmin edildi\u011fini vurgulad\u0131.<\/p>\n<p>Silva, Akdeniz&#8217;deki deniz seviyesinin gelecek y\u0131llarda daha da y\u00fckselmesinin \u00f6ng\u00f6r\u00fcld\u00fc\u011f\u00fcne i\u015faret ederek, &#8220;Akdeniz \u00e7evresindeki al\u00e7ak k\u0131y\u0131 b\u00f6lgelerinde&nbsp;sel&nbsp;risklerinin maliyeti muhtemelen artacakt\u0131r&#8221; diye konu\u015ftu.<\/p>\n<p>Silva, iklim de\u011fi\u015fikli\u011finin, nehir ak\u0131\u015flar\u0131n\u0131 azaltarak b\u00f6lgedeki su mevcudiyetini tehdit etti\u011fine dikkati \u00e7ekerek, bu durumun b\u00f6lgedeki hidroelektrik kapasitesinin azalmas\u0131na da neden olaca\u011f\u0131n\u0131 s\u00f6yledi.<\/p>\n<p><strong>&#8220;T\u00fcrkiye&#8217;de de baz\u0131 y\u00fcksek s\u0131cakl\u0131k kay\u0131tlara ge\u00e7ti&#8221;<\/strong><\/p>\n<p>T\u00fcrkiye&#8217;nin, WMO&#8217;nun \u00fcyesi oldu\u011funu ve iklim raporlar\u0131na ili\u015fkin d\u00fczenli bilgi sa\u011flad\u0131\u011f\u0131na i\u015faret eden Silva, Devlet&nbsp;Meteoroloji&nbsp;\u0130\u015fleri Genel M\u00fcd\u00fcrl\u00fc\u011f\u00fcn\u00fcn, 2023&#8217;te \u00fclke genelinde meydana gelen \u015fiddetli ya\u011f\u0131\u015flar, f\u0131rt\u0131nalar, a\u015f\u0131r\u0131 s\u0131caklar ve kontrol edilemeyen yang\u0131nlar gibi ekstrem olaylar\u0131 bildirdi\u011fini belirtti.<\/p>\n<p>Silva, &#8220;T\u00fcrkiye&#8217;de de baz\u0131 y\u00fcksek s\u0131cakl\u0131klar kay\u0131tlara ge\u00e7ti. T\u00fcrkiye&#8217;nin Akdeniz havzas\u0131ndaki konumu, Akdeniz b\u00f6lgesiyle ayn\u0131 iklim ko\u015fullar\u0131 ve ekstrem de\u011fi\u015fikliklerden etkilenece\u011fi anlam\u0131na geliyor. Bu b\u00f6lgede s\u0131cakl\u0131klar\u0131n ve a\u015f\u0131r\u0131 s\u0131caklar\u0131n artmas\u0131, ya\u011f\u0131\u015flar\u0131n ve su mevcudiyetinin azalmas\u0131 bekleniyor.&#8221; dedi.<\/p>\n<p>Akdeniz havzas\u0131 \u00fclkeleri d\u0131\u015f\u0131nda d\u00fcnyan\u0131n bir\u00e7ok b\u00f6lgesinde de iklim de\u011fi\u015fikli\u011finin ya\u015fand\u0131\u011f\u0131n\u0131 dile getiren Silva, \u0131s\u0131nan iklim alt\u0131nda ekstrem olaylar\u0131n \u00e7ok daha fazla artt\u0131\u011f\u0131n\u0131 ve \u015fiddetlendi\u011fini ifade etti.<\/p>\n<p>Silva, iklim de\u011fi\u015fikli\u011finin, b\u00f6lgede can kay\u0131plar\u0131na, altyap\u0131 hasarlar\u0131na ve ekonomik \u015foklara yol a\u00e7an y\u0131k\u0131c\u0131 olaylara sebep oldu\u011funu belirterek, &#8220;Akdeniz b\u00f6lgesi iklim de\u011fi\u015fikli\u011finin ya\u015fand\u0131\u011f\u0131 s\u0131cak nokta. Bu durum, bu b\u00f6lgenin bir par\u00e7as\u0131 olarak T\u00fcrkiye i\u00e7in de endi\u015fe vericidir&#8221; dedi.<\/p>\n","protected":false},"excerpt":{"rendered":"<p>Silva, 22 Nisan Uluslararas\u0131 Toprak Ana G\u00fcn\u00fc dolay\u0131s\u0131yla ya\u015fanan k\u00fcresel iklim de\u011fi\u015fikli\u011finin&nbsp;Akdeniz b\u00f6lgesi&nbsp;ve T\u00fcrkiye&#8217;ye etkilerine ili\u015fkin sorular\u0131n\u0131 yan\u0131tlad\u0131. Silva, &#8220;\u00d6zellikle ekstrem olaylar\u0131n etkilerine, artan s\u0131kl\u0131k ve yo\u011funluklar\u0131na bakt\u0131\u011f\u0131m\u0131zda iklim de\u011fi\u015fikli\u011finin giderek \u00e7o\u011falan kan\u0131tlar\u0131n\u0131 g\u00f6r\u00fcyoruz&#8221; dedi. \u0130klim sisteminin \u00e7e\u015fitli bile\u015fenleri i\u00e7in endi\u015fe verici rekorlar k\u0131r\u0131ld\u0131\u011f\u0131na i\u015faret eden Silva, buzullar\u0131n giderek daha fazla eridi\u011fine tan\u0131k olundu\u011funu ve<\/p>\n","protected":false},"author":1,"featured_media":39247,"comment_status":"open","ping_status":"open","sticky":false,"template":"","format":"standard","meta":{"footnotes":""},"categories":[85],"tags":[],"class_list":["post-39246","post","type-post","status-publish","format-standard","has-post-thumbnail","hentry","category-spor"],"yoast_head":"<!-- This site is optimized with the Yoast SEO plugin v27.5 - https:\/\/yoast.com\/product\/yoast-seo-wordpress\/ -->\n<title>&quot;Akdeniz&#039;de s\u0131cakl\u0131klar k\u00fcresel ortalaman\u0131n \u00fczerinde artacak&quot; -<\/title>\n<meta name=\"robots\" content=\"index, follow, max-snippet:-1, max-image-preview:large, max-video-preview:-1\" \/>\n<link rel=\"canonical\" href=\"https:\/\/kibrisdakik.com\/?p=39246\" \/>\n<meta property=\"og:locale\" content=\"tr_TR\" \/>\n<meta property=\"og:type\" content=\"article\" \/>\n<meta property=\"og:title\" content=\"&quot;Akdeniz&#039;de s\u0131cakl\u0131klar k\u00fcresel ortalaman\u0131n \u00fczerinde artacak&quot; -\" \/>\n<meta property=\"og:description\" content=\"Silva, 22 Nisan Uluslararas\u0131 Toprak Ana G\u00fcn\u00fc dolay\u0131s\u0131yla ya\u015fanan k\u00fcresel iklim de\u011fi\u015fikli\u011finin&nbsp;Akdeniz b\u00f6lgesi&nbsp;ve T\u00fcrkiye&#8217;ye etkilerine ili\u015fkin sorular\u0131n\u0131 yan\u0131tlad\u0131. Silva, &#8220;\u00d6zellikle ekstrem olaylar\u0131n etkilerine, artan s\u0131kl\u0131k ve yo\u011funluklar\u0131na bakt\u0131\u011f\u0131m\u0131zda iklim de\u011fi\u015fikli\u011finin giderek \u00e7o\u011falan kan\u0131tlar\u0131n\u0131 g\u00f6r\u00fcyoruz&#8221; dedi. \u0130klim sisteminin \u00e7e\u015fitli bile\u015fenleri i\u00e7in endi\u015fe verici rekorlar k\u0131r\u0131ld\u0131\u011f\u0131na i\u015faret eden Silva, buzullar\u0131n giderek daha fazla eridi\u011fine tan\u0131k olundu\u011funu ve\" \/>\n<meta property=\"og:url\" content=\"https:\/\/kibrisdakik.com\/?p=39246\" \/>\n<meta property=\"article:published_time\" content=\"2024-04-21T15:31:56+00:00\" \/>\n<meta property=\"og:image\" content=\"https:\/\/kibrisdakik.com\/wp-content\/uploads\/2024\/04\/akdenizde-sicakliklar-kuresel-ortalamanin-uzerinde-artacak-1713712179.webp.webp\" \/>\n\t<meta property=\"og:image:width\" content=\"710\" \/>\n\t<meta property=\"og:image:height\" content=\"370\" \/>\n\t<meta property=\"og:image:type\" content=\"image\/webp\" \/>\n<meta name=\"author\" content=\"admin\" \/>\n<meta name=\"twitter:card\" content=\"summary_large_image\" \/>\n<meta name=\"twitter:label1\" content=\"Yazan:\" \/>\n\t<meta name=\"twitter:data1\" content=\"admin\" \/>\n\t<meta name=\"twitter:label2\" content=\"Tahmini okuma s\u00fcresi\" \/>\n\t<meta name=\"twitter:data2\" content=\"4 dakika\" \/>\n<script type=\"application\/ld+json\" class=\"yoast-schema-graph\">{\"@context\":\"https:\\\/\\\/schema.org\",\"@graph\":[{\"@type\":\"Article\",\"@id\":\"https:\\\/\\\/kibrisdakik.com\\\/?p=39246#article\",\"isPartOf\":{\"@id\":\"https:\\\/\\\/kibrisdakik.com\\\/?p=39246\"},\"author\":{\"name\":\"admin\",\"@id\":\"https:\\\/\\\/kibrisdakik.com\\\/#\\\/schema\\\/person\\\/9cd9d437bbb44f72b73ba127e06d8e79\"},\"headline\":\"&quot;Akdeniz&#039;de s\u0131cakl\u0131klar k\u00fcresel ortalaman\u0131n \u00fczerinde artacak&quot;\",\"datePublished\":\"2024-04-21T15:31:56+00:00\",\"mainEntityOfPage\":{\"@id\":\"https:\\\/\\\/kibrisdakik.com\\\/?p=39246\"},\"wordCount\":797,\"commentCount\":0,\"image\":{\"@id\":\"https:\\\/\\\/kibrisdakik.com\\\/?p=39246#primaryimage\"},\"thumbnailUrl\":\"https:\\\/\\\/kibrisdakik.com\\\/wp-content\\\/uploads\\\/2024\\\/04\\\/akdenizde-sicakliklar-kuresel-ortalamanin-uzerinde-artacak-1713712179.webp.webp\",\"articleSection\":[\"Spor\"],\"inLanguage\":\"tr\",\"potentialAction\":[{\"@type\":\"CommentAction\",\"name\":\"Comment\",\"target\":[\"https:\\\/\\\/kibrisdakik.com\\\/?p=39246#respond\"]}]},{\"@type\":\"WebPage\",\"@id\":\"https:\\\/\\\/kibrisdakik.com\\\/?p=39246\",\"url\":\"https:\\\/\\\/kibrisdakik.com\\\/?p=39246\",\"name\":\"&quot;Akdeniz&#039;de s\u0131cakl\u0131klar k\u00fcresel ortalaman\u0131n \u00fczerinde artacak&quot; -\",\"isPartOf\":{\"@id\":\"https:\\\/\\\/kibrisdakik.com\\\/#website\"},\"primaryImageOfPage\":{\"@id\":\"https:\\\/\\\/kibrisdakik.com\\\/?p=39246#primaryimage\"},\"image\":{\"@id\":\"https:\\\/\\\/kibrisdakik.com\\\/?p=39246#primaryimage\"},\"thumbnailUrl\":\"https:\\\/\\\/kibrisdakik.com\\\/wp-content\\\/uploads\\\/2024\\\/04\\\/akdenizde-sicakliklar-kuresel-ortalamanin-uzerinde-artacak-1713712179.webp.webp\",\"datePublished\":\"2024-04-21T15:31:56+00:00\",\"author\":{\"@id\":\"https:\\\/\\\/kibrisdakik.com\\\/#\\\/schema\\\/person\\\/9cd9d437bbb44f72b73ba127e06d8e79\"},\"breadcrumb\":{\"@id\":\"https:\\\/\\\/kibrisdakik.com\\\/?p=39246#breadcrumb\"},\"inLanguage\":\"tr\",\"potentialAction\":[{\"@type\":\"ReadAction\",\"target\":[\"https:\\\/\\\/kibrisdakik.com\\\/?p=39246\"]}]},{\"@type\":\"ImageObject\",\"inLanguage\":\"tr\",\"@id\":\"https:\\\/\\\/kibrisdakik.com\\\/?p=39246#primaryimage\",\"url\":\"https:\\\/\\\/kibrisdakik.com\\\/wp-content\\\/uploads\\\/2024\\\/04\\\/akdenizde-sicakliklar-kuresel-ortalamanin-uzerinde-artacak-1713712179.webp.webp\",\"contentUrl\":\"https:\\\/\\\/kibrisdakik.com\\\/wp-content\\\/uploads\\\/2024\\\/04\\\/akdenizde-sicakliklar-kuresel-ortalamanin-uzerinde-artacak-1713712179.webp.webp\",\"width\":710,\"height\":370},{\"@type\":\"BreadcrumbList\",\"@id\":\"https:\\\/\\\/kibrisdakik.com\\\/?p=39246#breadcrumb\",\"itemListElement\":[{\"@type\":\"ListItem\",\"position\":1,\"name\":\"Home\",\"item\":\"https:\\\/\\\/kibrisdakik.com\\\/\"},{\"@type\":\"ListItem\",\"position\":2,\"name\":\"&quot;Akdeniz&#039;de s\u0131cakl\u0131klar k\u00fcresel ortalaman\u0131n \u00fczerinde artacak&quot;\"}]},{\"@type\":\"WebSite\",\"@id\":\"https:\\\/\\\/kibrisdakik.com\\\/#website\",\"url\":\"https:\\\/\\\/kibrisdakik.com\\\/\",\"name\":\"\",\"description\":\"Tam vaktinde haber\",\"potentialAction\":[{\"@type\":\"SearchAction\",\"target\":{\"@type\":\"EntryPoint\",\"urlTemplate\":\"https:\\\/\\\/kibrisdakik.com\\\/?s={search_term_string}\"},\"query-input\":{\"@type\":\"PropertyValueSpecification\",\"valueRequired\":true,\"valueName\":\"search_term_string\"}}],\"inLanguage\":\"tr\"},{\"@type\":\"Person\",\"@id\":\"https:\\\/\\\/kibrisdakik.com\\\/#\\\/schema\\\/person\\\/9cd9d437bbb44f72b73ba127e06d8e79\",\"name\":\"admin\",\"image\":{\"@type\":\"ImageObject\",\"inLanguage\":\"tr\",\"@id\":\"https:\\\/\\\/secure.gravatar.com\\\/avatar\\\/ccc17943b9d660506c869530f897617f7cb1c21a4bf30023f252596d83e1f007?s=96&d=mm&r=g\",\"url\":\"https:\\\/\\\/secure.gravatar.com\\\/avatar\\\/ccc17943b9d660506c869530f897617f7cb1c21a4bf30023f252596d83e1f007?s=96&d=mm&r=g\",\"contentUrl\":\"https:\\\/\\\/secure.gravatar.com\\\/avatar\\\/ccc17943b9d660506c869530f897617f7cb1c21a4bf30023f252596d83e1f007?s=96&d=mm&r=g\",\"caption\":\"admin\"},\"sameAs\":[\"https:\\\/\\\/kibrisdakik.com\"],\"url\":\"https:\\\/\\\/kibrisdakik.com\\\/?author=1\"}]}<\/script>\n<!-- \/ Yoast SEO plugin. -->","yoast_head_json":{"title":"&quot;Akdeniz&#039;de s\u0131cakl\u0131klar k\u00fcresel ortalaman\u0131n \u00fczerinde artacak&quot; -","robots":{"index":"index","follow":"follow","max-snippet":"max-snippet:-1","max-image-preview":"max-image-preview:large","max-video-preview":"max-video-preview:-1"},"canonical":"https:\/\/kibrisdakik.com\/?p=39246","og_locale":"tr_TR","og_type":"article","og_title":"&quot;Akdeniz&#039;de s\u0131cakl\u0131klar k\u00fcresel ortalaman\u0131n \u00fczerinde artacak&quot; -","og_description":"Silva, 22 Nisan Uluslararas\u0131 Toprak Ana G\u00fcn\u00fc dolay\u0131s\u0131yla ya\u015fanan k\u00fcresel iklim de\u011fi\u015fikli\u011finin&nbsp;Akdeniz b\u00f6lgesi&nbsp;ve T\u00fcrkiye&#8217;ye etkilerine ili\u015fkin sorular\u0131n\u0131 yan\u0131tlad\u0131. Silva, &#8220;\u00d6zellikle ekstrem olaylar\u0131n etkilerine, artan s\u0131kl\u0131k ve yo\u011funluklar\u0131na bakt\u0131\u011f\u0131m\u0131zda iklim de\u011fi\u015fikli\u011finin giderek \u00e7o\u011falan kan\u0131tlar\u0131n\u0131 g\u00f6r\u00fcyoruz&#8221; dedi. \u0130klim sisteminin \u00e7e\u015fitli bile\u015fenleri i\u00e7in endi\u015fe verici rekorlar k\u0131r\u0131ld\u0131\u011f\u0131na i\u015faret eden Silva, buzullar\u0131n giderek daha fazla eridi\u011fine tan\u0131k olundu\u011funu ve","og_url":"https:\/\/kibrisdakik.com\/?p=39246","article_published_time":"2024-04-21T15:31:56+00:00","og_image":[{"width":710,"height":370,"url":"https:\/\/kibrisdakik.com\/wp-content\/uploads\/2024\/04\/akdenizde-sicakliklar-kuresel-ortalamanin-uzerinde-artacak-1713712179.webp.webp","type":"image\/webp"}],"author":"admin","twitter_card":"summary_large_image","twitter_misc":{"Yazan:":"admin","Tahmini okuma s\u00fcresi":"4 dakika"},"schema":{"@context":"https:\/\/schema.org","@graph":[{"@type":"Article","@id":"https:\/\/kibrisdakik.com\/?p=39246#article","isPartOf":{"@id":"https:\/\/kibrisdakik.com\/?p=39246"},"author":{"name":"admin","@id":"https:\/\/kibrisdakik.com\/#\/schema\/person\/9cd9d437bbb44f72b73ba127e06d8e79"},"headline":"&quot;Akdeniz&#039;de s\u0131cakl\u0131klar k\u00fcresel ortalaman\u0131n \u00fczerinde artacak&quot;","datePublished":"2024-04-21T15:31:56+00:00","mainEntityOfPage":{"@id":"https:\/\/kibrisdakik.com\/?p=39246"},"wordCount":797,"commentCount":0,"image":{"@id":"https:\/\/kibrisdakik.com\/?p=39246#primaryimage"},"thumbnailUrl":"https:\/\/kibrisdakik.com\/wp-content\/uploads\/2024\/04\/akdenizde-sicakliklar-kuresel-ortalamanin-uzerinde-artacak-1713712179.webp.webp","articleSection":["Spor"],"inLanguage":"tr","potentialAction":[{"@type":"CommentAction","name":"Comment","target":["https:\/\/kibrisdakik.com\/?p=39246#respond"]}]},{"@type":"WebPage","@id":"https:\/\/kibrisdakik.com\/?p=39246","url":"https:\/\/kibrisdakik.com\/?p=39246","name":"&quot;Akdeniz&#039;de s\u0131cakl\u0131klar k\u00fcresel ortalaman\u0131n \u00fczerinde artacak&quot; -","isPartOf":{"@id":"https:\/\/kibrisdakik.com\/#website"},"primaryImageOfPage":{"@id":"https:\/\/kibrisdakik.com\/?p=39246#primaryimage"},"image":{"@id":"https:\/\/kibrisdakik.com\/?p=39246#primaryimage"},"thumbnailUrl":"https:\/\/kibrisdakik.com\/wp-content\/uploads\/2024\/04\/akdenizde-sicakliklar-kuresel-ortalamanin-uzerinde-artacak-1713712179.webp.webp","datePublished":"2024-04-21T15:31:56+00:00","author":{"@id":"https:\/\/kibrisdakik.com\/#\/schema\/person\/9cd9d437bbb44f72b73ba127e06d8e79"},"breadcrumb":{"@id":"https:\/\/kibrisdakik.com\/?p=39246#breadcrumb"},"inLanguage":"tr","potentialAction":[{"@type":"ReadAction","target":["https:\/\/kibrisdakik.com\/?p=39246"]}]},{"@type":"ImageObject","inLanguage":"tr","@id":"https:\/\/kibrisdakik.com\/?p=39246#primaryimage","url":"https:\/\/kibrisdakik.com\/wp-content\/uploads\/2024\/04\/akdenizde-sicakliklar-kuresel-ortalamanin-uzerinde-artacak-1713712179.webp.webp","contentUrl":"https:\/\/kibrisdakik.com\/wp-content\/uploads\/2024\/04\/akdenizde-sicakliklar-kuresel-ortalamanin-uzerinde-artacak-1713712179.webp.webp","width":710,"height":370},{"@type":"BreadcrumbList","@id":"https:\/\/kibrisdakik.com\/?p=39246#breadcrumb","itemListElement":[{"@type":"ListItem","position":1,"name":"Home","item":"https:\/\/kibrisdakik.com\/"},{"@type":"ListItem","position":2,"name":"&quot;Akdeniz&#039;de s\u0131cakl\u0131klar k\u00fcresel ortalaman\u0131n \u00fczerinde artacak&quot;"}]},{"@type":"WebSite","@id":"https:\/\/kibrisdakik.com\/#website","url":"https:\/\/kibrisdakik.com\/","name":"","description":"Tam vaktinde haber","potentialAction":[{"@type":"SearchAction","target":{"@type":"EntryPoint","urlTemplate":"https:\/\/kibrisdakik.com\/?s={search_term_string}"},"query-input":{"@type":"PropertyValueSpecification","valueRequired":true,"valueName":"search_term_string"}}],"inLanguage":"tr"},{"@type":"Person","@id":"https:\/\/kibrisdakik.com\/#\/schema\/person\/9cd9d437bbb44f72b73ba127e06d8e79","name":"admin","image":{"@type":"ImageObject","inLanguage":"tr","@id":"https:\/\/secure.gravatar.com\/avatar\/ccc17943b9d660506c869530f897617f7cb1c21a4bf30023f252596d83e1f007?s=96&d=mm&r=g","url":"https:\/\/secure.gravatar.com\/avatar\/ccc17943b9d660506c869530f897617f7cb1c21a4bf30023f252596d83e1f007?s=96&d=mm&r=g","contentUrl":"https:\/\/secure.gravatar.com\/avatar\/ccc17943b9d660506c869530f897617f7cb1c21a4bf30023f252596d83e1f007?s=96&d=mm&r=g","caption":"admin"},"sameAs":["https:\/\/kibrisdakik.com"],"url":"https:\/\/kibrisdakik.com\/?author=1"}]}},"_links":{"self":[{"href":"https:\/\/kibrisdakik.com\/index.php?rest_route=\/wp\/v2\/posts\/39246","targetHints":{"allow":["GET"]}}],"collection":[{"href":"https:\/\/kibrisdakik.com\/index.php?rest_route=\/wp\/v2\/posts"}],"about":[{"href":"https:\/\/kibrisdakik.com\/index.php?rest_route=\/wp\/v2\/types\/post"}],"author":[{"embeddable":true,"href":"https:\/\/kibrisdakik.com\/index.php?rest_route=\/wp\/v2\/users\/1"}],"replies":[{"embeddable":true,"href":"https:\/\/kibrisdakik.com\/index.php?rest_route=%2Fwp%2Fv2%2Fcomments&post=39246"}],"version-history":[{"count":0,"href":"https:\/\/kibrisdakik.com\/index.php?rest_route=\/wp\/v2\/posts\/39246\/revisions"}],"wp:featuredmedia":[{"embeddable":true,"href":"https:\/\/kibrisdakik.com\/index.php?rest_route=\/wp\/v2\/media\/39247"}],"wp:attachment":[{"href":"https:\/\/kibrisdakik.com\/index.php?rest_route=%2Fwp%2Fv2%2Fmedia&parent=39246"}],"wp:term":[{"taxonomy":"category","embeddable":true,"href":"https:\/\/kibrisdakik.com\/index.php?rest_route=%2Fwp%2Fv2%2Fcategories&post=39246"},{"taxonomy":"post_tag","embeddable":true,"href":"https:\/\/kibrisdakik.com\/index.php?rest_route=%2Fwp%2Fv2%2Ftags&post=39246"}],"curies":[{"name":"wp","href":"https:\/\/api.w.org\/{rel}","templated":true}]}}