{"id":39262,"date":"2024-04-21T17:42:57","date_gmt":"2024-04-21T17:42:57","guid":{"rendered":"https:\/\/kibrisdakik.com\/index.php\/2024\/04\/21\/kirgizistanda-bu-yil-8-milyon-fidan-dikilecek\/"},"modified":"2024-04-21T17:42:57","modified_gmt":"2024-04-21T17:42:57","slug":"kirgizistanda-bu-yil-8-milyon-fidan-dikilecek","status":"publish","type":"post","link":"https:\/\/kibrisdakik.com\/?p=39262","title":{"rendered":"K\u0131rg\u0131zistan&#039;da bu y\u0131l 8 milyon fidan dikilecek"},"content":{"rendered":"<p><img decoding=\"async\" src=\"https:\/\/www.kibristurk.com\/images\/haberler\/2024\/04\/kirgizistanda-bu-yil-8-milyon-fidan-dikilecek-1713718926.webp\" \/><\/p>\n<p>K\u0131rg\u0131zistan Cumhurba\u015fkan\u0131 Sad\u0131r Caparov, ba\u015fkent Bi\u015fkek&#8217;te Maksim Gorgiy Caddesi&#8217;ndeki geni\u015f \u00e7apl\u0131 yenileme \u00e7al\u0131\u015fmalar\u0131n\u0131n tamamlanmas\u0131n\u0131n ard\u0131ndan a\u00e7\u0131lan Enver Gareyev Botanik Bah\u00e7esi&#8217;ni ziyaret etti.<\/p>\n<p>Caparov, burada yapt\u0131\u011f\u0131 konu\u015fmada, Sovyetler Birli\u011fi b\u00fcnyesindeki Kara-K\u0131rg\u0131z \u00d6zerk B\u00f6lgesi&#8217;nin kurulu\u015funun 100&#8217;\u00fcnc\u00fc y\u0131l\u0131 kutlamalar\u0131 kapsam\u0131nda bu y\u0131l 8 milyon fidan dikmeyi planlad\u0131klar\u0131n\u0131 s\u00f6yledi.<\/p>\n<p>Ba\u015fkentin son 15 y\u0131lda &#8220;ye\u015fil \u015fehir olma&#8221; stat\u00fcs\u00fcn\u00fc kaybetti\u011fine i\u015faret eden Caparov, &#8220;Parklar ya\u011fmaland\u0131, i\u00e7indeki arsalar sat\u0131larak \u00f6zele devredildi.&#8221; ifadesini kulland\u0131.<\/p>\n<p>Caparov, \u00fclke genelinde parklar\u0131n d\u00fczenlenmesine \u00f6nem verdiklerini, Bi\u015fkek&#8217;i ye\u015fil \u015fehir olarak eski ihti\u015fam\u0131na d\u00f6nd\u00fcrme niyetinde olduklar\u0131n\u0131 dile getirdi.<\/p>\n<p>Ge\u00e7en y\u0131l ba\u015flat\u0131lan &#8220;Ye\u015fil Miras&#8221; ulusal kampanyas\u0131n\u0131n \u00fclkenin do\u011fas\u0131n\u0131n korunmas\u0131 i\u00e7in \u00f6nemini vurgulayan Caparov, vatanda\u015flara \u015fehirlerin temizli\u011fine, a\u011fa\u00e7 ve fidanlar\u0131n bak\u0131m\u0131na dikkat etmeleri \u00e7a\u011fr\u0131s\u0131nda bulundu.<\/p>\n","protected":false},"excerpt":{"rendered":"<p>K\u0131rg\u0131zistan Cumhurba\u015fkan\u0131 Sad\u0131r Caparov, ba\u015fkent Bi\u015fkek&#8217;te Maksim Gorgiy Caddesi&#8217;ndeki geni\u015f \u00e7apl\u0131 yenileme \u00e7al\u0131\u015fmalar\u0131n\u0131n tamamlanmas\u0131n\u0131n ard\u0131ndan a\u00e7\u0131lan Enver Gareyev Botanik Bah\u00e7esi&#8217;ni ziyaret etti. Caparov, burada yapt\u0131\u011f\u0131 konu\u015fmada, Sovyetler Birli\u011fi b\u00fcnyesindeki Kara-K\u0131rg\u0131z \u00d6zerk B\u00f6lgesi&#8217;nin kurulu\u015funun 100&#8217;\u00fcnc\u00fc y\u0131l\u0131 kutlamalar\u0131 kapsam\u0131nda bu y\u0131l 8 milyon fidan dikmeyi planlad\u0131klar\u0131n\u0131 s\u00f6yledi. Ba\u015fkentin son 15 y\u0131lda &#8220;ye\u015fil \u015fehir olma&#8221; stat\u00fcs\u00fcn\u00fc kaybetti\u011fine i\u015faret<\/p>\n","protected":false},"author":1,"featured_media":39263,"comment_status":"open","ping_status":"open","sticky":false,"template":"","format":"standard","meta":{"footnotes":""},"categories":[79],"tags":[],"class_list":["post-39262","post","type-post","status-publish","format-standard","has-post-thumbnail","hentry","category-ekonomi"],"yoast_head":"<!-- This site is optimized with the Yoast SEO plugin v27.5 - https:\/\/yoast.com\/product\/yoast-seo-wordpress\/ -->\n<title>K\u0131rg\u0131zistan&#039;da bu y\u0131l 8 milyon fidan dikilecek -<\/title>\n<meta name=\"robots\" content=\"index, follow, max-snippet:-1, max-image-preview:large, max-video-preview:-1\" \/>\n<link rel=\"canonical\" href=\"https:\/\/kibrisdakik.com\/?p=39262\" \/>\n<meta property=\"og:locale\" content=\"tr_TR\" \/>\n<meta property=\"og:type\" content=\"article\" \/>\n<meta property=\"og:title\" content=\"K\u0131rg\u0131zistan&#039;da bu y\u0131l 8 milyon fidan dikilecek -\" \/>\n<meta property=\"og:description\" content=\"K\u0131rg\u0131zistan Cumhurba\u015fkan\u0131 Sad\u0131r Caparov, ba\u015fkent Bi\u015fkek&#8217;te Maksim Gorgiy Caddesi&#8217;ndeki geni\u015f \u00e7apl\u0131 yenileme \u00e7al\u0131\u015fmalar\u0131n\u0131n tamamlanmas\u0131n\u0131n ard\u0131ndan a\u00e7\u0131lan Enver Gareyev Botanik Bah\u00e7esi&#8217;ni ziyaret etti. Caparov, burada yapt\u0131\u011f\u0131 konu\u015fmada, Sovyetler Birli\u011fi b\u00fcnyesindeki Kara-K\u0131rg\u0131z \u00d6zerk B\u00f6lgesi&#8217;nin kurulu\u015funun 100&#8217;\u00fcnc\u00fc y\u0131l\u0131 kutlamalar\u0131 kapsam\u0131nda bu y\u0131l 8 milyon fidan dikmeyi planlad\u0131klar\u0131n\u0131 s\u00f6yledi. Ba\u015fkentin son 15 y\u0131lda &#8220;ye\u015fil \u015fehir olma&#8221; stat\u00fcs\u00fcn\u00fc kaybetti\u011fine i\u015faret\" \/>\n<meta property=\"og:url\" content=\"https:\/\/kibrisdakik.com\/?p=39262\" \/>\n<meta property=\"article:published_time\" content=\"2024-04-21T17:42:57+00:00\" \/>\n<meta property=\"og:image\" content=\"https:\/\/kibrisdakik.com\/wp-content\/uploads\/2024\/04\/kirgizistanda-bu-yil-8-milyon-fidan-dikilecek-1713718926.webp.webp\" \/>\n\t<meta property=\"og:image:width\" content=\"710\" \/>\n\t<meta property=\"og:image:height\" content=\"370\" \/>\n\t<meta property=\"og:image:type\" content=\"image\/webp\" \/>\n<meta name=\"author\" content=\"admin\" \/>\n<meta name=\"twitter:card\" content=\"summary_large_image\" \/>\n<meta name=\"twitter:label1\" content=\"Yazan:\" \/>\n\t<meta name=\"twitter:data1\" content=\"admin\" \/>\n\t<meta name=\"twitter:label2\" content=\"Tahmini okuma s\u00fcresi\" \/>\n\t<meta name=\"twitter:data2\" content=\"1 dakika\" \/>\n<script type=\"application\/ld+json\" class=\"yoast-schema-graph\">{\"@context\":\"https:\\\/\\\/schema.org\",\"@graph\":[{\"@type\":\"Article\",\"@id\":\"https:\\\/\\\/kibrisdakik.com\\\/?p=39262#article\",\"isPartOf\":{\"@id\":\"https:\\\/\\\/kibrisdakik.com\\\/?p=39262\"},\"author\":{\"name\":\"admin\",\"@id\":\"https:\\\/\\\/kibrisdakik.com\\\/#\\\/schema\\\/person\\\/9cd9d437bbb44f72b73ba127e06d8e79\"},\"headline\":\"K\u0131rg\u0131zistan&#039;da bu y\u0131l 8 milyon fidan dikilecek\",\"datePublished\":\"2024-04-21T17:42:57+00:00\",\"mainEntityOfPage\":{\"@id\":\"https:\\\/\\\/kibrisdakik.com\\\/?p=39262\"},\"wordCount\":184,\"commentCount\":0,\"image\":{\"@id\":\"https:\\\/\\\/kibrisdakik.com\\\/?p=39262#primaryimage\"},\"thumbnailUrl\":\"https:\\\/\\\/kibrisdakik.com\\\/wp-content\\\/uploads\\\/2024\\\/04\\\/kirgizistanda-bu-yil-8-milyon-fidan-dikilecek-1713718926.webp.webp\",\"articleSection\":[\"Ekonomi\"],\"inLanguage\":\"tr\",\"potentialAction\":[{\"@type\":\"CommentAction\",\"name\":\"Comment\",\"target\":[\"https:\\\/\\\/kibrisdakik.com\\\/?p=39262#respond\"]}]},{\"@type\":\"WebPage\",\"@id\":\"https:\\\/\\\/kibrisdakik.com\\\/?p=39262\",\"url\":\"https:\\\/\\\/kibrisdakik.com\\\/?p=39262\",\"name\":\"K\u0131rg\u0131zistan&#039;da bu y\u0131l 8 milyon fidan dikilecek -\",\"isPartOf\":{\"@id\":\"https:\\\/\\\/kibrisdakik.com\\\/#website\"},\"primaryImageOfPage\":{\"@id\":\"https:\\\/\\\/kibrisdakik.com\\\/?p=39262#primaryimage\"},\"image\":{\"@id\":\"https:\\\/\\\/kibrisdakik.com\\\/?p=39262#primaryimage\"},\"thumbnailUrl\":\"https:\\\/\\\/kibrisdakik.com\\\/wp-content\\\/uploads\\\/2024\\\/04\\\/kirgizistanda-bu-yil-8-milyon-fidan-dikilecek-1713718926.webp.webp\",\"datePublished\":\"2024-04-21T17:42:57+00:00\",\"author\":{\"@id\":\"https:\\\/\\\/kibrisdakik.com\\\/#\\\/schema\\\/person\\\/9cd9d437bbb44f72b73ba127e06d8e79\"},\"breadcrumb\":{\"@id\":\"https:\\\/\\\/kibrisdakik.com\\\/?p=39262#breadcrumb\"},\"inLanguage\":\"tr\",\"potentialAction\":[{\"@type\":\"ReadAction\",\"target\":[\"https:\\\/\\\/kibrisdakik.com\\\/?p=39262\"]}]},{\"@type\":\"ImageObject\",\"inLanguage\":\"tr\",\"@id\":\"https:\\\/\\\/kibrisdakik.com\\\/?p=39262#primaryimage\",\"url\":\"https:\\\/\\\/kibrisdakik.com\\\/wp-content\\\/uploads\\\/2024\\\/04\\\/kirgizistanda-bu-yil-8-milyon-fidan-dikilecek-1713718926.webp.webp\",\"contentUrl\":\"https:\\\/\\\/kibrisdakik.com\\\/wp-content\\\/uploads\\\/2024\\\/04\\\/kirgizistanda-bu-yil-8-milyon-fidan-dikilecek-1713718926.webp.webp\",\"width\":710,\"height\":370},{\"@type\":\"BreadcrumbList\",\"@id\":\"https:\\\/\\\/kibrisdakik.com\\\/?p=39262#breadcrumb\",\"itemListElement\":[{\"@type\":\"ListItem\",\"position\":1,\"name\":\"Home\",\"item\":\"https:\\\/\\\/kibrisdakik.com\\\/\"},{\"@type\":\"ListItem\",\"position\":2,\"name\":\"K\u0131rg\u0131zistan&#039;da bu y\u0131l 8 milyon fidan dikilecek\"}]},{\"@type\":\"WebSite\",\"@id\":\"https:\\\/\\\/kibrisdakik.com\\\/#website\",\"url\":\"https:\\\/\\\/kibrisdakik.com\\\/\",\"name\":\"\",\"description\":\"Tam vaktinde haber\",\"potentialAction\":[{\"@type\":\"SearchAction\",\"target\":{\"@type\":\"EntryPoint\",\"urlTemplate\":\"https:\\\/\\\/kibrisdakik.com\\\/?s={search_term_string}\"},\"query-input\":{\"@type\":\"PropertyValueSpecification\",\"valueRequired\":true,\"valueName\":\"search_term_string\"}}],\"inLanguage\":\"tr\"},{\"@type\":\"Person\",\"@id\":\"https:\\\/\\\/kibrisdakik.com\\\/#\\\/schema\\\/person\\\/9cd9d437bbb44f72b73ba127e06d8e79\",\"name\":\"admin\",\"image\":{\"@type\":\"ImageObject\",\"inLanguage\":\"tr\",\"@id\":\"https:\\\/\\\/secure.gravatar.com\\\/avatar\\\/ccc17943b9d660506c869530f897617f7cb1c21a4bf30023f252596d83e1f007?s=96&d=mm&r=g\",\"url\":\"https:\\\/\\\/secure.gravatar.com\\\/avatar\\\/ccc17943b9d660506c869530f897617f7cb1c21a4bf30023f252596d83e1f007?s=96&d=mm&r=g\",\"contentUrl\":\"https:\\\/\\\/secure.gravatar.com\\\/avatar\\\/ccc17943b9d660506c869530f897617f7cb1c21a4bf30023f252596d83e1f007?s=96&d=mm&r=g\",\"caption\":\"admin\"},\"sameAs\":[\"https:\\\/\\\/kibrisdakik.com\"],\"url\":\"https:\\\/\\\/kibrisdakik.com\\\/?author=1\"}]}<\/script>\n<!-- \/ Yoast SEO plugin. -->","yoast_head_json":{"title":"K\u0131rg\u0131zistan&#039;da bu y\u0131l 8 milyon fidan dikilecek -","robots":{"index":"index","follow":"follow","max-snippet":"max-snippet:-1","max-image-preview":"max-image-preview:large","max-video-preview":"max-video-preview:-1"},"canonical":"https:\/\/kibrisdakik.com\/?p=39262","og_locale":"tr_TR","og_type":"article","og_title":"K\u0131rg\u0131zistan&#039;da bu y\u0131l 8 milyon fidan dikilecek -","og_description":"K\u0131rg\u0131zistan Cumhurba\u015fkan\u0131 Sad\u0131r Caparov, ba\u015fkent Bi\u015fkek&#8217;te Maksim Gorgiy Caddesi&#8217;ndeki geni\u015f \u00e7apl\u0131 yenileme \u00e7al\u0131\u015fmalar\u0131n\u0131n tamamlanmas\u0131n\u0131n ard\u0131ndan a\u00e7\u0131lan Enver Gareyev Botanik Bah\u00e7esi&#8217;ni ziyaret etti. Caparov, burada yapt\u0131\u011f\u0131 konu\u015fmada, Sovyetler Birli\u011fi b\u00fcnyesindeki Kara-K\u0131rg\u0131z \u00d6zerk B\u00f6lgesi&#8217;nin kurulu\u015funun 100&#8217;\u00fcnc\u00fc y\u0131l\u0131 kutlamalar\u0131 kapsam\u0131nda bu y\u0131l 8 milyon fidan dikmeyi planlad\u0131klar\u0131n\u0131 s\u00f6yledi. Ba\u015fkentin son 15 y\u0131lda &#8220;ye\u015fil \u015fehir olma&#8221; stat\u00fcs\u00fcn\u00fc kaybetti\u011fine i\u015faret","og_url":"https:\/\/kibrisdakik.com\/?p=39262","article_published_time":"2024-04-21T17:42:57+00:00","og_image":[{"width":710,"height":370,"url":"https:\/\/kibrisdakik.com\/wp-content\/uploads\/2024\/04\/kirgizistanda-bu-yil-8-milyon-fidan-dikilecek-1713718926.webp.webp","type":"image\/webp"}],"author":"admin","twitter_card":"summary_large_image","twitter_misc":{"Yazan:":"admin","Tahmini okuma s\u00fcresi":"1 dakika"},"schema":{"@context":"https:\/\/schema.org","@graph":[{"@type":"Article","@id":"https:\/\/kibrisdakik.com\/?p=39262#article","isPartOf":{"@id":"https:\/\/kibrisdakik.com\/?p=39262"},"author":{"name":"admin","@id":"https:\/\/kibrisdakik.com\/#\/schema\/person\/9cd9d437bbb44f72b73ba127e06d8e79"},"headline":"K\u0131rg\u0131zistan&#039;da bu y\u0131l 8 milyon fidan dikilecek","datePublished":"2024-04-21T17:42:57+00:00","mainEntityOfPage":{"@id":"https:\/\/kibrisdakik.com\/?p=39262"},"wordCount":184,"commentCount":0,"image":{"@id":"https:\/\/kibrisdakik.com\/?p=39262#primaryimage"},"thumbnailUrl":"https:\/\/kibrisdakik.com\/wp-content\/uploads\/2024\/04\/kirgizistanda-bu-yil-8-milyon-fidan-dikilecek-1713718926.webp.webp","articleSection":["Ekonomi"],"inLanguage":"tr","potentialAction":[{"@type":"CommentAction","name":"Comment","target":["https:\/\/kibrisdakik.com\/?p=39262#respond"]}]},{"@type":"WebPage","@id":"https:\/\/kibrisdakik.com\/?p=39262","url":"https:\/\/kibrisdakik.com\/?p=39262","name":"K\u0131rg\u0131zistan&#039;da bu y\u0131l 8 milyon fidan dikilecek -","isPartOf":{"@id":"https:\/\/kibrisdakik.com\/#website"},"primaryImageOfPage":{"@id":"https:\/\/kibrisdakik.com\/?p=39262#primaryimage"},"image":{"@id":"https:\/\/kibrisdakik.com\/?p=39262#primaryimage"},"thumbnailUrl":"https:\/\/kibrisdakik.com\/wp-content\/uploads\/2024\/04\/kirgizistanda-bu-yil-8-milyon-fidan-dikilecek-1713718926.webp.webp","datePublished":"2024-04-21T17:42:57+00:00","author":{"@id":"https:\/\/kibrisdakik.com\/#\/schema\/person\/9cd9d437bbb44f72b73ba127e06d8e79"},"breadcrumb":{"@id":"https:\/\/kibrisdakik.com\/?p=39262#breadcrumb"},"inLanguage":"tr","potentialAction":[{"@type":"ReadAction","target":["https:\/\/kibrisdakik.com\/?p=39262"]}]},{"@type":"ImageObject","inLanguage":"tr","@id":"https:\/\/kibrisdakik.com\/?p=39262#primaryimage","url":"https:\/\/kibrisdakik.com\/wp-content\/uploads\/2024\/04\/kirgizistanda-bu-yil-8-milyon-fidan-dikilecek-1713718926.webp.webp","contentUrl":"https:\/\/kibrisdakik.com\/wp-content\/uploads\/2024\/04\/kirgizistanda-bu-yil-8-milyon-fidan-dikilecek-1713718926.webp.webp","width":710,"height":370},{"@type":"BreadcrumbList","@id":"https:\/\/kibrisdakik.com\/?p=39262#breadcrumb","itemListElement":[{"@type":"ListItem","position":1,"name":"Home","item":"https:\/\/kibrisdakik.com\/"},{"@type":"ListItem","position":2,"name":"K\u0131rg\u0131zistan&#039;da bu y\u0131l 8 milyon fidan dikilecek"}]},{"@type":"WebSite","@id":"https:\/\/kibrisdakik.com\/#website","url":"https:\/\/kibrisdakik.com\/","name":"","description":"Tam vaktinde haber","potentialAction":[{"@type":"SearchAction","target":{"@type":"EntryPoint","urlTemplate":"https:\/\/kibrisdakik.com\/?s={search_term_string}"},"query-input":{"@type":"PropertyValueSpecification","valueRequired":true,"valueName":"search_term_string"}}],"inLanguage":"tr"},{"@type":"Person","@id":"https:\/\/kibrisdakik.com\/#\/schema\/person\/9cd9d437bbb44f72b73ba127e06d8e79","name":"admin","image":{"@type":"ImageObject","inLanguage":"tr","@id":"https:\/\/secure.gravatar.com\/avatar\/ccc17943b9d660506c869530f897617f7cb1c21a4bf30023f252596d83e1f007?s=96&d=mm&r=g","url":"https:\/\/secure.gravatar.com\/avatar\/ccc17943b9d660506c869530f897617f7cb1c21a4bf30023f252596d83e1f007?s=96&d=mm&r=g","contentUrl":"https:\/\/secure.gravatar.com\/avatar\/ccc17943b9d660506c869530f897617f7cb1c21a4bf30023f252596d83e1f007?s=96&d=mm&r=g","caption":"admin"},"sameAs":["https:\/\/kibrisdakik.com"],"url":"https:\/\/kibrisdakik.com\/?author=1"}]}},"_links":{"self":[{"href":"https:\/\/kibrisdakik.com\/index.php?rest_route=\/wp\/v2\/posts\/39262","targetHints":{"allow":["GET"]}}],"collection":[{"href":"https:\/\/kibrisdakik.com\/index.php?rest_route=\/wp\/v2\/posts"}],"about":[{"href":"https:\/\/kibrisdakik.com\/index.php?rest_route=\/wp\/v2\/types\/post"}],"author":[{"embeddable":true,"href":"https:\/\/kibrisdakik.com\/index.php?rest_route=\/wp\/v2\/users\/1"}],"replies":[{"embeddable":true,"href":"https:\/\/kibrisdakik.com\/index.php?rest_route=%2Fwp%2Fv2%2Fcomments&post=39262"}],"version-history":[{"count":0,"href":"https:\/\/kibrisdakik.com\/index.php?rest_route=\/wp\/v2\/posts\/39262\/revisions"}],"wp:featuredmedia":[{"embeddable":true,"href":"https:\/\/kibrisdakik.com\/index.php?rest_route=\/wp\/v2\/media\/39263"}],"wp:attachment":[{"href":"https:\/\/kibrisdakik.com\/index.php?rest_route=%2Fwp%2Fv2%2Fmedia&parent=39262"}],"wp:term":[{"taxonomy":"category","embeddable":true,"href":"https:\/\/kibrisdakik.com\/index.php?rest_route=%2Fwp%2Fv2%2Fcategories&post=39262"},{"taxonomy":"post_tag","embeddable":true,"href":"https:\/\/kibrisdakik.com\/index.php?rest_route=%2Fwp%2Fv2%2Ftags&post=39262"}],"curies":[{"name":"wp","href":"https:\/\/api.w.org\/{rel}","templated":true}]}}