{"id":39284,"date":"2024-04-21T21:38:10","date_gmt":"2024-04-21T21:38:10","guid":{"rendered":"https:\/\/kibrisdakik.com\/index.php\/2024\/04\/21\/kktc-turk-dunyasinin-ayrilmaz-ve-kopmaz-bir-parcasi\/"},"modified":"2024-04-21T21:38:10","modified_gmt":"2024-04-21T21:38:10","slug":"kktc-turk-dunyasinin-ayrilmaz-ve-kopmaz-bir-parcasi","status":"publish","type":"post","link":"https:\/\/kibrisdakik.com\/?p=39284","title":{"rendered":"\u201cKKTC, T\u00fcrk d\u00fcnyas\u0131n\u0131n ayr\u0131lmaz ve kopmaz bir par\u00e7as\u0131\u201d"},"content":{"rendered":"<p><img decoding=\"async\" src=\"https:\/\/www.kibristurk.com\/images\/haberler\/2024\/04\/kktc-turk-dunyasinin-ayrilmaz-ve-kopmaz-bir-parcasi-1713692706.webp\" \/><\/p>\n<p><span style=\"font-size:12pt\"><span style=\"font-family:Calibri,sans-serif\">Cumhurba\u015fkanl\u0131\u011f\u0131\u2019ndan yap\u0131lan a\u00e7\u0131klamaya g\u00f6re Cumhurba\u015fkan\u0131 Tatar, Taekwondo Karate Judo Aikido Federasyonu&#8217;nun 47\u2019nci y\u0131l etkinli\u011fine kat\u0131ld\u0131.<\/span><\/span><\/p>\n<p>&nbsp;<\/p>\n<p><span style=\"font-size:12pt\"><span style=\"font-family:Calibri,sans-serif\">Cumhurba\u015fkan\u0131 Tatar etkinlikte yapt\u0131\u011f\u0131 konu\u015fmada, Federasyon Ba\u015fkan\u0131 Ey\u00fcp Zafer G\u00f6kbilen\u2019i tebrik ederek, Azerbaycan\u2019dan gelen misafirlere \u201cho\u015f geldiniz\u201d dedi.<\/span><\/span><\/p>\n<p>&nbsp;<\/p>\n<p><span style=\"font-size:12pt\"><span style=\"font-family:Calibri,sans-serif\">Federasyonun 47 y\u0131ld\u0131r faaliyette oldu\u011funa ve gen\u00e7lere sahip \u00e7\u0131kt\u0131\u011f\u0131na dikkat \u00e7eken Cumhurba\u015fkan\u0131 Tatar, \u00fclke sporcular\u0131n\u0131n uluslararas\u0131 sporcularla m\u00fcsabaka yapma imkan\u0131 sa\u011fland\u0131\u011f\u0131n\u0131 ve KKTC bayra\u011f\u0131n\u0131n dalgaland\u0131\u011f\u0131n\u0131 vurgulad\u0131.<\/span><\/span><\/p>\n<p>&nbsp;<\/p>\n<p><span style=\"font-size:12pt\"><span style=\"font-family:Calibri,sans-serif\">Sporun, dostluk ve karde\u015flik oldu\u011funu, ayn\u0131 zamanda \u00e7al\u0131\u015fma ve disiplin gerektirdi\u011fini dile getiren Cumhurba\u015fkan\u0131 Tatar, K\u0131br\u0131s Rum taraf\u0131n\u0131n spora siyaset kar\u0131\u015ft\u0131rd\u0131\u011f\u0131n\u0131 ve sporcular\u0131n uluslararas\u0131 m\u00fcsabakalara kat\u0131lmalar\u0131n\u0131 engellemek i\u00e7in giri\u015fimler yapt\u0131\u011f\u0131n\u0131 kaydetti.<\/span><\/span><\/p>\n<p>&nbsp;<\/p>\n<p><span style=\"font-size:12pt\"><span style=\"font-family:Calibri,sans-serif\">KKTC\u2019nin, T\u00fcrk d\u00fcnyas\u0131n\u0131n ayr\u0131lmaz ve kopmaz bir par\u00e7as\u0131 oldu\u011funu anlatan Cumhurba\u015fkan\u0131 Tatar, Azerbaycanl\u0131 ve KKTC\u2019li gen\u00e7lerin sporda bir araya gelmesinin \u00f6nemli oldu\u011funu ifade etti.<\/span><\/span><\/p>\n<p>&nbsp;<\/p>\n<p><span style=\"font-size:12pt\"><span style=\"font-family:Calibri,sans-serif\">-\u201c\u00d6n\u00fcm\u00fczdeki g\u00fcnlerde Azerbaycan\u2019a gidece\u011fim\u201d<\/span><\/span><\/p>\n<p>&nbsp;<\/p>\n<p><span style=\"font-size:12pt\"><span style=\"font-family:Calibri,sans-serif\">Azerbaycan Cumhurba\u015fkan\u0131 \u0130lham Aliyev\u2019in daveti \u00fczerine ilerleyen g\u00fcnlerde Azerbaycan\u2019a gidece\u011fini dile getiren Cumhurba\u015fkan\u0131 Tatar, kar\u015f\u0131l\u0131kl\u0131 ziyaretlerle iki devlet aras\u0131ndaki ba\u011flar\u0131n daha da g\u00fc\u00e7lenece\u011finin alt\u0131n\u0131 \u00e7izdi.<\/span><\/span><\/p>\n","protected":false},"excerpt":{"rendered":"<p>Cumhurba\u015fkanl\u0131\u011f\u0131\u2019ndan yap\u0131lan a\u00e7\u0131klamaya g\u00f6re Cumhurba\u015fkan\u0131 Tatar, Taekwondo Karate Judo Aikido Federasyonu&#8217;nun 47\u2019nci y\u0131l etkinli\u011fine kat\u0131ld\u0131. &nbsp; Cumhurba\u015fkan\u0131 Tatar etkinlikte yapt\u0131\u011f\u0131 konu\u015fmada, Federasyon Ba\u015fkan\u0131 Ey\u00fcp Zafer G\u00f6kbilen\u2019i tebrik ederek, Azerbaycan\u2019dan gelen misafirlere \u201cho\u015f geldiniz\u201d dedi. &nbsp; Federasyonun 47 y\u0131ld\u0131r faaliyette oldu\u011funa ve gen\u00e7lere sahip \u00e7\u0131kt\u0131\u011f\u0131na dikkat \u00e7eken Cumhurba\u015fkan\u0131 Tatar, \u00fclke sporcular\u0131n\u0131n uluslararas\u0131 sporcularla m\u00fcsabaka yapma imkan\u0131<\/p>\n","protected":false},"author":1,"featured_media":39285,"comment_status":"open","ping_status":"open","sticky":false,"template":"","format":"standard","meta":{"footnotes":""},"categories":[85],"tags":[],"class_list":["post-39284","post","type-post","status-publish","format-standard","has-post-thumbnail","hentry","category-spor"],"yoast_head":"<!-- This site is optimized with the Yoast SEO plugin v27.5 - https:\/\/yoast.com\/product\/yoast-seo-wordpress\/ -->\n<title>\u201cKKTC, T\u00fcrk d\u00fcnyas\u0131n\u0131n ayr\u0131lmaz ve kopmaz bir par\u00e7as\u0131\u201d -<\/title>\n<meta name=\"robots\" content=\"index, follow, max-snippet:-1, max-image-preview:large, max-video-preview:-1\" \/>\n<link rel=\"canonical\" href=\"https:\/\/kibrisdakik.com\/?p=39284\" \/>\n<meta property=\"og:locale\" content=\"tr_TR\" \/>\n<meta property=\"og:type\" content=\"article\" \/>\n<meta property=\"og:title\" content=\"\u201cKKTC, T\u00fcrk d\u00fcnyas\u0131n\u0131n ayr\u0131lmaz ve kopmaz bir par\u00e7as\u0131\u201d -\" \/>\n<meta property=\"og:description\" content=\"Cumhurba\u015fkanl\u0131\u011f\u0131\u2019ndan yap\u0131lan a\u00e7\u0131klamaya g\u00f6re Cumhurba\u015fkan\u0131 Tatar, Taekwondo Karate Judo Aikido Federasyonu&#8217;nun 47\u2019nci y\u0131l etkinli\u011fine kat\u0131ld\u0131. &nbsp; Cumhurba\u015fkan\u0131 Tatar etkinlikte yapt\u0131\u011f\u0131 konu\u015fmada, Federasyon Ba\u015fkan\u0131 Ey\u00fcp Zafer G\u00f6kbilen\u2019i tebrik ederek, Azerbaycan\u2019dan gelen misafirlere \u201cho\u015f geldiniz\u201d dedi. &nbsp; Federasyonun 47 y\u0131ld\u0131r faaliyette oldu\u011funa ve gen\u00e7lere sahip \u00e7\u0131kt\u0131\u011f\u0131na dikkat \u00e7eken Cumhurba\u015fkan\u0131 Tatar, \u00fclke sporcular\u0131n\u0131n uluslararas\u0131 sporcularla m\u00fcsabaka yapma imkan\u0131\" \/>\n<meta property=\"og:url\" content=\"https:\/\/kibrisdakik.com\/?p=39284\" \/>\n<meta property=\"article:published_time\" content=\"2024-04-21T21:38:10+00:00\" \/>\n<meta property=\"og:image\" content=\"https:\/\/kibrisdakik.com\/wp-content\/uploads\/2024\/04\/kktc-turk-dunyasinin-ayrilmaz-ve-kopmaz-bir-parcasi-1713692706.webp.webp\" \/>\n\t<meta property=\"og:image:width\" content=\"710\" \/>\n\t<meta property=\"og:image:height\" content=\"370\" \/>\n\t<meta property=\"og:image:type\" content=\"image\/webp\" \/>\n<meta name=\"author\" content=\"admin\" \/>\n<meta name=\"twitter:card\" content=\"summary_large_image\" \/>\n<meta name=\"twitter:label1\" content=\"Yazan:\" \/>\n\t<meta name=\"twitter:data1\" content=\"admin\" \/>\n\t<meta name=\"twitter:label2\" content=\"Tahmini okuma s\u00fcresi\" \/>\n\t<meta name=\"twitter:data2\" content=\"1 dakika\" \/>\n<script type=\"application\/ld+json\" class=\"yoast-schema-graph\">{\"@context\":\"https:\\\/\\\/schema.org\",\"@graph\":[{\"@type\":\"Article\",\"@id\":\"https:\\\/\\\/kibrisdakik.com\\\/?p=39284#article\",\"isPartOf\":{\"@id\":\"https:\\\/\\\/kibrisdakik.com\\\/?p=39284\"},\"author\":{\"name\":\"admin\",\"@id\":\"https:\\\/\\\/kibrisdakik.com\\\/#\\\/schema\\\/person\\\/9cd9d437bbb44f72b73ba127e06d8e79\"},\"headline\":\"\u201cKKTC, T\u00fcrk d\u00fcnyas\u0131n\u0131n ayr\u0131lmaz ve kopmaz bir par\u00e7as\u0131\u201d\",\"datePublished\":\"2024-04-21T21:38:10+00:00\",\"mainEntityOfPage\":{\"@id\":\"https:\\\/\\\/kibrisdakik.com\\\/?p=39284\"},\"wordCount\":243,\"commentCount\":0,\"image\":{\"@id\":\"https:\\\/\\\/kibrisdakik.com\\\/?p=39284#primaryimage\"},\"thumbnailUrl\":\"https:\\\/\\\/kibrisdakik.com\\\/wp-content\\\/uploads\\\/2024\\\/04\\\/kktc-turk-dunyasinin-ayrilmaz-ve-kopmaz-bir-parcasi-1713692706.webp.webp\",\"articleSection\":[\"Spor\"],\"inLanguage\":\"tr\",\"potentialAction\":[{\"@type\":\"CommentAction\",\"name\":\"Comment\",\"target\":[\"https:\\\/\\\/kibrisdakik.com\\\/?p=39284#respond\"]}]},{\"@type\":\"WebPage\",\"@id\":\"https:\\\/\\\/kibrisdakik.com\\\/?p=39284\",\"url\":\"https:\\\/\\\/kibrisdakik.com\\\/?p=39284\",\"name\":\"\u201cKKTC, T\u00fcrk d\u00fcnyas\u0131n\u0131n ayr\u0131lmaz ve kopmaz bir par\u00e7as\u0131\u201d -\",\"isPartOf\":{\"@id\":\"https:\\\/\\\/kibrisdakik.com\\\/#website\"},\"primaryImageOfPage\":{\"@id\":\"https:\\\/\\\/kibrisdakik.com\\\/?p=39284#primaryimage\"},\"image\":{\"@id\":\"https:\\\/\\\/kibrisdakik.com\\\/?p=39284#primaryimage\"},\"thumbnailUrl\":\"https:\\\/\\\/kibrisdakik.com\\\/wp-content\\\/uploads\\\/2024\\\/04\\\/kktc-turk-dunyasinin-ayrilmaz-ve-kopmaz-bir-parcasi-1713692706.webp.webp\",\"datePublished\":\"2024-04-21T21:38:10+00:00\",\"author\":{\"@id\":\"https:\\\/\\\/kibrisdakik.com\\\/#\\\/schema\\\/person\\\/9cd9d437bbb44f72b73ba127e06d8e79\"},\"breadcrumb\":{\"@id\":\"https:\\\/\\\/kibrisdakik.com\\\/?p=39284#breadcrumb\"},\"inLanguage\":\"tr\",\"potentialAction\":[{\"@type\":\"ReadAction\",\"target\":[\"https:\\\/\\\/kibrisdakik.com\\\/?p=39284\"]}]},{\"@type\":\"ImageObject\",\"inLanguage\":\"tr\",\"@id\":\"https:\\\/\\\/kibrisdakik.com\\\/?p=39284#primaryimage\",\"url\":\"https:\\\/\\\/kibrisdakik.com\\\/wp-content\\\/uploads\\\/2024\\\/04\\\/kktc-turk-dunyasinin-ayrilmaz-ve-kopmaz-bir-parcasi-1713692706.webp.webp\",\"contentUrl\":\"https:\\\/\\\/kibrisdakik.com\\\/wp-content\\\/uploads\\\/2024\\\/04\\\/kktc-turk-dunyasinin-ayrilmaz-ve-kopmaz-bir-parcasi-1713692706.webp.webp\",\"width\":710,\"height\":370},{\"@type\":\"BreadcrumbList\",\"@id\":\"https:\\\/\\\/kibrisdakik.com\\\/?p=39284#breadcrumb\",\"itemListElement\":[{\"@type\":\"ListItem\",\"position\":1,\"name\":\"Home\",\"item\":\"https:\\\/\\\/kibrisdakik.com\\\/\"},{\"@type\":\"ListItem\",\"position\":2,\"name\":\"\u201cKKTC, T\u00fcrk d\u00fcnyas\u0131n\u0131n ayr\u0131lmaz ve kopmaz bir par\u00e7as\u0131\u201d\"}]},{\"@type\":\"WebSite\",\"@id\":\"https:\\\/\\\/kibrisdakik.com\\\/#website\",\"url\":\"https:\\\/\\\/kibrisdakik.com\\\/\",\"name\":\"\",\"description\":\"Tam vaktinde haber\",\"potentialAction\":[{\"@type\":\"SearchAction\",\"target\":{\"@type\":\"EntryPoint\",\"urlTemplate\":\"https:\\\/\\\/kibrisdakik.com\\\/?s={search_term_string}\"},\"query-input\":{\"@type\":\"PropertyValueSpecification\",\"valueRequired\":true,\"valueName\":\"search_term_string\"}}],\"inLanguage\":\"tr\"},{\"@type\":\"Person\",\"@id\":\"https:\\\/\\\/kibrisdakik.com\\\/#\\\/schema\\\/person\\\/9cd9d437bbb44f72b73ba127e06d8e79\",\"name\":\"admin\",\"image\":{\"@type\":\"ImageObject\",\"inLanguage\":\"tr\",\"@id\":\"https:\\\/\\\/secure.gravatar.com\\\/avatar\\\/ccc17943b9d660506c869530f897617f7cb1c21a4bf30023f252596d83e1f007?s=96&d=mm&r=g\",\"url\":\"https:\\\/\\\/secure.gravatar.com\\\/avatar\\\/ccc17943b9d660506c869530f897617f7cb1c21a4bf30023f252596d83e1f007?s=96&d=mm&r=g\",\"contentUrl\":\"https:\\\/\\\/secure.gravatar.com\\\/avatar\\\/ccc17943b9d660506c869530f897617f7cb1c21a4bf30023f252596d83e1f007?s=96&d=mm&r=g\",\"caption\":\"admin\"},\"sameAs\":[\"https:\\\/\\\/kibrisdakik.com\"],\"url\":\"https:\\\/\\\/kibrisdakik.com\\\/?author=1\"}]}<\/script>\n<!-- \/ Yoast SEO plugin. -->","yoast_head_json":{"title":"\u201cKKTC, T\u00fcrk d\u00fcnyas\u0131n\u0131n ayr\u0131lmaz ve kopmaz bir par\u00e7as\u0131\u201d -","robots":{"index":"index","follow":"follow","max-snippet":"max-snippet:-1","max-image-preview":"max-image-preview:large","max-video-preview":"max-video-preview:-1"},"canonical":"https:\/\/kibrisdakik.com\/?p=39284","og_locale":"tr_TR","og_type":"article","og_title":"\u201cKKTC, T\u00fcrk d\u00fcnyas\u0131n\u0131n ayr\u0131lmaz ve kopmaz bir par\u00e7as\u0131\u201d -","og_description":"Cumhurba\u015fkanl\u0131\u011f\u0131\u2019ndan yap\u0131lan a\u00e7\u0131klamaya g\u00f6re Cumhurba\u015fkan\u0131 Tatar, Taekwondo Karate Judo Aikido Federasyonu&#8217;nun 47\u2019nci y\u0131l etkinli\u011fine kat\u0131ld\u0131. &nbsp; Cumhurba\u015fkan\u0131 Tatar etkinlikte yapt\u0131\u011f\u0131 konu\u015fmada, Federasyon Ba\u015fkan\u0131 Ey\u00fcp Zafer G\u00f6kbilen\u2019i tebrik ederek, Azerbaycan\u2019dan gelen misafirlere \u201cho\u015f geldiniz\u201d dedi. &nbsp; Federasyonun 47 y\u0131ld\u0131r faaliyette oldu\u011funa ve gen\u00e7lere sahip \u00e7\u0131kt\u0131\u011f\u0131na dikkat \u00e7eken Cumhurba\u015fkan\u0131 Tatar, \u00fclke sporcular\u0131n\u0131n uluslararas\u0131 sporcularla m\u00fcsabaka yapma imkan\u0131","og_url":"https:\/\/kibrisdakik.com\/?p=39284","article_published_time":"2024-04-21T21:38:10+00:00","og_image":[{"width":710,"height":370,"url":"https:\/\/kibrisdakik.com\/wp-content\/uploads\/2024\/04\/kktc-turk-dunyasinin-ayrilmaz-ve-kopmaz-bir-parcasi-1713692706.webp.webp","type":"image\/webp"}],"author":"admin","twitter_card":"summary_large_image","twitter_misc":{"Yazan:":"admin","Tahmini okuma s\u00fcresi":"1 dakika"},"schema":{"@context":"https:\/\/schema.org","@graph":[{"@type":"Article","@id":"https:\/\/kibrisdakik.com\/?p=39284#article","isPartOf":{"@id":"https:\/\/kibrisdakik.com\/?p=39284"},"author":{"name":"admin","@id":"https:\/\/kibrisdakik.com\/#\/schema\/person\/9cd9d437bbb44f72b73ba127e06d8e79"},"headline":"\u201cKKTC, T\u00fcrk d\u00fcnyas\u0131n\u0131n ayr\u0131lmaz ve kopmaz bir par\u00e7as\u0131\u201d","datePublished":"2024-04-21T21:38:10+00:00","mainEntityOfPage":{"@id":"https:\/\/kibrisdakik.com\/?p=39284"},"wordCount":243,"commentCount":0,"image":{"@id":"https:\/\/kibrisdakik.com\/?p=39284#primaryimage"},"thumbnailUrl":"https:\/\/kibrisdakik.com\/wp-content\/uploads\/2024\/04\/kktc-turk-dunyasinin-ayrilmaz-ve-kopmaz-bir-parcasi-1713692706.webp.webp","articleSection":["Spor"],"inLanguage":"tr","potentialAction":[{"@type":"CommentAction","name":"Comment","target":["https:\/\/kibrisdakik.com\/?p=39284#respond"]}]},{"@type":"WebPage","@id":"https:\/\/kibrisdakik.com\/?p=39284","url":"https:\/\/kibrisdakik.com\/?p=39284","name":"\u201cKKTC, T\u00fcrk d\u00fcnyas\u0131n\u0131n ayr\u0131lmaz ve kopmaz bir par\u00e7as\u0131\u201d -","isPartOf":{"@id":"https:\/\/kibrisdakik.com\/#website"},"primaryImageOfPage":{"@id":"https:\/\/kibrisdakik.com\/?p=39284#primaryimage"},"image":{"@id":"https:\/\/kibrisdakik.com\/?p=39284#primaryimage"},"thumbnailUrl":"https:\/\/kibrisdakik.com\/wp-content\/uploads\/2024\/04\/kktc-turk-dunyasinin-ayrilmaz-ve-kopmaz-bir-parcasi-1713692706.webp.webp","datePublished":"2024-04-21T21:38:10+00:00","author":{"@id":"https:\/\/kibrisdakik.com\/#\/schema\/person\/9cd9d437bbb44f72b73ba127e06d8e79"},"breadcrumb":{"@id":"https:\/\/kibrisdakik.com\/?p=39284#breadcrumb"},"inLanguage":"tr","potentialAction":[{"@type":"ReadAction","target":["https:\/\/kibrisdakik.com\/?p=39284"]}]},{"@type":"ImageObject","inLanguage":"tr","@id":"https:\/\/kibrisdakik.com\/?p=39284#primaryimage","url":"https:\/\/kibrisdakik.com\/wp-content\/uploads\/2024\/04\/kktc-turk-dunyasinin-ayrilmaz-ve-kopmaz-bir-parcasi-1713692706.webp.webp","contentUrl":"https:\/\/kibrisdakik.com\/wp-content\/uploads\/2024\/04\/kktc-turk-dunyasinin-ayrilmaz-ve-kopmaz-bir-parcasi-1713692706.webp.webp","width":710,"height":370},{"@type":"BreadcrumbList","@id":"https:\/\/kibrisdakik.com\/?p=39284#breadcrumb","itemListElement":[{"@type":"ListItem","position":1,"name":"Home","item":"https:\/\/kibrisdakik.com\/"},{"@type":"ListItem","position":2,"name":"\u201cKKTC, T\u00fcrk d\u00fcnyas\u0131n\u0131n ayr\u0131lmaz ve kopmaz bir par\u00e7as\u0131\u201d"}]},{"@type":"WebSite","@id":"https:\/\/kibrisdakik.com\/#website","url":"https:\/\/kibrisdakik.com\/","name":"","description":"Tam vaktinde haber","potentialAction":[{"@type":"SearchAction","target":{"@type":"EntryPoint","urlTemplate":"https:\/\/kibrisdakik.com\/?s={search_term_string}"},"query-input":{"@type":"PropertyValueSpecification","valueRequired":true,"valueName":"search_term_string"}}],"inLanguage":"tr"},{"@type":"Person","@id":"https:\/\/kibrisdakik.com\/#\/schema\/person\/9cd9d437bbb44f72b73ba127e06d8e79","name":"admin","image":{"@type":"ImageObject","inLanguage":"tr","@id":"https:\/\/secure.gravatar.com\/avatar\/ccc17943b9d660506c869530f897617f7cb1c21a4bf30023f252596d83e1f007?s=96&d=mm&r=g","url":"https:\/\/secure.gravatar.com\/avatar\/ccc17943b9d660506c869530f897617f7cb1c21a4bf30023f252596d83e1f007?s=96&d=mm&r=g","contentUrl":"https:\/\/secure.gravatar.com\/avatar\/ccc17943b9d660506c869530f897617f7cb1c21a4bf30023f252596d83e1f007?s=96&d=mm&r=g","caption":"admin"},"sameAs":["https:\/\/kibrisdakik.com"],"url":"https:\/\/kibrisdakik.com\/?author=1"}]}},"_links":{"self":[{"href":"https:\/\/kibrisdakik.com\/index.php?rest_route=\/wp\/v2\/posts\/39284","targetHints":{"allow":["GET"]}}],"collection":[{"href":"https:\/\/kibrisdakik.com\/index.php?rest_route=\/wp\/v2\/posts"}],"about":[{"href":"https:\/\/kibrisdakik.com\/index.php?rest_route=\/wp\/v2\/types\/post"}],"author":[{"embeddable":true,"href":"https:\/\/kibrisdakik.com\/index.php?rest_route=\/wp\/v2\/users\/1"}],"replies":[{"embeddable":true,"href":"https:\/\/kibrisdakik.com\/index.php?rest_route=%2Fwp%2Fv2%2Fcomments&post=39284"}],"version-history":[{"count":0,"href":"https:\/\/kibrisdakik.com\/index.php?rest_route=\/wp\/v2\/posts\/39284\/revisions"}],"wp:featuredmedia":[{"embeddable":true,"href":"https:\/\/kibrisdakik.com\/index.php?rest_route=\/wp\/v2\/media\/39285"}],"wp:attachment":[{"href":"https:\/\/kibrisdakik.com\/index.php?rest_route=%2Fwp%2Fv2%2Fmedia&parent=39284"}],"wp:term":[{"taxonomy":"category","embeddable":true,"href":"https:\/\/kibrisdakik.com\/index.php?rest_route=%2Fwp%2Fv2%2Fcategories&post=39284"},{"taxonomy":"post_tag","embeddable":true,"href":"https:\/\/kibrisdakik.com\/index.php?rest_route=%2Fwp%2Fv2%2Ftags&post=39284"}],"curies":[{"name":"wp","href":"https:\/\/api.w.org\/{rel}","templated":true}]}}