{"id":39300,"date":"2024-04-22T07:03:53","date_gmt":"2024-04-22T07:03:53","guid":{"rendered":"https:\/\/kibrisdakik.com\/index.php\/2024\/04\/22\/isiktan-avrupa-birligi-liderler-zirvesinin-sonuc-bildirisine-tepki\/"},"modified":"2024-04-22T07:03:53","modified_gmt":"2024-04-22T07:03:53","slug":"isiktan-avrupa-birligi-liderler-zirvesinin-sonuc-bildirisine-tepki","status":"publish","type":"post","link":"https:\/\/kibrisdakik.com\/?p=39300","title":{"rendered":"I\u015f\u0131k\u2019tan Avrupa Birli\u011fi Liderler Zirvesi\u2019nin Sonu\u00e7 Bildirisi\u2019ne tepki"},"content":{"rendered":"<p><img decoding=\"async\" src=\"https:\/\/www.kibristurk.com\/images\/haberler\/2024\/04\/isiktan-avrupa-birligi-liderler-zirvesinin-sonuc-bildirisine-tepki-1713768037.webp\" \/><\/p>\n<p style=\"text-align:left\"><span style=\"font-size:16px\"><span style=\"font-family:Merriweather,serif !important\"><span style=\"color:#000000\"><span style=\"background-color:#ffffff\">I\u015f\u0131k yapt\u0131\u011f\u0131 yaz\u0131l\u0131 a\u00e7\u0131klamada, bildiride, Ankara ile ili\u015fkilerin ba\u015flat\u0131lmas\u0131 karar\u0131n\u0131n, \u201cK\u0131br\u0131s sorununun, Birle\u015fmi\u015f Milletler (BM) parametreleri \u00e7er\u00e7evesinde \u00e7\u00f6z\u00fcm\u00fc i\u00e7in m\u00fczakerelerin yeniden ba\u015flat\u0131lmas\u0131\u201d ko\u015fuluna ba\u011fland\u0131\u011f\u0131n\u0131 ifade ederek, bunu ele\u015ftirdi.<\/span><\/span><\/span><\/span><\/p>\n<p style=\"text-align:left\"><span style=\"font-size:16px\"><span style=\"font-family:Merriweather,serif !important\"><span style=\"color:#000000\"><span style=\"background-color:#ffffff\">Annan Plan\u0131\u2019na \u201cevet\u201d diyen K\u0131br\u0131s T\u00fcrklerine, vaatlere ra\u011fmen yapt\u0131r\u0131mlar\u0131n kald\u0131r\u0131lmad\u0131\u011f\u0131na dikkat \u00e7eken I\u015f\u0131k, BM ve AB\u2019nin bir anla\u015fman\u0131n arkas\u0131nda duramayaca\u011f\u0131n\u0131 ve g\u00fcvence olamayaca\u011f\u0131n\u0131 kaydetti. I\u015f\u0131k, BM Genel Sekreteri Antonio Guterres ve AB Komisyonu Ba\u015fkan\u0131 Ursula Von Der Leyen\u2019e konuyla ilgili birer mektup g\u00f6nderilece\u011fini belirtti. &nbsp;<\/span><\/span><\/span><\/span><\/p>\n<p style=\"text-align:left\"><span style=\"font-size:16px\"><span style=\"font-family:Merriweather,serif !important\"><span style=\"color:#000000\"><span style=\"background-color:#ffffff\">Cumhurba\u015fkan\u0131 Ersin Tatar\u2019\u0131n,&nbsp;\u201cba\u011f\u0131ms\u0131zl\u0131k ve egemen devlet iradesini\u201d 29 Nisan 2022\u2019de Cenevre\u2019deki 5\u2019li konferansta, BM, garant\u00f6r \u00fclkeler ve d\u00fcnyaya deklere etti\u011fine i\u015faret eden I\u015f\u0131k, bunu g\u00f6rmek istemeyen BM ve AB\u2019nin, K\u0131br\u0131s T\u00fcrklerine reddetti\u011fi bir anla\u015fmay\u0131 empoze etmeye \u00e7al\u0131\u015ft\u0131\u011f\u0131n\u0131 kaydetti.<\/span><\/span><\/span><\/span><\/p>\n<p style=\"text-align:left\"><span style=\"font-size:16px\"><span style=\"font-family:Merriweather,serif !important\"><span style=\"color:#000000\"><span style=\"background-color:#ffffff\">K\u0131br\u0131s Rumlar\u0131n\u0131n 1960 K\u0131br\u0131s Cumhuriyeti ad\u0131na tek tarafl\u0131 tasarrufta bulunamayaca\u011f\u0131n\u0131 ve yetki kullanamayaca\u011f\u0131n\u0131 ifade eden I\u015f\u0131k, iki taraf\u0131n da siyasi e\u015fitli\u011fine dayanan stat\u00fclerinin kar\u015f\u0131l\u0131kl\u0131 kabul edilmesi gerekti\u011fini belirtti. Hasan Y\u0131lmaz I\u015f\u0131k, K\u0131br\u0131s T\u00fcrk halk\u0131n\u0131n ba\u011f\u0131ms\u0131zl\u0131\u011f\u0131n\u0131n kabul edilmesi ve Do\u011fu Akdeniz\u2019de bar\u0131\u015f ve istikrar\u0131n tesisi i\u00e7in KKTC\u2019nin tan\u0131nmas\u0131 gerekti\u011fini de kaydetti.<\/span><\/span><\/span><\/span><\/p>\n<p style=\"text-align:left\"><span style=\"font-size:16px\"><span style=\"font-family:Merriweather,serif !important\"><span style=\"color:#000000\"><span style=\"background-color:#ffffff\">I\u015f\u0131k, BM ve AB\u2019ye s\u00fcre vererek, bunu yaz\u0131l\u0131 talep etmeleri i\u00e7in Cumhurba\u015fkan\u0131 Ersin Tatar, h\u00fck\u00fcmet ve Meclis\u2019e \u00e7a\u011fr\u0131da bulundu.<\/span><\/span><\/span><\/span><\/p>\n","protected":false},"excerpt":{"rendered":"<p>I\u015f\u0131k yapt\u0131\u011f\u0131 yaz\u0131l\u0131 a\u00e7\u0131klamada, bildiride, Ankara ile ili\u015fkilerin ba\u015flat\u0131lmas\u0131 karar\u0131n\u0131n, \u201cK\u0131br\u0131s sorununun, Birle\u015fmi\u015f Milletler (BM) parametreleri \u00e7er\u00e7evesinde \u00e7\u00f6z\u00fcm\u00fc i\u00e7in m\u00fczakerelerin yeniden ba\u015flat\u0131lmas\u0131\u201d ko\u015fuluna ba\u011fland\u0131\u011f\u0131n\u0131 ifade ederek, bunu ele\u015ftirdi. Annan Plan\u0131\u2019na \u201cevet\u201d diyen K\u0131br\u0131s T\u00fcrklerine, vaatlere ra\u011fmen yapt\u0131r\u0131mlar\u0131n kald\u0131r\u0131lmad\u0131\u011f\u0131na dikkat \u00e7eken I\u015f\u0131k, BM ve AB\u2019nin bir anla\u015fman\u0131n arkas\u0131nda duramayaca\u011f\u0131n\u0131 ve g\u00fcvence olamayaca\u011f\u0131n\u0131 kaydetti. I\u015f\u0131k, BM Genel<\/p>\n","protected":false},"author":1,"featured_media":39301,"comment_status":"open","ping_status":"open","sticky":false,"template":"","format":"standard","meta":{"footnotes":""},"categories":[79],"tags":[],"class_list":["post-39300","post","type-post","status-publish","format-standard","has-post-thumbnail","hentry","category-ekonomi"],"yoast_head":"<!-- This site is optimized with the Yoast SEO plugin v27.5 - https:\/\/yoast.com\/product\/yoast-seo-wordpress\/ -->\n<title>I\u015f\u0131k\u2019tan Avrupa Birli\u011fi Liderler Zirvesi\u2019nin Sonu\u00e7 Bildirisi\u2019ne tepki -<\/title>\n<meta name=\"robots\" content=\"index, follow, max-snippet:-1, max-image-preview:large, max-video-preview:-1\" \/>\n<link rel=\"canonical\" href=\"https:\/\/kibrisdakik.com\/?p=39300\" \/>\n<meta property=\"og:locale\" content=\"tr_TR\" \/>\n<meta property=\"og:type\" content=\"article\" \/>\n<meta property=\"og:title\" content=\"I\u015f\u0131k\u2019tan Avrupa Birli\u011fi Liderler Zirvesi\u2019nin Sonu\u00e7 Bildirisi\u2019ne tepki -\" \/>\n<meta property=\"og:description\" content=\"I\u015f\u0131k yapt\u0131\u011f\u0131 yaz\u0131l\u0131 a\u00e7\u0131klamada, bildiride, Ankara ile ili\u015fkilerin ba\u015flat\u0131lmas\u0131 karar\u0131n\u0131n, \u201cK\u0131br\u0131s sorununun, Birle\u015fmi\u015f Milletler (BM) parametreleri \u00e7er\u00e7evesinde \u00e7\u00f6z\u00fcm\u00fc i\u00e7in m\u00fczakerelerin yeniden ba\u015flat\u0131lmas\u0131\u201d ko\u015fuluna ba\u011fland\u0131\u011f\u0131n\u0131 ifade ederek, bunu ele\u015ftirdi. Annan Plan\u0131\u2019na \u201cevet\u201d diyen K\u0131br\u0131s T\u00fcrklerine, vaatlere ra\u011fmen yapt\u0131r\u0131mlar\u0131n kald\u0131r\u0131lmad\u0131\u011f\u0131na dikkat \u00e7eken I\u015f\u0131k, BM ve AB\u2019nin bir anla\u015fman\u0131n arkas\u0131nda duramayaca\u011f\u0131n\u0131 ve g\u00fcvence olamayaca\u011f\u0131n\u0131 kaydetti. I\u015f\u0131k, BM Genel\" \/>\n<meta property=\"og:url\" content=\"https:\/\/kibrisdakik.com\/?p=39300\" \/>\n<meta property=\"article:published_time\" content=\"2024-04-22T07:03:53+00:00\" \/>\n<meta property=\"og:image\" content=\"https:\/\/kibrisdakik.com\/wp-content\/uploads\/2024\/04\/isiktan-avrupa-birligi-liderler-zirvesinin-sonuc-bildirisine-tepki-1713768037.webp.webp\" \/>\n\t<meta property=\"og:image:width\" content=\"710\" \/>\n\t<meta property=\"og:image:height\" content=\"370\" \/>\n\t<meta property=\"og:image:type\" content=\"image\/webp\" \/>\n<meta name=\"author\" content=\"admin\" \/>\n<meta name=\"twitter:card\" content=\"summary_large_image\" \/>\n<meta name=\"twitter:label1\" content=\"Yazan:\" \/>\n\t<meta name=\"twitter:data1\" content=\"admin\" \/>\n\t<meta name=\"twitter:label2\" content=\"Tahmini okuma s\u00fcresi\" \/>\n\t<meta name=\"twitter:data2\" content=\"1 dakika\" \/>\n<script type=\"application\/ld+json\" class=\"yoast-schema-graph\">{\"@context\":\"https:\\\/\\\/schema.org\",\"@graph\":[{\"@type\":\"Article\",\"@id\":\"https:\\\/\\\/kibrisdakik.com\\\/?p=39300#article\",\"isPartOf\":{\"@id\":\"https:\\\/\\\/kibrisdakik.com\\\/?p=39300\"},\"author\":{\"name\":\"admin\",\"@id\":\"https:\\\/\\\/kibrisdakik.com\\\/#\\\/schema\\\/person\\\/9cd9d437bbb44f72b73ba127e06d8e79\"},\"headline\":\"I\u015f\u0131k\u2019tan Avrupa Birli\u011fi Liderler Zirvesi\u2019nin Sonu\u00e7 Bildirisi\u2019ne tepki\",\"datePublished\":\"2024-04-22T07:03:53+00:00\",\"mainEntityOfPage\":{\"@id\":\"https:\\\/\\\/kibrisdakik.com\\\/?p=39300\"},\"wordCount\":304,\"commentCount\":0,\"image\":{\"@id\":\"https:\\\/\\\/kibrisdakik.com\\\/?p=39300#primaryimage\"},\"thumbnailUrl\":\"https:\\\/\\\/kibrisdakik.com\\\/wp-content\\\/uploads\\\/2024\\\/04\\\/isiktan-avrupa-birligi-liderler-zirvesinin-sonuc-bildirisine-tepki-1713768037.webp.webp\",\"articleSection\":[\"Ekonomi\"],\"inLanguage\":\"tr\",\"potentialAction\":[{\"@type\":\"CommentAction\",\"name\":\"Comment\",\"target\":[\"https:\\\/\\\/kibrisdakik.com\\\/?p=39300#respond\"]}]},{\"@type\":\"WebPage\",\"@id\":\"https:\\\/\\\/kibrisdakik.com\\\/?p=39300\",\"url\":\"https:\\\/\\\/kibrisdakik.com\\\/?p=39300\",\"name\":\"I\u015f\u0131k\u2019tan Avrupa Birli\u011fi Liderler Zirvesi\u2019nin Sonu\u00e7 Bildirisi\u2019ne tepki -\",\"isPartOf\":{\"@id\":\"https:\\\/\\\/kibrisdakik.com\\\/#website\"},\"primaryImageOfPage\":{\"@id\":\"https:\\\/\\\/kibrisdakik.com\\\/?p=39300#primaryimage\"},\"image\":{\"@id\":\"https:\\\/\\\/kibrisdakik.com\\\/?p=39300#primaryimage\"},\"thumbnailUrl\":\"https:\\\/\\\/kibrisdakik.com\\\/wp-content\\\/uploads\\\/2024\\\/04\\\/isiktan-avrupa-birligi-liderler-zirvesinin-sonuc-bildirisine-tepki-1713768037.webp.webp\",\"datePublished\":\"2024-04-22T07:03:53+00:00\",\"author\":{\"@id\":\"https:\\\/\\\/kibrisdakik.com\\\/#\\\/schema\\\/person\\\/9cd9d437bbb44f72b73ba127e06d8e79\"},\"breadcrumb\":{\"@id\":\"https:\\\/\\\/kibrisdakik.com\\\/?p=39300#breadcrumb\"},\"inLanguage\":\"tr\",\"potentialAction\":[{\"@type\":\"ReadAction\",\"target\":[\"https:\\\/\\\/kibrisdakik.com\\\/?p=39300\"]}]},{\"@type\":\"ImageObject\",\"inLanguage\":\"tr\",\"@id\":\"https:\\\/\\\/kibrisdakik.com\\\/?p=39300#primaryimage\",\"url\":\"https:\\\/\\\/kibrisdakik.com\\\/wp-content\\\/uploads\\\/2024\\\/04\\\/isiktan-avrupa-birligi-liderler-zirvesinin-sonuc-bildirisine-tepki-1713768037.webp.webp\",\"contentUrl\":\"https:\\\/\\\/kibrisdakik.com\\\/wp-content\\\/uploads\\\/2024\\\/04\\\/isiktan-avrupa-birligi-liderler-zirvesinin-sonuc-bildirisine-tepki-1713768037.webp.webp\",\"width\":710,\"height\":370},{\"@type\":\"BreadcrumbList\",\"@id\":\"https:\\\/\\\/kibrisdakik.com\\\/?p=39300#breadcrumb\",\"itemListElement\":[{\"@type\":\"ListItem\",\"position\":1,\"name\":\"Home\",\"item\":\"https:\\\/\\\/kibrisdakik.com\\\/\"},{\"@type\":\"ListItem\",\"position\":2,\"name\":\"I\u015f\u0131k\u2019tan Avrupa Birli\u011fi Liderler Zirvesi\u2019nin Sonu\u00e7 Bildirisi\u2019ne tepki\"}]},{\"@type\":\"WebSite\",\"@id\":\"https:\\\/\\\/kibrisdakik.com\\\/#website\",\"url\":\"https:\\\/\\\/kibrisdakik.com\\\/\",\"name\":\"\",\"description\":\"Tam vaktinde haber\",\"potentialAction\":[{\"@type\":\"SearchAction\",\"target\":{\"@type\":\"EntryPoint\",\"urlTemplate\":\"https:\\\/\\\/kibrisdakik.com\\\/?s={search_term_string}\"},\"query-input\":{\"@type\":\"PropertyValueSpecification\",\"valueRequired\":true,\"valueName\":\"search_term_string\"}}],\"inLanguage\":\"tr\"},{\"@type\":\"Person\",\"@id\":\"https:\\\/\\\/kibrisdakik.com\\\/#\\\/schema\\\/person\\\/9cd9d437bbb44f72b73ba127e06d8e79\",\"name\":\"admin\",\"image\":{\"@type\":\"ImageObject\",\"inLanguage\":\"tr\",\"@id\":\"https:\\\/\\\/secure.gravatar.com\\\/avatar\\\/ccc17943b9d660506c869530f897617f7cb1c21a4bf30023f252596d83e1f007?s=96&d=mm&r=g\",\"url\":\"https:\\\/\\\/secure.gravatar.com\\\/avatar\\\/ccc17943b9d660506c869530f897617f7cb1c21a4bf30023f252596d83e1f007?s=96&d=mm&r=g\",\"contentUrl\":\"https:\\\/\\\/secure.gravatar.com\\\/avatar\\\/ccc17943b9d660506c869530f897617f7cb1c21a4bf30023f252596d83e1f007?s=96&d=mm&r=g\",\"caption\":\"admin\"},\"sameAs\":[\"https:\\\/\\\/kibrisdakik.com\"],\"url\":\"https:\\\/\\\/kibrisdakik.com\\\/?author=1\"}]}<\/script>\n<!-- \/ Yoast SEO plugin. -->","yoast_head_json":{"title":"I\u015f\u0131k\u2019tan Avrupa Birli\u011fi Liderler Zirvesi\u2019nin Sonu\u00e7 Bildirisi\u2019ne tepki -","robots":{"index":"index","follow":"follow","max-snippet":"max-snippet:-1","max-image-preview":"max-image-preview:large","max-video-preview":"max-video-preview:-1"},"canonical":"https:\/\/kibrisdakik.com\/?p=39300","og_locale":"tr_TR","og_type":"article","og_title":"I\u015f\u0131k\u2019tan Avrupa Birli\u011fi Liderler Zirvesi\u2019nin Sonu\u00e7 Bildirisi\u2019ne tepki -","og_description":"I\u015f\u0131k yapt\u0131\u011f\u0131 yaz\u0131l\u0131 a\u00e7\u0131klamada, bildiride, Ankara ile ili\u015fkilerin ba\u015flat\u0131lmas\u0131 karar\u0131n\u0131n, \u201cK\u0131br\u0131s sorununun, Birle\u015fmi\u015f Milletler (BM) parametreleri \u00e7er\u00e7evesinde \u00e7\u00f6z\u00fcm\u00fc i\u00e7in m\u00fczakerelerin yeniden ba\u015flat\u0131lmas\u0131\u201d ko\u015fuluna ba\u011fland\u0131\u011f\u0131n\u0131 ifade ederek, bunu ele\u015ftirdi. Annan Plan\u0131\u2019na \u201cevet\u201d diyen K\u0131br\u0131s T\u00fcrklerine, vaatlere ra\u011fmen yapt\u0131r\u0131mlar\u0131n kald\u0131r\u0131lmad\u0131\u011f\u0131na dikkat \u00e7eken I\u015f\u0131k, BM ve AB\u2019nin bir anla\u015fman\u0131n arkas\u0131nda duramayaca\u011f\u0131n\u0131 ve g\u00fcvence olamayaca\u011f\u0131n\u0131 kaydetti. I\u015f\u0131k, BM Genel","og_url":"https:\/\/kibrisdakik.com\/?p=39300","article_published_time":"2024-04-22T07:03:53+00:00","og_image":[{"width":710,"height":370,"url":"https:\/\/kibrisdakik.com\/wp-content\/uploads\/2024\/04\/isiktan-avrupa-birligi-liderler-zirvesinin-sonuc-bildirisine-tepki-1713768037.webp.webp","type":"image\/webp"}],"author":"admin","twitter_card":"summary_large_image","twitter_misc":{"Yazan:":"admin","Tahmini okuma s\u00fcresi":"1 dakika"},"schema":{"@context":"https:\/\/schema.org","@graph":[{"@type":"Article","@id":"https:\/\/kibrisdakik.com\/?p=39300#article","isPartOf":{"@id":"https:\/\/kibrisdakik.com\/?p=39300"},"author":{"name":"admin","@id":"https:\/\/kibrisdakik.com\/#\/schema\/person\/9cd9d437bbb44f72b73ba127e06d8e79"},"headline":"I\u015f\u0131k\u2019tan Avrupa Birli\u011fi Liderler Zirvesi\u2019nin Sonu\u00e7 Bildirisi\u2019ne tepki","datePublished":"2024-04-22T07:03:53+00:00","mainEntityOfPage":{"@id":"https:\/\/kibrisdakik.com\/?p=39300"},"wordCount":304,"commentCount":0,"image":{"@id":"https:\/\/kibrisdakik.com\/?p=39300#primaryimage"},"thumbnailUrl":"https:\/\/kibrisdakik.com\/wp-content\/uploads\/2024\/04\/isiktan-avrupa-birligi-liderler-zirvesinin-sonuc-bildirisine-tepki-1713768037.webp.webp","articleSection":["Ekonomi"],"inLanguage":"tr","potentialAction":[{"@type":"CommentAction","name":"Comment","target":["https:\/\/kibrisdakik.com\/?p=39300#respond"]}]},{"@type":"WebPage","@id":"https:\/\/kibrisdakik.com\/?p=39300","url":"https:\/\/kibrisdakik.com\/?p=39300","name":"I\u015f\u0131k\u2019tan Avrupa Birli\u011fi Liderler Zirvesi\u2019nin Sonu\u00e7 Bildirisi\u2019ne tepki -","isPartOf":{"@id":"https:\/\/kibrisdakik.com\/#website"},"primaryImageOfPage":{"@id":"https:\/\/kibrisdakik.com\/?p=39300#primaryimage"},"image":{"@id":"https:\/\/kibrisdakik.com\/?p=39300#primaryimage"},"thumbnailUrl":"https:\/\/kibrisdakik.com\/wp-content\/uploads\/2024\/04\/isiktan-avrupa-birligi-liderler-zirvesinin-sonuc-bildirisine-tepki-1713768037.webp.webp","datePublished":"2024-04-22T07:03:53+00:00","author":{"@id":"https:\/\/kibrisdakik.com\/#\/schema\/person\/9cd9d437bbb44f72b73ba127e06d8e79"},"breadcrumb":{"@id":"https:\/\/kibrisdakik.com\/?p=39300#breadcrumb"},"inLanguage":"tr","potentialAction":[{"@type":"ReadAction","target":["https:\/\/kibrisdakik.com\/?p=39300"]}]},{"@type":"ImageObject","inLanguage":"tr","@id":"https:\/\/kibrisdakik.com\/?p=39300#primaryimage","url":"https:\/\/kibrisdakik.com\/wp-content\/uploads\/2024\/04\/isiktan-avrupa-birligi-liderler-zirvesinin-sonuc-bildirisine-tepki-1713768037.webp.webp","contentUrl":"https:\/\/kibrisdakik.com\/wp-content\/uploads\/2024\/04\/isiktan-avrupa-birligi-liderler-zirvesinin-sonuc-bildirisine-tepki-1713768037.webp.webp","width":710,"height":370},{"@type":"BreadcrumbList","@id":"https:\/\/kibrisdakik.com\/?p=39300#breadcrumb","itemListElement":[{"@type":"ListItem","position":1,"name":"Home","item":"https:\/\/kibrisdakik.com\/"},{"@type":"ListItem","position":2,"name":"I\u015f\u0131k\u2019tan Avrupa Birli\u011fi Liderler Zirvesi\u2019nin Sonu\u00e7 Bildirisi\u2019ne tepki"}]},{"@type":"WebSite","@id":"https:\/\/kibrisdakik.com\/#website","url":"https:\/\/kibrisdakik.com\/","name":"","description":"Tam vaktinde haber","potentialAction":[{"@type":"SearchAction","target":{"@type":"EntryPoint","urlTemplate":"https:\/\/kibrisdakik.com\/?s={search_term_string}"},"query-input":{"@type":"PropertyValueSpecification","valueRequired":true,"valueName":"search_term_string"}}],"inLanguage":"tr"},{"@type":"Person","@id":"https:\/\/kibrisdakik.com\/#\/schema\/person\/9cd9d437bbb44f72b73ba127e06d8e79","name":"admin","image":{"@type":"ImageObject","inLanguage":"tr","@id":"https:\/\/secure.gravatar.com\/avatar\/ccc17943b9d660506c869530f897617f7cb1c21a4bf30023f252596d83e1f007?s=96&d=mm&r=g","url":"https:\/\/secure.gravatar.com\/avatar\/ccc17943b9d660506c869530f897617f7cb1c21a4bf30023f252596d83e1f007?s=96&d=mm&r=g","contentUrl":"https:\/\/secure.gravatar.com\/avatar\/ccc17943b9d660506c869530f897617f7cb1c21a4bf30023f252596d83e1f007?s=96&d=mm&r=g","caption":"admin"},"sameAs":["https:\/\/kibrisdakik.com"],"url":"https:\/\/kibrisdakik.com\/?author=1"}]}},"_links":{"self":[{"href":"https:\/\/kibrisdakik.com\/index.php?rest_route=\/wp\/v2\/posts\/39300","targetHints":{"allow":["GET"]}}],"collection":[{"href":"https:\/\/kibrisdakik.com\/index.php?rest_route=\/wp\/v2\/posts"}],"about":[{"href":"https:\/\/kibrisdakik.com\/index.php?rest_route=\/wp\/v2\/types\/post"}],"author":[{"embeddable":true,"href":"https:\/\/kibrisdakik.com\/index.php?rest_route=\/wp\/v2\/users\/1"}],"replies":[{"embeddable":true,"href":"https:\/\/kibrisdakik.com\/index.php?rest_route=%2Fwp%2Fv2%2Fcomments&post=39300"}],"version-history":[{"count":0,"href":"https:\/\/kibrisdakik.com\/index.php?rest_route=\/wp\/v2\/posts\/39300\/revisions"}],"wp:featuredmedia":[{"embeddable":true,"href":"https:\/\/kibrisdakik.com\/index.php?rest_route=\/wp\/v2\/media\/39301"}],"wp:attachment":[{"href":"https:\/\/kibrisdakik.com\/index.php?rest_route=%2Fwp%2Fv2%2Fmedia&parent=39300"}],"wp:term":[{"taxonomy":"category","embeddable":true,"href":"https:\/\/kibrisdakik.com\/index.php?rest_route=%2Fwp%2Fv2%2Fcategories&post=39300"},{"taxonomy":"post_tag","embeddable":true,"href":"https:\/\/kibrisdakik.com\/index.php?rest_route=%2Fwp%2Fv2%2Ftags&post=39300"}],"curies":[{"name":"wp","href":"https:\/\/api.w.org\/{rel}","templated":true}]}}