{"id":39308,"date":"2024-04-22T08:11:04","date_gmt":"2024-04-22T08:11:04","guid":{"rendered":"https:\/\/kibrisdakik.com\/index.php\/2024\/04\/22\/bakanlar-kurulunda-bugun-cocuklar-vardi\/"},"modified":"2024-04-22T08:11:04","modified_gmt":"2024-04-22T08:11:04","slug":"bakanlar-kurulunda-bugun-cocuklar-vardi","status":"publish","type":"post","link":"https:\/\/kibrisdakik.com\/?p=39308","title":{"rendered":"Bakanlar Kurulu\u2019nda bug\u00fcn \u00e7ocuklar vard\u0131"},"content":{"rendered":"<p><\/p>\n<div>\n<div class=\"mariselle-image-container center\">\n                <img loading=\"lazy\" decoding=\"async\" width=\"2560\" height=\"1707\" class=\"lazy-image\" alt=\"\" sizes=\"auto, (max-width: 2560px) 100vw, 2560px\" src=\"https:\/\/brtk.net\/wp-content\/uploads\/2024\/04\/22\/IMG_2012-scaled.jpg?ver=975baaffd1e0de849ce4ee5ad0826d8b\" srcset=\"https:\/\/brtk.net\/wp-content\/uploads\/2024\/04\/22\/IMG_2012-scaled.jpg?ver=975baaffd1e0de849ce4ee5ad0826d8b 2560w, https:\/\/brtk.net\/wp-content\/uploads\/2024\/04\/22\/IMG_2012-300x200.jpg?ver=d4b0371ed54295cd73773b81d06699a3 300w, https:\/\/brtk.net\/wp-content\/uploads\/2024\/04\/22\/IMG_2012-1024x683.jpg?ver=c60f9d4c615cc228ee7702d2ab160e9d 1024w, https:\/\/brtk.net\/wp-content\/uploads\/2024\/04\/22\/IMG_2012-768x512.jpg?ver=c60f9d4c615cc228ee7702d2ab160e9d 768w, https:\/\/brtk.net\/wp-content\/uploads\/2024\/04\/22\/IMG_2012-1536x1024.jpg?ver=5031c58089e1d313a6cc26f06cd1fbe0 1536w, https:\/\/brtk.net\/wp-content\/uploads\/2024\/04\/22\/IMG_2012-2048x1365.jpg?ver=1699f03bb4a42bb9d06e1778d813319e 2048w\"\/>                            <\/div>\n<p>23 Nisan Ulusal Egemenlik ve \u00c7ocuk Bayram\u0131 etkinlikler kapsam\u0131nda, 6 il\u00e7eden 15 \u00e7ocuk Bakanlar Kurulunu da ziyaret etti.<\/p>\n<p>Bakanlar Kurulu salonunda \u00e7ocuklar\u0131 kar\u015f\u0131layan bakanlar yerlerini \u00e7ocuklara b\u0131rakt\u0131.<\/p>\n<div class=\"mariselle-image-container center\">\n                <img loading=\"lazy\" decoding=\"async\" width=\"2112\" height=\"1408\" class=\"lazy-image\" alt=\"\" sizes=\"auto, (max-width: 2112px) 100vw, 2112px\" src=\"https:\/\/brtk.net\/wp-content\/uploads\/2024\/04\/22\/IMG_1958.jpg?ver=5f7eed2abd17a949d64537f82f967f68\" srcset=\"https:\/\/brtk.net\/wp-content\/uploads\/2024\/04\/22\/IMG_1958.jpg?ver=5f7eed2abd17a949d64537f82f967f68 2112w, https:\/\/brtk.net\/wp-content\/uploads\/2024\/04\/22\/IMG_1958-300x200.jpg?ver=5f7eed2abd17a949d64537f82f967f68 300w, https:\/\/brtk.net\/wp-content\/uploads\/2024\/04\/22\/IMG_1958-1024x683.jpg?ver=5f7eed2abd17a949d64537f82f967f68 1024w, https:\/\/brtk.net\/wp-content\/uploads\/2024\/04\/22\/IMG_1958-768x512.jpg?ver=de1dbeedc7386786102d4caad2829e3b 768w, https:\/\/brtk.net\/wp-content\/uploads\/2024\/04\/22\/IMG_1958-1536x1024.jpg?ver=de1dbeedc7386786102d4caad2829e3b 1536w, https:\/\/brtk.net\/wp-content\/uploads\/2024\/04\/22\/IMG_1958-2048x1365.jpg?ver=8b922f0e457e0e19df4ac56380ef8d00 2048w\"\/>                            <\/div>\n<p>Ba\u015fbakan \u00dcnal \u00dcstel yapt\u0131\u011f\u0131 konu\u015fmada, bug\u00fcn\u00fcn k\u00fc\u00e7\u00fcklerinin yar\u0131n\u0131n b\u00fcy\u00fckleri oldu\u011funa dikkat \u00e7ekerek, \u201cG\u00f6revlerinizi gelece\u011fin idarecisi olacak olan \u00e7ocuklar\u0131m\u0131za b\u0131rakaca\u011f\u0131z\u201d dedi.<\/p>\n<p>23 Nisan 1920 tarihinin\u00a0 \u00e7ok \u00f6nemli bir tarih oldu\u011funu s\u00f6yleyen Ba\u015fbakan \u00dcstel, T\u00fcrkiye B\u00fcy\u00fck Millet Meclisi\u2019ni kuran Gazi Mustafa Kemal Atat\u00fcrk\u2019\u00fcn T\u00fcrkiye\u2019yi esaretten kurtard\u0131\u011f\u0131n\u0131 anlatt\u0131.<\/p>\n<p>\u00dcstel, \u201cGazi Mustafa Kemal Atat\u00fcrk T\u00fcrkiye\u2019yi esaretten kurtararak TBMM\u2019yi kurdu ve \u00e7ocuklara bug\u00fcn\u00fc bayram olarak arma\u011fan etti. Bizde \u00f6zg\u00fcrce <a href=\"https:\/\/brtk.net\/\">KKTC<\/a>\u2019de ya\u015famak i\u00e7in \u00e7ok u\u011fra\u015flar verdik ve sizde gelecekte <a href=\"https:\/\/brtk.net\/\">KKTC<\/a>\u2019yi ya\u015fatmak i\u00e7in u\u011fra\u015f vereceksiniz. Gelece\u011fin bakanlar\u0131 olarak sizler \u00fclkeyi daha da refah g\u00fcnlere ta\u015f\u0131mak i\u00e7in \u00e7al\u0131\u015facaks\u0131n\u0131z. Bug\u00fcn sizin g\u00fcn\u00fcn\u00fcz hay\u0131rl\u0131 ve u\u011furlu olsun.\u201ddedi.\u00a0<\/p>\n<p>Ba\u015fbakan\u2019\u0131n konu\u015fmas\u0131n\u0131n ard\u0131ndan Ba\u015fbakan koltu\u011funa Gazi Canbulat \u0130lkokulu \u00f6\u011frencisi Ebrar Birgin oturdu\u2026<\/p>\n<p>Ebrar Birgin, \u201cBize bu g\u00fczel g\u00fcn\u00fc marma\u011fan eden Atat\u00fcrk\u2019e te\u015fekk\u00fcr ederiz. D\u00fcnya bir g\u00fcnl\u00fc\u011f\u00fcne olsa bile \u00e7ocuklara b\u0131rak\u0131lsa hep karde\u015flik ve dostluk kazanacak.\u201d dedi<\/p>\n<div class=\"mariselle-image-container center\">\n                <img loading=\"lazy\" decoding=\"async\" width=\"2560\" height=\"1279\" class=\"lazy-image\" alt=\"\" sizes=\"auto, (max-width: 2560px) 100vw, 2560px\" src=\"https:\/\/brtk.net\/wp-content\/uploads\/2024\/04\/22\/IMG_2080-horz-scaled.jpg?ver=95aa086ebd62a9493fea32fde02500a6\" srcset=\"https:\/\/brtk.net\/wp-content\/uploads\/2024\/04\/22\/IMG_2080-horz-scaled.jpg?ver=95aa086ebd62a9493fea32fde02500a6 2560w, https:\/\/brtk.net\/wp-content\/uploads\/2024\/04\/22\/IMG_2080-horz-300x150.jpg?ver=bd501ac6338647a1f1ca910d7fb062bb 300w, https:\/\/brtk.net\/wp-content\/uploads\/2024\/04\/22\/IMG_2080-horz-1024x511.jpg?ver=028437d4dcee8b5ddfe14710fdd97dd9 1024w, https:\/\/brtk.net\/wp-content\/uploads\/2024\/04\/22\/IMG_2080-horz-768x384.jpg?ver=028437d4dcee8b5ddfe14710fdd97dd9 768w, https:\/\/brtk.net\/wp-content\/uploads\/2024\/04\/22\/IMG_2080-horz-1536x767.jpg?ver=a43810aadb1545d2e66816b05dd16405 1536w, https:\/\/brtk.net\/wp-content\/uploads\/2024\/04\/22\/IMG_2080-horz-2048x1023.jpg?ver=e86a6135059c630f7d1f3b1301c08063 2048w, https:\/\/brtk.net\/wp-content\/uploads\/2024\/04\/22\/IMG_2080-horz-720x360.jpg?ver=a63c95997672d76fb39fd785421c39ea 720w\"\/>                            <\/div>\n<p>Daha sonra kabinede yer alan bakanlar\u0131n koltuklar\u0131na oturan \u00e7ocuklar da duygu ve d\u00fc\u015f\u00fcncelerini payla\u015ft\u0131.<\/p>\n<p>Ard\u0131ndan Ebrar Birgin 23 Nisan \u015fiirini okudu\u2026<\/p>\n<div class=\"mariselle-image-container center\">\n                <img loading=\"lazy\" decoding=\"async\" width=\"2560\" height=\"1706\" class=\"lazy-image\" alt=\"\" sizes=\"auto, (max-width: 2560px) 100vw, 2560px\" src=\"https:\/\/brtk.net\/wp-content\/uploads\/2024\/04\/22\/IMG_2108-scaled.jpg?ver=b7f7f5a480aea3fde845fc946fba23a9\" srcset=\"https:\/\/brtk.net\/wp-content\/uploads\/2024\/04\/22\/IMG_2108-scaled.jpg?ver=b7f7f5a480aea3fde845fc946fba23a9 2560w, https:\/\/brtk.net\/wp-content\/uploads\/2024\/04\/22\/IMG_2108-300x200.jpg?ver=e6fa604654eda4ea4d8c8ecf2c5e8c3f 300w, https:\/\/brtk.net\/wp-content\/uploads\/2024\/04\/22\/IMG_2108-1024x683.jpg?ver=86cb29d01fed63487af13ca38692536b 1024w, https:\/\/brtk.net\/wp-content\/uploads\/2024\/04\/22\/IMG_2108-768x512.jpg?ver=7149ca5b2f2e37a63c667c27542b70e4 768w, https:\/\/brtk.net\/wp-content\/uploads\/2024\/04\/22\/IMG_2108-1536x1024.jpg?ver=46c91a583fbe9f5185e0ebde3db17a46 1536w, https:\/\/brtk.net\/wp-content\/uploads\/2024\/04\/22\/IMG_2108-2048x1365.jpg?ver=abf41a84fc15b7d38a498457951f550c 2048w\"\/>                            <\/div>\n<p>Ziyaretin sonunda bakanlar ve \u00e7ocuklar Ba\u015fbakanl\u0131k \u00f6n\u00fcnde bir de an\u0131 foro\u011fraf\u0131 \u00e7ektirdi.<\/p>\n<p>brt<\/p>\n<\/p><\/div>\n<p><script async\n                    defer\n                    crossorigin=\"anonymous\"\n                    src=\"https:\/\/connect.facebook.net\/tr_TR\/sdk.js#xfbml=1&#038;version=v3.3\"\n            ><\/script><\/p>\n","protected":false},"excerpt":{"rendered":"<p>23 Nisan Ulusal Egemenlik ve \u00c7ocuk Bayram\u0131 etkinlikler kapsam\u0131nda, 6 il\u00e7eden 15 \u00e7ocuk Bakanlar Kurulunu da ziyaret etti. Bakanlar Kurulu salonunda \u00e7ocuklar\u0131 kar\u015f\u0131layan bakanlar yerlerini \u00e7ocuklara b\u0131rakt\u0131. Ba\u015fbakan \u00dcnal \u00dcstel yapt\u0131\u011f\u0131 konu\u015fmada, bug\u00fcn\u00fcn k\u00fc\u00e7\u00fcklerinin yar\u0131n\u0131n b\u00fcy\u00fckleri oldu\u011funa dikkat \u00e7ekerek, \u201cG\u00f6revlerinizi gelece\u011fin idarecisi olacak olan \u00e7ocuklar\u0131m\u0131za b\u0131rakaca\u011f\u0131z\u201d dedi. 23 Nisan 1920 tarihinin\u00a0 \u00e7ok \u00f6nemli bir tarih<\/p>\n","protected":false},"author":1,"featured_media":39309,"comment_status":"open","ping_status":"open","sticky":false,"template":"","format":"standard","meta":{"footnotes":""},"categories":[1],"tags":[],"class_list":["post-39308","post","type-post","status-publish","format-standard","has-post-thumbnail","hentry","category-gundem"],"yoast_head":"<!-- This site is optimized with the Yoast SEO plugin v27.4 - https:\/\/yoast.com\/product\/yoast-seo-wordpress\/ -->\n<title>Bakanlar Kurulu\u2019nda bug\u00fcn \u00e7ocuklar vard\u0131 -<\/title>\n<meta name=\"robots\" content=\"index, follow, max-snippet:-1, max-image-preview:large, max-video-preview:-1\" \/>\n<link rel=\"canonical\" href=\"https:\/\/kibrisdakik.com\/?p=39308\" \/>\n<meta property=\"og:locale\" content=\"tr_TR\" \/>\n<meta property=\"og:type\" content=\"article\" \/>\n<meta property=\"og:title\" content=\"Bakanlar Kurulu\u2019nda bug\u00fcn \u00e7ocuklar vard\u0131 -\" \/>\n<meta property=\"og:description\" content=\"23 Nisan Ulusal Egemenlik ve \u00c7ocuk Bayram\u0131 etkinlikler kapsam\u0131nda, 6 il\u00e7eden 15 \u00e7ocuk Bakanlar Kurulunu da ziyaret etti. Bakanlar Kurulu salonunda \u00e7ocuklar\u0131 kar\u015f\u0131layan bakanlar yerlerini \u00e7ocuklara b\u0131rakt\u0131. Ba\u015fbakan \u00dcnal \u00dcstel yapt\u0131\u011f\u0131 konu\u015fmada, bug\u00fcn\u00fcn k\u00fc\u00e7\u00fcklerinin yar\u0131n\u0131n b\u00fcy\u00fckleri oldu\u011funa dikkat \u00e7ekerek, \u201cG\u00f6revlerinizi gelece\u011fin idarecisi olacak olan \u00e7ocuklar\u0131m\u0131za b\u0131rakaca\u011f\u0131z\u201d dedi. 23 Nisan 1920 tarihinin\u00a0 \u00e7ok \u00f6nemli bir tarih\" \/>\n<meta property=\"og:url\" content=\"https:\/\/kibrisdakik.com\/?p=39308\" \/>\n<meta property=\"article:published_time\" content=\"2024-04-22T08:11:04+00:00\" \/>\n<meta property=\"og:image\" content=\"https:\/\/kibrisdakik.com\/wp-content\/uploads\/2024\/04\/IMG_2012-1-scaled-740x420.jpg\" \/>\n\t<meta property=\"og:image:width\" content=\"2560\" \/>\n\t<meta property=\"og:image:height\" content=\"1149\" \/>\n\t<meta property=\"og:image:type\" content=\"image\/jpeg\" \/>\n<meta name=\"author\" content=\"admin\" \/>\n<meta name=\"twitter:card\" content=\"summary_large_image\" \/>\n<meta name=\"twitter:label1\" content=\"Yazan:\" \/>\n\t<meta name=\"twitter:data1\" content=\"admin\" \/>\n\t<meta name=\"twitter:label2\" content=\"Tahmini okuma s\u00fcresi\" \/>\n\t<meta name=\"twitter:data2\" content=\"1 dakika\" \/>\n<script type=\"application\/ld+json\" class=\"yoast-schema-graph\">{\"@context\":\"https:\\\/\\\/schema.org\",\"@graph\":[{\"@type\":\"Article\",\"@id\":\"https:\\\/\\\/kibrisdakik.com\\\/?p=39308#article\",\"isPartOf\":{\"@id\":\"https:\\\/\\\/kibrisdakik.com\\\/?p=39308\"},\"author\":{\"name\":\"admin\",\"@id\":\"https:\\\/\\\/kibrisdakik.com\\\/#\\\/schema\\\/person\\\/9cd9d437bbb44f72b73ba127e06d8e79\"},\"headline\":\"Bakanlar Kurulu\u2019nda bug\u00fcn \u00e7ocuklar vard\u0131\",\"datePublished\":\"2024-04-22T08:11:04+00:00\",\"mainEntityOfPage\":{\"@id\":\"https:\\\/\\\/kibrisdakik.com\\\/?p=39308\"},\"wordCount\":287,\"commentCount\":0,\"image\":{\"@id\":\"https:\\\/\\\/kibrisdakik.com\\\/?p=39308#primaryimage\"},\"thumbnailUrl\":\"https:\\\/\\\/kibrisdakik.com\\\/wp-content\\\/uploads\\\/2024\\\/04\\\/IMG_2012-1-scaled-740x420.jpg\",\"articleSection\":[\"G\u00fcndem\"],\"inLanguage\":\"tr\",\"potentialAction\":[{\"@type\":\"CommentAction\",\"name\":\"Comment\",\"target\":[\"https:\\\/\\\/kibrisdakik.com\\\/?p=39308#respond\"]}]},{\"@type\":\"WebPage\",\"@id\":\"https:\\\/\\\/kibrisdakik.com\\\/?p=39308\",\"url\":\"https:\\\/\\\/kibrisdakik.com\\\/?p=39308\",\"name\":\"Bakanlar Kurulu\u2019nda bug\u00fcn \u00e7ocuklar vard\u0131 -\",\"isPartOf\":{\"@id\":\"https:\\\/\\\/kibrisdakik.com\\\/#website\"},\"primaryImageOfPage\":{\"@id\":\"https:\\\/\\\/kibrisdakik.com\\\/?p=39308#primaryimage\"},\"image\":{\"@id\":\"https:\\\/\\\/kibrisdakik.com\\\/?p=39308#primaryimage\"},\"thumbnailUrl\":\"https:\\\/\\\/kibrisdakik.com\\\/wp-content\\\/uploads\\\/2024\\\/04\\\/IMG_2012-1-scaled-740x420.jpg\",\"datePublished\":\"2024-04-22T08:11:04+00:00\",\"author\":{\"@id\":\"https:\\\/\\\/kibrisdakik.com\\\/#\\\/schema\\\/person\\\/9cd9d437bbb44f72b73ba127e06d8e79\"},\"breadcrumb\":{\"@id\":\"https:\\\/\\\/kibrisdakik.com\\\/?p=39308#breadcrumb\"},\"inLanguage\":\"tr\",\"potentialAction\":[{\"@type\":\"ReadAction\",\"target\":[\"https:\\\/\\\/kibrisdakik.com\\\/?p=39308\"]}]},{\"@type\":\"ImageObject\",\"inLanguage\":\"tr\",\"@id\":\"https:\\\/\\\/kibrisdakik.com\\\/?p=39308#primaryimage\",\"url\":\"https:\\\/\\\/kibrisdakik.com\\\/wp-content\\\/uploads\\\/2024\\\/04\\\/IMG_2012-1-scaled-740x420.jpg\",\"contentUrl\":\"https:\\\/\\\/kibrisdakik.com\\\/wp-content\\\/uploads\\\/2024\\\/04\\\/IMG_2012-1-scaled-740x420.jpg\",\"width\":2560,\"height\":1149},{\"@type\":\"BreadcrumbList\",\"@id\":\"https:\\\/\\\/kibrisdakik.com\\\/?p=39308#breadcrumb\",\"itemListElement\":[{\"@type\":\"ListItem\",\"position\":1,\"name\":\"Home\",\"item\":\"https:\\\/\\\/kibrisdakik.com\\\/\"},{\"@type\":\"ListItem\",\"position\":2,\"name\":\"Bakanlar Kurulu\u2019nda bug\u00fcn \u00e7ocuklar vard\u0131\"}]},{\"@type\":\"WebSite\",\"@id\":\"https:\\\/\\\/kibrisdakik.com\\\/#website\",\"url\":\"https:\\\/\\\/kibrisdakik.com\\\/\",\"name\":\"\",\"description\":\"Tam vaktinde haber\",\"potentialAction\":[{\"@type\":\"SearchAction\",\"target\":{\"@type\":\"EntryPoint\",\"urlTemplate\":\"https:\\\/\\\/kibrisdakik.com\\\/?s={search_term_string}\"},\"query-input\":{\"@type\":\"PropertyValueSpecification\",\"valueRequired\":true,\"valueName\":\"search_term_string\"}}],\"inLanguage\":\"tr\"},{\"@type\":\"Person\",\"@id\":\"https:\\\/\\\/kibrisdakik.com\\\/#\\\/schema\\\/person\\\/9cd9d437bbb44f72b73ba127e06d8e79\",\"name\":\"admin\",\"image\":{\"@type\":\"ImageObject\",\"inLanguage\":\"tr\",\"@id\":\"https:\\\/\\\/secure.gravatar.com\\\/avatar\\\/ccc17943b9d660506c869530f897617f7cb1c21a4bf30023f252596d83e1f007?s=96&d=mm&r=g\",\"url\":\"https:\\\/\\\/secure.gravatar.com\\\/avatar\\\/ccc17943b9d660506c869530f897617f7cb1c21a4bf30023f252596d83e1f007?s=96&d=mm&r=g\",\"contentUrl\":\"https:\\\/\\\/secure.gravatar.com\\\/avatar\\\/ccc17943b9d660506c869530f897617f7cb1c21a4bf30023f252596d83e1f007?s=96&d=mm&r=g\",\"caption\":\"admin\"},\"sameAs\":[\"https:\\\/\\\/kibrisdakik.com\"],\"url\":\"https:\\\/\\\/kibrisdakik.com\\\/?author=1\"}]}<\/script>\n<!-- \/ Yoast SEO plugin. -->","yoast_head_json":{"title":"Bakanlar Kurulu\u2019nda bug\u00fcn \u00e7ocuklar vard\u0131 -","robots":{"index":"index","follow":"follow","max-snippet":"max-snippet:-1","max-image-preview":"max-image-preview:large","max-video-preview":"max-video-preview:-1"},"canonical":"https:\/\/kibrisdakik.com\/?p=39308","og_locale":"tr_TR","og_type":"article","og_title":"Bakanlar Kurulu\u2019nda bug\u00fcn \u00e7ocuklar vard\u0131 -","og_description":"23 Nisan Ulusal Egemenlik ve \u00c7ocuk Bayram\u0131 etkinlikler kapsam\u0131nda, 6 il\u00e7eden 15 \u00e7ocuk Bakanlar Kurulunu da ziyaret etti. Bakanlar Kurulu salonunda \u00e7ocuklar\u0131 kar\u015f\u0131layan bakanlar yerlerini \u00e7ocuklara b\u0131rakt\u0131. Ba\u015fbakan \u00dcnal \u00dcstel yapt\u0131\u011f\u0131 konu\u015fmada, bug\u00fcn\u00fcn k\u00fc\u00e7\u00fcklerinin yar\u0131n\u0131n b\u00fcy\u00fckleri oldu\u011funa dikkat \u00e7ekerek, \u201cG\u00f6revlerinizi gelece\u011fin idarecisi olacak olan \u00e7ocuklar\u0131m\u0131za b\u0131rakaca\u011f\u0131z\u201d dedi. 23 Nisan 1920 tarihinin\u00a0 \u00e7ok \u00f6nemli bir tarih","og_url":"https:\/\/kibrisdakik.com\/?p=39308","article_published_time":"2024-04-22T08:11:04+00:00","og_image":[{"width":2560,"height":1149,"url":"https:\/\/kibrisdakik.com\/wp-content\/uploads\/2024\/04\/IMG_2012-1-scaled-740x420.jpg","type":"image\/jpeg"}],"author":"admin","twitter_card":"summary_large_image","twitter_misc":{"Yazan:":"admin","Tahmini okuma s\u00fcresi":"1 dakika"},"schema":{"@context":"https:\/\/schema.org","@graph":[{"@type":"Article","@id":"https:\/\/kibrisdakik.com\/?p=39308#article","isPartOf":{"@id":"https:\/\/kibrisdakik.com\/?p=39308"},"author":{"name":"admin","@id":"https:\/\/kibrisdakik.com\/#\/schema\/person\/9cd9d437bbb44f72b73ba127e06d8e79"},"headline":"Bakanlar Kurulu\u2019nda bug\u00fcn \u00e7ocuklar vard\u0131","datePublished":"2024-04-22T08:11:04+00:00","mainEntityOfPage":{"@id":"https:\/\/kibrisdakik.com\/?p=39308"},"wordCount":287,"commentCount":0,"image":{"@id":"https:\/\/kibrisdakik.com\/?p=39308#primaryimage"},"thumbnailUrl":"https:\/\/kibrisdakik.com\/wp-content\/uploads\/2024\/04\/IMG_2012-1-scaled-740x420.jpg","articleSection":["G\u00fcndem"],"inLanguage":"tr","potentialAction":[{"@type":"CommentAction","name":"Comment","target":["https:\/\/kibrisdakik.com\/?p=39308#respond"]}]},{"@type":"WebPage","@id":"https:\/\/kibrisdakik.com\/?p=39308","url":"https:\/\/kibrisdakik.com\/?p=39308","name":"Bakanlar Kurulu\u2019nda bug\u00fcn \u00e7ocuklar vard\u0131 -","isPartOf":{"@id":"https:\/\/kibrisdakik.com\/#website"},"primaryImageOfPage":{"@id":"https:\/\/kibrisdakik.com\/?p=39308#primaryimage"},"image":{"@id":"https:\/\/kibrisdakik.com\/?p=39308#primaryimage"},"thumbnailUrl":"https:\/\/kibrisdakik.com\/wp-content\/uploads\/2024\/04\/IMG_2012-1-scaled-740x420.jpg","datePublished":"2024-04-22T08:11:04+00:00","author":{"@id":"https:\/\/kibrisdakik.com\/#\/schema\/person\/9cd9d437bbb44f72b73ba127e06d8e79"},"breadcrumb":{"@id":"https:\/\/kibrisdakik.com\/?p=39308#breadcrumb"},"inLanguage":"tr","potentialAction":[{"@type":"ReadAction","target":["https:\/\/kibrisdakik.com\/?p=39308"]}]},{"@type":"ImageObject","inLanguage":"tr","@id":"https:\/\/kibrisdakik.com\/?p=39308#primaryimage","url":"https:\/\/kibrisdakik.com\/wp-content\/uploads\/2024\/04\/IMG_2012-1-scaled-740x420.jpg","contentUrl":"https:\/\/kibrisdakik.com\/wp-content\/uploads\/2024\/04\/IMG_2012-1-scaled-740x420.jpg","width":2560,"height":1149},{"@type":"BreadcrumbList","@id":"https:\/\/kibrisdakik.com\/?p=39308#breadcrumb","itemListElement":[{"@type":"ListItem","position":1,"name":"Home","item":"https:\/\/kibrisdakik.com\/"},{"@type":"ListItem","position":2,"name":"Bakanlar Kurulu\u2019nda bug\u00fcn \u00e7ocuklar vard\u0131"}]},{"@type":"WebSite","@id":"https:\/\/kibrisdakik.com\/#website","url":"https:\/\/kibrisdakik.com\/","name":"","description":"Tam vaktinde haber","potentialAction":[{"@type":"SearchAction","target":{"@type":"EntryPoint","urlTemplate":"https:\/\/kibrisdakik.com\/?s={search_term_string}"},"query-input":{"@type":"PropertyValueSpecification","valueRequired":true,"valueName":"search_term_string"}}],"inLanguage":"tr"},{"@type":"Person","@id":"https:\/\/kibrisdakik.com\/#\/schema\/person\/9cd9d437bbb44f72b73ba127e06d8e79","name":"admin","image":{"@type":"ImageObject","inLanguage":"tr","@id":"https:\/\/secure.gravatar.com\/avatar\/ccc17943b9d660506c869530f897617f7cb1c21a4bf30023f252596d83e1f007?s=96&d=mm&r=g","url":"https:\/\/secure.gravatar.com\/avatar\/ccc17943b9d660506c869530f897617f7cb1c21a4bf30023f252596d83e1f007?s=96&d=mm&r=g","contentUrl":"https:\/\/secure.gravatar.com\/avatar\/ccc17943b9d660506c869530f897617f7cb1c21a4bf30023f252596d83e1f007?s=96&d=mm&r=g","caption":"admin"},"sameAs":["https:\/\/kibrisdakik.com"],"url":"https:\/\/kibrisdakik.com\/?author=1"}]}},"_links":{"self":[{"href":"https:\/\/kibrisdakik.com\/index.php?rest_route=\/wp\/v2\/posts\/39308","targetHints":{"allow":["GET"]}}],"collection":[{"href":"https:\/\/kibrisdakik.com\/index.php?rest_route=\/wp\/v2\/posts"}],"about":[{"href":"https:\/\/kibrisdakik.com\/index.php?rest_route=\/wp\/v2\/types\/post"}],"author":[{"embeddable":true,"href":"https:\/\/kibrisdakik.com\/index.php?rest_route=\/wp\/v2\/users\/1"}],"replies":[{"embeddable":true,"href":"https:\/\/kibrisdakik.com\/index.php?rest_route=%2Fwp%2Fv2%2Fcomments&post=39308"}],"version-history":[{"count":0,"href":"https:\/\/kibrisdakik.com\/index.php?rest_route=\/wp\/v2\/posts\/39308\/revisions"}],"wp:featuredmedia":[{"embeddable":true,"href":"https:\/\/kibrisdakik.com\/index.php?rest_route=\/wp\/v2\/media\/39309"}],"wp:attachment":[{"href":"https:\/\/kibrisdakik.com\/index.php?rest_route=%2Fwp%2Fv2%2Fmedia&parent=39308"}],"wp:term":[{"taxonomy":"category","embeddable":true,"href":"https:\/\/kibrisdakik.com\/index.php?rest_route=%2Fwp%2Fv2%2Fcategories&post=39308"},{"taxonomy":"post_tag","embeddable":true,"href":"https:\/\/kibrisdakik.com\/index.php?rest_route=%2Fwp%2Fv2%2Ftags&post=39308"}],"curies":[{"name":"wp","href":"https:\/\/api.w.org\/{rel}","templated":true}]}}