{"id":39354,"date":"2024-04-22T14:17:00","date_gmt":"2024-04-22T14:17:00","guid":{"rendered":"https:\/\/kibrisdakik.com\/index.php\/2024\/04\/22\/ataoglu-23-nisan-ulusal-egemenlik-ve-cocuk-bayrami-dolayisiyla-mesaj-yayimladi\/"},"modified":"2024-04-22T14:17:00","modified_gmt":"2024-04-22T14:17:00","slug":"ataoglu-23-nisan-ulusal-egemenlik-ve-cocuk-bayrami-dolayisiyla-mesaj-yayimladi","status":"publish","type":"post","link":"https:\/\/kibrisdakik.com\/?p=39354","title":{"rendered":"Atao\u011flu, 23 Nisan Ulusal Egemenlik ve \u00c7ocuk Bayram\u0131 dolay\u0131s\u0131yla mesaj yay\u0131mlad\u0131"},"content":{"rendered":"<p><\/p>\n<div>\n<div class=\"mariselle-image-container none\">\n                <img loading=\"lazy\" decoding=\"async\" width=\"1200\" height=\"800\" class=\"lazy-image\" alt=\"\" sizes=\"auto, (max-width: 1200px) 100vw, 1200px\" src=\"https:\/\/brtk.net\/wp-content\/uploads\/2024\/04\/22\/fikri-ataoglu-23-nisan.jpg?ver=c740bed1466436d9f28c10b9c09f6f9a\" srcset=\"https:\/\/brtk.net\/wp-content\/uploads\/2024\/04\/22\/fikri-ataoglu-23-nisan.jpg?ver=c740bed1466436d9f28c10b9c09f6f9a 1200w, https:\/\/brtk.net\/wp-content\/uploads\/2024\/04\/22\/fikri-ataoglu-23-nisan-300x200.jpg?ver=127b6c16fec80867beb572ad4867d585 300w, https:\/\/brtk.net\/wp-content\/uploads\/2024\/04\/22\/fikri-ataoglu-23-nisan-1024x683.jpg?ver=127b6c16fec80867beb572ad4867d585 1024w, https:\/\/brtk.net\/wp-content\/uploads\/2024\/04\/22\/fikri-ataoglu-23-nisan-768x512.jpg?ver=127b6c16fec80867beb572ad4867d585 768w\"\/>                            <\/div>\n<p>Ba\u015fbakan Yard\u0131mc\u0131s\u0131, Turizm, K\u00fclt\u00fcr, Gen\u00e7lik ve \u00c7evre Bakan\u0131, DP Genel Ba\u015fkan\u0131 Fikri Atao\u011flu, \u201c23 Nisan Ulusal Egemenlik ve \u00c7ocuk Bayram\u0131\u201d dolay\u0131s\u0131yla yay\u0131mlad\u0131\u011f\u0131 mesajda, \u00e7ocuklar\u0131 \u00f6zg\u00fcrl\u00fck, e\u015fitlik ve adalet duygular\u0131n\u0131 peki\u015ftirerek yeti\u015ftirmenin, gelece\u011fe yap\u0131lan en b\u00fcy\u00fck yat\u0131r\u0131m oldu\u011funu belirtti.<\/p>\n<p>Atao\u011flu mesaj\u0131nda t\u00fcm \u00e7ocuklar\u0131n ve halk\u0131n 23 Nisan Ulusal Egemenlik ve \u00c7ocuk Bayram\u0131\u2019n\u0131 kutlad\u0131.<\/p>\n<p>\u201cT\u00fcrkiye B\u00fcy\u00fck Millet Meclisi\u2019nin a\u00e7\u0131l\u0131\u015f\u0131n\u0131n 104\u2019\u00fcnc\u00fc y\u0131l d\u00f6n\u00fcm\u00fcn\u00fc ve \u00e7ocuklar\u0131m\u0131za arma\u011fan edilen bu anlaml\u0131 g\u00fcn\u00fc co\u015fkuyla kutluyoruz.\u201d diyen Atao\u011flu, mesaj\u0131nda \u015fu ifadelere yer verdi:<\/p>\n<p>\u201cGelece\u011fimizin teminat\u0131 olan \u00e7ocuklar\u0131m\u0131z\u0131n ne\u015fesi ve umutlar\u0131yla dolu oldu\u011funu g\u00f6rmek bizi mutlu ediyor. \u00c7ocuklar\u0131m\u0131z\u0131n \u00f6zg\u00fcrl\u00fck, e\u015fitlik ve adalet duygular\u0131n\u0131 peki\u015ftirerek yeti\u015ftirmek, \u00fclkemizin gelece\u011fine yap\u0131lan en b\u00fcy\u00fck yat\u0131r\u0131md\u0131r.<\/p>\n<p>23 Nisan, \u00e7ocuklar\u0131m\u0131za y\u00f6nelik sevgi ve \u015fefkatimizi peki\u015ftirmenin yan\u0131 s\u0131ra onlara y\u00f6nelik olan sorumluluklar\u0131m\u0131z\u0131 da hat\u0131rlat\u0131yor.<\/p>\n<p>\u00c7ocuklar\u0131m\u0131z, bizim en de\u011ferli varl\u0131klar\u0131m\u0131zd\u0131r ve onlar\u0131n haklar\u0131 ve mutlulu\u011fu i\u00e7in elimizden gelen her \u015feyi yapmaya devam edece\u011fiz. Kuzey K\u0131br\u0131s T\u00fcrk Cumhuriyeti olarak, gelece\u011fimizin teminat\u0131 olan \u00e7ocuklar\u0131m\u0131z\u0131n e\u011fitimine ve geli\u015fimine b\u00fcy\u00fck \u00f6nem vermekteyiz. Onlar\u0131n sa\u011fl\u0131kl\u0131 ve g\u00fcvenli bir ortamda b\u00fcy\u00fcy\u00fcp yeti\u015fmeleri i\u00e7in elimizden gelen her t\u00fcrl\u00fc deste\u011fi sa\u011flamaya kararl\u0131y\u0131z.<\/p>\n<p>T\u00fcrkiye Cumhuriyeti\u2019nin kurucusu Gazi Mustafa Kemal Atat\u00fcrk\u2019\u00fcn de belirtti\u011fi gibi, \u00e7ocuklar\u0131m\u0131z\u0131n yeti\u015fmesindeki temel ama\u00e7, onlar\u0131 sadece akademik ba\u015far\u0131larla de\u011fil, ayn\u0131 zamanda d\u00fcr\u00fcstl\u00fck, ho\u015fg\u00f6r\u00fc ve yard\u0131mseverlik gibi de\u011ferlerle donatmakt\u0131r. Bu nedenle, 23 Nisan Ulusal Egemenlik ve \u00c7ocuk Bayram\u0131\u2019n\u0131 sadece bir kutlama g\u00fcn\u00fc olarak de\u011fil, \u00e7ocuklar\u0131m\u0131z\u0131n haklar\u0131n\u0131n ve refahlar\u0131n\u0131n korunmas\u0131 i\u00e7in bir f\u0131rsat olarak da g\u00f6rmeliyiz.\u201d<\/p>\n<\/p><\/div>\n<p><script async\n                    defer\n                    crossorigin=\"anonymous\"\n                    src=\"https:\/\/connect.facebook.net\/tr_TR\/sdk.js#xfbml=1&#038;version=v3.3\"\n            ><\/script><\/p>\n","protected":false},"excerpt":{"rendered":"<p>Ba\u015fbakan Yard\u0131mc\u0131s\u0131, Turizm, K\u00fclt\u00fcr, Gen\u00e7lik ve \u00c7evre Bakan\u0131, DP Genel Ba\u015fkan\u0131 Fikri Atao\u011flu, \u201c23 Nisan Ulusal Egemenlik ve \u00c7ocuk Bayram\u0131\u201d dolay\u0131s\u0131yla yay\u0131mlad\u0131\u011f\u0131 mesajda, \u00e7ocuklar\u0131 \u00f6zg\u00fcrl\u00fck, e\u015fitlik ve adalet duygular\u0131n\u0131 peki\u015ftirerek yeti\u015ftirmenin, gelece\u011fe yap\u0131lan en b\u00fcy\u00fck yat\u0131r\u0131m oldu\u011funu belirtti. Atao\u011flu mesaj\u0131nda t\u00fcm \u00e7ocuklar\u0131n ve halk\u0131n 23 Nisan Ulusal Egemenlik ve \u00c7ocuk Bayram\u0131\u2019n\u0131 kutlad\u0131. \u201cT\u00fcrkiye B\u00fcy\u00fck Millet<\/p>\n","protected":false},"author":1,"featured_media":39355,"comment_status":"open","ping_status":"open","sticky":false,"template":"","format":"standard","meta":{"footnotes":""},"categories":[1],"tags":[],"class_list":["post-39354","post","type-post","status-publish","format-standard","has-post-thumbnail","hentry","category-gundem"],"yoast_head":"<!-- This site is optimized with the Yoast SEO plugin v27.5 - https:\/\/yoast.com\/product\/yoast-seo-wordpress\/ -->\n<title>Atao\u011flu, 23 Nisan Ulusal Egemenlik ve \u00c7ocuk Bayram\u0131 dolay\u0131s\u0131yla mesaj yay\u0131mlad\u0131 -<\/title>\n<meta name=\"robots\" content=\"index, follow, max-snippet:-1, max-image-preview:large, max-video-preview:-1\" \/>\n<link rel=\"canonical\" href=\"https:\/\/kibrisdakik.com\/?p=39354\" \/>\n<meta property=\"og:locale\" content=\"tr_TR\" \/>\n<meta property=\"og:type\" content=\"article\" \/>\n<meta property=\"og:title\" content=\"Atao\u011flu, 23 Nisan Ulusal Egemenlik ve \u00c7ocuk Bayram\u0131 dolay\u0131s\u0131yla mesaj yay\u0131mlad\u0131 -\" \/>\n<meta property=\"og:description\" content=\"Ba\u015fbakan Yard\u0131mc\u0131s\u0131, Turizm, K\u00fclt\u00fcr, Gen\u00e7lik ve \u00c7evre Bakan\u0131, DP Genel Ba\u015fkan\u0131 Fikri Atao\u011flu, \u201c23 Nisan Ulusal Egemenlik ve \u00c7ocuk Bayram\u0131\u201d dolay\u0131s\u0131yla yay\u0131mlad\u0131\u011f\u0131 mesajda, \u00e7ocuklar\u0131 \u00f6zg\u00fcrl\u00fck, e\u015fitlik ve adalet duygular\u0131n\u0131 peki\u015ftirerek yeti\u015ftirmenin, gelece\u011fe yap\u0131lan en b\u00fcy\u00fck yat\u0131r\u0131m oldu\u011funu belirtti. Atao\u011flu mesaj\u0131nda t\u00fcm \u00e7ocuklar\u0131n ve halk\u0131n 23 Nisan Ulusal Egemenlik ve \u00c7ocuk Bayram\u0131\u2019n\u0131 kutlad\u0131. \u201cT\u00fcrkiye B\u00fcy\u00fck Millet\" \/>\n<meta property=\"og:url\" content=\"https:\/\/kibrisdakik.com\/?p=39354\" \/>\n<meta property=\"article:published_time\" content=\"2024-04-22T14:17:00+00:00\" \/>\n<meta property=\"og:image\" content=\"https:\/\/kibrisdakik.com\/wp-content\/uploads\/2024\/04\/fikri-ataoglu-23-nisan-740x420.jpg\" \/>\n\t<meta property=\"og:image:width\" content=\"1200\" \/>\n\t<meta property=\"og:image:height\" content=\"800\" \/>\n\t<meta property=\"og:image:type\" content=\"image\/jpeg\" \/>\n<meta name=\"author\" content=\"admin\" \/>\n<meta name=\"twitter:card\" content=\"summary_large_image\" \/>\n<meta name=\"twitter:label1\" content=\"Yazan:\" \/>\n\t<meta name=\"twitter:data1\" content=\"admin\" \/>\n\t<meta name=\"twitter:label2\" content=\"Tahmini okuma s\u00fcresi\" \/>\n\t<meta name=\"twitter:data2\" content=\"2 dakika\" \/>\n<script type=\"application\/ld+json\" class=\"yoast-schema-graph\">{\"@context\":\"https:\\\/\\\/schema.org\",\"@graph\":[{\"@type\":\"Article\",\"@id\":\"https:\\\/\\\/kibrisdakik.com\\\/?p=39354#article\",\"isPartOf\":{\"@id\":\"https:\\\/\\\/kibrisdakik.com\\\/?p=39354\"},\"author\":{\"name\":\"admin\",\"@id\":\"https:\\\/\\\/kibrisdakik.com\\\/#\\\/schema\\\/person\\\/9cd9d437bbb44f72b73ba127e06d8e79\"},\"headline\":\"Atao\u011flu, 23 Nisan Ulusal Egemenlik ve \u00c7ocuk Bayram\u0131 dolay\u0131s\u0131yla mesaj yay\u0131mlad\u0131\",\"datePublished\":\"2024-04-22T14:17:00+00:00\",\"mainEntityOfPage\":{\"@id\":\"https:\\\/\\\/kibrisdakik.com\\\/?p=39354\"},\"wordCount\":383,\"commentCount\":0,\"image\":{\"@id\":\"https:\\\/\\\/kibrisdakik.com\\\/?p=39354#primaryimage\"},\"thumbnailUrl\":\"https:\\\/\\\/kibrisdakik.com\\\/wp-content\\\/uploads\\\/2024\\\/04\\\/fikri-ataoglu-23-nisan-740x420.jpg\",\"articleSection\":[\"G\u00fcndem\"],\"inLanguage\":\"tr\",\"potentialAction\":[{\"@type\":\"CommentAction\",\"name\":\"Comment\",\"target\":[\"https:\\\/\\\/kibrisdakik.com\\\/?p=39354#respond\"]}]},{\"@type\":\"WebPage\",\"@id\":\"https:\\\/\\\/kibrisdakik.com\\\/?p=39354\",\"url\":\"https:\\\/\\\/kibrisdakik.com\\\/?p=39354\",\"name\":\"Atao\u011flu, 23 Nisan Ulusal Egemenlik ve \u00c7ocuk Bayram\u0131 dolay\u0131s\u0131yla mesaj yay\u0131mlad\u0131 -\",\"isPartOf\":{\"@id\":\"https:\\\/\\\/kibrisdakik.com\\\/#website\"},\"primaryImageOfPage\":{\"@id\":\"https:\\\/\\\/kibrisdakik.com\\\/?p=39354#primaryimage\"},\"image\":{\"@id\":\"https:\\\/\\\/kibrisdakik.com\\\/?p=39354#primaryimage\"},\"thumbnailUrl\":\"https:\\\/\\\/kibrisdakik.com\\\/wp-content\\\/uploads\\\/2024\\\/04\\\/fikri-ataoglu-23-nisan-740x420.jpg\",\"datePublished\":\"2024-04-22T14:17:00+00:00\",\"author\":{\"@id\":\"https:\\\/\\\/kibrisdakik.com\\\/#\\\/schema\\\/person\\\/9cd9d437bbb44f72b73ba127e06d8e79\"},\"breadcrumb\":{\"@id\":\"https:\\\/\\\/kibrisdakik.com\\\/?p=39354#breadcrumb\"},\"inLanguage\":\"tr\",\"potentialAction\":[{\"@type\":\"ReadAction\",\"target\":[\"https:\\\/\\\/kibrisdakik.com\\\/?p=39354\"]}]},{\"@type\":\"ImageObject\",\"inLanguage\":\"tr\",\"@id\":\"https:\\\/\\\/kibrisdakik.com\\\/?p=39354#primaryimage\",\"url\":\"https:\\\/\\\/kibrisdakik.com\\\/wp-content\\\/uploads\\\/2024\\\/04\\\/fikri-ataoglu-23-nisan-740x420.jpg\",\"contentUrl\":\"https:\\\/\\\/kibrisdakik.com\\\/wp-content\\\/uploads\\\/2024\\\/04\\\/fikri-ataoglu-23-nisan-740x420.jpg\",\"width\":1200,\"height\":800},{\"@type\":\"BreadcrumbList\",\"@id\":\"https:\\\/\\\/kibrisdakik.com\\\/?p=39354#breadcrumb\",\"itemListElement\":[{\"@type\":\"ListItem\",\"position\":1,\"name\":\"Home\",\"item\":\"https:\\\/\\\/kibrisdakik.com\\\/\"},{\"@type\":\"ListItem\",\"position\":2,\"name\":\"Atao\u011flu, 23 Nisan Ulusal Egemenlik ve \u00c7ocuk Bayram\u0131 dolay\u0131s\u0131yla mesaj yay\u0131mlad\u0131\"}]},{\"@type\":\"WebSite\",\"@id\":\"https:\\\/\\\/kibrisdakik.com\\\/#website\",\"url\":\"https:\\\/\\\/kibrisdakik.com\\\/\",\"name\":\"\",\"description\":\"Tam vaktinde haber\",\"potentialAction\":[{\"@type\":\"SearchAction\",\"target\":{\"@type\":\"EntryPoint\",\"urlTemplate\":\"https:\\\/\\\/kibrisdakik.com\\\/?s={search_term_string}\"},\"query-input\":{\"@type\":\"PropertyValueSpecification\",\"valueRequired\":true,\"valueName\":\"search_term_string\"}}],\"inLanguage\":\"tr\"},{\"@type\":\"Person\",\"@id\":\"https:\\\/\\\/kibrisdakik.com\\\/#\\\/schema\\\/person\\\/9cd9d437bbb44f72b73ba127e06d8e79\",\"name\":\"admin\",\"image\":{\"@type\":\"ImageObject\",\"inLanguage\":\"tr\",\"@id\":\"https:\\\/\\\/secure.gravatar.com\\\/avatar\\\/ccc17943b9d660506c869530f897617f7cb1c21a4bf30023f252596d83e1f007?s=96&d=mm&r=g\",\"url\":\"https:\\\/\\\/secure.gravatar.com\\\/avatar\\\/ccc17943b9d660506c869530f897617f7cb1c21a4bf30023f252596d83e1f007?s=96&d=mm&r=g\",\"contentUrl\":\"https:\\\/\\\/secure.gravatar.com\\\/avatar\\\/ccc17943b9d660506c869530f897617f7cb1c21a4bf30023f252596d83e1f007?s=96&d=mm&r=g\",\"caption\":\"admin\"},\"sameAs\":[\"https:\\\/\\\/kibrisdakik.com\"],\"url\":\"https:\\\/\\\/kibrisdakik.com\\\/?author=1\"}]}<\/script>\n<!-- \/ Yoast SEO plugin. -->","yoast_head_json":{"title":"Atao\u011flu, 23 Nisan Ulusal Egemenlik ve \u00c7ocuk Bayram\u0131 dolay\u0131s\u0131yla mesaj yay\u0131mlad\u0131 -","robots":{"index":"index","follow":"follow","max-snippet":"max-snippet:-1","max-image-preview":"max-image-preview:large","max-video-preview":"max-video-preview:-1"},"canonical":"https:\/\/kibrisdakik.com\/?p=39354","og_locale":"tr_TR","og_type":"article","og_title":"Atao\u011flu, 23 Nisan Ulusal Egemenlik ve \u00c7ocuk Bayram\u0131 dolay\u0131s\u0131yla mesaj yay\u0131mlad\u0131 -","og_description":"Ba\u015fbakan Yard\u0131mc\u0131s\u0131, Turizm, K\u00fclt\u00fcr, Gen\u00e7lik ve \u00c7evre Bakan\u0131, DP Genel Ba\u015fkan\u0131 Fikri Atao\u011flu, \u201c23 Nisan Ulusal Egemenlik ve \u00c7ocuk Bayram\u0131\u201d dolay\u0131s\u0131yla yay\u0131mlad\u0131\u011f\u0131 mesajda, \u00e7ocuklar\u0131 \u00f6zg\u00fcrl\u00fck, e\u015fitlik ve adalet duygular\u0131n\u0131 peki\u015ftirerek yeti\u015ftirmenin, gelece\u011fe yap\u0131lan en b\u00fcy\u00fck yat\u0131r\u0131m oldu\u011funu belirtti. Atao\u011flu mesaj\u0131nda t\u00fcm \u00e7ocuklar\u0131n ve halk\u0131n 23 Nisan Ulusal Egemenlik ve \u00c7ocuk Bayram\u0131\u2019n\u0131 kutlad\u0131. \u201cT\u00fcrkiye B\u00fcy\u00fck Millet","og_url":"https:\/\/kibrisdakik.com\/?p=39354","article_published_time":"2024-04-22T14:17:00+00:00","og_image":[{"width":1200,"height":800,"url":"https:\/\/kibrisdakik.com\/wp-content\/uploads\/2024\/04\/fikri-ataoglu-23-nisan-740x420.jpg","type":"image\/jpeg"}],"author":"admin","twitter_card":"summary_large_image","twitter_misc":{"Yazan:":"admin","Tahmini okuma s\u00fcresi":"2 dakika"},"schema":{"@context":"https:\/\/schema.org","@graph":[{"@type":"Article","@id":"https:\/\/kibrisdakik.com\/?p=39354#article","isPartOf":{"@id":"https:\/\/kibrisdakik.com\/?p=39354"},"author":{"name":"admin","@id":"https:\/\/kibrisdakik.com\/#\/schema\/person\/9cd9d437bbb44f72b73ba127e06d8e79"},"headline":"Atao\u011flu, 23 Nisan Ulusal Egemenlik ve \u00c7ocuk Bayram\u0131 dolay\u0131s\u0131yla mesaj yay\u0131mlad\u0131","datePublished":"2024-04-22T14:17:00+00:00","mainEntityOfPage":{"@id":"https:\/\/kibrisdakik.com\/?p=39354"},"wordCount":383,"commentCount":0,"image":{"@id":"https:\/\/kibrisdakik.com\/?p=39354#primaryimage"},"thumbnailUrl":"https:\/\/kibrisdakik.com\/wp-content\/uploads\/2024\/04\/fikri-ataoglu-23-nisan-740x420.jpg","articleSection":["G\u00fcndem"],"inLanguage":"tr","potentialAction":[{"@type":"CommentAction","name":"Comment","target":["https:\/\/kibrisdakik.com\/?p=39354#respond"]}]},{"@type":"WebPage","@id":"https:\/\/kibrisdakik.com\/?p=39354","url":"https:\/\/kibrisdakik.com\/?p=39354","name":"Atao\u011flu, 23 Nisan Ulusal Egemenlik ve \u00c7ocuk Bayram\u0131 dolay\u0131s\u0131yla mesaj yay\u0131mlad\u0131 -","isPartOf":{"@id":"https:\/\/kibrisdakik.com\/#website"},"primaryImageOfPage":{"@id":"https:\/\/kibrisdakik.com\/?p=39354#primaryimage"},"image":{"@id":"https:\/\/kibrisdakik.com\/?p=39354#primaryimage"},"thumbnailUrl":"https:\/\/kibrisdakik.com\/wp-content\/uploads\/2024\/04\/fikri-ataoglu-23-nisan-740x420.jpg","datePublished":"2024-04-22T14:17:00+00:00","author":{"@id":"https:\/\/kibrisdakik.com\/#\/schema\/person\/9cd9d437bbb44f72b73ba127e06d8e79"},"breadcrumb":{"@id":"https:\/\/kibrisdakik.com\/?p=39354#breadcrumb"},"inLanguage":"tr","potentialAction":[{"@type":"ReadAction","target":["https:\/\/kibrisdakik.com\/?p=39354"]}]},{"@type":"ImageObject","inLanguage":"tr","@id":"https:\/\/kibrisdakik.com\/?p=39354#primaryimage","url":"https:\/\/kibrisdakik.com\/wp-content\/uploads\/2024\/04\/fikri-ataoglu-23-nisan-740x420.jpg","contentUrl":"https:\/\/kibrisdakik.com\/wp-content\/uploads\/2024\/04\/fikri-ataoglu-23-nisan-740x420.jpg","width":1200,"height":800},{"@type":"BreadcrumbList","@id":"https:\/\/kibrisdakik.com\/?p=39354#breadcrumb","itemListElement":[{"@type":"ListItem","position":1,"name":"Home","item":"https:\/\/kibrisdakik.com\/"},{"@type":"ListItem","position":2,"name":"Atao\u011flu, 23 Nisan Ulusal Egemenlik ve \u00c7ocuk Bayram\u0131 dolay\u0131s\u0131yla mesaj yay\u0131mlad\u0131"}]},{"@type":"WebSite","@id":"https:\/\/kibrisdakik.com\/#website","url":"https:\/\/kibrisdakik.com\/","name":"","description":"Tam vaktinde haber","potentialAction":[{"@type":"SearchAction","target":{"@type":"EntryPoint","urlTemplate":"https:\/\/kibrisdakik.com\/?s={search_term_string}"},"query-input":{"@type":"PropertyValueSpecification","valueRequired":true,"valueName":"search_term_string"}}],"inLanguage":"tr"},{"@type":"Person","@id":"https:\/\/kibrisdakik.com\/#\/schema\/person\/9cd9d437bbb44f72b73ba127e06d8e79","name":"admin","image":{"@type":"ImageObject","inLanguage":"tr","@id":"https:\/\/secure.gravatar.com\/avatar\/ccc17943b9d660506c869530f897617f7cb1c21a4bf30023f252596d83e1f007?s=96&d=mm&r=g","url":"https:\/\/secure.gravatar.com\/avatar\/ccc17943b9d660506c869530f897617f7cb1c21a4bf30023f252596d83e1f007?s=96&d=mm&r=g","contentUrl":"https:\/\/secure.gravatar.com\/avatar\/ccc17943b9d660506c869530f897617f7cb1c21a4bf30023f252596d83e1f007?s=96&d=mm&r=g","caption":"admin"},"sameAs":["https:\/\/kibrisdakik.com"],"url":"https:\/\/kibrisdakik.com\/?author=1"}]}},"_links":{"self":[{"href":"https:\/\/kibrisdakik.com\/index.php?rest_route=\/wp\/v2\/posts\/39354","targetHints":{"allow":["GET"]}}],"collection":[{"href":"https:\/\/kibrisdakik.com\/index.php?rest_route=\/wp\/v2\/posts"}],"about":[{"href":"https:\/\/kibrisdakik.com\/index.php?rest_route=\/wp\/v2\/types\/post"}],"author":[{"embeddable":true,"href":"https:\/\/kibrisdakik.com\/index.php?rest_route=\/wp\/v2\/users\/1"}],"replies":[{"embeddable":true,"href":"https:\/\/kibrisdakik.com\/index.php?rest_route=%2Fwp%2Fv2%2Fcomments&post=39354"}],"version-history":[{"count":0,"href":"https:\/\/kibrisdakik.com\/index.php?rest_route=\/wp\/v2\/posts\/39354\/revisions"}],"wp:featuredmedia":[{"embeddable":true,"href":"https:\/\/kibrisdakik.com\/index.php?rest_route=\/wp\/v2\/media\/39355"}],"wp:attachment":[{"href":"https:\/\/kibrisdakik.com\/index.php?rest_route=%2Fwp%2Fv2%2Fmedia&parent=39354"}],"wp:term":[{"taxonomy":"category","embeddable":true,"href":"https:\/\/kibrisdakik.com\/index.php?rest_route=%2Fwp%2Fv2%2Fcategories&post=39354"},{"taxonomy":"post_tag","embeddable":true,"href":"https:\/\/kibrisdakik.com\/index.php?rest_route=%2Fwp%2Fv2%2Ftags&post=39354"}],"curies":[{"name":"wp","href":"https:\/\/api.w.org\/{rel}","templated":true}]}}