{"id":39356,"date":"2024-04-22T15:10:59","date_gmt":"2024-04-22T15:10:59","guid":{"rendered":"https:\/\/kibrisdakik.com\/index.php\/2024\/04\/22\/kttb-cocuklar-haklarindan-mahrum\/"},"modified":"2024-04-22T15:10:59","modified_gmt":"2024-04-22T15:10:59","slug":"kttb-cocuklar-haklarindan-mahrum","status":"publish","type":"post","link":"https:\/\/kibrisdakik.com\/?p=39356","title":{"rendered":"KTTB: \u201c\u00c7ocuklar haklar\u0131ndan mahrum\u201d"},"content":{"rendered":"<p><img decoding=\"async\" src=\"https:\/\/www.kibristurk.com\/images\/haberler\/2024\/04\/kttb-cocuklar-haklarindan-mahrum-1713797849.webp\" \/><\/p>\n<p style=\"text-align:left\"><span style=\"font-size:16px\"><span style=\"font-family:Merriweather,serif !important\"><span style=\"color:#000000\"><span style=\"background-color:#ffffff\">\u201cHer y\u0131l Ulusal Egemenlik ve \u00c7ocuk Bayram\u0131 olarak kutlanan 23 Nisan, \u00e7ocuklar\u0131n haklar\u0131n\u0131 savunmak i\u00e7in \u00f6nemli bir f\u0131rsat sunmaktad\u0131r\u201d denilen a\u00e7\u0131klamada bununla birlikte KKTC\u2019de bir\u00e7ok \u00e7ocu\u011fun hala haklar\u0131n\u0131n gasp edildi\u011fi ve f\u0131rsat e\u015fitsizli\u011fi ile kar\u015f\u0131 kar\u015f\u0131ya kald\u0131\u011f\u0131 \u00f6ne s\u00fcr\u00fcld\u00fc.&nbsp;<\/span><\/span><\/span><\/span><\/p>\n<p style=\"text-align:left\"><span style=\"font-size:16px\"><span style=\"font-family:Merriweather,serif !important\"><span style=\"color:#000000\"><span style=\"background-color:#ffffff\">KTTB a\u00e7\u0131klamas\u0131 \u015f\u00f6yle devam etti:&nbsp;<\/span><\/span><\/span><\/span><\/p>\n<p style=\"text-align:left\"><span style=\"font-size:16px\"><span style=\"font-family:Merriweather,serif !important\"><span style=\"color:#000000\"><span style=\"background-color:#ffffff\">\u201c\u00d6zellikle derin ekonomik kriz i\u00e7indeki \u00fclkemizde, ba\u015fta \u00e7ocuklar olmak \u00fczere dezavantajl\u0131 gruplar\u0131n ya\u015famlar\u0131 daha olumsuz etkilenmektedir. Beslenme, her \u00e7ocu\u011fun sa\u011fl\u0131kl\u0131 bir \u015fekilde geli\u015fimini s\u00fcrd\u00fcrebilmesi i\u00e7in temel bir gereksinimdir. Ancak ekonomik krizlerde, geliri azalan aileler, artan enflasyon kar\u015f\u0131s\u0131nda temel ihtiya\u00e7lara eri\u015fimlerini s\u0131n\u0131rlamakta, yeterli ve dengeli beslenme imkan\u0131na eri\u015fimde zorluklar ya\u015famaktad\u0131r. \u00d6zellikle et, s\u00fct, yumurta gibi temel ihtiya\u00e7lar\u0131n y\u00fcksek fiyatlar\u0131, bu g\u0131dalara eri\u015fimi imkans\u0131z k\u0131lmaktad\u0131r. Bu da \u00e7ocuklar\u0131n sa\u011fl\u0131kl\u0131 b\u00fcy\u00fcy\u00fcp geli\u015fmesini olumsuz etkilemektedir.&nbsp;<\/span><\/span><\/span><\/span><\/p>\n<p style=\"text-align:left\"><span style=\"font-size:16px\"><span style=\"font-family:Merriweather,serif !important\"><span style=\"color:#000000\"><span style=\"background-color:#ffffff\">\u00c7ocuk i\u015f\u00e7ilerde, \u00f6nemli ve konu\u015fulmayan bir \u00e7ocuk haklar\u0131 ihlali sorunudur. \u00d6zellikle ekonomik kriz d\u00f6nemlerinde \u00e7ocuk i\u015f\u00e7i oran\u0131n\u0131n artt\u0131\u011f\u0131 bilinen bir ger\u00e7ektir.&nbsp;<\/span><\/span><\/span><\/span><\/p>\n<p style=\"text-align:left\"><span style=\"font-size:16px\"><span style=\"font-family:Merriweather,serif !important\"><span style=\"color:#000000\"><span style=\"background-color:#ffffff\">\u00dclkemizdeki her \u00e7ocuk, e\u015fit e\u011fitim olana\u011f\u0131na sahip de\u011fildir. Kamusal e\u011fitimde altyap\u0131, organizasyon ve e\u011fitici kadro eksiklikleri \u00e7ok fazlad\u0131r. \u00d6zelden e\u011fitim hizmeti alan ile kamusal e\u011fitim alan \u00e7ocuklar\u0131n e\u011fitim seviyeleri ve olanaklar\u0131 aras\u0131nda ciddi bir u\u00e7urum vard\u0131r.&nbsp;<\/span><\/span><\/span><\/span><\/p>\n<p style=\"text-align:left\"><span style=\"font-size:16px\"><span style=\"font-family:Merriweather,serif !important\"><span style=\"color:#000000\"><span style=\"background-color:#ffffff\">K\u0131br\u0131s\u2019\u0131n kuzeyinde hi\u00e7 konu\u015fulmayan ad\u00f6lesan anneler sorunu vard\u0131r. 2022 KKTC \u0130statistik Kurumu verilerine g\u00f6re 34 tane 14-19 ya\u015f aras\u0131 ad\u00f6lesan anne do\u011fum yapm\u0131\u015ft\u0131r. Gen\u00e7 annelik fiziksel, duygusal ve ekonomik zorluklarla kar\u015f\u0131la\u015fmalar\u0131na neden olur. E\u011fitim ve kariyer f\u0131rsatlar\u0131n\u0131n kayb\u0131, sosyal damgalanma, maddi zorluklar ve sa\u011fl\u0131k riskleri gibi fakt\u00f6rler, gen\u00e7 annelerin ve \u00e7ocuklar\u0131n\u0131n ya\u015famlar\u0131n\u0131 olumsuz y\u00f6nde etkiler. \u00dclkemizdeki ad\u00f6lesan anneli\u011finin \u00f6n\u00fcne ancak e\u011fitim, bilgilendirme ve \u00e7ocuklara haklar\u0131n\u0131 \u00f6\u011freterek ge\u00e7ebiliriz.&nbsp;<\/span><\/span><\/span><\/span><\/p>\n<p style=\"text-align:left\"><span style=\"font-size:16px\"><span style=\"font-family:Merriweather,serif !important\"><span style=\"color:#000000\"><span style=\"background-color:#ffffff\">Gazze\u2019de devam eden sava\u015f\u0131n en b\u00fcy\u00fck ma\u011fduru \u00e7ocuklar olmu\u015ftur. Hi\u00e7bir su\u00e7u olmayan masum \u00e7ocuklar canlar\u0131ndan olmu\u015f, en temel ya\u015fam haklar\u0131ndan g\u00fcvenlik, ya\u015fam alan\u0131, sa\u011fl\u0131k, beslenme, e\u011fitim ve can g\u00fcvenliklerinden yoksun kalm\u0131\u015flard\u0131r. Kazanan\u0131 asla olmayacak, insanl\u0131\u011f\u0131n bu y\u00fczy\u0131ldaki en b\u00fcy\u00fck trajedisi, bu dengesiz sava\u015f, ivedi sonu\u00e7lanmal\u0131d\u0131r.&nbsp;<\/span><\/span><\/span><\/span><\/p>\n<p style=\"text-align:left\"><span style=\"font-size:16px\"><span style=\"font-family:Merriweather,serif !important\"><span style=\"color:#000000\"><span style=\"background-color:#ffffff\">Ulusal Egemenlik ve \u00c7ocuk Bayram\u0131, \u00e7ocuk haklar\u0131n\u0131n \u00f6nemini vurgulayan bir g\u00fcn olarak kutlan\u0131rken, bu haklar\u0131n d\u00fcnyadaki her \u00e7ocuk i\u00e7in ger\u00e7ekten korunmas\u0131 ve uygulanmas\u0131 gerekmektedir. Toplum olarak, ekonomik krizlerin ve belirsizliklerin, \u00fclkedeki d\u00fczensizli\u011fin \u00e7ocuklar\u0131 olumsuz etkilemesini \u00f6nlemek i\u00e7in \u00e7aba g\u00f6stermeli ve \u00e7ocuklar\u0131n sa\u011fl\u0131kl\u0131 bir \u00e7ocukluk ge\u00e7irmelerini sa\u011flamak i\u00e7in gereken destekleri sa\u011flamal\u0131, ger\u00e7ek\u00e7i ad\u0131mlar\u0131 atmal\u0131y\u0131z.&nbsp; Her \u00e7ocu\u011fun sa\u011fl\u0131kl\u0131 bir \u015fekilde b\u00fcy\u00fcy\u00fcp geli\u015fti\u011fi, e\u015fit e\u011fitim, sa\u011fl\u0131k, g\u00fcvenlik ve \u00e7ocuk olma haklar\u0131na eri\u015febildi\u011fi sosyal bir devlete d\u00f6n\u00fc\u015fmek m\u00fcmk\u00fcn\u201d<\/span><\/span><\/span><\/span><\/p>\n","protected":false},"excerpt":{"rendered":"<p>\u201cHer y\u0131l Ulusal Egemenlik ve \u00c7ocuk Bayram\u0131 olarak kutlanan 23 Nisan, \u00e7ocuklar\u0131n haklar\u0131n\u0131 savunmak i\u00e7in \u00f6nemli bir f\u0131rsat sunmaktad\u0131r\u201d denilen a\u00e7\u0131klamada bununla birlikte KKTC\u2019de bir\u00e7ok \u00e7ocu\u011fun hala haklar\u0131n\u0131n gasp edildi\u011fi ve f\u0131rsat e\u015fitsizli\u011fi ile kar\u015f\u0131 kar\u015f\u0131ya kald\u0131\u011f\u0131 \u00f6ne s\u00fcr\u00fcld\u00fc.&nbsp; KTTB a\u00e7\u0131klamas\u0131 \u015f\u00f6yle devam etti:&nbsp; \u201c\u00d6zellikle derin ekonomik kriz i\u00e7indeki \u00fclkemizde, ba\u015fta \u00e7ocuklar olmak \u00fczere dezavantajl\u0131<\/p>\n","protected":false},"author":1,"featured_media":39357,"comment_status":"open","ping_status":"open","sticky":false,"template":"","format":"standard","meta":{"footnotes":""},"categories":[85],"tags":[],"class_list":["post-39356","post","type-post","status-publish","format-standard","has-post-thumbnail","hentry","category-spor"],"yoast_head":"<!-- This site is optimized with the Yoast SEO plugin v27.4 - https:\/\/yoast.com\/product\/yoast-seo-wordpress\/ -->\n<title>KTTB: \u201c\u00c7ocuklar haklar\u0131ndan mahrum\u201d -<\/title>\n<meta name=\"robots\" content=\"index, follow, max-snippet:-1, max-image-preview:large, max-video-preview:-1\" \/>\n<link rel=\"canonical\" href=\"https:\/\/kibrisdakik.com\/?p=39356\" \/>\n<meta property=\"og:locale\" content=\"tr_TR\" \/>\n<meta property=\"og:type\" content=\"article\" \/>\n<meta property=\"og:title\" content=\"KTTB: \u201c\u00c7ocuklar haklar\u0131ndan mahrum\u201d -\" \/>\n<meta property=\"og:description\" content=\"\u201cHer y\u0131l Ulusal Egemenlik ve \u00c7ocuk Bayram\u0131 olarak kutlanan 23 Nisan, \u00e7ocuklar\u0131n haklar\u0131n\u0131 savunmak i\u00e7in \u00f6nemli bir f\u0131rsat sunmaktad\u0131r\u201d denilen a\u00e7\u0131klamada bununla birlikte KKTC\u2019de bir\u00e7ok \u00e7ocu\u011fun hala haklar\u0131n\u0131n gasp edildi\u011fi ve f\u0131rsat e\u015fitsizli\u011fi ile kar\u015f\u0131 kar\u015f\u0131ya kald\u0131\u011f\u0131 \u00f6ne s\u00fcr\u00fcld\u00fc.&nbsp; KTTB a\u00e7\u0131klamas\u0131 \u015f\u00f6yle devam etti:&nbsp; \u201c\u00d6zellikle derin ekonomik kriz i\u00e7indeki \u00fclkemizde, ba\u015fta \u00e7ocuklar olmak \u00fczere dezavantajl\u0131\" \/>\n<meta property=\"og:url\" content=\"https:\/\/kibrisdakik.com\/?p=39356\" \/>\n<meta property=\"article:published_time\" content=\"2024-04-22T15:10:59+00:00\" \/>\n<meta property=\"og:image\" content=\"https:\/\/kibrisdakik.com\/wp-content\/uploads\/2024\/04\/kttb-cocuklar-haklarindan-mahrum-1713797849.webp.webp\" \/>\n\t<meta property=\"og:image:width\" content=\"710\" \/>\n\t<meta property=\"og:image:height\" content=\"370\" \/>\n\t<meta property=\"og:image:type\" content=\"image\/webp\" \/>\n<meta name=\"author\" content=\"admin\" \/>\n<meta name=\"twitter:card\" content=\"summary_large_image\" \/>\n<meta name=\"twitter:label1\" content=\"Yazan:\" \/>\n\t<meta name=\"twitter:data1\" content=\"admin\" \/>\n\t<meta name=\"twitter:label2\" content=\"Tahmini okuma s\u00fcresi\" \/>\n\t<meta name=\"twitter:data2\" content=\"3 dakika\" \/>\n<script type=\"application\/ld+json\" class=\"yoast-schema-graph\">{\"@context\":\"https:\\\/\\\/schema.org\",\"@graph\":[{\"@type\":\"Article\",\"@id\":\"https:\\\/\\\/kibrisdakik.com\\\/?p=39356#article\",\"isPartOf\":{\"@id\":\"https:\\\/\\\/kibrisdakik.com\\\/?p=39356\"},\"author\":{\"name\":\"admin\",\"@id\":\"https:\\\/\\\/kibrisdakik.com\\\/#\\\/schema\\\/person\\\/9cd9d437bbb44f72b73ba127e06d8e79\"},\"headline\":\"KTTB: \u201c\u00c7ocuklar haklar\u0131ndan mahrum\u201d\",\"datePublished\":\"2024-04-22T15:10:59+00:00\",\"mainEntityOfPage\":{\"@id\":\"https:\\\/\\\/kibrisdakik.com\\\/?p=39356\"},\"wordCount\":549,\"commentCount\":0,\"image\":{\"@id\":\"https:\\\/\\\/kibrisdakik.com\\\/?p=39356#primaryimage\"},\"thumbnailUrl\":\"https:\\\/\\\/kibrisdakik.com\\\/wp-content\\\/uploads\\\/2024\\\/04\\\/kttb-cocuklar-haklarindan-mahrum-1713797849.webp.webp\",\"articleSection\":[\"Spor\"],\"inLanguage\":\"tr\",\"potentialAction\":[{\"@type\":\"CommentAction\",\"name\":\"Comment\",\"target\":[\"https:\\\/\\\/kibrisdakik.com\\\/?p=39356#respond\"]}]},{\"@type\":\"WebPage\",\"@id\":\"https:\\\/\\\/kibrisdakik.com\\\/?p=39356\",\"url\":\"https:\\\/\\\/kibrisdakik.com\\\/?p=39356\",\"name\":\"KTTB: \u201c\u00c7ocuklar haklar\u0131ndan mahrum\u201d -\",\"isPartOf\":{\"@id\":\"https:\\\/\\\/kibrisdakik.com\\\/#website\"},\"primaryImageOfPage\":{\"@id\":\"https:\\\/\\\/kibrisdakik.com\\\/?p=39356#primaryimage\"},\"image\":{\"@id\":\"https:\\\/\\\/kibrisdakik.com\\\/?p=39356#primaryimage\"},\"thumbnailUrl\":\"https:\\\/\\\/kibrisdakik.com\\\/wp-content\\\/uploads\\\/2024\\\/04\\\/kttb-cocuklar-haklarindan-mahrum-1713797849.webp.webp\",\"datePublished\":\"2024-04-22T15:10:59+00:00\",\"author\":{\"@id\":\"https:\\\/\\\/kibrisdakik.com\\\/#\\\/schema\\\/person\\\/9cd9d437bbb44f72b73ba127e06d8e79\"},\"breadcrumb\":{\"@id\":\"https:\\\/\\\/kibrisdakik.com\\\/?p=39356#breadcrumb\"},\"inLanguage\":\"tr\",\"potentialAction\":[{\"@type\":\"ReadAction\",\"target\":[\"https:\\\/\\\/kibrisdakik.com\\\/?p=39356\"]}]},{\"@type\":\"ImageObject\",\"inLanguage\":\"tr\",\"@id\":\"https:\\\/\\\/kibrisdakik.com\\\/?p=39356#primaryimage\",\"url\":\"https:\\\/\\\/kibrisdakik.com\\\/wp-content\\\/uploads\\\/2024\\\/04\\\/kttb-cocuklar-haklarindan-mahrum-1713797849.webp.webp\",\"contentUrl\":\"https:\\\/\\\/kibrisdakik.com\\\/wp-content\\\/uploads\\\/2024\\\/04\\\/kttb-cocuklar-haklarindan-mahrum-1713797849.webp.webp\",\"width\":710,\"height\":370},{\"@type\":\"BreadcrumbList\",\"@id\":\"https:\\\/\\\/kibrisdakik.com\\\/?p=39356#breadcrumb\",\"itemListElement\":[{\"@type\":\"ListItem\",\"position\":1,\"name\":\"Home\",\"item\":\"https:\\\/\\\/kibrisdakik.com\\\/\"},{\"@type\":\"ListItem\",\"position\":2,\"name\":\"KTTB: \u201c\u00c7ocuklar haklar\u0131ndan mahrum\u201d\"}]},{\"@type\":\"WebSite\",\"@id\":\"https:\\\/\\\/kibrisdakik.com\\\/#website\",\"url\":\"https:\\\/\\\/kibrisdakik.com\\\/\",\"name\":\"\",\"description\":\"Tam vaktinde haber\",\"potentialAction\":[{\"@type\":\"SearchAction\",\"target\":{\"@type\":\"EntryPoint\",\"urlTemplate\":\"https:\\\/\\\/kibrisdakik.com\\\/?s={search_term_string}\"},\"query-input\":{\"@type\":\"PropertyValueSpecification\",\"valueRequired\":true,\"valueName\":\"search_term_string\"}}],\"inLanguage\":\"tr\"},{\"@type\":\"Person\",\"@id\":\"https:\\\/\\\/kibrisdakik.com\\\/#\\\/schema\\\/person\\\/9cd9d437bbb44f72b73ba127e06d8e79\",\"name\":\"admin\",\"image\":{\"@type\":\"ImageObject\",\"inLanguage\":\"tr\",\"@id\":\"https:\\\/\\\/secure.gravatar.com\\\/avatar\\\/ccc17943b9d660506c869530f897617f7cb1c21a4bf30023f252596d83e1f007?s=96&d=mm&r=g\",\"url\":\"https:\\\/\\\/secure.gravatar.com\\\/avatar\\\/ccc17943b9d660506c869530f897617f7cb1c21a4bf30023f252596d83e1f007?s=96&d=mm&r=g\",\"contentUrl\":\"https:\\\/\\\/secure.gravatar.com\\\/avatar\\\/ccc17943b9d660506c869530f897617f7cb1c21a4bf30023f252596d83e1f007?s=96&d=mm&r=g\",\"caption\":\"admin\"},\"sameAs\":[\"https:\\\/\\\/kibrisdakik.com\"],\"url\":\"https:\\\/\\\/kibrisdakik.com\\\/?author=1\"}]}<\/script>\n<!-- \/ Yoast SEO plugin. -->","yoast_head_json":{"title":"KTTB: \u201c\u00c7ocuklar haklar\u0131ndan mahrum\u201d -","robots":{"index":"index","follow":"follow","max-snippet":"max-snippet:-1","max-image-preview":"max-image-preview:large","max-video-preview":"max-video-preview:-1"},"canonical":"https:\/\/kibrisdakik.com\/?p=39356","og_locale":"tr_TR","og_type":"article","og_title":"KTTB: \u201c\u00c7ocuklar haklar\u0131ndan mahrum\u201d -","og_description":"\u201cHer y\u0131l Ulusal Egemenlik ve \u00c7ocuk Bayram\u0131 olarak kutlanan 23 Nisan, \u00e7ocuklar\u0131n haklar\u0131n\u0131 savunmak i\u00e7in \u00f6nemli bir f\u0131rsat sunmaktad\u0131r\u201d denilen a\u00e7\u0131klamada bununla birlikte KKTC\u2019de bir\u00e7ok \u00e7ocu\u011fun hala haklar\u0131n\u0131n gasp edildi\u011fi ve f\u0131rsat e\u015fitsizli\u011fi ile kar\u015f\u0131 kar\u015f\u0131ya kald\u0131\u011f\u0131 \u00f6ne s\u00fcr\u00fcld\u00fc.&nbsp; KTTB a\u00e7\u0131klamas\u0131 \u015f\u00f6yle devam etti:&nbsp; \u201c\u00d6zellikle derin ekonomik kriz i\u00e7indeki \u00fclkemizde, ba\u015fta \u00e7ocuklar olmak \u00fczere dezavantajl\u0131","og_url":"https:\/\/kibrisdakik.com\/?p=39356","article_published_time":"2024-04-22T15:10:59+00:00","og_image":[{"width":710,"height":370,"url":"https:\/\/kibrisdakik.com\/wp-content\/uploads\/2024\/04\/kttb-cocuklar-haklarindan-mahrum-1713797849.webp.webp","type":"image\/webp"}],"author":"admin","twitter_card":"summary_large_image","twitter_misc":{"Yazan:":"admin","Tahmini okuma s\u00fcresi":"3 dakika"},"schema":{"@context":"https:\/\/schema.org","@graph":[{"@type":"Article","@id":"https:\/\/kibrisdakik.com\/?p=39356#article","isPartOf":{"@id":"https:\/\/kibrisdakik.com\/?p=39356"},"author":{"name":"admin","@id":"https:\/\/kibrisdakik.com\/#\/schema\/person\/9cd9d437bbb44f72b73ba127e06d8e79"},"headline":"KTTB: \u201c\u00c7ocuklar haklar\u0131ndan mahrum\u201d","datePublished":"2024-04-22T15:10:59+00:00","mainEntityOfPage":{"@id":"https:\/\/kibrisdakik.com\/?p=39356"},"wordCount":549,"commentCount":0,"image":{"@id":"https:\/\/kibrisdakik.com\/?p=39356#primaryimage"},"thumbnailUrl":"https:\/\/kibrisdakik.com\/wp-content\/uploads\/2024\/04\/kttb-cocuklar-haklarindan-mahrum-1713797849.webp.webp","articleSection":["Spor"],"inLanguage":"tr","potentialAction":[{"@type":"CommentAction","name":"Comment","target":["https:\/\/kibrisdakik.com\/?p=39356#respond"]}]},{"@type":"WebPage","@id":"https:\/\/kibrisdakik.com\/?p=39356","url":"https:\/\/kibrisdakik.com\/?p=39356","name":"KTTB: \u201c\u00c7ocuklar haklar\u0131ndan mahrum\u201d -","isPartOf":{"@id":"https:\/\/kibrisdakik.com\/#website"},"primaryImageOfPage":{"@id":"https:\/\/kibrisdakik.com\/?p=39356#primaryimage"},"image":{"@id":"https:\/\/kibrisdakik.com\/?p=39356#primaryimage"},"thumbnailUrl":"https:\/\/kibrisdakik.com\/wp-content\/uploads\/2024\/04\/kttb-cocuklar-haklarindan-mahrum-1713797849.webp.webp","datePublished":"2024-04-22T15:10:59+00:00","author":{"@id":"https:\/\/kibrisdakik.com\/#\/schema\/person\/9cd9d437bbb44f72b73ba127e06d8e79"},"breadcrumb":{"@id":"https:\/\/kibrisdakik.com\/?p=39356#breadcrumb"},"inLanguage":"tr","potentialAction":[{"@type":"ReadAction","target":["https:\/\/kibrisdakik.com\/?p=39356"]}]},{"@type":"ImageObject","inLanguage":"tr","@id":"https:\/\/kibrisdakik.com\/?p=39356#primaryimage","url":"https:\/\/kibrisdakik.com\/wp-content\/uploads\/2024\/04\/kttb-cocuklar-haklarindan-mahrum-1713797849.webp.webp","contentUrl":"https:\/\/kibrisdakik.com\/wp-content\/uploads\/2024\/04\/kttb-cocuklar-haklarindan-mahrum-1713797849.webp.webp","width":710,"height":370},{"@type":"BreadcrumbList","@id":"https:\/\/kibrisdakik.com\/?p=39356#breadcrumb","itemListElement":[{"@type":"ListItem","position":1,"name":"Home","item":"https:\/\/kibrisdakik.com\/"},{"@type":"ListItem","position":2,"name":"KTTB: \u201c\u00c7ocuklar haklar\u0131ndan mahrum\u201d"}]},{"@type":"WebSite","@id":"https:\/\/kibrisdakik.com\/#website","url":"https:\/\/kibrisdakik.com\/","name":"","description":"Tam vaktinde haber","potentialAction":[{"@type":"SearchAction","target":{"@type":"EntryPoint","urlTemplate":"https:\/\/kibrisdakik.com\/?s={search_term_string}"},"query-input":{"@type":"PropertyValueSpecification","valueRequired":true,"valueName":"search_term_string"}}],"inLanguage":"tr"},{"@type":"Person","@id":"https:\/\/kibrisdakik.com\/#\/schema\/person\/9cd9d437bbb44f72b73ba127e06d8e79","name":"admin","image":{"@type":"ImageObject","inLanguage":"tr","@id":"https:\/\/secure.gravatar.com\/avatar\/ccc17943b9d660506c869530f897617f7cb1c21a4bf30023f252596d83e1f007?s=96&d=mm&r=g","url":"https:\/\/secure.gravatar.com\/avatar\/ccc17943b9d660506c869530f897617f7cb1c21a4bf30023f252596d83e1f007?s=96&d=mm&r=g","contentUrl":"https:\/\/secure.gravatar.com\/avatar\/ccc17943b9d660506c869530f897617f7cb1c21a4bf30023f252596d83e1f007?s=96&d=mm&r=g","caption":"admin"},"sameAs":["https:\/\/kibrisdakik.com"],"url":"https:\/\/kibrisdakik.com\/?author=1"}]}},"_links":{"self":[{"href":"https:\/\/kibrisdakik.com\/index.php?rest_route=\/wp\/v2\/posts\/39356","targetHints":{"allow":["GET"]}}],"collection":[{"href":"https:\/\/kibrisdakik.com\/index.php?rest_route=\/wp\/v2\/posts"}],"about":[{"href":"https:\/\/kibrisdakik.com\/index.php?rest_route=\/wp\/v2\/types\/post"}],"author":[{"embeddable":true,"href":"https:\/\/kibrisdakik.com\/index.php?rest_route=\/wp\/v2\/users\/1"}],"replies":[{"embeddable":true,"href":"https:\/\/kibrisdakik.com\/index.php?rest_route=%2Fwp%2Fv2%2Fcomments&post=39356"}],"version-history":[{"count":0,"href":"https:\/\/kibrisdakik.com\/index.php?rest_route=\/wp\/v2\/posts\/39356\/revisions"}],"wp:featuredmedia":[{"embeddable":true,"href":"https:\/\/kibrisdakik.com\/index.php?rest_route=\/wp\/v2\/media\/39357"}],"wp:attachment":[{"href":"https:\/\/kibrisdakik.com\/index.php?rest_route=%2Fwp%2Fv2%2Fmedia&parent=39356"}],"wp:term":[{"taxonomy":"category","embeddable":true,"href":"https:\/\/kibrisdakik.com\/index.php?rest_route=%2Fwp%2Fv2%2Fcategories&post=39356"},{"taxonomy":"post_tag","embeddable":true,"href":"https:\/\/kibrisdakik.com\/index.php?rest_route=%2Fwp%2Fv2%2Ftags&post=39356"}],"curies":[{"name":"wp","href":"https:\/\/api.w.org\/{rel}","templated":true}]}}