{"id":39387,"date":"2024-04-22T18:21:08","date_gmt":"2024-04-22T18:21:08","guid":{"rendered":"https:\/\/kibrisdakik.com\/index.php\/2024\/04\/22\/gonyeli-alaykoy-belediyesinde-koltuk-bir-gunlugune-cocuklarin-2\/"},"modified":"2024-04-22T18:21:08","modified_gmt":"2024-04-22T18:21:08","slug":"gonyeli-alaykoy-belediyesinde-koltuk-bir-gunlugune-cocuklarin-2","status":"publish","type":"post","link":"https:\/\/kibrisdakik.com\/?p=39387","title":{"rendered":"G\u00f6nyeli-Alayk\u00f6y Belediyesi\u2019nde koltuk bir g\u00fcnl\u00fc\u011f\u00fcne \u00e7ocuklar\u0131n"},"content":{"rendered":"<p><\/p>\n<div>\n<p style=\"font-weight: 300;\"><span style=\"font-weight: 300 !important;\"><\/p>\n<div class=\"mariselle-image-container none\">\n                <img loading=\"lazy\" decoding=\"async\" width=\"1502\" height=\"1000\" class=\"lazy-image\" alt=\"\" sizes=\"auto, (max-width: 1502px) 100vw, 1502px\" src=\"https:\/\/brtk.net\/wp-content\/uploads\/2024\/04\/22\/gonyeli-5.jpg?ver=aaa47358387c3cc09188b6a05fb593a4\" srcset=\"https:\/\/brtk.net\/wp-content\/uploads\/2024\/04\/22\/gonyeli-5.jpg?ver=aaa47358387c3cc09188b6a05fb593a4 1502w, https:\/\/brtk.net\/wp-content\/uploads\/2024\/04\/22\/gonyeli-5-300x200.jpg?ver=88a7e21b63385fec25504f0b1ea1162e 300w, https:\/\/brtk.net\/wp-content\/uploads\/2024\/04\/22\/gonyeli-5-1024x682.jpg?ver=88a7e21b63385fec25504f0b1ea1162e 1024w, https:\/\/brtk.net\/wp-content\/uploads\/2024\/04\/22\/gonyeli-5-768x511.jpg?ver=88a7e21b63385fec25504f0b1ea1162e 768w\"\/>                            <\/div>\n<p><\/span><\/p>\n<p style=\"font-weight: 300;\"><span style=\"font-weight: 300 !important;\">G\u00f6nyeli-Alayk\u00f6y Belediye Ba\u015fkan\u0131 H\u00fcseyin Amcao\u011flu, 23 Nisan Ulusal Egemenlik ve \u00c7ocuk Bayram\u0131 nedeniyle b\u00f6lge okullar\u0131ndaki \u00f6\u011frencileri kabul etti.<\/span><span style=\"font-weight: 300 !important;\">\u00a0<\/span><\/p>\n<p style=\"font-weight: 300;\"><span style=\"font-weight: 300 !important;\">G\u00f6nyeli \u0130lkokulu, Alayk\u00f6y ilkokulu, Dr. Suat G\u00fcnsel Devlet \u0130lkokulu ve G\u00f6nyeli Faz\u0131l Pl\u00fcmer Anaokulu, m\u00fcd\u00fcr, \u00f6\u011fretmen ve \u00f6\u011frencileri belediyeyi ziyaret ederek hem belediyeyi gezdi hem de Ba\u015fkan Amcao\u011flu ile sohbet f\u0131rsat\u0131 buldu.<\/span><span style=\"font-weight: 300 !important;\">\u00a0<\/span><\/p>\n<p style=\"font-weight: 300;\"><span style=\"font-weight: 300 !important;\">Geleneksel koltuk devretme t\u00f6renlerinin de yap\u0131ld\u0131\u011f\u0131 kabullerde \u00f6\u011frenciler ba\u015fkanl\u0131k koltu\u011funa oturur oturmaz arkada\u015flar\u0131n\u0131n isteklerini yapmak i\u00e7in harekete ge\u00e7ti.<\/span><span style=\"font-weight: 300 !important;\">\u00a0<\/span><\/p>\n<p style=\"font-weight: 300;\"><span style=\"font-weight: 300 !important;\">\u00c7ocuklar\u0131n 23 Nisan Bayram\u0131\u2019n\u0131 kutlayan Amcao\u011flu, onlara k\u00fc\u00e7\u00fck hediyeler de verdi. \u00dclkenin gelece\u011fi olan \u00e7ocuklar\u0131n kaliteli \u015fartlarda yeti\u015febilmesi ad\u0131na \u00e7al\u0131\u015ft\u0131klar\u0131n\u0131 kaydeden Amcao\u011flu, yar\u0131n\u0131n b\u00fcy\u00fckleri bug\u00fcn\u00fcn \u00e7ocuklar\u0131na gelecekle ilgili \u00f6\u011f\u00fctler de vererek \u00e7ocuklar\u0131n hedeflerini dinledi.<\/span><\/p>\n<\/p><\/div>\n<p><script async\n                    defer\n                    crossorigin=\"anonymous\"\n                    src=\"https:\/\/connect.facebook.net\/tr_TR\/sdk.js#xfbml=1&#038;version=v3.3\"\n            ><\/script><\/p>\n","protected":false},"excerpt":{"rendered":"<p>G\u00f6nyeli-Alayk\u00f6y Belediye Ba\u015fkan\u0131 H\u00fcseyin Amcao\u011flu, 23 Nisan Ulusal Egemenlik ve \u00c7ocuk Bayram\u0131 nedeniyle b\u00f6lge okullar\u0131ndaki \u00f6\u011frencileri kabul etti.\u00a0 G\u00f6nyeli \u0130lkokulu, Alayk\u00f6y ilkokulu, Dr. Suat G\u00fcnsel Devlet \u0130lkokulu ve G\u00f6nyeli Faz\u0131l Pl\u00fcmer Anaokulu, m\u00fcd\u00fcr, \u00f6\u011fretmen ve \u00f6\u011frencileri belediyeyi ziyaret ederek hem belediyeyi gezdi hem de Ba\u015fkan Amcao\u011flu ile sohbet f\u0131rsat\u0131 buldu.\u00a0 Geleneksel koltuk devretme t\u00f6renlerinin de<\/p>\n","protected":false},"author":1,"featured_media":39388,"comment_status":"open","ping_status":"open","sticky":false,"template":"","format":"standard","meta":{"footnotes":""},"categories":[1],"tags":[],"class_list":["post-39387","post","type-post","status-publish","format-standard","has-post-thumbnail","hentry","category-gundem"],"yoast_head":"<!-- This site is optimized with the Yoast SEO plugin v27.5 - https:\/\/yoast.com\/product\/yoast-seo-wordpress\/ -->\n<title>G\u00f6nyeli-Alayk\u00f6y Belediyesi\u2019nde koltuk bir g\u00fcnl\u00fc\u011f\u00fcne \u00e7ocuklar\u0131n -<\/title>\n<meta name=\"robots\" content=\"index, follow, max-snippet:-1, max-image-preview:large, max-video-preview:-1\" \/>\n<link rel=\"canonical\" href=\"https:\/\/kibrisdakik.com\/?p=39387\" \/>\n<meta property=\"og:locale\" content=\"tr_TR\" \/>\n<meta property=\"og:type\" content=\"article\" \/>\n<meta property=\"og:title\" content=\"G\u00f6nyeli-Alayk\u00f6y Belediyesi\u2019nde koltuk bir g\u00fcnl\u00fc\u011f\u00fcne \u00e7ocuklar\u0131n -\" \/>\n<meta property=\"og:description\" content=\"G\u00f6nyeli-Alayk\u00f6y Belediye Ba\u015fkan\u0131 H\u00fcseyin Amcao\u011flu, 23 Nisan Ulusal Egemenlik ve \u00c7ocuk Bayram\u0131 nedeniyle b\u00f6lge okullar\u0131ndaki \u00f6\u011frencileri kabul etti.\u00a0 G\u00f6nyeli \u0130lkokulu, Alayk\u00f6y ilkokulu, Dr. Suat G\u00fcnsel Devlet \u0130lkokulu ve G\u00f6nyeli Faz\u0131l Pl\u00fcmer Anaokulu, m\u00fcd\u00fcr, \u00f6\u011fretmen ve \u00f6\u011frencileri belediyeyi ziyaret ederek hem belediyeyi gezdi hem de Ba\u015fkan Amcao\u011flu ile sohbet f\u0131rsat\u0131 buldu.\u00a0 Geleneksel koltuk devretme t\u00f6renlerinin de\" \/>\n<meta property=\"og:url\" content=\"https:\/\/kibrisdakik.com\/?p=39387\" \/>\n<meta property=\"article:published_time\" content=\"2024-04-22T18:21:08+00:00\" \/>\n<meta property=\"og:image\" content=\"https:\/\/kibrisdakik.com\/wp-content\/uploads\/2024\/04\/gonyeli-5-740x420.jpg\" \/>\n\t<meta property=\"og:image:width\" content=\"1502\" \/>\n\t<meta property=\"og:image:height\" content=\"1000\" \/>\n\t<meta property=\"og:image:type\" content=\"image\/jpeg\" \/>\n<meta name=\"author\" content=\"admin\" \/>\n<meta name=\"twitter:card\" content=\"summary_large_image\" \/>\n<meta name=\"twitter:label1\" content=\"Yazan:\" \/>\n\t<meta name=\"twitter:data1\" content=\"admin\" \/>\n\t<meta name=\"twitter:label2\" content=\"Tahmini okuma s\u00fcresi\" \/>\n\t<meta name=\"twitter:data2\" content=\"1 dakika\" \/>\n<script type=\"application\/ld+json\" class=\"yoast-schema-graph\">{\"@context\":\"https:\\\/\\\/schema.org\",\"@graph\":[{\"@type\":\"Article\",\"@id\":\"https:\\\/\\\/kibrisdakik.com\\\/?p=39387#article\",\"isPartOf\":{\"@id\":\"https:\\\/\\\/kibrisdakik.com\\\/?p=39387\"},\"author\":{\"name\":\"admin\",\"@id\":\"https:\\\/\\\/kibrisdakik.com\\\/#\\\/schema\\\/person\\\/9cd9d437bbb44f72b73ba127e06d8e79\"},\"headline\":\"G\u00f6nyeli-Alayk\u00f6y Belediyesi\u2019nde koltuk bir g\u00fcnl\u00fc\u011f\u00fcne \u00e7ocuklar\u0131n\",\"datePublished\":\"2024-04-22T18:21:08+00:00\",\"mainEntityOfPage\":{\"@id\":\"https:\\\/\\\/kibrisdakik.com\\\/?p=39387\"},\"wordCount\":160,\"commentCount\":0,\"image\":{\"@id\":\"https:\\\/\\\/kibrisdakik.com\\\/?p=39387#primaryimage\"},\"thumbnailUrl\":\"https:\\\/\\\/kibrisdakik.com\\\/wp-content\\\/uploads\\\/2024\\\/04\\\/gonyeli-5-740x420.jpg\",\"articleSection\":[\"G\u00fcndem\"],\"inLanguage\":\"tr\",\"potentialAction\":[{\"@type\":\"CommentAction\",\"name\":\"Comment\",\"target\":[\"https:\\\/\\\/kibrisdakik.com\\\/?p=39387#respond\"]}]},{\"@type\":\"WebPage\",\"@id\":\"https:\\\/\\\/kibrisdakik.com\\\/?p=39387\",\"url\":\"https:\\\/\\\/kibrisdakik.com\\\/?p=39387\",\"name\":\"G\u00f6nyeli-Alayk\u00f6y Belediyesi\u2019nde koltuk bir g\u00fcnl\u00fc\u011f\u00fcne \u00e7ocuklar\u0131n -\",\"isPartOf\":{\"@id\":\"https:\\\/\\\/kibrisdakik.com\\\/#website\"},\"primaryImageOfPage\":{\"@id\":\"https:\\\/\\\/kibrisdakik.com\\\/?p=39387#primaryimage\"},\"image\":{\"@id\":\"https:\\\/\\\/kibrisdakik.com\\\/?p=39387#primaryimage\"},\"thumbnailUrl\":\"https:\\\/\\\/kibrisdakik.com\\\/wp-content\\\/uploads\\\/2024\\\/04\\\/gonyeli-5-740x420.jpg\",\"datePublished\":\"2024-04-22T18:21:08+00:00\",\"author\":{\"@id\":\"https:\\\/\\\/kibrisdakik.com\\\/#\\\/schema\\\/person\\\/9cd9d437bbb44f72b73ba127e06d8e79\"},\"breadcrumb\":{\"@id\":\"https:\\\/\\\/kibrisdakik.com\\\/?p=39387#breadcrumb\"},\"inLanguage\":\"tr\",\"potentialAction\":[{\"@type\":\"ReadAction\",\"target\":[\"https:\\\/\\\/kibrisdakik.com\\\/?p=39387\"]}]},{\"@type\":\"ImageObject\",\"inLanguage\":\"tr\",\"@id\":\"https:\\\/\\\/kibrisdakik.com\\\/?p=39387#primaryimage\",\"url\":\"https:\\\/\\\/kibrisdakik.com\\\/wp-content\\\/uploads\\\/2024\\\/04\\\/gonyeli-5-740x420.jpg\",\"contentUrl\":\"https:\\\/\\\/kibrisdakik.com\\\/wp-content\\\/uploads\\\/2024\\\/04\\\/gonyeli-5-740x420.jpg\",\"width\":1502,\"height\":1000},{\"@type\":\"BreadcrumbList\",\"@id\":\"https:\\\/\\\/kibrisdakik.com\\\/?p=39387#breadcrumb\",\"itemListElement\":[{\"@type\":\"ListItem\",\"position\":1,\"name\":\"Home\",\"item\":\"https:\\\/\\\/kibrisdakik.com\\\/\"},{\"@type\":\"ListItem\",\"position\":2,\"name\":\"G\u00f6nyeli-Alayk\u00f6y Belediyesi\u2019nde koltuk bir g\u00fcnl\u00fc\u011f\u00fcne \u00e7ocuklar\u0131n\"}]},{\"@type\":\"WebSite\",\"@id\":\"https:\\\/\\\/kibrisdakik.com\\\/#website\",\"url\":\"https:\\\/\\\/kibrisdakik.com\\\/\",\"name\":\"\",\"description\":\"Tam vaktinde haber\",\"potentialAction\":[{\"@type\":\"SearchAction\",\"target\":{\"@type\":\"EntryPoint\",\"urlTemplate\":\"https:\\\/\\\/kibrisdakik.com\\\/?s={search_term_string}\"},\"query-input\":{\"@type\":\"PropertyValueSpecification\",\"valueRequired\":true,\"valueName\":\"search_term_string\"}}],\"inLanguage\":\"tr\"},{\"@type\":\"Person\",\"@id\":\"https:\\\/\\\/kibrisdakik.com\\\/#\\\/schema\\\/person\\\/9cd9d437bbb44f72b73ba127e06d8e79\",\"name\":\"admin\",\"image\":{\"@type\":\"ImageObject\",\"inLanguage\":\"tr\",\"@id\":\"https:\\\/\\\/secure.gravatar.com\\\/avatar\\\/ccc17943b9d660506c869530f897617f7cb1c21a4bf30023f252596d83e1f007?s=96&d=mm&r=g\",\"url\":\"https:\\\/\\\/secure.gravatar.com\\\/avatar\\\/ccc17943b9d660506c869530f897617f7cb1c21a4bf30023f252596d83e1f007?s=96&d=mm&r=g\",\"contentUrl\":\"https:\\\/\\\/secure.gravatar.com\\\/avatar\\\/ccc17943b9d660506c869530f897617f7cb1c21a4bf30023f252596d83e1f007?s=96&d=mm&r=g\",\"caption\":\"admin\"},\"sameAs\":[\"https:\\\/\\\/kibrisdakik.com\"],\"url\":\"https:\\\/\\\/kibrisdakik.com\\\/?author=1\"}]}<\/script>\n<!-- \/ Yoast SEO plugin. -->","yoast_head_json":{"title":"G\u00f6nyeli-Alayk\u00f6y Belediyesi\u2019nde koltuk bir g\u00fcnl\u00fc\u011f\u00fcne \u00e7ocuklar\u0131n -","robots":{"index":"index","follow":"follow","max-snippet":"max-snippet:-1","max-image-preview":"max-image-preview:large","max-video-preview":"max-video-preview:-1"},"canonical":"https:\/\/kibrisdakik.com\/?p=39387","og_locale":"tr_TR","og_type":"article","og_title":"G\u00f6nyeli-Alayk\u00f6y Belediyesi\u2019nde koltuk bir g\u00fcnl\u00fc\u011f\u00fcne \u00e7ocuklar\u0131n -","og_description":"G\u00f6nyeli-Alayk\u00f6y Belediye Ba\u015fkan\u0131 H\u00fcseyin Amcao\u011flu, 23 Nisan Ulusal Egemenlik ve \u00c7ocuk Bayram\u0131 nedeniyle b\u00f6lge okullar\u0131ndaki \u00f6\u011frencileri kabul etti.\u00a0 G\u00f6nyeli \u0130lkokulu, Alayk\u00f6y ilkokulu, Dr. Suat G\u00fcnsel Devlet \u0130lkokulu ve G\u00f6nyeli Faz\u0131l Pl\u00fcmer Anaokulu, m\u00fcd\u00fcr, \u00f6\u011fretmen ve \u00f6\u011frencileri belediyeyi ziyaret ederek hem belediyeyi gezdi hem de Ba\u015fkan Amcao\u011flu ile sohbet f\u0131rsat\u0131 buldu.\u00a0 Geleneksel koltuk devretme t\u00f6renlerinin de","og_url":"https:\/\/kibrisdakik.com\/?p=39387","article_published_time":"2024-04-22T18:21:08+00:00","og_image":[{"width":1502,"height":1000,"url":"https:\/\/kibrisdakik.com\/wp-content\/uploads\/2024\/04\/gonyeli-5-740x420.jpg","type":"image\/jpeg"}],"author":"admin","twitter_card":"summary_large_image","twitter_misc":{"Yazan:":"admin","Tahmini okuma s\u00fcresi":"1 dakika"},"schema":{"@context":"https:\/\/schema.org","@graph":[{"@type":"Article","@id":"https:\/\/kibrisdakik.com\/?p=39387#article","isPartOf":{"@id":"https:\/\/kibrisdakik.com\/?p=39387"},"author":{"name":"admin","@id":"https:\/\/kibrisdakik.com\/#\/schema\/person\/9cd9d437bbb44f72b73ba127e06d8e79"},"headline":"G\u00f6nyeli-Alayk\u00f6y Belediyesi\u2019nde koltuk bir g\u00fcnl\u00fc\u011f\u00fcne \u00e7ocuklar\u0131n","datePublished":"2024-04-22T18:21:08+00:00","mainEntityOfPage":{"@id":"https:\/\/kibrisdakik.com\/?p=39387"},"wordCount":160,"commentCount":0,"image":{"@id":"https:\/\/kibrisdakik.com\/?p=39387#primaryimage"},"thumbnailUrl":"https:\/\/kibrisdakik.com\/wp-content\/uploads\/2024\/04\/gonyeli-5-740x420.jpg","articleSection":["G\u00fcndem"],"inLanguage":"tr","potentialAction":[{"@type":"CommentAction","name":"Comment","target":["https:\/\/kibrisdakik.com\/?p=39387#respond"]}]},{"@type":"WebPage","@id":"https:\/\/kibrisdakik.com\/?p=39387","url":"https:\/\/kibrisdakik.com\/?p=39387","name":"G\u00f6nyeli-Alayk\u00f6y Belediyesi\u2019nde koltuk bir g\u00fcnl\u00fc\u011f\u00fcne \u00e7ocuklar\u0131n -","isPartOf":{"@id":"https:\/\/kibrisdakik.com\/#website"},"primaryImageOfPage":{"@id":"https:\/\/kibrisdakik.com\/?p=39387#primaryimage"},"image":{"@id":"https:\/\/kibrisdakik.com\/?p=39387#primaryimage"},"thumbnailUrl":"https:\/\/kibrisdakik.com\/wp-content\/uploads\/2024\/04\/gonyeli-5-740x420.jpg","datePublished":"2024-04-22T18:21:08+00:00","author":{"@id":"https:\/\/kibrisdakik.com\/#\/schema\/person\/9cd9d437bbb44f72b73ba127e06d8e79"},"breadcrumb":{"@id":"https:\/\/kibrisdakik.com\/?p=39387#breadcrumb"},"inLanguage":"tr","potentialAction":[{"@type":"ReadAction","target":["https:\/\/kibrisdakik.com\/?p=39387"]}]},{"@type":"ImageObject","inLanguage":"tr","@id":"https:\/\/kibrisdakik.com\/?p=39387#primaryimage","url":"https:\/\/kibrisdakik.com\/wp-content\/uploads\/2024\/04\/gonyeli-5-740x420.jpg","contentUrl":"https:\/\/kibrisdakik.com\/wp-content\/uploads\/2024\/04\/gonyeli-5-740x420.jpg","width":1502,"height":1000},{"@type":"BreadcrumbList","@id":"https:\/\/kibrisdakik.com\/?p=39387#breadcrumb","itemListElement":[{"@type":"ListItem","position":1,"name":"Home","item":"https:\/\/kibrisdakik.com\/"},{"@type":"ListItem","position":2,"name":"G\u00f6nyeli-Alayk\u00f6y Belediyesi\u2019nde koltuk bir g\u00fcnl\u00fc\u011f\u00fcne \u00e7ocuklar\u0131n"}]},{"@type":"WebSite","@id":"https:\/\/kibrisdakik.com\/#website","url":"https:\/\/kibrisdakik.com\/","name":"","description":"Tam vaktinde haber","potentialAction":[{"@type":"SearchAction","target":{"@type":"EntryPoint","urlTemplate":"https:\/\/kibrisdakik.com\/?s={search_term_string}"},"query-input":{"@type":"PropertyValueSpecification","valueRequired":true,"valueName":"search_term_string"}}],"inLanguage":"tr"},{"@type":"Person","@id":"https:\/\/kibrisdakik.com\/#\/schema\/person\/9cd9d437bbb44f72b73ba127e06d8e79","name":"admin","image":{"@type":"ImageObject","inLanguage":"tr","@id":"https:\/\/secure.gravatar.com\/avatar\/ccc17943b9d660506c869530f897617f7cb1c21a4bf30023f252596d83e1f007?s=96&d=mm&r=g","url":"https:\/\/secure.gravatar.com\/avatar\/ccc17943b9d660506c869530f897617f7cb1c21a4bf30023f252596d83e1f007?s=96&d=mm&r=g","contentUrl":"https:\/\/secure.gravatar.com\/avatar\/ccc17943b9d660506c869530f897617f7cb1c21a4bf30023f252596d83e1f007?s=96&d=mm&r=g","caption":"admin"},"sameAs":["https:\/\/kibrisdakik.com"],"url":"https:\/\/kibrisdakik.com\/?author=1"}]}},"_links":{"self":[{"href":"https:\/\/kibrisdakik.com\/index.php?rest_route=\/wp\/v2\/posts\/39387","targetHints":{"allow":["GET"]}}],"collection":[{"href":"https:\/\/kibrisdakik.com\/index.php?rest_route=\/wp\/v2\/posts"}],"about":[{"href":"https:\/\/kibrisdakik.com\/index.php?rest_route=\/wp\/v2\/types\/post"}],"author":[{"embeddable":true,"href":"https:\/\/kibrisdakik.com\/index.php?rest_route=\/wp\/v2\/users\/1"}],"replies":[{"embeddable":true,"href":"https:\/\/kibrisdakik.com\/index.php?rest_route=%2Fwp%2Fv2%2Fcomments&post=39387"}],"version-history":[{"count":0,"href":"https:\/\/kibrisdakik.com\/index.php?rest_route=\/wp\/v2\/posts\/39387\/revisions"}],"wp:featuredmedia":[{"embeddable":true,"href":"https:\/\/kibrisdakik.com\/index.php?rest_route=\/wp\/v2\/media\/39388"}],"wp:attachment":[{"href":"https:\/\/kibrisdakik.com\/index.php?rest_route=%2Fwp%2Fv2%2Fmedia&parent=39387"}],"wp:term":[{"taxonomy":"category","embeddable":true,"href":"https:\/\/kibrisdakik.com\/index.php?rest_route=%2Fwp%2Fv2%2Fcategories&post=39387"},{"taxonomy":"post_tag","embeddable":true,"href":"https:\/\/kibrisdakik.com\/index.php?rest_route=%2Fwp%2Fv2%2Ftags&post=39387"}],"curies":[{"name":"wp","href":"https:\/\/api.w.org\/{rel}","templated":true}]}}