{"id":39436,"date":"2024-04-23T01:20:21","date_gmt":"2024-04-23T01:20:21","guid":{"rendered":"https:\/\/kibrisdakik.com\/index.php\/2024\/04\/23\/ogretmen-sendikalari-carsamba-gunu-khk-onunde-oturma-eylemi-yapacak\/"},"modified":"2024-04-23T01:20:21","modified_gmt":"2024-04-23T01:20:21","slug":"ogretmen-sendikalari-carsamba-gunu-khk-onunde-oturma-eylemi-yapacak","status":"publish","type":"post","link":"https:\/\/kibrisdakik.com\/?p=39436","title":{"rendered":"\u00d6\u011fretmen sendikalar\u0131, \u00c7ar\u015famba g\u00fcn\u00fc KHK \u00f6n\u00fcnde oturma eylemi yapacak"},"content":{"rendered":"<p><img decoding=\"async\" src=\"https:\/\/www.kibristurk.com\/images\/haberler\/2024\/04\/ogretmen-sendikalari-carsamba-gunu-khk-onunde-oturma-eylemi-yapacak-1713802538.webp\" \/><\/p>\n<p style=\"text-align:left\"><span style=\"font-size:16px\"><span style=\"font-family:Merriweather,serif !important\"><span style=\"color:#000000\"><span style=\"background-color:#ffffff\"><span style=\"font-size:16px !important\"><span style=\"font-family:Merriweather,serif !important\"><span style=\"color:#000000 !important\">KTOE\u00d6S Ba\u015fkan\u0131 Selma Eylem ile KT\u00d6S Genel Sekreteri Burak Mavi\u015f yapt\u0131klar\u0131 ortak a\u00e7\u0131klamada, eylemin gerek\u00e7esinin s\u0131navlar yap\u0131ld\u0131\u011f\u0131 halde bir ay ge\u00e7mesine ra\u011fmen m\u00fcd\u00fcr\/m\u00fcd\u00fcr muavini atamalar\u0131n\u0131n yap\u0131lmamas\u0131 oldu\u011funu belirtti.<\/span><\/span><\/span><\/span><\/span><\/span><\/span><\/p>\n<p style=\"text-align:left\"><span style=\"font-size:16px\"><span style=\"font-family:Merriweather,serif !important\"><span style=\"color:#000000\"><span style=\"background-color:#ffffff\"><span style=\"font-size:16px !important\"><span style=\"font-family:Merriweather,serif !important\"><span style=\"color:#000000 !important\">A\u00e7\u0131klamada, ana okul, ilkokul, ortaokul ve liselerde y\u00fckselme s\u0131nav m\u00fcnhal ve atamalar\u0131n\u0131n en son 2022 y\u0131l\u0131nda yap\u0131ld\u0131\u011f\u0131, ge\u00e7ti\u011fimiz y\u0131l orta e\u011fitimde m\u00fcd\u00fcr\/m\u00fcd\u00fcr muavini nakillerinin de yap\u0131lmad\u0131\u011f\u0131 belirtilerek, 2023-2024 \u00f6\u011fretim y\u0131l\u0131 ba\u015f\u0131ndan itibaren okullarda eksiklikler ve s\u0131k\u0131nt\u0131lar ya\u015fand\u0131\u011f\u0131 kaydedildi.<\/span><\/span><\/span><\/span><\/span><\/span><\/span><\/p>\n<p style=\"text-align:left\"><span style=\"font-size:16px\"><span style=\"font-family:Merriweather,serif !important\"><span style=\"color:#000000\"><span style=\"background-color:#ffffff\"><span style=\"font-size:16px !important\"><span style=\"font-family:Merriweather,serif !important\"><span style=\"color:#000000 !important\">Genel Orta \u00d6\u011fretim ve Mesleki Teknik okullar\u0131m\u0131zda 35 m\u00fcd\u00fcr muavini eksikli\u011fi vard\u0131r. 48 okulumuzun 11\u2019inde ise hala daha m\u00fcd\u00fcr bulunmamaktad\u0131r. \u0130lk\u00f6\u011fretim okullar\u0131m\u0131zda ise 14 m\u00fcd\u00fcr ve 19 m\u00fcd\u00fcr muavini eksikli\u011fi devam etmektedir.<\/span><\/span><\/span><\/span><\/span><\/span><\/span><\/p>\n<p style=\"text-align:left\"><span style=\"font-size:16px\"><span style=\"font-family:Merriweather,serif !important\"><span style=\"color:#000000\"><span style=\"background-color:#ffffff\"><span style=\"font-size:16px !important\"><span style=\"font-family:Merriweather,serif !important\"><span style=\"color:#000000 !important\">Sendikalar\u0131n m\u00fccadelesi sonucunda m\u00fcd\u00fcr\/m\u00fcd\u00fcr muavini s\u0131navlar\u0131n\u0131n yap\u0131ld\u0131\u011f\u0131 ve \u00fczerinden bir ay ge\u00e7ti\u011fi belirtilen a\u00e7\u0131klamada, yetkiler al\u0131nm\u0131\u015f olmas\u0131na ra\u011fmen Kamu Hizmeti Komisyonu\u2019nun atamalar\u0131 yapmad\u0131\u011f\u0131 savunuldu.<\/span><\/span><\/span><\/span><\/span><\/span><\/span><\/p>\n<p style=\"text-align:left\"><span style=\"font-size:16px\"><span style=\"font-family:Merriweather,serif !important\"><span style=\"color:#000000\"><span style=\"background-color:#ffffff\"><span style=\"font-size:16px !important\"><span style=\"font-family:Merriweather,serif !important\"><span style=\"color:#000000 !important\">A\u00e7\u0131klamada, \u201cBu nedenle 24 Nisan \u00c7ar\u015famba g\u00fcn\u00fc saat 10:00\u2019da Kamu Hizmeti Komisyonu&#8217;nda oturma eyleminde olaca\u011f\u0131z\u201d denildi.<\/span><\/span><\/span><\/span><\/span><\/span><\/span><\/p>\n","protected":false},"excerpt":{"rendered":"<p>KTOE\u00d6S Ba\u015fkan\u0131 Selma Eylem ile KT\u00d6S Genel Sekreteri Burak Mavi\u015f yapt\u0131klar\u0131 ortak a\u00e7\u0131klamada, eylemin gerek\u00e7esinin s\u0131navlar yap\u0131ld\u0131\u011f\u0131 halde bir ay ge\u00e7mesine ra\u011fmen m\u00fcd\u00fcr\/m\u00fcd\u00fcr muavini atamalar\u0131n\u0131n yap\u0131lmamas\u0131 oldu\u011funu belirtti. A\u00e7\u0131klamada, ana okul, ilkokul, ortaokul ve liselerde y\u00fckselme s\u0131nav m\u00fcnhal ve atamalar\u0131n\u0131n en son 2022 y\u0131l\u0131nda yap\u0131ld\u0131\u011f\u0131, ge\u00e7ti\u011fimiz y\u0131l orta e\u011fitimde m\u00fcd\u00fcr\/m\u00fcd\u00fcr muavini nakillerinin de yap\u0131lmad\u0131\u011f\u0131 belirtilerek,<\/p>\n","protected":false},"author":1,"featured_media":39437,"comment_status":"open","ping_status":"open","sticky":false,"template":"","format":"standard","meta":{"footnotes":""},"categories":[85],"tags":[],"class_list":["post-39436","post","type-post","status-publish","format-standard","has-post-thumbnail","hentry","category-spor"],"yoast_head":"<!-- This site is optimized with the Yoast SEO plugin v27.5 - https:\/\/yoast.com\/product\/yoast-seo-wordpress\/ -->\n<title>\u00d6\u011fretmen sendikalar\u0131, \u00c7ar\u015famba g\u00fcn\u00fc KHK \u00f6n\u00fcnde oturma eylemi yapacak -<\/title>\n<meta name=\"robots\" content=\"index, follow, max-snippet:-1, max-image-preview:large, max-video-preview:-1\" \/>\n<link rel=\"canonical\" href=\"https:\/\/kibrisdakik.com\/?p=39436\" \/>\n<meta property=\"og:locale\" content=\"tr_TR\" \/>\n<meta property=\"og:type\" content=\"article\" \/>\n<meta property=\"og:title\" content=\"\u00d6\u011fretmen sendikalar\u0131, \u00c7ar\u015famba g\u00fcn\u00fc KHK \u00f6n\u00fcnde oturma eylemi yapacak -\" \/>\n<meta property=\"og:description\" content=\"KTOE\u00d6S Ba\u015fkan\u0131 Selma Eylem ile KT\u00d6S Genel Sekreteri Burak Mavi\u015f yapt\u0131klar\u0131 ortak a\u00e7\u0131klamada, eylemin gerek\u00e7esinin s\u0131navlar yap\u0131ld\u0131\u011f\u0131 halde bir ay ge\u00e7mesine ra\u011fmen m\u00fcd\u00fcr\/m\u00fcd\u00fcr muavini atamalar\u0131n\u0131n yap\u0131lmamas\u0131 oldu\u011funu belirtti. A\u00e7\u0131klamada, ana okul, ilkokul, ortaokul ve liselerde y\u00fckselme s\u0131nav m\u00fcnhal ve atamalar\u0131n\u0131n en son 2022 y\u0131l\u0131nda yap\u0131ld\u0131\u011f\u0131, ge\u00e7ti\u011fimiz y\u0131l orta e\u011fitimde m\u00fcd\u00fcr\/m\u00fcd\u00fcr muavini nakillerinin de yap\u0131lmad\u0131\u011f\u0131 belirtilerek,\" \/>\n<meta property=\"og:url\" content=\"https:\/\/kibrisdakik.com\/?p=39436\" \/>\n<meta property=\"article:published_time\" content=\"2024-04-23T01:20:21+00:00\" \/>\n<meta property=\"og:image\" content=\"https:\/\/kibrisdakik.com\/wp-content\/uploads\/2024\/04\/ogretmen-sendikalari-carsamba-gunu-khk-onunde-oturma-eylemi-yapacak-1713802538.webp.webp\" \/>\n\t<meta property=\"og:image:width\" content=\"710\" \/>\n\t<meta property=\"og:image:height\" content=\"370\" \/>\n\t<meta property=\"og:image:type\" content=\"image\/webp\" \/>\n<meta name=\"author\" content=\"admin\" \/>\n<meta name=\"twitter:card\" content=\"summary_large_image\" \/>\n<meta name=\"twitter:label1\" content=\"Yazan:\" \/>\n\t<meta name=\"twitter:data1\" content=\"admin\" \/>\n\t<meta name=\"twitter:label2\" content=\"Tahmini okuma s\u00fcresi\" \/>\n\t<meta name=\"twitter:data2\" content=\"1 dakika\" \/>\n<script type=\"application\/ld+json\" class=\"yoast-schema-graph\">{\"@context\":\"https:\\\/\\\/schema.org\",\"@graph\":[{\"@type\":\"Article\",\"@id\":\"https:\\\/\\\/kibrisdakik.com\\\/?p=39436#article\",\"isPartOf\":{\"@id\":\"https:\\\/\\\/kibrisdakik.com\\\/?p=39436\"},\"author\":{\"name\":\"admin\",\"@id\":\"https:\\\/\\\/kibrisdakik.com\\\/#\\\/schema\\\/person\\\/9cd9d437bbb44f72b73ba127e06d8e79\"},\"headline\":\"\u00d6\u011fretmen sendikalar\u0131, \u00c7ar\u015famba g\u00fcn\u00fc KHK \u00f6n\u00fcnde oturma eylemi yapacak\",\"datePublished\":\"2024-04-23T01:20:21+00:00\",\"mainEntityOfPage\":{\"@id\":\"https:\\\/\\\/kibrisdakik.com\\\/?p=39436\"},\"wordCount\":227,\"commentCount\":0,\"image\":{\"@id\":\"https:\\\/\\\/kibrisdakik.com\\\/?p=39436#primaryimage\"},\"thumbnailUrl\":\"https:\\\/\\\/kibrisdakik.com\\\/wp-content\\\/uploads\\\/2024\\\/04\\\/ogretmen-sendikalari-carsamba-gunu-khk-onunde-oturma-eylemi-yapacak-1713802538.webp.webp\",\"articleSection\":[\"Spor\"],\"inLanguage\":\"tr\",\"potentialAction\":[{\"@type\":\"CommentAction\",\"name\":\"Comment\",\"target\":[\"https:\\\/\\\/kibrisdakik.com\\\/?p=39436#respond\"]}]},{\"@type\":\"WebPage\",\"@id\":\"https:\\\/\\\/kibrisdakik.com\\\/?p=39436\",\"url\":\"https:\\\/\\\/kibrisdakik.com\\\/?p=39436\",\"name\":\"\u00d6\u011fretmen sendikalar\u0131, \u00c7ar\u015famba g\u00fcn\u00fc KHK \u00f6n\u00fcnde oturma eylemi yapacak -\",\"isPartOf\":{\"@id\":\"https:\\\/\\\/kibrisdakik.com\\\/#website\"},\"primaryImageOfPage\":{\"@id\":\"https:\\\/\\\/kibrisdakik.com\\\/?p=39436#primaryimage\"},\"image\":{\"@id\":\"https:\\\/\\\/kibrisdakik.com\\\/?p=39436#primaryimage\"},\"thumbnailUrl\":\"https:\\\/\\\/kibrisdakik.com\\\/wp-content\\\/uploads\\\/2024\\\/04\\\/ogretmen-sendikalari-carsamba-gunu-khk-onunde-oturma-eylemi-yapacak-1713802538.webp.webp\",\"datePublished\":\"2024-04-23T01:20:21+00:00\",\"author\":{\"@id\":\"https:\\\/\\\/kibrisdakik.com\\\/#\\\/schema\\\/person\\\/9cd9d437bbb44f72b73ba127e06d8e79\"},\"breadcrumb\":{\"@id\":\"https:\\\/\\\/kibrisdakik.com\\\/?p=39436#breadcrumb\"},\"inLanguage\":\"tr\",\"potentialAction\":[{\"@type\":\"ReadAction\",\"target\":[\"https:\\\/\\\/kibrisdakik.com\\\/?p=39436\"]}]},{\"@type\":\"ImageObject\",\"inLanguage\":\"tr\",\"@id\":\"https:\\\/\\\/kibrisdakik.com\\\/?p=39436#primaryimage\",\"url\":\"https:\\\/\\\/kibrisdakik.com\\\/wp-content\\\/uploads\\\/2024\\\/04\\\/ogretmen-sendikalari-carsamba-gunu-khk-onunde-oturma-eylemi-yapacak-1713802538.webp.webp\",\"contentUrl\":\"https:\\\/\\\/kibrisdakik.com\\\/wp-content\\\/uploads\\\/2024\\\/04\\\/ogretmen-sendikalari-carsamba-gunu-khk-onunde-oturma-eylemi-yapacak-1713802538.webp.webp\",\"width\":710,\"height\":370},{\"@type\":\"BreadcrumbList\",\"@id\":\"https:\\\/\\\/kibrisdakik.com\\\/?p=39436#breadcrumb\",\"itemListElement\":[{\"@type\":\"ListItem\",\"position\":1,\"name\":\"Home\",\"item\":\"https:\\\/\\\/kibrisdakik.com\\\/\"},{\"@type\":\"ListItem\",\"position\":2,\"name\":\"\u00d6\u011fretmen sendikalar\u0131, \u00c7ar\u015famba g\u00fcn\u00fc KHK \u00f6n\u00fcnde oturma eylemi yapacak\"}]},{\"@type\":\"WebSite\",\"@id\":\"https:\\\/\\\/kibrisdakik.com\\\/#website\",\"url\":\"https:\\\/\\\/kibrisdakik.com\\\/\",\"name\":\"\",\"description\":\"Tam vaktinde haber\",\"potentialAction\":[{\"@type\":\"SearchAction\",\"target\":{\"@type\":\"EntryPoint\",\"urlTemplate\":\"https:\\\/\\\/kibrisdakik.com\\\/?s={search_term_string}\"},\"query-input\":{\"@type\":\"PropertyValueSpecification\",\"valueRequired\":true,\"valueName\":\"search_term_string\"}}],\"inLanguage\":\"tr\"},{\"@type\":\"Person\",\"@id\":\"https:\\\/\\\/kibrisdakik.com\\\/#\\\/schema\\\/person\\\/9cd9d437bbb44f72b73ba127e06d8e79\",\"name\":\"admin\",\"image\":{\"@type\":\"ImageObject\",\"inLanguage\":\"tr\",\"@id\":\"https:\\\/\\\/secure.gravatar.com\\\/avatar\\\/ccc17943b9d660506c869530f897617f7cb1c21a4bf30023f252596d83e1f007?s=96&d=mm&r=g\",\"url\":\"https:\\\/\\\/secure.gravatar.com\\\/avatar\\\/ccc17943b9d660506c869530f897617f7cb1c21a4bf30023f252596d83e1f007?s=96&d=mm&r=g\",\"contentUrl\":\"https:\\\/\\\/secure.gravatar.com\\\/avatar\\\/ccc17943b9d660506c869530f897617f7cb1c21a4bf30023f252596d83e1f007?s=96&d=mm&r=g\",\"caption\":\"admin\"},\"sameAs\":[\"https:\\\/\\\/kibrisdakik.com\"],\"url\":\"https:\\\/\\\/kibrisdakik.com\\\/?author=1\"}]}<\/script>\n<!-- \/ Yoast SEO plugin. -->","yoast_head_json":{"title":"\u00d6\u011fretmen sendikalar\u0131, \u00c7ar\u015famba g\u00fcn\u00fc KHK \u00f6n\u00fcnde oturma eylemi yapacak -","robots":{"index":"index","follow":"follow","max-snippet":"max-snippet:-1","max-image-preview":"max-image-preview:large","max-video-preview":"max-video-preview:-1"},"canonical":"https:\/\/kibrisdakik.com\/?p=39436","og_locale":"tr_TR","og_type":"article","og_title":"\u00d6\u011fretmen sendikalar\u0131, \u00c7ar\u015famba g\u00fcn\u00fc KHK \u00f6n\u00fcnde oturma eylemi yapacak -","og_description":"KTOE\u00d6S Ba\u015fkan\u0131 Selma Eylem ile KT\u00d6S Genel Sekreteri Burak Mavi\u015f yapt\u0131klar\u0131 ortak a\u00e7\u0131klamada, eylemin gerek\u00e7esinin s\u0131navlar yap\u0131ld\u0131\u011f\u0131 halde bir ay ge\u00e7mesine ra\u011fmen m\u00fcd\u00fcr\/m\u00fcd\u00fcr muavini atamalar\u0131n\u0131n yap\u0131lmamas\u0131 oldu\u011funu belirtti. A\u00e7\u0131klamada, ana okul, ilkokul, ortaokul ve liselerde y\u00fckselme s\u0131nav m\u00fcnhal ve atamalar\u0131n\u0131n en son 2022 y\u0131l\u0131nda yap\u0131ld\u0131\u011f\u0131, ge\u00e7ti\u011fimiz y\u0131l orta e\u011fitimde m\u00fcd\u00fcr\/m\u00fcd\u00fcr muavini nakillerinin de yap\u0131lmad\u0131\u011f\u0131 belirtilerek,","og_url":"https:\/\/kibrisdakik.com\/?p=39436","article_published_time":"2024-04-23T01:20:21+00:00","og_image":[{"width":710,"height":370,"url":"https:\/\/kibrisdakik.com\/wp-content\/uploads\/2024\/04\/ogretmen-sendikalari-carsamba-gunu-khk-onunde-oturma-eylemi-yapacak-1713802538.webp.webp","type":"image\/webp"}],"author":"admin","twitter_card":"summary_large_image","twitter_misc":{"Yazan:":"admin","Tahmini okuma s\u00fcresi":"1 dakika"},"schema":{"@context":"https:\/\/schema.org","@graph":[{"@type":"Article","@id":"https:\/\/kibrisdakik.com\/?p=39436#article","isPartOf":{"@id":"https:\/\/kibrisdakik.com\/?p=39436"},"author":{"name":"admin","@id":"https:\/\/kibrisdakik.com\/#\/schema\/person\/9cd9d437bbb44f72b73ba127e06d8e79"},"headline":"\u00d6\u011fretmen sendikalar\u0131, \u00c7ar\u015famba g\u00fcn\u00fc KHK \u00f6n\u00fcnde oturma eylemi yapacak","datePublished":"2024-04-23T01:20:21+00:00","mainEntityOfPage":{"@id":"https:\/\/kibrisdakik.com\/?p=39436"},"wordCount":227,"commentCount":0,"image":{"@id":"https:\/\/kibrisdakik.com\/?p=39436#primaryimage"},"thumbnailUrl":"https:\/\/kibrisdakik.com\/wp-content\/uploads\/2024\/04\/ogretmen-sendikalari-carsamba-gunu-khk-onunde-oturma-eylemi-yapacak-1713802538.webp.webp","articleSection":["Spor"],"inLanguage":"tr","potentialAction":[{"@type":"CommentAction","name":"Comment","target":["https:\/\/kibrisdakik.com\/?p=39436#respond"]}]},{"@type":"WebPage","@id":"https:\/\/kibrisdakik.com\/?p=39436","url":"https:\/\/kibrisdakik.com\/?p=39436","name":"\u00d6\u011fretmen sendikalar\u0131, \u00c7ar\u015famba g\u00fcn\u00fc KHK \u00f6n\u00fcnde oturma eylemi yapacak -","isPartOf":{"@id":"https:\/\/kibrisdakik.com\/#website"},"primaryImageOfPage":{"@id":"https:\/\/kibrisdakik.com\/?p=39436#primaryimage"},"image":{"@id":"https:\/\/kibrisdakik.com\/?p=39436#primaryimage"},"thumbnailUrl":"https:\/\/kibrisdakik.com\/wp-content\/uploads\/2024\/04\/ogretmen-sendikalari-carsamba-gunu-khk-onunde-oturma-eylemi-yapacak-1713802538.webp.webp","datePublished":"2024-04-23T01:20:21+00:00","author":{"@id":"https:\/\/kibrisdakik.com\/#\/schema\/person\/9cd9d437bbb44f72b73ba127e06d8e79"},"breadcrumb":{"@id":"https:\/\/kibrisdakik.com\/?p=39436#breadcrumb"},"inLanguage":"tr","potentialAction":[{"@type":"ReadAction","target":["https:\/\/kibrisdakik.com\/?p=39436"]}]},{"@type":"ImageObject","inLanguage":"tr","@id":"https:\/\/kibrisdakik.com\/?p=39436#primaryimage","url":"https:\/\/kibrisdakik.com\/wp-content\/uploads\/2024\/04\/ogretmen-sendikalari-carsamba-gunu-khk-onunde-oturma-eylemi-yapacak-1713802538.webp.webp","contentUrl":"https:\/\/kibrisdakik.com\/wp-content\/uploads\/2024\/04\/ogretmen-sendikalari-carsamba-gunu-khk-onunde-oturma-eylemi-yapacak-1713802538.webp.webp","width":710,"height":370},{"@type":"BreadcrumbList","@id":"https:\/\/kibrisdakik.com\/?p=39436#breadcrumb","itemListElement":[{"@type":"ListItem","position":1,"name":"Home","item":"https:\/\/kibrisdakik.com\/"},{"@type":"ListItem","position":2,"name":"\u00d6\u011fretmen sendikalar\u0131, \u00c7ar\u015famba g\u00fcn\u00fc KHK \u00f6n\u00fcnde oturma eylemi yapacak"}]},{"@type":"WebSite","@id":"https:\/\/kibrisdakik.com\/#website","url":"https:\/\/kibrisdakik.com\/","name":"","description":"Tam vaktinde haber","potentialAction":[{"@type":"SearchAction","target":{"@type":"EntryPoint","urlTemplate":"https:\/\/kibrisdakik.com\/?s={search_term_string}"},"query-input":{"@type":"PropertyValueSpecification","valueRequired":true,"valueName":"search_term_string"}}],"inLanguage":"tr"},{"@type":"Person","@id":"https:\/\/kibrisdakik.com\/#\/schema\/person\/9cd9d437bbb44f72b73ba127e06d8e79","name":"admin","image":{"@type":"ImageObject","inLanguage":"tr","@id":"https:\/\/secure.gravatar.com\/avatar\/ccc17943b9d660506c869530f897617f7cb1c21a4bf30023f252596d83e1f007?s=96&d=mm&r=g","url":"https:\/\/secure.gravatar.com\/avatar\/ccc17943b9d660506c869530f897617f7cb1c21a4bf30023f252596d83e1f007?s=96&d=mm&r=g","contentUrl":"https:\/\/secure.gravatar.com\/avatar\/ccc17943b9d660506c869530f897617f7cb1c21a4bf30023f252596d83e1f007?s=96&d=mm&r=g","caption":"admin"},"sameAs":["https:\/\/kibrisdakik.com"],"url":"https:\/\/kibrisdakik.com\/?author=1"}]}},"_links":{"self":[{"href":"https:\/\/kibrisdakik.com\/index.php?rest_route=\/wp\/v2\/posts\/39436","targetHints":{"allow":["GET"]}}],"collection":[{"href":"https:\/\/kibrisdakik.com\/index.php?rest_route=\/wp\/v2\/posts"}],"about":[{"href":"https:\/\/kibrisdakik.com\/index.php?rest_route=\/wp\/v2\/types\/post"}],"author":[{"embeddable":true,"href":"https:\/\/kibrisdakik.com\/index.php?rest_route=\/wp\/v2\/users\/1"}],"replies":[{"embeddable":true,"href":"https:\/\/kibrisdakik.com\/index.php?rest_route=%2Fwp%2Fv2%2Fcomments&post=39436"}],"version-history":[{"count":0,"href":"https:\/\/kibrisdakik.com\/index.php?rest_route=\/wp\/v2\/posts\/39436\/revisions"}],"wp:featuredmedia":[{"embeddable":true,"href":"https:\/\/kibrisdakik.com\/index.php?rest_route=\/wp\/v2\/media\/39437"}],"wp:attachment":[{"href":"https:\/\/kibrisdakik.com\/index.php?rest_route=%2Fwp%2Fv2%2Fmedia&parent=39436"}],"wp:term":[{"taxonomy":"category","embeddable":true,"href":"https:\/\/kibrisdakik.com\/index.php?rest_route=%2Fwp%2Fv2%2Fcategories&post=39436"},{"taxonomy":"post_tag","embeddable":true,"href":"https:\/\/kibrisdakik.com\/index.php?rest_route=%2Fwp%2Fv2%2Ftags&post=39436"}],"curies":[{"name":"wp","href":"https:\/\/api.w.org\/{rel}","templated":true}]}}