{"id":39475,"date":"2024-04-23T07:36:02","date_gmt":"2024-04-23T07:36:02","guid":{"rendered":"https:\/\/kibrisdakik.com\/index.php\/2024\/04\/23\/ozcinar-23-nisan-kutlama-torenine-katildi\/"},"modified":"2024-04-23T07:36:02","modified_gmt":"2024-04-23T07:36:02","slug":"ozcinar-23-nisan-kutlama-torenine-katildi","status":"publish","type":"post","link":"https:\/\/kibrisdakik.com\/?p=39475","title":{"rendered":"\u00d6z\u00e7\u0131nar 23 Nisan kutlama t\u00f6renine kat\u0131ld\u0131"},"content":{"rendered":"<p><\/p>\n<div>\n<div class=\"mariselle-image-container center\">\n                <img loading=\"lazy\" decoding=\"async\" width=\"2560\" height=\"1700\" class=\"lazy-image\" alt=\"\" sizes=\"auto, (max-width: 2560px) 100vw, 2560px\" src=\"https:\/\/brtk.net\/wp-content\/uploads\/2024\/04\/23\/guzelyurt-belediyesi-toren-1-scaled.jpg?ver=af000b7c8347d0cec1a39fa7b6c3fdd0\" srcset=\"https:\/\/brtk.net\/wp-content\/uploads\/2024\/04\/23\/guzelyurt-belediyesi-toren-1-scaled.jpg?ver=af000b7c8347d0cec1a39fa7b6c3fdd0 2560w, https:\/\/brtk.net\/wp-content\/uploads\/2024\/04\/23\/guzelyurt-belediyesi-toren-1-300x199.jpg?ver=af000b7c8347d0cec1a39fa7b6c3fdd0 300w, https:\/\/brtk.net\/wp-content\/uploads\/2024\/04\/23\/guzelyurt-belediyesi-toren-1-1024x680.jpg?ver=660cb0564d13d7c723552b6dde5e2105 1024w, https:\/\/brtk.net\/wp-content\/uploads\/2024\/04\/23\/guzelyurt-belediyesi-toren-1-768x510.jpg?ver=ab000fe46034232be9d0e4ca7dae34bf 768w, https:\/\/brtk.net\/wp-content\/uploads\/2024\/04\/23\/guzelyurt-belediyesi-toren-1-1536x1020.jpg?ver=cd6be6e30c681fd9e0668d19a6c96813 1536w, https:\/\/brtk.net\/wp-content\/uploads\/2024\/04\/23\/guzelyurt-belediyesi-toren-1-2048x1360.jpg?ver=c483429cd9a592653f226640e90721da 2048w\"\/>                            <\/div>\n<p>G\u00fczelyurt Belediye Ba\u015fkan\u0131 Mahmut \u00d6z\u00e7\u0131nar bug\u00fcn saat 09.00\u2019da 23 Nisan Ulusal Egemenlik ve \u00c7ocuk Bayram\u0131 m\u00fcnasebetiyle G\u00fczelyurt Kaymakaml\u0131\u011f\u0131 kar\u015f\u0131s\u0131ndaki Atat\u00fcrk An\u0131t\u0131 \u00f6n\u00fcnde d\u00fczenlenen kutlama t\u00f6renine kat\u0131ld\u0131.<\/p>\n<div class=\"mariselle-image-container center\">\n                <img loading=\"lazy\" decoding=\"async\" width=\"2560\" height=\"1700\" class=\"lazy-image\" alt=\"\" sizes=\"auto, (max-width: 2560px) 100vw, 2560px\" src=\"https:\/\/brtk.net\/wp-content\/uploads\/2024\/04\/23\/gb-toren-3-scaled.jpg?ver=b221ca9563b51de78e8fb0758c67cf71\" srcset=\"https:\/\/brtk.net\/wp-content\/uploads\/2024\/04\/23\/gb-toren-3-scaled.jpg?ver=b221ca9563b51de78e8fb0758c67cf71 2560w, https:\/\/brtk.net\/wp-content\/uploads\/2024\/04\/23\/gb-toren-3-300x199.jpg?ver=4097050030c44b90f1ac166ce70748bc 300w, https:\/\/brtk.net\/wp-content\/uploads\/2024\/04\/23\/gb-toren-3-1024x680.jpg?ver=b2586c65abe309959d8731925a3bd419 1024w, https:\/\/brtk.net\/wp-content\/uploads\/2024\/04\/23\/gb-toren-3-768x510.jpg?ver=dcad3f7324feb8a38949088311fcfb97 768w, https:\/\/brtk.net\/wp-content\/uploads\/2024\/04\/23\/gb-toren-3-1536x1020.jpg?ver=291a872d4c10e18e2de2450e9ee83445 1536w, https:\/\/brtk.net\/wp-content\/uploads\/2024\/04\/23\/gb-toren-3-2048x1360.jpg?ver=4b28965f0419a1bd04cfa79569556932 2048w\"\/>                            <\/div>\n<div class=\"mariselle-image-container center\">\n                <img loading=\"lazy\" decoding=\"async\" width=\"2560\" height=\"1700\" class=\"lazy-image\" alt=\"\" sizes=\"auto, (max-width: 2560px) 100vw, 2560px\" src=\"https:\/\/brtk.net\/wp-content\/uploads\/2024\/04\/23\/gb-toen-2-scaled.jpg?ver=7de0007d7effe8680b8259098d06c37f\" srcset=\"https:\/\/brtk.net\/wp-content\/uploads\/2024\/04\/23\/gb-toen-2-scaled.jpg?ver=7de0007d7effe8680b8259098d06c37f 2560w, https:\/\/brtk.net\/wp-content\/uploads\/2024\/04\/23\/gb-toen-2-300x199.jpg?ver=7de0007d7effe8680b8259098d06c37f 300w, https:\/\/brtk.net\/wp-content\/uploads\/2024\/04\/23\/gb-toen-2-1024x680.jpg?ver=abb14f77863342fcbdbd46ebe1a44eab 1024w, https:\/\/brtk.net\/wp-content\/uploads\/2024\/04\/23\/gb-toen-2-768x510.jpg?ver=871931181e036ee592cbc36dd687ad73 768w, https:\/\/brtk.net\/wp-content\/uploads\/2024\/04\/23\/gb-toen-2-1536x1020.jpg?ver=e756e980e12a3d33a7de3d8cb41745b1 1536w, https:\/\/brtk.net\/wp-content\/uploads\/2024\/04\/23\/gb-toen-2-2048x1360.jpg?ver=ea66ef5c9d90d130da8b69e760bc7afa 2048w\"\/>                            <\/div>\n<p>Belediye\u2019den yap\u0131lan a\u00e7\u0131klamaya g\u00f6re, protokol s\u0131ras\u0131na g\u00f6re an\u0131ta \u00e7elenklerin konulmas\u0131yla ba\u015flayan t\u00f6rende 1 dakikal\u0131k sayg\u0131 duru\u015fu, sayg\u0131 at\u0131\u015f\u0131n\u0131n ard\u0131ndan \u0130stiklal Mar\u015f\u0131 e\u015fli\u011finde bayraklar g\u00f6ndere \u00e7ekildi.<\/p>\n<p>T\u00f6ren g\u00fcn\u00fcn anlam ve \u00f6nemini belirten konu\u015fmalar\u0131n ve \u015fiir okunmas\u0131n\u0131n ard\u0131ndan sona erdi.<\/p>\n<\/p><\/div>\n<p><script async\n                    defer\n                    crossorigin=\"anonymous\"\n                    src=\"https:\/\/connect.facebook.net\/tr_TR\/sdk.js#xfbml=1&#038;version=v3.3\"\n            ><\/script><\/p>\n","protected":false},"excerpt":{"rendered":"<p>G\u00fczelyurt Belediye Ba\u015fkan\u0131 Mahmut \u00d6z\u00e7\u0131nar bug\u00fcn saat 09.00\u2019da 23 Nisan Ulusal Egemenlik ve \u00c7ocuk Bayram\u0131 m\u00fcnasebetiyle G\u00fczelyurt Kaymakaml\u0131\u011f\u0131 kar\u015f\u0131s\u0131ndaki Atat\u00fcrk An\u0131t\u0131 \u00f6n\u00fcnde d\u00fczenlenen kutlama t\u00f6renine kat\u0131ld\u0131. Belediye\u2019den yap\u0131lan a\u00e7\u0131klamaya g\u00f6re, protokol s\u0131ras\u0131na g\u00f6re an\u0131ta \u00e7elenklerin konulmas\u0131yla ba\u015flayan t\u00f6rende 1 dakikal\u0131k sayg\u0131 duru\u015fu, sayg\u0131 at\u0131\u015f\u0131n\u0131n ard\u0131ndan \u0130stiklal Mar\u015f\u0131 e\u015fli\u011finde bayraklar g\u00f6ndere \u00e7ekildi. T\u00f6ren g\u00fcn\u00fcn anlam ve<\/p>\n","protected":false},"author":1,"featured_media":39476,"comment_status":"open","ping_status":"open","sticky":false,"template":"","format":"standard","meta":{"footnotes":""},"categories":[1],"tags":[],"class_list":["post-39475","post","type-post","status-publish","format-standard","has-post-thumbnail","hentry","category-gundem"],"yoast_head":"<!-- This site is optimized with the Yoast SEO plugin v27.4 - https:\/\/yoast.com\/product\/yoast-seo-wordpress\/ -->\n<title>\u00d6z\u00e7\u0131nar 23 Nisan kutlama t\u00f6renine kat\u0131ld\u0131 -<\/title>\n<meta name=\"robots\" content=\"index, follow, max-snippet:-1, max-image-preview:large, max-video-preview:-1\" \/>\n<link rel=\"canonical\" href=\"https:\/\/kibrisdakik.com\/?p=39475\" \/>\n<meta property=\"og:locale\" content=\"tr_TR\" \/>\n<meta property=\"og:type\" content=\"article\" \/>\n<meta property=\"og:title\" content=\"\u00d6z\u00e7\u0131nar 23 Nisan kutlama t\u00f6renine kat\u0131ld\u0131 -\" \/>\n<meta property=\"og:description\" content=\"G\u00fczelyurt Belediye Ba\u015fkan\u0131 Mahmut \u00d6z\u00e7\u0131nar bug\u00fcn saat 09.00\u2019da 23 Nisan Ulusal Egemenlik ve \u00c7ocuk Bayram\u0131 m\u00fcnasebetiyle G\u00fczelyurt Kaymakaml\u0131\u011f\u0131 kar\u015f\u0131s\u0131ndaki Atat\u00fcrk An\u0131t\u0131 \u00f6n\u00fcnde d\u00fczenlenen kutlama t\u00f6renine kat\u0131ld\u0131. Belediye\u2019den yap\u0131lan a\u00e7\u0131klamaya g\u00f6re, protokol s\u0131ras\u0131na g\u00f6re an\u0131ta \u00e7elenklerin konulmas\u0131yla ba\u015flayan t\u00f6rende 1 dakikal\u0131k sayg\u0131 duru\u015fu, sayg\u0131 at\u0131\u015f\u0131n\u0131n ard\u0131ndan \u0130stiklal Mar\u015f\u0131 e\u015fli\u011finde bayraklar g\u00f6ndere \u00e7ekildi. T\u00f6ren g\u00fcn\u00fcn anlam ve\" \/>\n<meta property=\"og:url\" content=\"https:\/\/kibrisdakik.com\/?p=39475\" \/>\n<meta property=\"article:published_time\" content=\"2024-04-23T07:36:02+00:00\" \/>\n<meta property=\"og:image\" content=\"https:\/\/kibrisdakik.com\/wp-content\/uploads\/2024\/04\/guzelyurt-belediyesi-toren-1-scaled-740x420.jpg\" \/>\n\t<meta property=\"og:image:width\" content=\"2560\" \/>\n\t<meta property=\"og:image:height\" content=\"1700\" \/>\n\t<meta property=\"og:image:type\" content=\"image\/jpeg\" \/>\n<meta name=\"author\" content=\"admin\" \/>\n<meta name=\"twitter:card\" content=\"summary_large_image\" \/>\n<meta name=\"twitter:label1\" content=\"Yazan:\" \/>\n\t<meta name=\"twitter:data1\" content=\"admin\" \/>\n\t<meta name=\"twitter:label2\" content=\"Tahmini okuma s\u00fcresi\" \/>\n\t<meta name=\"twitter:data2\" content=\"1 dakika\" \/>\n<script type=\"application\/ld+json\" class=\"yoast-schema-graph\">{\"@context\":\"https:\\\/\\\/schema.org\",\"@graph\":[{\"@type\":\"Article\",\"@id\":\"https:\\\/\\\/kibrisdakik.com\\\/?p=39475#article\",\"isPartOf\":{\"@id\":\"https:\\\/\\\/kibrisdakik.com\\\/?p=39475\"},\"author\":{\"name\":\"admin\",\"@id\":\"https:\\\/\\\/kibrisdakik.com\\\/#\\\/schema\\\/person\\\/9cd9d437bbb44f72b73ba127e06d8e79\"},\"headline\":\"\u00d6z\u00e7\u0131nar 23 Nisan kutlama t\u00f6renine kat\u0131ld\u0131\",\"datePublished\":\"2024-04-23T07:36:02+00:00\",\"mainEntityOfPage\":{\"@id\":\"https:\\\/\\\/kibrisdakik.com\\\/?p=39475\"},\"wordCount\":111,\"commentCount\":0,\"image\":{\"@id\":\"https:\\\/\\\/kibrisdakik.com\\\/?p=39475#primaryimage\"},\"thumbnailUrl\":\"https:\\\/\\\/kibrisdakik.com\\\/wp-content\\\/uploads\\\/2024\\\/04\\\/guzelyurt-belediyesi-toren-1-scaled-740x420.jpg\",\"articleSection\":[\"G\u00fcndem\"],\"inLanguage\":\"tr\",\"potentialAction\":[{\"@type\":\"CommentAction\",\"name\":\"Comment\",\"target\":[\"https:\\\/\\\/kibrisdakik.com\\\/?p=39475#respond\"]}]},{\"@type\":\"WebPage\",\"@id\":\"https:\\\/\\\/kibrisdakik.com\\\/?p=39475\",\"url\":\"https:\\\/\\\/kibrisdakik.com\\\/?p=39475\",\"name\":\"\u00d6z\u00e7\u0131nar 23 Nisan kutlama t\u00f6renine kat\u0131ld\u0131 -\",\"isPartOf\":{\"@id\":\"https:\\\/\\\/kibrisdakik.com\\\/#website\"},\"primaryImageOfPage\":{\"@id\":\"https:\\\/\\\/kibrisdakik.com\\\/?p=39475#primaryimage\"},\"image\":{\"@id\":\"https:\\\/\\\/kibrisdakik.com\\\/?p=39475#primaryimage\"},\"thumbnailUrl\":\"https:\\\/\\\/kibrisdakik.com\\\/wp-content\\\/uploads\\\/2024\\\/04\\\/guzelyurt-belediyesi-toren-1-scaled-740x420.jpg\",\"datePublished\":\"2024-04-23T07:36:02+00:00\",\"author\":{\"@id\":\"https:\\\/\\\/kibrisdakik.com\\\/#\\\/schema\\\/person\\\/9cd9d437bbb44f72b73ba127e06d8e79\"},\"breadcrumb\":{\"@id\":\"https:\\\/\\\/kibrisdakik.com\\\/?p=39475#breadcrumb\"},\"inLanguage\":\"tr\",\"potentialAction\":[{\"@type\":\"ReadAction\",\"target\":[\"https:\\\/\\\/kibrisdakik.com\\\/?p=39475\"]}]},{\"@type\":\"ImageObject\",\"inLanguage\":\"tr\",\"@id\":\"https:\\\/\\\/kibrisdakik.com\\\/?p=39475#primaryimage\",\"url\":\"https:\\\/\\\/kibrisdakik.com\\\/wp-content\\\/uploads\\\/2024\\\/04\\\/guzelyurt-belediyesi-toren-1-scaled-740x420.jpg\",\"contentUrl\":\"https:\\\/\\\/kibrisdakik.com\\\/wp-content\\\/uploads\\\/2024\\\/04\\\/guzelyurt-belediyesi-toren-1-scaled-740x420.jpg\",\"width\":2560,\"height\":1700},{\"@type\":\"BreadcrumbList\",\"@id\":\"https:\\\/\\\/kibrisdakik.com\\\/?p=39475#breadcrumb\",\"itemListElement\":[{\"@type\":\"ListItem\",\"position\":1,\"name\":\"Home\",\"item\":\"https:\\\/\\\/kibrisdakik.com\\\/\"},{\"@type\":\"ListItem\",\"position\":2,\"name\":\"\u00d6z\u00e7\u0131nar 23 Nisan kutlama t\u00f6renine kat\u0131ld\u0131\"}]},{\"@type\":\"WebSite\",\"@id\":\"https:\\\/\\\/kibrisdakik.com\\\/#website\",\"url\":\"https:\\\/\\\/kibrisdakik.com\\\/\",\"name\":\"\",\"description\":\"Tam vaktinde haber\",\"potentialAction\":[{\"@type\":\"SearchAction\",\"target\":{\"@type\":\"EntryPoint\",\"urlTemplate\":\"https:\\\/\\\/kibrisdakik.com\\\/?s={search_term_string}\"},\"query-input\":{\"@type\":\"PropertyValueSpecification\",\"valueRequired\":true,\"valueName\":\"search_term_string\"}}],\"inLanguage\":\"tr\"},{\"@type\":\"Person\",\"@id\":\"https:\\\/\\\/kibrisdakik.com\\\/#\\\/schema\\\/person\\\/9cd9d437bbb44f72b73ba127e06d8e79\",\"name\":\"admin\",\"image\":{\"@type\":\"ImageObject\",\"inLanguage\":\"tr\",\"@id\":\"https:\\\/\\\/secure.gravatar.com\\\/avatar\\\/ccc17943b9d660506c869530f897617f7cb1c21a4bf30023f252596d83e1f007?s=96&d=mm&r=g\",\"url\":\"https:\\\/\\\/secure.gravatar.com\\\/avatar\\\/ccc17943b9d660506c869530f897617f7cb1c21a4bf30023f252596d83e1f007?s=96&d=mm&r=g\",\"contentUrl\":\"https:\\\/\\\/secure.gravatar.com\\\/avatar\\\/ccc17943b9d660506c869530f897617f7cb1c21a4bf30023f252596d83e1f007?s=96&d=mm&r=g\",\"caption\":\"admin\"},\"sameAs\":[\"https:\\\/\\\/kibrisdakik.com\"],\"url\":\"https:\\\/\\\/kibrisdakik.com\\\/?author=1\"}]}<\/script>\n<!-- \/ Yoast SEO plugin. -->","yoast_head_json":{"title":"\u00d6z\u00e7\u0131nar 23 Nisan kutlama t\u00f6renine kat\u0131ld\u0131 -","robots":{"index":"index","follow":"follow","max-snippet":"max-snippet:-1","max-image-preview":"max-image-preview:large","max-video-preview":"max-video-preview:-1"},"canonical":"https:\/\/kibrisdakik.com\/?p=39475","og_locale":"tr_TR","og_type":"article","og_title":"\u00d6z\u00e7\u0131nar 23 Nisan kutlama t\u00f6renine kat\u0131ld\u0131 -","og_description":"G\u00fczelyurt Belediye Ba\u015fkan\u0131 Mahmut \u00d6z\u00e7\u0131nar bug\u00fcn saat 09.00\u2019da 23 Nisan Ulusal Egemenlik ve \u00c7ocuk Bayram\u0131 m\u00fcnasebetiyle G\u00fczelyurt Kaymakaml\u0131\u011f\u0131 kar\u015f\u0131s\u0131ndaki Atat\u00fcrk An\u0131t\u0131 \u00f6n\u00fcnde d\u00fczenlenen kutlama t\u00f6renine kat\u0131ld\u0131. Belediye\u2019den yap\u0131lan a\u00e7\u0131klamaya g\u00f6re, protokol s\u0131ras\u0131na g\u00f6re an\u0131ta \u00e7elenklerin konulmas\u0131yla ba\u015flayan t\u00f6rende 1 dakikal\u0131k sayg\u0131 duru\u015fu, sayg\u0131 at\u0131\u015f\u0131n\u0131n ard\u0131ndan \u0130stiklal Mar\u015f\u0131 e\u015fli\u011finde bayraklar g\u00f6ndere \u00e7ekildi. T\u00f6ren g\u00fcn\u00fcn anlam ve","og_url":"https:\/\/kibrisdakik.com\/?p=39475","article_published_time":"2024-04-23T07:36:02+00:00","og_image":[{"width":2560,"height":1700,"url":"https:\/\/kibrisdakik.com\/wp-content\/uploads\/2024\/04\/guzelyurt-belediyesi-toren-1-scaled-740x420.jpg","type":"image\/jpeg"}],"author":"admin","twitter_card":"summary_large_image","twitter_misc":{"Yazan:":"admin","Tahmini okuma s\u00fcresi":"1 dakika"},"schema":{"@context":"https:\/\/schema.org","@graph":[{"@type":"Article","@id":"https:\/\/kibrisdakik.com\/?p=39475#article","isPartOf":{"@id":"https:\/\/kibrisdakik.com\/?p=39475"},"author":{"name":"admin","@id":"https:\/\/kibrisdakik.com\/#\/schema\/person\/9cd9d437bbb44f72b73ba127e06d8e79"},"headline":"\u00d6z\u00e7\u0131nar 23 Nisan kutlama t\u00f6renine kat\u0131ld\u0131","datePublished":"2024-04-23T07:36:02+00:00","mainEntityOfPage":{"@id":"https:\/\/kibrisdakik.com\/?p=39475"},"wordCount":111,"commentCount":0,"image":{"@id":"https:\/\/kibrisdakik.com\/?p=39475#primaryimage"},"thumbnailUrl":"https:\/\/kibrisdakik.com\/wp-content\/uploads\/2024\/04\/guzelyurt-belediyesi-toren-1-scaled-740x420.jpg","articleSection":["G\u00fcndem"],"inLanguage":"tr","potentialAction":[{"@type":"CommentAction","name":"Comment","target":["https:\/\/kibrisdakik.com\/?p=39475#respond"]}]},{"@type":"WebPage","@id":"https:\/\/kibrisdakik.com\/?p=39475","url":"https:\/\/kibrisdakik.com\/?p=39475","name":"\u00d6z\u00e7\u0131nar 23 Nisan kutlama t\u00f6renine kat\u0131ld\u0131 -","isPartOf":{"@id":"https:\/\/kibrisdakik.com\/#website"},"primaryImageOfPage":{"@id":"https:\/\/kibrisdakik.com\/?p=39475#primaryimage"},"image":{"@id":"https:\/\/kibrisdakik.com\/?p=39475#primaryimage"},"thumbnailUrl":"https:\/\/kibrisdakik.com\/wp-content\/uploads\/2024\/04\/guzelyurt-belediyesi-toren-1-scaled-740x420.jpg","datePublished":"2024-04-23T07:36:02+00:00","author":{"@id":"https:\/\/kibrisdakik.com\/#\/schema\/person\/9cd9d437bbb44f72b73ba127e06d8e79"},"breadcrumb":{"@id":"https:\/\/kibrisdakik.com\/?p=39475#breadcrumb"},"inLanguage":"tr","potentialAction":[{"@type":"ReadAction","target":["https:\/\/kibrisdakik.com\/?p=39475"]}]},{"@type":"ImageObject","inLanguage":"tr","@id":"https:\/\/kibrisdakik.com\/?p=39475#primaryimage","url":"https:\/\/kibrisdakik.com\/wp-content\/uploads\/2024\/04\/guzelyurt-belediyesi-toren-1-scaled-740x420.jpg","contentUrl":"https:\/\/kibrisdakik.com\/wp-content\/uploads\/2024\/04\/guzelyurt-belediyesi-toren-1-scaled-740x420.jpg","width":2560,"height":1700},{"@type":"BreadcrumbList","@id":"https:\/\/kibrisdakik.com\/?p=39475#breadcrumb","itemListElement":[{"@type":"ListItem","position":1,"name":"Home","item":"https:\/\/kibrisdakik.com\/"},{"@type":"ListItem","position":2,"name":"\u00d6z\u00e7\u0131nar 23 Nisan kutlama t\u00f6renine kat\u0131ld\u0131"}]},{"@type":"WebSite","@id":"https:\/\/kibrisdakik.com\/#website","url":"https:\/\/kibrisdakik.com\/","name":"","description":"Tam vaktinde haber","potentialAction":[{"@type":"SearchAction","target":{"@type":"EntryPoint","urlTemplate":"https:\/\/kibrisdakik.com\/?s={search_term_string}"},"query-input":{"@type":"PropertyValueSpecification","valueRequired":true,"valueName":"search_term_string"}}],"inLanguage":"tr"},{"@type":"Person","@id":"https:\/\/kibrisdakik.com\/#\/schema\/person\/9cd9d437bbb44f72b73ba127e06d8e79","name":"admin","image":{"@type":"ImageObject","inLanguage":"tr","@id":"https:\/\/secure.gravatar.com\/avatar\/ccc17943b9d660506c869530f897617f7cb1c21a4bf30023f252596d83e1f007?s=96&d=mm&r=g","url":"https:\/\/secure.gravatar.com\/avatar\/ccc17943b9d660506c869530f897617f7cb1c21a4bf30023f252596d83e1f007?s=96&d=mm&r=g","contentUrl":"https:\/\/secure.gravatar.com\/avatar\/ccc17943b9d660506c869530f897617f7cb1c21a4bf30023f252596d83e1f007?s=96&d=mm&r=g","caption":"admin"},"sameAs":["https:\/\/kibrisdakik.com"],"url":"https:\/\/kibrisdakik.com\/?author=1"}]}},"_links":{"self":[{"href":"https:\/\/kibrisdakik.com\/index.php?rest_route=\/wp\/v2\/posts\/39475","targetHints":{"allow":["GET"]}}],"collection":[{"href":"https:\/\/kibrisdakik.com\/index.php?rest_route=\/wp\/v2\/posts"}],"about":[{"href":"https:\/\/kibrisdakik.com\/index.php?rest_route=\/wp\/v2\/types\/post"}],"author":[{"embeddable":true,"href":"https:\/\/kibrisdakik.com\/index.php?rest_route=\/wp\/v2\/users\/1"}],"replies":[{"embeddable":true,"href":"https:\/\/kibrisdakik.com\/index.php?rest_route=%2Fwp%2Fv2%2Fcomments&post=39475"}],"version-history":[{"count":0,"href":"https:\/\/kibrisdakik.com\/index.php?rest_route=\/wp\/v2\/posts\/39475\/revisions"}],"wp:featuredmedia":[{"embeddable":true,"href":"https:\/\/kibrisdakik.com\/index.php?rest_route=\/wp\/v2\/media\/39476"}],"wp:attachment":[{"href":"https:\/\/kibrisdakik.com\/index.php?rest_route=%2Fwp%2Fv2%2Fmedia&parent=39475"}],"wp:term":[{"taxonomy":"category","embeddable":true,"href":"https:\/\/kibrisdakik.com\/index.php?rest_route=%2Fwp%2Fv2%2Fcategories&post=39475"},{"taxonomy":"post_tag","embeddable":true,"href":"https:\/\/kibrisdakik.com\/index.php?rest_route=%2Fwp%2Fv2%2Ftags&post=39475"}],"curies":[{"name":"wp","href":"https:\/\/api.w.org\/{rel}","templated":true}]}}