{"id":39481,"date":"2024-04-23T08:37:25","date_gmt":"2024-04-23T08:37:25","guid":{"rendered":"https:\/\/kibrisdakik.com\/index.php\/2024\/04\/23\/23-nisan-ulusal-egemenlik-ve-cocuk-bayrami-torenlerle-kutlaniyor-lefkosa-ataturk-aniti-onunde-toren-duzenlendi\/"},"modified":"2024-04-23T08:37:25","modified_gmt":"2024-04-23T08:37:25","slug":"23-nisan-ulusal-egemenlik-ve-cocuk-bayrami-torenlerle-kutlaniyor-lefkosa-ataturk-aniti-onunde-toren-duzenlendi","status":"publish","type":"post","link":"https:\/\/kibrisdakik.com\/?p=39481","title":{"rendered":"23 Nisan Ulusal Egemenlik ve \u00c7ocuk Bayram\u0131 t\u00f6renlerle kutlan\u0131yor\u2026 Lefko\u015fa Atat\u00fcrk An\u0131t\u0131 \u00f6n\u00fcnde t\u00f6ren d\u00fczenlendi"},"content":{"rendered":"<p><\/p>\n<div>\n<div class=\"mariselle-image-container center\">\n                <img loading=\"lazy\" decoding=\"async\" width=\"1600\" height=\"1066\" class=\"lazy-image\" alt=\"\" sizes=\"auto, (max-width: 1600px) 100vw, 1600px\" src=\"https:\/\/brtk.net\/wp-content\/uploads\/2024\/04\/23\/23-nisan-toren-4-.jpeg?ver=cb94861111cce0f25d9e6ab705b6c45a\" srcset=\"https:\/\/brtk.net\/wp-content\/uploads\/2024\/04\/23\/23-nisan-toren-4-.jpeg?ver=cb94861111cce0f25d9e6ab705b6c45a 1600w, https:\/\/brtk.net\/wp-content\/uploads\/2024\/04\/23\/23-nisan-toren-4--300x200.jpeg?ver=52ef04c5e563ca19c4d94499ef4671b7 300w, https:\/\/brtk.net\/wp-content\/uploads\/2024\/04\/23\/23-nisan-toren-4--1024x682.jpeg?ver=52ef04c5e563ca19c4d94499ef4671b7 1024w, https:\/\/brtk.net\/wp-content\/uploads\/2024\/04\/23\/23-nisan-toren-4--768x512.jpeg?ver=52ef04c5e563ca19c4d94499ef4671b7 768w, https:\/\/brtk.net\/wp-content\/uploads\/2024\/04\/23\/23-nisan-toren-4--1536x1023.jpeg?ver=fe21b3a51f53ab4d25fc944b846c5196 1536w\"\/>                            <\/div>\n<p>23 Nisan Ulusal Egemenlik ve \u00c7ocuk Bayram\u0131 <a href=\"https:\/\/brtk.net\/\">KKTC<\/a>\u2018de t\u00f6renlerle kutlan\u0131yor.<\/p>\n<p>Kutlamalar kapsam\u0131nda bu sabah Lefko\u015fa Atat\u00fcrk An\u0131t\u0131 \u00f6n\u00fcnde t\u00f6ren d\u00fczenlendi.<\/p>\n<p>T\u00f6rene, Cumhurba\u015fkan\u0131 <a href=\"https:\/\/brtk.net\/\" target=\"_blank\" rel=\"noopener\"><a href=\"https:\/\/brtk.net\/\" target=\"_blank\" rel=\"noopener\">Ersin <\/a><a href=\"https:\/\/brtk.net\/\"\/><a href=\"https:\/\/brtk.net\/\"\/><a href=\"https:\/\/brtk.net\/\"\/><a href=\"https:\/\/brtk.net\/\"\/><a href=\"https:\/\/brtk.net\/\"\/><a href=\"https:\/\/brtk.net\/\">Tatar<\/a>, Meclis Ba\u015fkan\u0131 Zorlu T\u00f6re, Ba\u015fbakan \u00dcnal \u00dcstel, Y\u00fcksek Mahkeme Ba\u015fkan\u0131 Narin Ferdi \u015eefik, 2\u2019nci Cumhurba\u015fkan\u0131 Mehmet Ali Talat, T\u00fcrkiye Cumhuriyeti Lefko\u015fa B\u00fcy\u00fckel\u00e7isi Metin Feyzio\u011flu, KTBK Komutan\u0131 T\u00fcmgeneral Sebahattin K\u0131l\u0131n\u00e7, GKK Komutan\u0131 T\u00fcmgeneral Osman Ayta\u00e7, Ana Muhalefet Cumhuriyet\u00e7i T\u00fcrk Partisi Genel Ba\u015fkan\u0131 Tufan Erh\u00fcrman, bakanlar, milletvekilleri ve di\u011fer kurum, kurulu\u015f, siyasi parti, dernek yetkilileri kat\u0131ld\u0131.<\/p>\n<p>T\u00f6rende, protokol s\u0131ras\u0131na g\u00f6re \u00e7elenkler an\u0131ta sunuldu, sayg\u0131 duru\u015fu yap\u0131ld\u0131, \u0130stiklal Mar\u015f\u0131 okundu.<\/p>\n<p>\u2013<a href=\"https:\/\/brtk.net\/\"\/><a href=\"https:\/\/brtk.net\/\"\/><a href=\"https:\/\/brtk.net\/\"\/><a href=\"https:\/\/brtk.net\/\"\/><a href=\"https:\/\/brtk.net\/\"\/><a href=\"https:\/\/brtk.net\/\">Tatar<\/a>: \u201c\u00c7ocuklar bizlerin en de\u011ferli varl\u0131klar\u0131\u201d<\/p>\n<div class=\"mariselle-image-container center\">\n                <img loading=\"lazy\" decoding=\"async\" width=\"1600\" height=\"1066\" class=\"lazy-image\" alt=\"\" sizes=\"auto, (max-width: 1600px) 100vw, 1600px\" src=\"https:\/\/brtk.net\/wp-content\/uploads\/2024\/04\/23\/23-nisan-toren-3-.jpeg?ver=0940e33cf24e2afadd9b589f0ca08512\" srcset=\"https:\/\/brtk.net\/wp-content\/uploads\/2024\/04\/23\/23-nisan-toren-3-.jpeg?ver=0940e33cf24e2afadd9b589f0ca08512 1600w, https:\/\/brtk.net\/wp-content\/uploads\/2024\/04\/23\/23-nisan-toren-3--300x200.jpeg?ver=3bf09dd22b415bce870a8706fd5f4a63 300w, https:\/\/brtk.net\/wp-content\/uploads\/2024\/04\/23\/23-nisan-toren-3--1024x682.jpeg?ver=3bf09dd22b415bce870a8706fd5f4a63 1024w, https:\/\/brtk.net\/wp-content\/uploads\/2024\/04\/23\/23-nisan-toren-3--768x512.jpeg?ver=3bf09dd22b415bce870a8706fd5f4a63 768w, https:\/\/brtk.net\/wp-content\/uploads\/2024\/04\/23\/23-nisan-toren-3--1536x1023.jpeg?ver=c243c4c4e0cb8c9180be6c2b769c3941 1536w\"\/>                            <\/div>\n<p>Cumhurba\u015fkan\u0131 <a href=\"https:\/\/brtk.net\/\" target=\"_blank\" rel=\"noopener\"><a href=\"https:\/\/brtk.net\/\" target=\"_blank\" rel=\"noopener\">Ersin <\/a><a href=\"https:\/\/brtk.net\/\"\/><a href=\"https:\/\/brtk.net\/\"\/><a href=\"https:\/\/brtk.net\/\"\/><a href=\"https:\/\/brtk.net\/\"\/><a href=\"https:\/\/brtk.net\/\"\/><a href=\"https:\/\/brtk.net\/\">Tatar<\/a>, t\u00f6rende yapt\u0131\u011f\u0131 konu\u015fmada, B\u00fcy\u00fck \u00d6nder Mustafa Kemal Atat\u00fcrk\u2019e, bu bayram\u0131 \u00e7ocuklara arma\u011fan ettti\u011fi i\u00e7in te\u015fekk\u00fcrlerini sundu.<\/p>\n<p>Konu\u015fmas\u0131nda \u00e7ocuklara seslenerek, ulusal egemenli\u011fin \u00f6nemini vurgulayan <a href=\"https:\/\/brtk.net\/\"\/><a href=\"https:\/\/brtk.net\/\"\/><a href=\"https:\/\/brtk.net\/\"\/><a href=\"https:\/\/brtk.net\/\"\/><a href=\"https:\/\/brtk.net\/\"\/><a href=\"https:\/\/brtk.net\/\">Tatar<\/a>, \u201cEgemenlik, kendi kimli\u011fimizle, de\u011ferlerimizle, milli ve manevi duygular\u0131m\u0131zla bu topraklarda varl\u0131\u011f\u0131m\u0131z\u0131 s\u00fcrd\u00fcrmemizin yeg\u00e2ne teminat\u0131d\u0131r\u201d dedi. \u201cT\u00fcm \u00e7ocuklar\u0131m\u0131z\u0131n bayram\u0131n\u0131 kutlarken onlar\u0131n bizlerin en de\u011ferli varl\u0131klar\u0131 oldu\u011funu,  gelece\u011fin umut ve teminat\u0131 oldu\u011funu da buradan belirtmek istiyorum\u201d diyen <a href=\"https:\/\/brtk.net\/\"\/><a href=\"https:\/\/brtk.net\/\"\/><a href=\"https:\/\/brtk.net\/\"\/><a href=\"https:\/\/brtk.net\/\"\/><a href=\"https:\/\/brtk.net\/\"\/><a href=\"https:\/\/brtk.net\/\">Tatar<\/a>, T\u00fcrkiye Cumhuriyeti\u2019ne de <a href=\"https:\/\/brtk.net\/\">KKTC<\/a>\u2019ye verdi\u011fi destekten dolay\u0131 te\u015fekk\u00fcr etti.<\/p>\n<div class=\"mariselle-image-container center\">\n                <img loading=\"lazy\" decoding=\"async\" width=\"1600\" height=\"1066\" class=\"lazy-image\" alt=\"\" sizes=\"auto, (max-width: 1600px) 100vw, 1600px\" src=\"https:\/\/brtk.net\/wp-content\/uploads\/2024\/04\/23\/23-nisan-toren-2-.jpeg?ver=bfb4d1a1d3e15a549a8acc91254a416d\" srcset=\"https:\/\/brtk.net\/wp-content\/uploads\/2024\/04\/23\/23-nisan-toren-2-.jpeg?ver=bfb4d1a1d3e15a549a8acc91254a416d 1600w, https:\/\/brtk.net\/wp-content\/uploads\/2024\/04\/23\/23-nisan-toren-2--300x200.jpeg?ver=945170f872546f8d2480a1555b27141e 300w, https:\/\/brtk.net\/wp-content\/uploads\/2024\/04\/23\/23-nisan-toren-2--1024x682.jpeg?ver=945170f872546f8d2480a1555b27141e 1024w, https:\/\/brtk.net\/wp-content\/uploads\/2024\/04\/23\/23-nisan-toren-2--768x512.jpeg?ver=945170f872546f8d2480a1555b27141e 768w, https:\/\/brtk.net\/wp-content\/uploads\/2024\/04\/23\/23-nisan-toren-2--1536x1023.jpeg?ver=0139a7be8cc0a2f4a0bb5bf51ba7f062 1536w\"\/>                            <\/div>\n<p>Cumhurba\u015fkan\u0131 <a href=\"https:\/\/brtk.net\/\"\/><a href=\"https:\/\/brtk.net\/\"\/><a href=\"https:\/\/brtk.net\/\"\/><a href=\"https:\/\/brtk.net\/\"\/><a href=\"https:\/\/brtk.net\/\"\/><a href=\"https:\/\/brtk.net\/\">Tatar<\/a> konu\u015fmas\u0131n\u0131n devam\u0131nda, \u201cB\u00fcy\u00fck \u00d6nder Mustafa Kemal Atat\u00fcrk\u2019\u00fcn ta 1920 y\u0131l\u0131nda, 104 y\u0131l \u00f6nce, b\u00fct\u00fcn d\u00fcnya \u00e7ocuklar\u0131na arma\u011fan etti\u011fi bug\u00fcn\u00fcn ne kadar anlaml\u0131 ve de\u011ferli oldu\u011funu bir kez daha vurgulamak istiyorum\u201d ifadelerini kulland\u0131.<\/p>\n<p>Konu\u015fmas\u0131n\u0131 6 \u015eubat depremlerinde hayatlar\u0131n\u0131 kaybeden \u015eampiyon Melekler de dahil deprem b\u00f6lgelerinde hayat\u0131n\u0131 kaybeden t\u00fcm \u00e7ocuklar\u0131 rahmetle anarak bitiren Cumhurba\u015fkan\u0131 <a href=\"https:\/\/brtk.net\/\"\/><a href=\"https:\/\/brtk.net\/\"\/><a href=\"https:\/\/brtk.net\/\"\/><a href=\"https:\/\/brtk.net\/\"\/><a href=\"https:\/\/brtk.net\/\"\/><a href=\"https:\/\/brtk.net\/\">Tatar<\/a>, \u201cOnlara ve ailelerine sayg\u0131lar sunuyorum\u201d dedi.<\/p>\n<\/p><\/div>\n<p><script async\n                    defer\n                    crossorigin=\"anonymous\"\n                    src=\"https:\/\/connect.facebook.net\/tr_TR\/sdk.js#xfbml=1&#038;version=v3.3\"\n            ><\/script><\/p>\n","protected":false},"excerpt":{"rendered":"<p>23 Nisan Ulusal Egemenlik ve \u00c7ocuk Bayram\u0131 KKTC\u2018de t\u00f6renlerle kutlan\u0131yor. Kutlamalar kapsam\u0131nda bu sabah Lefko\u015fa Atat\u00fcrk An\u0131t\u0131 \u00f6n\u00fcnde t\u00f6ren d\u00fczenlendi. T\u00f6rene, Cumhurba\u015fkan\u0131 Ersin Tatar, Meclis Ba\u015fkan\u0131 Zorlu T\u00f6re, Ba\u015fbakan \u00dcnal \u00dcstel, Y\u00fcksek Mahkeme Ba\u015fkan\u0131 Narin Ferdi \u015eefik, 2\u2019nci Cumhurba\u015fkan\u0131 Mehmet Ali Talat, T\u00fcrkiye Cumhuriyeti Lefko\u015fa B\u00fcy\u00fckel\u00e7isi Metin Feyzio\u011flu, KTBK Komutan\u0131 T\u00fcmgeneral Sebahattin K\u0131l\u0131n\u00e7, GKK Komutan\u0131<\/p>\n","protected":false},"author":1,"featured_media":39482,"comment_status":"open","ping_status":"open","sticky":false,"template":"","format":"standard","meta":{"footnotes":""},"categories":[1],"tags":[],"class_list":["post-39481","post","type-post","status-publish","format-standard","has-post-thumbnail","hentry","category-gundem"],"yoast_head":"<!-- This site is optimized with the Yoast SEO plugin v27.5 - https:\/\/yoast.com\/product\/yoast-seo-wordpress\/ -->\n<title>23 Nisan Ulusal Egemenlik ve \u00c7ocuk Bayram\u0131 t\u00f6renlerle kutlan\u0131yor\u2026 Lefko\u015fa Atat\u00fcrk An\u0131t\u0131 \u00f6n\u00fcnde t\u00f6ren d\u00fczenlendi -<\/title>\n<meta name=\"robots\" content=\"index, follow, max-snippet:-1, max-image-preview:large, max-video-preview:-1\" \/>\n<link rel=\"canonical\" href=\"https:\/\/kibrisdakik.com\/?p=39481\" \/>\n<meta property=\"og:locale\" content=\"tr_TR\" \/>\n<meta property=\"og:type\" content=\"article\" \/>\n<meta property=\"og:title\" content=\"23 Nisan Ulusal Egemenlik ve \u00c7ocuk Bayram\u0131 t\u00f6renlerle kutlan\u0131yor\u2026 Lefko\u015fa Atat\u00fcrk An\u0131t\u0131 \u00f6n\u00fcnde t\u00f6ren d\u00fczenlendi -\" \/>\n<meta property=\"og:description\" content=\"23 Nisan Ulusal Egemenlik ve \u00c7ocuk Bayram\u0131 KKTC\u2018de t\u00f6renlerle kutlan\u0131yor. Kutlamalar kapsam\u0131nda bu sabah Lefko\u015fa Atat\u00fcrk An\u0131t\u0131 \u00f6n\u00fcnde t\u00f6ren d\u00fczenlendi. T\u00f6rene, Cumhurba\u015fkan\u0131 Ersin Tatar, Meclis Ba\u015fkan\u0131 Zorlu T\u00f6re, Ba\u015fbakan \u00dcnal \u00dcstel, Y\u00fcksek Mahkeme Ba\u015fkan\u0131 Narin Ferdi \u015eefik, 2\u2019nci Cumhurba\u015fkan\u0131 Mehmet Ali Talat, T\u00fcrkiye Cumhuriyeti Lefko\u015fa B\u00fcy\u00fckel\u00e7isi Metin Feyzio\u011flu, KTBK Komutan\u0131 T\u00fcmgeneral Sebahattin K\u0131l\u0131n\u00e7, GKK Komutan\u0131\" \/>\n<meta property=\"og:url\" content=\"https:\/\/kibrisdakik.com\/?p=39481\" \/>\n<meta property=\"article:published_time\" content=\"2024-04-23T08:37:25+00:00\" \/>\n<meta property=\"og:image\" content=\"https:\/\/kibrisdakik.com\/wp-content\/uploads\/2024\/04\/23-nisan-toren-3-1-1-740x420.jpeg\" \/>\n\t<meta property=\"og:image:width\" content=\"1600\" \/>\n\t<meta property=\"og:image:height\" content=\"1066\" \/>\n\t<meta property=\"og:image:type\" content=\"image\/jpeg\" \/>\n<meta name=\"author\" content=\"admin\" \/>\n<meta name=\"twitter:card\" content=\"summary_large_image\" \/>\n<meta name=\"twitter:label1\" content=\"Yazan:\" \/>\n\t<meta name=\"twitter:data1\" content=\"admin\" \/>\n\t<meta name=\"twitter:label2\" content=\"Tahmini okuma s\u00fcresi\" \/>\n\t<meta name=\"twitter:data2\" content=\"2 dakika\" \/>\n<script type=\"application\/ld+json\" class=\"yoast-schema-graph\">{\"@context\":\"https:\\\/\\\/schema.org\",\"@graph\":[{\"@type\":\"Article\",\"@id\":\"https:\\\/\\\/kibrisdakik.com\\\/?p=39481#article\",\"isPartOf\":{\"@id\":\"https:\\\/\\\/kibrisdakik.com\\\/?p=39481\"},\"author\":{\"name\":\"admin\",\"@id\":\"https:\\\/\\\/kibrisdakik.com\\\/#\\\/schema\\\/person\\\/9cd9d437bbb44f72b73ba127e06d8e79\"},\"headline\":\"23 Nisan Ulusal Egemenlik ve \u00c7ocuk Bayram\u0131 t\u00f6renlerle kutlan\u0131yor\u2026 Lefko\u015fa Atat\u00fcrk An\u0131t\u0131 \u00f6n\u00fcnde t\u00f6ren d\u00fczenlendi\",\"datePublished\":\"2024-04-23T08:37:25+00:00\",\"mainEntityOfPage\":{\"@id\":\"https:\\\/\\\/kibrisdakik.com\\\/?p=39481\"},\"wordCount\":364,\"commentCount\":0,\"image\":{\"@id\":\"https:\\\/\\\/kibrisdakik.com\\\/?p=39481#primaryimage\"},\"thumbnailUrl\":\"https:\\\/\\\/kibrisdakik.com\\\/wp-content\\\/uploads\\\/2024\\\/04\\\/23-nisan-toren-3-1-1-740x420.jpeg\",\"articleSection\":[\"G\u00fcndem\"],\"inLanguage\":\"tr\",\"potentialAction\":[{\"@type\":\"CommentAction\",\"name\":\"Comment\",\"target\":[\"https:\\\/\\\/kibrisdakik.com\\\/?p=39481#respond\"]}]},{\"@type\":\"WebPage\",\"@id\":\"https:\\\/\\\/kibrisdakik.com\\\/?p=39481\",\"url\":\"https:\\\/\\\/kibrisdakik.com\\\/?p=39481\",\"name\":\"23 Nisan Ulusal Egemenlik ve \u00c7ocuk Bayram\u0131 t\u00f6renlerle kutlan\u0131yor\u2026 Lefko\u015fa Atat\u00fcrk An\u0131t\u0131 \u00f6n\u00fcnde t\u00f6ren d\u00fczenlendi -\",\"isPartOf\":{\"@id\":\"https:\\\/\\\/kibrisdakik.com\\\/#website\"},\"primaryImageOfPage\":{\"@id\":\"https:\\\/\\\/kibrisdakik.com\\\/?p=39481#primaryimage\"},\"image\":{\"@id\":\"https:\\\/\\\/kibrisdakik.com\\\/?p=39481#primaryimage\"},\"thumbnailUrl\":\"https:\\\/\\\/kibrisdakik.com\\\/wp-content\\\/uploads\\\/2024\\\/04\\\/23-nisan-toren-3-1-1-740x420.jpeg\",\"datePublished\":\"2024-04-23T08:37:25+00:00\",\"author\":{\"@id\":\"https:\\\/\\\/kibrisdakik.com\\\/#\\\/schema\\\/person\\\/9cd9d437bbb44f72b73ba127e06d8e79\"},\"breadcrumb\":{\"@id\":\"https:\\\/\\\/kibrisdakik.com\\\/?p=39481#breadcrumb\"},\"inLanguage\":\"tr\",\"potentialAction\":[{\"@type\":\"ReadAction\",\"target\":[\"https:\\\/\\\/kibrisdakik.com\\\/?p=39481\"]}]},{\"@type\":\"ImageObject\",\"inLanguage\":\"tr\",\"@id\":\"https:\\\/\\\/kibrisdakik.com\\\/?p=39481#primaryimage\",\"url\":\"https:\\\/\\\/kibrisdakik.com\\\/wp-content\\\/uploads\\\/2024\\\/04\\\/23-nisan-toren-3-1-1-740x420.jpeg\",\"contentUrl\":\"https:\\\/\\\/kibrisdakik.com\\\/wp-content\\\/uploads\\\/2024\\\/04\\\/23-nisan-toren-3-1-1-740x420.jpeg\",\"width\":1600,\"height\":1066},{\"@type\":\"BreadcrumbList\",\"@id\":\"https:\\\/\\\/kibrisdakik.com\\\/?p=39481#breadcrumb\",\"itemListElement\":[{\"@type\":\"ListItem\",\"position\":1,\"name\":\"Home\",\"item\":\"https:\\\/\\\/kibrisdakik.com\\\/\"},{\"@type\":\"ListItem\",\"position\":2,\"name\":\"23 Nisan Ulusal Egemenlik ve \u00c7ocuk Bayram\u0131 t\u00f6renlerle kutlan\u0131yor\u2026 Lefko\u015fa Atat\u00fcrk An\u0131t\u0131 \u00f6n\u00fcnde t\u00f6ren d\u00fczenlendi\"}]},{\"@type\":\"WebSite\",\"@id\":\"https:\\\/\\\/kibrisdakik.com\\\/#website\",\"url\":\"https:\\\/\\\/kibrisdakik.com\\\/\",\"name\":\"\",\"description\":\"Tam vaktinde haber\",\"potentialAction\":[{\"@type\":\"SearchAction\",\"target\":{\"@type\":\"EntryPoint\",\"urlTemplate\":\"https:\\\/\\\/kibrisdakik.com\\\/?s={search_term_string}\"},\"query-input\":{\"@type\":\"PropertyValueSpecification\",\"valueRequired\":true,\"valueName\":\"search_term_string\"}}],\"inLanguage\":\"tr\"},{\"@type\":\"Person\",\"@id\":\"https:\\\/\\\/kibrisdakik.com\\\/#\\\/schema\\\/person\\\/9cd9d437bbb44f72b73ba127e06d8e79\",\"name\":\"admin\",\"image\":{\"@type\":\"ImageObject\",\"inLanguage\":\"tr\",\"@id\":\"https:\\\/\\\/secure.gravatar.com\\\/avatar\\\/ccc17943b9d660506c869530f897617f7cb1c21a4bf30023f252596d83e1f007?s=96&d=mm&r=g\",\"url\":\"https:\\\/\\\/secure.gravatar.com\\\/avatar\\\/ccc17943b9d660506c869530f897617f7cb1c21a4bf30023f252596d83e1f007?s=96&d=mm&r=g\",\"contentUrl\":\"https:\\\/\\\/secure.gravatar.com\\\/avatar\\\/ccc17943b9d660506c869530f897617f7cb1c21a4bf30023f252596d83e1f007?s=96&d=mm&r=g\",\"caption\":\"admin\"},\"sameAs\":[\"https:\\\/\\\/kibrisdakik.com\"],\"url\":\"https:\\\/\\\/kibrisdakik.com\\\/?author=1\"}]}<\/script>\n<!-- \/ Yoast SEO plugin. -->","yoast_head_json":{"title":"23 Nisan Ulusal Egemenlik ve \u00c7ocuk Bayram\u0131 t\u00f6renlerle kutlan\u0131yor\u2026 Lefko\u015fa Atat\u00fcrk An\u0131t\u0131 \u00f6n\u00fcnde t\u00f6ren d\u00fczenlendi -","robots":{"index":"index","follow":"follow","max-snippet":"max-snippet:-1","max-image-preview":"max-image-preview:large","max-video-preview":"max-video-preview:-1"},"canonical":"https:\/\/kibrisdakik.com\/?p=39481","og_locale":"tr_TR","og_type":"article","og_title":"23 Nisan Ulusal Egemenlik ve \u00c7ocuk Bayram\u0131 t\u00f6renlerle kutlan\u0131yor\u2026 Lefko\u015fa Atat\u00fcrk An\u0131t\u0131 \u00f6n\u00fcnde t\u00f6ren d\u00fczenlendi -","og_description":"23 Nisan Ulusal Egemenlik ve \u00c7ocuk Bayram\u0131 KKTC\u2018de t\u00f6renlerle kutlan\u0131yor. Kutlamalar kapsam\u0131nda bu sabah Lefko\u015fa Atat\u00fcrk An\u0131t\u0131 \u00f6n\u00fcnde t\u00f6ren d\u00fczenlendi. T\u00f6rene, Cumhurba\u015fkan\u0131 Ersin Tatar, Meclis Ba\u015fkan\u0131 Zorlu T\u00f6re, Ba\u015fbakan \u00dcnal \u00dcstel, Y\u00fcksek Mahkeme Ba\u015fkan\u0131 Narin Ferdi \u015eefik, 2\u2019nci Cumhurba\u015fkan\u0131 Mehmet Ali Talat, T\u00fcrkiye Cumhuriyeti Lefko\u015fa B\u00fcy\u00fckel\u00e7isi Metin Feyzio\u011flu, KTBK Komutan\u0131 T\u00fcmgeneral Sebahattin K\u0131l\u0131n\u00e7, GKK Komutan\u0131","og_url":"https:\/\/kibrisdakik.com\/?p=39481","article_published_time":"2024-04-23T08:37:25+00:00","og_image":[{"width":1600,"height":1066,"url":"https:\/\/kibrisdakik.com\/wp-content\/uploads\/2024\/04\/23-nisan-toren-3-1-1-740x420.jpeg","type":"image\/jpeg"}],"author":"admin","twitter_card":"summary_large_image","twitter_misc":{"Yazan:":"admin","Tahmini okuma s\u00fcresi":"2 dakika"},"schema":{"@context":"https:\/\/schema.org","@graph":[{"@type":"Article","@id":"https:\/\/kibrisdakik.com\/?p=39481#article","isPartOf":{"@id":"https:\/\/kibrisdakik.com\/?p=39481"},"author":{"name":"admin","@id":"https:\/\/kibrisdakik.com\/#\/schema\/person\/9cd9d437bbb44f72b73ba127e06d8e79"},"headline":"23 Nisan Ulusal Egemenlik ve \u00c7ocuk Bayram\u0131 t\u00f6renlerle kutlan\u0131yor\u2026 Lefko\u015fa Atat\u00fcrk An\u0131t\u0131 \u00f6n\u00fcnde t\u00f6ren d\u00fczenlendi","datePublished":"2024-04-23T08:37:25+00:00","mainEntityOfPage":{"@id":"https:\/\/kibrisdakik.com\/?p=39481"},"wordCount":364,"commentCount":0,"image":{"@id":"https:\/\/kibrisdakik.com\/?p=39481#primaryimage"},"thumbnailUrl":"https:\/\/kibrisdakik.com\/wp-content\/uploads\/2024\/04\/23-nisan-toren-3-1-1-740x420.jpeg","articleSection":["G\u00fcndem"],"inLanguage":"tr","potentialAction":[{"@type":"CommentAction","name":"Comment","target":["https:\/\/kibrisdakik.com\/?p=39481#respond"]}]},{"@type":"WebPage","@id":"https:\/\/kibrisdakik.com\/?p=39481","url":"https:\/\/kibrisdakik.com\/?p=39481","name":"23 Nisan Ulusal Egemenlik ve \u00c7ocuk Bayram\u0131 t\u00f6renlerle kutlan\u0131yor\u2026 Lefko\u015fa Atat\u00fcrk An\u0131t\u0131 \u00f6n\u00fcnde t\u00f6ren d\u00fczenlendi -","isPartOf":{"@id":"https:\/\/kibrisdakik.com\/#website"},"primaryImageOfPage":{"@id":"https:\/\/kibrisdakik.com\/?p=39481#primaryimage"},"image":{"@id":"https:\/\/kibrisdakik.com\/?p=39481#primaryimage"},"thumbnailUrl":"https:\/\/kibrisdakik.com\/wp-content\/uploads\/2024\/04\/23-nisan-toren-3-1-1-740x420.jpeg","datePublished":"2024-04-23T08:37:25+00:00","author":{"@id":"https:\/\/kibrisdakik.com\/#\/schema\/person\/9cd9d437bbb44f72b73ba127e06d8e79"},"breadcrumb":{"@id":"https:\/\/kibrisdakik.com\/?p=39481#breadcrumb"},"inLanguage":"tr","potentialAction":[{"@type":"ReadAction","target":["https:\/\/kibrisdakik.com\/?p=39481"]}]},{"@type":"ImageObject","inLanguage":"tr","@id":"https:\/\/kibrisdakik.com\/?p=39481#primaryimage","url":"https:\/\/kibrisdakik.com\/wp-content\/uploads\/2024\/04\/23-nisan-toren-3-1-1-740x420.jpeg","contentUrl":"https:\/\/kibrisdakik.com\/wp-content\/uploads\/2024\/04\/23-nisan-toren-3-1-1-740x420.jpeg","width":1600,"height":1066},{"@type":"BreadcrumbList","@id":"https:\/\/kibrisdakik.com\/?p=39481#breadcrumb","itemListElement":[{"@type":"ListItem","position":1,"name":"Home","item":"https:\/\/kibrisdakik.com\/"},{"@type":"ListItem","position":2,"name":"23 Nisan Ulusal Egemenlik ve \u00c7ocuk Bayram\u0131 t\u00f6renlerle kutlan\u0131yor\u2026 Lefko\u015fa Atat\u00fcrk An\u0131t\u0131 \u00f6n\u00fcnde t\u00f6ren d\u00fczenlendi"}]},{"@type":"WebSite","@id":"https:\/\/kibrisdakik.com\/#website","url":"https:\/\/kibrisdakik.com\/","name":"","description":"Tam vaktinde haber","potentialAction":[{"@type":"SearchAction","target":{"@type":"EntryPoint","urlTemplate":"https:\/\/kibrisdakik.com\/?s={search_term_string}"},"query-input":{"@type":"PropertyValueSpecification","valueRequired":true,"valueName":"search_term_string"}}],"inLanguage":"tr"},{"@type":"Person","@id":"https:\/\/kibrisdakik.com\/#\/schema\/person\/9cd9d437bbb44f72b73ba127e06d8e79","name":"admin","image":{"@type":"ImageObject","inLanguage":"tr","@id":"https:\/\/secure.gravatar.com\/avatar\/ccc17943b9d660506c869530f897617f7cb1c21a4bf30023f252596d83e1f007?s=96&d=mm&r=g","url":"https:\/\/secure.gravatar.com\/avatar\/ccc17943b9d660506c869530f897617f7cb1c21a4bf30023f252596d83e1f007?s=96&d=mm&r=g","contentUrl":"https:\/\/secure.gravatar.com\/avatar\/ccc17943b9d660506c869530f897617f7cb1c21a4bf30023f252596d83e1f007?s=96&d=mm&r=g","caption":"admin"},"sameAs":["https:\/\/kibrisdakik.com"],"url":"https:\/\/kibrisdakik.com\/?author=1"}]}},"_links":{"self":[{"href":"https:\/\/kibrisdakik.com\/index.php?rest_route=\/wp\/v2\/posts\/39481","targetHints":{"allow":["GET"]}}],"collection":[{"href":"https:\/\/kibrisdakik.com\/index.php?rest_route=\/wp\/v2\/posts"}],"about":[{"href":"https:\/\/kibrisdakik.com\/index.php?rest_route=\/wp\/v2\/types\/post"}],"author":[{"embeddable":true,"href":"https:\/\/kibrisdakik.com\/index.php?rest_route=\/wp\/v2\/users\/1"}],"replies":[{"embeddable":true,"href":"https:\/\/kibrisdakik.com\/index.php?rest_route=%2Fwp%2Fv2%2Fcomments&post=39481"}],"version-history":[{"count":0,"href":"https:\/\/kibrisdakik.com\/index.php?rest_route=\/wp\/v2\/posts\/39481\/revisions"}],"wp:featuredmedia":[{"embeddable":true,"href":"https:\/\/kibrisdakik.com\/index.php?rest_route=\/wp\/v2\/media\/39482"}],"wp:attachment":[{"href":"https:\/\/kibrisdakik.com\/index.php?rest_route=%2Fwp%2Fv2%2Fmedia&parent=39481"}],"wp:term":[{"taxonomy":"category","embeddable":true,"href":"https:\/\/kibrisdakik.com\/index.php?rest_route=%2Fwp%2Fv2%2Fcategories&post=39481"},{"taxonomy":"post_tag","embeddable":true,"href":"https:\/\/kibrisdakik.com\/index.php?rest_route=%2Fwp%2Fv2%2Ftags&post=39481"}],"curies":[{"name":"wp","href":"https:\/\/api.w.org\/{rel}","templated":true}]}}