{"id":39491,"date":"2024-04-23T10:32:15","date_gmt":"2024-04-23T10:32:15","guid":{"rendered":"https:\/\/kibrisdakik.com\/index.php\/2024\/04\/23\/arac-calip-onceden-caldigi-aracin-plakasini-takti\/"},"modified":"2024-04-23T10:32:15","modified_gmt":"2024-04-23T10:32:15","slug":"arac-calip-onceden-caldigi-aracin-plakasini-takti","status":"publish","type":"post","link":"https:\/\/kibrisdakik.com\/?p=39491","title":{"rendered":"Ara\u00e7 \u00e7al\u0131p \u00f6nceden \u00e7ald\u0131\u011f\u0131 arac\u0131n plakas\u0131n\u0131 takt\u0131 !"},"content":{"rendered":"<p><img decoding=\"async\" src=\"https:\/\/www.kibristurk.com\/images\/haberler\/2024\/04\/arac-calip-onceden-caldigi-aracin-plakasini-takti-1713867627.webp\" \/><\/p>\n<p style=\"text-align:left\"><span style=\"font-size:16px\"><span style=\"font-family:Merriweather,serif !important\"><span style=\"color:#000000\"><span style=\"background-color:#ffffff\">Polis&#8217;ten yap\u0131lan a\u00e7\u0131klamaya g\u00f6re d\u00fcn, Girne Mete Adan\u0131r Caddesi&#8217;nde, Girne Polis M\u00fcd\u00fcrl\u00fc\u011f\u00fcne ba\u011fl\u0131 trafik ekipleri taraf\u0131ndan kontrol maksatl\u0131 durdurulan E.K.(E-19) ve R.B.\u2019nin (E-17)&nbsp; bulundu\u011fu arac\u0131n evraklar\u0131nda yap\u0131lan kontrolde, ara\u00e7 plakas\u0131n\u0131n ba\u015fka bir araca ait oldu\u011fu tespit edildi ve&nbsp; s\u00f6z konusu \u015fah\u0131slar ileri sorgulama maksad\u0131yla tutukland\u0131.<\/span><\/span><\/span><\/span><\/p>\n<p style=\"text-align:left\">&nbsp;<\/p>\n<p style=\"text-align:left\"><span style=\"font-size:16px\"><span style=\"font-family:Merriweather,serif !important\"><span style=\"color:#000000\"><span style=\"background-color:#ffffff\">&nbsp;<\/span><\/span><\/span><\/span><\/p>\n<p style=\"text-align:left\"><span style=\"font-size:16px\"><span style=\"font-family:Merriweather,serif !important\"><span style=\"color:#000000\"><span style=\"background-color:#ffffff\">\u0130leri sorgulamalar\u0131nda E.K ve R.B&#8217;nin kullan\u0131mlar\u0131ndaki arac\u0131, A\u011fustos 2023-18 Nisan 2024 tarihleri aras\u0131nda, \u00c7atalk\u00f6y\u2019de S\u00fcmb\u00fcl Sokak \u00fczerinde bulunan bir ikametgah\u0131n bah\u00e7esinden \u00e7alarak, daha \u00f6nceden \u00e7ald\u0131klar\u0131 ba\u015fka bir arac\u0131n plakas\u0131n\u0131 takarak&nbsp; kulland\u0131klar\u0131 belirlendi. Ayr\u0131ca, bu iki \u015fahs\u0131n, arac\u0131 \u00e7ald\u0131klar\u0131 ikametgah\u0131n penceresini k\u0131rarak i\u00e7eriye girdikleri ve ikametgahta bulunan muhtelif ziynet, giyim, elektronik, ev ve beyaz e\u015fyalar ile alkoll\u00fc i\u00e7kileri \u00e7ald\u0131klar\u0131 da tespit edildi.<\/span><\/span><\/span><\/span><\/p>\n<p style=\"text-align:left\">&nbsp;<\/p>\n<p style=\"text-align:left\"><span style=\"font-size:16px\"><span style=\"font-family:Merriweather,serif !important\"><span style=\"color:#000000\"><span style=\"background-color:#ffffff\">Y\u00fcr\u00fct\u00fclen ileri soru\u015fturma kapsam\u0131nda E.K. ve R.B.&#8217;nin yan\u0131 s\u0131ra mesele ile ba\u011flant\u0131s\u0131 oldu\u011fu tespit edilen \u0130.G.(E-19) ve \u0130.G.(E-19) de tutukland\u0131.<\/span><\/span><\/span><\/span><\/p>\n<p style=\"text-align:left\">&nbsp;<\/p>\n<p style=\"text-align:left\"><span style=\"font-size:16px\"><span style=\"font-family:Merriweather,serif !important\"><span style=\"color:#000000\"><span style=\"background-color:#ffffff\">Soru\u015fturma devam ediyor.<\/span><\/span><\/span><\/span><\/p>\n","protected":false},"excerpt":{"rendered":"<p>Polis&#8217;ten yap\u0131lan a\u00e7\u0131klamaya g\u00f6re d\u00fcn, Girne Mete Adan\u0131r Caddesi&#8217;nde, Girne Polis M\u00fcd\u00fcrl\u00fc\u011f\u00fcne ba\u011fl\u0131 trafik ekipleri taraf\u0131ndan kontrol maksatl\u0131 durdurulan E.K.(E-19) ve R.B.\u2019nin (E-17)&nbsp; bulundu\u011fu arac\u0131n evraklar\u0131nda yap\u0131lan kontrolde, ara\u00e7 plakas\u0131n\u0131n ba\u015fka bir araca ait oldu\u011fu tespit edildi ve&nbsp; s\u00f6z konusu \u015fah\u0131slar ileri sorgulama maksad\u0131yla tutukland\u0131. &nbsp; &nbsp; \u0130leri sorgulamalar\u0131nda E.K ve R.B&#8217;nin kullan\u0131mlar\u0131ndaki arac\u0131, A\u011fustos<\/p>\n","protected":false},"author":1,"featured_media":39492,"comment_status":"open","ping_status":"open","sticky":false,"template":"","format":"standard","meta":{"footnotes":""},"categories":[79],"tags":[],"class_list":["post-39491","post","type-post","status-publish","format-standard","has-post-thumbnail","hentry","category-ekonomi"],"yoast_head":"<!-- This site is optimized with the Yoast SEO plugin v27.5 - https:\/\/yoast.com\/product\/yoast-seo-wordpress\/ -->\n<title>Ara\u00e7 \u00e7al\u0131p \u00f6nceden \u00e7ald\u0131\u011f\u0131 arac\u0131n plakas\u0131n\u0131 takt\u0131 ! -<\/title>\n<meta name=\"robots\" content=\"index, follow, max-snippet:-1, max-image-preview:large, max-video-preview:-1\" \/>\n<link rel=\"canonical\" href=\"https:\/\/kibrisdakik.com\/?p=39491\" \/>\n<meta property=\"og:locale\" content=\"tr_TR\" \/>\n<meta property=\"og:type\" content=\"article\" \/>\n<meta property=\"og:title\" content=\"Ara\u00e7 \u00e7al\u0131p \u00f6nceden \u00e7ald\u0131\u011f\u0131 arac\u0131n plakas\u0131n\u0131 takt\u0131 ! -\" \/>\n<meta property=\"og:description\" content=\"Polis&#8217;ten yap\u0131lan a\u00e7\u0131klamaya g\u00f6re d\u00fcn, Girne Mete Adan\u0131r Caddesi&#8217;nde, Girne Polis M\u00fcd\u00fcrl\u00fc\u011f\u00fcne ba\u011fl\u0131 trafik ekipleri taraf\u0131ndan kontrol maksatl\u0131 durdurulan E.K.(E-19) ve R.B.\u2019nin (E-17)&nbsp; bulundu\u011fu arac\u0131n evraklar\u0131nda yap\u0131lan kontrolde, ara\u00e7 plakas\u0131n\u0131n ba\u015fka bir araca ait oldu\u011fu tespit edildi ve&nbsp; s\u00f6z konusu \u015fah\u0131slar ileri sorgulama maksad\u0131yla tutukland\u0131. &nbsp; &nbsp; \u0130leri sorgulamalar\u0131nda E.K ve R.B&#8217;nin kullan\u0131mlar\u0131ndaki arac\u0131, A\u011fustos\" \/>\n<meta property=\"og:url\" content=\"https:\/\/kibrisdakik.com\/?p=39491\" \/>\n<meta property=\"article:published_time\" content=\"2024-04-23T10:32:15+00:00\" \/>\n<meta property=\"og:image\" content=\"https:\/\/kibrisdakik.com\/wp-content\/uploads\/2024\/04\/arac-calip-onceden-caldigi-aracin-plakasini-takti-1713867627.webp.webp\" \/>\n\t<meta property=\"og:image:width\" content=\"710\" \/>\n\t<meta property=\"og:image:height\" content=\"370\" \/>\n\t<meta property=\"og:image:type\" content=\"image\/webp\" \/>\n<meta name=\"author\" content=\"admin\" \/>\n<meta name=\"twitter:card\" content=\"summary_large_image\" \/>\n<meta name=\"twitter:label1\" content=\"Yazan:\" \/>\n\t<meta name=\"twitter:data1\" content=\"admin\" \/>\n\t<meta name=\"twitter:label2\" content=\"Tahmini okuma s\u00fcresi\" \/>\n\t<meta name=\"twitter:data2\" content=\"1 dakika\" \/>\n<script type=\"application\/ld+json\" class=\"yoast-schema-graph\">{\"@context\":\"https:\\\/\\\/schema.org\",\"@graph\":[{\"@type\":\"Article\",\"@id\":\"https:\\\/\\\/kibrisdakik.com\\\/?p=39491#article\",\"isPartOf\":{\"@id\":\"https:\\\/\\\/kibrisdakik.com\\\/?p=39491\"},\"author\":{\"name\":\"admin\",\"@id\":\"https:\\\/\\\/kibrisdakik.com\\\/#\\\/schema\\\/person\\\/9cd9d437bbb44f72b73ba127e06d8e79\"},\"headline\":\"Ara\u00e7 \u00e7al\u0131p \u00f6nceden \u00e7ald\u0131\u011f\u0131 arac\u0131n plakas\u0131n\u0131 takt\u0131 !\",\"datePublished\":\"2024-04-23T10:32:15+00:00\",\"mainEntityOfPage\":{\"@id\":\"https:\\\/\\\/kibrisdakik.com\\\/?p=39491\"},\"wordCount\":212,\"commentCount\":0,\"image\":{\"@id\":\"https:\\\/\\\/kibrisdakik.com\\\/?p=39491#primaryimage\"},\"thumbnailUrl\":\"https:\\\/\\\/kibrisdakik.com\\\/wp-content\\\/uploads\\\/2024\\\/04\\\/arac-calip-onceden-caldigi-aracin-plakasini-takti-1713867627.webp.webp\",\"articleSection\":[\"Ekonomi\"],\"inLanguage\":\"tr\",\"potentialAction\":[{\"@type\":\"CommentAction\",\"name\":\"Comment\",\"target\":[\"https:\\\/\\\/kibrisdakik.com\\\/?p=39491#respond\"]}]},{\"@type\":\"WebPage\",\"@id\":\"https:\\\/\\\/kibrisdakik.com\\\/?p=39491\",\"url\":\"https:\\\/\\\/kibrisdakik.com\\\/?p=39491\",\"name\":\"Ara\u00e7 \u00e7al\u0131p \u00f6nceden \u00e7ald\u0131\u011f\u0131 arac\u0131n plakas\u0131n\u0131 takt\u0131 ! -\",\"isPartOf\":{\"@id\":\"https:\\\/\\\/kibrisdakik.com\\\/#website\"},\"primaryImageOfPage\":{\"@id\":\"https:\\\/\\\/kibrisdakik.com\\\/?p=39491#primaryimage\"},\"image\":{\"@id\":\"https:\\\/\\\/kibrisdakik.com\\\/?p=39491#primaryimage\"},\"thumbnailUrl\":\"https:\\\/\\\/kibrisdakik.com\\\/wp-content\\\/uploads\\\/2024\\\/04\\\/arac-calip-onceden-caldigi-aracin-plakasini-takti-1713867627.webp.webp\",\"datePublished\":\"2024-04-23T10:32:15+00:00\",\"author\":{\"@id\":\"https:\\\/\\\/kibrisdakik.com\\\/#\\\/schema\\\/person\\\/9cd9d437bbb44f72b73ba127e06d8e79\"},\"breadcrumb\":{\"@id\":\"https:\\\/\\\/kibrisdakik.com\\\/?p=39491#breadcrumb\"},\"inLanguage\":\"tr\",\"potentialAction\":[{\"@type\":\"ReadAction\",\"target\":[\"https:\\\/\\\/kibrisdakik.com\\\/?p=39491\"]}]},{\"@type\":\"ImageObject\",\"inLanguage\":\"tr\",\"@id\":\"https:\\\/\\\/kibrisdakik.com\\\/?p=39491#primaryimage\",\"url\":\"https:\\\/\\\/kibrisdakik.com\\\/wp-content\\\/uploads\\\/2024\\\/04\\\/arac-calip-onceden-caldigi-aracin-plakasini-takti-1713867627.webp.webp\",\"contentUrl\":\"https:\\\/\\\/kibrisdakik.com\\\/wp-content\\\/uploads\\\/2024\\\/04\\\/arac-calip-onceden-caldigi-aracin-plakasini-takti-1713867627.webp.webp\",\"width\":710,\"height\":370},{\"@type\":\"BreadcrumbList\",\"@id\":\"https:\\\/\\\/kibrisdakik.com\\\/?p=39491#breadcrumb\",\"itemListElement\":[{\"@type\":\"ListItem\",\"position\":1,\"name\":\"Home\",\"item\":\"https:\\\/\\\/kibrisdakik.com\\\/\"},{\"@type\":\"ListItem\",\"position\":2,\"name\":\"Ara\u00e7 \u00e7al\u0131p \u00f6nceden \u00e7ald\u0131\u011f\u0131 arac\u0131n plakas\u0131n\u0131 takt\u0131 !\"}]},{\"@type\":\"WebSite\",\"@id\":\"https:\\\/\\\/kibrisdakik.com\\\/#website\",\"url\":\"https:\\\/\\\/kibrisdakik.com\\\/\",\"name\":\"\",\"description\":\"Tam vaktinde haber\",\"potentialAction\":[{\"@type\":\"SearchAction\",\"target\":{\"@type\":\"EntryPoint\",\"urlTemplate\":\"https:\\\/\\\/kibrisdakik.com\\\/?s={search_term_string}\"},\"query-input\":{\"@type\":\"PropertyValueSpecification\",\"valueRequired\":true,\"valueName\":\"search_term_string\"}}],\"inLanguage\":\"tr\"},{\"@type\":\"Person\",\"@id\":\"https:\\\/\\\/kibrisdakik.com\\\/#\\\/schema\\\/person\\\/9cd9d437bbb44f72b73ba127e06d8e79\",\"name\":\"admin\",\"image\":{\"@type\":\"ImageObject\",\"inLanguage\":\"tr\",\"@id\":\"https:\\\/\\\/secure.gravatar.com\\\/avatar\\\/ccc17943b9d660506c869530f897617f7cb1c21a4bf30023f252596d83e1f007?s=96&d=mm&r=g\",\"url\":\"https:\\\/\\\/secure.gravatar.com\\\/avatar\\\/ccc17943b9d660506c869530f897617f7cb1c21a4bf30023f252596d83e1f007?s=96&d=mm&r=g\",\"contentUrl\":\"https:\\\/\\\/secure.gravatar.com\\\/avatar\\\/ccc17943b9d660506c869530f897617f7cb1c21a4bf30023f252596d83e1f007?s=96&d=mm&r=g\",\"caption\":\"admin\"},\"sameAs\":[\"https:\\\/\\\/kibrisdakik.com\"],\"url\":\"https:\\\/\\\/kibrisdakik.com\\\/?author=1\"}]}<\/script>\n<!-- \/ Yoast SEO plugin. -->","yoast_head_json":{"title":"Ara\u00e7 \u00e7al\u0131p \u00f6nceden \u00e7ald\u0131\u011f\u0131 arac\u0131n plakas\u0131n\u0131 takt\u0131 ! -","robots":{"index":"index","follow":"follow","max-snippet":"max-snippet:-1","max-image-preview":"max-image-preview:large","max-video-preview":"max-video-preview:-1"},"canonical":"https:\/\/kibrisdakik.com\/?p=39491","og_locale":"tr_TR","og_type":"article","og_title":"Ara\u00e7 \u00e7al\u0131p \u00f6nceden \u00e7ald\u0131\u011f\u0131 arac\u0131n plakas\u0131n\u0131 takt\u0131 ! -","og_description":"Polis&#8217;ten yap\u0131lan a\u00e7\u0131klamaya g\u00f6re d\u00fcn, Girne Mete Adan\u0131r Caddesi&#8217;nde, Girne Polis M\u00fcd\u00fcrl\u00fc\u011f\u00fcne ba\u011fl\u0131 trafik ekipleri taraf\u0131ndan kontrol maksatl\u0131 durdurulan E.K.(E-19) ve R.B.\u2019nin (E-17)&nbsp; bulundu\u011fu arac\u0131n evraklar\u0131nda yap\u0131lan kontrolde, ara\u00e7 plakas\u0131n\u0131n ba\u015fka bir araca ait oldu\u011fu tespit edildi ve&nbsp; s\u00f6z konusu \u015fah\u0131slar ileri sorgulama maksad\u0131yla tutukland\u0131. &nbsp; &nbsp; \u0130leri sorgulamalar\u0131nda E.K ve R.B&#8217;nin kullan\u0131mlar\u0131ndaki arac\u0131, A\u011fustos","og_url":"https:\/\/kibrisdakik.com\/?p=39491","article_published_time":"2024-04-23T10:32:15+00:00","og_image":[{"width":710,"height":370,"url":"https:\/\/kibrisdakik.com\/wp-content\/uploads\/2024\/04\/arac-calip-onceden-caldigi-aracin-plakasini-takti-1713867627.webp.webp","type":"image\/webp"}],"author":"admin","twitter_card":"summary_large_image","twitter_misc":{"Yazan:":"admin","Tahmini okuma s\u00fcresi":"1 dakika"},"schema":{"@context":"https:\/\/schema.org","@graph":[{"@type":"Article","@id":"https:\/\/kibrisdakik.com\/?p=39491#article","isPartOf":{"@id":"https:\/\/kibrisdakik.com\/?p=39491"},"author":{"name":"admin","@id":"https:\/\/kibrisdakik.com\/#\/schema\/person\/9cd9d437bbb44f72b73ba127e06d8e79"},"headline":"Ara\u00e7 \u00e7al\u0131p \u00f6nceden \u00e7ald\u0131\u011f\u0131 arac\u0131n plakas\u0131n\u0131 takt\u0131 !","datePublished":"2024-04-23T10:32:15+00:00","mainEntityOfPage":{"@id":"https:\/\/kibrisdakik.com\/?p=39491"},"wordCount":212,"commentCount":0,"image":{"@id":"https:\/\/kibrisdakik.com\/?p=39491#primaryimage"},"thumbnailUrl":"https:\/\/kibrisdakik.com\/wp-content\/uploads\/2024\/04\/arac-calip-onceden-caldigi-aracin-plakasini-takti-1713867627.webp.webp","articleSection":["Ekonomi"],"inLanguage":"tr","potentialAction":[{"@type":"CommentAction","name":"Comment","target":["https:\/\/kibrisdakik.com\/?p=39491#respond"]}]},{"@type":"WebPage","@id":"https:\/\/kibrisdakik.com\/?p=39491","url":"https:\/\/kibrisdakik.com\/?p=39491","name":"Ara\u00e7 \u00e7al\u0131p \u00f6nceden \u00e7ald\u0131\u011f\u0131 arac\u0131n plakas\u0131n\u0131 takt\u0131 ! -","isPartOf":{"@id":"https:\/\/kibrisdakik.com\/#website"},"primaryImageOfPage":{"@id":"https:\/\/kibrisdakik.com\/?p=39491#primaryimage"},"image":{"@id":"https:\/\/kibrisdakik.com\/?p=39491#primaryimage"},"thumbnailUrl":"https:\/\/kibrisdakik.com\/wp-content\/uploads\/2024\/04\/arac-calip-onceden-caldigi-aracin-plakasini-takti-1713867627.webp.webp","datePublished":"2024-04-23T10:32:15+00:00","author":{"@id":"https:\/\/kibrisdakik.com\/#\/schema\/person\/9cd9d437bbb44f72b73ba127e06d8e79"},"breadcrumb":{"@id":"https:\/\/kibrisdakik.com\/?p=39491#breadcrumb"},"inLanguage":"tr","potentialAction":[{"@type":"ReadAction","target":["https:\/\/kibrisdakik.com\/?p=39491"]}]},{"@type":"ImageObject","inLanguage":"tr","@id":"https:\/\/kibrisdakik.com\/?p=39491#primaryimage","url":"https:\/\/kibrisdakik.com\/wp-content\/uploads\/2024\/04\/arac-calip-onceden-caldigi-aracin-plakasini-takti-1713867627.webp.webp","contentUrl":"https:\/\/kibrisdakik.com\/wp-content\/uploads\/2024\/04\/arac-calip-onceden-caldigi-aracin-plakasini-takti-1713867627.webp.webp","width":710,"height":370},{"@type":"BreadcrumbList","@id":"https:\/\/kibrisdakik.com\/?p=39491#breadcrumb","itemListElement":[{"@type":"ListItem","position":1,"name":"Home","item":"https:\/\/kibrisdakik.com\/"},{"@type":"ListItem","position":2,"name":"Ara\u00e7 \u00e7al\u0131p \u00f6nceden \u00e7ald\u0131\u011f\u0131 arac\u0131n plakas\u0131n\u0131 takt\u0131 !"}]},{"@type":"WebSite","@id":"https:\/\/kibrisdakik.com\/#website","url":"https:\/\/kibrisdakik.com\/","name":"","description":"Tam vaktinde haber","potentialAction":[{"@type":"SearchAction","target":{"@type":"EntryPoint","urlTemplate":"https:\/\/kibrisdakik.com\/?s={search_term_string}"},"query-input":{"@type":"PropertyValueSpecification","valueRequired":true,"valueName":"search_term_string"}}],"inLanguage":"tr"},{"@type":"Person","@id":"https:\/\/kibrisdakik.com\/#\/schema\/person\/9cd9d437bbb44f72b73ba127e06d8e79","name":"admin","image":{"@type":"ImageObject","inLanguage":"tr","@id":"https:\/\/secure.gravatar.com\/avatar\/ccc17943b9d660506c869530f897617f7cb1c21a4bf30023f252596d83e1f007?s=96&d=mm&r=g","url":"https:\/\/secure.gravatar.com\/avatar\/ccc17943b9d660506c869530f897617f7cb1c21a4bf30023f252596d83e1f007?s=96&d=mm&r=g","contentUrl":"https:\/\/secure.gravatar.com\/avatar\/ccc17943b9d660506c869530f897617f7cb1c21a4bf30023f252596d83e1f007?s=96&d=mm&r=g","caption":"admin"},"sameAs":["https:\/\/kibrisdakik.com"],"url":"https:\/\/kibrisdakik.com\/?author=1"}]}},"_links":{"self":[{"href":"https:\/\/kibrisdakik.com\/index.php?rest_route=\/wp\/v2\/posts\/39491","targetHints":{"allow":["GET"]}}],"collection":[{"href":"https:\/\/kibrisdakik.com\/index.php?rest_route=\/wp\/v2\/posts"}],"about":[{"href":"https:\/\/kibrisdakik.com\/index.php?rest_route=\/wp\/v2\/types\/post"}],"author":[{"embeddable":true,"href":"https:\/\/kibrisdakik.com\/index.php?rest_route=\/wp\/v2\/users\/1"}],"replies":[{"embeddable":true,"href":"https:\/\/kibrisdakik.com\/index.php?rest_route=%2Fwp%2Fv2%2Fcomments&post=39491"}],"version-history":[{"count":0,"href":"https:\/\/kibrisdakik.com\/index.php?rest_route=\/wp\/v2\/posts\/39491\/revisions"}],"wp:featuredmedia":[{"embeddable":true,"href":"https:\/\/kibrisdakik.com\/index.php?rest_route=\/wp\/v2\/media\/39492"}],"wp:attachment":[{"href":"https:\/\/kibrisdakik.com\/index.php?rest_route=%2Fwp%2Fv2%2Fmedia&parent=39491"}],"wp:term":[{"taxonomy":"category","embeddable":true,"href":"https:\/\/kibrisdakik.com\/index.php?rest_route=%2Fwp%2Fv2%2Fcategories&post=39491"},{"taxonomy":"post_tag","embeddable":true,"href":"https:\/\/kibrisdakik.com\/index.php?rest_route=%2Fwp%2Fv2%2Ftags&post=39491"}],"curies":[{"name":"wp","href":"https:\/\/api.w.org\/{rel}","templated":true}]}}