{"id":39525,"date":"2024-04-23T13:42:49","date_gmt":"2024-04-23T13:42:49","guid":{"rendered":"https:\/\/kibrisdakik.com\/index.php\/2024\/04\/23\/hasipoglundan-23-nisan-mesaji\/"},"modified":"2024-04-23T13:42:49","modified_gmt":"2024-04-23T13:42:49","slug":"hasipoglundan-23-nisan-mesaji","status":"publish","type":"post","link":"https:\/\/kibrisdakik.com\/?p=39525","title":{"rendered":"Hasipo\u011flu\u2019ndan 23 Nisan mesaj\u0131"},"content":{"rendered":"<p><\/p>\n<div>\n<div class=\"mariselle-image-container center\">\n                <img loading=\"lazy\" decoding=\"async\" width=\"1600\" height=\"1066\" class=\"lazy-image\" alt=\"\" sizes=\"auto, (max-width: 1600px) 100vw, 1600px\" src=\"https:\/\/brtk.net\/wp-content\/uploads\/2024\/04\/23\/hasipoglu-1-1.jpg?ver=65ffe6fba09cc223788752b6fd1fb978\" srcset=\"https:\/\/brtk.net\/wp-content\/uploads\/2024\/04\/23\/hasipoglu-1-1.jpg?ver=65ffe6fba09cc223788752b6fd1fb978 1600w, https:\/\/brtk.net\/wp-content\/uploads\/2024\/04\/23\/hasipoglu-1-1-300x200.jpg?ver=65ffe6fba09cc223788752b6fd1fb978 300w, https:\/\/brtk.net\/wp-content\/uploads\/2024\/04\/23\/hasipoglu-1-1-1024x682.jpg?ver=65ffe6fba09cc223788752b6fd1fb978 1024w, https:\/\/brtk.net\/wp-content\/uploads\/2024\/04\/23\/hasipoglu-1-1-768x512.jpg?ver=8024031916a09d0dc687f71d89ad7829 768w, https:\/\/brtk.net\/wp-content\/uploads\/2024\/04\/23\/hasipoglu-1-1-1536x1023.jpg?ver=8024031916a09d0dc687f71d89ad7829 1536w\"\/>                            <\/div>\n<p>Ulusal Birlik Partisi (<a href=\"https:\/\/brtk.net\/\">UBP<\/a>) Genel Sekreteri, Gazima\u011fusa Milletvekili O\u011fuzhan Hasipo\u011flu, 23 Nisan Ulusal Egemenlik ve \u00c7ocuk Bayram\u0131 dolay\u0131s\u0131yla mesaj yay\u0131nlayarak, bu bayram\u0131n ilelebet ayn\u0131 co\u015fkuyla kutlanmas\u0131n\u0131 sa\u011flamak i\u00e7in \u00e7al\u0131\u015ft\u0131klar\u0131n\u0131 anlatt\u0131.<\/p>\n<div class=\"mariselle-image-container center\">\n                <img loading=\"lazy\" decoding=\"async\" width=\"399\" height=\"325\" class=\"lazy-image\" alt=\"\" sizes=\"auto, (max-width: 399px) 100vw, 399px\" src=\"https:\/\/brtk.net\/wp-content\/uploads\/2024\/04\/23\/hasipoglu10.jpg?ver=357487667cf61954db7b6614273051fc\" srcset=\"https:\/\/brtk.net\/wp-content\/uploads\/2024\/04\/23\/hasipoglu10.jpg?ver=357487667cf61954db7b6614273051fc 399w, https:\/\/brtk.net\/wp-content\/uploads\/2024\/04\/23\/hasipoglu10-300x244.jpg?ver=357487667cf61954db7b6614273051fc 300w\"\/>                            <\/div>\n<p>\u201cYar\u0131n sahibi olacaklar\u0131 meclis koltuklar\u0131n\u0131, \u00e7ocuklar\u0131m\u0131za emanet ettik\u201d diyen Hasipo\u011flu, mesaj\u0131n\u0131 \u015f\u00f6yle s\u00fcrd\u00fcrd\u00fc:<\/p>\n<p>\u201cT\u00fcm \u00e7ocuklara arma\u011fan edilen 23 Nisan Ulusal Egemenlik ve \u00c7ocuk Bayram\u0131m\u0131z\u0131 <a href=\"https:\/\/brtk.net\/\">KKTC<\/a> Cumhuriyet Meclisimizin bir \u00fcyesi olarak t\u00fcm co\u015fkumuzla kutluyor, ilelebet ayn\u0131 co\u015fkuyla kutlanmas\u0131n\u0131 sa\u011flamak i\u00e7in birlik, beraberlik ve dayan\u0131\u015fma i\u00e7inde \u00e7al\u0131\u015fmalar\u0131m\u0131z\u0131 s\u00fcrd\u00fcr\u00fcyoruz.<\/p>\n<p>104 y\u0131l \u00f6nce bug\u00fcn, T\u00fcrk milletinin b\u00fcy\u00fck fedakarl\u0131klarla verdi\u011fi \u0130stiklal M\u00fccadelesinin merkezi, T\u00fcrkiye Cumhuriyeti\u2019nin kurulu\u015funun mihenk ta\u015flar\u0131ndan biri olan B\u00fcy\u00fck Millet Meclisi a\u00e7\u0131ld\u0131, egemenlik kay\u0131ts\u0131z \u015farts\u0131z T\u00fcrk milletinin oldu.<\/p>\n<p>104\u2019\u00fcnc\u00fc y\u0131l\u0131nda 23 Nisan Ulusal Egemenlik ve \u00c7ocuk Bayram\u0131\u2019n\u0131n \u00e7ocuklar\u0131m\u0131za kutlu olmas\u0131n\u0131 diliyorum.\u201d<\/p>\n<\/p><\/div>\n<p><script async\n                    defer\n                    crossorigin=\"anonymous\"\n                    src=\"https:\/\/connect.facebook.net\/tr_TR\/sdk.js#xfbml=1&#038;version=v3.3\"\n            ><\/script><\/p>\n","protected":false},"excerpt":{"rendered":"<p>Ulusal Birlik Partisi (UBP) Genel Sekreteri, Gazima\u011fusa Milletvekili O\u011fuzhan Hasipo\u011flu, 23 Nisan Ulusal Egemenlik ve \u00c7ocuk Bayram\u0131 dolay\u0131s\u0131yla mesaj yay\u0131nlayarak, bu bayram\u0131n ilelebet ayn\u0131 co\u015fkuyla kutlanmas\u0131n\u0131 sa\u011flamak i\u00e7in \u00e7al\u0131\u015ft\u0131klar\u0131n\u0131 anlatt\u0131. \u201cYar\u0131n sahibi olacaklar\u0131 meclis koltuklar\u0131n\u0131, \u00e7ocuklar\u0131m\u0131za emanet ettik\u201d diyen Hasipo\u011flu, mesaj\u0131n\u0131 \u015f\u00f6yle s\u00fcrd\u00fcrd\u00fc: \u201cT\u00fcm \u00e7ocuklara arma\u011fan edilen 23 Nisan Ulusal Egemenlik ve \u00c7ocuk Bayram\u0131m\u0131z\u0131 KKTC<\/p>\n","protected":false},"author":1,"featured_media":39526,"comment_status":"open","ping_status":"open","sticky":false,"template":"","format":"standard","meta":{"footnotes":""},"categories":[1],"tags":[],"class_list":["post-39525","post","type-post","status-publish","format-standard","has-post-thumbnail","hentry","category-gundem"],"yoast_head":"<!-- This site is optimized with the Yoast SEO plugin v27.5 - https:\/\/yoast.com\/product\/yoast-seo-wordpress\/ -->\n<title>Hasipo\u011flu\u2019ndan 23 Nisan mesaj\u0131 -<\/title>\n<meta name=\"robots\" content=\"index, follow, max-snippet:-1, max-image-preview:large, max-video-preview:-1\" \/>\n<link rel=\"canonical\" href=\"https:\/\/kibrisdakik.com\/?p=39525\" \/>\n<meta property=\"og:locale\" content=\"tr_TR\" \/>\n<meta property=\"og:type\" content=\"article\" \/>\n<meta property=\"og:title\" content=\"Hasipo\u011flu\u2019ndan 23 Nisan mesaj\u0131 -\" \/>\n<meta property=\"og:description\" content=\"Ulusal Birlik Partisi (UBP) Genel Sekreteri, Gazima\u011fusa Milletvekili O\u011fuzhan Hasipo\u011flu, 23 Nisan Ulusal Egemenlik ve \u00c7ocuk Bayram\u0131 dolay\u0131s\u0131yla mesaj yay\u0131nlayarak, bu bayram\u0131n ilelebet ayn\u0131 co\u015fkuyla kutlanmas\u0131n\u0131 sa\u011flamak i\u00e7in \u00e7al\u0131\u015ft\u0131klar\u0131n\u0131 anlatt\u0131. \u201cYar\u0131n sahibi olacaklar\u0131 meclis koltuklar\u0131n\u0131, \u00e7ocuklar\u0131m\u0131za emanet ettik\u201d diyen Hasipo\u011flu, mesaj\u0131n\u0131 \u015f\u00f6yle s\u00fcrd\u00fcrd\u00fc: \u201cT\u00fcm \u00e7ocuklara arma\u011fan edilen 23 Nisan Ulusal Egemenlik ve \u00c7ocuk Bayram\u0131m\u0131z\u0131 KKTC\" \/>\n<meta property=\"og:url\" content=\"https:\/\/kibrisdakik.com\/?p=39525\" \/>\n<meta property=\"article:published_time\" content=\"2024-04-23T13:42:49+00:00\" \/>\n<meta property=\"og:image\" content=\"https:\/\/kibrisdakik.com\/wp-content\/uploads\/2024\/04\/hasipoglu-2-1-740x420.jpg\" \/>\n\t<meta property=\"og:image:width\" content=\"1600\" \/>\n\t<meta property=\"og:image:height\" content=\"1066\" \/>\n\t<meta property=\"og:image:type\" content=\"image\/jpeg\" \/>\n<meta name=\"author\" content=\"admin\" \/>\n<meta name=\"twitter:card\" content=\"summary_large_image\" \/>\n<meta name=\"twitter:label1\" content=\"Yazan:\" \/>\n\t<meta name=\"twitter:data1\" content=\"admin\" \/>\n\t<meta name=\"twitter:label2\" content=\"Tahmini okuma s\u00fcresi\" \/>\n\t<meta name=\"twitter:data2\" content=\"1 dakika\" \/>\n<script type=\"application\/ld+json\" class=\"yoast-schema-graph\">{\"@context\":\"https:\\\/\\\/schema.org\",\"@graph\":[{\"@type\":\"Article\",\"@id\":\"https:\\\/\\\/kibrisdakik.com\\\/?p=39525#article\",\"isPartOf\":{\"@id\":\"https:\\\/\\\/kibrisdakik.com\\\/?p=39525\"},\"author\":{\"name\":\"admin\",\"@id\":\"https:\\\/\\\/kibrisdakik.com\\\/#\\\/schema\\\/person\\\/9cd9d437bbb44f72b73ba127e06d8e79\"},\"headline\":\"Hasipo\u011flu\u2019ndan 23 Nisan mesaj\u0131\",\"datePublished\":\"2024-04-23T13:42:49+00:00\",\"mainEntityOfPage\":{\"@id\":\"https:\\\/\\\/kibrisdakik.com\\\/?p=39525\"},\"wordCount\":186,\"commentCount\":0,\"image\":{\"@id\":\"https:\\\/\\\/kibrisdakik.com\\\/?p=39525#primaryimage\"},\"thumbnailUrl\":\"https:\\\/\\\/kibrisdakik.com\\\/wp-content\\\/uploads\\\/2024\\\/04\\\/hasipoglu-2-1-740x420.jpg\",\"articleSection\":[\"G\u00fcndem\"],\"inLanguage\":\"tr\",\"potentialAction\":[{\"@type\":\"CommentAction\",\"name\":\"Comment\",\"target\":[\"https:\\\/\\\/kibrisdakik.com\\\/?p=39525#respond\"]}]},{\"@type\":\"WebPage\",\"@id\":\"https:\\\/\\\/kibrisdakik.com\\\/?p=39525\",\"url\":\"https:\\\/\\\/kibrisdakik.com\\\/?p=39525\",\"name\":\"Hasipo\u011flu\u2019ndan 23 Nisan mesaj\u0131 -\",\"isPartOf\":{\"@id\":\"https:\\\/\\\/kibrisdakik.com\\\/#website\"},\"primaryImageOfPage\":{\"@id\":\"https:\\\/\\\/kibrisdakik.com\\\/?p=39525#primaryimage\"},\"image\":{\"@id\":\"https:\\\/\\\/kibrisdakik.com\\\/?p=39525#primaryimage\"},\"thumbnailUrl\":\"https:\\\/\\\/kibrisdakik.com\\\/wp-content\\\/uploads\\\/2024\\\/04\\\/hasipoglu-2-1-740x420.jpg\",\"datePublished\":\"2024-04-23T13:42:49+00:00\",\"author\":{\"@id\":\"https:\\\/\\\/kibrisdakik.com\\\/#\\\/schema\\\/person\\\/9cd9d437bbb44f72b73ba127e06d8e79\"},\"breadcrumb\":{\"@id\":\"https:\\\/\\\/kibrisdakik.com\\\/?p=39525#breadcrumb\"},\"inLanguage\":\"tr\",\"potentialAction\":[{\"@type\":\"ReadAction\",\"target\":[\"https:\\\/\\\/kibrisdakik.com\\\/?p=39525\"]}]},{\"@type\":\"ImageObject\",\"inLanguage\":\"tr\",\"@id\":\"https:\\\/\\\/kibrisdakik.com\\\/?p=39525#primaryimage\",\"url\":\"https:\\\/\\\/kibrisdakik.com\\\/wp-content\\\/uploads\\\/2024\\\/04\\\/hasipoglu-2-1-740x420.jpg\",\"contentUrl\":\"https:\\\/\\\/kibrisdakik.com\\\/wp-content\\\/uploads\\\/2024\\\/04\\\/hasipoglu-2-1-740x420.jpg\",\"width\":1600,\"height\":1066},{\"@type\":\"BreadcrumbList\",\"@id\":\"https:\\\/\\\/kibrisdakik.com\\\/?p=39525#breadcrumb\",\"itemListElement\":[{\"@type\":\"ListItem\",\"position\":1,\"name\":\"Home\",\"item\":\"https:\\\/\\\/kibrisdakik.com\\\/\"},{\"@type\":\"ListItem\",\"position\":2,\"name\":\"Hasipo\u011flu\u2019ndan 23 Nisan mesaj\u0131\"}]},{\"@type\":\"WebSite\",\"@id\":\"https:\\\/\\\/kibrisdakik.com\\\/#website\",\"url\":\"https:\\\/\\\/kibrisdakik.com\\\/\",\"name\":\"\",\"description\":\"Tam vaktinde haber\",\"potentialAction\":[{\"@type\":\"SearchAction\",\"target\":{\"@type\":\"EntryPoint\",\"urlTemplate\":\"https:\\\/\\\/kibrisdakik.com\\\/?s={search_term_string}\"},\"query-input\":{\"@type\":\"PropertyValueSpecification\",\"valueRequired\":true,\"valueName\":\"search_term_string\"}}],\"inLanguage\":\"tr\"},{\"@type\":\"Person\",\"@id\":\"https:\\\/\\\/kibrisdakik.com\\\/#\\\/schema\\\/person\\\/9cd9d437bbb44f72b73ba127e06d8e79\",\"name\":\"admin\",\"image\":{\"@type\":\"ImageObject\",\"inLanguage\":\"tr\",\"@id\":\"https:\\\/\\\/secure.gravatar.com\\\/avatar\\\/ccc17943b9d660506c869530f897617f7cb1c21a4bf30023f252596d83e1f007?s=96&d=mm&r=g\",\"url\":\"https:\\\/\\\/secure.gravatar.com\\\/avatar\\\/ccc17943b9d660506c869530f897617f7cb1c21a4bf30023f252596d83e1f007?s=96&d=mm&r=g\",\"contentUrl\":\"https:\\\/\\\/secure.gravatar.com\\\/avatar\\\/ccc17943b9d660506c869530f897617f7cb1c21a4bf30023f252596d83e1f007?s=96&d=mm&r=g\",\"caption\":\"admin\"},\"sameAs\":[\"https:\\\/\\\/kibrisdakik.com\"],\"url\":\"https:\\\/\\\/kibrisdakik.com\\\/?author=1\"}]}<\/script>\n<!-- \/ Yoast SEO plugin. -->","yoast_head_json":{"title":"Hasipo\u011flu\u2019ndan 23 Nisan mesaj\u0131 -","robots":{"index":"index","follow":"follow","max-snippet":"max-snippet:-1","max-image-preview":"max-image-preview:large","max-video-preview":"max-video-preview:-1"},"canonical":"https:\/\/kibrisdakik.com\/?p=39525","og_locale":"tr_TR","og_type":"article","og_title":"Hasipo\u011flu\u2019ndan 23 Nisan mesaj\u0131 -","og_description":"Ulusal Birlik Partisi (UBP) Genel Sekreteri, Gazima\u011fusa Milletvekili O\u011fuzhan Hasipo\u011flu, 23 Nisan Ulusal Egemenlik ve \u00c7ocuk Bayram\u0131 dolay\u0131s\u0131yla mesaj yay\u0131nlayarak, bu bayram\u0131n ilelebet ayn\u0131 co\u015fkuyla kutlanmas\u0131n\u0131 sa\u011flamak i\u00e7in \u00e7al\u0131\u015ft\u0131klar\u0131n\u0131 anlatt\u0131. \u201cYar\u0131n sahibi olacaklar\u0131 meclis koltuklar\u0131n\u0131, \u00e7ocuklar\u0131m\u0131za emanet ettik\u201d diyen Hasipo\u011flu, mesaj\u0131n\u0131 \u015f\u00f6yle s\u00fcrd\u00fcrd\u00fc: \u201cT\u00fcm \u00e7ocuklara arma\u011fan edilen 23 Nisan Ulusal Egemenlik ve \u00c7ocuk Bayram\u0131m\u0131z\u0131 KKTC","og_url":"https:\/\/kibrisdakik.com\/?p=39525","article_published_time":"2024-04-23T13:42:49+00:00","og_image":[{"width":1600,"height":1066,"url":"https:\/\/kibrisdakik.com\/wp-content\/uploads\/2024\/04\/hasipoglu-2-1-740x420.jpg","type":"image\/jpeg"}],"author":"admin","twitter_card":"summary_large_image","twitter_misc":{"Yazan:":"admin","Tahmini okuma s\u00fcresi":"1 dakika"},"schema":{"@context":"https:\/\/schema.org","@graph":[{"@type":"Article","@id":"https:\/\/kibrisdakik.com\/?p=39525#article","isPartOf":{"@id":"https:\/\/kibrisdakik.com\/?p=39525"},"author":{"name":"admin","@id":"https:\/\/kibrisdakik.com\/#\/schema\/person\/9cd9d437bbb44f72b73ba127e06d8e79"},"headline":"Hasipo\u011flu\u2019ndan 23 Nisan mesaj\u0131","datePublished":"2024-04-23T13:42:49+00:00","mainEntityOfPage":{"@id":"https:\/\/kibrisdakik.com\/?p=39525"},"wordCount":186,"commentCount":0,"image":{"@id":"https:\/\/kibrisdakik.com\/?p=39525#primaryimage"},"thumbnailUrl":"https:\/\/kibrisdakik.com\/wp-content\/uploads\/2024\/04\/hasipoglu-2-1-740x420.jpg","articleSection":["G\u00fcndem"],"inLanguage":"tr","potentialAction":[{"@type":"CommentAction","name":"Comment","target":["https:\/\/kibrisdakik.com\/?p=39525#respond"]}]},{"@type":"WebPage","@id":"https:\/\/kibrisdakik.com\/?p=39525","url":"https:\/\/kibrisdakik.com\/?p=39525","name":"Hasipo\u011flu\u2019ndan 23 Nisan mesaj\u0131 -","isPartOf":{"@id":"https:\/\/kibrisdakik.com\/#website"},"primaryImageOfPage":{"@id":"https:\/\/kibrisdakik.com\/?p=39525#primaryimage"},"image":{"@id":"https:\/\/kibrisdakik.com\/?p=39525#primaryimage"},"thumbnailUrl":"https:\/\/kibrisdakik.com\/wp-content\/uploads\/2024\/04\/hasipoglu-2-1-740x420.jpg","datePublished":"2024-04-23T13:42:49+00:00","author":{"@id":"https:\/\/kibrisdakik.com\/#\/schema\/person\/9cd9d437bbb44f72b73ba127e06d8e79"},"breadcrumb":{"@id":"https:\/\/kibrisdakik.com\/?p=39525#breadcrumb"},"inLanguage":"tr","potentialAction":[{"@type":"ReadAction","target":["https:\/\/kibrisdakik.com\/?p=39525"]}]},{"@type":"ImageObject","inLanguage":"tr","@id":"https:\/\/kibrisdakik.com\/?p=39525#primaryimage","url":"https:\/\/kibrisdakik.com\/wp-content\/uploads\/2024\/04\/hasipoglu-2-1-740x420.jpg","contentUrl":"https:\/\/kibrisdakik.com\/wp-content\/uploads\/2024\/04\/hasipoglu-2-1-740x420.jpg","width":1600,"height":1066},{"@type":"BreadcrumbList","@id":"https:\/\/kibrisdakik.com\/?p=39525#breadcrumb","itemListElement":[{"@type":"ListItem","position":1,"name":"Home","item":"https:\/\/kibrisdakik.com\/"},{"@type":"ListItem","position":2,"name":"Hasipo\u011flu\u2019ndan 23 Nisan mesaj\u0131"}]},{"@type":"WebSite","@id":"https:\/\/kibrisdakik.com\/#website","url":"https:\/\/kibrisdakik.com\/","name":"","description":"Tam vaktinde haber","potentialAction":[{"@type":"SearchAction","target":{"@type":"EntryPoint","urlTemplate":"https:\/\/kibrisdakik.com\/?s={search_term_string}"},"query-input":{"@type":"PropertyValueSpecification","valueRequired":true,"valueName":"search_term_string"}}],"inLanguage":"tr"},{"@type":"Person","@id":"https:\/\/kibrisdakik.com\/#\/schema\/person\/9cd9d437bbb44f72b73ba127e06d8e79","name":"admin","image":{"@type":"ImageObject","inLanguage":"tr","@id":"https:\/\/secure.gravatar.com\/avatar\/ccc17943b9d660506c869530f897617f7cb1c21a4bf30023f252596d83e1f007?s=96&d=mm&r=g","url":"https:\/\/secure.gravatar.com\/avatar\/ccc17943b9d660506c869530f897617f7cb1c21a4bf30023f252596d83e1f007?s=96&d=mm&r=g","contentUrl":"https:\/\/secure.gravatar.com\/avatar\/ccc17943b9d660506c869530f897617f7cb1c21a4bf30023f252596d83e1f007?s=96&d=mm&r=g","caption":"admin"},"sameAs":["https:\/\/kibrisdakik.com"],"url":"https:\/\/kibrisdakik.com\/?author=1"}]}},"_links":{"self":[{"href":"https:\/\/kibrisdakik.com\/index.php?rest_route=\/wp\/v2\/posts\/39525","targetHints":{"allow":["GET"]}}],"collection":[{"href":"https:\/\/kibrisdakik.com\/index.php?rest_route=\/wp\/v2\/posts"}],"about":[{"href":"https:\/\/kibrisdakik.com\/index.php?rest_route=\/wp\/v2\/types\/post"}],"author":[{"embeddable":true,"href":"https:\/\/kibrisdakik.com\/index.php?rest_route=\/wp\/v2\/users\/1"}],"replies":[{"embeddable":true,"href":"https:\/\/kibrisdakik.com\/index.php?rest_route=%2Fwp%2Fv2%2Fcomments&post=39525"}],"version-history":[{"count":0,"href":"https:\/\/kibrisdakik.com\/index.php?rest_route=\/wp\/v2\/posts\/39525\/revisions"}],"wp:featuredmedia":[{"embeddable":true,"href":"https:\/\/kibrisdakik.com\/index.php?rest_route=\/wp\/v2\/media\/39526"}],"wp:attachment":[{"href":"https:\/\/kibrisdakik.com\/index.php?rest_route=%2Fwp%2Fv2%2Fmedia&parent=39525"}],"wp:term":[{"taxonomy":"category","embeddable":true,"href":"https:\/\/kibrisdakik.com\/index.php?rest_route=%2Fwp%2Fv2%2Fcategories&post=39525"},{"taxonomy":"post_tag","embeddable":true,"href":"https:\/\/kibrisdakik.com\/index.php?rest_route=%2Fwp%2Fv2%2Ftags&post=39525"}],"curies":[{"name":"wp","href":"https:\/\/api.w.org\/{rel}","templated":true}]}}