{"id":39560,"date":"2024-04-23T17:48:33","date_gmt":"2024-04-23T17:48:33","guid":{"rendered":"https:\/\/kibrisdakik.com\/index.php\/2024\/04\/23\/tatarcocuklarimiz-yarinlarin-umutlari-ve-teminatidir\/"},"modified":"2024-04-23T17:48:33","modified_gmt":"2024-04-23T17:48:33","slug":"tatarcocuklarimiz-yarinlarin-umutlari-ve-teminatidir","status":"publish","type":"post","link":"https:\/\/kibrisdakik.com\/?p=39560","title":{"rendered":"Tatar:\u00c7ocuklar\u0131m\u0131z, yar\u0131nlar\u0131n umutlar\u0131 ve teminat\u0131d\u0131r"},"content":{"rendered":"<p><\/p>\n<div>\n<div class=\"mariselle-image-container center\">\n                <img loading=\"lazy\" decoding=\"async\" width=\"1600\" height=\"738\" class=\"lazy-image\" alt=\"\" sizes=\"auto, (max-width: 1600px) 100vw, 1600px\" src=\"https:\/\/brtk.net\/wp-content\/uploads\/2024\/04\/23\/gqoegq.jpg?ver=768db983366875f2c9aff4163b8c2447\" srcset=\"https:\/\/brtk.net\/wp-content\/uploads\/2024\/04\/23\/gqoegq.jpg?ver=768db983366875f2c9aff4163b8c2447 1600w, https:\/\/brtk.net\/wp-content\/uploads\/2024\/04\/23\/gqoegq-300x138.jpg?ver=768db983366875f2c9aff4163b8c2447 300w, https:\/\/brtk.net\/wp-content\/uploads\/2024\/04\/23\/gqoegq-1024x472.jpg?ver=768db983366875f2c9aff4163b8c2447 1024w, https:\/\/brtk.net\/wp-content\/uploads\/2024\/04\/23\/gqoegq-768x354.jpg?ver=768db983366875f2c9aff4163b8c2447 768w, https:\/\/brtk.net\/wp-content\/uploads\/2024\/04\/23\/gqoegq-1536x708.jpg?ver=d7199e337acf3ba2fdf68916f0d436fc 1536w\"\/>                            <\/div>\n<p>Cumhurba\u015fkan\u0131 <a href=\"https:\/\/brtk.net\/\" target=\"_blank\" rel=\"noopener\"><a href=\"https:\/\/brtk.net\/\" target=\"_blank\" rel=\"noopener\">Ersin <\/a><a href=\"https:\/\/brtk.net\/\"\/><a href=\"https:\/\/brtk.net\/\"\/><a href=\"https:\/\/brtk.net\/\"\/><a href=\"https:\/\/brtk.net\/\"\/><a href=\"https:\/\/brtk.net\/\">Tatar<\/a>, \u015eehit Ertu\u011frul \u0130lkokulu\u2019nun d\u00fczenledi\u011fi 23 Nisan g\u00f6sterisini izledi.<\/p>\n<p>\u015eehit H\u00fcseyin Ruso Stad\u0131\u2019nda d\u00fczenlenen t\u00f6rende konu\u015fan Cumhurba\u015fkan\u0131 <a href=\"https:\/\/brtk.net\/\" target=\"_blank\" rel=\"noopener\"><a href=\"https:\/\/brtk.net\/\" target=\"_blank\" rel=\"noopener\">Ersin <\/a><a href=\"https:\/\/brtk.net\/\"\/><a href=\"https:\/\/brtk.net\/\"\/><a href=\"https:\/\/brtk.net\/\"\/><a href=\"https:\/\/brtk.net\/\"\/><a href=\"https:\/\/brtk.net\/\">Tatar<\/a>, 23 Nisan\u2019\u0131n Ulu \u00d6nder Mustafa Kemal Atat\u00fcrk\u2019\u00fcn \u00e7ocuklara arma\u011fan etti\u011fi \u00f6nemli bir g\u00fcn oldu\u011funu belirterek, \u00e7ocuklar\u0131n 23 Nisan Ulusal Egemenlik ve \u00c7ocuk Bayram\u0131\u2019n\u0131 kutlad\u0131.<\/p>\n<p>\u00c7ocuklara b\u00fcy\u00fck \u00f6nem ve de\u011fer verdiklerini anlatan Cumhurba\u015fkan\u0131 <a href=\"https:\/\/brtk.net\/\"\/><a href=\"https:\/\/brtk.net\/\"\/><a href=\"https:\/\/brtk.net\/\"\/><a href=\"https:\/\/brtk.net\/\"\/><a href=\"https:\/\/brtk.net\/\">Tatar<\/a>, \u201cSergilenen g\u00f6sterilerle bizleri gururland\u0131rmaktas\u0131n\u0131z. Sizlere y\u00fcrekten te\u015fekk\u00fcr ediyorum\u201d dedi.<\/p>\n<p>\u00c7ocuklar\u0131n, yar\u0131nlar\u0131n umutlar\u0131 ve teminatlar\u0131 oldu\u011funa i\u015faret eden Cumhurba\u015fkan\u0131 <a href=\"https:\/\/brtk.net\/\"\/><a href=\"https:\/\/brtk.net\/\"\/><a href=\"https:\/\/brtk.net\/\"\/><a href=\"https:\/\/brtk.net\/\"\/><a href=\"https:\/\/brtk.net\/\">Tatar<\/a>, 104 y\u0131l \u00f6nce \u2018Egemenlik milletindir, irade milletindir\u2019 diyen Atat\u00fcrk\u2019\u00fcn T\u00fcrkiye B\u00fcy\u00fck Millet Meclisi\u2019ni kurdu\u011funu ve bu tarihi d\u00fcnya \u00e7ocuklar\u0131na bayram olarak arma\u011fan etti\u011fini vurgulad\u0131.<\/p>\n<p>K\u0131br\u0131s T\u00fcrk\u00fc\u2019n\u00fcn b\u00fcy\u00fck T\u00fcrk Milletinin ayr\u0131lmaz ve kopmaz bir par\u00e7as\u0131 olarak 104 y\u0131ld\u0131r bu bayram\u0131 kutlad\u0131\u011f\u0131n\u0131 ifade eden Cumhurba\u015fkan\u0131 <a href=\"https:\/\/brtk.net\/\"\/><a href=\"https:\/\/brtk.net\/\"\/><a href=\"https:\/\/brtk.net\/\"\/><a href=\"https:\/\/brtk.net\/\"\/><a href=\"https:\/\/brtk.net\/\">Tatar<\/a>, Kuzey K\u0131br\u0131s T\u00fcrk Cumhuriyeti\u2019nde egemenli\u011fin \u00e7ok \u00f6nemli oldu\u011funa dikkat \u00e7ekti.<\/p>\n<p>Gelecekte bar\u0131\u015f, huzur ve g\u00fcven i\u00e7inde \u00fclkeyi y\u00f6netecek ve \u00fclkeye sahip \u00e7\u0131kacak \u00e7ocuklara g\u00fcveninin tam oldu\u011funu dile getiren Cumhurba\u015fkan\u0131 <a href=\"https:\/\/brtk.net\/\"\/><a href=\"https:\/\/brtk.net\/\"\/><a href=\"https:\/\/brtk.net\/\"\/><a href=\"https:\/\/brtk.net\/\"\/><a href=\"https:\/\/brtk.net\/\">Tatar<\/a>, \u00e7ocuklar\u0131n yeti\u015ftirilmesinde eme\u011fi ge\u00e7en \u00f6\u011fretmenleri ve aileleri tebrik etti.<\/p>\n<\/p><\/div>\n<p><script async\n                    defer\n                    crossorigin=\"anonymous\"\n                    src=\"https:\/\/connect.facebook.net\/tr_TR\/sdk.js#xfbml=1&#038;version=v3.3\"\n            ><\/script><\/p>\n","protected":false},"excerpt":{"rendered":"<p>Cumhurba\u015fkan\u0131 Ersin Tatar, \u015eehit Ertu\u011frul \u0130lkokulu\u2019nun d\u00fczenledi\u011fi 23 Nisan g\u00f6sterisini izledi. \u015eehit H\u00fcseyin Ruso Stad\u0131\u2019nda d\u00fczenlenen t\u00f6rende konu\u015fan Cumhurba\u015fkan\u0131 Ersin Tatar, 23 Nisan\u2019\u0131n Ulu \u00d6nder Mustafa Kemal Atat\u00fcrk\u2019\u00fcn \u00e7ocuklara arma\u011fan etti\u011fi \u00f6nemli bir g\u00fcn oldu\u011funu belirterek, \u00e7ocuklar\u0131n 23 Nisan Ulusal Egemenlik ve \u00c7ocuk Bayram\u0131\u2019n\u0131 kutlad\u0131. \u00c7ocuklara b\u00fcy\u00fck \u00f6nem ve de\u011fer verdiklerini anlatan Cumhurba\u015fkan\u0131 Tatar, \u201cSergilenen<\/p>\n","protected":false},"author":1,"featured_media":39561,"comment_status":"open","ping_status":"open","sticky":false,"template":"","format":"standard","meta":{"footnotes":""},"categories":[1],"tags":[],"class_list":["post-39560","post","type-post","status-publish","format-standard","has-post-thumbnail","hentry","category-gundem"],"yoast_head":"<!-- This site is optimized with the Yoast SEO plugin v27.5 - https:\/\/yoast.com\/product\/yoast-seo-wordpress\/ -->\n<title>Tatar:\u00c7ocuklar\u0131m\u0131z, yar\u0131nlar\u0131n umutlar\u0131 ve teminat\u0131d\u0131r -<\/title>\n<meta name=\"robots\" content=\"index, follow, max-snippet:-1, max-image-preview:large, max-video-preview:-1\" \/>\n<link rel=\"canonical\" href=\"https:\/\/kibrisdakik.com\/?p=39560\" \/>\n<meta property=\"og:locale\" content=\"tr_TR\" \/>\n<meta property=\"og:type\" content=\"article\" \/>\n<meta property=\"og:title\" content=\"Tatar:\u00c7ocuklar\u0131m\u0131z, yar\u0131nlar\u0131n umutlar\u0131 ve teminat\u0131d\u0131r -\" \/>\n<meta property=\"og:description\" content=\"Cumhurba\u015fkan\u0131 Ersin Tatar, \u015eehit Ertu\u011frul \u0130lkokulu\u2019nun d\u00fczenledi\u011fi 23 Nisan g\u00f6sterisini izledi. \u015eehit H\u00fcseyin Ruso Stad\u0131\u2019nda d\u00fczenlenen t\u00f6rende konu\u015fan Cumhurba\u015fkan\u0131 Ersin Tatar, 23 Nisan\u2019\u0131n Ulu \u00d6nder Mustafa Kemal Atat\u00fcrk\u2019\u00fcn \u00e7ocuklara arma\u011fan etti\u011fi \u00f6nemli bir g\u00fcn oldu\u011funu belirterek, \u00e7ocuklar\u0131n 23 Nisan Ulusal Egemenlik ve \u00c7ocuk Bayram\u0131\u2019n\u0131 kutlad\u0131. \u00c7ocuklara b\u00fcy\u00fck \u00f6nem ve de\u011fer verdiklerini anlatan Cumhurba\u015fkan\u0131 Tatar, \u201cSergilenen\" \/>\n<meta property=\"og:url\" content=\"https:\/\/kibrisdakik.com\/?p=39560\" \/>\n<meta property=\"article:published_time\" content=\"2024-04-23T17:48:33+00:00\" \/>\n<meta property=\"og:image\" content=\"https:\/\/kibrisdakik.com\/wp-content\/uploads\/2024\/04\/gqoegq-740x420.jpg\" \/>\n\t<meta property=\"og:image:width\" content=\"1600\" \/>\n\t<meta property=\"og:image:height\" content=\"738\" \/>\n\t<meta property=\"og:image:type\" content=\"image\/jpeg\" \/>\n<meta name=\"author\" content=\"admin\" \/>\n<meta name=\"twitter:card\" content=\"summary_large_image\" \/>\n<meta name=\"twitter:label1\" content=\"Yazan:\" \/>\n\t<meta name=\"twitter:data1\" content=\"admin\" \/>\n\t<meta name=\"twitter:label2\" content=\"Tahmini okuma s\u00fcresi\" \/>\n\t<meta name=\"twitter:data2\" content=\"1 dakika\" \/>\n<script type=\"application\/ld+json\" class=\"yoast-schema-graph\">{\"@context\":\"https:\\\/\\\/schema.org\",\"@graph\":[{\"@type\":\"Article\",\"@id\":\"https:\\\/\\\/kibrisdakik.com\\\/?p=39560#article\",\"isPartOf\":{\"@id\":\"https:\\\/\\\/kibrisdakik.com\\\/?p=39560\"},\"author\":{\"name\":\"admin\",\"@id\":\"https:\\\/\\\/kibrisdakik.com\\\/#\\\/schema\\\/person\\\/9cd9d437bbb44f72b73ba127e06d8e79\"},\"headline\":\"Tatar:\u00c7ocuklar\u0131m\u0131z, yar\u0131nlar\u0131n umutlar\u0131 ve teminat\u0131d\u0131r\",\"datePublished\":\"2024-04-23T17:48:33+00:00\",\"mainEntityOfPage\":{\"@id\":\"https:\\\/\\\/kibrisdakik.com\\\/?p=39560\"},\"wordCount\":243,\"commentCount\":0,\"image\":{\"@id\":\"https:\\\/\\\/kibrisdakik.com\\\/?p=39560#primaryimage\"},\"thumbnailUrl\":\"https:\\\/\\\/kibrisdakik.com\\\/wp-content\\\/uploads\\\/2024\\\/04\\\/gqoegq-740x420.jpg\",\"articleSection\":[\"G\u00fcndem\"],\"inLanguage\":\"tr\",\"potentialAction\":[{\"@type\":\"CommentAction\",\"name\":\"Comment\",\"target\":[\"https:\\\/\\\/kibrisdakik.com\\\/?p=39560#respond\"]}]},{\"@type\":\"WebPage\",\"@id\":\"https:\\\/\\\/kibrisdakik.com\\\/?p=39560\",\"url\":\"https:\\\/\\\/kibrisdakik.com\\\/?p=39560\",\"name\":\"Tatar:\u00c7ocuklar\u0131m\u0131z, yar\u0131nlar\u0131n umutlar\u0131 ve teminat\u0131d\u0131r -\",\"isPartOf\":{\"@id\":\"https:\\\/\\\/kibrisdakik.com\\\/#website\"},\"primaryImageOfPage\":{\"@id\":\"https:\\\/\\\/kibrisdakik.com\\\/?p=39560#primaryimage\"},\"image\":{\"@id\":\"https:\\\/\\\/kibrisdakik.com\\\/?p=39560#primaryimage\"},\"thumbnailUrl\":\"https:\\\/\\\/kibrisdakik.com\\\/wp-content\\\/uploads\\\/2024\\\/04\\\/gqoegq-740x420.jpg\",\"datePublished\":\"2024-04-23T17:48:33+00:00\",\"author\":{\"@id\":\"https:\\\/\\\/kibrisdakik.com\\\/#\\\/schema\\\/person\\\/9cd9d437bbb44f72b73ba127e06d8e79\"},\"breadcrumb\":{\"@id\":\"https:\\\/\\\/kibrisdakik.com\\\/?p=39560#breadcrumb\"},\"inLanguage\":\"tr\",\"potentialAction\":[{\"@type\":\"ReadAction\",\"target\":[\"https:\\\/\\\/kibrisdakik.com\\\/?p=39560\"]}]},{\"@type\":\"ImageObject\",\"inLanguage\":\"tr\",\"@id\":\"https:\\\/\\\/kibrisdakik.com\\\/?p=39560#primaryimage\",\"url\":\"https:\\\/\\\/kibrisdakik.com\\\/wp-content\\\/uploads\\\/2024\\\/04\\\/gqoegq-740x420.jpg\",\"contentUrl\":\"https:\\\/\\\/kibrisdakik.com\\\/wp-content\\\/uploads\\\/2024\\\/04\\\/gqoegq-740x420.jpg\",\"width\":1600,\"height\":738},{\"@type\":\"BreadcrumbList\",\"@id\":\"https:\\\/\\\/kibrisdakik.com\\\/?p=39560#breadcrumb\",\"itemListElement\":[{\"@type\":\"ListItem\",\"position\":1,\"name\":\"Home\",\"item\":\"https:\\\/\\\/kibrisdakik.com\\\/\"},{\"@type\":\"ListItem\",\"position\":2,\"name\":\"Tatar:\u00c7ocuklar\u0131m\u0131z, yar\u0131nlar\u0131n umutlar\u0131 ve teminat\u0131d\u0131r\"}]},{\"@type\":\"WebSite\",\"@id\":\"https:\\\/\\\/kibrisdakik.com\\\/#website\",\"url\":\"https:\\\/\\\/kibrisdakik.com\\\/\",\"name\":\"\",\"description\":\"Tam vaktinde haber\",\"potentialAction\":[{\"@type\":\"SearchAction\",\"target\":{\"@type\":\"EntryPoint\",\"urlTemplate\":\"https:\\\/\\\/kibrisdakik.com\\\/?s={search_term_string}\"},\"query-input\":{\"@type\":\"PropertyValueSpecification\",\"valueRequired\":true,\"valueName\":\"search_term_string\"}}],\"inLanguage\":\"tr\"},{\"@type\":\"Person\",\"@id\":\"https:\\\/\\\/kibrisdakik.com\\\/#\\\/schema\\\/person\\\/9cd9d437bbb44f72b73ba127e06d8e79\",\"name\":\"admin\",\"image\":{\"@type\":\"ImageObject\",\"inLanguage\":\"tr\",\"@id\":\"https:\\\/\\\/secure.gravatar.com\\\/avatar\\\/ccc17943b9d660506c869530f897617f7cb1c21a4bf30023f252596d83e1f007?s=96&d=mm&r=g\",\"url\":\"https:\\\/\\\/secure.gravatar.com\\\/avatar\\\/ccc17943b9d660506c869530f897617f7cb1c21a4bf30023f252596d83e1f007?s=96&d=mm&r=g\",\"contentUrl\":\"https:\\\/\\\/secure.gravatar.com\\\/avatar\\\/ccc17943b9d660506c869530f897617f7cb1c21a4bf30023f252596d83e1f007?s=96&d=mm&r=g\",\"caption\":\"admin\"},\"sameAs\":[\"https:\\\/\\\/kibrisdakik.com\"],\"url\":\"https:\\\/\\\/kibrisdakik.com\\\/?author=1\"}]}<\/script>\n<!-- \/ Yoast SEO plugin. -->","yoast_head_json":{"title":"Tatar:\u00c7ocuklar\u0131m\u0131z, yar\u0131nlar\u0131n umutlar\u0131 ve teminat\u0131d\u0131r -","robots":{"index":"index","follow":"follow","max-snippet":"max-snippet:-1","max-image-preview":"max-image-preview:large","max-video-preview":"max-video-preview:-1"},"canonical":"https:\/\/kibrisdakik.com\/?p=39560","og_locale":"tr_TR","og_type":"article","og_title":"Tatar:\u00c7ocuklar\u0131m\u0131z, yar\u0131nlar\u0131n umutlar\u0131 ve teminat\u0131d\u0131r -","og_description":"Cumhurba\u015fkan\u0131 Ersin Tatar, \u015eehit Ertu\u011frul \u0130lkokulu\u2019nun d\u00fczenledi\u011fi 23 Nisan g\u00f6sterisini izledi. \u015eehit H\u00fcseyin Ruso Stad\u0131\u2019nda d\u00fczenlenen t\u00f6rende konu\u015fan Cumhurba\u015fkan\u0131 Ersin Tatar, 23 Nisan\u2019\u0131n Ulu \u00d6nder Mustafa Kemal Atat\u00fcrk\u2019\u00fcn \u00e7ocuklara arma\u011fan etti\u011fi \u00f6nemli bir g\u00fcn oldu\u011funu belirterek, \u00e7ocuklar\u0131n 23 Nisan Ulusal Egemenlik ve \u00c7ocuk Bayram\u0131\u2019n\u0131 kutlad\u0131. \u00c7ocuklara b\u00fcy\u00fck \u00f6nem ve de\u011fer verdiklerini anlatan Cumhurba\u015fkan\u0131 Tatar, \u201cSergilenen","og_url":"https:\/\/kibrisdakik.com\/?p=39560","article_published_time":"2024-04-23T17:48:33+00:00","og_image":[{"width":1600,"height":738,"url":"https:\/\/kibrisdakik.com\/wp-content\/uploads\/2024\/04\/gqoegq-740x420.jpg","type":"image\/jpeg"}],"author":"admin","twitter_card":"summary_large_image","twitter_misc":{"Yazan:":"admin","Tahmini okuma s\u00fcresi":"1 dakika"},"schema":{"@context":"https:\/\/schema.org","@graph":[{"@type":"Article","@id":"https:\/\/kibrisdakik.com\/?p=39560#article","isPartOf":{"@id":"https:\/\/kibrisdakik.com\/?p=39560"},"author":{"name":"admin","@id":"https:\/\/kibrisdakik.com\/#\/schema\/person\/9cd9d437bbb44f72b73ba127e06d8e79"},"headline":"Tatar:\u00c7ocuklar\u0131m\u0131z, yar\u0131nlar\u0131n umutlar\u0131 ve teminat\u0131d\u0131r","datePublished":"2024-04-23T17:48:33+00:00","mainEntityOfPage":{"@id":"https:\/\/kibrisdakik.com\/?p=39560"},"wordCount":243,"commentCount":0,"image":{"@id":"https:\/\/kibrisdakik.com\/?p=39560#primaryimage"},"thumbnailUrl":"https:\/\/kibrisdakik.com\/wp-content\/uploads\/2024\/04\/gqoegq-740x420.jpg","articleSection":["G\u00fcndem"],"inLanguage":"tr","potentialAction":[{"@type":"CommentAction","name":"Comment","target":["https:\/\/kibrisdakik.com\/?p=39560#respond"]}]},{"@type":"WebPage","@id":"https:\/\/kibrisdakik.com\/?p=39560","url":"https:\/\/kibrisdakik.com\/?p=39560","name":"Tatar:\u00c7ocuklar\u0131m\u0131z, yar\u0131nlar\u0131n umutlar\u0131 ve teminat\u0131d\u0131r -","isPartOf":{"@id":"https:\/\/kibrisdakik.com\/#website"},"primaryImageOfPage":{"@id":"https:\/\/kibrisdakik.com\/?p=39560#primaryimage"},"image":{"@id":"https:\/\/kibrisdakik.com\/?p=39560#primaryimage"},"thumbnailUrl":"https:\/\/kibrisdakik.com\/wp-content\/uploads\/2024\/04\/gqoegq-740x420.jpg","datePublished":"2024-04-23T17:48:33+00:00","author":{"@id":"https:\/\/kibrisdakik.com\/#\/schema\/person\/9cd9d437bbb44f72b73ba127e06d8e79"},"breadcrumb":{"@id":"https:\/\/kibrisdakik.com\/?p=39560#breadcrumb"},"inLanguage":"tr","potentialAction":[{"@type":"ReadAction","target":["https:\/\/kibrisdakik.com\/?p=39560"]}]},{"@type":"ImageObject","inLanguage":"tr","@id":"https:\/\/kibrisdakik.com\/?p=39560#primaryimage","url":"https:\/\/kibrisdakik.com\/wp-content\/uploads\/2024\/04\/gqoegq-740x420.jpg","contentUrl":"https:\/\/kibrisdakik.com\/wp-content\/uploads\/2024\/04\/gqoegq-740x420.jpg","width":1600,"height":738},{"@type":"BreadcrumbList","@id":"https:\/\/kibrisdakik.com\/?p=39560#breadcrumb","itemListElement":[{"@type":"ListItem","position":1,"name":"Home","item":"https:\/\/kibrisdakik.com\/"},{"@type":"ListItem","position":2,"name":"Tatar:\u00c7ocuklar\u0131m\u0131z, yar\u0131nlar\u0131n umutlar\u0131 ve teminat\u0131d\u0131r"}]},{"@type":"WebSite","@id":"https:\/\/kibrisdakik.com\/#website","url":"https:\/\/kibrisdakik.com\/","name":"","description":"Tam vaktinde haber","potentialAction":[{"@type":"SearchAction","target":{"@type":"EntryPoint","urlTemplate":"https:\/\/kibrisdakik.com\/?s={search_term_string}"},"query-input":{"@type":"PropertyValueSpecification","valueRequired":true,"valueName":"search_term_string"}}],"inLanguage":"tr"},{"@type":"Person","@id":"https:\/\/kibrisdakik.com\/#\/schema\/person\/9cd9d437bbb44f72b73ba127e06d8e79","name":"admin","image":{"@type":"ImageObject","inLanguage":"tr","@id":"https:\/\/secure.gravatar.com\/avatar\/ccc17943b9d660506c869530f897617f7cb1c21a4bf30023f252596d83e1f007?s=96&d=mm&r=g","url":"https:\/\/secure.gravatar.com\/avatar\/ccc17943b9d660506c869530f897617f7cb1c21a4bf30023f252596d83e1f007?s=96&d=mm&r=g","contentUrl":"https:\/\/secure.gravatar.com\/avatar\/ccc17943b9d660506c869530f897617f7cb1c21a4bf30023f252596d83e1f007?s=96&d=mm&r=g","caption":"admin"},"sameAs":["https:\/\/kibrisdakik.com"],"url":"https:\/\/kibrisdakik.com\/?author=1"}]}},"_links":{"self":[{"href":"https:\/\/kibrisdakik.com\/index.php?rest_route=\/wp\/v2\/posts\/39560","targetHints":{"allow":["GET"]}}],"collection":[{"href":"https:\/\/kibrisdakik.com\/index.php?rest_route=\/wp\/v2\/posts"}],"about":[{"href":"https:\/\/kibrisdakik.com\/index.php?rest_route=\/wp\/v2\/types\/post"}],"author":[{"embeddable":true,"href":"https:\/\/kibrisdakik.com\/index.php?rest_route=\/wp\/v2\/users\/1"}],"replies":[{"embeddable":true,"href":"https:\/\/kibrisdakik.com\/index.php?rest_route=%2Fwp%2Fv2%2Fcomments&post=39560"}],"version-history":[{"count":0,"href":"https:\/\/kibrisdakik.com\/index.php?rest_route=\/wp\/v2\/posts\/39560\/revisions"}],"wp:featuredmedia":[{"embeddable":true,"href":"https:\/\/kibrisdakik.com\/index.php?rest_route=\/wp\/v2\/media\/39561"}],"wp:attachment":[{"href":"https:\/\/kibrisdakik.com\/index.php?rest_route=%2Fwp%2Fv2%2Fmedia&parent=39560"}],"wp:term":[{"taxonomy":"category","embeddable":true,"href":"https:\/\/kibrisdakik.com\/index.php?rest_route=%2Fwp%2Fv2%2Fcategories&post=39560"},{"taxonomy":"post_tag","embeddable":true,"href":"https:\/\/kibrisdakik.com\/index.php?rest_route=%2Fwp%2Fv2%2Ftags&post=39560"}],"curies":[{"name":"wp","href":"https:\/\/api.w.org\/{rel}","templated":true}]}}