{"id":39606,"date":"2024-04-23T10:22:00","date_gmt":"2024-04-23T10:22:00","guid":{"rendered":"https:\/\/kibrisdakik.com\/index.php\/2024\/04\/23\/cumhurbaskani-erdogandan-gidada-fahis-fiyat-artislarina-karsi-net-mesaj-uzerine-gidecegiz-caydirici-tedbirler-masada\/"},"modified":"2024-04-23T10:22:00","modified_gmt":"2024-04-23T10:22:00","slug":"cumhurbaskani-erdogandan-gidada-fahis-fiyat-artislarina-karsi-net-mesaj-uzerine-gidecegiz-caydirici-tedbirler-masada","status":"publish","type":"post","link":"https:\/\/kibrisdakik.com\/?p=39606","title":{"rendered":"Cumhurba\u015fkan\u0131 Erdo\u011fan&#039;dan g\u0131dada fahi\u015f fiyat art\u0131\u015flar\u0131na kar\u015f\u0131 net mesaj: \u00dczerine gidece\u011fiz, cayd\u0131r\u0131c\u0131 tedbirler masada"},"content":{"rendered":"<p><img decoding=\"async\" src=\"https:\/\/www.kibristurk.com\/images\/haberler\/2024\/04\/cumhurbaskani-erdogandan-gidada-fahis-fiyat-artislarina-karsi-net-mesaj-uzerine-gidecegiz-caydirici-tedbirler-masada-1713867870.webp\" \/><\/p>\n<p>Cumhurba\u015fkan\u0131 Recep Tayyip Erdo\u011fan,&nbsp;\u0131rak ziyareti&nbsp;d\u00f6n\u00fc\u015f\u00fc u\u00e7akta gazetecilerin g\u00fcndeme dair sorular\u0131na yan\u0131t verdi.<\/p>\n<p>\u0130\u015fte Erdo\u011fan&#8217;\u0131n a\u00e7\u0131klamalar\u0131ndan sat\u0131rba\u015flar\u0131:<\/p>\n<p><strong>&#8220;\u0130SMA\u0130LA\u011eA CAM\u0130ASINA BA\u015eSA\u011eLI\u011eI D\u0130L\u0130YORUM&#8221;<\/strong><\/p>\n<p>K\u0131ymetli bas\u0131n mensuplar\u0131, de\u011ferli arkada\u015flar sizleri en kalbi duygular\u0131mla, sevgiyle selaml\u0131yorum. \u00d6ncelikle bug\u00fcn vefat haberini derin bir teess\u00fcrle \u00f6\u011frendi\u011fim, son devrin manevi liderlerinden Hasan K\u0131l\u0131\u00e7 Hocaefendiye Allah&#8217;tan rahmet niyaz ediyorum. Merhum Hasan Efendi ile k\u0131sa bir s\u00fcre \u00f6nce y\u00fcz y\u00fcze g\u00f6r\u00fc\u015fm\u00fc\u015f, kendisinin hay\u0131r duas\u0131n\u0131 alm\u0131\u015ft\u0131k. Rabbim, ruhunu \u015fad, mekan\u0131n\u0131 cennet eylesin diyorum. K\u0131ymetli hocam\u0131z\u0131n ailesine, yak\u0131nlar\u0131na, talebelerine ve t\u00fcm \u0130smaila\u011fa camias\u0131na ba\u015fsa\u011fl\u0131\u011f\u0131 diliyorum.&nbsp;<\/p>\n<p><strong>IRAK Z\u0130YARET\u0130<\/strong><\/p>\n<p>De\u011ferli bas\u0131n mensuplar\u0131, aziz karde\u015fim Irak Ba\u015fbakan\u0131 Say\u0131n Muhammed \u015eiya es-Sudani\u2019nin daveti \u00fczerine Irak&#8217;a resmi bir ziyaret ger\u00e7ekle\u015ftirdik. Irak Cumhurba\u015fkan\u0131 Say\u0131n Abdullatif Re\u015fit&#8217;le ve Irak Ba\u015fbakan\u0131 Sudani ile yapt\u0131\u011f\u0131m\u0131z g\u00f6r\u00fc\u015fmelerde son d\u00f6nemde ivme kazanan ili\u015fkilerimizi ele ald\u0131k. M\u00fcnasebetlerimizi daha da ilerletme y\u00f6n\u00fcndeki ortak irademizi teyit ettik. Ba\u015fbakan Say\u0131n Sudani riyasetindeki h\u00fck\u00fcmetin Irak&#8217;ta istikrar\u0131n ve refah\u0131n idamesi i\u00e7in att\u0131\u011f\u0131 ad\u0131mlara verdi\u011fimiz deste\u011fi bu vesileyle tekrar vurgulad\u0131k. \u00d6zellikle ter\u00f6rle m\u00fccadele, ticaret, ula\u015ft\u0131rma, enerji ve iklim de\u011fi\u015fikli\u011finin etkileri gibi ba\u015fl\u0131klarda atabilece\u011fimiz ad\u0131mlar\u0131 de\u011ferlendirdik. Biliyorsunuz Irak k\u0131sa s\u00fcre \u00f6nce ter\u00f6r \u00f6rg\u00fct\u00fc PKK&#8217;y\u0131 yasakl\u0131 \u00f6rg\u00fct ilan etti. \u00dclkemizin bundan duydu\u011fu memnuniyeti dile getirdik. PKK&#8217;n\u0131n resmen ter\u00f6r \u00f6rg\u00fct\u00fc ilan edilerek Irak&#8217;taki mevcudiyetinin sonland\u0131r\u0131lmas\u0131 y\u00f6n\u00fcndeki beklentimizi bir kez daha vurgulad\u0131k. \u00d6n\u00fcm\u00fczdeki d\u00f6nemde in\u015fallah bunun somut \u00e7\u0131kt\u0131lar\u0131n\u0131 daha net g\u00f6rece\u011fiz. Kalk\u0131nma Yolu Projesi de g\u00fcndemimizin en \u00fcst s\u0131ras\u0131ndayd\u0131. \u0130mzalad\u0131\u011f\u0131m\u0131z d\u00f6rtl\u00fc mutabakat muht\u0131ras\u0131yla bu konuda kritik bir e\u015fi\u011fi daha a\u015fm\u0131\u015f bulunuyoruz. \u0130n\u015fallah bundan sonra daha da mesafe alaca\u011f\u0131z. Ayr\u0131ca akdedilen 27 anla\u015fma ve mutabakat zaptlar\u0131yla ili\u015fkilerimizin ahdi zeminini g\u00fc\u00e7lendirdik. Stratejik \u00e7er\u00e7eveye ili\u015fkin mutabakat muht\u0131ras\u0131 \u00f6zellikle m\u00fcnasebetlerimizin gidi\u015fat\u0131na y\u00f6n verecektir. B\u00f6ylece ili\u015fkilerimize kurumsal, yap\u0131c\u0131 ve sonu\u00e7 \u00fcreten bir h\u00fcviyet kazand\u0131rmaya y\u00f6nelik de tarihi bir ad\u0131m att\u0131k. Bu anla\u015fmalar\u0131n etkin \u015fekilde uygulanmas\u0131 noktas\u0131nda hemfikiriz. Irakl\u0131 karde\u015flerimiz de gerekli iradeye sahiptir. Ba\u011fdat&#8217;ta ayr\u0131ca T\u00fcrkmen liderleri de kabul ettim. T\u00fcrkmen karde\u015flerimize \u00fclke ve millet olarak her zaman yanlar\u0131nda oldu\u011fumuzu ve olaca\u011f\u0131m\u0131z\u0131 ifade ettik.&nbsp;<\/p>\n<p>De\u011ferli arkada\u015flar, Ba\u011fdat&#8217;tan sonra Erbil&#8217;e ge\u00e7tik. Seyahatimizin Erbil b\u00f6l\u00fcm\u00fcnde Irak K\u00fcrt B\u00f6lgesel Y\u00f6netimi liderleri ile verimli g\u00f6r\u00fc\u015fmeler ger\u00e7ekle\u015ftirdik. Ziyaretimiz vesilesiyle Erbil\u2019in d\u00f6rt bir taraf\u0131n\u0131n ay y\u0131ld\u0131zl\u0131 al bayra\u011f\u0131m\u0131zla donat\u0131lmas\u0131, bizi ger\u00e7ekten duyguland\u0131rd\u0131. T\u00fcrkiye ile Irak K\u00fcrt B\u00f6lgesi aras\u0131ndaki samimi dostlu\u011fu b\u00f6ylece bir kez daha yak\u0131ndan g\u00f6rme f\u0131rsat\u0131 bulduk. Irak K\u00fcrt b\u00f6lgesel y\u00f6netimiyle tesis etti\u011fimiz i\u015f birli\u011fimizi ilerletme y\u00f6n\u00fcndeki irademiz bakidir.&nbsp; Ziyaretimizde kendilerine bunu a\u00e7\u0131k\u00e7a ifade ettim. PKK tehdidine kar\u015f\u0131 atabilece\u011fimiz ad\u0131mlar\u0131 ele ald\u0131k. Ter\u00f6rle m\u00fccadelede elde edece\u011fimiz kal\u0131c\u0131 ba\u015far\u0131lar\u0131n b\u00f6lgemizin g\u00fcvenli\u011fi i\u00e7in kritik \u00f6nemde oldu\u011funu teyit ettik. Enerji, ula\u015ft\u0131rma, ticaret ve yat\u0131r\u0131mlar ba\u015fta olmak \u00fczere, ekonomik ili\u015fkilerimizi kapsaml\u0131 bir \u015fekilde de\u011ferlendirdik. G\u00f6r\u00fc\u015fmelerimizde Gazze ba\u015fta olmak \u00fczere Filistin&#8217;de ya\u015fanan insanl\u0131k dram\u0131n\u0131 da konu\u015ftuk. \u0130srail mezaliminin b\u00f6lgemiz ve Irak \u00fczerindeki menfi yans\u0131malar\u0131na kar\u015f\u0131 Irak&#8217;\u0131n g\u00fcvenli\u011fine ve istikrar\u0131na verdi\u011fimiz \u00f6nemi dile getirdik. Irak&#8217;la hem ikili hem b\u00f6lgesel d\u00fczeyde artan i\u015f birli\u011fimizin t\u00fcm b\u00f6lgenin huzuruna ve istikrar\u0131na katk\u0131 sa\u011flayaca\u011f\u0131na inan\u0131yorum. G\u00f6r\u00fc\u015fmelerimizin ve ald\u0131\u011f\u0131m\u0131z kararlar\u0131n \u00fclkelerimiz i\u00e7in hay\u0131rlara vesile olmas\u0131n\u0131 diliyorum. Samimi misafirperverlikleri i\u00e7in t\u00fcm Irakl\u0131 karde\u015flerimize te\u015fekk\u00fcr ediyorum. \u015eimdi s\u00f6z\u00fc sizlere veriyorum.<\/p>\n<p><strong>&#8220;B\u0130Z TER\u00d6R\u00dc \u00d6YLE YA DA B\u00d6YLE YOK EDECE\u011e\u0130Z&#8221;<\/strong><\/p>\n<p>&nbsp;<strong><em>SORU: Irak\u2019la ter\u00f6rle m\u00fccadele konusunda \u2018Bu yaz itibariyle Irak s\u0131n\u0131r\u0131nda ter\u00f6r\u00fcn \u00e7\u00f6z\u00fclece\u011fini\u2019 s\u00f6ylemi\u015ftiniz. Irak ile bir ortak operasyon mu s\u00f6z konusu? Yoksa bu operasyonu T\u00fcrkiye kendi ba\u015f\u0131na m\u0131 yapacak? Bu konu Irak\u2019taki temaslar\u0131n\u0131zda g\u00fcndeme geldi mi? S\u00fcre\u00e7 nas\u0131l i\u015fleyecek?<\/em><\/strong><\/p>\n<p>Irak&#8217;ta da Suriye&#8217;de de \u00f6zellikle ter\u00f6r batakl\u0131\u011f\u0131 sadece bizim \u00e7al\u0131\u015fmam\u0131zla de\u011fil, buradaki her iki \u00fclke y\u00f6netiminin m\u00fc\u015fterek gayretleriyle kurutulacakt\u0131r. Bunun yan\u0131nda biz b\u00fct\u00fcn ter\u00f6r \u00f6rg\u00fctleriyle ayr\u0131ms\u0131z bir \u015fekilde aral\u0131ks\u0131z m\u00fccadelemizi s\u00fcrd\u00fcr\u00fcyoruz. \u00d6zellikle Irak ve Suriye&#8217;de yuvalanm\u0131\u015f PKK\/PYD\/YPG ile ilgili m\u00fccadelemiz uzun y\u0131llard\u0131r bildi\u011finiz gibi kapsaml\u0131 bir \u015fekilde s\u00fcr\u00fcyor. Bundan sonra da yine ayn\u0131 kararl\u0131l\u0131kla bu devam edecek. Gerek yurt i\u00e7inde gerek s\u0131n\u0131rlar\u0131m\u0131z\u0131n hemen \u00f6tesinde, uluslararas\u0131 hukukun i\u00e7inde ve kom\u015fular\u0131m\u0131z\u0131n toprak b\u00fct\u00fcnl\u00fc\u011f\u00fc noktas\u0131ndaki hukukuna da sayg\u0131l\u0131 olarak bu m\u00fccadele devam edecektir. G\u00f6n\u00fcl ister ki kom\u015fular\u0131m\u0131z topraklar\u0131ndan bize y\u00f6nelen tehditler kar\u015f\u0131s\u0131nda gereken tavr\u0131 kendileri koysun ve m\u00fc\u015fterek olarak bu m\u00fccadeleyi s\u00fcrd\u00fcrelim. PKK\/PYD\/YPG ter\u00f6r \u00f6rg\u00fct\u00fc Irak\u2019\u0131n da istikrar\u0131na, kalk\u0131nmas\u0131na, huzuruna bir tehdittir. Bu tehdidin ortadan kald\u0131r\u0131lmas\u0131 Irak\u2019\u0131n da \u00e7\u0131kar\u0131nad\u0131r. Ben inan\u0131yorum ki bu ger\u00e7e\u011fi g\u00f6r\u00fcyorlar ve art\u0131k bu p\u00fcr\u00fcz\u00fcn yok edilmesi i\u00e7in irade ortaya koyacaklard\u0131r. Irak\u2019\u0131n kalk\u0131nma vizyonunun, uluslararas\u0131 yat\u0131r\u0131mlar\u0131n g\u00fcvenli\u011fi i\u00e7in bu ter\u00f6r \u00e7ukurlar\u0131n\u0131n d\u00fcmd\u00fcz edilmesi ve Irak i\u00e7in \u00f6ng\u00f6r\u00fclebilir yar\u0131nlar\u0131n in\u015fa edilmesi \u015fartt\u0131r. Biz ter\u00f6r\u00fc \u00f6yle ya da b\u00f6yle yok edece\u011fiz. Biz bu konuda kararl\u0131y\u0131z. Ter\u00f6rle ve ter\u00f6r \u00f6rg\u00fctleriyle birlikte yol y\u00fcr\u00fcyenlere, ter\u00f6r \u00f6rg\u00fctlerini ma\u015fa olarak kullananlara meydan\u0131 asla b\u0131rakmayaca\u011f\u0131z.<\/p>\n<p><strong>&nbsp;IRAK \u0130LE SU MESELES\u0130<\/strong><\/p>\n<p><strong><em>SORU: Su meselesi iki \u00fclke aras\u0131ndaki \u00f6nemli konulardan biri. Irak\u2019\u0131n F\u0131rat ve Dicle Nehirlerinden ak\u0131t\u0131lan su miktar\u0131 konusunda \u00f6nemli bir beklentisi vard\u0131. Su konusunda iki taraf\u0131 bir araya getirecek i\u015f birli\u011fi ya da anla\u015fma olabilir mi?<\/em><\/strong><\/p>\n<p>Burada kaynaklar\u0131n su konusunda ak\u0131lc\u0131 kullan\u0131lmas\u0131 gere\u011fi s\u00f6z konusu. Irak\u2019\u0131n su konusunda bizden talepleri bulunuyor. Bu noktada yap\u0131lmas\u0131 gereken d\u00fcnyan\u0131n de\u011fi\u015fen iklim \u015fartlar\u0131na uygun yeni planlar, programlar ortaya koymak ve suyun s\u00fcrd\u00fcr\u00fclebilir kullan\u0131m\u0131n\u0131 temin etmektir. Ak\u0131ldan \u00e7\u0131kartmamak gerekir ki bizim de en az onlar kadar su konusunda s\u0131k\u0131nt\u0131m\u0131z bulunuyor.&nbsp; T\u00fcrkiye de su zengini de\u011fil ve su stresi ya\u015fayan \u00fclkeler kategorisinde. Yani, k\u0131sa s\u00fcre i\u00e7erisinde planlamalar\u0131m\u0131z\u0131 hayata ge\u00e7iremezsek biz de su temini konusunda sorun ya\u015fayabiliriz. Dolay\u0131s\u0131yla temkinli ad\u0131m atmam\u0131z gerekiyor. Bu do\u011frultuda yap\u0131lacak de\u011ferlendirmelerle bir ortak noktada bulu\u015fmak m\u00fcmk\u00fcn olabilir. Teknik meseleler ayr\u0131nt\u0131l\u0131 incelenmeden, gelece\u011fe y\u00f6nelik senaryolar olu\u015fturmadan \u2018yapt\u0131k oldu\u2019 mant\u0131\u011f\u0131yla bunlar halledebilecek konular de\u011fildir. T\u00fcrkiye bu konularda duygusal de\u011fil, ak\u0131lc\u0131, uzla\u015fmac\u0131 ve \u00e7\u00f6z\u00fcm odakl\u0131 bir yakla\u015f\u0131m tarz\u0131n\u0131 benimsemektedir ve buna devam edece\u011fiz. Yapaca\u011f\u0131m\u0131z iyi niyetle ve yap\u0131c\u0131 bir yakla\u015f\u0131mla diyalo\u011fu s\u00fcrd\u00fcrmek, ortak projeleri hayata ge\u00e7irmek ve ortak sorunumuza m\u00fc\u015fterek \u00e7\u00f6z\u00fcmler \u00fcretmektir. \u00c7\u00fcnk\u00fc su, \u00e7at\u0131\u015fma arac\u0131 de\u011fil m\u00fc\u015fterek \u00e7\u0131karlar\u0131m\u0131za hizmet edecek bir i\u015f birli\u011fi alan\u0131.<\/p>\n<p><strong>GAZZE&#8217;DE KALICI ATE\u015eKES<\/strong><\/p>\n<p><strong><em>SORU: Gazze\u2019de \u0130srail taraf\u0131ndan yap\u0131lan bir soyk\u0131r\u0131m var. Gazze\u2019de kal\u0131c\u0131 ate\u015fkesin sa\u011flanmas\u0131 i\u00e7in \u00e7al\u0131\u015fmalar da bulunuyor. T\u00fcrkiye olarak \u00e7ok yo\u011fun diplomasi trafi\u011fi y\u00fcr\u00fct\u00fcyoruz. Son olarak Hamas lideriyle g\u00f6r\u00fc\u015ft\u00fcn\u00fcz. Ayr\u0131ca bir\u00e7ok liderle de temaslar\u0131n\u0131z oldu. Kal\u0131c\u0131 ate\u015fkesin sa\u011flanmas\u0131 i\u00e7in \u00fcmidiniz var m\u0131? Irak\u2019la g\u00f6r\u00fc\u015fmeleri nas\u0131l de\u011ferlendirirsiniz?<\/em><\/strong><\/p>\n<p>Gazze meselesine 7 Ekim \u00f6ncesinin perspektifiyle bakarsak hata ederiz. \u00c7ok daha hassas olmam\u0131z gerekiyor. \u0130srail&#8217;in e\u015fi benzeri g\u00f6r\u00fclmemi\u015f katliamlara imza atmas\u0131 ve Gazze&#8217;yi yok etmek \u00fczere harekete ge\u00e7mesi, bu konudaki yakla\u015f\u0131m bi\u00e7imlerini de\u011fi\u015ftirmesi laz\u0131m. Gazze\u2019nin \u0130srail taraf\u0131ndan ele ge\u00e7irilmesi, ba\u015fka i\u015fgallerin de kap\u0131s\u0131n\u0131 aralar. Gazze\u2019nin, \u0130srailli h\u0131rs\u0131z ter\u00f6ristlerin yerle\u015fimine a\u00e7\u0131lmas\u0131 \u0130srail\u2019i daha sald\u0131rgan, daha pervas\u0131z yapar. Buna da bizim m\u00fcsaade etmemiz s\u00f6z konusu olamaz. Dolay\u0131s\u0131yla atmam\u0131z gereken ad\u0131mlar var. \u0130srail\u2019in bu \u015f\u0131mar\u0131k, cani tav\u0131rlar\u0131 kar\u015f\u0131s\u0131nda bizler de Birle\u015fmi\u015f Milletler Genel Sekreterli\u011fi\u2019ni devreye sokma, onlarla m\u00fc\u015fterek baz\u0131 ad\u0131mlar\u0131 atma gayreti i\u00e7inde olaca\u011f\u0131z. \u0130slam d\u00fcnyas\u0131 bu soyk\u0131r\u0131mlara varan katliamlar zincirinin olu\u015fturdu\u011fu titremeyle kendine gelmezse, reflekslerini tamamen kaybetme tehlikesiyle y\u00fczle\u015fir. Onun i\u00e7in de bizim burada sessiz kalmam\u0131z m\u00fcmk\u00fcn de\u011fildir. B\u00fct\u00fcn sinir u\u00e7lar\u0131 nerede ise onlar\u0131 harekete ge\u00e7irmemiz \u015fartt\u0131r. Gazze konusu \u015fu anda \u0130slam d\u00fcnyas\u0131n\u0131n en \u00f6nemli meselesidir. \u0130slam d\u00fcnyas\u0131n\u0131n odaklanmas\u0131, \u00e7\u00f6z\u00fcm i\u00e7in ak\u0131l y\u00fcr\u00fctmesi, ger\u00e7ek\u00e7i ve etkili politikalar \u00fcretmesi gereken yer Gazze\u2019dir. Hem Hamasl\u0131 yetkilerle hem bir\u00e7ok \u00fclkenin liderleri ile bu konular\u0131 g\u00f6r\u00fc\u015fmeye devam edece\u011fiz. Birinci g\u00fcndem ba\u015fl\u0131\u011f\u0131m\u0131z bu konudur ve \u00e7\u00f6z\u00fcm i\u00e7in elimizden gelenin fazlas\u0131n\u0131 yapmay\u0131 s\u00fcrd\u00fcrece\u011fiz. Herkes bu konuyu g\u00f6rmezden gelebilir, unutabilir ama bizim \u00f6yle bir yakla\u015f\u0131m\u0131m\u0131z olamaz.<\/p>\n<p><strong>&nbsp;&#8220;F\u0130L\u0130ST\u0130NL\u0130 KARDE\u015eLER\u0130M\u0130ZLE B\u0130Z ET-TIRNAK G\u0130B\u0130Y\u0130Z&#8221;<\/strong><\/p>\n<p><strong><em>SORU:<\/em><\/strong><em>&nbsp;<strong>HAMAS Siyasi B\u00fcro Lideri \u0130smail Haniye Filistinlilerin sizin \u0130srail y\u00f6netimine kar\u015f\u0131 s\u00f6yledi\u011finiz \u201cone minute\u201d ve \u201ci\u015fgalci \u0130srail\u201d de\u011ferlendirmenize a\u015f\u0131k oldu\u011funu s\u00f6yledi.&nbsp; Bu konudaki duygular\u0131n\u0131z\u0131 alabilir miyiz?<\/strong><\/em><\/p>\n<p>Say\u0131n Haniye ile ger\u00e7ekten \u00e7ok samimi bir g\u00f6r\u00fc\u015fme ger\u00e7ekle\u015ftirdik. Say\u0131n Haniye\u2019yi \u0130srail\u2019e kar\u015f\u0131 m\u00fccadelede kararl\u0131l\u0131k i\u00e7erisinde g\u00f6rd\u00fcm. Bu samimi g\u00f6r\u00fc\u015fmede g\u00f6n\u00fclden g\u00f6n\u00fcle uzanan bu ba\u011f\u0131n, Filistin\u2019deki kar\u015f\u0131l\u0131\u011f\u0131n\u0131 hissettik. Filistinli karde\u015flerimizle biz et-t\u0131rnak gibiyiz. Onlar\u0131n can\u0131 yan\u0131yor ve kimse zannetmesin ki biz rahat uyuyoruz. Bizi Gazze&#8217;deki, Nablus\u2019taki, Kud\u00fcs&#8217;teki, Beyt\u00fcllahim&#8217;deki, Ramallah&#8217;taki ve di\u011fer t\u00fcm Filistin \u015fehirlerindeki karde\u015flerimizle ayr\u0131 bir yere koymaya kalkanlar b\u00fcy\u00fck bir hezeyan i\u00e7indedir. Onlar bizi bilir, biz onlar\u0131 biliriz. Bunu bundan \u00f6nce de Birle\u015fmi\u015f Milletler Genel Kurulu\u2019nda ve bunun d\u0131\u015f\u0131nda yapt\u0131\u011f\u0131m\u0131z b\u00fct\u00fcn a\u00e7\u0131klamalar\u0131m\u0131zda \u00e7ok a\u00e7\u0131k, net zaten ortaya koyduk. Bundan sonra da yine ayn\u0131 \u015fekilde biz bu tavr\u0131m\u0131z\u0131 sergilemeye devam edece\u011fiz. Biz hi\u00e7bir zaman Hamasl\u0131lar dahil Filistinli karde\u015flerimizi kendi ba\u015flar\u0131na b\u0131rakmay\u0131z. Bunun i\u00e7in \u015fu ana kadar Gazze\u2019ye 45 bin ton civar\u0131nda yard\u0131m g\u00f6nderdik. Bu yard\u0131mlar hala devam ediyor ve edecek. Bunun yan\u0131nda Ankara ve \u0130stanbul&#8217;daki hastanelerimizde \u015fu anda yaral\u0131lar\u0131 tedavi ediyoruz. Sahra hastanesi noktas\u0131nda att\u0131\u011f\u0131m\u0131z ad\u0131mlarla biz bu karde\u015flerimizin yan\u0131nda olmaya devam edece\u011fiz. Bizim \u00f6yk\u00fcm\u00fcz Filistin Davas\u0131\u2019ndan ayr\u0131 yaz\u0131lamaz. Ne mutlu ki, Filistin Davas\u0131\u2019n\u0131n b\u00fcy\u00fck \u00f6yk\u00fcs\u00fcnde de bizim bir yerimiz vard\u0131r. Bunu Filistinli karde\u015flerimiz taraf\u0131ndan bize y\u00f6nelik s\u00f6ylenen naif s\u00f6zlerden, oradaki \u00e7ileli analar\u0131n ve yavrular\u0131n dualar\u0131ndan anl\u0131yoruz. Onlar\u0131n sevgisine, onlar\u0131n y\u00fcce g\u00f6n\u00fcll\u00fcl\u00fc\u011f\u00fcne lay\u0131k olabilirsek ne mutlu bize. \u015eairin deyimiyle insanl\u0131k i\u00e7in vakit daral\u0131yor.&nbsp; Daralan vakitlerde Filistin i\u00e7in daha \u00e7ok ko\u015fturmal\u0131, yasl\u0131 y\u00fcrekleri ferahlatacak, bebeklerin ac\u0131 dolu \u00e7\u0131\u011fl\u0131klar\u0131n\u0131 dindirecek bir gelecek i\u00e7in \u00e7al\u0131\u015fmal\u0131y\u0131z.<\/p>\n<p><strong>&nbsp;&#8220;\u00d6NEML\u0130 OLAN HAMAS L\u0130DERLER\u0130N\u0130N NEREDE OLDU\u011eU DE\u011e\u0130L, GAZZE&#8217;DEK\u0130 DURUMDUR&#8221;<\/strong><\/p>\n<p><strong><em>SORU: Say\u0131n Cumhurba\u015fkan\u0131m Katar&#8217;daki Hamas \u00fcyelerine y\u00f6nelik ciddi bask\u0131lar oldu\u011funa, Hamas y\u00f6netiminin oradan ayr\u0131lmas\u0131na y\u00f6nelik iddialar var. T\u00fcrkiye&#8217;ye gelmeleri m\u00fcmk\u00fcn olabilir mi? Sizden bir talepte bulunuldu mu?<\/em><\/strong><\/p>\n<p>\u00d6nemli olan Hamas liderlerinin nerede oldu\u011fu de\u011fil, Gazze&#8217;deki durumdur. Bu s\u00f6yledi\u011finiz konuyla ilgili olarak Katar&#8217;daki konumlar\u0131n\u0131n ne olaca\u011f\u0131 hususunda do\u011frusu bana b\u00f6yle bir bilgi gelmedi. Fakat Katar Emiri Say\u0131n \u015eeyh Temim\u2019in, bu karde\u015flerimizle ilgili, onlar\u0131n Katar&#8217;daki pozisyonunu yok farz edecek bir ad\u0131m\u0131 ataca\u011f\u0131na dair bir \u015fey duymad\u0131m. B\u00f6yle bir ad\u0131m ataca\u011f\u0131n\u0131 da d\u00fc\u015f\u00fcnm\u00fcyorum. Onlara kar\u015f\u0131 olan samimiyeti, onlara kar\u015f\u0131 olan tavr\u0131, her zaman ailenin bir ferdi gibidir. Bundan sonraki s\u00fcre\u00e7te de yine onlara kar\u015f\u0131 bu tavr\u0131n de\u011fi\u015fece\u011fine asla ihtimal vermiyorum.<\/p>\n<p><strong>&nbsp;&#8220;\u0130SRA\u0130L KATL\u0130AMLARININ \u0130ZLER\u0130N\u0130 S\u0130LMEK \u0130\u00c7\u0130N BU SALDIRILARI YAPIYOR&#8221;<\/strong><\/p>\n<p><strong><em>SORU: \u0130srail, Gazze&#8217;de kad\u0131n, \u00e7oluk, \u00e7ocuk demeden katliam yapmaya devam ediyor. Ayn\u0131 zamanda ger\u00e7ekleri d\u00fcnyaya duyurmak i\u00e7in g\u00f6revini ifa eden gazeteci meslekta\u015flar\u0131m\u0131z da bundan fazlas\u0131yla etkileniyor. En son TRT Arabi ekibine bir sald\u0131r\u0131 olmu\u015ftu, 7 Ekim&#8217;den itibaren \u0130srail taraf\u0131ndan yakla\u015f\u0131k 140 gazeteci \u015fehit edildi. Bununla ilgili d\u00fc\u015f\u00fcncelerinizi alabilir miyiz?<\/em><\/strong><\/p>\n<p>\u0130srail&#8217;in ger\u00e7eklerden rahats\u0131zl\u0131\u011f\u0131n\u0131n somut kan\u0131t\u0131, \u00f6zellikle yaz\u0131l\u0131, g\u00f6rsel medya mensuplar\u0131na y\u00f6nelik bu sald\u0131r\u0131lar\u0131d\u0131r. \u0130srail katliamlar\u0131n\u0131n izlerini silmek, soyk\u0131r\u0131m delillerini karartmak i\u00e7in bu sald\u0131r\u0131lar\u0131 ger\u00e7ekle\u015ftiriyor. Demokrasinden, insan haklar\u0131ndan, h\u00fcrriyetlerden dem vuranlar bu tabloyu iyi analiz etmelidir.&nbsp; Y\u00fczlerce bas\u0131n mensubunun bu \u015fekilde \u00f6ld\u00fcr\u00fclmesi d\u00fcnyan\u0131n bu sald\u0131r\u0131lara kar\u015f\u0131, bu zulme kar\u015f\u0131 sessiz kalmas\u0131 anla\u015f\u0131l\u0131r de\u011fildir. TRT mensubu karde\u015fimizin a\u011f\u0131r yaralanm\u0131\u015f olmas\u0131 da ger\u00e7ekten bizler i\u00e7in ayr\u0131 bir \u00fcz\u00fcnt\u00fcy\u00fc beraberinde getiriyor. Rabbim sa\u011fl\u0131k, s\u0131hhat, afiyet l\u00fctfetsin in\u015fallah. Onlar ne yaparlarsa yaps\u0131nlar Uluslararas\u0131 Adalet Divan\u0131 \u00f6n\u00fcne biz \u0130srail\u2019in i\u015fledi\u011fi su\u00e7lara dair b\u00fct\u00fcn belgeleri koyduk, koymaya devam edece\u011fiz. Biz ger\u00e7e\u011fi ortaya koymaya, \u0130srail&#8217;in cinayetlerini dillendirmeye devam edece\u011fiz. \u015eunu bilelim ki, zaman\u0131n Hitler&#8217;i Netanyahu ve su\u00e7 ortaklar\u0131 hesap vermekten ka\u00e7amayacak. O ne kadar ka\u00e7arsa ka\u00e7s\u0131n, biz de o denli onu takip edece\u011fiz. Bir g\u00fcn mutlaka adalet, masumlar\u0131n ve mazlumlar\u0131n hesab\u0131n\u0131 onlardan soracak. Adalet sormazsa tarih soracak.<\/p>\n<p><strong>PA\u015e\u0130NYAN&#8217;IN &#8216;B\u00dcY\u00dcK FELAKET&#8217; S\u00d6ZLER\u0130<\/strong><\/p>\n<p><strong><em>SORU: Ermenistan Ba\u015fbakan\u0131 Nikol Pa\u015finyan ge\u00e7ti\u011fimiz g\u00fcnlerde, 1915 olaylar\u0131ndan bahsederken &#8220;soyk\u0131r\u0131m&#8221; ifadesini kullanmaktan \u00e7ekindi. &#8220;B\u00fcy\u00fck felaket&#8221; demekle yetindi. Bu kendisini iktidara ta\u015f\u0131yan se\u00e7menin b\u00f6lgede bir normalle\u015fme talebinin yans\u0131mas\u0131 olarak yorumland\u0131. Ayn\u0131 Pa\u015finyan, A\u011fr\u0131 Da\u011f\u0131\u2019n\u0131n T\u00fcrkiye s\u0131n\u0131rlar\u0131 i\u00e7erisinde oldu\u011funu s\u00f6yleyerek devlet armas\u0131nda yer almas\u0131n\u0131 da ele\u015ftirmi\u015fti. Siz, bar\u0131\u015ftan yanaym\u0131\u015f gibi g\u00f6r\u00fcnen bu tav\u0131r hakk\u0131nda ne d\u00fc\u015f\u00fcn\u00fcyorsunuz? T\u00fcrkiye&#8217;nin, Azerbaycan&#8217;la, T\u00fcrkistan&#8217;la Kafkasya&#8217;daki o b\u00fcy\u00fck kalk\u0131nma projelerinde, bar\u0131\u015ftan yana tav\u0131r devam etti\u011fi takdirde, bu projelere Ermenistan&#8217;\u0131n da dahil olmas\u0131 ihtimali m\u00fcmk\u00fcn olabilir mi efendim?<\/em><\/strong><\/p>\n<p>Art\u0131k b\u00f6lgede yeni bir d\u00fczen kuruluyor. Dayanaks\u0131z ezberlerin bir kenara b\u0131rak\u0131lma vakti geldi ve ge\u00e7iyor. Zaman\u0131n ger\u00e7ekleriyle hareket etmek, ger\u00e7eklikle ba\u011f\u0131 olmayan uydurma tarihi \u00f6yk\u00fclerle hareket etmekten her zaman daha iyidir. \u015eu anda bunu Pa\u015finyan da anlam\u0131\u015f durumda. Tarihsel s\u00fcre\u00e7te neyin ne olup bitti\u011fini \u00f6ncelikle tarih\u00e7iler ele al\u0131r. Bu konuda en ba\u015f\u0131ndan beri \u00e7ok a\u00e7\u0131k davrand\u0131k ve ar\u015fivlerimizi a\u00e7abilece\u011fimizi s\u00f6yledik ve a\u00e7t\u0131k. \u015eimdi ger\u00e7ek\u00e7i bir zeminde yeni bir yol haritalar\u0131 olu\u015fturma zaman\u0131d\u0131r. Umar\u0131m Ermenistan, diasporan\u0131n kendilerini esir etti\u011fi karanl\u0131ktan kurtulup, ayd\u0131nl\u0131k yar\u0131nlar i\u00e7in yeni ba\u015flang\u0131\u00e7lar yapma yolunu se\u00e7er. F\u0131rsat kap\u0131lar\u0131 sonsuza kadar a\u00e7\u0131k kalmaz. Onu a\u00e7\u0131k kald\u0131\u011f\u0131 s\u00fcre i\u00e7erisinde iyi de\u011ferlendirmek laz\u0131m. Sadece diaspora de\u011fil, bir\u00e7ok k\u0131\u015fk\u0131rt\u0131c\u0131 bu s\u00fcre\u00e7te Ermenistan&#8217;\u0131, sizlerin de takip etti\u011finiz gibi, etkileme gayreti i\u00e7erisinde. Bunlar\u0131n fark\u0131nday\u0131z. Zaman zaman da bizler de uyar\u0131lar\u0131m\u0131z\u0131 yapt\u0131k. Umar\u0131m Ermenistan do\u011fru yolu tercih eder ve yeni bir d\u00f6nem ba\u015flar.<\/p>\n<p><strong>&nbsp;YEN\u0130 ANAYASA \u00c7ALI\u015eMALARI<\/strong><\/p>\n<p><strong><em>SORU: Say\u0131n Cumhurba\u015fkan\u0131m yeni Anayasa i\u00e7in \u00e7al\u0131\u015fmalar ba\u015flad\u0131. 1921 Anayasas\u0131 da yeniden g\u00fcndeme geldi. Bu arada, CHP Genel Ba\u015fkan\u0131 \u00d6zg\u00fcr \u00d6zel de gelecek d\u00f6nemi konu\u015fmak i\u00e7in sizden bir randevu talep edece\u011fini s\u00f6ylemi\u015fti. Randevu talebi geldi mi? \u00d6z\u00fcr \u00d6zel&#8217;den bu konu\u015fma ve sonras\u0131nda yeni Anayasa konusunda CHP&#8217;yle uzla\u015fma olur mu sizce?<\/em><\/strong><\/p>\n<p>\u015eu an itibariyle hen\u00fcz b\u00f6yle bir randevu talebi gelmi\u015f de\u011fil. Fakat olabilece\u011fini d\u00fc\u015f\u00fcn\u00fcyoruz. D\u00fcnyada bir\u00e7ok alanda de\u011fi\u015fimden s\u00f6z ediliyor. Sosyolojiler, teknolojiler, iklimler ve daha bir\u00e7ok zemin \u00e7ok h\u0131zl\u0131 de\u011fi\u015fiyor. Bunu ayak uydurmak i\u00e7in de T\u00fcrkiye&#8217;nin eskinin darbe ruhunu \u00f6z\u00fcnde bar\u0131nd\u0131ran anayasa metninden kurtulup yenilik\u00e7i ve \u00f6zg\u00fcrl\u00fck\u00e7\u00fc bir anayasaya kavu\u015fma zaman\u0131 gelmi\u015ftir. Yani bu konuda Cumhuriyet Halk Partisi&#8217;nin de b\u00f6yle bir de\u011fi\u015fime destek verebilece\u011fi d\u00fc\u015f\u00fcncesinde ve inanc\u0131nday\u0131m. Bu g\u00f6r\u00fc\u015fme sa\u011fland\u0131\u011f\u0131nda tabii ki anayasa konusu da bizim g\u00f6r\u00fc\u015fme ba\u015fl\u0131klar\u0131m\u0131z\u0131n aras\u0131nda yer alacakt\u0131r. Kald\u0131 ki Meclis Ba\u015fkan\u0131m\u0131z\u0131n da liderlerle yapaca\u011f\u0131 g\u00f6r\u00fc\u015fmelerde bu konular\u0131 onlarla ele alma d\u00fc\u015f\u00fcncesinin oldu\u011funu biliyorum. Do\u011frusu ben de bize \u00e7ok ama \u00e7ok dar gelen bu mevcut anayasayla ilgili liderler olarak neler yapabiliriz, bunlar\u0131 konu\u015fmakta fayda var diye d\u00fc\u015f\u00fcn\u00fcyorum. Say\u0131n \u00d6zel&#8217;in bu ziyaretinin ger\u00e7ekle\u015fmesi halinde kendisiyle de bunlar\u0131 konu\u015farak b\u00f6yle bir ad\u0131m\u0131 atabilece\u011fimizi kendisine teklif etmekten daha do\u011fal bir \u015fey olmaz. Biz T\u00fcrkiye Y\u00fczy\u0131l\u0131 vizyonumuzun en \u00f6nemli k\u00f6\u015fe ta\u015flar\u0131ndan biri olan yeni anayasa \u00e7al\u0131\u015fmalar\u0131yla ilgili \u00e7al\u0131\u015fmaktan, gayret etmekten geri durmayaca\u011f\u0131z. Milletimize yeni ve demokratik bir anayasa kazand\u0131rana kadar gayretimiz s\u00fcrecektir.&nbsp;<\/p>\n<p><strong>&#8220;\u015e\u00dcPHES\u0130Z K\u0130 B\u0130Z\u0130M DE\u011eERLER S\u0130LS\u0130LEM\u0130ZE SALDIRIDIR&#8221;<\/strong><\/p>\n<p><strong><em>SORU: Efendim son birka\u00e7 g\u00fcnd\u00fcr DEM Parti&#8217;yle ilgili bir tart\u0131\u015fma var. Mardin ve Diyarbak\u0131r B\u00fcy\u00fck\u015fehir Belediyelerinin meclis a\u00e7\u0131l\u0131\u015f\u0131nda \u0130stiklal Mar\u015f\u0131&#8217;n\u0131n okunmad\u0131\u011f\u0131 ve Bayra\u011f\u0131m\u0131z\u0131n kald\u0131r\u0131ld\u0131\u011f\u0131 iddialar\u0131 sebebiyle \u0130\u00e7i\u015fleri Bakanl\u0131\u011f\u0131 zaten m\u00fclki m\u00fcfetti\u015f g\u00f6revlendirdi, bu kamuoyuyla payla\u015f\u0131ld\u0131. Bug\u00fcn Say\u0131n Bah\u00e7eli&#8217;nin \u00e7ok sert ele\u015ftirileri vard\u0131. Sizin de\u011ferlendirmeleriniz nedir?<\/em><\/strong><\/p>\n<p>Bu konuyu \u0130\u00e7i\u015fleri Bakanl\u0131\u011f\u0131m\u0131z \u015fu anda kapsaml\u0131 bir \u015fekilde incelemektedir. T\u00fcrkiye&#8217;de hepimizi temsil eden de\u011ferler vard\u0131r. Bunlar\u0131 d\u0131\u015flamak, bunlara sayg\u0131s\u0131zl\u0131k etmek, birlik ve b\u00fct\u00fcnl\u00fc\u011f\u00fcm\u00fcze kastetmek anlam\u0131na gelir ve tabii ki hukuk devletinde bunun da bir kar\u015f\u0131l\u0131\u011f\u0131 vard\u0131r. Bunlar\u0131 daha \u00f6nce de s\u00f6yledim. Ter\u00f6re destek vermek, ter\u00f6rle m\u00fc\u015fterek hareket etmek \u015f\u00fcphesiz ki bizim de\u011ferler silsilemize sald\u0131r\u0131d\u0131r ve bununla ilgili olarak da Anayasan\u0131n \u00e7ok a\u00e7\u0131k h\u00fck\u00fcmleri vard\u0131r. T\u00fcrk&#8217;\u00fc de K\u00fcrt&#8217;\u00fc de Laz&#8217;\u0131 da \u00c7erkez&#8217;i de di\u011fer gruplar da bu \u00fclkenin h\u00fcr ve e\u015fit vatanda\u015flar\u0131d\u0131r. Bunu de\u011fi\u015ftirmeye kimsenin g\u00fcc\u00fc yetmez ve yetmeyecek. Birli\u011fimize ve b\u00fct\u00fcnl\u00fc\u011f\u00fcm\u00fcze b\u00f6ylesine k\u0131\u015fk\u0131rt\u0131c\u0131 eylemlerle el uzatmaya kalkanlara bundan \u00f6nce hukuk zemininde hangi yan\u0131t verildiyse ayn\u0131s\u0131n\u0131n ortaya konmas\u0131 s\u00fcrpriz olmaz. Buna bir defa herkesin haz\u0131r olmas\u0131 gerekir. Say\u0131n Devlet Bah\u00e7eli\u2019nin yapm\u0131\u015f oldu\u011fu a\u00e7\u0131klamalar Anayasa h\u00fckm\u00fcn\u00fcn icras\u0131ndan ba\u015fka bir \u015fey de\u011fildir. Ayn\u0131 durum \u015fu anda benim i\u00e7in de ge\u00e7erlidir. Anayasa&#8217;n\u0131n h\u00fck\u00fcmlerini kimler \u00e7i\u011fnemeye kalk\u0131yorsa bedelini de \u00f6demeye haz\u0131r olmal\u0131d\u0131r.<\/p>\n<p><strong>&#8220;\u0130HT\u0130YA\u00c7 DI\u015eI HARCAMALARIN \u00d6N\u00dc KES\u0130LECEK&#8221;<\/strong><\/p>\n<p>&nbsp;<strong><em>SORU: Efendim kamuda tasarrufa y\u00f6nelik bir \u00e7al\u0131\u015fma y\u00fcr\u00fct\u00fcld\u00fc\u011f\u00fcn\u00fc, haz\u0131rland\u0131\u011f\u0131n\u0131 biliyoruz. Bu \u00e7al\u0131\u015fman\u0131n neyi kapsad\u0131\u011f\u0131n\u0131, i\u00e7eri\u011fi hakk\u0131nda bilgi verebilir misiniz ve ne zaman y\u00fcr\u00fcrl\u00fc\u011fe girer?<\/em><\/strong><\/p>\n<p>Tasarruftan kamuda gereksiz harcamalar\u0131n ortadan kald\u0131r\u0131lmas\u0131, kamu kaynaklar\u0131n\u0131n etkin ve verimli kullan\u0131lmas\u0131 anla\u015f\u0131lmal\u0131d\u0131r. Yani bundan farkl\u0131 bir \u015fey anla\u015f\u0131lmamal\u0131. B\u00fct\u00e7elerin buna g\u00f6re revize edilmesi i\u00e7in bizler de \u015fu anda bir \u00e7al\u0131\u015fma yap\u0131yoruz. Hazine ve Maliye Bakanl\u0131\u011f\u0131m\u0131z tasarruf ad\u0131mlar\u0131n\u0131 takip edecek, resmi ta\u015f\u0131t kullan\u0131mlar\u0131ndan, haberle\u015fme giderlerine, temsil, t\u00f6ren, a\u011f\u0131rlama hizmetlerinden, demirba\u015f al\u0131mlar\u0131na kadar t\u00fcm harcamalar g\u00f6zden ge\u00e7irilecektir. Ger\u00e7ek ihtiya\u00e7lar tespit edilip ihtiya\u00e7 d\u0131\u015f\u0131 harcamalar\u0131n \u00f6n\u00fc kesilecek. Milletimizin refah\u0131n\u0131 art\u0131rmak i\u00e7in tasarruf tedbirleri almak durumunday\u0131z. Bunun i\u00e7in de gere\u011fi neyse kesinlikle bunu h\u00fck\u00fcmet olarak yapmakta kararl\u0131y\u0131z. \u00d6nceli\u011fimiz ve birinci hedefimiz, tasarrufu kamu harcamalar\u0131nda uygulamak, enflasyonu d\u00fc\u015f\u00fcrmek ve ekonomiyi rahatlatmakt\u0131r. Bunu daha \u00f6nce biz ba\u015fard\u0131k. Yine ba\u015faraca\u011f\u0131z.<\/p>\n<p><strong>&nbsp;CAYDIRICI TEDB\u0130RLER MASADA<\/strong><\/p>\n<p><strong><em>SORU: Say\u0131n Cumhurba\u015fkan\u0131m, g\u0131dada \u00f6zellikle son d\u00f6nemde, son bir y\u0131lda hi\u00e7bir ekonomik gerek\u00e7eye tabi olmayan fahi\u015f fiyat uygulamalar\u0131 g\u00f6r\u00fcld\u00fc. Bununla birlikte toplumda, kafelere ve restoranlara y\u00f6nelik boykot yap\u0131ld\u0131. Hafta sonunda, ge\u00e7ti\u011fimiz s\u00fcre\u00e7te. G\u0131dada bu fahi\u015f fiyatla ilgili m\u00fccadelede kimine g\u00f6re ambalajlar\u0131n \u00fczerine \u00fcr\u00fcn\u00fcn kendi fiyat\u0131n\u0131n yaz\u0131lmas\u0131 gibi \u00f6neriler var. Fahi\u015f fiyata y\u00f6nelik yeni bir yol haritas\u0131 ya da yeni bir ad\u0131m var m\u0131? \u00d6rne\u011fin hapis cezas\u0131 da d\u00fc\u015f\u00fcn\u00fclebilir mi?<\/em><\/strong><\/p>\n<p>Burada temel \u00f6nceli\u011fimiz her \u015feyden \u00f6nce vatanda\u015f\u0131m\u0131z\u0131n refah\u0131d\u0131r. Fahi\u015f fiyatlarla m\u00fccadelede yeni ve daha cayd\u0131r\u0131c\u0131 tedbirler ortaya koyabiliriz. A\u015f\u0131r\u0131 kar h\u0131rs\u0131 dizginlenmedi\u011fi m\u00fcddet\u00e7e ne kadar maa\u015f art\u0131\u015f\u0131 yaparsan\u0131z yap\u0131n sorun devam edecektir. Hele g\u0131da gibi mecburi kalemlerde buna m\u00fcsaade edemeyiz. Gerekli tedbirler i\u00e7in ilgili bakanl\u0131klar\u0131m\u0131z \u015fu anda \u00e7al\u0131\u015fmalar\u0131n\u0131 yap\u0131yorlar. K\u0131sa s\u00fcre i\u00e7inde somut birtak\u0131m ad\u0131mlarla enflasyonu da art\u0131ran bu fahi\u015f fiyatlara kar\u015f\u0131 m\u00fccadelemiz kesinlikle ger\u00e7ekle\u015fecektir. Ambalajlar\u0131n \u00fczerine fiyatlar\u0131n\u0131n yaz\u0131lmas\u0131 konusu da d\u00fc\u015f\u00fcn\u00fclebilir. Burada taviz veremeyiz, \u00fczerine \u00fczerine gidece\u011fiz. Milletimizin fahi\u015f fiyat y\u00fck\u00fcn\u00fcn alt\u0131nda ezilmesine asla m\u00fcsaade etmeyece\u011fiz. Bunu kim yaparsa yaps\u0131n bedelini fazlas\u0131yla \u00f6deyecek.<\/p>\n","protected":false},"excerpt":{"rendered":"<p>Cumhurba\u015fkan\u0131 Recep Tayyip Erdo\u011fan,&nbsp;\u0131rak ziyareti&nbsp;d\u00f6n\u00fc\u015f\u00fc u\u00e7akta gazetecilerin g\u00fcndeme dair sorular\u0131na yan\u0131t verdi. \u0130\u015fte Erdo\u011fan&#8217;\u0131n a\u00e7\u0131klamalar\u0131ndan sat\u0131rba\u015flar\u0131: &#8220;\u0130SMA\u0130LA\u011eA CAM\u0130ASINA BA\u015eSA\u011eLI\u011eI D\u0130L\u0130YORUM&#8221; K\u0131ymetli bas\u0131n mensuplar\u0131, de\u011ferli arkada\u015flar sizleri en kalbi duygular\u0131mla, sevgiyle selaml\u0131yorum. \u00d6ncelikle bug\u00fcn vefat haberini derin bir teess\u00fcrle \u00f6\u011frendi\u011fim, son devrin manevi liderlerinden Hasan K\u0131l\u0131\u00e7 Hocaefendiye Allah&#8217;tan rahmet niyaz ediyorum. Merhum Hasan Efendi ile k\u0131sa<\/p>\n","protected":false},"author":1,"featured_media":39607,"comment_status":"open","ping_status":"open","sticky":false,"template":"","format":"standard","meta":{"footnotes":""},"categories":[1],"tags":[],"class_list":["post-39606","post","type-post","status-publish","format-standard","has-post-thumbnail","hentry","category-gundem"],"yoast_head":"<!-- This site is optimized with the Yoast SEO plugin v27.5 - https:\/\/yoast.com\/product\/yoast-seo-wordpress\/ -->\n<title>Cumhurba\u015fkan\u0131 Erdo\u011fan&#039;dan g\u0131dada fahi\u015f fiyat art\u0131\u015flar\u0131na kar\u015f\u0131 net mesaj: \u00dczerine gidece\u011fiz, cayd\u0131r\u0131c\u0131 tedbirler masada -<\/title>\n<meta name=\"robots\" content=\"index, follow, max-snippet:-1, max-image-preview:large, max-video-preview:-1\" \/>\n<link rel=\"canonical\" href=\"https:\/\/kibrisdakik.com\/?p=39606\" \/>\n<meta property=\"og:locale\" content=\"tr_TR\" \/>\n<meta property=\"og:type\" content=\"article\" \/>\n<meta property=\"og:title\" content=\"Cumhurba\u015fkan\u0131 Erdo\u011fan&#039;dan g\u0131dada fahi\u015f fiyat art\u0131\u015flar\u0131na kar\u015f\u0131 net mesaj: \u00dczerine gidece\u011fiz, cayd\u0131r\u0131c\u0131 tedbirler masada -\" \/>\n<meta property=\"og:description\" content=\"Cumhurba\u015fkan\u0131 Recep Tayyip Erdo\u011fan,&nbsp;\u0131rak ziyareti&nbsp;d\u00f6n\u00fc\u015f\u00fc u\u00e7akta gazetecilerin g\u00fcndeme dair sorular\u0131na yan\u0131t verdi. \u0130\u015fte Erdo\u011fan&#8217;\u0131n a\u00e7\u0131klamalar\u0131ndan sat\u0131rba\u015flar\u0131: &#8220;\u0130SMA\u0130LA\u011eA CAM\u0130ASINA BA\u015eSA\u011eLI\u011eI D\u0130L\u0130YORUM&#8221; K\u0131ymetli bas\u0131n mensuplar\u0131, de\u011ferli arkada\u015flar sizleri en kalbi duygular\u0131mla, sevgiyle selaml\u0131yorum. \u00d6ncelikle bug\u00fcn vefat haberini derin bir teess\u00fcrle \u00f6\u011frendi\u011fim, son devrin manevi liderlerinden Hasan K\u0131l\u0131\u00e7 Hocaefendiye Allah&#8217;tan rahmet niyaz ediyorum. Merhum Hasan Efendi ile k\u0131sa\" \/>\n<meta property=\"og:url\" content=\"https:\/\/kibrisdakik.com\/?p=39606\" \/>\n<meta property=\"article:published_time\" content=\"2024-04-23T10:22:00+00:00\" \/>\n<meta property=\"og:image\" content=\"https:\/\/kibrisdakik.com\/wp-content\/uploads\/2024\/04\/cumhurbaskani-erdogandan-gidada-fahis-fiyat-artislarina-karsi-net-mesaj-uzerine-gidecegiz-caydirici-tedbirler-masada-1713867870.webp.webp\" \/>\n\t<meta property=\"og:image:width\" content=\"710\" \/>\n\t<meta property=\"og:image:height\" content=\"370\" \/>\n\t<meta property=\"og:image:type\" content=\"image\/webp\" \/>\n<meta name=\"author\" content=\"admin\" \/>\n<meta name=\"twitter:card\" content=\"summary_large_image\" \/>\n<meta name=\"twitter:label1\" content=\"Yazan:\" \/>\n\t<meta name=\"twitter:data1\" content=\"admin\" \/>\n\t<meta name=\"twitter:label2\" content=\"Tahmini okuma s\u00fcresi\" \/>\n\t<meta name=\"twitter:data2\" content=\"20 dakika\" \/>\n<script type=\"application\/ld+json\" class=\"yoast-schema-graph\">{\"@context\":\"https:\\\/\\\/schema.org\",\"@graph\":[{\"@type\":\"Article\",\"@id\":\"https:\\\/\\\/kibrisdakik.com\\\/?p=39606#article\",\"isPartOf\":{\"@id\":\"https:\\\/\\\/kibrisdakik.com\\\/?p=39606\"},\"author\":{\"name\":\"admin\",\"@id\":\"https:\\\/\\\/kibrisdakik.com\\\/#\\\/schema\\\/person\\\/9cd9d437bbb44f72b73ba127e06d8e79\"},\"headline\":\"Cumhurba\u015fkan\u0131 Erdo\u011fan&#039;dan g\u0131dada fahi\u015f fiyat art\u0131\u015flar\u0131na kar\u015f\u0131 net mesaj: \u00dczerine gidece\u011fiz, cayd\u0131r\u0131c\u0131 tedbirler masada\",\"datePublished\":\"2024-04-23T10:22:00+00:00\",\"mainEntityOfPage\":{\"@id\":\"https:\\\/\\\/kibrisdakik.com\\\/?p=39606\"},\"wordCount\":4043,\"commentCount\":0,\"image\":{\"@id\":\"https:\\\/\\\/kibrisdakik.com\\\/?p=39606#primaryimage\"},\"thumbnailUrl\":\"https:\\\/\\\/kibrisdakik.com\\\/wp-content\\\/uploads\\\/2024\\\/04\\\/cumhurbaskani-erdogandan-gidada-fahis-fiyat-artislarina-karsi-net-mesaj-uzerine-gidecegiz-caydirici-tedbirler-masada-1713867870.webp.webp\",\"articleSection\":[\"G\u00fcndem\"],\"inLanguage\":\"tr\",\"potentialAction\":[{\"@type\":\"CommentAction\",\"name\":\"Comment\",\"target\":[\"https:\\\/\\\/kibrisdakik.com\\\/?p=39606#respond\"]}]},{\"@type\":\"WebPage\",\"@id\":\"https:\\\/\\\/kibrisdakik.com\\\/?p=39606\",\"url\":\"https:\\\/\\\/kibrisdakik.com\\\/?p=39606\",\"name\":\"Cumhurba\u015fkan\u0131 Erdo\u011fan&#039;dan g\u0131dada fahi\u015f fiyat art\u0131\u015flar\u0131na kar\u015f\u0131 net mesaj: \u00dczerine gidece\u011fiz, cayd\u0131r\u0131c\u0131 tedbirler masada -\",\"isPartOf\":{\"@id\":\"https:\\\/\\\/kibrisdakik.com\\\/#website\"},\"primaryImageOfPage\":{\"@id\":\"https:\\\/\\\/kibrisdakik.com\\\/?p=39606#primaryimage\"},\"image\":{\"@id\":\"https:\\\/\\\/kibrisdakik.com\\\/?p=39606#primaryimage\"},\"thumbnailUrl\":\"https:\\\/\\\/kibrisdakik.com\\\/wp-content\\\/uploads\\\/2024\\\/04\\\/cumhurbaskani-erdogandan-gidada-fahis-fiyat-artislarina-karsi-net-mesaj-uzerine-gidecegiz-caydirici-tedbirler-masada-1713867870.webp.webp\",\"datePublished\":\"2024-04-23T10:22:00+00:00\",\"author\":{\"@id\":\"https:\\\/\\\/kibrisdakik.com\\\/#\\\/schema\\\/person\\\/9cd9d437bbb44f72b73ba127e06d8e79\"},\"breadcrumb\":{\"@id\":\"https:\\\/\\\/kibrisdakik.com\\\/?p=39606#breadcrumb\"},\"inLanguage\":\"tr\",\"potentialAction\":[{\"@type\":\"ReadAction\",\"target\":[\"https:\\\/\\\/kibrisdakik.com\\\/?p=39606\"]}]},{\"@type\":\"ImageObject\",\"inLanguage\":\"tr\",\"@id\":\"https:\\\/\\\/kibrisdakik.com\\\/?p=39606#primaryimage\",\"url\":\"https:\\\/\\\/kibrisdakik.com\\\/wp-content\\\/uploads\\\/2024\\\/04\\\/cumhurbaskani-erdogandan-gidada-fahis-fiyat-artislarina-karsi-net-mesaj-uzerine-gidecegiz-caydirici-tedbirler-masada-1713867870.webp.webp\",\"contentUrl\":\"https:\\\/\\\/kibrisdakik.com\\\/wp-content\\\/uploads\\\/2024\\\/04\\\/cumhurbaskani-erdogandan-gidada-fahis-fiyat-artislarina-karsi-net-mesaj-uzerine-gidecegiz-caydirici-tedbirler-masada-1713867870.webp.webp\",\"width\":710,\"height\":370},{\"@type\":\"BreadcrumbList\",\"@id\":\"https:\\\/\\\/kibrisdakik.com\\\/?p=39606#breadcrumb\",\"itemListElement\":[{\"@type\":\"ListItem\",\"position\":1,\"name\":\"Home\",\"item\":\"https:\\\/\\\/kibrisdakik.com\\\/\"},{\"@type\":\"ListItem\",\"position\":2,\"name\":\"Cumhurba\u015fkan\u0131 Erdo\u011fan&#039;dan g\u0131dada fahi\u015f fiyat art\u0131\u015flar\u0131na kar\u015f\u0131 net mesaj: \u00dczerine gidece\u011fiz, cayd\u0131r\u0131c\u0131 tedbirler masada\"}]},{\"@type\":\"WebSite\",\"@id\":\"https:\\\/\\\/kibrisdakik.com\\\/#website\",\"url\":\"https:\\\/\\\/kibrisdakik.com\\\/\",\"name\":\"\",\"description\":\"Tam vaktinde haber\",\"potentialAction\":[{\"@type\":\"SearchAction\",\"target\":{\"@type\":\"EntryPoint\",\"urlTemplate\":\"https:\\\/\\\/kibrisdakik.com\\\/?s={search_term_string}\"},\"query-input\":{\"@type\":\"PropertyValueSpecification\",\"valueRequired\":true,\"valueName\":\"search_term_string\"}}],\"inLanguage\":\"tr\"},{\"@type\":\"Person\",\"@id\":\"https:\\\/\\\/kibrisdakik.com\\\/#\\\/schema\\\/person\\\/9cd9d437bbb44f72b73ba127e06d8e79\",\"name\":\"admin\",\"image\":{\"@type\":\"ImageObject\",\"inLanguage\":\"tr\",\"@id\":\"https:\\\/\\\/secure.gravatar.com\\\/avatar\\\/ccc17943b9d660506c869530f897617f7cb1c21a4bf30023f252596d83e1f007?s=96&d=mm&r=g\",\"url\":\"https:\\\/\\\/secure.gravatar.com\\\/avatar\\\/ccc17943b9d660506c869530f897617f7cb1c21a4bf30023f252596d83e1f007?s=96&d=mm&r=g\",\"contentUrl\":\"https:\\\/\\\/secure.gravatar.com\\\/avatar\\\/ccc17943b9d660506c869530f897617f7cb1c21a4bf30023f252596d83e1f007?s=96&d=mm&r=g\",\"caption\":\"admin\"},\"sameAs\":[\"https:\\\/\\\/kibrisdakik.com\"],\"url\":\"https:\\\/\\\/kibrisdakik.com\\\/?author=1\"}]}<\/script>\n<!-- \/ Yoast SEO plugin. -->","yoast_head_json":{"title":"Cumhurba\u015fkan\u0131 Erdo\u011fan&#039;dan g\u0131dada fahi\u015f fiyat art\u0131\u015flar\u0131na kar\u015f\u0131 net mesaj: \u00dczerine gidece\u011fiz, cayd\u0131r\u0131c\u0131 tedbirler masada -","robots":{"index":"index","follow":"follow","max-snippet":"max-snippet:-1","max-image-preview":"max-image-preview:large","max-video-preview":"max-video-preview:-1"},"canonical":"https:\/\/kibrisdakik.com\/?p=39606","og_locale":"tr_TR","og_type":"article","og_title":"Cumhurba\u015fkan\u0131 Erdo\u011fan&#039;dan g\u0131dada fahi\u015f fiyat art\u0131\u015flar\u0131na kar\u015f\u0131 net mesaj: \u00dczerine gidece\u011fiz, cayd\u0131r\u0131c\u0131 tedbirler masada -","og_description":"Cumhurba\u015fkan\u0131 Recep Tayyip Erdo\u011fan,&nbsp;\u0131rak ziyareti&nbsp;d\u00f6n\u00fc\u015f\u00fc u\u00e7akta gazetecilerin g\u00fcndeme dair sorular\u0131na yan\u0131t verdi. \u0130\u015fte Erdo\u011fan&#8217;\u0131n a\u00e7\u0131klamalar\u0131ndan sat\u0131rba\u015flar\u0131: &#8220;\u0130SMA\u0130LA\u011eA CAM\u0130ASINA BA\u015eSA\u011eLI\u011eI D\u0130L\u0130YORUM&#8221; K\u0131ymetli bas\u0131n mensuplar\u0131, de\u011ferli arkada\u015flar sizleri en kalbi duygular\u0131mla, sevgiyle selaml\u0131yorum. \u00d6ncelikle bug\u00fcn vefat haberini derin bir teess\u00fcrle \u00f6\u011frendi\u011fim, son devrin manevi liderlerinden Hasan K\u0131l\u0131\u00e7 Hocaefendiye Allah&#8217;tan rahmet niyaz ediyorum. Merhum Hasan Efendi ile k\u0131sa","og_url":"https:\/\/kibrisdakik.com\/?p=39606","article_published_time":"2024-04-23T10:22:00+00:00","og_image":[{"width":710,"height":370,"url":"https:\/\/kibrisdakik.com\/wp-content\/uploads\/2024\/04\/cumhurbaskani-erdogandan-gidada-fahis-fiyat-artislarina-karsi-net-mesaj-uzerine-gidecegiz-caydirici-tedbirler-masada-1713867870.webp.webp","type":"image\/webp"}],"author":"admin","twitter_card":"summary_large_image","twitter_misc":{"Yazan:":"admin","Tahmini okuma s\u00fcresi":"20 dakika"},"schema":{"@context":"https:\/\/schema.org","@graph":[{"@type":"Article","@id":"https:\/\/kibrisdakik.com\/?p=39606#article","isPartOf":{"@id":"https:\/\/kibrisdakik.com\/?p=39606"},"author":{"name":"admin","@id":"https:\/\/kibrisdakik.com\/#\/schema\/person\/9cd9d437bbb44f72b73ba127e06d8e79"},"headline":"Cumhurba\u015fkan\u0131 Erdo\u011fan&#039;dan g\u0131dada fahi\u015f fiyat art\u0131\u015flar\u0131na kar\u015f\u0131 net mesaj: \u00dczerine gidece\u011fiz, cayd\u0131r\u0131c\u0131 tedbirler masada","datePublished":"2024-04-23T10:22:00+00:00","mainEntityOfPage":{"@id":"https:\/\/kibrisdakik.com\/?p=39606"},"wordCount":4043,"commentCount":0,"image":{"@id":"https:\/\/kibrisdakik.com\/?p=39606#primaryimage"},"thumbnailUrl":"https:\/\/kibrisdakik.com\/wp-content\/uploads\/2024\/04\/cumhurbaskani-erdogandan-gidada-fahis-fiyat-artislarina-karsi-net-mesaj-uzerine-gidecegiz-caydirici-tedbirler-masada-1713867870.webp.webp","articleSection":["G\u00fcndem"],"inLanguage":"tr","potentialAction":[{"@type":"CommentAction","name":"Comment","target":["https:\/\/kibrisdakik.com\/?p=39606#respond"]}]},{"@type":"WebPage","@id":"https:\/\/kibrisdakik.com\/?p=39606","url":"https:\/\/kibrisdakik.com\/?p=39606","name":"Cumhurba\u015fkan\u0131 Erdo\u011fan&#039;dan g\u0131dada fahi\u015f fiyat art\u0131\u015flar\u0131na kar\u015f\u0131 net mesaj: \u00dczerine gidece\u011fiz, cayd\u0131r\u0131c\u0131 tedbirler masada -","isPartOf":{"@id":"https:\/\/kibrisdakik.com\/#website"},"primaryImageOfPage":{"@id":"https:\/\/kibrisdakik.com\/?p=39606#primaryimage"},"image":{"@id":"https:\/\/kibrisdakik.com\/?p=39606#primaryimage"},"thumbnailUrl":"https:\/\/kibrisdakik.com\/wp-content\/uploads\/2024\/04\/cumhurbaskani-erdogandan-gidada-fahis-fiyat-artislarina-karsi-net-mesaj-uzerine-gidecegiz-caydirici-tedbirler-masada-1713867870.webp.webp","datePublished":"2024-04-23T10:22:00+00:00","author":{"@id":"https:\/\/kibrisdakik.com\/#\/schema\/person\/9cd9d437bbb44f72b73ba127e06d8e79"},"breadcrumb":{"@id":"https:\/\/kibrisdakik.com\/?p=39606#breadcrumb"},"inLanguage":"tr","potentialAction":[{"@type":"ReadAction","target":["https:\/\/kibrisdakik.com\/?p=39606"]}]},{"@type":"ImageObject","inLanguage":"tr","@id":"https:\/\/kibrisdakik.com\/?p=39606#primaryimage","url":"https:\/\/kibrisdakik.com\/wp-content\/uploads\/2024\/04\/cumhurbaskani-erdogandan-gidada-fahis-fiyat-artislarina-karsi-net-mesaj-uzerine-gidecegiz-caydirici-tedbirler-masada-1713867870.webp.webp","contentUrl":"https:\/\/kibrisdakik.com\/wp-content\/uploads\/2024\/04\/cumhurbaskani-erdogandan-gidada-fahis-fiyat-artislarina-karsi-net-mesaj-uzerine-gidecegiz-caydirici-tedbirler-masada-1713867870.webp.webp","width":710,"height":370},{"@type":"BreadcrumbList","@id":"https:\/\/kibrisdakik.com\/?p=39606#breadcrumb","itemListElement":[{"@type":"ListItem","position":1,"name":"Home","item":"https:\/\/kibrisdakik.com\/"},{"@type":"ListItem","position":2,"name":"Cumhurba\u015fkan\u0131 Erdo\u011fan&#039;dan g\u0131dada fahi\u015f fiyat art\u0131\u015flar\u0131na kar\u015f\u0131 net mesaj: \u00dczerine gidece\u011fiz, cayd\u0131r\u0131c\u0131 tedbirler masada"}]},{"@type":"WebSite","@id":"https:\/\/kibrisdakik.com\/#website","url":"https:\/\/kibrisdakik.com\/","name":"","description":"Tam vaktinde haber","potentialAction":[{"@type":"SearchAction","target":{"@type":"EntryPoint","urlTemplate":"https:\/\/kibrisdakik.com\/?s={search_term_string}"},"query-input":{"@type":"PropertyValueSpecification","valueRequired":true,"valueName":"search_term_string"}}],"inLanguage":"tr"},{"@type":"Person","@id":"https:\/\/kibrisdakik.com\/#\/schema\/person\/9cd9d437bbb44f72b73ba127e06d8e79","name":"admin","image":{"@type":"ImageObject","inLanguage":"tr","@id":"https:\/\/secure.gravatar.com\/avatar\/ccc17943b9d660506c869530f897617f7cb1c21a4bf30023f252596d83e1f007?s=96&d=mm&r=g","url":"https:\/\/secure.gravatar.com\/avatar\/ccc17943b9d660506c869530f897617f7cb1c21a4bf30023f252596d83e1f007?s=96&d=mm&r=g","contentUrl":"https:\/\/secure.gravatar.com\/avatar\/ccc17943b9d660506c869530f897617f7cb1c21a4bf30023f252596d83e1f007?s=96&d=mm&r=g","caption":"admin"},"sameAs":["https:\/\/kibrisdakik.com"],"url":"https:\/\/kibrisdakik.com\/?author=1"}]}},"_links":{"self":[{"href":"https:\/\/kibrisdakik.com\/index.php?rest_route=\/wp\/v2\/posts\/39606","targetHints":{"allow":["GET"]}}],"collection":[{"href":"https:\/\/kibrisdakik.com\/index.php?rest_route=\/wp\/v2\/posts"}],"about":[{"href":"https:\/\/kibrisdakik.com\/index.php?rest_route=\/wp\/v2\/types\/post"}],"author":[{"embeddable":true,"href":"https:\/\/kibrisdakik.com\/index.php?rest_route=\/wp\/v2\/users\/1"}],"replies":[{"embeddable":true,"href":"https:\/\/kibrisdakik.com\/index.php?rest_route=%2Fwp%2Fv2%2Fcomments&post=39606"}],"version-history":[{"count":0,"href":"https:\/\/kibrisdakik.com\/index.php?rest_route=\/wp\/v2\/posts\/39606\/revisions"}],"wp:featuredmedia":[{"embeddable":true,"href":"https:\/\/kibrisdakik.com\/index.php?rest_route=\/wp\/v2\/media\/39607"}],"wp:attachment":[{"href":"https:\/\/kibrisdakik.com\/index.php?rest_route=%2Fwp%2Fv2%2Fmedia&parent=39606"}],"wp:term":[{"taxonomy":"category","embeddable":true,"href":"https:\/\/kibrisdakik.com\/index.php?rest_route=%2Fwp%2Fv2%2Fcategories&post=39606"},{"taxonomy":"post_tag","embeddable":true,"href":"https:\/\/kibrisdakik.com\/index.php?rest_route=%2Fwp%2Fv2%2Ftags&post=39606"}],"curies":[{"name":"wp","href":"https:\/\/api.w.org\/{rel}","templated":true}]}}