{"id":39618,"date":"2024-04-24T05:51:46","date_gmt":"2024-04-24T05:51:46","guid":{"rendered":"https:\/\/kibrisdakik.com\/index.php\/2024\/04\/24\/selvi-boylum-al-yazmalim-konseri-acapulco-hotel-de-gerceklestirildi\/"},"modified":"2024-04-24T05:51:46","modified_gmt":"2024-04-24T05:51:46","slug":"selvi-boylum-al-yazmalim-konseri-acapulco-hotel-de-gerceklestirildi","status":"publish","type":"post","link":"https:\/\/kibrisdakik.com\/?p=39618","title":{"rendered":"Selvi Boylum Al Yazmal\u0131m konseri Acapulco Hotel &#039;de ger\u00e7ekle\u015ftirildi"},"content":{"rendered":"<p><img decoding=\"async\" src=\"https:\/\/www.kibristurk.com\/images\/haberler\/2024\/04\/selvi-boylum-al-yazmalim-acapulco-hotel-de-gerceklestirildi-1713863972.webp\" \/><\/p>\n<p>Gecede T\u00fcrk Sinemas\u0131n\u0131n efsane akt\u00f6r\u00fc Engin \u00c7a\u011flar da onur konu\u011fu olarak 55.Sanat y\u0131l\u0131n\u0131 kutlad\u0131.Yaklasik 500 ki\u015finin izledi\u011fi konser de tam bir Ye\u015fil\u00e7am nostaljisi ya\u015fand\u0131.Ahenk T\u00fcrk M\u00fczi\u011fi korosu ilk b\u00f6l\u00fcmde Ye\u015fil\u00e7am filmlerinin unutulmaz \u015fark\u0131lar\u0131n\u0131 seslendirdi.Efsane akt\u00f6r Engin \u00c7a\u011flar &#8216;\u0131n an\u0131lar\u0131yla renklenen gecede Sanat\u00e7\u0131 BAHAR G\u00f6khan s\u0131ras\u0131yla Selvi boylum Al Yazmal\u0131m ve Feride \u015fark\u0131lar\u0131n\u0131 seyirciyle birlikte s\u00f6yledi.Gecenin finalinde an\u0131 plaketleri takdim edildi.Ahenk T\u00fcrk M\u00fczi\u011fi korosu bu ilk konserinde dinleyicilerden tam not ald\u0131.<\/p>\n","protected":false},"excerpt":{"rendered":"<p>Gecede T\u00fcrk Sinemas\u0131n\u0131n efsane akt\u00f6r\u00fc Engin \u00c7a\u011flar da onur konu\u011fu olarak 55.Sanat y\u0131l\u0131n\u0131 kutlad\u0131.Yaklasik 500 ki\u015finin izledi\u011fi konser de tam bir Ye\u015fil\u00e7am nostaljisi ya\u015fand\u0131.Ahenk T\u00fcrk M\u00fczi\u011fi korosu ilk b\u00f6l\u00fcmde Ye\u015fil\u00e7am filmlerinin unutulmaz \u015fark\u0131lar\u0131n\u0131 seslendirdi.Efsane akt\u00f6r Engin \u00c7a\u011flar &#8216;\u0131n an\u0131lar\u0131yla renklenen gecede Sanat\u00e7\u0131 BAHAR G\u00f6khan s\u0131ras\u0131yla Selvi boylum Al Yazmal\u0131m ve Feride \u015fark\u0131lar\u0131n\u0131 seyirciyle birlikte s\u00f6yledi.Gecenin<\/p>\n","protected":false},"author":1,"featured_media":39486,"comment_status":"open","ping_status":"open","sticky":false,"template":"","format":"standard","meta":{"footnotes":""},"categories":[79],"tags":[],"class_list":["post-39618","post","type-post","status-publish","format-standard","has-post-thumbnail","hentry","category-ekonomi"],"yoast_head":"<!-- This site is optimized with the Yoast SEO plugin v27.5 - https:\/\/yoast.com\/product\/yoast-seo-wordpress\/ -->\n<title>Selvi Boylum Al Yazmal\u0131m konseri Acapulco Hotel &#039;de ger\u00e7ekle\u015ftirildi -<\/title>\n<meta name=\"robots\" content=\"index, follow, max-snippet:-1, max-image-preview:large, max-video-preview:-1\" \/>\n<link rel=\"canonical\" href=\"https:\/\/kibrisdakik.com\/?p=39618\" \/>\n<meta property=\"og:locale\" content=\"tr_TR\" \/>\n<meta property=\"og:type\" content=\"article\" \/>\n<meta property=\"og:title\" content=\"Selvi Boylum Al Yazmal\u0131m konseri Acapulco Hotel &#039;de ger\u00e7ekle\u015ftirildi -\" \/>\n<meta property=\"og:description\" content=\"Gecede T\u00fcrk Sinemas\u0131n\u0131n efsane akt\u00f6r\u00fc Engin \u00c7a\u011flar da onur konu\u011fu olarak 55.Sanat y\u0131l\u0131n\u0131 kutlad\u0131.Yaklasik 500 ki\u015finin izledi\u011fi konser de tam bir Ye\u015fil\u00e7am nostaljisi ya\u015fand\u0131.Ahenk T\u00fcrk M\u00fczi\u011fi korosu ilk b\u00f6l\u00fcmde Ye\u015fil\u00e7am filmlerinin unutulmaz \u015fark\u0131lar\u0131n\u0131 seslendirdi.Efsane akt\u00f6r Engin \u00c7a\u011flar &#8216;\u0131n an\u0131lar\u0131yla renklenen gecede Sanat\u00e7\u0131 BAHAR G\u00f6khan s\u0131ras\u0131yla Selvi boylum Al Yazmal\u0131m ve Feride \u015fark\u0131lar\u0131n\u0131 seyirciyle birlikte s\u00f6yledi.Gecenin\" \/>\n<meta property=\"og:url\" content=\"https:\/\/kibrisdakik.com\/?p=39618\" \/>\n<meta property=\"article:published_time\" content=\"2024-04-24T05:51:46+00:00\" \/>\n<meta property=\"og:image\" content=\"https:\/\/kibrisdakik.com\/wp-content\/uploads\/2024\/04\/selvi-boylum-al-yazmalim-acapulco-hotel-de-gerceklestirildi-1713863972.webp.webp\" \/>\n\t<meta property=\"og:image:width\" content=\"710\" \/>\n\t<meta property=\"og:image:height\" content=\"370\" \/>\n\t<meta property=\"og:image:type\" content=\"image\/webp\" \/>\n<meta name=\"author\" content=\"admin\" \/>\n<meta name=\"twitter:card\" content=\"summary_large_image\" \/>\n<meta name=\"twitter:label1\" content=\"Yazan:\" \/>\n\t<meta name=\"twitter:data1\" content=\"admin\" \/>\n\t<meta name=\"twitter:label2\" content=\"Tahmini okuma s\u00fcresi\" \/>\n\t<meta name=\"twitter:data2\" content=\"1 dakika\" \/>\n<script type=\"application\/ld+json\" class=\"yoast-schema-graph\">{\"@context\":\"https:\\\/\\\/schema.org\",\"@graph\":[{\"@type\":\"Article\",\"@id\":\"https:\\\/\\\/kibrisdakik.com\\\/?p=39618#article\",\"isPartOf\":{\"@id\":\"https:\\\/\\\/kibrisdakik.com\\\/?p=39618\"},\"author\":{\"name\":\"admin\",\"@id\":\"https:\\\/\\\/kibrisdakik.com\\\/#\\\/schema\\\/person\\\/9cd9d437bbb44f72b73ba127e06d8e79\"},\"headline\":\"Selvi Boylum Al Yazmal\u0131m konseri Acapulco Hotel &#039;de ger\u00e7ekle\u015ftirildi\",\"datePublished\":\"2024-04-24T05:51:46+00:00\",\"mainEntityOfPage\":{\"@id\":\"https:\\\/\\\/kibrisdakik.com\\\/?p=39618\"},\"wordCount\":123,\"commentCount\":0,\"image\":{\"@id\":\"https:\\\/\\\/kibrisdakik.com\\\/?p=39618#primaryimage\"},\"thumbnailUrl\":\"https:\\\/\\\/kibrisdakik.com\\\/wp-content\\\/uploads\\\/2024\\\/04\\\/selvi-boylum-al-yazmalim-acapulco-hotel-de-gerceklestirildi-1713863972.webp.webp\",\"articleSection\":[\"Ekonomi\"],\"inLanguage\":\"tr\",\"potentialAction\":[{\"@type\":\"CommentAction\",\"name\":\"Comment\",\"target\":[\"https:\\\/\\\/kibrisdakik.com\\\/?p=39618#respond\"]}]},{\"@type\":\"WebPage\",\"@id\":\"https:\\\/\\\/kibrisdakik.com\\\/?p=39618\",\"url\":\"https:\\\/\\\/kibrisdakik.com\\\/?p=39618\",\"name\":\"Selvi Boylum Al Yazmal\u0131m konseri Acapulco Hotel &#039;de ger\u00e7ekle\u015ftirildi -\",\"isPartOf\":{\"@id\":\"https:\\\/\\\/kibrisdakik.com\\\/#website\"},\"primaryImageOfPage\":{\"@id\":\"https:\\\/\\\/kibrisdakik.com\\\/?p=39618#primaryimage\"},\"image\":{\"@id\":\"https:\\\/\\\/kibrisdakik.com\\\/?p=39618#primaryimage\"},\"thumbnailUrl\":\"https:\\\/\\\/kibrisdakik.com\\\/wp-content\\\/uploads\\\/2024\\\/04\\\/selvi-boylum-al-yazmalim-acapulco-hotel-de-gerceklestirildi-1713863972.webp.webp\",\"datePublished\":\"2024-04-24T05:51:46+00:00\",\"author\":{\"@id\":\"https:\\\/\\\/kibrisdakik.com\\\/#\\\/schema\\\/person\\\/9cd9d437bbb44f72b73ba127e06d8e79\"},\"breadcrumb\":{\"@id\":\"https:\\\/\\\/kibrisdakik.com\\\/?p=39618#breadcrumb\"},\"inLanguage\":\"tr\",\"potentialAction\":[{\"@type\":\"ReadAction\",\"target\":[\"https:\\\/\\\/kibrisdakik.com\\\/?p=39618\"]}]},{\"@type\":\"ImageObject\",\"inLanguage\":\"tr\",\"@id\":\"https:\\\/\\\/kibrisdakik.com\\\/?p=39618#primaryimage\",\"url\":\"https:\\\/\\\/kibrisdakik.com\\\/wp-content\\\/uploads\\\/2024\\\/04\\\/selvi-boylum-al-yazmalim-acapulco-hotel-de-gerceklestirildi-1713863972.webp.webp\",\"contentUrl\":\"https:\\\/\\\/kibrisdakik.com\\\/wp-content\\\/uploads\\\/2024\\\/04\\\/selvi-boylum-al-yazmalim-acapulco-hotel-de-gerceklestirildi-1713863972.webp.webp\",\"width\":710,\"height\":370},{\"@type\":\"BreadcrumbList\",\"@id\":\"https:\\\/\\\/kibrisdakik.com\\\/?p=39618#breadcrumb\",\"itemListElement\":[{\"@type\":\"ListItem\",\"position\":1,\"name\":\"Home\",\"item\":\"https:\\\/\\\/kibrisdakik.com\\\/\"},{\"@type\":\"ListItem\",\"position\":2,\"name\":\"Selvi Boylum Al Yazmal\u0131m konseri Acapulco Hotel &#039;de ger\u00e7ekle\u015ftirildi\"}]},{\"@type\":\"WebSite\",\"@id\":\"https:\\\/\\\/kibrisdakik.com\\\/#website\",\"url\":\"https:\\\/\\\/kibrisdakik.com\\\/\",\"name\":\"\",\"description\":\"Tam vaktinde haber\",\"potentialAction\":[{\"@type\":\"SearchAction\",\"target\":{\"@type\":\"EntryPoint\",\"urlTemplate\":\"https:\\\/\\\/kibrisdakik.com\\\/?s={search_term_string}\"},\"query-input\":{\"@type\":\"PropertyValueSpecification\",\"valueRequired\":true,\"valueName\":\"search_term_string\"}}],\"inLanguage\":\"tr\"},{\"@type\":\"Person\",\"@id\":\"https:\\\/\\\/kibrisdakik.com\\\/#\\\/schema\\\/person\\\/9cd9d437bbb44f72b73ba127e06d8e79\",\"name\":\"admin\",\"image\":{\"@type\":\"ImageObject\",\"inLanguage\":\"tr\",\"@id\":\"https:\\\/\\\/secure.gravatar.com\\\/avatar\\\/ccc17943b9d660506c869530f897617f7cb1c21a4bf30023f252596d83e1f007?s=96&d=mm&r=g\",\"url\":\"https:\\\/\\\/secure.gravatar.com\\\/avatar\\\/ccc17943b9d660506c869530f897617f7cb1c21a4bf30023f252596d83e1f007?s=96&d=mm&r=g\",\"contentUrl\":\"https:\\\/\\\/secure.gravatar.com\\\/avatar\\\/ccc17943b9d660506c869530f897617f7cb1c21a4bf30023f252596d83e1f007?s=96&d=mm&r=g\",\"caption\":\"admin\"},\"sameAs\":[\"https:\\\/\\\/kibrisdakik.com\"],\"url\":\"https:\\\/\\\/kibrisdakik.com\\\/?author=1\"}]}<\/script>\n<!-- \/ Yoast SEO plugin. -->","yoast_head_json":{"title":"Selvi Boylum Al Yazmal\u0131m konseri Acapulco Hotel &#039;de ger\u00e7ekle\u015ftirildi -","robots":{"index":"index","follow":"follow","max-snippet":"max-snippet:-1","max-image-preview":"max-image-preview:large","max-video-preview":"max-video-preview:-1"},"canonical":"https:\/\/kibrisdakik.com\/?p=39618","og_locale":"tr_TR","og_type":"article","og_title":"Selvi Boylum Al Yazmal\u0131m konseri Acapulco Hotel &#039;de ger\u00e7ekle\u015ftirildi -","og_description":"Gecede T\u00fcrk Sinemas\u0131n\u0131n efsane akt\u00f6r\u00fc Engin \u00c7a\u011flar da onur konu\u011fu olarak 55.Sanat y\u0131l\u0131n\u0131 kutlad\u0131.Yaklasik 500 ki\u015finin izledi\u011fi konser de tam bir Ye\u015fil\u00e7am nostaljisi ya\u015fand\u0131.Ahenk T\u00fcrk M\u00fczi\u011fi korosu ilk b\u00f6l\u00fcmde Ye\u015fil\u00e7am filmlerinin unutulmaz \u015fark\u0131lar\u0131n\u0131 seslendirdi.Efsane akt\u00f6r Engin \u00c7a\u011flar &#8216;\u0131n an\u0131lar\u0131yla renklenen gecede Sanat\u00e7\u0131 BAHAR G\u00f6khan s\u0131ras\u0131yla Selvi boylum Al Yazmal\u0131m ve Feride \u015fark\u0131lar\u0131n\u0131 seyirciyle birlikte s\u00f6yledi.Gecenin","og_url":"https:\/\/kibrisdakik.com\/?p=39618","article_published_time":"2024-04-24T05:51:46+00:00","og_image":[{"width":710,"height":370,"url":"https:\/\/kibrisdakik.com\/wp-content\/uploads\/2024\/04\/selvi-boylum-al-yazmalim-acapulco-hotel-de-gerceklestirildi-1713863972.webp.webp","type":"image\/webp"}],"author":"admin","twitter_card":"summary_large_image","twitter_misc":{"Yazan:":"admin","Tahmini okuma s\u00fcresi":"1 dakika"},"schema":{"@context":"https:\/\/schema.org","@graph":[{"@type":"Article","@id":"https:\/\/kibrisdakik.com\/?p=39618#article","isPartOf":{"@id":"https:\/\/kibrisdakik.com\/?p=39618"},"author":{"name":"admin","@id":"https:\/\/kibrisdakik.com\/#\/schema\/person\/9cd9d437bbb44f72b73ba127e06d8e79"},"headline":"Selvi Boylum Al Yazmal\u0131m konseri Acapulco Hotel &#039;de ger\u00e7ekle\u015ftirildi","datePublished":"2024-04-24T05:51:46+00:00","mainEntityOfPage":{"@id":"https:\/\/kibrisdakik.com\/?p=39618"},"wordCount":123,"commentCount":0,"image":{"@id":"https:\/\/kibrisdakik.com\/?p=39618#primaryimage"},"thumbnailUrl":"https:\/\/kibrisdakik.com\/wp-content\/uploads\/2024\/04\/selvi-boylum-al-yazmalim-acapulco-hotel-de-gerceklestirildi-1713863972.webp.webp","articleSection":["Ekonomi"],"inLanguage":"tr","potentialAction":[{"@type":"CommentAction","name":"Comment","target":["https:\/\/kibrisdakik.com\/?p=39618#respond"]}]},{"@type":"WebPage","@id":"https:\/\/kibrisdakik.com\/?p=39618","url":"https:\/\/kibrisdakik.com\/?p=39618","name":"Selvi Boylum Al Yazmal\u0131m konseri Acapulco Hotel &#039;de ger\u00e7ekle\u015ftirildi -","isPartOf":{"@id":"https:\/\/kibrisdakik.com\/#website"},"primaryImageOfPage":{"@id":"https:\/\/kibrisdakik.com\/?p=39618#primaryimage"},"image":{"@id":"https:\/\/kibrisdakik.com\/?p=39618#primaryimage"},"thumbnailUrl":"https:\/\/kibrisdakik.com\/wp-content\/uploads\/2024\/04\/selvi-boylum-al-yazmalim-acapulco-hotel-de-gerceklestirildi-1713863972.webp.webp","datePublished":"2024-04-24T05:51:46+00:00","author":{"@id":"https:\/\/kibrisdakik.com\/#\/schema\/person\/9cd9d437bbb44f72b73ba127e06d8e79"},"breadcrumb":{"@id":"https:\/\/kibrisdakik.com\/?p=39618#breadcrumb"},"inLanguage":"tr","potentialAction":[{"@type":"ReadAction","target":["https:\/\/kibrisdakik.com\/?p=39618"]}]},{"@type":"ImageObject","inLanguage":"tr","@id":"https:\/\/kibrisdakik.com\/?p=39618#primaryimage","url":"https:\/\/kibrisdakik.com\/wp-content\/uploads\/2024\/04\/selvi-boylum-al-yazmalim-acapulco-hotel-de-gerceklestirildi-1713863972.webp.webp","contentUrl":"https:\/\/kibrisdakik.com\/wp-content\/uploads\/2024\/04\/selvi-boylum-al-yazmalim-acapulco-hotel-de-gerceklestirildi-1713863972.webp.webp","width":710,"height":370},{"@type":"BreadcrumbList","@id":"https:\/\/kibrisdakik.com\/?p=39618#breadcrumb","itemListElement":[{"@type":"ListItem","position":1,"name":"Home","item":"https:\/\/kibrisdakik.com\/"},{"@type":"ListItem","position":2,"name":"Selvi Boylum Al Yazmal\u0131m konseri Acapulco Hotel &#039;de ger\u00e7ekle\u015ftirildi"}]},{"@type":"WebSite","@id":"https:\/\/kibrisdakik.com\/#website","url":"https:\/\/kibrisdakik.com\/","name":"","description":"Tam vaktinde haber","potentialAction":[{"@type":"SearchAction","target":{"@type":"EntryPoint","urlTemplate":"https:\/\/kibrisdakik.com\/?s={search_term_string}"},"query-input":{"@type":"PropertyValueSpecification","valueRequired":true,"valueName":"search_term_string"}}],"inLanguage":"tr"},{"@type":"Person","@id":"https:\/\/kibrisdakik.com\/#\/schema\/person\/9cd9d437bbb44f72b73ba127e06d8e79","name":"admin","image":{"@type":"ImageObject","inLanguage":"tr","@id":"https:\/\/secure.gravatar.com\/avatar\/ccc17943b9d660506c869530f897617f7cb1c21a4bf30023f252596d83e1f007?s=96&d=mm&r=g","url":"https:\/\/secure.gravatar.com\/avatar\/ccc17943b9d660506c869530f897617f7cb1c21a4bf30023f252596d83e1f007?s=96&d=mm&r=g","contentUrl":"https:\/\/secure.gravatar.com\/avatar\/ccc17943b9d660506c869530f897617f7cb1c21a4bf30023f252596d83e1f007?s=96&d=mm&r=g","caption":"admin"},"sameAs":["https:\/\/kibrisdakik.com"],"url":"https:\/\/kibrisdakik.com\/?author=1"}]}},"_links":{"self":[{"href":"https:\/\/kibrisdakik.com\/index.php?rest_route=\/wp\/v2\/posts\/39618","targetHints":{"allow":["GET"]}}],"collection":[{"href":"https:\/\/kibrisdakik.com\/index.php?rest_route=\/wp\/v2\/posts"}],"about":[{"href":"https:\/\/kibrisdakik.com\/index.php?rest_route=\/wp\/v2\/types\/post"}],"author":[{"embeddable":true,"href":"https:\/\/kibrisdakik.com\/index.php?rest_route=\/wp\/v2\/users\/1"}],"replies":[{"embeddable":true,"href":"https:\/\/kibrisdakik.com\/index.php?rest_route=%2Fwp%2Fv2%2Fcomments&post=39618"}],"version-history":[{"count":0,"href":"https:\/\/kibrisdakik.com\/index.php?rest_route=\/wp\/v2\/posts\/39618\/revisions"}],"wp:featuredmedia":[{"embeddable":true,"href":"https:\/\/kibrisdakik.com\/index.php?rest_route=\/wp\/v2\/media\/39486"}],"wp:attachment":[{"href":"https:\/\/kibrisdakik.com\/index.php?rest_route=%2Fwp%2Fv2%2Fmedia&parent=39618"}],"wp:term":[{"taxonomy":"category","embeddable":true,"href":"https:\/\/kibrisdakik.com\/index.php?rest_route=%2Fwp%2Fv2%2Fcategories&post=39618"},{"taxonomy":"post_tag","embeddable":true,"href":"https:\/\/kibrisdakik.com\/index.php?rest_route=%2Fwp%2Fv2%2Ftags&post=39618"}],"curies":[{"name":"wp","href":"https:\/\/api.w.org\/{rel}","templated":true}]}}