{"id":39655,"date":"2024-04-24T11:54:50","date_gmt":"2024-04-24T11:54:50","guid":{"rendered":"https:\/\/kibrisdakik.com\/index.php\/2024\/04\/24\/gazimagusa-karpaz-ana-yolunda-kaza-2\/"},"modified":"2024-04-24T11:54:50","modified_gmt":"2024-04-24T11:54:50","slug":"gazimagusa-karpaz-ana-yolunda-kaza-2","status":"publish","type":"post","link":"https:\/\/kibrisdakik.com\/?p=39655","title":{"rendered":"Gazima\u011fusa Karpaz ana yolunda kaza!"},"content":{"rendered":"<p><img decoding=\"async\" src=\"https:\/\/www.kibristurk.com\/images\/haberler\/2024\/04\/gazimagusa-karpaz-ana-yolunda-kaza-1713958949.webp\" \/><\/p>\n<p>&nbsp;<\/p>\n<p>Polis Bas\u0131n Subayl\u0131\u011f\u0131ndan yap\u0131lan a\u00e7\u0131klamaya g\u00f6re, , Andre\u0131 Ozerny\u0131 (E-43), LB 962 plakal\u0131 salon ara\u00e7 ile Karpaz\u2019a do\u011fru seyretti\u011fi s\u0131rada, Bo\u011faz Otel \u00f6nlerinde dikkatsizli\u011fi sonucu direksiyon hakimiyetini kaybederek yolun sa\u011f\u0131na ge\u00e7ti ve o esnada Gazima\u011fusa\u2019ya do\u011fru seyreden Fatih Kalma (E-46) y\u00f6netimindeki LG 363 plakal\u0131 arac\u0131n sa\u011f \u00f6n k\u0131sm\u0131na \u00e7arpt\u0131.<\/p>\n<p>Kaza sonucu yaralanan Andre\u0131 Ozerny\u0131 ve Fatih Kalma, Gazima\u011fusa Devlet Hastanesi\u2019ne kald\u0131r\u0131ld\u0131. Tedavilerinin ard\u0131ndan Kalma, taburcu olurken, Ozerny\u0131 sol kaburgalar\u0131nda tahribat ve akci\u011fer yaralanmas\u0131 nedeniyle Lefko\u015fa Dr. Burhan Nalbanto\u011flu Devlet Hastanesi\u2019ne sevk edilerek, m\u00fc\u015fahede alt\u0131na al\u0131nd\u0131.&nbsp;<\/p>\n<p>Kazaya ili\u015fkin soru\u015fturma devam ediyor.&nbsp;<\/p>\n","protected":false},"excerpt":{"rendered":"<p>&nbsp; Polis Bas\u0131n Subayl\u0131\u011f\u0131ndan yap\u0131lan a\u00e7\u0131klamaya g\u00f6re, , Andre\u0131 Ozerny\u0131 (E-43), LB 962 plakal\u0131 salon ara\u00e7 ile Karpaz\u2019a do\u011fru seyretti\u011fi s\u0131rada, Bo\u011faz Otel \u00f6nlerinde dikkatsizli\u011fi sonucu direksiyon hakimiyetini kaybederek yolun sa\u011f\u0131na ge\u00e7ti ve o esnada Gazima\u011fusa\u2019ya do\u011fru seyreden Fatih Kalma (E-46) y\u00f6netimindeki LG 363 plakal\u0131 arac\u0131n sa\u011f \u00f6n k\u0131sm\u0131na \u00e7arpt\u0131. Kaza sonucu yaralanan Andre\u0131 Ozerny\u0131<\/p>\n","protected":false},"author":1,"featured_media":39656,"comment_status":"open","ping_status":"open","sticky":false,"template":"","format":"standard","meta":{"footnotes":""},"categories":[85],"tags":[],"class_list":["post-39655","post","type-post","status-publish","format-standard","has-post-thumbnail","hentry","category-spor"],"yoast_head":"<!-- This site is optimized with the Yoast SEO plugin v27.4 - https:\/\/yoast.com\/product\/yoast-seo-wordpress\/ -->\n<title>Gazima\u011fusa Karpaz ana yolunda kaza! -<\/title>\n<meta name=\"robots\" content=\"index, follow, max-snippet:-1, max-image-preview:large, max-video-preview:-1\" \/>\n<link rel=\"canonical\" href=\"https:\/\/kibrisdakik.com\/?p=39655\" \/>\n<meta property=\"og:locale\" content=\"tr_TR\" \/>\n<meta property=\"og:type\" content=\"article\" \/>\n<meta property=\"og:title\" content=\"Gazima\u011fusa Karpaz ana yolunda kaza! -\" \/>\n<meta property=\"og:description\" content=\"&nbsp; Polis Bas\u0131n Subayl\u0131\u011f\u0131ndan yap\u0131lan a\u00e7\u0131klamaya g\u00f6re, , Andre\u0131 Ozerny\u0131 (E-43), LB 962 plakal\u0131 salon ara\u00e7 ile Karpaz\u2019a do\u011fru seyretti\u011fi s\u0131rada, Bo\u011faz Otel \u00f6nlerinde dikkatsizli\u011fi sonucu direksiyon hakimiyetini kaybederek yolun sa\u011f\u0131na ge\u00e7ti ve o esnada Gazima\u011fusa\u2019ya do\u011fru seyreden Fatih Kalma (E-46) y\u00f6netimindeki LG 363 plakal\u0131 arac\u0131n sa\u011f \u00f6n k\u0131sm\u0131na \u00e7arpt\u0131. Kaza sonucu yaralanan Andre\u0131 Ozerny\u0131\" \/>\n<meta property=\"og:url\" content=\"https:\/\/kibrisdakik.com\/?p=39655\" \/>\n<meta property=\"article:published_time\" content=\"2024-04-24T11:54:50+00:00\" \/>\n<meta property=\"og:image\" content=\"https:\/\/kibrisdakik.com\/wp-content\/uploads\/2024\/04\/gazimagusa-karpaz-ana-yolunda-kaza-1713958949.webp.webp\" \/>\n\t<meta property=\"og:image:width\" content=\"710\" \/>\n\t<meta property=\"og:image:height\" content=\"370\" \/>\n\t<meta property=\"og:image:type\" content=\"image\/webp\" \/>\n<meta name=\"author\" content=\"admin\" \/>\n<meta name=\"twitter:card\" content=\"summary_large_image\" \/>\n<meta name=\"twitter:label1\" content=\"Yazan:\" \/>\n\t<meta name=\"twitter:data1\" content=\"admin\" \/>\n\t<meta name=\"twitter:label2\" content=\"Tahmini okuma s\u00fcresi\" \/>\n\t<meta name=\"twitter:data2\" content=\"1 dakika\" \/>\n<script type=\"application\/ld+json\" class=\"yoast-schema-graph\">{\"@context\":\"https:\\\/\\\/schema.org\",\"@graph\":[{\"@type\":\"Article\",\"@id\":\"https:\\\/\\\/kibrisdakik.com\\\/?p=39655#article\",\"isPartOf\":{\"@id\":\"https:\\\/\\\/kibrisdakik.com\\\/?p=39655\"},\"author\":{\"name\":\"admin\",\"@id\":\"https:\\\/\\\/kibrisdakik.com\\\/#\\\/schema\\\/person\\\/9cd9d437bbb44f72b73ba127e06d8e79\"},\"headline\":\"Gazima\u011fusa Karpaz ana yolunda kaza!\",\"datePublished\":\"2024-04-24T11:54:50+00:00\",\"mainEntityOfPage\":{\"@id\":\"https:\\\/\\\/kibrisdakik.com\\\/?p=39655\"},\"wordCount\":131,\"commentCount\":0,\"image\":{\"@id\":\"https:\\\/\\\/kibrisdakik.com\\\/?p=39655#primaryimage\"},\"thumbnailUrl\":\"https:\\\/\\\/kibrisdakik.com\\\/wp-content\\\/uploads\\\/2024\\\/04\\\/gazimagusa-karpaz-ana-yolunda-kaza-1713958949.webp.webp\",\"articleSection\":[\"Spor\"],\"inLanguage\":\"tr\",\"potentialAction\":[{\"@type\":\"CommentAction\",\"name\":\"Comment\",\"target\":[\"https:\\\/\\\/kibrisdakik.com\\\/?p=39655#respond\"]}]},{\"@type\":\"WebPage\",\"@id\":\"https:\\\/\\\/kibrisdakik.com\\\/?p=39655\",\"url\":\"https:\\\/\\\/kibrisdakik.com\\\/?p=39655\",\"name\":\"Gazima\u011fusa Karpaz ana yolunda kaza! -\",\"isPartOf\":{\"@id\":\"https:\\\/\\\/kibrisdakik.com\\\/#website\"},\"primaryImageOfPage\":{\"@id\":\"https:\\\/\\\/kibrisdakik.com\\\/?p=39655#primaryimage\"},\"image\":{\"@id\":\"https:\\\/\\\/kibrisdakik.com\\\/?p=39655#primaryimage\"},\"thumbnailUrl\":\"https:\\\/\\\/kibrisdakik.com\\\/wp-content\\\/uploads\\\/2024\\\/04\\\/gazimagusa-karpaz-ana-yolunda-kaza-1713958949.webp.webp\",\"datePublished\":\"2024-04-24T11:54:50+00:00\",\"author\":{\"@id\":\"https:\\\/\\\/kibrisdakik.com\\\/#\\\/schema\\\/person\\\/9cd9d437bbb44f72b73ba127e06d8e79\"},\"breadcrumb\":{\"@id\":\"https:\\\/\\\/kibrisdakik.com\\\/?p=39655#breadcrumb\"},\"inLanguage\":\"tr\",\"potentialAction\":[{\"@type\":\"ReadAction\",\"target\":[\"https:\\\/\\\/kibrisdakik.com\\\/?p=39655\"]}]},{\"@type\":\"ImageObject\",\"inLanguage\":\"tr\",\"@id\":\"https:\\\/\\\/kibrisdakik.com\\\/?p=39655#primaryimage\",\"url\":\"https:\\\/\\\/kibrisdakik.com\\\/wp-content\\\/uploads\\\/2024\\\/04\\\/gazimagusa-karpaz-ana-yolunda-kaza-1713958949.webp.webp\",\"contentUrl\":\"https:\\\/\\\/kibrisdakik.com\\\/wp-content\\\/uploads\\\/2024\\\/04\\\/gazimagusa-karpaz-ana-yolunda-kaza-1713958949.webp.webp\",\"width\":710,\"height\":370},{\"@type\":\"BreadcrumbList\",\"@id\":\"https:\\\/\\\/kibrisdakik.com\\\/?p=39655#breadcrumb\",\"itemListElement\":[{\"@type\":\"ListItem\",\"position\":1,\"name\":\"Home\",\"item\":\"https:\\\/\\\/kibrisdakik.com\\\/\"},{\"@type\":\"ListItem\",\"position\":2,\"name\":\"Gazima\u011fusa Karpaz ana yolunda kaza!\"}]},{\"@type\":\"WebSite\",\"@id\":\"https:\\\/\\\/kibrisdakik.com\\\/#website\",\"url\":\"https:\\\/\\\/kibrisdakik.com\\\/\",\"name\":\"\",\"description\":\"Tam vaktinde haber\",\"potentialAction\":[{\"@type\":\"SearchAction\",\"target\":{\"@type\":\"EntryPoint\",\"urlTemplate\":\"https:\\\/\\\/kibrisdakik.com\\\/?s={search_term_string}\"},\"query-input\":{\"@type\":\"PropertyValueSpecification\",\"valueRequired\":true,\"valueName\":\"search_term_string\"}}],\"inLanguage\":\"tr\"},{\"@type\":\"Person\",\"@id\":\"https:\\\/\\\/kibrisdakik.com\\\/#\\\/schema\\\/person\\\/9cd9d437bbb44f72b73ba127e06d8e79\",\"name\":\"admin\",\"image\":{\"@type\":\"ImageObject\",\"inLanguage\":\"tr\",\"@id\":\"https:\\\/\\\/secure.gravatar.com\\\/avatar\\\/ccc17943b9d660506c869530f897617f7cb1c21a4bf30023f252596d83e1f007?s=96&d=mm&r=g\",\"url\":\"https:\\\/\\\/secure.gravatar.com\\\/avatar\\\/ccc17943b9d660506c869530f897617f7cb1c21a4bf30023f252596d83e1f007?s=96&d=mm&r=g\",\"contentUrl\":\"https:\\\/\\\/secure.gravatar.com\\\/avatar\\\/ccc17943b9d660506c869530f897617f7cb1c21a4bf30023f252596d83e1f007?s=96&d=mm&r=g\",\"caption\":\"admin\"},\"sameAs\":[\"https:\\\/\\\/kibrisdakik.com\"],\"url\":\"https:\\\/\\\/kibrisdakik.com\\\/?author=1\"}]}<\/script>\n<!-- \/ Yoast SEO plugin. -->","yoast_head_json":{"title":"Gazima\u011fusa Karpaz ana yolunda kaza! -","robots":{"index":"index","follow":"follow","max-snippet":"max-snippet:-1","max-image-preview":"max-image-preview:large","max-video-preview":"max-video-preview:-1"},"canonical":"https:\/\/kibrisdakik.com\/?p=39655","og_locale":"tr_TR","og_type":"article","og_title":"Gazima\u011fusa Karpaz ana yolunda kaza! -","og_description":"&nbsp; Polis Bas\u0131n Subayl\u0131\u011f\u0131ndan yap\u0131lan a\u00e7\u0131klamaya g\u00f6re, , Andre\u0131 Ozerny\u0131 (E-43), LB 962 plakal\u0131 salon ara\u00e7 ile Karpaz\u2019a do\u011fru seyretti\u011fi s\u0131rada, Bo\u011faz Otel \u00f6nlerinde dikkatsizli\u011fi sonucu direksiyon hakimiyetini kaybederek yolun sa\u011f\u0131na ge\u00e7ti ve o esnada Gazima\u011fusa\u2019ya do\u011fru seyreden Fatih Kalma (E-46) y\u00f6netimindeki LG 363 plakal\u0131 arac\u0131n sa\u011f \u00f6n k\u0131sm\u0131na \u00e7arpt\u0131. Kaza sonucu yaralanan Andre\u0131 Ozerny\u0131","og_url":"https:\/\/kibrisdakik.com\/?p=39655","article_published_time":"2024-04-24T11:54:50+00:00","og_image":[{"width":710,"height":370,"url":"https:\/\/kibrisdakik.com\/wp-content\/uploads\/2024\/04\/gazimagusa-karpaz-ana-yolunda-kaza-1713958949.webp.webp","type":"image\/webp"}],"author":"admin","twitter_card":"summary_large_image","twitter_misc":{"Yazan:":"admin","Tahmini okuma s\u00fcresi":"1 dakika"},"schema":{"@context":"https:\/\/schema.org","@graph":[{"@type":"Article","@id":"https:\/\/kibrisdakik.com\/?p=39655#article","isPartOf":{"@id":"https:\/\/kibrisdakik.com\/?p=39655"},"author":{"name":"admin","@id":"https:\/\/kibrisdakik.com\/#\/schema\/person\/9cd9d437bbb44f72b73ba127e06d8e79"},"headline":"Gazima\u011fusa Karpaz ana yolunda kaza!","datePublished":"2024-04-24T11:54:50+00:00","mainEntityOfPage":{"@id":"https:\/\/kibrisdakik.com\/?p=39655"},"wordCount":131,"commentCount":0,"image":{"@id":"https:\/\/kibrisdakik.com\/?p=39655#primaryimage"},"thumbnailUrl":"https:\/\/kibrisdakik.com\/wp-content\/uploads\/2024\/04\/gazimagusa-karpaz-ana-yolunda-kaza-1713958949.webp.webp","articleSection":["Spor"],"inLanguage":"tr","potentialAction":[{"@type":"CommentAction","name":"Comment","target":["https:\/\/kibrisdakik.com\/?p=39655#respond"]}]},{"@type":"WebPage","@id":"https:\/\/kibrisdakik.com\/?p=39655","url":"https:\/\/kibrisdakik.com\/?p=39655","name":"Gazima\u011fusa Karpaz ana yolunda kaza! -","isPartOf":{"@id":"https:\/\/kibrisdakik.com\/#website"},"primaryImageOfPage":{"@id":"https:\/\/kibrisdakik.com\/?p=39655#primaryimage"},"image":{"@id":"https:\/\/kibrisdakik.com\/?p=39655#primaryimage"},"thumbnailUrl":"https:\/\/kibrisdakik.com\/wp-content\/uploads\/2024\/04\/gazimagusa-karpaz-ana-yolunda-kaza-1713958949.webp.webp","datePublished":"2024-04-24T11:54:50+00:00","author":{"@id":"https:\/\/kibrisdakik.com\/#\/schema\/person\/9cd9d437bbb44f72b73ba127e06d8e79"},"breadcrumb":{"@id":"https:\/\/kibrisdakik.com\/?p=39655#breadcrumb"},"inLanguage":"tr","potentialAction":[{"@type":"ReadAction","target":["https:\/\/kibrisdakik.com\/?p=39655"]}]},{"@type":"ImageObject","inLanguage":"tr","@id":"https:\/\/kibrisdakik.com\/?p=39655#primaryimage","url":"https:\/\/kibrisdakik.com\/wp-content\/uploads\/2024\/04\/gazimagusa-karpaz-ana-yolunda-kaza-1713958949.webp.webp","contentUrl":"https:\/\/kibrisdakik.com\/wp-content\/uploads\/2024\/04\/gazimagusa-karpaz-ana-yolunda-kaza-1713958949.webp.webp","width":710,"height":370},{"@type":"BreadcrumbList","@id":"https:\/\/kibrisdakik.com\/?p=39655#breadcrumb","itemListElement":[{"@type":"ListItem","position":1,"name":"Home","item":"https:\/\/kibrisdakik.com\/"},{"@type":"ListItem","position":2,"name":"Gazima\u011fusa Karpaz ana yolunda kaza!"}]},{"@type":"WebSite","@id":"https:\/\/kibrisdakik.com\/#website","url":"https:\/\/kibrisdakik.com\/","name":"","description":"Tam vaktinde haber","potentialAction":[{"@type":"SearchAction","target":{"@type":"EntryPoint","urlTemplate":"https:\/\/kibrisdakik.com\/?s={search_term_string}"},"query-input":{"@type":"PropertyValueSpecification","valueRequired":true,"valueName":"search_term_string"}}],"inLanguage":"tr"},{"@type":"Person","@id":"https:\/\/kibrisdakik.com\/#\/schema\/person\/9cd9d437bbb44f72b73ba127e06d8e79","name":"admin","image":{"@type":"ImageObject","inLanguage":"tr","@id":"https:\/\/secure.gravatar.com\/avatar\/ccc17943b9d660506c869530f897617f7cb1c21a4bf30023f252596d83e1f007?s=96&d=mm&r=g","url":"https:\/\/secure.gravatar.com\/avatar\/ccc17943b9d660506c869530f897617f7cb1c21a4bf30023f252596d83e1f007?s=96&d=mm&r=g","contentUrl":"https:\/\/secure.gravatar.com\/avatar\/ccc17943b9d660506c869530f897617f7cb1c21a4bf30023f252596d83e1f007?s=96&d=mm&r=g","caption":"admin"},"sameAs":["https:\/\/kibrisdakik.com"],"url":"https:\/\/kibrisdakik.com\/?author=1"}]}},"_links":{"self":[{"href":"https:\/\/kibrisdakik.com\/index.php?rest_route=\/wp\/v2\/posts\/39655","targetHints":{"allow":["GET"]}}],"collection":[{"href":"https:\/\/kibrisdakik.com\/index.php?rest_route=\/wp\/v2\/posts"}],"about":[{"href":"https:\/\/kibrisdakik.com\/index.php?rest_route=\/wp\/v2\/types\/post"}],"author":[{"embeddable":true,"href":"https:\/\/kibrisdakik.com\/index.php?rest_route=\/wp\/v2\/users\/1"}],"replies":[{"embeddable":true,"href":"https:\/\/kibrisdakik.com\/index.php?rest_route=%2Fwp%2Fv2%2Fcomments&post=39655"}],"version-history":[{"count":0,"href":"https:\/\/kibrisdakik.com\/index.php?rest_route=\/wp\/v2\/posts\/39655\/revisions"}],"wp:featuredmedia":[{"embeddable":true,"href":"https:\/\/kibrisdakik.com\/index.php?rest_route=\/wp\/v2\/media\/39656"}],"wp:attachment":[{"href":"https:\/\/kibrisdakik.com\/index.php?rest_route=%2Fwp%2Fv2%2Fmedia&parent=39655"}],"wp:term":[{"taxonomy":"category","embeddable":true,"href":"https:\/\/kibrisdakik.com\/index.php?rest_route=%2Fwp%2Fv2%2Fcategories&post=39655"},{"taxonomy":"post_tag","embeddable":true,"href":"https:\/\/kibrisdakik.com\/index.php?rest_route=%2Fwp%2Fv2%2Ftags&post=39655"}],"curies":[{"name":"wp","href":"https:\/\/api.w.org\/{rel}","templated":true}]}}