{"id":39670,"date":"2024-04-24T13:56:58","date_gmt":"2024-04-24T13:56:58","guid":{"rendered":"https:\/\/kibrisdakik.com\/index.php\/2024\/04\/24\/hava-sicakligi-39-dereceye-kadar-yukselecek\/"},"modified":"2024-04-24T13:56:58","modified_gmt":"2024-04-24T13:56:58","slug":"hava-sicakligi-39-dereceye-kadar-yukselecek","status":"publish","type":"post","link":"https:\/\/kibrisdakik.com\/?p=39670","title":{"rendered":"Hava s\u0131cakl\u0131\u011f\u0131 39 dereceye kadar y\u00fckselecek"},"content":{"rendered":"<p><img decoding=\"async\" src=\"https:\/\/www.kibristurk.com\/images\/haberler\/2024\/04\/hava-sicakligi-39-dereceye-kadar-yukselecek-1713966223.webp\" \/><\/p>\n<p style=\"text-align:left\"><span style=\"font-size:16px\"><span style=\"font-family:Merriweather,serif !important\"><span style=\"color:#000000\"><span style=\"background-color:#ffffff\"><span style=\"font-size:16px !important\"><span style=\"font-family:Merriweather,serif !important\"><span style=\"color:#000000 !important\">Meteoroloji Dairesi&#8217;nden verilen bilgiye g\u00f6re, 25 Nisan \u2013 1 May\u0131s tarihleri aras\u0131nda b\u00f6lge, al\u00e7ak bas\u0131n\u00e7 sistemi ile s\u0131cak ve nemli hava k\u00fctlesinin etkisi alt\u0131nda kalacak. Hava, par\u00e7al\u0131 ve \u00e7ok bulutlu olacak.<\/span><\/span><\/span><\/span><\/span><\/span><\/span><\/p>\n<p style=\"text-align:left\"><span style=\"font-size:16px\"><span style=\"font-family:Merriweather,serif !important\"><span style=\"color:#000000\"><span style=\"background-color:#ffffff\"><span style=\"font-size:16px !important\"><span style=\"font-family:Merriweather,serif !important\"><span style=\"color:#000000 !important\">En y\u00fcksek hava s\u0131cakl\u0131\u011f\u0131 yar\u0131n&nbsp; ve cuma g\u00fcn\u00fc&nbsp; i\u00e7 kesimlerde 36 &#8211; 39 \u00baC, sahillerde 30 &#8211; 33 \u00baC, di\u011fer g\u00fcnlerde ise i\u00e7 kesimlerde 31 &#8211; 34 \u00baC ve sahillerde 26 &#8211; 29 \u00baC dolaylar\u0131nda seyredecek.<\/span><\/span><\/span><\/span><\/span><\/span><\/span><\/p>\n<p style=\"text-align:left\"><span style=\"font-size:16px\"><span style=\"font-family:Merriweather,serif !important\"><span style=\"color:#000000\"><span style=\"background-color:#ffffff\"><span style=\"font-size:16px !important\"><span style=\"font-family:Merriweather,serif !important\"><span style=\"color:#000000 !important\">R\u00fczgar periyodun ilk iki g\u00fcn\u00fc Kuzeyli y\u00f6nlerden orta kuvvette zaman zaman kuvvetli, di\u011fer g\u00fcnlerde ise Kuzey ve Bat\u0131 y\u00f6nlerden orta kuvvette esecek.<\/span><\/span><\/span><\/span><\/span><\/span><\/span><\/p>\n","protected":false},"excerpt":{"rendered":"<p>Meteoroloji Dairesi&#8217;nden verilen bilgiye g\u00f6re, 25 Nisan \u2013 1 May\u0131s tarihleri aras\u0131nda b\u00f6lge, al\u00e7ak bas\u0131n\u00e7 sistemi ile s\u0131cak ve nemli hava k\u00fctlesinin etkisi alt\u0131nda kalacak. Hava, par\u00e7al\u0131 ve \u00e7ok bulutlu olacak. En y\u00fcksek hava s\u0131cakl\u0131\u011f\u0131 yar\u0131n&nbsp; ve cuma g\u00fcn\u00fc&nbsp; i\u00e7 kesimlerde 36 &#8211; 39 \u00baC, sahillerde 30 &#8211; 33 \u00baC, di\u011fer g\u00fcnlerde ise i\u00e7 kesimlerde<\/p>\n","protected":false},"author":1,"featured_media":39671,"comment_status":"open","ping_status":"open","sticky":false,"template":"","format":"standard","meta":{"footnotes":""},"categories":[85],"tags":[],"class_list":["post-39670","post","type-post","status-publish","format-standard","has-post-thumbnail","hentry","category-spor"],"yoast_head":"<!-- This site is optimized with the Yoast SEO plugin v27.5 - https:\/\/yoast.com\/product\/yoast-seo-wordpress\/ -->\n<title>Hava s\u0131cakl\u0131\u011f\u0131 39 dereceye kadar y\u00fckselecek -<\/title>\n<meta name=\"robots\" content=\"index, follow, max-snippet:-1, max-image-preview:large, max-video-preview:-1\" \/>\n<link rel=\"canonical\" href=\"https:\/\/kibrisdakik.com\/?p=39670\" \/>\n<meta property=\"og:locale\" content=\"tr_TR\" \/>\n<meta property=\"og:type\" content=\"article\" \/>\n<meta property=\"og:title\" content=\"Hava s\u0131cakl\u0131\u011f\u0131 39 dereceye kadar y\u00fckselecek -\" \/>\n<meta property=\"og:description\" content=\"Meteoroloji Dairesi&#8217;nden verilen bilgiye g\u00f6re, 25 Nisan \u2013 1 May\u0131s tarihleri aras\u0131nda b\u00f6lge, al\u00e7ak bas\u0131n\u00e7 sistemi ile s\u0131cak ve nemli hava k\u00fctlesinin etkisi alt\u0131nda kalacak. Hava, par\u00e7al\u0131 ve \u00e7ok bulutlu olacak. En y\u00fcksek hava s\u0131cakl\u0131\u011f\u0131 yar\u0131n&nbsp; ve cuma g\u00fcn\u00fc&nbsp; i\u00e7 kesimlerde 36 &#8211; 39 \u00baC, sahillerde 30 &#8211; 33 \u00baC, di\u011fer g\u00fcnlerde ise i\u00e7 kesimlerde\" \/>\n<meta property=\"og:url\" content=\"https:\/\/kibrisdakik.com\/?p=39670\" \/>\n<meta property=\"article:published_time\" content=\"2024-04-24T13:56:58+00:00\" \/>\n<meta property=\"og:image\" content=\"https:\/\/kibrisdakik.com\/wp-content\/uploads\/2024\/04\/hava-sicakligi-39-dereceye-kadar-yukselecek-1713966223.webp.webp\" \/>\n\t<meta property=\"og:image:width\" content=\"710\" \/>\n\t<meta property=\"og:image:height\" content=\"370\" \/>\n\t<meta property=\"og:image:type\" content=\"image\/webp\" \/>\n<meta name=\"author\" content=\"admin\" \/>\n<meta name=\"twitter:card\" content=\"summary_large_image\" \/>\n<meta name=\"twitter:label1\" content=\"Yazan:\" \/>\n\t<meta name=\"twitter:data1\" content=\"admin\" \/>\n\t<meta name=\"twitter:label2\" content=\"Tahmini okuma s\u00fcresi\" \/>\n\t<meta name=\"twitter:data2\" content=\"1 dakika\" \/>\n<script type=\"application\/ld+json\" class=\"yoast-schema-graph\">{\"@context\":\"https:\\\/\\\/schema.org\",\"@graph\":[{\"@type\":\"Article\",\"@id\":\"https:\\\/\\\/kibrisdakik.com\\\/?p=39670#article\",\"isPartOf\":{\"@id\":\"https:\\\/\\\/kibrisdakik.com\\\/?p=39670\"},\"author\":{\"name\":\"admin\",\"@id\":\"https:\\\/\\\/kibrisdakik.com\\\/#\\\/schema\\\/person\\\/9cd9d437bbb44f72b73ba127e06d8e79\"},\"headline\":\"Hava s\u0131cakl\u0131\u011f\u0131 39 dereceye kadar y\u00fckselecek\",\"datePublished\":\"2024-04-24T13:56:58+00:00\",\"mainEntityOfPage\":{\"@id\":\"https:\\\/\\\/kibrisdakik.com\\\/?p=39670\"},\"wordCount\":110,\"commentCount\":0,\"image\":{\"@id\":\"https:\\\/\\\/kibrisdakik.com\\\/?p=39670#primaryimage\"},\"thumbnailUrl\":\"https:\\\/\\\/kibrisdakik.com\\\/wp-content\\\/uploads\\\/2024\\\/04\\\/hava-sicakligi-39-dereceye-kadar-yukselecek-1713966223.webp.webp\",\"articleSection\":[\"Spor\"],\"inLanguage\":\"tr\",\"potentialAction\":[{\"@type\":\"CommentAction\",\"name\":\"Comment\",\"target\":[\"https:\\\/\\\/kibrisdakik.com\\\/?p=39670#respond\"]}]},{\"@type\":\"WebPage\",\"@id\":\"https:\\\/\\\/kibrisdakik.com\\\/?p=39670\",\"url\":\"https:\\\/\\\/kibrisdakik.com\\\/?p=39670\",\"name\":\"Hava s\u0131cakl\u0131\u011f\u0131 39 dereceye kadar y\u00fckselecek -\",\"isPartOf\":{\"@id\":\"https:\\\/\\\/kibrisdakik.com\\\/#website\"},\"primaryImageOfPage\":{\"@id\":\"https:\\\/\\\/kibrisdakik.com\\\/?p=39670#primaryimage\"},\"image\":{\"@id\":\"https:\\\/\\\/kibrisdakik.com\\\/?p=39670#primaryimage\"},\"thumbnailUrl\":\"https:\\\/\\\/kibrisdakik.com\\\/wp-content\\\/uploads\\\/2024\\\/04\\\/hava-sicakligi-39-dereceye-kadar-yukselecek-1713966223.webp.webp\",\"datePublished\":\"2024-04-24T13:56:58+00:00\",\"author\":{\"@id\":\"https:\\\/\\\/kibrisdakik.com\\\/#\\\/schema\\\/person\\\/9cd9d437bbb44f72b73ba127e06d8e79\"},\"breadcrumb\":{\"@id\":\"https:\\\/\\\/kibrisdakik.com\\\/?p=39670#breadcrumb\"},\"inLanguage\":\"tr\",\"potentialAction\":[{\"@type\":\"ReadAction\",\"target\":[\"https:\\\/\\\/kibrisdakik.com\\\/?p=39670\"]}]},{\"@type\":\"ImageObject\",\"inLanguage\":\"tr\",\"@id\":\"https:\\\/\\\/kibrisdakik.com\\\/?p=39670#primaryimage\",\"url\":\"https:\\\/\\\/kibrisdakik.com\\\/wp-content\\\/uploads\\\/2024\\\/04\\\/hava-sicakligi-39-dereceye-kadar-yukselecek-1713966223.webp.webp\",\"contentUrl\":\"https:\\\/\\\/kibrisdakik.com\\\/wp-content\\\/uploads\\\/2024\\\/04\\\/hava-sicakligi-39-dereceye-kadar-yukselecek-1713966223.webp.webp\",\"width\":710,\"height\":370},{\"@type\":\"BreadcrumbList\",\"@id\":\"https:\\\/\\\/kibrisdakik.com\\\/?p=39670#breadcrumb\",\"itemListElement\":[{\"@type\":\"ListItem\",\"position\":1,\"name\":\"Home\",\"item\":\"https:\\\/\\\/kibrisdakik.com\\\/\"},{\"@type\":\"ListItem\",\"position\":2,\"name\":\"Hava s\u0131cakl\u0131\u011f\u0131 39 dereceye kadar y\u00fckselecek\"}]},{\"@type\":\"WebSite\",\"@id\":\"https:\\\/\\\/kibrisdakik.com\\\/#website\",\"url\":\"https:\\\/\\\/kibrisdakik.com\\\/\",\"name\":\"\",\"description\":\"Tam vaktinde haber\",\"potentialAction\":[{\"@type\":\"SearchAction\",\"target\":{\"@type\":\"EntryPoint\",\"urlTemplate\":\"https:\\\/\\\/kibrisdakik.com\\\/?s={search_term_string}\"},\"query-input\":{\"@type\":\"PropertyValueSpecification\",\"valueRequired\":true,\"valueName\":\"search_term_string\"}}],\"inLanguage\":\"tr\"},{\"@type\":\"Person\",\"@id\":\"https:\\\/\\\/kibrisdakik.com\\\/#\\\/schema\\\/person\\\/9cd9d437bbb44f72b73ba127e06d8e79\",\"name\":\"admin\",\"image\":{\"@type\":\"ImageObject\",\"inLanguage\":\"tr\",\"@id\":\"https:\\\/\\\/secure.gravatar.com\\\/avatar\\\/ccc17943b9d660506c869530f897617f7cb1c21a4bf30023f252596d83e1f007?s=96&d=mm&r=g\",\"url\":\"https:\\\/\\\/secure.gravatar.com\\\/avatar\\\/ccc17943b9d660506c869530f897617f7cb1c21a4bf30023f252596d83e1f007?s=96&d=mm&r=g\",\"contentUrl\":\"https:\\\/\\\/secure.gravatar.com\\\/avatar\\\/ccc17943b9d660506c869530f897617f7cb1c21a4bf30023f252596d83e1f007?s=96&d=mm&r=g\",\"caption\":\"admin\"},\"sameAs\":[\"https:\\\/\\\/kibrisdakik.com\"],\"url\":\"https:\\\/\\\/kibrisdakik.com\\\/?author=1\"}]}<\/script>\n<!-- \/ Yoast SEO plugin. -->","yoast_head_json":{"title":"Hava s\u0131cakl\u0131\u011f\u0131 39 dereceye kadar y\u00fckselecek -","robots":{"index":"index","follow":"follow","max-snippet":"max-snippet:-1","max-image-preview":"max-image-preview:large","max-video-preview":"max-video-preview:-1"},"canonical":"https:\/\/kibrisdakik.com\/?p=39670","og_locale":"tr_TR","og_type":"article","og_title":"Hava s\u0131cakl\u0131\u011f\u0131 39 dereceye kadar y\u00fckselecek -","og_description":"Meteoroloji Dairesi&#8217;nden verilen bilgiye g\u00f6re, 25 Nisan \u2013 1 May\u0131s tarihleri aras\u0131nda b\u00f6lge, al\u00e7ak bas\u0131n\u00e7 sistemi ile s\u0131cak ve nemli hava k\u00fctlesinin etkisi alt\u0131nda kalacak. Hava, par\u00e7al\u0131 ve \u00e7ok bulutlu olacak. En y\u00fcksek hava s\u0131cakl\u0131\u011f\u0131 yar\u0131n&nbsp; ve cuma g\u00fcn\u00fc&nbsp; i\u00e7 kesimlerde 36 &#8211; 39 \u00baC, sahillerde 30 &#8211; 33 \u00baC, di\u011fer g\u00fcnlerde ise i\u00e7 kesimlerde","og_url":"https:\/\/kibrisdakik.com\/?p=39670","article_published_time":"2024-04-24T13:56:58+00:00","og_image":[{"width":710,"height":370,"url":"https:\/\/kibrisdakik.com\/wp-content\/uploads\/2024\/04\/hava-sicakligi-39-dereceye-kadar-yukselecek-1713966223.webp.webp","type":"image\/webp"}],"author":"admin","twitter_card":"summary_large_image","twitter_misc":{"Yazan:":"admin","Tahmini okuma s\u00fcresi":"1 dakika"},"schema":{"@context":"https:\/\/schema.org","@graph":[{"@type":"Article","@id":"https:\/\/kibrisdakik.com\/?p=39670#article","isPartOf":{"@id":"https:\/\/kibrisdakik.com\/?p=39670"},"author":{"name":"admin","@id":"https:\/\/kibrisdakik.com\/#\/schema\/person\/9cd9d437bbb44f72b73ba127e06d8e79"},"headline":"Hava s\u0131cakl\u0131\u011f\u0131 39 dereceye kadar y\u00fckselecek","datePublished":"2024-04-24T13:56:58+00:00","mainEntityOfPage":{"@id":"https:\/\/kibrisdakik.com\/?p=39670"},"wordCount":110,"commentCount":0,"image":{"@id":"https:\/\/kibrisdakik.com\/?p=39670#primaryimage"},"thumbnailUrl":"https:\/\/kibrisdakik.com\/wp-content\/uploads\/2024\/04\/hava-sicakligi-39-dereceye-kadar-yukselecek-1713966223.webp.webp","articleSection":["Spor"],"inLanguage":"tr","potentialAction":[{"@type":"CommentAction","name":"Comment","target":["https:\/\/kibrisdakik.com\/?p=39670#respond"]}]},{"@type":"WebPage","@id":"https:\/\/kibrisdakik.com\/?p=39670","url":"https:\/\/kibrisdakik.com\/?p=39670","name":"Hava s\u0131cakl\u0131\u011f\u0131 39 dereceye kadar y\u00fckselecek -","isPartOf":{"@id":"https:\/\/kibrisdakik.com\/#website"},"primaryImageOfPage":{"@id":"https:\/\/kibrisdakik.com\/?p=39670#primaryimage"},"image":{"@id":"https:\/\/kibrisdakik.com\/?p=39670#primaryimage"},"thumbnailUrl":"https:\/\/kibrisdakik.com\/wp-content\/uploads\/2024\/04\/hava-sicakligi-39-dereceye-kadar-yukselecek-1713966223.webp.webp","datePublished":"2024-04-24T13:56:58+00:00","author":{"@id":"https:\/\/kibrisdakik.com\/#\/schema\/person\/9cd9d437bbb44f72b73ba127e06d8e79"},"breadcrumb":{"@id":"https:\/\/kibrisdakik.com\/?p=39670#breadcrumb"},"inLanguage":"tr","potentialAction":[{"@type":"ReadAction","target":["https:\/\/kibrisdakik.com\/?p=39670"]}]},{"@type":"ImageObject","inLanguage":"tr","@id":"https:\/\/kibrisdakik.com\/?p=39670#primaryimage","url":"https:\/\/kibrisdakik.com\/wp-content\/uploads\/2024\/04\/hava-sicakligi-39-dereceye-kadar-yukselecek-1713966223.webp.webp","contentUrl":"https:\/\/kibrisdakik.com\/wp-content\/uploads\/2024\/04\/hava-sicakligi-39-dereceye-kadar-yukselecek-1713966223.webp.webp","width":710,"height":370},{"@type":"BreadcrumbList","@id":"https:\/\/kibrisdakik.com\/?p=39670#breadcrumb","itemListElement":[{"@type":"ListItem","position":1,"name":"Home","item":"https:\/\/kibrisdakik.com\/"},{"@type":"ListItem","position":2,"name":"Hava s\u0131cakl\u0131\u011f\u0131 39 dereceye kadar y\u00fckselecek"}]},{"@type":"WebSite","@id":"https:\/\/kibrisdakik.com\/#website","url":"https:\/\/kibrisdakik.com\/","name":"","description":"Tam vaktinde haber","potentialAction":[{"@type":"SearchAction","target":{"@type":"EntryPoint","urlTemplate":"https:\/\/kibrisdakik.com\/?s={search_term_string}"},"query-input":{"@type":"PropertyValueSpecification","valueRequired":true,"valueName":"search_term_string"}}],"inLanguage":"tr"},{"@type":"Person","@id":"https:\/\/kibrisdakik.com\/#\/schema\/person\/9cd9d437bbb44f72b73ba127e06d8e79","name":"admin","image":{"@type":"ImageObject","inLanguage":"tr","@id":"https:\/\/secure.gravatar.com\/avatar\/ccc17943b9d660506c869530f897617f7cb1c21a4bf30023f252596d83e1f007?s=96&d=mm&r=g","url":"https:\/\/secure.gravatar.com\/avatar\/ccc17943b9d660506c869530f897617f7cb1c21a4bf30023f252596d83e1f007?s=96&d=mm&r=g","contentUrl":"https:\/\/secure.gravatar.com\/avatar\/ccc17943b9d660506c869530f897617f7cb1c21a4bf30023f252596d83e1f007?s=96&d=mm&r=g","caption":"admin"},"sameAs":["https:\/\/kibrisdakik.com"],"url":"https:\/\/kibrisdakik.com\/?author=1"}]}},"_links":{"self":[{"href":"https:\/\/kibrisdakik.com\/index.php?rest_route=\/wp\/v2\/posts\/39670","targetHints":{"allow":["GET"]}}],"collection":[{"href":"https:\/\/kibrisdakik.com\/index.php?rest_route=\/wp\/v2\/posts"}],"about":[{"href":"https:\/\/kibrisdakik.com\/index.php?rest_route=\/wp\/v2\/types\/post"}],"author":[{"embeddable":true,"href":"https:\/\/kibrisdakik.com\/index.php?rest_route=\/wp\/v2\/users\/1"}],"replies":[{"embeddable":true,"href":"https:\/\/kibrisdakik.com\/index.php?rest_route=%2Fwp%2Fv2%2Fcomments&post=39670"}],"version-history":[{"count":0,"href":"https:\/\/kibrisdakik.com\/index.php?rest_route=\/wp\/v2\/posts\/39670\/revisions"}],"wp:featuredmedia":[{"embeddable":true,"href":"https:\/\/kibrisdakik.com\/index.php?rest_route=\/wp\/v2\/media\/39671"}],"wp:attachment":[{"href":"https:\/\/kibrisdakik.com\/index.php?rest_route=%2Fwp%2Fv2%2Fmedia&parent=39670"}],"wp:term":[{"taxonomy":"category","embeddable":true,"href":"https:\/\/kibrisdakik.com\/index.php?rest_route=%2Fwp%2Fv2%2Fcategories&post=39670"},{"taxonomy":"post_tag","embeddable":true,"href":"https:\/\/kibrisdakik.com\/index.php?rest_route=%2Fwp%2Fv2%2Ftags&post=39670"}],"curies":[{"name":"wp","href":"https:\/\/api.w.org\/{rel}","templated":true}]}}